{"id":65834,"date":"2019-08-20T12:36:04","date_gmt":"2019-08-20T19:36:04","guid":{"rendered":"https:\/\/www.sonoraenequipo.com.mx\/?p=65834"},"modified":"2019-08-20T12:36:04","modified_gmt":"2019-08-20T19:36:04","slug":"sigue-pleito-batres-monreal","status":"publish","type":"post","link":"https:\/\/www.sonoraenequipo.com.mx\/sigue-pleito-batres-monreal\/","title":{"rendered":"Sigue pleito Batres Monreal"},"content":{"rendered":"<p>CIUDAD DE M\u00c9XICO.- Sumarse a Morena \u2018es un llamado c\u00ednico\u2019: Batres a Monreal<\/p>\n<p>Mart\u00ed Batres Guadarrama, consider\u00f3 c\u00ednico el llamado del coordinador de la bancada de Morena, Ricardo Monreal \u00c1vila, a sumarse a ese grupo parlamentario luego de la elecci\u00f3n en la que M\u00f3nica Fern\u00e1ndez Balboa result\u00f3 electa presidenta en una pol\u00e9mica elecci\u00f3n.<\/p>\n<p> <\/p>\n<p>El presidente del Senado, Mart\u00ed Batres Guadarrama, consider\u00f3 c\u00ednico el llamado del coordinador de la bancada de Morena, Ricardo Monreal \u00c1vila, a sumarse a ese grupo parlamentario luego de la elecci\u00f3n en la que M\u00f3nica Fern\u00e1ndez Balboa, de esa fuerza pol\u00edtica, fue designada como nueva titular de la Mesa Directiva.<\/p>\n<p>Me parece que es un llamado c\u00ednico del senador Monreal, porque lo que hace es sacarme del espacio donde estoy participando, y luego me hace un llamado a involucrarme en el trabajo del grupo parlamentario, pues es absurdo, si \u00e9l me est\u00e1 sacando de la instancia que corresponde, donde est\u00e1 mi trabajo pol\u00edtico, mi trabajo parlamentario\u00bb, asever\u00f3 en entrevista con Notimex.<\/p>\n<p>Es como si sac\u00e1ramos a un presidente de una comisi\u00f3n y luego le decimos \u00b4incorp\u00f3rate, vente, \u00fanete al trabajo\u00b4, es un llamado completamente c\u00ednico el que hace el senador Monreal\u201d, insisti\u00f3.<\/p>\n<p>De acuerdo con Batres Guadarrama, este procedimiento representa un abuso de poder, fundamentado en una obsesi\u00f3n y ambici\u00f3n sin l\u00edmite.<\/p>\n<p>\u2018Soy de Morena y voy a seguir en Morena\u2019: Mart\u00ed Batres.<\/p>\n<p>La elecci\u00f3n en la que se eligi\u00f3 a Fern\u00e1ndez Balboa como pr\u00f3xima presidenta de la Mesa Directiva para el Segundo a\u00f1o de la LXIV Legislatura, representa una traici\u00f3n a los postulados de Morena, adem\u00e1s de ser fraudulenta, donde se metieron \u00abcachirules\u00bb, al permitir que integrantes de la bancada del partido Encuentro Social participaran, lo que sin duda distorsion\u00f3 el resultado, pues de otra manera, asegur\u00f3 que \u00e9l hubiera ganado esa elecci\u00f3n.<\/p>\n<p>El ejercicio electoral que se hizo este lunes fue viciado por las trampas de Ricardo Monreal, y el resultado de la elecci\u00f3n es un resultado fraudulento\u201d, acus\u00f3.<\/p>\n<p>Con acciones de esa \u00edndole, asever\u00f3, naturalmente \u00abse traicionan los ideales de Morena, porque Morena naci\u00f3 para luchar contra el fraude electoral, y lo que hoy vivimos fue una maniobra electoral interna\u201d.<\/p>\n<p>Batres Guadarrama resalt\u00f3 que seguir\u00e1 trabajando por la transformaci\u00f3n de M\u00e9xico, asegur\u00f3 que apoyar\u00e1 la agenda legislativa que impulse el presidente Andr\u00e9s Manuel L\u00f3pez Obrador, la agenda de reformas que impulse la sociedad mexicana, as\u00ed como las agendas de reforma que se deriven de los principios de Morena.<\/p>\n<p>El presidente de la Mesa Directiva, que ocupar\u00eda el cargo hasta el pr\u00f3ximo 31 de agosto cuando se vote en el pleno del Senado la propuesta de M\u00f3nica Fern\u00e1ndez, se\u00f1al\u00f3 que no abordar\u00e1 el tema con el Ejecutivo federal, debido a que es un tema interno de partido.<\/p>\n<p>Mart\u00ed Batres reiter\u00f3 que este tipo de procesos viciados y fraudulentos afecta la vida de la bancada, se proyecta una imagen de divisi\u00f3n, de fractura y se afecta la imagen de Morena.<\/p>\n<p>Se pretende retroceso, se quiere regresar a las \u00e9pocas del pensamiento \u00fanico, en el control del \u00f3rgano legislativo por un solo individuo. Por todos lados que lo veamos es ominoso, es un retroceso, entonces, naturalmente debe haber una impugnaci\u00f3n y una cr\u00edtica al respecto\u201d, concluy\u00f3.<\/p>\n<p>Respecto al proceso interno de Morena, el senador Batres se\u00f1al\u00f3 que no opinar\u00eda sobre ese tema.<\/p>\n<p>Fecha de publicaci\u00f3n 20\/08\/2019 \u00a0(Excelsior) (FOTO: Cuartoscuro)<\/p>\n","protected":false},"excerpt":{"rendered":"<p>CIUDAD DE M\u00c9XICO.- Sumarse a Morena \u2018es un llamado c\u00ednico\u2019: Batres a Monreal Mart\u00ed Batres&#8230;<\/p>\n","protected":false},"author":178,"featured_media":65835,"comment_status":"open","ping_status":"open","sticky":false,"template":"","format":"standard","meta":{"_monsterinsights_skip_tracking":false,"_monsterinsights_sitenote_active":false,"_monsterinsights_sitenote_note":"","_monsterinsights_sitenote_category":0,"footnotes":""},"categories":[5],"tags":[3247,3394],"class_list":["post"],"yoast_head":" \n<title>Sonora en Equipo. Sigue pleito Batres Monreal Rep\u00fablica<\/title>\n<meta name=\"description\" content=\"CIUDAD DE M\u00c9XICO.- Sumarse a Morena \u2018es un llamado c\u00ednico\u2019: Batres a Monreal Mart\u00ed Batres Guadarrama, consider\u00f3 c\u00ednico el llamado del coordinador de la En Sonora en Equipo publicamos toda la informaci\u00f3n de Sonora, M\u00e9xico y el Mundo de manera oportuna y busca que la libertad de expresi\u00f3n sea real. Visita nuestro medio informativo publicado desde Hermosillo, Sonora. %\" \/>\n<meta name=\"robots\" content=\"index, follow, max-snippet:-1, max-image-preview:large, max-video-preview:-1\" \/>\n<link rel=\"canonical\" href=\"https:\/\/www.sonoraenequipo.com.mx\/sigue-pleito-batres-monreal\/\" \/>\n<meta property=\"og:locale\" content=\"es_ES\" \/>\n<meta property=\"og:type\" content=\"article\" \/>\n<meta property=\"og:title\" content=\"Sonora en Equipo. Sigue pleito Batres Monreal Rep\u00fablica\" \/>\n<meta property=\"og:description\" content=\"CIUDAD DE M\u00c9XICO.- Sumarse a Morena \u2018es un llamado c\u00ednico\u2019: Batres a Monreal Mart\u00ed Batres Guadarrama, consider\u00f3 c\u00ednico el llamado del coordinador de la En Sonora en Equipo publicamos toda la informaci\u00f3n de Sonora, M\u00e9xico y el Mundo de manera oportuna y busca que la libertad de expresi\u00f3n sea real. Visita nuestro medio informativo publicado desde Hermosillo, Sonora. %\" \/>\n<meta property=\"og:url\" content=\"https:\/\/www.sonoraenequipo.com.mx\/sigue-pleito-batres-monreal\/\" \/>\n<meta property=\"og:site_name\" content=\"Sonora en Equipo.\" \/>\n<meta property=\"article:publisher\" content=\"https:\/\/www.facebook.com\/SonoraEE\/\" \/>\n<meta property=\"article:published_time\" content=\"2019-08-20T19:36:04+00:00\" \/>\n<meta property=\"og:image\" content=\"https:\/\/www.sonoraenequipo.com.mx\/storage\/2019\/08\/batresmonreal2.jpg\" \/>\n\t<meta property=\"og:image:width\" content=\"500\" \/>\n\t<meta property=\"og:image:height\" content=\"289\" \/>\n\t<meta property=\"og:image:type\" content=\"image\/jpeg\" \/>\n<meta name=\"author\" content=\"enequipo\" \/>\n<meta name=\"twitter:card\" content=\"summary_large_image\" \/>\n<meta name=\"twitter:creator\" content=\"@sonoraenequipo\" \/>\n<meta name=\"twitter:site\" content=\"@sonoraenequipo\" \/>\n<meta name=\"twitter:label1\" content=\"Escrito por\" \/>\n\t<meta name=\"twitter:data1\" content=\"enequipo\" \/>\n\t<meta name=\"twitter:label2\" content=\"Tiempo de lectura\" \/>\n\t<meta name=\"twitter:data2\" content=\"3 minutos\" \/>\n<script type=\"application\/ld+json\" class=\"yoast-schema-graph\">{\"@context\":\"https:\/\/schema.org\",\"@graph\":[{\"@type\":\"Article\",\"@id\":\"https:\/\/www.sonoraenequipo.com.mx\/sigue-pleito-batres-monreal\/#article\",\"isPartOf\":{\"@id\":\"https:\/\/www.sonoraenequipo.com.mx\/sigue-pleito-batres-monreal\/\"},\"author\":{\"name\":\"enequipo\",\"@id\":\"https:\/\/www.sonoraenequipo.com.mx\/#\/schema\/person\/61a39de478a1763473ad55e8a95fddf6\"},\"headline\":\"Sigue pleito Batres Monreal\",\"datePublished\":\"2019-08-20T19:36:04+00:00\",\"mainEntityOfPage\":{\"@id\":\"https:\/\/www.sonoraenequipo.com.mx\/sigue-pleito-batres-monreal\/\"},\"wordCount\":600,\"commentCount\":0,\"publisher\":{\"@id\":\"https:\/\/www.sonoraenequipo.com.mx\/#organization\"},\"image\":{\"@id\":\"https:\/\/www.sonoraenequipo.com.mx\/sigue-pleito-batres-monreal\/#primaryimage\"},\"thumbnailUrl\":\"https:\/\/www.sonoraenequipo.com.mx\/storage\/2019\/08\/batresmonreal2.jpg\",\"keywords\":[\"mart\u00ed batres\",\"ricardo monreal\"],\"articleSection\":[\"Rep\u00fablica\"],\"inLanguage\":\"es\",\"potentialAction\":[{\"@type\":\"CommentAction\",\"name\":\"Comment\",\"target\":[\"https:\/\/www.sonoraenequipo.com.mx\/sigue-pleito-batres-monreal\/#respond\"]}]},{\"@type\":\"WebPage\",\"@id\":\"https:\/\/www.sonoraenequipo.com.mx\/sigue-pleito-batres-monreal\/\",\"url\":\"https:\/\/www.sonoraenequipo.com.mx\/sigue-pleito-batres-monreal\/\",\"name\":\"Sonora en Equipo. Sigue pleito Batres Monreal Rep\u00fablica\",\"isPartOf\":{\"@id\":\"https:\/\/www.sonoraenequipo.com.mx\/#website\"},\"primaryImageOfPage\":{\"@id\":\"https:\/\/www.sonoraenequipo.com.mx\/sigue-pleito-batres-monreal\/#primaryimage\"},\"image\":{\"@id\":\"https:\/\/www.sonoraenequipo.com.mx\/sigue-pleito-batres-monreal\/#primaryimage\"},\"thumbnailUrl\":\"https:\/\/www.sonoraenequipo.com.mx\/storage\/2019\/08\/batresmonreal2.jpg\",\"datePublished\":\"2019-08-20T19:36:04+00:00\",\"description\":\"CIUDAD DE M\u00c9XICO.- Sumarse a Morena \u2018es un llamado c\u00ednico\u2019: Batres a Monreal Mart\u00ed Batres Guadarrama, consider\u00f3 c\u00ednico el llamado del coordinador de la En Sonora en Equipo publicamos toda la informaci\u00f3n de Sonora, M\u00e9xico y el Mundo de manera oportuna y busca que la libertad de expresi\u00f3n sea real. Visita nuestro medio informativo publicado desde Hermosillo, Sonora. %\",\"breadcrumb\":{\"@id\":\"https:\/\/www.sonoraenequipo.com.mx\/sigue-pleito-batres-monreal\/#breadcrumb\"},\"inLanguage\":\"es\",\"potentialAction\":[{\"@type\":\"ReadAction\",\"target\":[\"https:\/\/www.sonoraenequipo.com.mx\/sigue-pleito-batres-monreal\/\"]}]},{\"@type\":\"ImageObject\",\"inLanguage\":\"es\",\"@id\":\"https:\/\/www.sonoraenequipo.com.mx\/sigue-pleito-batres-monreal\/#primaryimage\",\"url\":\"https:\/\/www.sonoraenequipo.com.mx\/storage\/2019\/08\/batresmonreal2.jpg\",\"contentUrl\":\"https:\/\/www.sonoraenequipo.com.mx\/storage\/2019\/08\/batresmonreal2.jpg\",\"width\":500,\"height\":289},{\"@type\":\"BreadcrumbList\",\"@id\":\"https:\/\/www.sonoraenequipo.com.mx\/sigue-pleito-batres-monreal\/#breadcrumb\",\"itemListElement\":[{\"@type\":\"ListItem\",\"position\":1,\"name\":\"Portada\",\"item\":\"https:\/\/www.sonoraenequipo.com.mx\/\"},{\"@type\":\"ListItem\",\"position\":2,\"name\":\"Sigue pleito Batres Monreal\"}]},{\"@type\":\"WebSite\",\"@id\":\"https:\/\/www.sonoraenequipo.com.mx\/#website\",\"url\":\"https:\/\/www.sonoraenequipo.com.mx\/\",\"name\":\"Sonora en Equipo.\",\"description\":\"Diario en l\u00ednea con Noticias desde Hermosillo, Sonora\",\"publisher\":{\"@id\":\"https:\/\/www.sonoraenequipo.com.mx\/#organization\"},\"potentialAction\":[{\"@type\":\"SearchAction\",\"target\":{\"@type\":\"EntryPoint\",\"urlTemplate\":\"https:\/\/www.sonoraenequipo.com.mx\/?s={search_term_string}\"},\"query-input\":{\"@type\":\"PropertyValueSpecification\",\"valueRequired\":true,\"valueName\":\"search_term_string\"}}],\"inLanguage\":\"es\"},{\"@type\":\"Organization\",\"@id\":\"https:\/\/www.sonoraenequipo.com.mx\/#organization\",\"name\":\"Sonoraenequipo.com.mx\",\"url\":\"https:\/\/www.sonoraenequipo.com.mx\/\",\"logo\":{\"@type\":\"ImageObject\",\"inLanguage\":\"es\",\"@id\":\"https:\/\/www.sonoraenequipo.com.mx\/#\/schema\/logo\/image\/\",\"url\":\"https:\/\/www.sonoraenequipo.com.mx\/storage\/2019\/01\/sonoraenequipo_opt.png\",\"contentUrl\":\"https:\/\/www.sonoraenequipo.com.mx\/storage\/2019\/01\/sonoraenequipo_opt.png\",\"width\":375,\"height\":125,\"caption\":\"Sonoraenequipo.com.mx\"},\"image\":{\"@id\":\"https:\/\/www.sonoraenequipo.com.mx\/#\/schema\/logo\/image\/\"},\"sameAs\":[\"https:\/\/www.facebook.com\/SonoraEE\/\",\"https:\/\/x.com\/sonoraenequipo\",\"https:\/\/www.youtube.com\/channel\/UC338nW-lPEYmJQs4ZABQ1SQ\"]},{\"@type\":\"Person\",\"@id\":\"https:\/\/www.sonoraenequipo.com.mx\/#\/schema\/person\/61a39de478a1763473ad55e8a95fddf6\",\"name\":\"enequipo\",\"image\":{\"@type\":\"ImageObject\",\"inLanguage\":\"es\",\"@id\":\"https:\/\/www.sonoraenequipo.com.mx\/#\/schema\/person\/image\/\",\"url\":\"https:\/\/secure.gravatar.com\/avatar\/e39bc3016d8af598aed3d770c9510dfc2795f37ea1733d99fcc6e97d2c3c9f5e?s=96&d=blank&r=g\",\"contentUrl\":\"https:\/\/secure.gravatar.com\/avatar\/e39bc3016d8af598aed3d770c9510dfc2795f37ea1733d99fcc6e97d2c3c9f5e?s=96&d=blank&r=g\",\"caption\":\"enequipo\"}}]}<\/script>\n ","yoast_head_json":{"title":"Sonora en Equipo. Sigue pleito Batres Monreal Rep\u00fablica","description":"CIUDAD DE M\u00c9XICO.- Sumarse a Morena \u2018es un llamado c\u00ednico\u2019: Batres a Monreal Mart\u00ed Batres Guadarrama, consider\u00f3 c\u00ednico el llamado del coordinador de la En Sonora en Equipo publicamos toda la informaci\u00f3n de Sonora, M\u00e9xico y el Mundo de manera oportuna y busca que la libertad de expresi\u00f3n sea real. Visita nuestro medio informativo publicado desde Hermosillo, Sonora. %","robots":{"index":"index","follow":"follow","max-snippet":"max-snippet:-1","max-image-preview":"max-image-preview:large","max-video-preview":"max-video-preview:-1"},"canonical":"https:\/\/www.sonoraenequipo.com.mx\/sigue-pleito-batres-monreal\/","og_locale":"es_ES","og_type":"article","og_title":"Sonora en Equipo. Sigue pleito Batres Monreal Rep\u00fablica","og_description":"CIUDAD DE M\u00c9XICO.- Sumarse a Morena \u2018es un llamado c\u00ednico\u2019: Batres a Monreal Mart\u00ed Batres Guadarrama, consider\u00f3 c\u00ednico el llamado del coordinador de la En Sonora en Equipo publicamos toda la informaci\u00f3n de Sonora, M\u00e9xico y el Mundo de manera oportuna y busca que la libertad de expresi\u00f3n sea real. Visita nuestro medio informativo publicado desde Hermosillo, Sonora. %","og_url":"https:\/\/www.sonoraenequipo.com.mx\/sigue-pleito-batres-monreal\/","og_site_name":"Sonora en Equipo.","article_publisher":"https:\/\/www.facebook.com\/SonoraEE\/","article_published_time":"2019-08-20T19:36:04+00:00","og_image":[{"width":500,"height":289,"url":"https:\/\/www.sonoraenequipo.com.mx\/storage\/2019\/08\/batresmonreal2.jpg","type":"image\/jpeg"}],"author":"enequipo","twitter_card":"summary_large_image","twitter_creator":"@sonoraenequipo","twitter_site":"@sonoraenequipo","twitter_misc":{"Escrito por":"enequipo","Tiempo de lectura":"3 minutos"},"schema":{"@context":"https:\/\/schema.org","@graph":[{"@type":"Article","@id":"https:\/\/www.sonoraenequipo.com.mx\/sigue-pleito-batres-monreal\/#article","isPartOf":{"@id":"https:\/\/www.sonoraenequipo.com.mx\/sigue-pleito-batres-monreal\/"},"author":{"name":"enequipo","@id":"https:\/\/www.sonoraenequipo.com.mx\/#\/schema\/person\/61a39de478a1763473ad55e8a95fddf6"},"headline":"Sigue pleito Batres Monreal","datePublished":"2019-08-20T19:36:04+00:00","mainEntityOfPage":{"@id":"https:\/\/www.sonoraenequipo.com.mx\/sigue-pleito-batres-monreal\/"},"wordCount":600,"commentCount":0,"publisher":{"@id":"https:\/\/www.sonoraenequipo.com.mx\/#organization"},"image":{"@id":"https:\/\/www.sonoraenequipo.com.mx\/sigue-pleito-batres-monreal\/#primaryimage"},"thumbnailUrl":"https:\/\/www.sonoraenequipo.com.mx\/storage\/2019\/08\/batresmonreal2.jpg","keywords":["mart\u00ed batres","ricardo monreal"],"articleSection":["Rep\u00fablica"],"inLanguage":"es","potentialAction":[{"@type":"CommentAction","name":"Comment","target":["https:\/\/www.sonoraenequipo.com.mx\/sigue-pleito-batres-monreal\/#respond"]}]},{"@type":"WebPage","@id":"https:\/\/www.sonoraenequipo.com.mx\/sigue-pleito-batres-monreal\/","url":"https:\/\/www.sonoraenequipo.com.mx\/sigue-pleito-batres-monreal\/","name":"Sonora en Equipo. Sigue pleito Batres Monreal Rep\u00fablica","isPartOf":{"@id":"https:\/\/www.sonoraenequipo.com.mx\/#website"},"primaryImageOfPage":{"@id":"https:\/\/www.sonoraenequipo.com.mx\/sigue-pleito-batres-monreal\/#primaryimage"},"image":{"@id":"https:\/\/www.sonoraenequipo.com.mx\/sigue-pleito-batres-monreal\/#primaryimage"},"thumbnailUrl":"https:\/\/www.sonoraenequipo.com.mx\/storage\/2019\/08\/batresmonreal2.jpg","datePublished":"2019-08-20T19:36:04+00:00","description":"CIUDAD DE M\u00c9XICO.- Sumarse a Morena \u2018es un llamado c\u00ednico\u2019: Batres a Monreal Mart\u00ed Batres Guadarrama, consider\u00f3 c\u00ednico el llamado del coordinador de la En Sonora en Equipo publicamos toda la informaci\u00f3n de Sonora, M\u00e9xico y el Mundo de manera oportuna y busca que la libertad de expresi\u00f3n sea real. Visita nuestro medio informativo publicado desde Hermosillo, Sonora. %","breadcrumb":{"@id":"https:\/\/www.sonoraenequipo.com.mx\/sigue-pleito-batres-monreal\/#breadcrumb"},"inLanguage":"es","potentialAction":[{"@type":"ReadAction","target":["https:\/\/www.sonoraenequipo.com.mx\/sigue-pleito-batres-monreal\/"]}]},{"@type":"ImageObject","inLanguage":"es","@id":"https:\/\/www.sonoraenequipo.com.mx\/sigue-pleito-batres-monreal\/#primaryimage","url":"https:\/\/www.sonoraenequipo.com.mx\/storage\/2019\/08\/batresmonreal2.jpg","contentUrl":"https:\/\/www.sonoraenequipo.com.mx\/storage\/2019\/08\/batresmonreal2.jpg","width":500,"height":289},{"@type":"BreadcrumbList","@id":"https:\/\/www.sonoraenequipo.com.mx\/sigue-pleito-batres-monreal\/#breadcrumb","itemListElement":[{"@type":"ListItem","position":1,"name":"Portada","item":"https:\/\/www.sonoraenequipo.com.mx\/"},{"@type":"ListItem","position":2,"name":"Sigue pleito Batres Monreal"}]},{"@type":"WebSite","@id":"https:\/\/www.sonoraenequipo.com.mx\/#website","url":"https:\/\/www.sonoraenequipo.com.mx\/","name":"Sonora en Equipo.","description":"Diario en l\u00ednea con Noticias desde Hermosillo, Sonora","publisher":{"@id":"https:\/\/www.sonoraenequipo.com.mx\/#organization"},"potentialAction":[{"@type":"SearchAction","target":{"@type":"EntryPoint","urlTemplate":"https:\/\/www.sonoraenequipo.com.mx\/?s={search_term_string}"},"query-input":{"@type":"PropertyValueSpecification","valueRequired":true,"valueName":"search_term_string"}}],"inLanguage":"es"},{"@type":"Organization","@id":"https:\/\/www.sonoraenequipo.com.mx\/#organization","name":"Sonoraenequipo.com.mx","url":"https:\/\/www.sonoraenequipo.com.mx\/","logo":{"@type":"ImageObject","inLanguage":"es","@id":"https:\/\/www.sonoraenequipo.com.mx\/#\/schema\/logo\/image\/","url":"https:\/\/www.sonoraenequipo.com.mx\/storage\/2019\/01\/sonoraenequipo_opt.png","contentUrl":"https:\/\/www.sonoraenequipo.com.mx\/storage\/2019\/01\/sonoraenequipo_opt.png","width":375,"height":125,"caption":"Sonoraenequipo.com.mx"},"image":{"@id":"https:\/\/www.sonoraenequipo.com.mx\/#\/schema\/logo\/image\/"},"sameAs":["https:\/\/www.facebook.com\/SonoraEE\/","https:\/\/x.com\/sonoraenequipo","https:\/\/www.youtube.com\/channel\/UC338nW-lPEYmJQs4ZABQ1SQ"]},{"@type":"Person","@id":"https:\/\/www.sonoraenequipo.com.mx\/#\/schema\/person\/61a39de478a1763473ad55e8a95fddf6","name":"enequipo","image":{"@type":"ImageObject","inLanguage":"es","@id":"https:\/\/www.sonoraenequipo.com.mx\/#\/schema\/person\/image\/","url":"https:\/\/secure.gravatar.com\/avatar\/e39bc3016d8af598aed3d770c9510dfc2795f37ea1733d99fcc6e97d2c3c9f5e?s=96&d=blank&r=g","contentUrl":"https:\/\/secure.gravatar.com\/avatar\/e39bc3016d8af598aed3d770c9510dfc2795f37ea1733d99fcc6e97d2c3c9f5e?s=96&d=blank&r=g","caption":"enequipo"}}]}},"jetpack_featured_media_url":"https:\/\/www.sonoraenequipo.com.mx\/storage\/2019\/08\/batresmonreal2.jpg","_links":{"self":[{"href":"https:\/\/www.sonoraenequipo.com.mx\/api\/wp\/v2\/posts\/65834","targetHints":{"allow":["GET"]}}],"collection":[{"href":"https:\/\/www.sonoraenequipo.com.mx\/api\/wp\/v2\/posts"}],"about":[{"href":"https:\/\/www.sonoraenequipo.com.mx\/api\/wp\/v2\/types\/post"}],"author":[{"embeddable":true,"href":"https:\/\/www.sonoraenequipo.com.mx\/api\/wp\/v2\/users\/178"}],"replies":[{"embeddable":true,"href":"https:\/\/www.sonoraenequipo.com.mx\/api\/wp\/v2\/comments?post=65834"}],"version-history":[{"count":0,"href":"https:\/\/www.sonoraenequipo.com.mx\/api\/wp\/v2\/posts\/65834\/revisions"}],"wp:featuredmedia":[{"embeddable":true,"href":"https:\/\/www.sonoraenequipo.com.mx\/api\/wp\/v2\/media\/65835"}],"wp:attachment":[{"href":"https:\/\/www.sonoraenequipo.com.mx\/api\/wp\/v2\/media?parent=65834"}],"wp:term":[{"taxonomy":"category","embeddable":true,"href":"https:\/\/www.sonoraenequipo.com.mx\/api\/wp\/v2\/categories?post=65834"},{"taxonomy":"post_tag","embeddable":true,"href":"https:\/\/www.sonoraenequipo.com.mx\/api\/wp\/v2\/tags?post=65834"}],"curies":[{"name":"wp","href":"https:\/\/api.w.org\/{rel}","templated":true}]}}