{"id":65837,"date":"2019-08-20T14:18:09","date_gmt":"2019-08-20T21:18:09","guid":{"rendered":"https:\/\/www.sonoraenequipo.com.mx\/?p=65837"},"modified":"2019-08-20T14:18:09","modified_gmt":"2019-08-20T21:18:09","slug":"conagua-advierte-por-lluvias-y-calor-para-sonora","status":"publish","type":"post","link":"https:\/\/www.sonoraenequipo.com.mx\/conagua-advierte-por-lluvias-y-calor-para-sonora\/","title":{"rendered":"Conagua advierte por lluvias y calor para Sonora"},"content":{"rendered":"<p>HERMOSILLO,SONORA.-\u00a0 Para ma\u00f1ana mi\u00e9rcoles, un flujo de moderada humedad y convecci\u00f3n moderada, generar\u00e1n tormentas convectivas escasas, principalmente en la Sierra Madre Occidental, con potencial de precipitaciones menores de 25 mil\u00edmetros (mm), pero son posibles algunas puntuales de hasta 75 (mm). <\/p>\n<p>Seguir\u00e1 el tiempo muy caluroso en el d\u00eda, previ\u00e9ndose algunas temperaturas m\u00e1ximas cercanas a 45 grados Celsius (\u00b0C), informa el Organismo de Cuenca Noroeste (OCNO) de la Comisi\u00f3n Nacional del Agua (CONAGUA).<\/p>\n<p>Para hoy, se prev\u00e9n nublados de poco a fuerte desarrollo vertical y tormentas convectivas escasas, principalmente en la regi\u00f3n serrana al sur de Sonora y suroeste de Chihuahua, las cuales se acompa\u00f1ar\u00e1n de actividad el\u00e9ctrica y rachas de viento fuerte en las inmediaciones de la tormenta, as\u00ed como precipitaciones que pueden variar de ligeras a chubascos. Se estiman, mayormente, acumulados menores de 25 mm, pero hay condiciones para unos pocos entre 25 y 75 mm. Se esperan algunas temperaturas mayores de 45 \u00b0C en los valles del Estado.<\/p>\n<p>La CONAGUA pronostica que para el pr\u00f3ximo jueves y viernes se prev\u00e9 humedad abundante del Pac\u00edfico y vaguada profunda provocar\u00e1n cielo de medio nublado a nublado y tormentas convectivas dispersas en el centro y sur de Sonora, principalmente en la Sierra Madre Occidental, donde se prev\u00e9n lluvias aisladas de 25 a 75 mm, incluso son posibles algunas mayores.<\/p>\n<p>De acuerdo con el aviso meteorol\u00f3gico de hoy de la CONAGUA, para estos municipios se prev\u00e9 ambiente caluroso: Puerto Pe\u00f1asco 27 a 39\u00b0C, Caborca de 28 a 44\u00b0C, Hermosillo 29 a 43\u00b0C; Guaymas de 30 a 37\u00b0C; Ciudad Obreg\u00f3n y Navojoa con temperaturas de 27 a 41\u00b0C, Nogales de 23 a 38\u00b0C y Agua Prieta de 22 a 38\u00b0C.<\/p>\n<p>Las temperaturas m\u00e1s altas de las \u00faltimas 24 horas, en grados Celsius, fueron de 45.0\u00b0C en El Or\u00e9gano II, 44.5\u00b0C en Hermosillo, 44.0\u00b0C en Altar, presa El Molinito y Cd. Obreg\u00f3n.\u00a0 En tanto las temperaturas m\u00e1s bajas fueron de 11.8\u00b0C en Basaseachic, 14.0\u00b0C en Aribabi, 14.4\u00b0C en Tem\u00f3sachic, 15.0\u00b0C en Arizpe y presa Abraham Gonz\u00e1lez.<\/p>\n<p>El d\u00eda de ayer lunes se registraron precipitaciones de 16.0 mm en Basaseachic, 3.0 mm en Y\u00e9cora.<\/p>\n<p>Sistema de presas<\/p>\n<p>El sistema de presas de Sonora est\u00e1 a 45.2 por ciento de su capacidad total, con un volumen almacenado de 3 mil 565.78 hect\u00f3metros c\u00fabicos (hm3) de agua. La presa L\u00e1zaro C\u00e1rdenas \u201cLa Angostura\u201d se encuentra al 95.3 por ciento con 670.18. hm3.Mientras la presa Plutarco El\u00edas Calles \u201cel Novillo\u201d almacena 1039.23 hm3, que representa el 36.7 % de su capacidad normal; la \u00c1lvaro Obreg\u00f3n \u201cEl Ovi\u00e1chic\u201d tiene un almacenamiento de 51.5 %, de 1556.78 hm3, y la Adolfo Ruiz Cortines \u201cMoc\u00fazari\u201d registra un almacenamiento de 24.1 por ciento.<\/p>\n","protected":false},"excerpt":{"rendered":"<p>HERMOSILLO,SONORA.-\u00a0 Para ma\u00f1ana mi\u00e9rcoles, un flujo de moderada humedad y convecci\u00f3n moderada, generar\u00e1n tormentas convectivas&#8230;<\/p>\n","protected":false},"author":178,"featured_media":65838,"comment_status":"open","ping_status":"open","sticky":false,"template":"","format":"standard","meta":{"_monsterinsights_skip_tracking":false,"_monsterinsights_sitenote_active":false,"_monsterinsights_sitenote_note":"","_monsterinsights_sitenote_category":0,"footnotes":""},"categories":[22],"tags":[2978,15],"class_list":["post"],"yoast_head":" \n<title>Sonora en Equipo. Conagua advierte por lluvias y calor para Sonora Sonora<\/title>\n<meta name=\"description\" content=\"HERMOSILLO,SONORA.-\u00a0 Para ma\u00f1ana mi\u00e9rcoles, un flujo de moderada humedad y convecci\u00f3n moderada, generar\u00e1n tormentas convectivas escasas, principalmente en En Sonora en Equipo publicamos toda la informaci\u00f3n de Sonora, M\u00e9xico y el Mundo de manera oportuna y busca que la libertad de expresi\u00f3n sea real. Visita nuestro medio informativo publicado desde Hermosillo, Sonora. %\" \/>\n<meta name=\"robots\" content=\"index, follow, max-snippet:-1, max-image-preview:large, max-video-preview:-1\" \/>\n<link rel=\"canonical\" href=\"https:\/\/www.sonoraenequipo.com.mx\/conagua-advierte-por-lluvias-y-calor-para-sonora\/\" \/>\n<meta property=\"og:locale\" content=\"es_ES\" \/>\n<meta property=\"og:type\" content=\"article\" \/>\n<meta property=\"og:title\" content=\"Sonora en Equipo. Conagua advierte por lluvias y calor para Sonora Sonora\" \/>\n<meta property=\"og:description\" content=\"HERMOSILLO,SONORA.-\u00a0 Para ma\u00f1ana mi\u00e9rcoles, un flujo de moderada humedad y convecci\u00f3n moderada, generar\u00e1n tormentas convectivas escasas, principalmente en En Sonora en Equipo publicamos toda la informaci\u00f3n de Sonora, M\u00e9xico y el Mundo de manera oportuna y busca que la libertad de expresi\u00f3n sea real. Visita nuestro medio informativo publicado desde Hermosillo, Sonora. %\" \/>\n<meta property=\"og:url\" content=\"https:\/\/www.sonoraenequipo.com.mx\/conagua-advierte-por-lluvias-y-calor-para-sonora\/\" \/>\n<meta property=\"og:site_name\" content=\"Sonora en Equipo.\" \/>\n<meta property=\"article:publisher\" content=\"https:\/\/www.facebook.com\/SonoraEE\/\" \/>\n<meta property=\"article:published_time\" content=\"2019-08-20T21:18:09+00:00\" \/>\n<meta property=\"og:image\" content=\"https:\/\/www.sonoraenequipo.com.mx\/storage\/2019\/08\/clima2108.jpg\" \/>\n\t<meta property=\"og:image:width\" content=\"500\" \/>\n\t<meta property=\"og:image:height\" content=\"401\" \/>\n\t<meta property=\"og:image:type\" content=\"image\/jpeg\" \/>\n<meta name=\"author\" content=\"enequipo\" \/>\n<meta name=\"twitter:card\" content=\"summary_large_image\" \/>\n<meta name=\"twitter:creator\" content=\"@sonoraenequipo\" \/>\n<meta name=\"twitter:site\" content=\"@sonoraenequipo\" \/>\n<meta name=\"twitter:label1\" content=\"Escrito por\" \/>\n\t<meta name=\"twitter:data1\" content=\"enequipo\" \/>\n\t<meta name=\"twitter:label2\" content=\"Tiempo de lectura\" \/>\n\t<meta name=\"twitter:data2\" content=\"2 minutos\" \/>\n<script type=\"application\/ld+json\" class=\"yoast-schema-graph\">{\"@context\":\"https:\/\/schema.org\",\"@graph\":[{\"@type\":\"Article\",\"@id\":\"https:\/\/www.sonoraenequipo.com.mx\/conagua-advierte-por-lluvias-y-calor-para-sonora\/#article\",\"isPartOf\":{\"@id\":\"https:\/\/www.sonoraenequipo.com.mx\/conagua-advierte-por-lluvias-y-calor-para-sonora\/\"},\"author\":{\"name\":\"enequipo\",\"@id\":\"https:\/\/www.sonoraenequipo.com.mx\/#\/schema\/person\/61a39de478a1763473ad55e8a95fddf6\"},\"headline\":\"Conagua advierte por lluvias y calor para Sonora\",\"datePublished\":\"2019-08-20T21:18:09+00:00\",\"mainEntityOfPage\":{\"@id\":\"https:\/\/www.sonoraenequipo.com.mx\/conagua-advierte-por-lluvias-y-calor-para-sonora\/\"},\"wordCount\":458,\"commentCount\":0,\"publisher\":{\"@id\":\"https:\/\/www.sonoraenequipo.com.mx\/#organization\"},\"image\":{\"@id\":\"https:\/\/www.sonoraenequipo.com.mx\/conagua-advierte-por-lluvias-y-calor-para-sonora\/#primaryimage\"},\"thumbnailUrl\":\"https:\/\/www.sonoraenequipo.com.mx\/storage\/2019\/08\/clima2108.jpg\",\"keywords\":[\"clima\",\"Sonora\"],\"articleSection\":[\"Sonora\"],\"inLanguage\":\"es\",\"potentialAction\":[{\"@type\":\"CommentAction\",\"name\":\"Comment\",\"target\":[\"https:\/\/www.sonoraenequipo.com.mx\/conagua-advierte-por-lluvias-y-calor-para-sonora\/#respond\"]}]},{\"@type\":\"WebPage\",\"@id\":\"https:\/\/www.sonoraenequipo.com.mx\/conagua-advierte-por-lluvias-y-calor-para-sonora\/\",\"url\":\"https:\/\/www.sonoraenequipo.com.mx\/conagua-advierte-por-lluvias-y-calor-para-sonora\/\",\"name\":\"Sonora en Equipo. Conagua advierte por lluvias y calor para Sonora Sonora\",\"isPartOf\":{\"@id\":\"https:\/\/www.sonoraenequipo.com.mx\/#website\"},\"primaryImageOfPage\":{\"@id\":\"https:\/\/www.sonoraenequipo.com.mx\/conagua-advierte-por-lluvias-y-calor-para-sonora\/#primaryimage\"},\"image\":{\"@id\":\"https:\/\/www.sonoraenequipo.com.mx\/conagua-advierte-por-lluvias-y-calor-para-sonora\/#primaryimage\"},\"thumbnailUrl\":\"https:\/\/www.sonoraenequipo.com.mx\/storage\/2019\/08\/clima2108.jpg\",\"datePublished\":\"2019-08-20T21:18:09+00:00\",\"description\":\"HERMOSILLO,SONORA.-\u00a0 Para ma\u00f1ana mi\u00e9rcoles, un flujo de moderada humedad y convecci\u00f3n moderada, generar\u00e1n tormentas convectivas escasas, principalmente en En Sonora en Equipo publicamos toda la informaci\u00f3n de Sonora, M\u00e9xico y el Mundo de manera oportuna y busca que la libertad de expresi\u00f3n sea real. Visita nuestro medio informativo publicado desde Hermosillo, Sonora. %\",\"breadcrumb\":{\"@id\":\"https:\/\/www.sonoraenequipo.com.mx\/conagua-advierte-por-lluvias-y-calor-para-sonora\/#breadcrumb\"},\"inLanguage\":\"es\",\"potentialAction\":[{\"@type\":\"ReadAction\",\"target\":[\"https:\/\/www.sonoraenequipo.com.mx\/conagua-advierte-por-lluvias-y-calor-para-sonora\/\"]}]},{\"@type\":\"ImageObject\",\"inLanguage\":\"es\",\"@id\":\"https:\/\/www.sonoraenequipo.com.mx\/conagua-advierte-por-lluvias-y-calor-para-sonora\/#primaryimage\",\"url\":\"https:\/\/www.sonoraenequipo.com.mx\/storage\/2019\/08\/clima2108.jpg\",\"contentUrl\":\"https:\/\/www.sonoraenequipo.com.mx\/storage\/2019\/08\/clima2108.jpg\",\"width\":500,\"height\":401},{\"@type\":\"BreadcrumbList\",\"@id\":\"https:\/\/www.sonoraenequipo.com.mx\/conagua-advierte-por-lluvias-y-calor-para-sonora\/#breadcrumb\",\"itemListElement\":[{\"@type\":\"ListItem\",\"position\":1,\"name\":\"Portada\",\"item\":\"https:\/\/www.sonoraenequipo.com.mx\/\"},{\"@type\":\"ListItem\",\"position\":2,\"name\":\"Conagua advierte por lluvias y calor para Sonora\"}]},{\"@type\":\"WebSite\",\"@id\":\"https:\/\/www.sonoraenequipo.com.mx\/#website\",\"url\":\"https:\/\/www.sonoraenequipo.com.mx\/\",\"name\":\"Sonora en Equipo.\",\"description\":\"Diario en l\u00ednea con Noticias desde Hermosillo, Sonora\",\"publisher\":{\"@id\":\"https:\/\/www.sonoraenequipo.com.mx\/#organization\"},\"potentialAction\":[{\"@type\":\"SearchAction\",\"target\":{\"@type\":\"EntryPoint\",\"urlTemplate\":\"https:\/\/www.sonoraenequipo.com.mx\/?s={search_term_string}\"},\"query-input\":{\"@type\":\"PropertyValueSpecification\",\"valueRequired\":true,\"valueName\":\"search_term_string\"}}],\"inLanguage\":\"es\"},{\"@type\":\"Organization\",\"@id\":\"https:\/\/www.sonoraenequipo.com.mx\/#organization\",\"name\":\"Sonoraenequipo.com.mx\",\"url\":\"https:\/\/www.sonoraenequipo.com.mx\/\",\"logo\":{\"@type\":\"ImageObject\",\"inLanguage\":\"es\",\"@id\":\"https:\/\/www.sonoraenequipo.com.mx\/#\/schema\/logo\/image\/\",\"url\":\"https:\/\/www.sonoraenequipo.com.mx\/storage\/2019\/01\/sonoraenequipo_opt.png\",\"contentUrl\":\"https:\/\/www.sonoraenequipo.com.mx\/storage\/2019\/01\/sonoraenequipo_opt.png\",\"width\":375,\"height\":125,\"caption\":\"Sonoraenequipo.com.mx\"},\"image\":{\"@id\":\"https:\/\/www.sonoraenequipo.com.mx\/#\/schema\/logo\/image\/\"},\"sameAs\":[\"https:\/\/www.facebook.com\/SonoraEE\/\",\"https:\/\/x.com\/sonoraenequipo\",\"https:\/\/www.youtube.com\/channel\/UC338nW-lPEYmJQs4ZABQ1SQ\"]},{\"@type\":\"Person\",\"@id\":\"https:\/\/www.sonoraenequipo.com.mx\/#\/schema\/person\/61a39de478a1763473ad55e8a95fddf6\",\"name\":\"enequipo\",\"image\":{\"@type\":\"ImageObject\",\"inLanguage\":\"es\",\"@id\":\"https:\/\/www.sonoraenequipo.com.mx\/#\/schema\/person\/image\/\",\"url\":\"https:\/\/secure.gravatar.com\/avatar\/e39bc3016d8af598aed3d770c9510dfc2795f37ea1733d99fcc6e97d2c3c9f5e?s=96&d=blank&r=g\",\"contentUrl\":\"https:\/\/secure.gravatar.com\/avatar\/e39bc3016d8af598aed3d770c9510dfc2795f37ea1733d99fcc6e97d2c3c9f5e?s=96&d=blank&r=g\",\"caption\":\"enequipo\"}}]}<\/script>\n ","yoast_head_json":{"title":"Sonora en Equipo. Conagua advierte por lluvias y calor para Sonora Sonora","description":"HERMOSILLO,SONORA.-\u00a0 Para ma\u00f1ana mi\u00e9rcoles, un flujo de moderada humedad y convecci\u00f3n moderada, generar\u00e1n tormentas convectivas escasas, principalmente en En Sonora en Equipo publicamos toda la informaci\u00f3n de Sonora, M\u00e9xico y el Mundo de manera oportuna y busca que la libertad de expresi\u00f3n sea real. Visita nuestro medio informativo publicado desde Hermosillo, Sonora. %","robots":{"index":"index","follow":"follow","max-snippet":"max-snippet:-1","max-image-preview":"max-image-preview:large","max-video-preview":"max-video-preview:-1"},"canonical":"https:\/\/www.sonoraenequipo.com.mx\/conagua-advierte-por-lluvias-y-calor-para-sonora\/","og_locale":"es_ES","og_type":"article","og_title":"Sonora en Equipo. Conagua advierte por lluvias y calor para Sonora Sonora","og_description":"HERMOSILLO,SONORA.-\u00a0 Para ma\u00f1ana mi\u00e9rcoles, un flujo de moderada humedad y convecci\u00f3n moderada, generar\u00e1n tormentas convectivas escasas, principalmente en En Sonora en Equipo publicamos toda la informaci\u00f3n de Sonora, M\u00e9xico y el Mundo de manera oportuna y busca que la libertad de expresi\u00f3n sea real. Visita nuestro medio informativo publicado desde Hermosillo, Sonora. %","og_url":"https:\/\/www.sonoraenequipo.com.mx\/conagua-advierte-por-lluvias-y-calor-para-sonora\/","og_site_name":"Sonora en Equipo.","article_publisher":"https:\/\/www.facebook.com\/SonoraEE\/","article_published_time":"2019-08-20T21:18:09+00:00","og_image":[{"width":500,"height":401,"url":"https:\/\/www.sonoraenequipo.com.mx\/storage\/2019\/08\/clima2108.jpg","type":"image\/jpeg"}],"author":"enequipo","twitter_card":"summary_large_image","twitter_creator":"@sonoraenequipo","twitter_site":"@sonoraenequipo","twitter_misc":{"Escrito por":"enequipo","Tiempo de lectura":"2 minutos"},"schema":{"@context":"https:\/\/schema.org","@graph":[{"@type":"Article","@id":"https:\/\/www.sonoraenequipo.com.mx\/conagua-advierte-por-lluvias-y-calor-para-sonora\/#article","isPartOf":{"@id":"https:\/\/www.sonoraenequipo.com.mx\/conagua-advierte-por-lluvias-y-calor-para-sonora\/"},"author":{"name":"enequipo","@id":"https:\/\/www.sonoraenequipo.com.mx\/#\/schema\/person\/61a39de478a1763473ad55e8a95fddf6"},"headline":"Conagua advierte por lluvias y calor para Sonora","datePublished":"2019-08-20T21:18:09+00:00","mainEntityOfPage":{"@id":"https:\/\/www.sonoraenequipo.com.mx\/conagua-advierte-por-lluvias-y-calor-para-sonora\/"},"wordCount":458,"commentCount":0,"publisher":{"@id":"https:\/\/www.sonoraenequipo.com.mx\/#organization"},"image":{"@id":"https:\/\/www.sonoraenequipo.com.mx\/conagua-advierte-por-lluvias-y-calor-para-sonora\/#primaryimage"},"thumbnailUrl":"https:\/\/www.sonoraenequipo.com.mx\/storage\/2019\/08\/clima2108.jpg","keywords":["clima","Sonora"],"articleSection":["Sonora"],"inLanguage":"es","potentialAction":[{"@type":"CommentAction","name":"Comment","target":["https:\/\/www.sonoraenequipo.com.mx\/conagua-advierte-por-lluvias-y-calor-para-sonora\/#respond"]}]},{"@type":"WebPage","@id":"https:\/\/www.sonoraenequipo.com.mx\/conagua-advierte-por-lluvias-y-calor-para-sonora\/","url":"https:\/\/www.sonoraenequipo.com.mx\/conagua-advierte-por-lluvias-y-calor-para-sonora\/","name":"Sonora en Equipo. Conagua advierte por lluvias y calor para Sonora Sonora","isPartOf":{"@id":"https:\/\/www.sonoraenequipo.com.mx\/#website"},"primaryImageOfPage":{"@id":"https:\/\/www.sonoraenequipo.com.mx\/conagua-advierte-por-lluvias-y-calor-para-sonora\/#primaryimage"},"image":{"@id":"https:\/\/www.sonoraenequipo.com.mx\/conagua-advierte-por-lluvias-y-calor-para-sonora\/#primaryimage"},"thumbnailUrl":"https:\/\/www.sonoraenequipo.com.mx\/storage\/2019\/08\/clima2108.jpg","datePublished":"2019-08-20T21:18:09+00:00","description":"HERMOSILLO,SONORA.-\u00a0 Para ma\u00f1ana mi\u00e9rcoles, un flujo de moderada humedad y convecci\u00f3n moderada, generar\u00e1n tormentas convectivas escasas, principalmente en En Sonora en Equipo publicamos toda la informaci\u00f3n de Sonora, M\u00e9xico y el Mundo de manera oportuna y busca que la libertad de expresi\u00f3n sea real. Visita nuestro medio informativo publicado desde Hermosillo, Sonora. %","breadcrumb":{"@id":"https:\/\/www.sonoraenequipo.com.mx\/conagua-advierte-por-lluvias-y-calor-para-sonora\/#breadcrumb"},"inLanguage":"es","potentialAction":[{"@type":"ReadAction","target":["https:\/\/www.sonoraenequipo.com.mx\/conagua-advierte-por-lluvias-y-calor-para-sonora\/"]}]},{"@type":"ImageObject","inLanguage":"es","@id":"https:\/\/www.sonoraenequipo.com.mx\/conagua-advierte-por-lluvias-y-calor-para-sonora\/#primaryimage","url":"https:\/\/www.sonoraenequipo.com.mx\/storage\/2019\/08\/clima2108.jpg","contentUrl":"https:\/\/www.sonoraenequipo.com.mx\/storage\/2019\/08\/clima2108.jpg","width":500,"height":401},{"@type":"BreadcrumbList","@id":"https:\/\/www.sonoraenequipo.com.mx\/conagua-advierte-por-lluvias-y-calor-para-sonora\/#breadcrumb","itemListElement":[{"@type":"ListItem","position":1,"name":"Portada","item":"https:\/\/www.sonoraenequipo.com.mx\/"},{"@type":"ListItem","position":2,"name":"Conagua advierte por lluvias y calor para Sonora"}]},{"@type":"WebSite","@id":"https:\/\/www.sonoraenequipo.com.mx\/#website","url":"https:\/\/www.sonoraenequipo.com.mx\/","name":"Sonora en Equipo.","description":"Diario en l\u00ednea con Noticias desde Hermosillo, Sonora","publisher":{"@id":"https:\/\/www.sonoraenequipo.com.mx\/#organization"},"potentialAction":[{"@type":"SearchAction","target":{"@type":"EntryPoint","urlTemplate":"https:\/\/www.sonoraenequipo.com.mx\/?s={search_term_string}"},"query-input":{"@type":"PropertyValueSpecification","valueRequired":true,"valueName":"search_term_string"}}],"inLanguage":"es"},{"@type":"Organization","@id":"https:\/\/www.sonoraenequipo.com.mx\/#organization","name":"Sonoraenequipo.com.mx","url":"https:\/\/www.sonoraenequipo.com.mx\/","logo":{"@type":"ImageObject","inLanguage":"es","@id":"https:\/\/www.sonoraenequipo.com.mx\/#\/schema\/logo\/image\/","url":"https:\/\/www.sonoraenequipo.com.mx\/storage\/2019\/01\/sonoraenequipo_opt.png","contentUrl":"https:\/\/www.sonoraenequipo.com.mx\/storage\/2019\/01\/sonoraenequipo_opt.png","width":375,"height":125,"caption":"Sonoraenequipo.com.mx"},"image":{"@id":"https:\/\/www.sonoraenequipo.com.mx\/#\/schema\/logo\/image\/"},"sameAs":["https:\/\/www.facebook.com\/SonoraEE\/","https:\/\/x.com\/sonoraenequipo","https:\/\/www.youtube.com\/channel\/UC338nW-lPEYmJQs4ZABQ1SQ"]},{"@type":"Person","@id":"https:\/\/www.sonoraenequipo.com.mx\/#\/schema\/person\/61a39de478a1763473ad55e8a95fddf6","name":"enequipo","image":{"@type":"ImageObject","inLanguage":"es","@id":"https:\/\/www.sonoraenequipo.com.mx\/#\/schema\/person\/image\/","url":"https:\/\/secure.gravatar.com\/avatar\/e39bc3016d8af598aed3d770c9510dfc2795f37ea1733d99fcc6e97d2c3c9f5e?s=96&d=blank&r=g","contentUrl":"https:\/\/secure.gravatar.com\/avatar\/e39bc3016d8af598aed3d770c9510dfc2795f37ea1733d99fcc6e97d2c3c9f5e?s=96&d=blank&r=g","caption":"enequipo"}}]}},"jetpack_featured_media_url":"https:\/\/www.sonoraenequipo.com.mx\/storage\/2019\/08\/clima2108.jpg","_links":{"self":[{"href":"https:\/\/www.sonoraenequipo.com.mx\/api\/wp\/v2\/posts\/65837","targetHints":{"allow":["GET"]}}],"collection":[{"href":"https:\/\/www.sonoraenequipo.com.mx\/api\/wp\/v2\/posts"}],"about":[{"href":"https:\/\/www.sonoraenequipo.com.mx\/api\/wp\/v2\/types\/post"}],"author":[{"embeddable":true,"href":"https:\/\/www.sonoraenequipo.com.mx\/api\/wp\/v2\/users\/178"}],"replies":[{"embeddable":true,"href":"https:\/\/www.sonoraenequipo.com.mx\/api\/wp\/v2\/comments?post=65837"}],"version-history":[{"count":0,"href":"https:\/\/www.sonoraenequipo.com.mx\/api\/wp\/v2\/posts\/65837\/revisions"}],"wp:featuredmedia":[{"embeddable":true,"href":"https:\/\/www.sonoraenequipo.com.mx\/api\/wp\/v2\/media\/65838"}],"wp:attachment":[{"href":"https:\/\/www.sonoraenequipo.com.mx\/api\/wp\/v2\/media?parent=65837"}],"wp:term":[{"taxonomy":"category","embeddable":true,"href":"https:\/\/www.sonoraenequipo.com.mx\/api\/wp\/v2\/categories?post=65837"},{"taxonomy":"post_tag","embeddable":true,"href":"https:\/\/www.sonoraenequipo.com.mx\/api\/wp\/v2\/tags?post=65837"}],"curies":[{"name":"wp","href":"https:\/\/api.w.org\/{rel}","templated":true}]}}