{"id":65861,"date":"2019-08-19T18:29:13","date_gmt":"2019-08-20T01:29:13","guid":{"rendered":"https:\/\/www.sonoraenequipo.com.mx\/?p=65861"},"modified":"2019-08-20T16:35:29","modified_gmt":"2019-08-20T23:35:29","slug":"impulsan-gobernadora-y-asociaciones-civiles-red-de-apoyo-a-grupos-vulnerables","status":"publish","type":"post","link":"https:\/\/www.sonoraenequipo.com.mx\/impulsan-gobernadora-y-asociaciones-civiles-red-de-apoyo-a-grupos-vulnerables\/","title":{"rendered":"Impulsan Gobernadora y Asociaciones Civiles red de apoyo a grupos vulnerables"},"content":{"rendered":"<p>HERMOSILLO,SONORA. MX.\u2014 Crear una red estatal que impulse acciones y genere mayores beneficios para los sectores vulnerables de la entidad, fue el compromiso asumido por asociaciones civiles de Sonora junto a la gobernadora Claudia Pavlovich Arellano, en el marco del Encuentro Estatal de Asociaciones Civiles que integran j\u00f3venes que buscan ser agentes de cambio en la sociedad. <\/p>\n<p>Ante representantes de 70 asociaciones civiles de Sonora, la mandataria se\u00f1al\u00f3 que el Gobierno del Estado trabaja de la mano con organismos de la sociedad civil para que su esfuerzo y las acciones que realizan para bajar fondos internacionales de ayuda, se traduzcan en beneficio de las personas m\u00e1s vulnerables.<\/p>\n<p><em><img loading=\"lazy\" decoding=\"async\" class=\"size-medium  x-left\" src=\"https:\/\/www.sonoraenequipo.com.mx\/storage\/2019\/08\/Embajadores-de-la-Ciencia-Sonora2_opt-600x400.jpg\" alt=\"\" width=\"600\" height=\"400\" \/>\u201cHay que ser solidarios con los dem\u00e1s, y los felicito por estar participando y por estar aqu\u00ed, y por formar parte de esa sociedad que realmente se preocupa por los dem\u00e1s, el gobierno no puede todo solo, les agradecemos much\u00edsimo todo lo que hacen\u201d,<\/em> sostuvo la gobernadora.<\/p>\n<p>Pavlovich Arellano, acompa\u00f1ada de Miguel Pompa, secretario de Gobierno y funcionarios estatales, firm\u00f3 una carta compromiso que busca fortalecer los tejidos sociales a trav\u00e9s de una red de j\u00f3venes organizados, para reforzar los valores \u00e9ticos, promover el respeto a la diversidad de identidades y reconfigurar pr\u00e1cticas productivas, a fin de construir instituciones s\u00f3lidas en la juventud y adem\u00e1s se compromete a explotar los objetivos de las organizaciones como agentes de cambio.<\/p>\n<p>Manuel Puebla, secretario de Desarrollo Social, reconoci\u00f3 el trabajo de las asociaciones civiles en la entidad, ya que su esfuerzo permite recobrar el sentido de comunidad y la reconstrucci\u00f3n del tejido social.<\/p>\n<p><em>\u201cEs con ustedes donde se da realmente la muestra m\u00e1xima de lo que es la solidaridad, el encontrarle el sentido de comunidad, que poco a poco se ha ido perdiendo, junto con la p\u00e9rdida del tejido social, y es con ustedes donde tenemos en el Gobierno del Estado, y en todos los gobiernos, y deben tener todos los funcionarios un agradecimiento especial, porque es con ustedes con quienes tratamos d\u00eda con d\u00eda desde el esfuerzo de cada quien de reconstruir ese tejido social y de alentar los mejores valores que nos conforman como una sociedad\u201d,<\/em> indic\u00f3.<\/p>\n<p>Daniel Garc\u00eda Escalante, director del Instituto Sonorense de la Juventud, explic\u00f3 que se impulsar\u00e1 una mayor capacitaci\u00f3n en estas asociaciones con el fin de obtener m\u00e1s recursos de entes internacionales.<\/p>\n<p><em>\u201cVamos a crear una red de asociaciones civiles para generar un mayor impacto en la sociedad sonorense, sabemos que todas estas organizaciones tienen gran impacto, pero queremos ampliarlo para que llegue a m\u00e1s j\u00f3venes sonorenses, tenemos tambi\u00e9n a dos personas capacitadas por el Centro de Recursos Internacionales, con las cuales vamos a asesorar a todas las asociaciones civiles para que bajen fondos por medio de este centro\u201d, <\/em>se\u00f1al\u00f3.<\/p>\n<p>Mar\u00eda Andrea Espinoza, representante de la Red Juvenil de las organizaciones de la sociedad civil en el estado de Sonora, agradeci\u00f3 el respaldo que la sociedad civil est\u00e1 recibiendo del Gobierno del Estado, como un acompa\u00f1amiento para poder llegar a un mayor n\u00famero de personas.<\/p>\n<p>\u201cMe queda claro que son este tipo de programas, y en lo personal, pienso que el equipo que lo conforma, lo que nos afirma que el gobierno le apuesta, impulsa y cree en los j\u00f3venes\u201d, subray\u00f3.<\/p>\n<p>PUBLICADO EL 19\/08\/2019<\/p>\n","protected":false},"excerpt":{"rendered":"<p>HERMOSILLO,SONORA. MX.\u2014 Crear una red estatal que impulse acciones y genere mayores beneficios para los&#8230;<\/p>\n","protected":false},"author":1,"featured_media":65849,"comment_status":"open","ping_status":"open","sticky":false,"template":"","format":"standard","meta":{"_monsterinsights_skip_tracking":false,"_monsterinsights_sitenote_active":false,"_monsterinsights_sitenote_note":"","_monsterinsights_sitenote_category":0,"footnotes":""},"categories":[22],"tags":[],"class_list":["post"],"yoast_head":" \n<title>Sonora en Equipo. Impulsan Gobernadora y Asociaciones Civiles red de apoyo a grupos vulnerables Sonora<\/title>\n<meta name=\"description\" content=\"HERMOSILLO,SONORA. MX.\u2014 Crear una red estatal que impulse acciones y genere mayores beneficios para los sectores vulnerables de la entidad, fue el En Sonora en Equipo publicamos toda la informaci\u00f3n de Sonora, M\u00e9xico y el Mundo de manera oportuna y busca que la libertad de expresi\u00f3n sea real. Visita nuestro medio informativo publicado desde Hermosillo, Sonora. %\" \/>\n<meta name=\"robots\" content=\"index, follow, max-snippet:-1, max-image-preview:large, max-video-preview:-1\" \/>\n<link rel=\"canonical\" href=\"https:\/\/www.sonoraenequipo.com.mx\/impulsan-gobernadora-y-asociaciones-civiles-red-de-apoyo-a-grupos-vulnerables\/\" \/>\n<meta property=\"og:locale\" content=\"es_ES\" \/>\n<meta property=\"og:type\" content=\"article\" \/>\n<meta property=\"og:title\" content=\"Sonora en Equipo. Impulsan Gobernadora y Asociaciones Civiles red de apoyo a grupos vulnerables Sonora\" \/>\n<meta property=\"og:description\" content=\"HERMOSILLO,SONORA. MX.\u2014 Crear una red estatal que impulse acciones y genere mayores beneficios para los sectores vulnerables de la entidad, fue el En Sonora en Equipo publicamos toda la informaci\u00f3n de Sonora, M\u00e9xico y el Mundo de manera oportuna y busca que la libertad de expresi\u00f3n sea real. Visita nuestro medio informativo publicado desde Hermosillo, Sonora. %\" \/>\n<meta property=\"og:url\" content=\"https:\/\/www.sonoraenequipo.com.mx\/impulsan-gobernadora-y-asociaciones-civiles-red-de-apoyo-a-grupos-vulnerables\/\" \/>\n<meta property=\"og:site_name\" content=\"Sonora en Equipo.\" \/>\n<meta property=\"article:publisher\" content=\"https:\/\/www.facebook.com\/SonoraEE\/\" \/>\n<meta property=\"article:author\" content=\"https:\/\/www.facebook.com\/SonoraEE\" \/>\n<meta property=\"article:published_time\" content=\"2019-08-20T01:29:13+00:00\" \/>\n<meta property=\"article:modified_time\" content=\"2019-08-20T23:35:29+00:00\" \/>\n<meta property=\"og:image\" content=\"https:\/\/www.sonoraenequipo.com.mx\/storage\/2019\/08\/Embajadores-de-la-Ciencia-Sonora5_opt.jpg\" \/>\n\t<meta property=\"og:image:width\" content=\"600\" \/>\n\t<meta property=\"og:image:height\" content=\"400\" \/>\n\t<meta property=\"og:image:type\" content=\"image\/jpeg\" \/>\n<meta name=\"author\" content=\"enequipo\" \/>\n<meta name=\"twitter:card\" content=\"summary_large_image\" \/>\n<meta name=\"twitter:creator\" content=\"@sonoraenequipo\" \/>\n<meta name=\"twitter:site\" content=\"@sonoraenequipo\" \/>\n<meta name=\"twitter:label1\" content=\"Escrito por\" \/>\n\t<meta name=\"twitter:data1\" content=\"enequipo\" \/>\n\t<meta name=\"twitter:label2\" content=\"Tiempo de lectura\" \/>\n\t<meta name=\"twitter:data2\" content=\"3 minutos\" \/>\n<script type=\"application\/ld+json\" class=\"yoast-schema-graph\">{\"@context\":\"https:\/\/schema.org\",\"@graph\":[{\"@type\":\"Article\",\"@id\":\"https:\/\/www.sonoraenequipo.com.mx\/impulsan-gobernadora-y-asociaciones-civiles-red-de-apoyo-a-grupos-vulnerables\/#article\",\"isPartOf\":{\"@id\":\"https:\/\/www.sonoraenequipo.com.mx\/impulsan-gobernadora-y-asociaciones-civiles-red-de-apoyo-a-grupos-vulnerables\/\"},\"author\":{\"name\":\"enequipo\",\"@id\":\"https:\/\/www.sonoraenequipo.com.mx\/#\/schema\/person\/50102df0fb23a8fa9e8effad8fa81386\"},\"headline\":\"Impulsan Gobernadora y Asociaciones Civiles red de apoyo a grupos vulnerables\",\"datePublished\":\"2019-08-20T01:29:13+00:00\",\"dateModified\":\"2019-08-20T23:35:29+00:00\",\"mainEntityOfPage\":{\"@id\":\"https:\/\/www.sonoraenequipo.com.mx\/impulsan-gobernadora-y-asociaciones-civiles-red-de-apoyo-a-grupos-vulnerables\/\"},\"wordCount\":573,\"commentCount\":0,\"publisher\":{\"@id\":\"https:\/\/www.sonoraenequipo.com.mx\/#organization\"},\"image\":{\"@id\":\"https:\/\/www.sonoraenequipo.com.mx\/impulsan-gobernadora-y-asociaciones-civiles-red-de-apoyo-a-grupos-vulnerables\/#primaryimage\"},\"thumbnailUrl\":\"https:\/\/www.sonoraenequipo.com.mx\/storage\/2019\/08\/Embajadores-de-la-Ciencia-Sonora5_opt.jpg\",\"articleSection\":[\"Sonora\"],\"inLanguage\":\"es\",\"potentialAction\":[{\"@type\":\"CommentAction\",\"name\":\"Comment\",\"target\":[\"https:\/\/www.sonoraenequipo.com.mx\/impulsan-gobernadora-y-asociaciones-civiles-red-de-apoyo-a-grupos-vulnerables\/#respond\"]}]},{\"@type\":\"WebPage\",\"@id\":\"https:\/\/www.sonoraenequipo.com.mx\/impulsan-gobernadora-y-asociaciones-civiles-red-de-apoyo-a-grupos-vulnerables\/\",\"url\":\"https:\/\/www.sonoraenequipo.com.mx\/impulsan-gobernadora-y-asociaciones-civiles-red-de-apoyo-a-grupos-vulnerables\/\",\"name\":\"Sonora en Equipo. Impulsan Gobernadora y Asociaciones Civiles red de apoyo a grupos vulnerables Sonora\",\"isPartOf\":{\"@id\":\"https:\/\/www.sonoraenequipo.com.mx\/#website\"},\"primaryImageOfPage\":{\"@id\":\"https:\/\/www.sonoraenequipo.com.mx\/impulsan-gobernadora-y-asociaciones-civiles-red-de-apoyo-a-grupos-vulnerables\/#primaryimage\"},\"image\":{\"@id\":\"https:\/\/www.sonoraenequipo.com.mx\/impulsan-gobernadora-y-asociaciones-civiles-red-de-apoyo-a-grupos-vulnerables\/#primaryimage\"},\"thumbnailUrl\":\"https:\/\/www.sonoraenequipo.com.mx\/storage\/2019\/08\/Embajadores-de-la-Ciencia-Sonora5_opt.jpg\",\"datePublished\":\"2019-08-20T01:29:13+00:00\",\"dateModified\":\"2019-08-20T23:35:29+00:00\",\"description\":\"HERMOSILLO,SONORA. MX.\u2014 Crear una red estatal que impulse acciones y genere mayores beneficios para los sectores vulnerables de la entidad, fue el En Sonora en Equipo publicamos toda la informaci\u00f3n de Sonora, M\u00e9xico y el Mundo de manera oportuna y busca que la libertad de expresi\u00f3n sea real. Visita nuestro medio informativo publicado desde Hermosillo, Sonora. %\",\"breadcrumb\":{\"@id\":\"https:\/\/www.sonoraenequipo.com.mx\/impulsan-gobernadora-y-asociaciones-civiles-red-de-apoyo-a-grupos-vulnerables\/#breadcrumb\"},\"inLanguage\":\"es\",\"potentialAction\":[{\"@type\":\"ReadAction\",\"target\":[\"https:\/\/www.sonoraenequipo.com.mx\/impulsan-gobernadora-y-asociaciones-civiles-red-de-apoyo-a-grupos-vulnerables\/\"]}]},{\"@type\":\"ImageObject\",\"inLanguage\":\"es\",\"@id\":\"https:\/\/www.sonoraenequipo.com.mx\/impulsan-gobernadora-y-asociaciones-civiles-red-de-apoyo-a-grupos-vulnerables\/#primaryimage\",\"url\":\"https:\/\/www.sonoraenequipo.com.mx\/storage\/2019\/08\/Embajadores-de-la-Ciencia-Sonora5_opt.jpg\",\"contentUrl\":\"https:\/\/www.sonoraenequipo.com.mx\/storage\/2019\/08\/Embajadores-de-la-Ciencia-Sonora5_opt.jpg\",\"width\":600,\"height\":400},{\"@type\":\"BreadcrumbList\",\"@id\":\"https:\/\/www.sonoraenequipo.com.mx\/impulsan-gobernadora-y-asociaciones-civiles-red-de-apoyo-a-grupos-vulnerables\/#breadcrumb\",\"itemListElement\":[{\"@type\":\"ListItem\",\"position\":1,\"name\":\"Portada\",\"item\":\"https:\/\/www.sonoraenequipo.com.mx\/\"},{\"@type\":\"ListItem\",\"position\":2,\"name\":\"Impulsan Gobernadora y Asociaciones Civiles red de apoyo a grupos vulnerables\"}]},{\"@type\":\"WebSite\",\"@id\":\"https:\/\/www.sonoraenequipo.com.mx\/#website\",\"url\":\"https:\/\/www.sonoraenequipo.com.mx\/\",\"name\":\"Sonora en Equipo.\",\"description\":\"Diario en l\u00ednea con Noticias desde Hermosillo, Sonora\",\"publisher\":{\"@id\":\"https:\/\/www.sonoraenequipo.com.mx\/#organization\"},\"potentialAction\":[{\"@type\":\"SearchAction\",\"target\":{\"@type\":\"EntryPoint\",\"urlTemplate\":\"https:\/\/www.sonoraenequipo.com.mx\/?s={search_term_string}\"},\"query-input\":{\"@type\":\"PropertyValueSpecification\",\"valueRequired\":true,\"valueName\":\"search_term_string\"}}],\"inLanguage\":\"es\"},{\"@type\":\"Organization\",\"@id\":\"https:\/\/www.sonoraenequipo.com.mx\/#organization\",\"name\":\"Sonoraenequipo.com.mx\",\"url\":\"https:\/\/www.sonoraenequipo.com.mx\/\",\"logo\":{\"@type\":\"ImageObject\",\"inLanguage\":\"es\",\"@id\":\"https:\/\/www.sonoraenequipo.com.mx\/#\/schema\/logo\/image\/\",\"url\":\"https:\/\/www.sonoraenequipo.com.mx\/storage\/2019\/01\/sonoraenequipo_opt.png\",\"contentUrl\":\"https:\/\/www.sonoraenequipo.com.mx\/storage\/2019\/01\/sonoraenequipo_opt.png\",\"width\":375,\"height\":125,\"caption\":\"Sonoraenequipo.com.mx\"},\"image\":{\"@id\":\"https:\/\/www.sonoraenequipo.com.mx\/#\/schema\/logo\/image\/\"},\"sameAs\":[\"https:\/\/www.facebook.com\/SonoraEE\/\",\"https:\/\/x.com\/sonoraenequipo\",\"https:\/\/www.youtube.com\/channel\/UC338nW-lPEYmJQs4ZABQ1SQ\"]},{\"@type\":\"Person\",\"@id\":\"https:\/\/www.sonoraenequipo.com.mx\/#\/schema\/person\/50102df0fb23a8fa9e8effad8fa81386\",\"name\":\"enequipo\",\"image\":{\"@type\":\"ImageObject\",\"inLanguage\":\"es\",\"@id\":\"https:\/\/www.sonoraenequipo.com.mx\/#\/schema\/person\/image\/\",\"url\":\"https:\/\/secure.gravatar.com\/avatar\/049821681b589dabc0bc20695993ccebb09f5b5d4d790cd9251b97faac7c652b?s=96&d=blank&r=g\",\"contentUrl\":\"https:\/\/secure.gravatar.com\/avatar\/049821681b589dabc0bc20695993ccebb09f5b5d4d790cd9251b97faac7c652b?s=96&d=blank&r=g\",\"caption\":\"enequipo\"},\"sameAs\":[\"https:\/\/www.facebook.com\/SonoraEE\"]}]}<\/script>\n ","yoast_head_json":{"title":"Sonora en Equipo. Impulsan Gobernadora y Asociaciones Civiles red de apoyo a grupos vulnerables Sonora","description":"HERMOSILLO,SONORA. MX.\u2014 Crear una red estatal que impulse acciones y genere mayores beneficios para los sectores vulnerables de la entidad, fue el En Sonora en Equipo publicamos toda la informaci\u00f3n de Sonora, M\u00e9xico y el Mundo de manera oportuna y busca que la libertad de expresi\u00f3n sea real. Visita nuestro medio informativo publicado desde Hermosillo, Sonora. %","robots":{"index":"index","follow":"follow","max-snippet":"max-snippet:-1","max-image-preview":"max-image-preview:large","max-video-preview":"max-video-preview:-1"},"canonical":"https:\/\/www.sonoraenequipo.com.mx\/impulsan-gobernadora-y-asociaciones-civiles-red-de-apoyo-a-grupos-vulnerables\/","og_locale":"es_ES","og_type":"article","og_title":"Sonora en Equipo. Impulsan Gobernadora y Asociaciones Civiles red de apoyo a grupos vulnerables Sonora","og_description":"HERMOSILLO,SONORA. MX.\u2014 Crear una red estatal que impulse acciones y genere mayores beneficios para los sectores vulnerables de la entidad, fue el En Sonora en Equipo publicamos toda la informaci\u00f3n de Sonora, M\u00e9xico y el Mundo de manera oportuna y busca que la libertad de expresi\u00f3n sea real. Visita nuestro medio informativo publicado desde Hermosillo, Sonora. %","og_url":"https:\/\/www.sonoraenequipo.com.mx\/impulsan-gobernadora-y-asociaciones-civiles-red-de-apoyo-a-grupos-vulnerables\/","og_site_name":"Sonora en Equipo.","article_publisher":"https:\/\/www.facebook.com\/SonoraEE\/","article_author":"https:\/\/www.facebook.com\/SonoraEE","article_published_time":"2019-08-20T01:29:13+00:00","article_modified_time":"2019-08-20T23:35:29+00:00","og_image":[{"width":600,"height":400,"url":"https:\/\/www.sonoraenequipo.com.mx\/storage\/2019\/08\/Embajadores-de-la-Ciencia-Sonora5_opt.jpg","type":"image\/jpeg"}],"author":"enequipo","twitter_card":"summary_large_image","twitter_creator":"@sonoraenequipo","twitter_site":"@sonoraenequipo","twitter_misc":{"Escrito por":"enequipo","Tiempo de lectura":"3 minutos"},"schema":{"@context":"https:\/\/schema.org","@graph":[{"@type":"Article","@id":"https:\/\/www.sonoraenequipo.com.mx\/impulsan-gobernadora-y-asociaciones-civiles-red-de-apoyo-a-grupos-vulnerables\/#article","isPartOf":{"@id":"https:\/\/www.sonoraenequipo.com.mx\/impulsan-gobernadora-y-asociaciones-civiles-red-de-apoyo-a-grupos-vulnerables\/"},"author":{"name":"enequipo","@id":"https:\/\/www.sonoraenequipo.com.mx\/#\/schema\/person\/50102df0fb23a8fa9e8effad8fa81386"},"headline":"Impulsan Gobernadora y Asociaciones Civiles red de apoyo a grupos vulnerables","datePublished":"2019-08-20T01:29:13+00:00","dateModified":"2019-08-20T23:35:29+00:00","mainEntityOfPage":{"@id":"https:\/\/www.sonoraenequipo.com.mx\/impulsan-gobernadora-y-asociaciones-civiles-red-de-apoyo-a-grupos-vulnerables\/"},"wordCount":573,"commentCount":0,"publisher":{"@id":"https:\/\/www.sonoraenequipo.com.mx\/#organization"},"image":{"@id":"https:\/\/www.sonoraenequipo.com.mx\/impulsan-gobernadora-y-asociaciones-civiles-red-de-apoyo-a-grupos-vulnerables\/#primaryimage"},"thumbnailUrl":"https:\/\/www.sonoraenequipo.com.mx\/storage\/2019\/08\/Embajadores-de-la-Ciencia-Sonora5_opt.jpg","articleSection":["Sonora"],"inLanguage":"es","potentialAction":[{"@type":"CommentAction","name":"Comment","target":["https:\/\/www.sonoraenequipo.com.mx\/impulsan-gobernadora-y-asociaciones-civiles-red-de-apoyo-a-grupos-vulnerables\/#respond"]}]},{"@type":"WebPage","@id":"https:\/\/www.sonoraenequipo.com.mx\/impulsan-gobernadora-y-asociaciones-civiles-red-de-apoyo-a-grupos-vulnerables\/","url":"https:\/\/www.sonoraenequipo.com.mx\/impulsan-gobernadora-y-asociaciones-civiles-red-de-apoyo-a-grupos-vulnerables\/","name":"Sonora en Equipo. Impulsan Gobernadora y Asociaciones Civiles red de apoyo a grupos vulnerables Sonora","isPartOf":{"@id":"https:\/\/www.sonoraenequipo.com.mx\/#website"},"primaryImageOfPage":{"@id":"https:\/\/www.sonoraenequipo.com.mx\/impulsan-gobernadora-y-asociaciones-civiles-red-de-apoyo-a-grupos-vulnerables\/#primaryimage"},"image":{"@id":"https:\/\/www.sonoraenequipo.com.mx\/impulsan-gobernadora-y-asociaciones-civiles-red-de-apoyo-a-grupos-vulnerables\/#primaryimage"},"thumbnailUrl":"https:\/\/www.sonoraenequipo.com.mx\/storage\/2019\/08\/Embajadores-de-la-Ciencia-Sonora5_opt.jpg","datePublished":"2019-08-20T01:29:13+00:00","dateModified":"2019-08-20T23:35:29+00:00","description":"HERMOSILLO,SONORA. MX.\u2014 Crear una red estatal que impulse acciones y genere mayores beneficios para los sectores vulnerables de la entidad, fue el En Sonora en Equipo publicamos toda la informaci\u00f3n de Sonora, M\u00e9xico y el Mundo de manera oportuna y busca que la libertad de expresi\u00f3n sea real. Visita nuestro medio informativo publicado desde Hermosillo, Sonora. %","breadcrumb":{"@id":"https:\/\/www.sonoraenequipo.com.mx\/impulsan-gobernadora-y-asociaciones-civiles-red-de-apoyo-a-grupos-vulnerables\/#breadcrumb"},"inLanguage":"es","potentialAction":[{"@type":"ReadAction","target":["https:\/\/www.sonoraenequipo.com.mx\/impulsan-gobernadora-y-asociaciones-civiles-red-de-apoyo-a-grupos-vulnerables\/"]}]},{"@type":"ImageObject","inLanguage":"es","@id":"https:\/\/www.sonoraenequipo.com.mx\/impulsan-gobernadora-y-asociaciones-civiles-red-de-apoyo-a-grupos-vulnerables\/#primaryimage","url":"https:\/\/www.sonoraenequipo.com.mx\/storage\/2019\/08\/Embajadores-de-la-Ciencia-Sonora5_opt.jpg","contentUrl":"https:\/\/www.sonoraenequipo.com.mx\/storage\/2019\/08\/Embajadores-de-la-Ciencia-Sonora5_opt.jpg","width":600,"height":400},{"@type":"BreadcrumbList","@id":"https:\/\/www.sonoraenequipo.com.mx\/impulsan-gobernadora-y-asociaciones-civiles-red-de-apoyo-a-grupos-vulnerables\/#breadcrumb","itemListElement":[{"@type":"ListItem","position":1,"name":"Portada","item":"https:\/\/www.sonoraenequipo.com.mx\/"},{"@type":"ListItem","position":2,"name":"Impulsan Gobernadora y Asociaciones Civiles red de apoyo a grupos vulnerables"}]},{"@type":"WebSite","@id":"https:\/\/www.sonoraenequipo.com.mx\/#website","url":"https:\/\/www.sonoraenequipo.com.mx\/","name":"Sonora en Equipo.","description":"Diario en l\u00ednea con Noticias desde Hermosillo, Sonora","publisher":{"@id":"https:\/\/www.sonoraenequipo.com.mx\/#organization"},"potentialAction":[{"@type":"SearchAction","target":{"@type":"EntryPoint","urlTemplate":"https:\/\/www.sonoraenequipo.com.mx\/?s={search_term_string}"},"query-input":{"@type":"PropertyValueSpecification","valueRequired":true,"valueName":"search_term_string"}}],"inLanguage":"es"},{"@type":"Organization","@id":"https:\/\/www.sonoraenequipo.com.mx\/#organization","name":"Sonoraenequipo.com.mx","url":"https:\/\/www.sonoraenequipo.com.mx\/","logo":{"@type":"ImageObject","inLanguage":"es","@id":"https:\/\/www.sonoraenequipo.com.mx\/#\/schema\/logo\/image\/","url":"https:\/\/www.sonoraenequipo.com.mx\/storage\/2019\/01\/sonoraenequipo_opt.png","contentUrl":"https:\/\/www.sonoraenequipo.com.mx\/storage\/2019\/01\/sonoraenequipo_opt.png","width":375,"height":125,"caption":"Sonoraenequipo.com.mx"},"image":{"@id":"https:\/\/www.sonoraenequipo.com.mx\/#\/schema\/logo\/image\/"},"sameAs":["https:\/\/www.facebook.com\/SonoraEE\/","https:\/\/x.com\/sonoraenequipo","https:\/\/www.youtube.com\/channel\/UC338nW-lPEYmJQs4ZABQ1SQ"]},{"@type":"Person","@id":"https:\/\/www.sonoraenequipo.com.mx\/#\/schema\/person\/50102df0fb23a8fa9e8effad8fa81386","name":"enequipo","image":{"@type":"ImageObject","inLanguage":"es","@id":"https:\/\/www.sonoraenequipo.com.mx\/#\/schema\/person\/image\/","url":"https:\/\/secure.gravatar.com\/avatar\/049821681b589dabc0bc20695993ccebb09f5b5d4d790cd9251b97faac7c652b?s=96&d=blank&r=g","contentUrl":"https:\/\/secure.gravatar.com\/avatar\/049821681b589dabc0bc20695993ccebb09f5b5d4d790cd9251b97faac7c652b?s=96&d=blank&r=g","caption":"enequipo"},"sameAs":["https:\/\/www.facebook.com\/SonoraEE"]}]}},"jetpack_featured_media_url":"https:\/\/www.sonoraenequipo.com.mx\/storage\/2019\/08\/Embajadores-de-la-Ciencia-Sonora5_opt.jpg","_links":{"self":[{"href":"https:\/\/www.sonoraenequipo.com.mx\/api\/wp\/v2\/posts\/65861","targetHints":{"allow":["GET"]}}],"collection":[{"href":"https:\/\/www.sonoraenequipo.com.mx\/api\/wp\/v2\/posts"}],"about":[{"href":"https:\/\/www.sonoraenequipo.com.mx\/api\/wp\/v2\/types\/post"}],"author":[{"embeddable":true,"href":"https:\/\/www.sonoraenequipo.com.mx\/api\/wp\/v2\/users\/1"}],"replies":[{"embeddable":true,"href":"https:\/\/www.sonoraenequipo.com.mx\/api\/wp\/v2\/comments?post=65861"}],"version-history":[{"count":0,"href":"https:\/\/www.sonoraenequipo.com.mx\/api\/wp\/v2\/posts\/65861\/revisions"}],"wp:featuredmedia":[{"embeddable":true,"href":"https:\/\/www.sonoraenequipo.com.mx\/api\/wp\/v2\/media\/65849"}],"wp:attachment":[{"href":"https:\/\/www.sonoraenequipo.com.mx\/api\/wp\/v2\/media?parent=65861"}],"wp:term":[{"taxonomy":"category","embeddable":true,"href":"https:\/\/www.sonoraenequipo.com.mx\/api\/wp\/v2\/categories?post=65861"},{"taxonomy":"post_tag","embeddable":true,"href":"https:\/\/www.sonoraenequipo.com.mx\/api\/wp\/v2\/tags?post=65861"}],"curies":[{"name":"wp","href":"https:\/\/api.w.org\/{rel}","templated":true}]}}