{"id":65874,"date":"2019-08-20T17:19:37","date_gmt":"2019-08-21T00:19:37","guid":{"rendered":"https:\/\/www.sonoraenequipo.com.mx\/?p=65874"},"modified":"2019-08-20T17:19:37","modified_gmt":"2019-08-21T00:19:37","slug":"se-busca-modificar-el-mecanismo-de-alertas-de-genero","status":"publish","type":"post","link":"https:\/\/www.sonoraenequipo.com.mx\/se-busca-modificar-el-mecanismo-de-alertas-de-genero\/","title":{"rendered":"Se busca modificar el mecanismo de alertas de g\u00e9nero"},"content":{"rendered":"<p>La presidenta de la Comisi\u00f3n de Igualdad de G\u00e9nero de la C\u00e1mara de Diputados Wendy Brice\u00f1o Zuloaga, hizo un llamado a los gobiernos estatales, a asumir que la problem\u00e1tica de la violencia de g\u00e9nero contra las mujeres es tan suya como del Gobierno Federal, y a no tomar una declaratoria de alerta como un tema personal, sino como un llamado de atenci\u00f3n y acci\u00f3n urgente <\/p>\n<p><em>\u00abEntendemos que hay una situaci\u00f3n de emergencia que vive M\u00e9xico, por lo que nos parece vital avanzar hacia una discusi\u00f3n profunda respecto al tema de violencia de g\u00e9nero y particularmente sobre el mecanismo de las alertas de g\u00e9nero, sobre todo asumiendo la responsabilidad que tiene la Comisi\u00f3n de Igualdad de G\u00e9nero de abonar a que se garantice una vida libre de violencia para las mujeres y ni\u00f1as\u00bb<\/em><\/p>\n<p>En el marco de la inauguraci\u00f3n de la Mesa de dictaminaci\u00f3n: <em><strong>\u201cAlerta de violencia de g\u00e9nero contra las mujeres\u201d<\/strong><\/em>, que cont\u00f3 con la participaci\u00f3n de autoridades, asociaciones civiles y legisladoras, a fin de recibir propuestas y analizar el panorama actual para concretar una propuesta legislativa en la materia, la diputada Brice\u00f1o Zuloaga hizo incap\u00ede:<\/p>\n<p><em>\u201cA m\u00ed me parece que tenemos aqu\u00ed, en la C\u00e1mara de Diputados y diputadas, una responsabilidad muy alta, porque representamos al pueblo y en nuestro caso, como Comisi\u00f3n de Igualdad, estamos adem\u00e1s atendiendo los temas de toda la sociedad, pero particularmente los temas de poco m\u00e1s de la mitad de la poblaci\u00f3n mexicana\u201d<\/em><\/p>\n<p>Adem\u00e1s, consider\u00f3 que se debe cambiar la visi\u00f3n de las alertas de g\u00e9nero como mecanismos para castigar, aprobar o reprobar a los gobiernos estatales, y quitar cualquier tema de politizaci\u00f3n de estos instrumentos.<\/p>\n<p>Finalmente, Brice\u00f1o Zuloaga refrend\u00f3 su compromiso de seguir trabajando a favor de los temas de la agenda de g\u00e9nero y en puerta a la discusi\u00f3n del Paquete Econ\u00f3mico para el ejercicio fiscal 2020, dijo, buscar\u00e1n ampliar y mejorar los recursos que se destinan a la erradicaci\u00f3n de la violencia contra las mujeres y ni\u00f1as.<\/p>\n<p>PUBLICADO EL 20\/08\/2019<\/p>\n","protected":false},"excerpt":{"rendered":"<p>La presidenta de la Comisi\u00f3n de Igualdad de G\u00e9nero de la C\u00e1mara de Diputados Wendy&#8230;<\/p>\n","protected":false},"author":1,"featured_media":65876,"comment_status":"open","ping_status":"open","sticky":false,"template":"","format":"standard","meta":{"_monsterinsights_skip_tracking":false,"_monsterinsights_sitenote_active":false,"_monsterinsights_sitenote_note":"","_monsterinsights_sitenote_category":0,"footnotes":""},"categories":[5],"tags":[],"class_list":["post"],"yoast_head":" \n<title>Sonora en Equipo. Se busca modificar el mecanismo de alertas de g\u00e9nero Rep\u00fablica<\/title>\n<meta name=\"description\" content=\"La presidenta de la Comisi\u00f3n de Igualdad de G\u00e9nero de la C\u00e1mara de Diputados Wendy Brice\u00f1o Zuloaga, hizo un llamado a los gobiernos estatales, a asumir En Sonora en Equipo publicamos toda la informaci\u00f3n de Sonora, M\u00e9xico y el Mundo de manera oportuna y busca que la libertad de expresi\u00f3n sea real. Visita nuestro medio informativo publicado desde Hermosillo, Sonora. %\" \/>\n<meta name=\"robots\" content=\"index, follow, max-snippet:-1, max-image-preview:large, max-video-preview:-1\" \/>\n<link rel=\"canonical\" href=\"https:\/\/www.sonoraenequipo.com.mx\/se-busca-modificar-el-mecanismo-de-alertas-de-genero\/\" \/>\n<meta property=\"og:locale\" content=\"es_ES\" \/>\n<meta property=\"og:type\" content=\"article\" \/>\n<meta property=\"og:title\" content=\"Sonora en Equipo. Se busca modificar el mecanismo de alertas de g\u00e9nero Rep\u00fablica\" \/>\n<meta property=\"og:description\" content=\"La presidenta de la Comisi\u00f3n de Igualdad de G\u00e9nero de la C\u00e1mara de Diputados Wendy Brice\u00f1o Zuloaga, hizo un llamado a los gobiernos estatales, a asumir En Sonora en Equipo publicamos toda la informaci\u00f3n de Sonora, M\u00e9xico y el Mundo de manera oportuna y busca que la libertad de expresi\u00f3n sea real. Visita nuestro medio informativo publicado desde Hermosillo, Sonora. %\" \/>\n<meta property=\"og:url\" content=\"https:\/\/www.sonoraenequipo.com.mx\/se-busca-modificar-el-mecanismo-de-alertas-de-genero\/\" \/>\n<meta property=\"og:site_name\" content=\"Sonora en Equipo.\" \/>\n<meta property=\"article:publisher\" content=\"https:\/\/www.facebook.com\/SonoraEE\/\" \/>\n<meta property=\"article:author\" content=\"https:\/\/www.facebook.com\/SonoraEE\" \/>\n<meta property=\"article:published_time\" content=\"2019-08-21T00:19:37+00:00\" \/>\n<meta property=\"og:image\" content=\"https:\/\/www.sonoraenequipo.com.mx\/storage\/2019\/08\/Wendy-Brisen\u0303o_opt1.jpg\" \/>\n\t<meta property=\"og:image:width\" content=\"718\" \/>\n\t<meta property=\"og:image:height\" content=\"439\" \/>\n\t<meta property=\"og:image:type\" content=\"image\/jpeg\" \/>\n<meta name=\"author\" content=\"enequipo\" \/>\n<meta name=\"twitter:card\" content=\"summary_large_image\" \/>\n<meta name=\"twitter:creator\" content=\"@sonoraenequipo\" \/>\n<meta name=\"twitter:site\" content=\"@sonoraenequipo\" \/>\n<meta name=\"twitter:label1\" content=\"Escrito por\" \/>\n\t<meta name=\"twitter:data1\" content=\"enequipo\" \/>\n\t<meta name=\"twitter:label2\" content=\"Tiempo de lectura\" \/>\n\t<meta name=\"twitter:data2\" content=\"2 minutos\" \/>\n<script type=\"application\/ld+json\" class=\"yoast-schema-graph\">{\"@context\":\"https:\/\/schema.org\",\"@graph\":[{\"@type\":\"Article\",\"@id\":\"https:\/\/www.sonoraenequipo.com.mx\/se-busca-modificar-el-mecanismo-de-alertas-de-genero\/#article\",\"isPartOf\":{\"@id\":\"https:\/\/www.sonoraenequipo.com.mx\/se-busca-modificar-el-mecanismo-de-alertas-de-genero\/\"},\"author\":{\"name\":\"enequipo\",\"@id\":\"https:\/\/www.sonoraenequipo.com.mx\/#\/schema\/person\/50102df0fb23a8fa9e8effad8fa81386\"},\"headline\":\"Se busca modificar el mecanismo de alertas de g\u00e9nero\",\"datePublished\":\"2019-08-21T00:19:37+00:00\",\"mainEntityOfPage\":{\"@id\":\"https:\/\/www.sonoraenequipo.com.mx\/se-busca-modificar-el-mecanismo-de-alertas-de-genero\/\"},\"wordCount\":375,\"commentCount\":0,\"publisher\":{\"@id\":\"https:\/\/www.sonoraenequipo.com.mx\/#organization\"},\"image\":{\"@id\":\"https:\/\/www.sonoraenequipo.com.mx\/se-busca-modificar-el-mecanismo-de-alertas-de-genero\/#primaryimage\"},\"thumbnailUrl\":\"https:\/\/www.sonoraenequipo.com.mx\/storage\/2019\/08\/Wendy-Brisen\u0303o_opt1.jpg\",\"articleSection\":[\"Rep\u00fablica\"],\"inLanguage\":\"es\",\"potentialAction\":[{\"@type\":\"CommentAction\",\"name\":\"Comment\",\"target\":[\"https:\/\/www.sonoraenequipo.com.mx\/se-busca-modificar-el-mecanismo-de-alertas-de-genero\/#respond\"]}]},{\"@type\":\"WebPage\",\"@id\":\"https:\/\/www.sonoraenequipo.com.mx\/se-busca-modificar-el-mecanismo-de-alertas-de-genero\/\",\"url\":\"https:\/\/www.sonoraenequipo.com.mx\/se-busca-modificar-el-mecanismo-de-alertas-de-genero\/\",\"name\":\"Sonora en Equipo. Se busca modificar el mecanismo de alertas de g\u00e9nero Rep\u00fablica\",\"isPartOf\":{\"@id\":\"https:\/\/www.sonoraenequipo.com.mx\/#website\"},\"primaryImageOfPage\":{\"@id\":\"https:\/\/www.sonoraenequipo.com.mx\/se-busca-modificar-el-mecanismo-de-alertas-de-genero\/#primaryimage\"},\"image\":{\"@id\":\"https:\/\/www.sonoraenequipo.com.mx\/se-busca-modificar-el-mecanismo-de-alertas-de-genero\/#primaryimage\"},\"thumbnailUrl\":\"https:\/\/www.sonoraenequipo.com.mx\/storage\/2019\/08\/Wendy-Brisen\u0303o_opt1.jpg\",\"datePublished\":\"2019-08-21T00:19:37+00:00\",\"description\":\"La presidenta de la Comisi\u00f3n de Igualdad de G\u00e9nero de la C\u00e1mara de Diputados Wendy Brice\u00f1o Zuloaga, hizo un llamado a los gobiernos estatales, a asumir En Sonora en Equipo publicamos toda la informaci\u00f3n de Sonora, M\u00e9xico y el Mundo de manera oportuna y busca que la libertad de expresi\u00f3n sea real. Visita nuestro medio informativo publicado desde Hermosillo, Sonora. %\",\"breadcrumb\":{\"@id\":\"https:\/\/www.sonoraenequipo.com.mx\/se-busca-modificar-el-mecanismo-de-alertas-de-genero\/#breadcrumb\"},\"inLanguage\":\"es\",\"potentialAction\":[{\"@type\":\"ReadAction\",\"target\":[\"https:\/\/www.sonoraenequipo.com.mx\/se-busca-modificar-el-mecanismo-de-alertas-de-genero\/\"]}]},{\"@type\":\"ImageObject\",\"inLanguage\":\"es\",\"@id\":\"https:\/\/www.sonoraenequipo.com.mx\/se-busca-modificar-el-mecanismo-de-alertas-de-genero\/#primaryimage\",\"url\":\"https:\/\/www.sonoraenequipo.com.mx\/storage\/2019\/08\/Wendy-Brisen\u0303o_opt1.jpg\",\"contentUrl\":\"https:\/\/www.sonoraenequipo.com.mx\/storage\/2019\/08\/Wendy-Brisen\u0303o_opt1.jpg\",\"width\":718,\"height\":439},{\"@type\":\"BreadcrumbList\",\"@id\":\"https:\/\/www.sonoraenequipo.com.mx\/se-busca-modificar-el-mecanismo-de-alertas-de-genero\/#breadcrumb\",\"itemListElement\":[{\"@type\":\"ListItem\",\"position\":1,\"name\":\"Portada\",\"item\":\"https:\/\/www.sonoraenequipo.com.mx\/\"},{\"@type\":\"ListItem\",\"position\":2,\"name\":\"Se busca modificar el mecanismo de alertas de g\u00e9nero\"}]},{\"@type\":\"WebSite\",\"@id\":\"https:\/\/www.sonoraenequipo.com.mx\/#website\",\"url\":\"https:\/\/www.sonoraenequipo.com.mx\/\",\"name\":\"Sonora en Equipo.\",\"description\":\"Diario en l\u00ednea con Noticias desde Hermosillo, Sonora\",\"publisher\":{\"@id\":\"https:\/\/www.sonoraenequipo.com.mx\/#organization\"},\"potentialAction\":[{\"@type\":\"SearchAction\",\"target\":{\"@type\":\"EntryPoint\",\"urlTemplate\":\"https:\/\/www.sonoraenequipo.com.mx\/?s={search_term_string}\"},\"query-input\":{\"@type\":\"PropertyValueSpecification\",\"valueRequired\":true,\"valueName\":\"search_term_string\"}}],\"inLanguage\":\"es\"},{\"@type\":\"Organization\",\"@id\":\"https:\/\/www.sonoraenequipo.com.mx\/#organization\",\"name\":\"Sonoraenequipo.com.mx\",\"url\":\"https:\/\/www.sonoraenequipo.com.mx\/\",\"logo\":{\"@type\":\"ImageObject\",\"inLanguage\":\"es\",\"@id\":\"https:\/\/www.sonoraenequipo.com.mx\/#\/schema\/logo\/image\/\",\"url\":\"https:\/\/www.sonoraenequipo.com.mx\/storage\/2019\/01\/sonoraenequipo_opt.png\",\"contentUrl\":\"https:\/\/www.sonoraenequipo.com.mx\/storage\/2019\/01\/sonoraenequipo_opt.png\",\"width\":375,\"height\":125,\"caption\":\"Sonoraenequipo.com.mx\"},\"image\":{\"@id\":\"https:\/\/www.sonoraenequipo.com.mx\/#\/schema\/logo\/image\/\"},\"sameAs\":[\"https:\/\/www.facebook.com\/SonoraEE\/\",\"https:\/\/x.com\/sonoraenequipo\",\"https:\/\/www.youtube.com\/channel\/UC338nW-lPEYmJQs4ZABQ1SQ\"]},{\"@type\":\"Person\",\"@id\":\"https:\/\/www.sonoraenequipo.com.mx\/#\/schema\/person\/50102df0fb23a8fa9e8effad8fa81386\",\"name\":\"enequipo\",\"image\":{\"@type\":\"ImageObject\",\"inLanguage\":\"es\",\"@id\":\"https:\/\/www.sonoraenequipo.com.mx\/#\/schema\/person\/image\/\",\"url\":\"https:\/\/secure.gravatar.com\/avatar\/049821681b589dabc0bc20695993ccebb09f5b5d4d790cd9251b97faac7c652b?s=96&d=blank&r=g\",\"contentUrl\":\"https:\/\/secure.gravatar.com\/avatar\/049821681b589dabc0bc20695993ccebb09f5b5d4d790cd9251b97faac7c652b?s=96&d=blank&r=g\",\"caption\":\"enequipo\"},\"sameAs\":[\"https:\/\/www.facebook.com\/SonoraEE\"]}]}<\/script>\n ","yoast_head_json":{"title":"Sonora en Equipo. Se busca modificar el mecanismo de alertas de g\u00e9nero Rep\u00fablica","description":"La presidenta de la Comisi\u00f3n de Igualdad de G\u00e9nero de la C\u00e1mara de Diputados Wendy Brice\u00f1o Zuloaga, hizo un llamado a los gobiernos estatales, a asumir En Sonora en Equipo publicamos toda la informaci\u00f3n de Sonora, M\u00e9xico y el Mundo de manera oportuna y busca que la libertad de expresi\u00f3n sea real. Visita nuestro medio informativo publicado desde Hermosillo, Sonora. %","robots":{"index":"index","follow":"follow","max-snippet":"max-snippet:-1","max-image-preview":"max-image-preview:large","max-video-preview":"max-video-preview:-1"},"canonical":"https:\/\/www.sonoraenequipo.com.mx\/se-busca-modificar-el-mecanismo-de-alertas-de-genero\/","og_locale":"es_ES","og_type":"article","og_title":"Sonora en Equipo. Se busca modificar el mecanismo de alertas de g\u00e9nero Rep\u00fablica","og_description":"La presidenta de la Comisi\u00f3n de Igualdad de G\u00e9nero de la C\u00e1mara de Diputados Wendy Brice\u00f1o Zuloaga, hizo un llamado a los gobiernos estatales, a asumir En Sonora en Equipo publicamos toda la informaci\u00f3n de Sonora, M\u00e9xico y el Mundo de manera oportuna y busca que la libertad de expresi\u00f3n sea real. Visita nuestro medio informativo publicado desde Hermosillo, Sonora. %","og_url":"https:\/\/www.sonoraenequipo.com.mx\/se-busca-modificar-el-mecanismo-de-alertas-de-genero\/","og_site_name":"Sonora en Equipo.","article_publisher":"https:\/\/www.facebook.com\/SonoraEE\/","article_author":"https:\/\/www.facebook.com\/SonoraEE","article_published_time":"2019-08-21T00:19:37+00:00","og_image":[{"width":718,"height":439,"url":"https:\/\/www.sonoraenequipo.com.mx\/storage\/2019\/08\/Wendy-Brisen\u0303o_opt1.jpg","type":"image\/jpeg"}],"author":"enequipo","twitter_card":"summary_large_image","twitter_creator":"@sonoraenequipo","twitter_site":"@sonoraenequipo","twitter_misc":{"Escrito por":"enequipo","Tiempo de lectura":"2 minutos"},"schema":{"@context":"https:\/\/schema.org","@graph":[{"@type":"Article","@id":"https:\/\/www.sonoraenequipo.com.mx\/se-busca-modificar-el-mecanismo-de-alertas-de-genero\/#article","isPartOf":{"@id":"https:\/\/www.sonoraenequipo.com.mx\/se-busca-modificar-el-mecanismo-de-alertas-de-genero\/"},"author":{"name":"enequipo","@id":"https:\/\/www.sonoraenequipo.com.mx\/#\/schema\/person\/50102df0fb23a8fa9e8effad8fa81386"},"headline":"Se busca modificar el mecanismo de alertas de g\u00e9nero","datePublished":"2019-08-21T00:19:37+00:00","mainEntityOfPage":{"@id":"https:\/\/www.sonoraenequipo.com.mx\/se-busca-modificar-el-mecanismo-de-alertas-de-genero\/"},"wordCount":375,"commentCount":0,"publisher":{"@id":"https:\/\/www.sonoraenequipo.com.mx\/#organization"},"image":{"@id":"https:\/\/www.sonoraenequipo.com.mx\/se-busca-modificar-el-mecanismo-de-alertas-de-genero\/#primaryimage"},"thumbnailUrl":"https:\/\/www.sonoraenequipo.com.mx\/storage\/2019\/08\/Wendy-Brisen\u0303o_opt1.jpg","articleSection":["Rep\u00fablica"],"inLanguage":"es","potentialAction":[{"@type":"CommentAction","name":"Comment","target":["https:\/\/www.sonoraenequipo.com.mx\/se-busca-modificar-el-mecanismo-de-alertas-de-genero\/#respond"]}]},{"@type":"WebPage","@id":"https:\/\/www.sonoraenequipo.com.mx\/se-busca-modificar-el-mecanismo-de-alertas-de-genero\/","url":"https:\/\/www.sonoraenequipo.com.mx\/se-busca-modificar-el-mecanismo-de-alertas-de-genero\/","name":"Sonora en Equipo. Se busca modificar el mecanismo de alertas de g\u00e9nero Rep\u00fablica","isPartOf":{"@id":"https:\/\/www.sonoraenequipo.com.mx\/#website"},"primaryImageOfPage":{"@id":"https:\/\/www.sonoraenequipo.com.mx\/se-busca-modificar-el-mecanismo-de-alertas-de-genero\/#primaryimage"},"image":{"@id":"https:\/\/www.sonoraenequipo.com.mx\/se-busca-modificar-el-mecanismo-de-alertas-de-genero\/#primaryimage"},"thumbnailUrl":"https:\/\/www.sonoraenequipo.com.mx\/storage\/2019\/08\/Wendy-Brisen\u0303o_opt1.jpg","datePublished":"2019-08-21T00:19:37+00:00","description":"La presidenta de la Comisi\u00f3n de Igualdad de G\u00e9nero de la C\u00e1mara de Diputados Wendy Brice\u00f1o Zuloaga, hizo un llamado a los gobiernos estatales, a asumir En Sonora en Equipo publicamos toda la informaci\u00f3n de Sonora, M\u00e9xico y el Mundo de manera oportuna y busca que la libertad de expresi\u00f3n sea real. Visita nuestro medio informativo publicado desde Hermosillo, Sonora. %","breadcrumb":{"@id":"https:\/\/www.sonoraenequipo.com.mx\/se-busca-modificar-el-mecanismo-de-alertas-de-genero\/#breadcrumb"},"inLanguage":"es","potentialAction":[{"@type":"ReadAction","target":["https:\/\/www.sonoraenequipo.com.mx\/se-busca-modificar-el-mecanismo-de-alertas-de-genero\/"]}]},{"@type":"ImageObject","inLanguage":"es","@id":"https:\/\/www.sonoraenequipo.com.mx\/se-busca-modificar-el-mecanismo-de-alertas-de-genero\/#primaryimage","url":"https:\/\/www.sonoraenequipo.com.mx\/storage\/2019\/08\/Wendy-Brisen\u0303o_opt1.jpg","contentUrl":"https:\/\/www.sonoraenequipo.com.mx\/storage\/2019\/08\/Wendy-Brisen\u0303o_opt1.jpg","width":718,"height":439},{"@type":"BreadcrumbList","@id":"https:\/\/www.sonoraenequipo.com.mx\/se-busca-modificar-el-mecanismo-de-alertas-de-genero\/#breadcrumb","itemListElement":[{"@type":"ListItem","position":1,"name":"Portada","item":"https:\/\/www.sonoraenequipo.com.mx\/"},{"@type":"ListItem","position":2,"name":"Se busca modificar el mecanismo de alertas de g\u00e9nero"}]},{"@type":"WebSite","@id":"https:\/\/www.sonoraenequipo.com.mx\/#website","url":"https:\/\/www.sonoraenequipo.com.mx\/","name":"Sonora en Equipo.","description":"Diario en l\u00ednea con Noticias desde Hermosillo, Sonora","publisher":{"@id":"https:\/\/www.sonoraenequipo.com.mx\/#organization"},"potentialAction":[{"@type":"SearchAction","target":{"@type":"EntryPoint","urlTemplate":"https:\/\/www.sonoraenequipo.com.mx\/?s={search_term_string}"},"query-input":{"@type":"PropertyValueSpecification","valueRequired":true,"valueName":"search_term_string"}}],"inLanguage":"es"},{"@type":"Organization","@id":"https:\/\/www.sonoraenequipo.com.mx\/#organization","name":"Sonoraenequipo.com.mx","url":"https:\/\/www.sonoraenequipo.com.mx\/","logo":{"@type":"ImageObject","inLanguage":"es","@id":"https:\/\/www.sonoraenequipo.com.mx\/#\/schema\/logo\/image\/","url":"https:\/\/www.sonoraenequipo.com.mx\/storage\/2019\/01\/sonoraenequipo_opt.png","contentUrl":"https:\/\/www.sonoraenequipo.com.mx\/storage\/2019\/01\/sonoraenequipo_opt.png","width":375,"height":125,"caption":"Sonoraenequipo.com.mx"},"image":{"@id":"https:\/\/www.sonoraenequipo.com.mx\/#\/schema\/logo\/image\/"},"sameAs":["https:\/\/www.facebook.com\/SonoraEE\/","https:\/\/x.com\/sonoraenequipo","https:\/\/www.youtube.com\/channel\/UC338nW-lPEYmJQs4ZABQ1SQ"]},{"@type":"Person","@id":"https:\/\/www.sonoraenequipo.com.mx\/#\/schema\/person\/50102df0fb23a8fa9e8effad8fa81386","name":"enequipo","image":{"@type":"ImageObject","inLanguage":"es","@id":"https:\/\/www.sonoraenequipo.com.mx\/#\/schema\/person\/image\/","url":"https:\/\/secure.gravatar.com\/avatar\/049821681b589dabc0bc20695993ccebb09f5b5d4d790cd9251b97faac7c652b?s=96&d=blank&r=g","contentUrl":"https:\/\/secure.gravatar.com\/avatar\/049821681b589dabc0bc20695993ccebb09f5b5d4d790cd9251b97faac7c652b?s=96&d=blank&r=g","caption":"enequipo"},"sameAs":["https:\/\/www.facebook.com\/SonoraEE"]}]}},"jetpack_featured_media_url":"https:\/\/www.sonoraenequipo.com.mx\/storage\/2019\/08\/Wendy-Brisen\u0303o_opt1.jpg","_links":{"self":[{"href":"https:\/\/www.sonoraenequipo.com.mx\/api\/wp\/v2\/posts\/65874","targetHints":{"allow":["GET"]}}],"collection":[{"href":"https:\/\/www.sonoraenequipo.com.mx\/api\/wp\/v2\/posts"}],"about":[{"href":"https:\/\/www.sonoraenequipo.com.mx\/api\/wp\/v2\/types\/post"}],"author":[{"embeddable":true,"href":"https:\/\/www.sonoraenequipo.com.mx\/api\/wp\/v2\/users\/1"}],"replies":[{"embeddable":true,"href":"https:\/\/www.sonoraenequipo.com.mx\/api\/wp\/v2\/comments?post=65874"}],"version-history":[{"count":0,"href":"https:\/\/www.sonoraenequipo.com.mx\/api\/wp\/v2\/posts\/65874\/revisions"}],"wp:featuredmedia":[{"embeddable":true,"href":"https:\/\/www.sonoraenequipo.com.mx\/api\/wp\/v2\/media\/65876"}],"wp:attachment":[{"href":"https:\/\/www.sonoraenequipo.com.mx\/api\/wp\/v2\/media?parent=65874"}],"wp:term":[{"taxonomy":"category","embeddable":true,"href":"https:\/\/www.sonoraenequipo.com.mx\/api\/wp\/v2\/categories?post=65874"},{"taxonomy":"post_tag","embeddable":true,"href":"https:\/\/www.sonoraenequipo.com.mx\/api\/wp\/v2\/tags?post=65874"}],"curies":[{"name":"wp","href":"https:\/\/api.w.org\/{rel}","templated":true}]}}