{"id":65878,"date":"2019-08-20T17:50:05","date_gmt":"2019-08-21T00:50:05","guid":{"rendered":"https:\/\/www.sonoraenequipo.com.mx\/?p=65878"},"modified":"2019-08-20T17:25:40","modified_gmt":"2019-08-21T00:25:40","slug":"dice-conagua-que-podrian-impactar-varios-huracanes-a-sonora","status":"publish","type":"post","link":"https:\/\/www.sonoraenequipo.com.mx\/dice-conagua-que-podrian-impactar-varios-huracanes-a-sonora\/","title":{"rendered":"Dice Conagua que podr\u00edan impactar varios huracanes a Sonora"},"content":{"rendered":"<p>HERMOSILLO, SONORA. MX. \u2014 Durante los meses de septiembre y octubre pudieran llegar a Sonora cinco fen\u00f3menos naturales, entre tormentas tropicales y huracanes, por los que se mantiene activo el plan de Protecci\u00f3n Civil para apoyar a la ciudadan\u00eda en caso de necesitarlo. <\/p>\n<p>Jos\u00e9 Mar\u00eda Mart\u00ednez Rodr\u00edguez, director general de Organismo de Cuenca del Noroeste de la Comisi\u00f3n Nacional del Agua (Conagua), apunt\u00f3 que aunque ha sido un a\u00f1o seco, se espera que esto repunte con la llegada de estos sistemas meteorol\u00f3gicos.<\/p>\n<p>Detall\u00f3 que normalmente seis de cada 10 huracanes que llegan a Sonora impactan en la regi\u00f3n Sur, 25% la parte media de la costa, mientras que el 16% llega a la parte alta del Golfo de California.<\/p>\n<p>Normalmente son alrededor de 359 mil\u00edmetros anuales en todo la entidad los que se reciben de lluvia, expuso, este a\u00f1o a\u00fan hace falta alrededor del 15% para alcanzar el promedio que se ha tenido en los \u00faltimos 50 a\u00f1os.<\/p>\n<p><em>\u00abHa sido un a\u00f1o con muy poca lluvia, traemos un d\u00e9ficit de junio, julio, que lo estamos cargando en agosto, pero agosto tampoco, estamos a 10 d\u00edas de terminar el y no observamos que reaccione favorablemente como debiera ser el r\u00e9gimen, despu\u00e9s ya tenemos un 26% que es lo que esperamos en la lluvias de oto\u00f1o invierno\u00bb,<\/em> explic\u00f3.<\/p>\n<p>Por su parte, el coordinador de la Unidad Estatal de Protecci\u00f3n Civil (UEPC), Alberto Flores Chong, indic\u00f3 que la mayor actividad de tormentas, ciclones y huracanes para la entidad se presentan hist\u00f3ricamente durante los meses de septiembre y octubre, por lo que esperan haya m\u00e1s captaci\u00f3n de agua y se presenten lluvias generadas en el Oc\u00e9ano Pac\u00edfico.<\/p>\n<p><em>\u00abNos encontramos a la mitad de lo que es la temporada de huracanes en el caso del inicio de verano a la fecha hemos tenido sobre todo presencia de los fen\u00f3menos de tormentas de verano, o sea, fen\u00f3menos creados dentro de la misma \u00e1rea de Sonora, hasta este momento no hemos tenido presencia de fen\u00f3menos formados en el Oc\u00e9ano Pac\u00edfico como los que Conagua nos a pronosticado para este a\u00f1o\u00bb<\/em>, expuso.<\/p>\n<p>PUBLICADO EL 20\/08\/2019<\/p>\n","protected":false},"excerpt":{"rendered":"<p>HERMOSILLO, SONORA. MX. \u2014 Durante los meses de septiembre y octubre pudieran llegar a Sonora&#8230;<\/p>\n","protected":false},"author":1,"featured_media":65875,"comment_status":"open","ping_status":"open","sticky":false,"template":"","format":"standard","meta":{"_monsterinsights_skip_tracking":false,"_monsterinsights_sitenote_active":false,"_monsterinsights_sitenote_note":"","_monsterinsights_sitenote_category":0,"footnotes":""},"categories":[22],"tags":[],"class_list":["post"],"yoast_head":" \n<title>Sonora en Equipo. Dice Conagua que podr\u00edan impactar varios huracanes a Sonora Sonora<\/title>\n<meta name=\"description\" content=\"HERMOSILLO, SONORA. MX. \u2014 Durante los meses de septiembre y octubre pudieran llegar a Sonora cinco fen\u00f3menos naturales, entre tormentas tropicales y En Sonora en Equipo publicamos toda la informaci\u00f3n de Sonora, M\u00e9xico y el Mundo de manera oportuna y busca que la libertad de expresi\u00f3n sea real. Visita nuestro medio informativo publicado desde Hermosillo, Sonora. %\" \/>\n<meta name=\"robots\" content=\"index, follow, max-snippet:-1, max-image-preview:large, max-video-preview:-1\" \/>\n<link rel=\"canonical\" href=\"https:\/\/www.sonoraenequipo.com.mx\/dice-conagua-que-podrian-impactar-varios-huracanes-a-sonora\/\" \/>\n<meta property=\"og:locale\" content=\"es_ES\" \/>\n<meta property=\"og:type\" content=\"article\" \/>\n<meta property=\"og:title\" content=\"Sonora en Equipo. Dice Conagua que podr\u00edan impactar varios huracanes a Sonora Sonora\" \/>\n<meta property=\"og:description\" content=\"HERMOSILLO, SONORA. MX. \u2014 Durante los meses de septiembre y octubre pudieran llegar a Sonora cinco fen\u00f3menos naturales, entre tormentas tropicales y En Sonora en Equipo publicamos toda la informaci\u00f3n de Sonora, M\u00e9xico y el Mundo de manera oportuna y busca que la libertad de expresi\u00f3n sea real. Visita nuestro medio informativo publicado desde Hermosillo, Sonora. %\" \/>\n<meta property=\"og:url\" content=\"https:\/\/www.sonoraenequipo.com.mx\/dice-conagua-que-podrian-impactar-varios-huracanes-a-sonora\/\" \/>\n<meta property=\"og:site_name\" content=\"Sonora en Equipo.\" \/>\n<meta property=\"article:publisher\" content=\"https:\/\/www.facebook.com\/SonoraEE\/\" \/>\n<meta property=\"article:author\" content=\"https:\/\/www.facebook.com\/SonoraEE\" \/>\n<meta property=\"article:published_time\" content=\"2019-08-21T00:50:05+00:00\" \/>\n<meta property=\"og:image\" content=\"https:\/\/www.sonoraenequipo.com.mx\/storage\/2019\/08\/Flores-Chong_opt.jpg\" \/>\n\t<meta property=\"og:image:width\" content=\"582\" \/>\n\t<meta property=\"og:image:height\" content=\"337\" \/>\n\t<meta property=\"og:image:type\" content=\"image\/jpeg\" \/>\n<meta name=\"author\" content=\"enequipo\" \/>\n<meta name=\"twitter:card\" content=\"summary_large_image\" \/>\n<meta name=\"twitter:creator\" content=\"@sonoraenequipo\" \/>\n<meta name=\"twitter:site\" content=\"@sonoraenequipo\" \/>\n<meta name=\"twitter:label1\" content=\"Escrito por\" \/>\n\t<meta name=\"twitter:data1\" content=\"enequipo\" \/>\n\t<meta name=\"twitter:label2\" content=\"Tiempo de lectura\" \/>\n\t<meta name=\"twitter:data2\" content=\"2 minutos\" \/>\n<script type=\"application\/ld+json\" class=\"yoast-schema-graph\">{\"@context\":\"https:\/\/schema.org\",\"@graph\":[{\"@type\":\"Article\",\"@id\":\"https:\/\/www.sonoraenequipo.com.mx\/dice-conagua-que-podrian-impactar-varios-huracanes-a-sonora\/#article\",\"isPartOf\":{\"@id\":\"https:\/\/www.sonoraenequipo.com.mx\/dice-conagua-que-podrian-impactar-varios-huracanes-a-sonora\/\"},\"author\":{\"name\":\"enequipo\",\"@id\":\"https:\/\/www.sonoraenequipo.com.mx\/#\/schema\/person\/50102df0fb23a8fa9e8effad8fa81386\"},\"headline\":\"Dice Conagua que podr\u00edan impactar varios huracanes a Sonora\",\"datePublished\":\"2019-08-21T00:50:05+00:00\",\"mainEntityOfPage\":{\"@id\":\"https:\/\/www.sonoraenequipo.com.mx\/dice-conagua-que-podrian-impactar-varios-huracanes-a-sonora\/\"},\"wordCount\":379,\"commentCount\":0,\"publisher\":{\"@id\":\"https:\/\/www.sonoraenequipo.com.mx\/#organization\"},\"image\":{\"@id\":\"https:\/\/www.sonoraenequipo.com.mx\/dice-conagua-que-podrian-impactar-varios-huracanes-a-sonora\/#primaryimage\"},\"thumbnailUrl\":\"https:\/\/www.sonoraenequipo.com.mx\/storage\/2019\/08\/Flores-Chong_opt.jpg\",\"articleSection\":[\"Sonora\"],\"inLanguage\":\"es\",\"potentialAction\":[{\"@type\":\"CommentAction\",\"name\":\"Comment\",\"target\":[\"https:\/\/www.sonoraenequipo.com.mx\/dice-conagua-que-podrian-impactar-varios-huracanes-a-sonora\/#respond\"]}]},{\"@type\":\"WebPage\",\"@id\":\"https:\/\/www.sonoraenequipo.com.mx\/dice-conagua-que-podrian-impactar-varios-huracanes-a-sonora\/\",\"url\":\"https:\/\/www.sonoraenequipo.com.mx\/dice-conagua-que-podrian-impactar-varios-huracanes-a-sonora\/\",\"name\":\"Sonora en Equipo. Dice Conagua que podr\u00edan impactar varios huracanes a Sonora Sonora\",\"isPartOf\":{\"@id\":\"https:\/\/www.sonoraenequipo.com.mx\/#website\"},\"primaryImageOfPage\":{\"@id\":\"https:\/\/www.sonoraenequipo.com.mx\/dice-conagua-que-podrian-impactar-varios-huracanes-a-sonora\/#primaryimage\"},\"image\":{\"@id\":\"https:\/\/www.sonoraenequipo.com.mx\/dice-conagua-que-podrian-impactar-varios-huracanes-a-sonora\/#primaryimage\"},\"thumbnailUrl\":\"https:\/\/www.sonoraenequipo.com.mx\/storage\/2019\/08\/Flores-Chong_opt.jpg\",\"datePublished\":\"2019-08-21T00:50:05+00:00\",\"description\":\"HERMOSILLO, SONORA. MX. \u2014 Durante los meses de septiembre y octubre pudieran llegar a Sonora cinco fen\u00f3menos naturales, entre tormentas tropicales y En Sonora en Equipo publicamos toda la informaci\u00f3n de Sonora, M\u00e9xico y el Mundo de manera oportuna y busca que la libertad de expresi\u00f3n sea real. Visita nuestro medio informativo publicado desde Hermosillo, Sonora. %\",\"breadcrumb\":{\"@id\":\"https:\/\/www.sonoraenequipo.com.mx\/dice-conagua-que-podrian-impactar-varios-huracanes-a-sonora\/#breadcrumb\"},\"inLanguage\":\"es\",\"potentialAction\":[{\"@type\":\"ReadAction\",\"target\":[\"https:\/\/www.sonoraenequipo.com.mx\/dice-conagua-que-podrian-impactar-varios-huracanes-a-sonora\/\"]}]},{\"@type\":\"ImageObject\",\"inLanguage\":\"es\",\"@id\":\"https:\/\/www.sonoraenequipo.com.mx\/dice-conagua-que-podrian-impactar-varios-huracanes-a-sonora\/#primaryimage\",\"url\":\"https:\/\/www.sonoraenequipo.com.mx\/storage\/2019\/08\/Flores-Chong_opt.jpg\",\"contentUrl\":\"https:\/\/www.sonoraenequipo.com.mx\/storage\/2019\/08\/Flores-Chong_opt.jpg\",\"width\":582,\"height\":337},{\"@type\":\"BreadcrumbList\",\"@id\":\"https:\/\/www.sonoraenequipo.com.mx\/dice-conagua-que-podrian-impactar-varios-huracanes-a-sonora\/#breadcrumb\",\"itemListElement\":[{\"@type\":\"ListItem\",\"position\":1,\"name\":\"Portada\",\"item\":\"https:\/\/www.sonoraenequipo.com.mx\/\"},{\"@type\":\"ListItem\",\"position\":2,\"name\":\"Dice Conagua que podr\u00edan impactar varios huracanes a Sonora\"}]},{\"@type\":\"WebSite\",\"@id\":\"https:\/\/www.sonoraenequipo.com.mx\/#website\",\"url\":\"https:\/\/www.sonoraenequipo.com.mx\/\",\"name\":\"Sonora en Equipo.\",\"description\":\"Diario en l\u00ednea con Noticias desde Hermosillo, Sonora\",\"publisher\":{\"@id\":\"https:\/\/www.sonoraenequipo.com.mx\/#organization\"},\"potentialAction\":[{\"@type\":\"SearchAction\",\"target\":{\"@type\":\"EntryPoint\",\"urlTemplate\":\"https:\/\/www.sonoraenequipo.com.mx\/?s={search_term_string}\"},\"query-input\":{\"@type\":\"PropertyValueSpecification\",\"valueRequired\":true,\"valueName\":\"search_term_string\"}}],\"inLanguage\":\"es\"},{\"@type\":\"Organization\",\"@id\":\"https:\/\/www.sonoraenequipo.com.mx\/#organization\",\"name\":\"Sonoraenequipo.com.mx\",\"url\":\"https:\/\/www.sonoraenequipo.com.mx\/\",\"logo\":{\"@type\":\"ImageObject\",\"inLanguage\":\"es\",\"@id\":\"https:\/\/www.sonoraenequipo.com.mx\/#\/schema\/logo\/image\/\",\"url\":\"https:\/\/www.sonoraenequipo.com.mx\/storage\/2019\/01\/sonoraenequipo_opt.png\",\"contentUrl\":\"https:\/\/www.sonoraenequipo.com.mx\/storage\/2019\/01\/sonoraenequipo_opt.png\",\"width\":375,\"height\":125,\"caption\":\"Sonoraenequipo.com.mx\"},\"image\":{\"@id\":\"https:\/\/www.sonoraenequipo.com.mx\/#\/schema\/logo\/image\/\"},\"sameAs\":[\"https:\/\/www.facebook.com\/SonoraEE\/\",\"https:\/\/x.com\/sonoraenequipo\",\"https:\/\/www.youtube.com\/channel\/UC338nW-lPEYmJQs4ZABQ1SQ\"]},{\"@type\":\"Person\",\"@id\":\"https:\/\/www.sonoraenequipo.com.mx\/#\/schema\/person\/50102df0fb23a8fa9e8effad8fa81386\",\"name\":\"enequipo\",\"image\":{\"@type\":\"ImageObject\",\"inLanguage\":\"es\",\"@id\":\"https:\/\/www.sonoraenequipo.com.mx\/#\/schema\/person\/image\/\",\"url\":\"https:\/\/secure.gravatar.com\/avatar\/049821681b589dabc0bc20695993ccebb09f5b5d4d790cd9251b97faac7c652b?s=96&d=blank&r=g\",\"contentUrl\":\"https:\/\/secure.gravatar.com\/avatar\/049821681b589dabc0bc20695993ccebb09f5b5d4d790cd9251b97faac7c652b?s=96&d=blank&r=g\",\"caption\":\"enequipo\"},\"sameAs\":[\"https:\/\/www.facebook.com\/SonoraEE\"]}]}<\/script>\n ","yoast_head_json":{"title":"Sonora en Equipo. Dice Conagua que podr\u00edan impactar varios huracanes a Sonora Sonora","description":"HERMOSILLO, SONORA. MX. \u2014 Durante los meses de septiembre y octubre pudieran llegar a Sonora cinco fen\u00f3menos naturales, entre tormentas tropicales y En Sonora en Equipo publicamos toda la informaci\u00f3n de Sonora, M\u00e9xico y el Mundo de manera oportuna y busca que la libertad de expresi\u00f3n sea real. Visita nuestro medio informativo publicado desde Hermosillo, Sonora. %","robots":{"index":"index","follow":"follow","max-snippet":"max-snippet:-1","max-image-preview":"max-image-preview:large","max-video-preview":"max-video-preview:-1"},"canonical":"https:\/\/www.sonoraenequipo.com.mx\/dice-conagua-que-podrian-impactar-varios-huracanes-a-sonora\/","og_locale":"es_ES","og_type":"article","og_title":"Sonora en Equipo. Dice Conagua que podr\u00edan impactar varios huracanes a Sonora Sonora","og_description":"HERMOSILLO, SONORA. MX. \u2014 Durante los meses de septiembre y octubre pudieran llegar a Sonora cinco fen\u00f3menos naturales, entre tormentas tropicales y En Sonora en Equipo publicamos toda la informaci\u00f3n de Sonora, M\u00e9xico y el Mundo de manera oportuna y busca que la libertad de expresi\u00f3n sea real. Visita nuestro medio informativo publicado desde Hermosillo, Sonora. %","og_url":"https:\/\/www.sonoraenequipo.com.mx\/dice-conagua-que-podrian-impactar-varios-huracanes-a-sonora\/","og_site_name":"Sonora en Equipo.","article_publisher":"https:\/\/www.facebook.com\/SonoraEE\/","article_author":"https:\/\/www.facebook.com\/SonoraEE","article_published_time":"2019-08-21T00:50:05+00:00","og_image":[{"width":582,"height":337,"url":"https:\/\/www.sonoraenequipo.com.mx\/storage\/2019\/08\/Flores-Chong_opt.jpg","type":"image\/jpeg"}],"author":"enequipo","twitter_card":"summary_large_image","twitter_creator":"@sonoraenequipo","twitter_site":"@sonoraenequipo","twitter_misc":{"Escrito por":"enequipo","Tiempo de lectura":"2 minutos"},"schema":{"@context":"https:\/\/schema.org","@graph":[{"@type":"Article","@id":"https:\/\/www.sonoraenequipo.com.mx\/dice-conagua-que-podrian-impactar-varios-huracanes-a-sonora\/#article","isPartOf":{"@id":"https:\/\/www.sonoraenequipo.com.mx\/dice-conagua-que-podrian-impactar-varios-huracanes-a-sonora\/"},"author":{"name":"enequipo","@id":"https:\/\/www.sonoraenequipo.com.mx\/#\/schema\/person\/50102df0fb23a8fa9e8effad8fa81386"},"headline":"Dice Conagua que podr\u00edan impactar varios huracanes a Sonora","datePublished":"2019-08-21T00:50:05+00:00","mainEntityOfPage":{"@id":"https:\/\/www.sonoraenequipo.com.mx\/dice-conagua-que-podrian-impactar-varios-huracanes-a-sonora\/"},"wordCount":379,"commentCount":0,"publisher":{"@id":"https:\/\/www.sonoraenequipo.com.mx\/#organization"},"image":{"@id":"https:\/\/www.sonoraenequipo.com.mx\/dice-conagua-que-podrian-impactar-varios-huracanes-a-sonora\/#primaryimage"},"thumbnailUrl":"https:\/\/www.sonoraenequipo.com.mx\/storage\/2019\/08\/Flores-Chong_opt.jpg","articleSection":["Sonora"],"inLanguage":"es","potentialAction":[{"@type":"CommentAction","name":"Comment","target":["https:\/\/www.sonoraenequipo.com.mx\/dice-conagua-que-podrian-impactar-varios-huracanes-a-sonora\/#respond"]}]},{"@type":"WebPage","@id":"https:\/\/www.sonoraenequipo.com.mx\/dice-conagua-que-podrian-impactar-varios-huracanes-a-sonora\/","url":"https:\/\/www.sonoraenequipo.com.mx\/dice-conagua-que-podrian-impactar-varios-huracanes-a-sonora\/","name":"Sonora en Equipo. Dice Conagua que podr\u00edan impactar varios huracanes a Sonora Sonora","isPartOf":{"@id":"https:\/\/www.sonoraenequipo.com.mx\/#website"},"primaryImageOfPage":{"@id":"https:\/\/www.sonoraenequipo.com.mx\/dice-conagua-que-podrian-impactar-varios-huracanes-a-sonora\/#primaryimage"},"image":{"@id":"https:\/\/www.sonoraenequipo.com.mx\/dice-conagua-que-podrian-impactar-varios-huracanes-a-sonora\/#primaryimage"},"thumbnailUrl":"https:\/\/www.sonoraenequipo.com.mx\/storage\/2019\/08\/Flores-Chong_opt.jpg","datePublished":"2019-08-21T00:50:05+00:00","description":"HERMOSILLO, SONORA. MX. \u2014 Durante los meses de septiembre y octubre pudieran llegar a Sonora cinco fen\u00f3menos naturales, entre tormentas tropicales y En Sonora en Equipo publicamos toda la informaci\u00f3n de Sonora, M\u00e9xico y el Mundo de manera oportuna y busca que la libertad de expresi\u00f3n sea real. Visita nuestro medio informativo publicado desde Hermosillo, Sonora. %","breadcrumb":{"@id":"https:\/\/www.sonoraenequipo.com.mx\/dice-conagua-que-podrian-impactar-varios-huracanes-a-sonora\/#breadcrumb"},"inLanguage":"es","potentialAction":[{"@type":"ReadAction","target":["https:\/\/www.sonoraenequipo.com.mx\/dice-conagua-que-podrian-impactar-varios-huracanes-a-sonora\/"]}]},{"@type":"ImageObject","inLanguage":"es","@id":"https:\/\/www.sonoraenequipo.com.mx\/dice-conagua-que-podrian-impactar-varios-huracanes-a-sonora\/#primaryimage","url":"https:\/\/www.sonoraenequipo.com.mx\/storage\/2019\/08\/Flores-Chong_opt.jpg","contentUrl":"https:\/\/www.sonoraenequipo.com.mx\/storage\/2019\/08\/Flores-Chong_opt.jpg","width":582,"height":337},{"@type":"BreadcrumbList","@id":"https:\/\/www.sonoraenequipo.com.mx\/dice-conagua-que-podrian-impactar-varios-huracanes-a-sonora\/#breadcrumb","itemListElement":[{"@type":"ListItem","position":1,"name":"Portada","item":"https:\/\/www.sonoraenequipo.com.mx\/"},{"@type":"ListItem","position":2,"name":"Dice Conagua que podr\u00edan impactar varios huracanes a Sonora"}]},{"@type":"WebSite","@id":"https:\/\/www.sonoraenequipo.com.mx\/#website","url":"https:\/\/www.sonoraenequipo.com.mx\/","name":"Sonora en Equipo.","description":"Diario en l\u00ednea con Noticias desde Hermosillo, Sonora","publisher":{"@id":"https:\/\/www.sonoraenequipo.com.mx\/#organization"},"potentialAction":[{"@type":"SearchAction","target":{"@type":"EntryPoint","urlTemplate":"https:\/\/www.sonoraenequipo.com.mx\/?s={search_term_string}"},"query-input":{"@type":"PropertyValueSpecification","valueRequired":true,"valueName":"search_term_string"}}],"inLanguage":"es"},{"@type":"Organization","@id":"https:\/\/www.sonoraenequipo.com.mx\/#organization","name":"Sonoraenequipo.com.mx","url":"https:\/\/www.sonoraenequipo.com.mx\/","logo":{"@type":"ImageObject","inLanguage":"es","@id":"https:\/\/www.sonoraenequipo.com.mx\/#\/schema\/logo\/image\/","url":"https:\/\/www.sonoraenequipo.com.mx\/storage\/2019\/01\/sonoraenequipo_opt.png","contentUrl":"https:\/\/www.sonoraenequipo.com.mx\/storage\/2019\/01\/sonoraenequipo_opt.png","width":375,"height":125,"caption":"Sonoraenequipo.com.mx"},"image":{"@id":"https:\/\/www.sonoraenequipo.com.mx\/#\/schema\/logo\/image\/"},"sameAs":["https:\/\/www.facebook.com\/SonoraEE\/","https:\/\/x.com\/sonoraenequipo","https:\/\/www.youtube.com\/channel\/UC338nW-lPEYmJQs4ZABQ1SQ"]},{"@type":"Person","@id":"https:\/\/www.sonoraenequipo.com.mx\/#\/schema\/person\/50102df0fb23a8fa9e8effad8fa81386","name":"enequipo","image":{"@type":"ImageObject","inLanguage":"es","@id":"https:\/\/www.sonoraenequipo.com.mx\/#\/schema\/person\/image\/","url":"https:\/\/secure.gravatar.com\/avatar\/049821681b589dabc0bc20695993ccebb09f5b5d4d790cd9251b97faac7c652b?s=96&d=blank&r=g","contentUrl":"https:\/\/secure.gravatar.com\/avatar\/049821681b589dabc0bc20695993ccebb09f5b5d4d790cd9251b97faac7c652b?s=96&d=blank&r=g","caption":"enequipo"},"sameAs":["https:\/\/www.facebook.com\/SonoraEE"]}]}},"jetpack_featured_media_url":"https:\/\/www.sonoraenequipo.com.mx\/storage\/2019\/08\/Flores-Chong_opt.jpg","_links":{"self":[{"href":"https:\/\/www.sonoraenequipo.com.mx\/api\/wp\/v2\/posts\/65878","targetHints":{"allow":["GET"]}}],"collection":[{"href":"https:\/\/www.sonoraenequipo.com.mx\/api\/wp\/v2\/posts"}],"about":[{"href":"https:\/\/www.sonoraenequipo.com.mx\/api\/wp\/v2\/types\/post"}],"author":[{"embeddable":true,"href":"https:\/\/www.sonoraenequipo.com.mx\/api\/wp\/v2\/users\/1"}],"replies":[{"embeddable":true,"href":"https:\/\/www.sonoraenequipo.com.mx\/api\/wp\/v2\/comments?post=65878"}],"version-history":[{"count":0,"href":"https:\/\/www.sonoraenequipo.com.mx\/api\/wp\/v2\/posts\/65878\/revisions"}],"wp:featuredmedia":[{"embeddable":true,"href":"https:\/\/www.sonoraenequipo.com.mx\/api\/wp\/v2\/media\/65875"}],"wp:attachment":[{"href":"https:\/\/www.sonoraenequipo.com.mx\/api\/wp\/v2\/media?parent=65878"}],"wp:term":[{"taxonomy":"category","embeddable":true,"href":"https:\/\/www.sonoraenequipo.com.mx\/api\/wp\/v2\/categories?post=65878"},{"taxonomy":"post_tag","embeddable":true,"href":"https:\/\/www.sonoraenequipo.com.mx\/api\/wp\/v2\/tags?post=65878"}],"curies":[{"name":"wp","href":"https:\/\/api.w.org\/{rel}","templated":true}]}}