{"id":65880,"date":"2019-08-20T13:33:06","date_gmt":"2019-08-20T20:33:06","guid":{"rendered":"https:\/\/www.sonoraenequipo.com.mx\/?p=65880"},"modified":"2019-08-20T17:36:18","modified_gmt":"2019-08-21T00:36:18","slug":"joven-investigadora-comparte-sus-experiencias-como-astrofisica","status":"publish","type":"post","link":"https:\/\/www.sonoraenequipo.com.mx\/joven-investigadora-comparte-sus-experiencias-como-astrofisica\/","title":{"rendered":"Joven investigadora comparte sus experiencias como astrof\u00edsica"},"content":{"rendered":"<p>HERMOSILLO, SONORA. MX. \u2014 Su gusto por la ciencia surgi\u00f3 cuando ten\u00eda entre 10 u 11 a\u00f1os, y fue en los Cursos b\u00e1sicos de Astronom\u00eda de la Universidad de Sonora donde descubri\u00f3 qu\u00e9 deseaba ser de grande: astr\u00f3noma. Hoy, con 31 a\u00f1os, Sandra Guadalupe Bustamante Gonz\u00e1lez forma parte del grupo de cient\u00edficos que lograron captar por primera vez la imagen de un agujero negro. <\/p>\n<p>Sandra record\u00f3 que en los cursos de astronom\u00eda era la alumna m\u00e1s peque\u00f1a en un grupo principalmente conformado por adultos. Las clases de uno de los fundadores del \u00c1rea de Astronom\u00eda, Antonio S\u00e1nchez Ibarra, la llevaron a cuestionarse acerca de todos los elementos que conforman el universo.<\/p>\n<p><em>\u201cMe acuerdo mucho de los videos \u2014que ve\u00edamos\u2014 de Carl Sagan y ese fue mi primer acercamiento con la astronom\u00eda y hasta entonces nunca me hab\u00eda preguntado todo lo que hay en el universo. Esos cursos me ayudaron mucho y tambi\u00e9n platicar con maestros de la Universidad sobre qu\u00e9 hacer para ser astr\u00f3noma\u201d,<\/em> dijo.<\/p>\n<p>Este lunes, Sandra imparti\u00f3 una charla a estudiantes del Departamento de F\u00edsica de la Universidad de Sonora, en la que comparti\u00f3 con los j\u00f3venes no s\u00f3lo su historia, sino tambi\u00e9n su participaci\u00f3n en el proyecto cient\u00edfico que capt\u00f3, por primera vez, la imagen de un agujero negro.<\/p>\n<p><em>\u201cYo tuve la fortuna de ser parte del grupo mexicano que particip\u00f3 en las observaciones de 2017 en el Gran Telescopio Milim\u00e9trico, que se encuentra en Puebla\u201d,<\/em> a\u00f1adi\u00f3. Este equipo de investigadores, forma parte, a su vez, del conjunto de ocho grupos de trabajo \u2014o bien, ocho telescopios m\u00e1s\u2014 que pudieron captar la citada imagen.<\/p>\n<p>A este conjunto de telescopios se le dio el nombre del Telescopio del Horizonte de Ventos, y la importancia de este trabajo radica en estudiar la componente fr\u00eda del universo. <em>\u201cEsta componente fr\u00eda puede estudiar las mol\u00e9culas que se encuentran en el universo o estudiar galaxias muy lejanas\u201d,<\/em> explic\u00f3 Sandra.<\/p>\n<p>Captar una imagen de un agujero negro y su sombra permiti\u00f3 tener una prueba m\u00e1s acerca de la Teor\u00eda de la relatividad general, de Albert Einstein.<\/p>\n<p>Sandra curs\u00f3 la Maestr\u00eda en Astrof\u00edsica en el Instituto Nacional de Astrof\u00edsica, \u00d3ptica y Electr\u00f3nica (Inaoe), y en breve iniciar\u00e1 el Doctorado en Astrof\u00edsica en la Universidad de Massachusetts.<\/p>\n<p>PUBLICADO EL 20\/08\/2019<\/p>\n","protected":false},"excerpt":{"rendered":"<p>HERMOSILLO, SONORA. MX. \u2014 Su gusto por la ciencia surgi\u00f3 cuando ten\u00eda entre 10 u&#8230;<\/p>\n","protected":false},"author":1,"featured_media":65881,"comment_status":"open","ping_status":"open","sticky":false,"template":"","format":"standard","meta":{"_monsterinsights_skip_tracking":false,"_monsterinsights_sitenote_active":false,"_monsterinsights_sitenote_note":"","_monsterinsights_sitenote_category":0,"footnotes":""},"categories":[22],"tags":[],"class_list":["post"],"yoast_head":" \n<title>Sonora en Equipo. Joven investigadora comparte sus experiencias como astrof\u00edsica Sonora<\/title>\n<meta name=\"description\" content=\"HERMOSILLO, SONORA. MX. \u2014 Su gusto por la ciencia surgi\u00f3 cuando ten\u00eda entre 10 u 11 a\u00f1os, y fue en los Cursos b\u00e1sicos de Astronom\u00eda de la Universidad de En Sonora en Equipo publicamos toda la informaci\u00f3n de Sonora, M\u00e9xico y el Mundo de manera oportuna y busca que la libertad de expresi\u00f3n sea real. Visita nuestro medio informativo publicado desde Hermosillo, Sonora. %\" \/>\n<meta name=\"robots\" content=\"index, follow, max-snippet:-1, max-image-preview:large, max-video-preview:-1\" \/>\n<link rel=\"canonical\" href=\"https:\/\/www.sonoraenequipo.com.mx\/joven-investigadora-comparte-sus-experiencias-como-astrofisica\/\" \/>\n<meta property=\"og:locale\" content=\"es_ES\" \/>\n<meta property=\"og:type\" content=\"article\" \/>\n<meta property=\"og:title\" content=\"Sonora en Equipo. Joven investigadora comparte sus experiencias como astrof\u00edsica Sonora\" \/>\n<meta property=\"og:description\" content=\"HERMOSILLO, SONORA. MX. \u2014 Su gusto por la ciencia surgi\u00f3 cuando ten\u00eda entre 10 u 11 a\u00f1os, y fue en los Cursos b\u00e1sicos de Astronom\u00eda de la Universidad de En Sonora en Equipo publicamos toda la informaci\u00f3n de Sonora, M\u00e9xico y el Mundo de manera oportuna y busca que la libertad de expresi\u00f3n sea real. Visita nuestro medio informativo publicado desde Hermosillo, Sonora. %\" \/>\n<meta property=\"og:url\" content=\"https:\/\/www.sonoraenequipo.com.mx\/joven-investigadora-comparte-sus-experiencias-como-astrofisica\/\" \/>\n<meta property=\"og:site_name\" content=\"Sonora en Equipo.\" \/>\n<meta property=\"article:publisher\" content=\"https:\/\/www.facebook.com\/SonoraEE\/\" \/>\n<meta property=\"article:author\" content=\"https:\/\/www.facebook.com\/SonoraEE\" \/>\n<meta property=\"article:published_time\" content=\"2019-08-20T20:33:06+00:00\" \/>\n<meta property=\"article:modified_time\" content=\"2019-08-21T00:36:18+00:00\" \/>\n<meta property=\"og:image\" content=\"https:\/\/www.sonoraenequipo.com.mx\/storage\/2019\/08\/conferenciaastrofisica_opt.jpg\" \/>\n\t<meta property=\"og:image:width\" content=\"1348\" \/>\n\t<meta property=\"og:image:height\" content=\"337\" \/>\n\t<meta property=\"og:image:type\" content=\"image\/jpeg\" \/>\n<meta name=\"author\" content=\"enequipo\" \/>\n<meta name=\"twitter:card\" content=\"summary_large_image\" \/>\n<meta name=\"twitter:creator\" content=\"@sonoraenequipo\" \/>\n<meta name=\"twitter:site\" content=\"@sonoraenequipo\" \/>\n<meta name=\"twitter:label1\" content=\"Escrito por\" \/>\n\t<meta name=\"twitter:data1\" content=\"enequipo\" \/>\n\t<meta name=\"twitter:label2\" content=\"Tiempo de lectura\" \/>\n\t<meta name=\"twitter:data2\" content=\"2 minutos\" \/>\n<script type=\"application\/ld+json\" class=\"yoast-schema-graph\">{\"@context\":\"https:\/\/schema.org\",\"@graph\":[{\"@type\":\"Article\",\"@id\":\"https:\/\/www.sonoraenequipo.com.mx\/joven-investigadora-comparte-sus-experiencias-como-astrofisica\/#article\",\"isPartOf\":{\"@id\":\"https:\/\/www.sonoraenequipo.com.mx\/joven-investigadora-comparte-sus-experiencias-como-astrofisica\/\"},\"author\":{\"name\":\"enequipo\",\"@id\":\"https:\/\/www.sonoraenequipo.com.mx\/#\/schema\/person\/50102df0fb23a8fa9e8effad8fa81386\"},\"headline\":\"Joven investigadora comparte sus experiencias como astrof\u00edsica\",\"datePublished\":\"2019-08-20T20:33:06+00:00\",\"dateModified\":\"2019-08-21T00:36:18+00:00\",\"mainEntityOfPage\":{\"@id\":\"https:\/\/www.sonoraenequipo.com.mx\/joven-investigadora-comparte-sus-experiencias-como-astrofisica\/\"},\"wordCount\":414,\"commentCount\":0,\"publisher\":{\"@id\":\"https:\/\/www.sonoraenequipo.com.mx\/#organization\"},\"image\":{\"@id\":\"https:\/\/www.sonoraenequipo.com.mx\/joven-investigadora-comparte-sus-experiencias-como-astrofisica\/#primaryimage\"},\"thumbnailUrl\":\"https:\/\/www.sonoraenequipo.com.mx\/storage\/2019\/08\/conferenciaastrofisica_opt.jpg\",\"articleSection\":[\"Sonora\"],\"inLanguage\":\"es\",\"potentialAction\":[{\"@type\":\"CommentAction\",\"name\":\"Comment\",\"target\":[\"https:\/\/www.sonoraenequipo.com.mx\/joven-investigadora-comparte-sus-experiencias-como-astrofisica\/#respond\"]}]},{\"@type\":\"WebPage\",\"@id\":\"https:\/\/www.sonoraenequipo.com.mx\/joven-investigadora-comparte-sus-experiencias-como-astrofisica\/\",\"url\":\"https:\/\/www.sonoraenequipo.com.mx\/joven-investigadora-comparte-sus-experiencias-como-astrofisica\/\",\"name\":\"Sonora en Equipo. Joven investigadora comparte sus experiencias como astrof\u00edsica Sonora\",\"isPartOf\":{\"@id\":\"https:\/\/www.sonoraenequipo.com.mx\/#website\"},\"primaryImageOfPage\":{\"@id\":\"https:\/\/www.sonoraenequipo.com.mx\/joven-investigadora-comparte-sus-experiencias-como-astrofisica\/#primaryimage\"},\"image\":{\"@id\":\"https:\/\/www.sonoraenequipo.com.mx\/joven-investigadora-comparte-sus-experiencias-como-astrofisica\/#primaryimage\"},\"thumbnailUrl\":\"https:\/\/www.sonoraenequipo.com.mx\/storage\/2019\/08\/conferenciaastrofisica_opt.jpg\",\"datePublished\":\"2019-08-20T20:33:06+00:00\",\"dateModified\":\"2019-08-21T00:36:18+00:00\",\"description\":\"HERMOSILLO, SONORA. MX. \u2014 Su gusto por la ciencia surgi\u00f3 cuando ten\u00eda entre 10 u 11 a\u00f1os, y fue en los Cursos b\u00e1sicos de Astronom\u00eda de la Universidad de En Sonora en Equipo publicamos toda la informaci\u00f3n de Sonora, M\u00e9xico y el Mundo de manera oportuna y busca que la libertad de expresi\u00f3n sea real. Visita nuestro medio informativo publicado desde Hermosillo, Sonora. %\",\"breadcrumb\":{\"@id\":\"https:\/\/www.sonoraenequipo.com.mx\/joven-investigadora-comparte-sus-experiencias-como-astrofisica\/#breadcrumb\"},\"inLanguage\":\"es\",\"potentialAction\":[{\"@type\":\"ReadAction\",\"target\":[\"https:\/\/www.sonoraenequipo.com.mx\/joven-investigadora-comparte-sus-experiencias-como-astrofisica\/\"]}]},{\"@type\":\"ImageObject\",\"inLanguage\":\"es\",\"@id\":\"https:\/\/www.sonoraenequipo.com.mx\/joven-investigadora-comparte-sus-experiencias-como-astrofisica\/#primaryimage\",\"url\":\"https:\/\/www.sonoraenequipo.com.mx\/storage\/2019\/08\/conferenciaastrofisica_opt.jpg\",\"contentUrl\":\"https:\/\/www.sonoraenequipo.com.mx\/storage\/2019\/08\/conferenciaastrofisica_opt.jpg\",\"width\":1348,\"height\":337},{\"@type\":\"BreadcrumbList\",\"@id\":\"https:\/\/www.sonoraenequipo.com.mx\/joven-investigadora-comparte-sus-experiencias-como-astrofisica\/#breadcrumb\",\"itemListElement\":[{\"@type\":\"ListItem\",\"position\":1,\"name\":\"Portada\",\"item\":\"https:\/\/www.sonoraenequipo.com.mx\/\"},{\"@type\":\"ListItem\",\"position\":2,\"name\":\"Joven investigadora comparte sus experiencias como astrof\u00edsica\"}]},{\"@type\":\"WebSite\",\"@id\":\"https:\/\/www.sonoraenequipo.com.mx\/#website\",\"url\":\"https:\/\/www.sonoraenequipo.com.mx\/\",\"name\":\"Sonora en Equipo.\",\"description\":\"Diario en l\u00ednea con Noticias desde Hermosillo, Sonora\",\"publisher\":{\"@id\":\"https:\/\/www.sonoraenequipo.com.mx\/#organization\"},\"potentialAction\":[{\"@type\":\"SearchAction\",\"target\":{\"@type\":\"EntryPoint\",\"urlTemplate\":\"https:\/\/www.sonoraenequipo.com.mx\/?s={search_term_string}\"},\"query-input\":{\"@type\":\"PropertyValueSpecification\",\"valueRequired\":true,\"valueName\":\"search_term_string\"}}],\"inLanguage\":\"es\"},{\"@type\":\"Organization\",\"@id\":\"https:\/\/www.sonoraenequipo.com.mx\/#organization\",\"name\":\"Sonoraenequipo.com.mx\",\"url\":\"https:\/\/www.sonoraenequipo.com.mx\/\",\"logo\":{\"@type\":\"ImageObject\",\"inLanguage\":\"es\",\"@id\":\"https:\/\/www.sonoraenequipo.com.mx\/#\/schema\/logo\/image\/\",\"url\":\"https:\/\/www.sonoraenequipo.com.mx\/storage\/2019\/01\/sonoraenequipo_opt.png\",\"contentUrl\":\"https:\/\/www.sonoraenequipo.com.mx\/storage\/2019\/01\/sonoraenequipo_opt.png\",\"width\":375,\"height\":125,\"caption\":\"Sonoraenequipo.com.mx\"},\"image\":{\"@id\":\"https:\/\/www.sonoraenequipo.com.mx\/#\/schema\/logo\/image\/\"},\"sameAs\":[\"https:\/\/www.facebook.com\/SonoraEE\/\",\"https:\/\/x.com\/sonoraenequipo\",\"https:\/\/www.youtube.com\/channel\/UC338nW-lPEYmJQs4ZABQ1SQ\"]},{\"@type\":\"Person\",\"@id\":\"https:\/\/www.sonoraenequipo.com.mx\/#\/schema\/person\/50102df0fb23a8fa9e8effad8fa81386\",\"name\":\"enequipo\",\"image\":{\"@type\":\"ImageObject\",\"inLanguage\":\"es\",\"@id\":\"https:\/\/www.sonoraenequipo.com.mx\/#\/schema\/person\/image\/\",\"url\":\"https:\/\/secure.gravatar.com\/avatar\/049821681b589dabc0bc20695993ccebb09f5b5d4d790cd9251b97faac7c652b?s=96&d=blank&r=g\",\"contentUrl\":\"https:\/\/secure.gravatar.com\/avatar\/049821681b589dabc0bc20695993ccebb09f5b5d4d790cd9251b97faac7c652b?s=96&d=blank&r=g\",\"caption\":\"enequipo\"},\"sameAs\":[\"https:\/\/www.facebook.com\/SonoraEE\"]}]}<\/script>\n ","yoast_head_json":{"title":"Sonora en Equipo. Joven investigadora comparte sus experiencias como astrof\u00edsica Sonora","description":"HERMOSILLO, SONORA. MX. \u2014 Su gusto por la ciencia surgi\u00f3 cuando ten\u00eda entre 10 u 11 a\u00f1os, y fue en los Cursos b\u00e1sicos de Astronom\u00eda de la Universidad de En Sonora en Equipo publicamos toda la informaci\u00f3n de Sonora, M\u00e9xico y el Mundo de manera oportuna y busca que la libertad de expresi\u00f3n sea real. Visita nuestro medio informativo publicado desde Hermosillo, Sonora. %","robots":{"index":"index","follow":"follow","max-snippet":"max-snippet:-1","max-image-preview":"max-image-preview:large","max-video-preview":"max-video-preview:-1"},"canonical":"https:\/\/www.sonoraenequipo.com.mx\/joven-investigadora-comparte-sus-experiencias-como-astrofisica\/","og_locale":"es_ES","og_type":"article","og_title":"Sonora en Equipo. Joven investigadora comparte sus experiencias como astrof\u00edsica Sonora","og_description":"HERMOSILLO, SONORA. MX. \u2014 Su gusto por la ciencia surgi\u00f3 cuando ten\u00eda entre 10 u 11 a\u00f1os, y fue en los Cursos b\u00e1sicos de Astronom\u00eda de la Universidad de En Sonora en Equipo publicamos toda la informaci\u00f3n de Sonora, M\u00e9xico y el Mundo de manera oportuna y busca que la libertad de expresi\u00f3n sea real. Visita nuestro medio informativo publicado desde Hermosillo, Sonora. %","og_url":"https:\/\/www.sonoraenequipo.com.mx\/joven-investigadora-comparte-sus-experiencias-como-astrofisica\/","og_site_name":"Sonora en Equipo.","article_publisher":"https:\/\/www.facebook.com\/SonoraEE\/","article_author":"https:\/\/www.facebook.com\/SonoraEE","article_published_time":"2019-08-20T20:33:06+00:00","article_modified_time":"2019-08-21T00:36:18+00:00","og_image":[{"width":1348,"height":337,"url":"https:\/\/www.sonoraenequipo.com.mx\/storage\/2019\/08\/conferenciaastrofisica_opt.jpg","type":"image\/jpeg"}],"author":"enequipo","twitter_card":"summary_large_image","twitter_creator":"@sonoraenequipo","twitter_site":"@sonoraenequipo","twitter_misc":{"Escrito por":"enequipo","Tiempo de lectura":"2 minutos"},"schema":{"@context":"https:\/\/schema.org","@graph":[{"@type":"Article","@id":"https:\/\/www.sonoraenequipo.com.mx\/joven-investigadora-comparte-sus-experiencias-como-astrofisica\/#article","isPartOf":{"@id":"https:\/\/www.sonoraenequipo.com.mx\/joven-investigadora-comparte-sus-experiencias-como-astrofisica\/"},"author":{"name":"enequipo","@id":"https:\/\/www.sonoraenequipo.com.mx\/#\/schema\/person\/50102df0fb23a8fa9e8effad8fa81386"},"headline":"Joven investigadora comparte sus experiencias como astrof\u00edsica","datePublished":"2019-08-20T20:33:06+00:00","dateModified":"2019-08-21T00:36:18+00:00","mainEntityOfPage":{"@id":"https:\/\/www.sonoraenequipo.com.mx\/joven-investigadora-comparte-sus-experiencias-como-astrofisica\/"},"wordCount":414,"commentCount":0,"publisher":{"@id":"https:\/\/www.sonoraenequipo.com.mx\/#organization"},"image":{"@id":"https:\/\/www.sonoraenequipo.com.mx\/joven-investigadora-comparte-sus-experiencias-como-astrofisica\/#primaryimage"},"thumbnailUrl":"https:\/\/www.sonoraenequipo.com.mx\/storage\/2019\/08\/conferenciaastrofisica_opt.jpg","articleSection":["Sonora"],"inLanguage":"es","potentialAction":[{"@type":"CommentAction","name":"Comment","target":["https:\/\/www.sonoraenequipo.com.mx\/joven-investigadora-comparte-sus-experiencias-como-astrofisica\/#respond"]}]},{"@type":"WebPage","@id":"https:\/\/www.sonoraenequipo.com.mx\/joven-investigadora-comparte-sus-experiencias-como-astrofisica\/","url":"https:\/\/www.sonoraenequipo.com.mx\/joven-investigadora-comparte-sus-experiencias-como-astrofisica\/","name":"Sonora en Equipo. Joven investigadora comparte sus experiencias como astrof\u00edsica Sonora","isPartOf":{"@id":"https:\/\/www.sonoraenequipo.com.mx\/#website"},"primaryImageOfPage":{"@id":"https:\/\/www.sonoraenequipo.com.mx\/joven-investigadora-comparte-sus-experiencias-como-astrofisica\/#primaryimage"},"image":{"@id":"https:\/\/www.sonoraenequipo.com.mx\/joven-investigadora-comparte-sus-experiencias-como-astrofisica\/#primaryimage"},"thumbnailUrl":"https:\/\/www.sonoraenequipo.com.mx\/storage\/2019\/08\/conferenciaastrofisica_opt.jpg","datePublished":"2019-08-20T20:33:06+00:00","dateModified":"2019-08-21T00:36:18+00:00","description":"HERMOSILLO, SONORA. MX. \u2014 Su gusto por la ciencia surgi\u00f3 cuando ten\u00eda entre 10 u 11 a\u00f1os, y fue en los Cursos b\u00e1sicos de Astronom\u00eda de la Universidad de En Sonora en Equipo publicamos toda la informaci\u00f3n de Sonora, M\u00e9xico y el Mundo de manera oportuna y busca que la libertad de expresi\u00f3n sea real. Visita nuestro medio informativo publicado desde Hermosillo, Sonora. %","breadcrumb":{"@id":"https:\/\/www.sonoraenequipo.com.mx\/joven-investigadora-comparte-sus-experiencias-como-astrofisica\/#breadcrumb"},"inLanguage":"es","potentialAction":[{"@type":"ReadAction","target":["https:\/\/www.sonoraenequipo.com.mx\/joven-investigadora-comparte-sus-experiencias-como-astrofisica\/"]}]},{"@type":"ImageObject","inLanguage":"es","@id":"https:\/\/www.sonoraenequipo.com.mx\/joven-investigadora-comparte-sus-experiencias-como-astrofisica\/#primaryimage","url":"https:\/\/www.sonoraenequipo.com.mx\/storage\/2019\/08\/conferenciaastrofisica_opt.jpg","contentUrl":"https:\/\/www.sonoraenequipo.com.mx\/storage\/2019\/08\/conferenciaastrofisica_opt.jpg","width":1348,"height":337},{"@type":"BreadcrumbList","@id":"https:\/\/www.sonoraenequipo.com.mx\/joven-investigadora-comparte-sus-experiencias-como-astrofisica\/#breadcrumb","itemListElement":[{"@type":"ListItem","position":1,"name":"Portada","item":"https:\/\/www.sonoraenequipo.com.mx\/"},{"@type":"ListItem","position":2,"name":"Joven investigadora comparte sus experiencias como astrof\u00edsica"}]},{"@type":"WebSite","@id":"https:\/\/www.sonoraenequipo.com.mx\/#website","url":"https:\/\/www.sonoraenequipo.com.mx\/","name":"Sonora en Equipo.","description":"Diario en l\u00ednea con Noticias desde Hermosillo, Sonora","publisher":{"@id":"https:\/\/www.sonoraenequipo.com.mx\/#organization"},"potentialAction":[{"@type":"SearchAction","target":{"@type":"EntryPoint","urlTemplate":"https:\/\/www.sonoraenequipo.com.mx\/?s={search_term_string}"},"query-input":{"@type":"PropertyValueSpecification","valueRequired":true,"valueName":"search_term_string"}}],"inLanguage":"es"},{"@type":"Organization","@id":"https:\/\/www.sonoraenequipo.com.mx\/#organization","name":"Sonoraenequipo.com.mx","url":"https:\/\/www.sonoraenequipo.com.mx\/","logo":{"@type":"ImageObject","inLanguage":"es","@id":"https:\/\/www.sonoraenequipo.com.mx\/#\/schema\/logo\/image\/","url":"https:\/\/www.sonoraenequipo.com.mx\/storage\/2019\/01\/sonoraenequipo_opt.png","contentUrl":"https:\/\/www.sonoraenequipo.com.mx\/storage\/2019\/01\/sonoraenequipo_opt.png","width":375,"height":125,"caption":"Sonoraenequipo.com.mx"},"image":{"@id":"https:\/\/www.sonoraenequipo.com.mx\/#\/schema\/logo\/image\/"},"sameAs":["https:\/\/www.facebook.com\/SonoraEE\/","https:\/\/x.com\/sonoraenequipo","https:\/\/www.youtube.com\/channel\/UC338nW-lPEYmJQs4ZABQ1SQ"]},{"@type":"Person","@id":"https:\/\/www.sonoraenequipo.com.mx\/#\/schema\/person\/50102df0fb23a8fa9e8effad8fa81386","name":"enequipo","image":{"@type":"ImageObject","inLanguage":"es","@id":"https:\/\/www.sonoraenequipo.com.mx\/#\/schema\/person\/image\/","url":"https:\/\/secure.gravatar.com\/avatar\/049821681b589dabc0bc20695993ccebb09f5b5d4d790cd9251b97faac7c652b?s=96&d=blank&r=g","contentUrl":"https:\/\/secure.gravatar.com\/avatar\/049821681b589dabc0bc20695993ccebb09f5b5d4d790cd9251b97faac7c652b?s=96&d=blank&r=g","caption":"enequipo"},"sameAs":["https:\/\/www.facebook.com\/SonoraEE"]}]}},"jetpack_featured_media_url":"https:\/\/www.sonoraenequipo.com.mx\/storage\/2019\/08\/conferenciaastrofisica_opt.jpg","_links":{"self":[{"href":"https:\/\/www.sonoraenequipo.com.mx\/api\/wp\/v2\/posts\/65880","targetHints":{"allow":["GET"]}}],"collection":[{"href":"https:\/\/www.sonoraenequipo.com.mx\/api\/wp\/v2\/posts"}],"about":[{"href":"https:\/\/www.sonoraenequipo.com.mx\/api\/wp\/v2\/types\/post"}],"author":[{"embeddable":true,"href":"https:\/\/www.sonoraenequipo.com.mx\/api\/wp\/v2\/users\/1"}],"replies":[{"embeddable":true,"href":"https:\/\/www.sonoraenequipo.com.mx\/api\/wp\/v2\/comments?post=65880"}],"version-history":[{"count":0,"href":"https:\/\/www.sonoraenequipo.com.mx\/api\/wp\/v2\/posts\/65880\/revisions"}],"wp:featuredmedia":[{"embeddable":true,"href":"https:\/\/www.sonoraenequipo.com.mx\/api\/wp\/v2\/media\/65881"}],"wp:attachment":[{"href":"https:\/\/www.sonoraenequipo.com.mx\/api\/wp\/v2\/media?parent=65880"}],"wp:term":[{"taxonomy":"category","embeddable":true,"href":"https:\/\/www.sonoraenequipo.com.mx\/api\/wp\/v2\/categories?post=65880"},{"taxonomy":"post_tag","embeddable":true,"href":"https:\/\/www.sonoraenequipo.com.mx\/api\/wp\/v2\/tags?post=65880"}],"curies":[{"name":"wp","href":"https:\/\/api.w.org\/{rel}","templated":true}]}}