{"id":65883,"date":"2019-08-20T18:36:29","date_gmt":"2019-08-21T01:36:29","guid":{"rendered":"https:\/\/www.sonoraenequipo.com.mx\/?p=65883"},"modified":"2019-08-20T17:49:29","modified_gmt":"2019-08-21T00:49:29","slug":"el-gobierno-federal-no-tiene-ni-tendra-dialogo-con-ningun-grupo-del-crimen-organizado-segob","status":"publish","type":"post","link":"https:\/\/www.sonoraenequipo.com.mx\/el-gobierno-federal-no-tiene-ni-tendra-dialogo-con-ningun-grupo-del-crimen-organizado-segob\/","title":{"rendered":"El Gobierno Federal no tiene ni tendr\u00e1 di\u00e1logo con ning\u00fan grupo del crimen organizado: SEGOB"},"content":{"rendered":"<p>CIUDAD DE M\u00c9XICO. MX. \u2014 A trav\u00e9s de su cuenta de Twitter, la Secretar\u00eda de Gobernaci\u00f3n aclar\u00f3 que las \u201csupuestas expresiones\u201d de Olga S\u00e1nchez Cordero en relaci\u00f3n con una presunta intenci\u00f3n de dialogar con bandas del crimen organizado son falsas. <\/p>\n<p>La Secretar\u00eda de Gobernaci\u00f3n asever\u00f3 que el Gobierno Federal \u201cno tiene ni tendr\u00e1 di\u00e1logo con ning\u00fan grupo del crimen organizado\u201d y que la confusi\u00f3n se debi\u00f3 a la \u201clamentable edici\u00f3n de declaraciones vertidas el d\u00eda de hoy por\u201d Olga S\u00e1nchez Cordero.<\/p>\n<h3>Aqu\u00ed el mensaje de SEGOB:<\/h3>\n<p><em>\u201cLa Secretar\u00eda de Gobernaci\u00f3n informa que las supuestas expresiones de su Titular, Olga S\u00e1nchez Cordero, en relaci\u00f3n a una supuesta intenci\u00f3n de di\u00e1logo del Gobierno Federal con bandas del crimen organizado, son falsas, producto de una lamentable edici\u00f3n de declaraciones vertidas el d\u00eda de hoy por la secretaria de Gobernaci\u00f3n, en las que expres\u00f3 la voluntad de di\u00e1logo con aut\u00e9nticas organizaciones de auto defensa, para alcanzar la pacificaci\u00f3n de algunas zonas del pa\u00eds, el desarme de esas organizaciones y de quienes las integran, para beneficio de sus comunidades y municipios. El Gobierno Federal no tiene ni tendr\u00e1 di\u00e1logo con ning\u00fan grupo del crimen organizado\u201c.<\/em><\/p>\n<p>PUBLICADO EL 20\/08\/2019<\/p>\n","protected":false},"excerpt":{"rendered":"<p>CIUDAD DE M\u00c9XICO. MX. \u2014 A trav\u00e9s de su cuenta de Twitter, la Secretar\u00eda de&#8230;<\/p>\n","protected":false},"author":1,"featured_media":65884,"comment_status":"open","ping_status":"open","sticky":false,"template":"","format":"standard","meta":{"_monsterinsights_skip_tracking":false,"_monsterinsights_sitenote_active":false,"_monsterinsights_sitenote_note":"","_monsterinsights_sitenote_category":0,"footnotes":""},"categories":[5],"tags":[],"class_list":["post"],"yoast_head":" \n<title>Sonora en Equipo. El Gobierno Federal no tiene ni tendr\u00e1 di\u00e1logo con ning\u00fan grupo del crimen organizado: SEGOB Rep\u00fablica<\/title>\n<meta name=\"description\" content=\"CIUDAD DE M\u00c9XICO. MX. \u2014 A trav\u00e9s de su cuenta de Twitter, la Secretar\u00eda de Gobernaci\u00f3n aclar\u00f3 que las \u201csupuestas expresiones\u201d de Olga S\u00e1nchez Cordero en En Sonora en Equipo publicamos toda la informaci\u00f3n de Sonora, M\u00e9xico y el Mundo de manera oportuna y busca que la libertad de expresi\u00f3n sea real. Visita nuestro medio informativo publicado desde Hermosillo, Sonora. %\" \/>\n<meta name=\"robots\" content=\"index, follow, max-snippet:-1, max-image-preview:large, max-video-preview:-1\" \/>\n<link rel=\"canonical\" href=\"https:\/\/www.sonoraenequipo.com.mx\/el-gobierno-federal-no-tiene-ni-tendra-dialogo-con-ningun-grupo-del-crimen-organizado-segob\/\" \/>\n<meta property=\"og:locale\" content=\"es_ES\" \/>\n<meta property=\"og:type\" content=\"article\" \/>\n<meta property=\"og:title\" content=\"Sonora en Equipo. El Gobierno Federal no tiene ni tendr\u00e1 di\u00e1logo con ning\u00fan grupo del crimen organizado: SEGOB Rep\u00fablica\" \/>\n<meta property=\"og:description\" content=\"CIUDAD DE M\u00c9XICO. MX. \u2014 A trav\u00e9s de su cuenta de Twitter, la Secretar\u00eda de Gobernaci\u00f3n aclar\u00f3 que las \u201csupuestas expresiones\u201d de Olga S\u00e1nchez Cordero en En Sonora en Equipo publicamos toda la informaci\u00f3n de Sonora, M\u00e9xico y el Mundo de manera oportuna y busca que la libertad de expresi\u00f3n sea real. Visita nuestro medio informativo publicado desde Hermosillo, Sonora. %\" \/>\n<meta property=\"og:url\" content=\"https:\/\/www.sonoraenequipo.com.mx\/el-gobierno-federal-no-tiene-ni-tendra-dialogo-con-ningun-grupo-del-crimen-organizado-segob\/\" \/>\n<meta property=\"og:site_name\" content=\"Sonora en Equipo.\" \/>\n<meta property=\"article:publisher\" content=\"https:\/\/www.facebook.com\/SonoraEE\/\" \/>\n<meta property=\"article:author\" content=\"https:\/\/www.facebook.com\/SonoraEE\" \/>\n<meta property=\"article:published_time\" content=\"2019-08-21T01:36:29+00:00\" \/>\n<meta property=\"og:image\" content=\"https:\/\/www.sonoraenequipo.com.mx\/storage\/2019\/08\/olga-sanchez-cordero-1_opt.jpg\" \/>\n\t<meta property=\"og:image:width\" content=\"600\" \/>\n\t<meta property=\"og:image:height\" content=\"337\" \/>\n\t<meta property=\"og:image:type\" content=\"image\/jpeg\" \/>\n<meta name=\"author\" content=\"enequipo\" \/>\n<meta name=\"twitter:card\" content=\"summary_large_image\" \/>\n<meta name=\"twitter:creator\" content=\"@sonoraenequipo\" \/>\n<meta name=\"twitter:site\" content=\"@sonoraenequipo\" \/>\n<meta name=\"twitter:label1\" content=\"Escrito por\" \/>\n\t<meta name=\"twitter:data1\" content=\"enequipo\" \/>\n\t<meta name=\"twitter:label2\" content=\"Tiempo de lectura\" \/>\n\t<meta name=\"twitter:data2\" content=\"1 minuto\" \/>\n<script type=\"application\/ld+json\" class=\"yoast-schema-graph\">{\"@context\":\"https:\/\/schema.org\",\"@graph\":[{\"@type\":\"Article\",\"@id\":\"https:\/\/www.sonoraenequipo.com.mx\/el-gobierno-federal-no-tiene-ni-tendra-dialogo-con-ningun-grupo-del-crimen-organizado-segob\/#article\",\"isPartOf\":{\"@id\":\"https:\/\/www.sonoraenequipo.com.mx\/el-gobierno-federal-no-tiene-ni-tendra-dialogo-con-ningun-grupo-del-crimen-organizado-segob\/\"},\"author\":{\"name\":\"enequipo\",\"@id\":\"https:\/\/www.sonoraenequipo.com.mx\/#\/schema\/person\/50102df0fb23a8fa9e8effad8fa81386\"},\"headline\":\"El Gobierno Federal no tiene ni tendr\u00e1 di\u00e1logo con ning\u00fan grupo del crimen organizado: SEGOB\",\"datePublished\":\"2019-08-21T01:36:29+00:00\",\"mainEntityOfPage\":{\"@id\":\"https:\/\/www.sonoraenequipo.com.mx\/el-gobierno-federal-no-tiene-ni-tendra-dialogo-con-ningun-grupo-del-crimen-organizado-segob\/\"},\"wordCount\":238,\"commentCount\":0,\"publisher\":{\"@id\":\"https:\/\/www.sonoraenequipo.com.mx\/#organization\"},\"image\":{\"@id\":\"https:\/\/www.sonoraenequipo.com.mx\/el-gobierno-federal-no-tiene-ni-tendra-dialogo-con-ningun-grupo-del-crimen-organizado-segob\/#primaryimage\"},\"thumbnailUrl\":\"https:\/\/www.sonoraenequipo.com.mx\/storage\/2019\/08\/olga-sanchez-cordero-1_opt.jpg\",\"articleSection\":[\"Rep\u00fablica\"],\"inLanguage\":\"es\",\"potentialAction\":[{\"@type\":\"CommentAction\",\"name\":\"Comment\",\"target\":[\"https:\/\/www.sonoraenequipo.com.mx\/el-gobierno-federal-no-tiene-ni-tendra-dialogo-con-ningun-grupo-del-crimen-organizado-segob\/#respond\"]}]},{\"@type\":\"WebPage\",\"@id\":\"https:\/\/www.sonoraenequipo.com.mx\/el-gobierno-federal-no-tiene-ni-tendra-dialogo-con-ningun-grupo-del-crimen-organizado-segob\/\",\"url\":\"https:\/\/www.sonoraenequipo.com.mx\/el-gobierno-federal-no-tiene-ni-tendra-dialogo-con-ningun-grupo-del-crimen-organizado-segob\/\",\"name\":\"Sonora en Equipo. El Gobierno Federal no tiene ni tendr\u00e1 di\u00e1logo con ning\u00fan grupo del crimen organizado: SEGOB Rep\u00fablica\",\"isPartOf\":{\"@id\":\"https:\/\/www.sonoraenequipo.com.mx\/#website\"},\"primaryImageOfPage\":{\"@id\":\"https:\/\/www.sonoraenequipo.com.mx\/el-gobierno-federal-no-tiene-ni-tendra-dialogo-con-ningun-grupo-del-crimen-organizado-segob\/#primaryimage\"},\"image\":{\"@id\":\"https:\/\/www.sonoraenequipo.com.mx\/el-gobierno-federal-no-tiene-ni-tendra-dialogo-con-ningun-grupo-del-crimen-organizado-segob\/#primaryimage\"},\"thumbnailUrl\":\"https:\/\/www.sonoraenequipo.com.mx\/storage\/2019\/08\/olga-sanchez-cordero-1_opt.jpg\",\"datePublished\":\"2019-08-21T01:36:29+00:00\",\"description\":\"CIUDAD DE M\u00c9XICO. MX. \u2014 A trav\u00e9s de su cuenta de Twitter, la Secretar\u00eda de Gobernaci\u00f3n aclar\u00f3 que las \u201csupuestas expresiones\u201d de Olga S\u00e1nchez Cordero en En Sonora en Equipo publicamos toda la informaci\u00f3n de Sonora, M\u00e9xico y el Mundo de manera oportuna y busca que la libertad de expresi\u00f3n sea real. Visita nuestro medio informativo publicado desde Hermosillo, Sonora. %\",\"breadcrumb\":{\"@id\":\"https:\/\/www.sonoraenequipo.com.mx\/el-gobierno-federal-no-tiene-ni-tendra-dialogo-con-ningun-grupo-del-crimen-organizado-segob\/#breadcrumb\"},\"inLanguage\":\"es\",\"potentialAction\":[{\"@type\":\"ReadAction\",\"target\":[\"https:\/\/www.sonoraenequipo.com.mx\/el-gobierno-federal-no-tiene-ni-tendra-dialogo-con-ningun-grupo-del-crimen-organizado-segob\/\"]}]},{\"@type\":\"ImageObject\",\"inLanguage\":\"es\",\"@id\":\"https:\/\/www.sonoraenequipo.com.mx\/el-gobierno-federal-no-tiene-ni-tendra-dialogo-con-ningun-grupo-del-crimen-organizado-segob\/#primaryimage\",\"url\":\"https:\/\/www.sonoraenequipo.com.mx\/storage\/2019\/08\/olga-sanchez-cordero-1_opt.jpg\",\"contentUrl\":\"https:\/\/www.sonoraenequipo.com.mx\/storage\/2019\/08\/olga-sanchez-cordero-1_opt.jpg\",\"width\":600,\"height\":337},{\"@type\":\"BreadcrumbList\",\"@id\":\"https:\/\/www.sonoraenequipo.com.mx\/el-gobierno-federal-no-tiene-ni-tendra-dialogo-con-ningun-grupo-del-crimen-organizado-segob\/#breadcrumb\",\"itemListElement\":[{\"@type\":\"ListItem\",\"position\":1,\"name\":\"Portada\",\"item\":\"https:\/\/www.sonoraenequipo.com.mx\/\"},{\"@type\":\"ListItem\",\"position\":2,\"name\":\"El Gobierno Federal no tiene ni tendr\u00e1 di\u00e1logo con ning\u00fan grupo del crimen organizado: SEGOB\"}]},{\"@type\":\"WebSite\",\"@id\":\"https:\/\/www.sonoraenequipo.com.mx\/#website\",\"url\":\"https:\/\/www.sonoraenequipo.com.mx\/\",\"name\":\"Sonora en Equipo.\",\"description\":\"Diario en l\u00ednea con Noticias desde Hermosillo, Sonora\",\"publisher\":{\"@id\":\"https:\/\/www.sonoraenequipo.com.mx\/#organization\"},\"potentialAction\":[{\"@type\":\"SearchAction\",\"target\":{\"@type\":\"EntryPoint\",\"urlTemplate\":\"https:\/\/www.sonoraenequipo.com.mx\/?s={search_term_string}\"},\"query-input\":{\"@type\":\"PropertyValueSpecification\",\"valueRequired\":true,\"valueName\":\"search_term_string\"}}],\"inLanguage\":\"es\"},{\"@type\":\"Organization\",\"@id\":\"https:\/\/www.sonoraenequipo.com.mx\/#organization\",\"name\":\"Sonoraenequipo.com.mx\",\"url\":\"https:\/\/www.sonoraenequipo.com.mx\/\",\"logo\":{\"@type\":\"ImageObject\",\"inLanguage\":\"es\",\"@id\":\"https:\/\/www.sonoraenequipo.com.mx\/#\/schema\/logo\/image\/\",\"url\":\"https:\/\/www.sonoraenequipo.com.mx\/storage\/2019\/01\/sonoraenequipo_opt.png\",\"contentUrl\":\"https:\/\/www.sonoraenequipo.com.mx\/storage\/2019\/01\/sonoraenequipo_opt.png\",\"width\":375,\"height\":125,\"caption\":\"Sonoraenequipo.com.mx\"},\"image\":{\"@id\":\"https:\/\/www.sonoraenequipo.com.mx\/#\/schema\/logo\/image\/\"},\"sameAs\":[\"https:\/\/www.facebook.com\/SonoraEE\/\",\"https:\/\/x.com\/sonoraenequipo\",\"https:\/\/www.youtube.com\/channel\/UC338nW-lPEYmJQs4ZABQ1SQ\"]},{\"@type\":\"Person\",\"@id\":\"https:\/\/www.sonoraenequipo.com.mx\/#\/schema\/person\/50102df0fb23a8fa9e8effad8fa81386\",\"name\":\"enequipo\",\"image\":{\"@type\":\"ImageObject\",\"inLanguage\":\"es\",\"@id\":\"https:\/\/www.sonoraenequipo.com.mx\/#\/schema\/person\/image\/\",\"url\":\"https:\/\/secure.gravatar.com\/avatar\/049821681b589dabc0bc20695993ccebb09f5b5d4d790cd9251b97faac7c652b?s=96&d=blank&r=g\",\"contentUrl\":\"https:\/\/secure.gravatar.com\/avatar\/049821681b589dabc0bc20695993ccebb09f5b5d4d790cd9251b97faac7c652b?s=96&d=blank&r=g\",\"caption\":\"enequipo\"},\"sameAs\":[\"https:\/\/www.facebook.com\/SonoraEE\"]}]}<\/script>\n ","yoast_head_json":{"title":"Sonora en Equipo. El Gobierno Federal no tiene ni tendr\u00e1 di\u00e1logo con ning\u00fan grupo del crimen organizado: SEGOB Rep\u00fablica","description":"CIUDAD DE M\u00c9XICO. MX. \u2014 A trav\u00e9s de su cuenta de Twitter, la Secretar\u00eda de Gobernaci\u00f3n aclar\u00f3 que las \u201csupuestas expresiones\u201d de Olga S\u00e1nchez Cordero en En Sonora en Equipo publicamos toda la informaci\u00f3n de Sonora, M\u00e9xico y el Mundo de manera oportuna y busca que la libertad de expresi\u00f3n sea real. Visita nuestro medio informativo publicado desde Hermosillo, Sonora. %","robots":{"index":"index","follow":"follow","max-snippet":"max-snippet:-1","max-image-preview":"max-image-preview:large","max-video-preview":"max-video-preview:-1"},"canonical":"https:\/\/www.sonoraenequipo.com.mx\/el-gobierno-federal-no-tiene-ni-tendra-dialogo-con-ningun-grupo-del-crimen-organizado-segob\/","og_locale":"es_ES","og_type":"article","og_title":"Sonora en Equipo. El Gobierno Federal no tiene ni tendr\u00e1 di\u00e1logo con ning\u00fan grupo del crimen organizado: SEGOB Rep\u00fablica","og_description":"CIUDAD DE M\u00c9XICO. MX. \u2014 A trav\u00e9s de su cuenta de Twitter, la Secretar\u00eda de Gobernaci\u00f3n aclar\u00f3 que las \u201csupuestas expresiones\u201d de Olga S\u00e1nchez Cordero en En Sonora en Equipo publicamos toda la informaci\u00f3n de Sonora, M\u00e9xico y el Mundo de manera oportuna y busca que la libertad de expresi\u00f3n sea real. Visita nuestro medio informativo publicado desde Hermosillo, Sonora. %","og_url":"https:\/\/www.sonoraenequipo.com.mx\/el-gobierno-federal-no-tiene-ni-tendra-dialogo-con-ningun-grupo-del-crimen-organizado-segob\/","og_site_name":"Sonora en Equipo.","article_publisher":"https:\/\/www.facebook.com\/SonoraEE\/","article_author":"https:\/\/www.facebook.com\/SonoraEE","article_published_time":"2019-08-21T01:36:29+00:00","og_image":[{"width":600,"height":337,"url":"https:\/\/www.sonoraenequipo.com.mx\/storage\/2019\/08\/olga-sanchez-cordero-1_opt.jpg","type":"image\/jpeg"}],"author":"enequipo","twitter_card":"summary_large_image","twitter_creator":"@sonoraenequipo","twitter_site":"@sonoraenequipo","twitter_misc":{"Escrito por":"enequipo","Tiempo de lectura":"1 minuto"},"schema":{"@context":"https:\/\/schema.org","@graph":[{"@type":"Article","@id":"https:\/\/www.sonoraenequipo.com.mx\/el-gobierno-federal-no-tiene-ni-tendra-dialogo-con-ningun-grupo-del-crimen-organizado-segob\/#article","isPartOf":{"@id":"https:\/\/www.sonoraenequipo.com.mx\/el-gobierno-federal-no-tiene-ni-tendra-dialogo-con-ningun-grupo-del-crimen-organizado-segob\/"},"author":{"name":"enequipo","@id":"https:\/\/www.sonoraenequipo.com.mx\/#\/schema\/person\/50102df0fb23a8fa9e8effad8fa81386"},"headline":"El Gobierno Federal no tiene ni tendr\u00e1 di\u00e1logo con ning\u00fan grupo del crimen organizado: SEGOB","datePublished":"2019-08-21T01:36:29+00:00","mainEntityOfPage":{"@id":"https:\/\/www.sonoraenequipo.com.mx\/el-gobierno-federal-no-tiene-ni-tendra-dialogo-con-ningun-grupo-del-crimen-organizado-segob\/"},"wordCount":238,"commentCount":0,"publisher":{"@id":"https:\/\/www.sonoraenequipo.com.mx\/#organization"},"image":{"@id":"https:\/\/www.sonoraenequipo.com.mx\/el-gobierno-federal-no-tiene-ni-tendra-dialogo-con-ningun-grupo-del-crimen-organizado-segob\/#primaryimage"},"thumbnailUrl":"https:\/\/www.sonoraenequipo.com.mx\/storage\/2019\/08\/olga-sanchez-cordero-1_opt.jpg","articleSection":["Rep\u00fablica"],"inLanguage":"es","potentialAction":[{"@type":"CommentAction","name":"Comment","target":["https:\/\/www.sonoraenequipo.com.mx\/el-gobierno-federal-no-tiene-ni-tendra-dialogo-con-ningun-grupo-del-crimen-organizado-segob\/#respond"]}]},{"@type":"WebPage","@id":"https:\/\/www.sonoraenequipo.com.mx\/el-gobierno-federal-no-tiene-ni-tendra-dialogo-con-ningun-grupo-del-crimen-organizado-segob\/","url":"https:\/\/www.sonoraenequipo.com.mx\/el-gobierno-federal-no-tiene-ni-tendra-dialogo-con-ningun-grupo-del-crimen-organizado-segob\/","name":"Sonora en Equipo. El Gobierno Federal no tiene ni tendr\u00e1 di\u00e1logo con ning\u00fan grupo del crimen organizado: SEGOB Rep\u00fablica","isPartOf":{"@id":"https:\/\/www.sonoraenequipo.com.mx\/#website"},"primaryImageOfPage":{"@id":"https:\/\/www.sonoraenequipo.com.mx\/el-gobierno-federal-no-tiene-ni-tendra-dialogo-con-ningun-grupo-del-crimen-organizado-segob\/#primaryimage"},"image":{"@id":"https:\/\/www.sonoraenequipo.com.mx\/el-gobierno-federal-no-tiene-ni-tendra-dialogo-con-ningun-grupo-del-crimen-organizado-segob\/#primaryimage"},"thumbnailUrl":"https:\/\/www.sonoraenequipo.com.mx\/storage\/2019\/08\/olga-sanchez-cordero-1_opt.jpg","datePublished":"2019-08-21T01:36:29+00:00","description":"CIUDAD DE M\u00c9XICO. MX. \u2014 A trav\u00e9s de su cuenta de Twitter, la Secretar\u00eda de Gobernaci\u00f3n aclar\u00f3 que las \u201csupuestas expresiones\u201d de Olga S\u00e1nchez Cordero en En Sonora en Equipo publicamos toda la informaci\u00f3n de Sonora, M\u00e9xico y el Mundo de manera oportuna y busca que la libertad de expresi\u00f3n sea real. Visita nuestro medio informativo publicado desde Hermosillo, Sonora. %","breadcrumb":{"@id":"https:\/\/www.sonoraenequipo.com.mx\/el-gobierno-federal-no-tiene-ni-tendra-dialogo-con-ningun-grupo-del-crimen-organizado-segob\/#breadcrumb"},"inLanguage":"es","potentialAction":[{"@type":"ReadAction","target":["https:\/\/www.sonoraenequipo.com.mx\/el-gobierno-federal-no-tiene-ni-tendra-dialogo-con-ningun-grupo-del-crimen-organizado-segob\/"]}]},{"@type":"ImageObject","inLanguage":"es","@id":"https:\/\/www.sonoraenequipo.com.mx\/el-gobierno-federal-no-tiene-ni-tendra-dialogo-con-ningun-grupo-del-crimen-organizado-segob\/#primaryimage","url":"https:\/\/www.sonoraenequipo.com.mx\/storage\/2019\/08\/olga-sanchez-cordero-1_opt.jpg","contentUrl":"https:\/\/www.sonoraenequipo.com.mx\/storage\/2019\/08\/olga-sanchez-cordero-1_opt.jpg","width":600,"height":337},{"@type":"BreadcrumbList","@id":"https:\/\/www.sonoraenequipo.com.mx\/el-gobierno-federal-no-tiene-ni-tendra-dialogo-con-ningun-grupo-del-crimen-organizado-segob\/#breadcrumb","itemListElement":[{"@type":"ListItem","position":1,"name":"Portada","item":"https:\/\/www.sonoraenequipo.com.mx\/"},{"@type":"ListItem","position":2,"name":"El Gobierno Federal no tiene ni tendr\u00e1 di\u00e1logo con ning\u00fan grupo del crimen organizado: SEGOB"}]},{"@type":"WebSite","@id":"https:\/\/www.sonoraenequipo.com.mx\/#website","url":"https:\/\/www.sonoraenequipo.com.mx\/","name":"Sonora en Equipo.","description":"Diario en l\u00ednea con Noticias desde Hermosillo, Sonora","publisher":{"@id":"https:\/\/www.sonoraenequipo.com.mx\/#organization"},"potentialAction":[{"@type":"SearchAction","target":{"@type":"EntryPoint","urlTemplate":"https:\/\/www.sonoraenequipo.com.mx\/?s={search_term_string}"},"query-input":{"@type":"PropertyValueSpecification","valueRequired":true,"valueName":"search_term_string"}}],"inLanguage":"es"},{"@type":"Organization","@id":"https:\/\/www.sonoraenequipo.com.mx\/#organization","name":"Sonoraenequipo.com.mx","url":"https:\/\/www.sonoraenequipo.com.mx\/","logo":{"@type":"ImageObject","inLanguage":"es","@id":"https:\/\/www.sonoraenequipo.com.mx\/#\/schema\/logo\/image\/","url":"https:\/\/www.sonoraenequipo.com.mx\/storage\/2019\/01\/sonoraenequipo_opt.png","contentUrl":"https:\/\/www.sonoraenequipo.com.mx\/storage\/2019\/01\/sonoraenequipo_opt.png","width":375,"height":125,"caption":"Sonoraenequipo.com.mx"},"image":{"@id":"https:\/\/www.sonoraenequipo.com.mx\/#\/schema\/logo\/image\/"},"sameAs":["https:\/\/www.facebook.com\/SonoraEE\/","https:\/\/x.com\/sonoraenequipo","https:\/\/www.youtube.com\/channel\/UC338nW-lPEYmJQs4ZABQ1SQ"]},{"@type":"Person","@id":"https:\/\/www.sonoraenequipo.com.mx\/#\/schema\/person\/50102df0fb23a8fa9e8effad8fa81386","name":"enequipo","image":{"@type":"ImageObject","inLanguage":"es","@id":"https:\/\/www.sonoraenequipo.com.mx\/#\/schema\/person\/image\/","url":"https:\/\/secure.gravatar.com\/avatar\/049821681b589dabc0bc20695993ccebb09f5b5d4d790cd9251b97faac7c652b?s=96&d=blank&r=g","contentUrl":"https:\/\/secure.gravatar.com\/avatar\/049821681b589dabc0bc20695993ccebb09f5b5d4d790cd9251b97faac7c652b?s=96&d=blank&r=g","caption":"enequipo"},"sameAs":["https:\/\/www.facebook.com\/SonoraEE"]}]}},"jetpack_featured_media_url":"https:\/\/www.sonoraenequipo.com.mx\/storage\/2019\/08\/olga-sanchez-cordero-1_opt.jpg","_links":{"self":[{"href":"https:\/\/www.sonoraenequipo.com.mx\/api\/wp\/v2\/posts\/65883","targetHints":{"allow":["GET"]}}],"collection":[{"href":"https:\/\/www.sonoraenequipo.com.mx\/api\/wp\/v2\/posts"}],"about":[{"href":"https:\/\/www.sonoraenequipo.com.mx\/api\/wp\/v2\/types\/post"}],"author":[{"embeddable":true,"href":"https:\/\/www.sonoraenequipo.com.mx\/api\/wp\/v2\/users\/1"}],"replies":[{"embeddable":true,"href":"https:\/\/www.sonoraenequipo.com.mx\/api\/wp\/v2\/comments?post=65883"}],"version-history":[{"count":0,"href":"https:\/\/www.sonoraenequipo.com.mx\/api\/wp\/v2\/posts\/65883\/revisions"}],"wp:featuredmedia":[{"embeddable":true,"href":"https:\/\/www.sonoraenequipo.com.mx\/api\/wp\/v2\/media\/65884"}],"wp:attachment":[{"href":"https:\/\/www.sonoraenequipo.com.mx\/api\/wp\/v2\/media?parent=65883"}],"wp:term":[{"taxonomy":"category","embeddable":true,"href":"https:\/\/www.sonoraenequipo.com.mx\/api\/wp\/v2\/categories?post=65883"},{"taxonomy":"post_tag","embeddable":true,"href":"https:\/\/www.sonoraenequipo.com.mx\/api\/wp\/v2\/tags?post=65883"}],"curies":[{"name":"wp","href":"https:\/\/api.w.org\/{rel}","templated":true}]}}