{"id":65899,"date":"2019-08-20T16:45:07","date_gmt":"2019-08-20T23:45:07","guid":{"rendered":"https:\/\/www.sonoraenequipo.com.mx\/?p=65899"},"modified":"2019-08-20T22:46:54","modified_gmt":"2019-08-21T05:46:54","slug":"realizaran-feria-escolar-de-canacope-en-jardin-juarez","status":"publish","type":"post","link":"https:\/\/www.sonoraenequipo.com.mx\/realizaran-feria-escolar-de-canacope-en-jardin-juarez\/","title":{"rendered":"Realizar\u00e1n Feria Escolar de Canacope en Jard\u00edn Ju\u00e1rez"},"content":{"rendered":"<p>HERMOSILLO, SONORA. MX. \u2014 Gino Saracco Morales, director de Inspecci\u00f3n y Vigilancia, inform\u00f3 que se otorg\u00f3 permiso para realizar la Feria Escolar de la C\u00e1mara Nacional de Comercio en Peque\u00f1o (Canacope), del 21 al 25 de agosto en el Jard\u00edn Ju\u00e1rez. <\/p>\n<p>Coment\u00f3 que la feria ya tiene 25 a\u00f1os y que en esta ocasi\u00f3n contar\u00e1 con 24 puestos de comerciantes que ofertar\u00e1n uniformes, mochilas, zapatos, papeler\u00edas y art\u00edculos escolares, as\u00ed como aguas frescas; de las 8:00 a 22:00 horas.<\/p>\n<p>Saracco Morales mencion\u00f3 que, adem\u00e1s del Ayuntamiento, participa la Secretar\u00eda de Econom\u00eda Estatal con mujeres empresarias, y el Icatson con cortes de cabello gratis para ni\u00f1os, por medio de su escuela de estilismo.<\/p>\n<p>Se le hizo un permiso general a Canacope, dijo, con un costo de 12 mil pesos por los cinco d\u00edas, y ya ellos distribuyeron los 24 puestos a sus agremiados, que fue los que pudieron colocar seg\u00fan las medidas, en el jard\u00edn ubicado en el Centro de la ciudad.<\/p>\n<p>El pr\u00f3ximo 23 de agosto ser\u00e1 la ceremonia de inauguraci\u00f3n oficial en la que estar\u00e1 presente la Secretar\u00eda del Ayuntamiento, Direcci\u00f3n de Econom\u00eda y Turismo Municipal, el Icatson, Profeco, Secretar\u00eda de Econom\u00eda y la Asociaci\u00f3n de Padres de Familia.<\/p>\n<p>Por otra parte, el funcionario anunci\u00f3 que acaban de empezar de nuevo con el operativo de publicidad para eliminar la contaminaci\u00f3n visual, al igual que como se enfocaron los inspectores las \u00faltimas semanas en Bah\u00eda de Kino.<\/p>\n<p>Al momento retiraron 25 anuncios que no est\u00e1 permitidos colocar, entre pendones, caballetes y lonas; expuso que la mayor\u00eda los retiraron los propietarios de los negocios, por lo cual s\u00f3lo recibieron una notificaci\u00f3n, pero de reincidir se les aplicar\u00e1 una sanci\u00f3n que puede ir desde los 30 hasta 100 UMAS.<\/p>\n<p>PUBLICADO EL 20\/08\/2019<\/p>\n","protected":false},"excerpt":{"rendered":"<p>HERMOSILLO, SONORA. MX. \u2014 Gino Saracco Morales, director de Inspecci\u00f3n y Vigilancia, inform\u00f3 que se&#8230;<\/p>\n","protected":false},"author":1,"featured_media":65900,"comment_status":"open","ping_status":"open","sticky":false,"template":"","format":"standard","meta":{"_monsterinsights_skip_tracking":false,"_monsterinsights_sitenote_active":false,"_monsterinsights_sitenote_note":"","_monsterinsights_sitenote_category":0,"footnotes":""},"categories":[4],"tags":[],"class_list":["post"],"yoast_head":" \n<title>Sonora en Equipo. Realizar\u00e1n Feria Escolar de Canacope en Jard\u00edn Ju\u00e1rez Municipios<\/title>\n<meta name=\"description\" content=\"HERMOSILLO, SONORA. MX. \u2014 Gino Saracco Morales, director de Inspecci\u00f3n y Vigilancia, inform\u00f3 que se otorg\u00f3 permiso para realizar la Feria Escolar de la En Sonora en Equipo publicamos toda la informaci\u00f3n de Sonora, M\u00e9xico y el Mundo de manera oportuna y busca que la libertad de expresi\u00f3n sea real. Visita nuestro medio informativo publicado desde Hermosillo, Sonora. %\" \/>\n<meta name=\"robots\" content=\"index, follow, max-snippet:-1, max-image-preview:large, max-video-preview:-1\" \/>\n<link rel=\"canonical\" href=\"https:\/\/www.sonoraenequipo.com.mx\/realizaran-feria-escolar-de-canacope-en-jardin-juarez\/\" \/>\n<meta property=\"og:locale\" content=\"es_ES\" \/>\n<meta property=\"og:type\" content=\"article\" \/>\n<meta property=\"og:title\" content=\"Sonora en Equipo. Realizar\u00e1n Feria Escolar de Canacope en Jard\u00edn Ju\u00e1rez Municipios\" \/>\n<meta property=\"og:description\" content=\"HERMOSILLO, SONORA. MX. \u2014 Gino Saracco Morales, director de Inspecci\u00f3n y Vigilancia, inform\u00f3 que se otorg\u00f3 permiso para realizar la Feria Escolar de la En Sonora en Equipo publicamos toda la informaci\u00f3n de Sonora, M\u00e9xico y el Mundo de manera oportuna y busca que la libertad de expresi\u00f3n sea real. Visita nuestro medio informativo publicado desde Hermosillo, Sonora. %\" \/>\n<meta property=\"og:url\" content=\"https:\/\/www.sonoraenequipo.com.mx\/realizaran-feria-escolar-de-canacope-en-jardin-juarez\/\" \/>\n<meta property=\"og:site_name\" content=\"Sonora en Equipo.\" \/>\n<meta property=\"article:publisher\" content=\"https:\/\/www.facebook.com\/SonoraEE\/\" \/>\n<meta property=\"article:author\" content=\"https:\/\/www.facebook.com\/SonoraEE\" \/>\n<meta property=\"article:published_time\" content=\"2019-08-20T23:45:07+00:00\" \/>\n<meta property=\"article:modified_time\" content=\"2019-08-21T05:46:54+00:00\" \/>\n<meta property=\"og:image\" content=\"https:\/\/www.sonoraenequipo.com.mx\/storage\/2019\/08\/Gino-Saracco-Morales_inspeyvigilancia_opt.jpg\" \/>\n\t<meta property=\"og:image:width\" content=\"560\" \/>\n\t<meta property=\"og:image:height\" content=\"400\" \/>\n\t<meta property=\"og:image:type\" content=\"image\/jpeg\" \/>\n<meta name=\"author\" content=\"enequipo\" \/>\n<meta name=\"twitter:card\" content=\"summary_large_image\" \/>\n<meta name=\"twitter:creator\" content=\"@sonoraenequipo\" \/>\n<meta name=\"twitter:site\" content=\"@sonoraenequipo\" \/>\n<meta name=\"twitter:label1\" content=\"Escrito por\" \/>\n\t<meta name=\"twitter:data1\" content=\"enequipo\" \/>\n\t<meta name=\"twitter:label2\" content=\"Tiempo de lectura\" \/>\n\t<meta name=\"twitter:data2\" content=\"2 minutos\" \/>\n<script type=\"application\/ld+json\" class=\"yoast-schema-graph\">{\"@context\":\"https:\/\/schema.org\",\"@graph\":[{\"@type\":\"Article\",\"@id\":\"https:\/\/www.sonoraenequipo.com.mx\/realizaran-feria-escolar-de-canacope-en-jardin-juarez\/#article\",\"isPartOf\":{\"@id\":\"https:\/\/www.sonoraenequipo.com.mx\/realizaran-feria-escolar-de-canacope-en-jardin-juarez\/\"},\"author\":{\"name\":\"enequipo\",\"@id\":\"https:\/\/www.sonoraenequipo.com.mx\/#\/schema\/person\/50102df0fb23a8fa9e8effad8fa81386\"},\"headline\":\"Realizar\u00e1n Feria Escolar de Canacope en Jard\u00edn Ju\u00e1rez\",\"datePublished\":\"2019-08-20T23:45:07+00:00\",\"dateModified\":\"2019-08-21T05:46:54+00:00\",\"mainEntityOfPage\":{\"@id\":\"https:\/\/www.sonoraenequipo.com.mx\/realizaran-feria-escolar-de-canacope-en-jardin-juarez\/\"},\"wordCount\":318,\"commentCount\":0,\"publisher\":{\"@id\":\"https:\/\/www.sonoraenequipo.com.mx\/#organization\"},\"image\":{\"@id\":\"https:\/\/www.sonoraenequipo.com.mx\/realizaran-feria-escolar-de-canacope-en-jardin-juarez\/#primaryimage\"},\"thumbnailUrl\":\"https:\/\/www.sonoraenequipo.com.mx\/storage\/2019\/08\/Gino-Saracco-Morales_inspeyvigilancia_opt.jpg\",\"articleSection\":[\"Municipios\"],\"inLanguage\":\"es\",\"potentialAction\":[{\"@type\":\"CommentAction\",\"name\":\"Comment\",\"target\":[\"https:\/\/www.sonoraenequipo.com.mx\/realizaran-feria-escolar-de-canacope-en-jardin-juarez\/#respond\"]}]},{\"@type\":\"WebPage\",\"@id\":\"https:\/\/www.sonoraenequipo.com.mx\/realizaran-feria-escolar-de-canacope-en-jardin-juarez\/\",\"url\":\"https:\/\/www.sonoraenequipo.com.mx\/realizaran-feria-escolar-de-canacope-en-jardin-juarez\/\",\"name\":\"Sonora en Equipo. Realizar\u00e1n Feria Escolar de Canacope en Jard\u00edn Ju\u00e1rez Municipios\",\"isPartOf\":{\"@id\":\"https:\/\/www.sonoraenequipo.com.mx\/#website\"},\"primaryImageOfPage\":{\"@id\":\"https:\/\/www.sonoraenequipo.com.mx\/realizaran-feria-escolar-de-canacope-en-jardin-juarez\/#primaryimage\"},\"image\":{\"@id\":\"https:\/\/www.sonoraenequipo.com.mx\/realizaran-feria-escolar-de-canacope-en-jardin-juarez\/#primaryimage\"},\"thumbnailUrl\":\"https:\/\/www.sonoraenequipo.com.mx\/storage\/2019\/08\/Gino-Saracco-Morales_inspeyvigilancia_opt.jpg\",\"datePublished\":\"2019-08-20T23:45:07+00:00\",\"dateModified\":\"2019-08-21T05:46:54+00:00\",\"description\":\"HERMOSILLO, SONORA. MX. \u2014 Gino Saracco Morales, director de Inspecci\u00f3n y Vigilancia, inform\u00f3 que se otorg\u00f3 permiso para realizar la Feria Escolar de la En Sonora en Equipo publicamos toda la informaci\u00f3n de Sonora, M\u00e9xico y el Mundo de manera oportuna y busca que la libertad de expresi\u00f3n sea real. Visita nuestro medio informativo publicado desde Hermosillo, Sonora. %\",\"breadcrumb\":{\"@id\":\"https:\/\/www.sonoraenequipo.com.mx\/realizaran-feria-escolar-de-canacope-en-jardin-juarez\/#breadcrumb\"},\"inLanguage\":\"es\",\"potentialAction\":[{\"@type\":\"ReadAction\",\"target\":[\"https:\/\/www.sonoraenequipo.com.mx\/realizaran-feria-escolar-de-canacope-en-jardin-juarez\/\"]}]},{\"@type\":\"ImageObject\",\"inLanguage\":\"es\",\"@id\":\"https:\/\/www.sonoraenequipo.com.mx\/realizaran-feria-escolar-de-canacope-en-jardin-juarez\/#primaryimage\",\"url\":\"https:\/\/www.sonoraenequipo.com.mx\/storage\/2019\/08\/Gino-Saracco-Morales_inspeyvigilancia_opt.jpg\",\"contentUrl\":\"https:\/\/www.sonoraenequipo.com.mx\/storage\/2019\/08\/Gino-Saracco-Morales_inspeyvigilancia_opt.jpg\",\"width\":560,\"height\":400},{\"@type\":\"BreadcrumbList\",\"@id\":\"https:\/\/www.sonoraenequipo.com.mx\/realizaran-feria-escolar-de-canacope-en-jardin-juarez\/#breadcrumb\",\"itemListElement\":[{\"@type\":\"ListItem\",\"position\":1,\"name\":\"Portada\",\"item\":\"https:\/\/www.sonoraenequipo.com.mx\/\"},{\"@type\":\"ListItem\",\"position\":2,\"name\":\"Realizar\u00e1n Feria Escolar de Canacope en Jard\u00edn Ju\u00e1rez\"}]},{\"@type\":\"WebSite\",\"@id\":\"https:\/\/www.sonoraenequipo.com.mx\/#website\",\"url\":\"https:\/\/www.sonoraenequipo.com.mx\/\",\"name\":\"Sonora en Equipo.\",\"description\":\"Diario en l\u00ednea con Noticias desde Hermosillo, Sonora\",\"publisher\":{\"@id\":\"https:\/\/www.sonoraenequipo.com.mx\/#organization\"},\"potentialAction\":[{\"@type\":\"SearchAction\",\"target\":{\"@type\":\"EntryPoint\",\"urlTemplate\":\"https:\/\/www.sonoraenequipo.com.mx\/?s={search_term_string}\"},\"query-input\":{\"@type\":\"PropertyValueSpecification\",\"valueRequired\":true,\"valueName\":\"search_term_string\"}}],\"inLanguage\":\"es\"},{\"@type\":\"Organization\",\"@id\":\"https:\/\/www.sonoraenequipo.com.mx\/#organization\",\"name\":\"Sonoraenequipo.com.mx\",\"url\":\"https:\/\/www.sonoraenequipo.com.mx\/\",\"logo\":{\"@type\":\"ImageObject\",\"inLanguage\":\"es\",\"@id\":\"https:\/\/www.sonoraenequipo.com.mx\/#\/schema\/logo\/image\/\",\"url\":\"https:\/\/www.sonoraenequipo.com.mx\/storage\/2019\/01\/sonoraenequipo_opt.png\",\"contentUrl\":\"https:\/\/www.sonoraenequipo.com.mx\/storage\/2019\/01\/sonoraenequipo_opt.png\",\"width\":375,\"height\":125,\"caption\":\"Sonoraenequipo.com.mx\"},\"image\":{\"@id\":\"https:\/\/www.sonoraenequipo.com.mx\/#\/schema\/logo\/image\/\"},\"sameAs\":[\"https:\/\/www.facebook.com\/SonoraEE\/\",\"https:\/\/x.com\/sonoraenequipo\",\"https:\/\/www.youtube.com\/channel\/UC338nW-lPEYmJQs4ZABQ1SQ\"]},{\"@type\":\"Person\",\"@id\":\"https:\/\/www.sonoraenequipo.com.mx\/#\/schema\/person\/50102df0fb23a8fa9e8effad8fa81386\",\"name\":\"enequipo\",\"image\":{\"@type\":\"ImageObject\",\"inLanguage\":\"es\",\"@id\":\"https:\/\/www.sonoraenequipo.com.mx\/#\/schema\/person\/image\/\",\"url\":\"https:\/\/secure.gravatar.com\/avatar\/049821681b589dabc0bc20695993ccebb09f5b5d4d790cd9251b97faac7c652b?s=96&d=blank&r=g\",\"contentUrl\":\"https:\/\/secure.gravatar.com\/avatar\/049821681b589dabc0bc20695993ccebb09f5b5d4d790cd9251b97faac7c652b?s=96&d=blank&r=g\",\"caption\":\"enequipo\"},\"sameAs\":[\"https:\/\/www.facebook.com\/SonoraEE\"]}]}<\/script>\n ","yoast_head_json":{"title":"Sonora en Equipo. Realizar\u00e1n Feria Escolar de Canacope en Jard\u00edn Ju\u00e1rez Municipios","description":"HERMOSILLO, SONORA. MX. \u2014 Gino Saracco Morales, director de Inspecci\u00f3n y Vigilancia, inform\u00f3 que se otorg\u00f3 permiso para realizar la Feria Escolar de la En Sonora en Equipo publicamos toda la informaci\u00f3n de Sonora, M\u00e9xico y el Mundo de manera oportuna y busca que la libertad de expresi\u00f3n sea real. Visita nuestro medio informativo publicado desde Hermosillo, Sonora. %","robots":{"index":"index","follow":"follow","max-snippet":"max-snippet:-1","max-image-preview":"max-image-preview:large","max-video-preview":"max-video-preview:-1"},"canonical":"https:\/\/www.sonoraenequipo.com.mx\/realizaran-feria-escolar-de-canacope-en-jardin-juarez\/","og_locale":"es_ES","og_type":"article","og_title":"Sonora en Equipo. Realizar\u00e1n Feria Escolar de Canacope en Jard\u00edn Ju\u00e1rez Municipios","og_description":"HERMOSILLO, SONORA. MX. \u2014 Gino Saracco Morales, director de Inspecci\u00f3n y Vigilancia, inform\u00f3 que se otorg\u00f3 permiso para realizar la Feria Escolar de la En Sonora en Equipo publicamos toda la informaci\u00f3n de Sonora, M\u00e9xico y el Mundo de manera oportuna y busca que la libertad de expresi\u00f3n sea real. Visita nuestro medio informativo publicado desde Hermosillo, Sonora. %","og_url":"https:\/\/www.sonoraenequipo.com.mx\/realizaran-feria-escolar-de-canacope-en-jardin-juarez\/","og_site_name":"Sonora en Equipo.","article_publisher":"https:\/\/www.facebook.com\/SonoraEE\/","article_author":"https:\/\/www.facebook.com\/SonoraEE","article_published_time":"2019-08-20T23:45:07+00:00","article_modified_time":"2019-08-21T05:46:54+00:00","og_image":[{"width":560,"height":400,"url":"https:\/\/www.sonoraenequipo.com.mx\/storage\/2019\/08\/Gino-Saracco-Morales_inspeyvigilancia_opt.jpg","type":"image\/jpeg"}],"author":"enequipo","twitter_card":"summary_large_image","twitter_creator":"@sonoraenequipo","twitter_site":"@sonoraenequipo","twitter_misc":{"Escrito por":"enequipo","Tiempo de lectura":"2 minutos"},"schema":{"@context":"https:\/\/schema.org","@graph":[{"@type":"Article","@id":"https:\/\/www.sonoraenequipo.com.mx\/realizaran-feria-escolar-de-canacope-en-jardin-juarez\/#article","isPartOf":{"@id":"https:\/\/www.sonoraenequipo.com.mx\/realizaran-feria-escolar-de-canacope-en-jardin-juarez\/"},"author":{"name":"enequipo","@id":"https:\/\/www.sonoraenequipo.com.mx\/#\/schema\/person\/50102df0fb23a8fa9e8effad8fa81386"},"headline":"Realizar\u00e1n Feria Escolar de Canacope en Jard\u00edn Ju\u00e1rez","datePublished":"2019-08-20T23:45:07+00:00","dateModified":"2019-08-21T05:46:54+00:00","mainEntityOfPage":{"@id":"https:\/\/www.sonoraenequipo.com.mx\/realizaran-feria-escolar-de-canacope-en-jardin-juarez\/"},"wordCount":318,"commentCount":0,"publisher":{"@id":"https:\/\/www.sonoraenequipo.com.mx\/#organization"},"image":{"@id":"https:\/\/www.sonoraenequipo.com.mx\/realizaran-feria-escolar-de-canacope-en-jardin-juarez\/#primaryimage"},"thumbnailUrl":"https:\/\/www.sonoraenequipo.com.mx\/storage\/2019\/08\/Gino-Saracco-Morales_inspeyvigilancia_opt.jpg","articleSection":["Municipios"],"inLanguage":"es","potentialAction":[{"@type":"CommentAction","name":"Comment","target":["https:\/\/www.sonoraenequipo.com.mx\/realizaran-feria-escolar-de-canacope-en-jardin-juarez\/#respond"]}]},{"@type":"WebPage","@id":"https:\/\/www.sonoraenequipo.com.mx\/realizaran-feria-escolar-de-canacope-en-jardin-juarez\/","url":"https:\/\/www.sonoraenequipo.com.mx\/realizaran-feria-escolar-de-canacope-en-jardin-juarez\/","name":"Sonora en Equipo. Realizar\u00e1n Feria Escolar de Canacope en Jard\u00edn Ju\u00e1rez Municipios","isPartOf":{"@id":"https:\/\/www.sonoraenequipo.com.mx\/#website"},"primaryImageOfPage":{"@id":"https:\/\/www.sonoraenequipo.com.mx\/realizaran-feria-escolar-de-canacope-en-jardin-juarez\/#primaryimage"},"image":{"@id":"https:\/\/www.sonoraenequipo.com.mx\/realizaran-feria-escolar-de-canacope-en-jardin-juarez\/#primaryimage"},"thumbnailUrl":"https:\/\/www.sonoraenequipo.com.mx\/storage\/2019\/08\/Gino-Saracco-Morales_inspeyvigilancia_opt.jpg","datePublished":"2019-08-20T23:45:07+00:00","dateModified":"2019-08-21T05:46:54+00:00","description":"HERMOSILLO, SONORA. MX. \u2014 Gino Saracco Morales, director de Inspecci\u00f3n y Vigilancia, inform\u00f3 que se otorg\u00f3 permiso para realizar la Feria Escolar de la En Sonora en Equipo publicamos toda la informaci\u00f3n de Sonora, M\u00e9xico y el Mundo de manera oportuna y busca que la libertad de expresi\u00f3n sea real. Visita nuestro medio informativo publicado desde Hermosillo, Sonora. %","breadcrumb":{"@id":"https:\/\/www.sonoraenequipo.com.mx\/realizaran-feria-escolar-de-canacope-en-jardin-juarez\/#breadcrumb"},"inLanguage":"es","potentialAction":[{"@type":"ReadAction","target":["https:\/\/www.sonoraenequipo.com.mx\/realizaran-feria-escolar-de-canacope-en-jardin-juarez\/"]}]},{"@type":"ImageObject","inLanguage":"es","@id":"https:\/\/www.sonoraenequipo.com.mx\/realizaran-feria-escolar-de-canacope-en-jardin-juarez\/#primaryimage","url":"https:\/\/www.sonoraenequipo.com.mx\/storage\/2019\/08\/Gino-Saracco-Morales_inspeyvigilancia_opt.jpg","contentUrl":"https:\/\/www.sonoraenequipo.com.mx\/storage\/2019\/08\/Gino-Saracco-Morales_inspeyvigilancia_opt.jpg","width":560,"height":400},{"@type":"BreadcrumbList","@id":"https:\/\/www.sonoraenequipo.com.mx\/realizaran-feria-escolar-de-canacope-en-jardin-juarez\/#breadcrumb","itemListElement":[{"@type":"ListItem","position":1,"name":"Portada","item":"https:\/\/www.sonoraenequipo.com.mx\/"},{"@type":"ListItem","position":2,"name":"Realizar\u00e1n Feria Escolar de Canacope en Jard\u00edn Ju\u00e1rez"}]},{"@type":"WebSite","@id":"https:\/\/www.sonoraenequipo.com.mx\/#website","url":"https:\/\/www.sonoraenequipo.com.mx\/","name":"Sonora en Equipo.","description":"Diario en l\u00ednea con Noticias desde Hermosillo, Sonora","publisher":{"@id":"https:\/\/www.sonoraenequipo.com.mx\/#organization"},"potentialAction":[{"@type":"SearchAction","target":{"@type":"EntryPoint","urlTemplate":"https:\/\/www.sonoraenequipo.com.mx\/?s={search_term_string}"},"query-input":{"@type":"PropertyValueSpecification","valueRequired":true,"valueName":"search_term_string"}}],"inLanguage":"es"},{"@type":"Organization","@id":"https:\/\/www.sonoraenequipo.com.mx\/#organization","name":"Sonoraenequipo.com.mx","url":"https:\/\/www.sonoraenequipo.com.mx\/","logo":{"@type":"ImageObject","inLanguage":"es","@id":"https:\/\/www.sonoraenequipo.com.mx\/#\/schema\/logo\/image\/","url":"https:\/\/www.sonoraenequipo.com.mx\/storage\/2019\/01\/sonoraenequipo_opt.png","contentUrl":"https:\/\/www.sonoraenequipo.com.mx\/storage\/2019\/01\/sonoraenequipo_opt.png","width":375,"height":125,"caption":"Sonoraenequipo.com.mx"},"image":{"@id":"https:\/\/www.sonoraenequipo.com.mx\/#\/schema\/logo\/image\/"},"sameAs":["https:\/\/www.facebook.com\/SonoraEE\/","https:\/\/x.com\/sonoraenequipo","https:\/\/www.youtube.com\/channel\/UC338nW-lPEYmJQs4ZABQ1SQ"]},{"@type":"Person","@id":"https:\/\/www.sonoraenequipo.com.mx\/#\/schema\/person\/50102df0fb23a8fa9e8effad8fa81386","name":"enequipo","image":{"@type":"ImageObject","inLanguage":"es","@id":"https:\/\/www.sonoraenequipo.com.mx\/#\/schema\/person\/image\/","url":"https:\/\/secure.gravatar.com\/avatar\/049821681b589dabc0bc20695993ccebb09f5b5d4d790cd9251b97faac7c652b?s=96&d=blank&r=g","contentUrl":"https:\/\/secure.gravatar.com\/avatar\/049821681b589dabc0bc20695993ccebb09f5b5d4d790cd9251b97faac7c652b?s=96&d=blank&r=g","caption":"enequipo"},"sameAs":["https:\/\/www.facebook.com\/SonoraEE"]}]}},"jetpack_featured_media_url":"https:\/\/www.sonoraenequipo.com.mx\/storage\/2019\/08\/Gino-Saracco-Morales_inspeyvigilancia_opt.jpg","_links":{"self":[{"href":"https:\/\/www.sonoraenequipo.com.mx\/api\/wp\/v2\/posts\/65899","targetHints":{"allow":["GET"]}}],"collection":[{"href":"https:\/\/www.sonoraenequipo.com.mx\/api\/wp\/v2\/posts"}],"about":[{"href":"https:\/\/www.sonoraenequipo.com.mx\/api\/wp\/v2\/types\/post"}],"author":[{"embeddable":true,"href":"https:\/\/www.sonoraenequipo.com.mx\/api\/wp\/v2\/users\/1"}],"replies":[{"embeddable":true,"href":"https:\/\/www.sonoraenequipo.com.mx\/api\/wp\/v2\/comments?post=65899"}],"version-history":[{"count":0,"href":"https:\/\/www.sonoraenequipo.com.mx\/api\/wp\/v2\/posts\/65899\/revisions"}],"wp:featuredmedia":[{"embeddable":true,"href":"https:\/\/www.sonoraenequipo.com.mx\/api\/wp\/v2\/media\/65900"}],"wp:attachment":[{"href":"https:\/\/www.sonoraenequipo.com.mx\/api\/wp\/v2\/media?parent=65899"}],"wp:term":[{"taxonomy":"category","embeddable":true,"href":"https:\/\/www.sonoraenequipo.com.mx\/api\/wp\/v2\/categories?post=65899"},{"taxonomy":"post_tag","embeddable":true,"href":"https:\/\/www.sonoraenequipo.com.mx\/api\/wp\/v2\/tags?post=65899"}],"curies":[{"name":"wp","href":"https:\/\/api.w.org\/{rel}","templated":true}]}}