{"id":65948,"date":"2019-08-21T20:50:42","date_gmt":"2019-08-22T03:50:42","guid":{"rendered":"https:\/\/www.sonoraenequipo.com.mx\/?p=65948"},"modified":"2019-08-21T19:03:54","modified_gmt":"2019-08-22T02:03:54","slug":"entrega-gobernadora-apoyos-de-vivienda-becas-y-obras-en-suaqui-grande-y-san-javier","status":"publish","type":"post","link":"https:\/\/www.sonoraenequipo.com.mx\/entrega-gobernadora-apoyos-de-vivienda-becas-y-obras-en-suaqui-grande-y-san-javier\/","title":{"rendered":"Entrega Gobernadora apoyos de vivienda, becas y obras en Suaqui Grande y San Javier"},"content":{"rendered":"<p>SAN JAVIER, SONORA. MX. \u2014 Todos los alumnos de primaria y secundaria de escuelas p\u00fablicas de San Javier que lo soliciten, tendr\u00e1n una beca escolar, anunci\u00f3 la gobernadora Claudia Pavlovich Arellano, al entregar obras de pavimentaci\u00f3n, acciones de vivienda y becas en este municipio y en Suaqui Grande. <\/p>\n<p>Acompa\u00f1ada por el alcalde de San Javier, C\u00e9sar Ruelas Leyva, as\u00ed como de ni\u00f1as, ni\u00f1os, adultos mayores y padres de familia, la gobernadora Pavlovich entreg\u00f3 becas a estudiantes beneficiados e hizo el anuncio de que todos los alumnos de primaria y secundaria de escuelas p\u00fablicas del municipio obtendr\u00e1n este apoyo para sus estudios.<\/p>\n<p>Explic\u00f3 que para ello deber\u00e1n de realizar la solicitud en el portal www.becasycredito.gob.mx y entregar la documentaci\u00f3n correspondiente ante el Instituto de Becas y Cr\u00e9dito Educativo del Estado de Sonora, el tr\u00e1mite tambi\u00e9n lo pueden efectuar ante el director de la escuela.<\/p>\n<p>Adem\u00e1s, la mandataria estatal se comprometi\u00f3 a brindarles un veh\u00edculo a los j\u00f3venes de la comunidad que cursan la preparatoria en Tecoripa, para que se trasladen con seguridad.<\/p>\n<p><em>\u201cTodos los ni\u00f1os de primaria y los j\u00f3venes de secundaria van a tener beca aqu\u00ed en San Javier; es muy importante, es un gran apoyo y me siento muy contenta porque apoyar la educaci\u00f3n es lo mejor que puedo hacer como gobernadora, apoyar a que sigan estudiando\u201d,<\/em> afirm\u00f3.<\/p>\n<p>La titular del Ejecutivo Estatal tambi\u00e9n inaugur\u00f3 las obras de pavimentaci\u00f3n de las calles Dr. Fern\u00e1ndez, Francisco de Padua y Callej\u00f3n del Oro; as\u00ed como las calles Benito Ju\u00e1rez, Miguel Hidalgo y Costilla, y Aquiles Serd\u00e1n; y entreg\u00f3 acciones de vivienda como tinacos, l\u00e1minas galvanizadas e impermeabilizantes.<\/p>\n<p><em>\u201cLa \u00fanica forma de saber realmente qu\u00e9 est\u00e1 pasando, el sentir de la gente, c\u00f3mo est\u00e1n, c\u00f3mo se sienten, es estar cerca de ellos, el contacto, por m\u00e1s grandes o peque\u00f1os que sean, todos merecen ser atendidos, ser atendidos con calidad y es lo que estamos haciendo aqu\u00ed\u201d,<\/em> indic\u00f3.<\/p>\n<p>En Suaqui Grande, acompa\u00f1ada por la alcaldesa Gertrudis Quintana Castillo, la gobernadora Pavlovich entreg\u00f3 acciones de vivienda en beneficio de quienes m\u00e1s lo necesitan en esa comunidad, adem\u00e1s de tinacos, l\u00e1minas, cubetas de impermeabilizante, becas para alumnos de primaria y secundaria por parte del Ibcees, y se comprometi\u00f3 a incrementar este apoyo para llegar a un mayor n\u00famero de estudiantes.<\/p>\n<p><em>\u201cVoy a seguir dando todo para sacar adelante a mi estado, siempre van a contar con una mujer que les habla con la verdad, que les dice las cosas como son, que no ando con promesas que no voy a cumplir, hemos entregado en el estado m\u00e1s de diez mil cuartos\u201d<\/em>, coment\u00f3.<\/p>\n<p>Al concluir el evento, la gobernadora Pavlovich recorri\u00f3 las calles de Suaqui Grande, se dirigi\u00f3 al templo de San Ignacio de Loyola, donde se encontr\u00f3 con ciudadanos a quienes salud\u00f3 y atendi\u00f3 sus peticiones en distintos rubros.<\/p>\n<p>Presentes: Yazmina Anaya Camargo, directora general del Instituto de Becas y Cr\u00e9dito Educativo del Estado de Sonora; Dinain Elizeth Miranda Burboa, presidenta del DIF San Javier; Francisco Javier Bernab\u00e9, beneficiario de San Javier; Jes\u00fas Noriega, p\u00e1rroco de la iglesia de San Ignacio de Loyola; y Mar\u00eda del Rosario Duarte Gallegos, beneficiaria de Suaqui Grande.<\/p>\n<p>(PUBLICADO EL 21\/08\/2019<\/p>\n","protected":false},"excerpt":{"rendered":"<p>SAN JAVIER, SONORA. MX. \u2014 Todos los alumnos de primaria y secundaria de escuelas p\u00fablicas&#8230;<\/p>\n","protected":false},"author":1,"featured_media":65953,"comment_status":"open","ping_status":"open","sticky":false,"template":"","format":"standard","meta":{"_monsterinsights_skip_tracking":false,"_monsterinsights_sitenote_active":false,"_monsterinsights_sitenote_note":"","_monsterinsights_sitenote_category":0,"footnotes":""},"categories":[22],"tags":[72,3407,1304,3406],"class_list":["post"],"yoast_head":" \n<title>Sonora en Equipo. Entrega Gobernadora apoyos de vivienda, becas y obras en Suaqui Grande y San Javier Sonora<\/title>\n<meta name=\"description\" content=\"SAN JAVIER, SONORA. MX. \u2014 Todos los alumnos de primaria y secundaria de escuelas p\u00fablicas de San Javier que lo soliciten, tendr\u00e1n una beca escolar, En Sonora en Equipo publicamos toda la informaci\u00f3n de Sonora, M\u00e9xico y el Mundo de manera oportuna y busca que la libertad de expresi\u00f3n sea real. Visita nuestro medio informativo publicado desde Hermosillo, Sonora. %\" \/>\n<meta name=\"robots\" content=\"index, follow, max-snippet:-1, max-image-preview:large, max-video-preview:-1\" \/>\n<link rel=\"canonical\" href=\"https:\/\/www.sonoraenequipo.com.mx\/entrega-gobernadora-apoyos-de-vivienda-becas-y-obras-en-suaqui-grande-y-san-javier\/\" \/>\n<meta property=\"og:locale\" content=\"es_ES\" \/>\n<meta property=\"og:type\" content=\"article\" \/>\n<meta property=\"og:title\" content=\"Sonora en Equipo. Entrega Gobernadora apoyos de vivienda, becas y obras en Suaqui Grande y San Javier Sonora\" \/>\n<meta property=\"og:description\" content=\"SAN JAVIER, SONORA. MX. \u2014 Todos los alumnos de primaria y secundaria de escuelas p\u00fablicas de San Javier que lo soliciten, tendr\u00e1n una beca escolar, En Sonora en Equipo publicamos toda la informaci\u00f3n de Sonora, M\u00e9xico y el Mundo de manera oportuna y busca que la libertad de expresi\u00f3n sea real. Visita nuestro medio informativo publicado desde Hermosillo, Sonora. %\" \/>\n<meta property=\"og:url\" content=\"https:\/\/www.sonoraenequipo.com.mx\/entrega-gobernadora-apoyos-de-vivienda-becas-y-obras-en-suaqui-grande-y-san-javier\/\" \/>\n<meta property=\"og:site_name\" content=\"Sonora en Equipo.\" \/>\n<meta property=\"article:publisher\" content=\"https:\/\/www.facebook.com\/SonoraEE\/\" \/>\n<meta property=\"article:author\" content=\"https:\/\/www.facebook.com\/SonoraEE\" \/>\n<meta property=\"article:published_time\" content=\"2019-08-22T03:50:42+00:00\" \/>\n<meta property=\"og:image\" content=\"https:\/\/www.sonoraenequipo.com.mx\/storage\/2019\/08\/gobernadora2_opt2.jpg\" \/>\n\t<meta property=\"og:image:width\" content=\"461\" \/>\n\t<meta property=\"og:image:height\" content=\"350\" \/>\n\t<meta property=\"og:image:type\" content=\"image\/jpeg\" \/>\n<meta name=\"author\" content=\"enequipo\" \/>\n<meta name=\"twitter:card\" content=\"summary_large_image\" \/>\n<meta name=\"twitter:creator\" content=\"@sonoraenequipo\" \/>\n<meta name=\"twitter:site\" content=\"@sonoraenequipo\" \/>\n<meta name=\"twitter:label1\" content=\"Escrito por\" \/>\n\t<meta name=\"twitter:data1\" content=\"enequipo\" \/>\n\t<meta name=\"twitter:label2\" content=\"Tiempo de lectura\" \/>\n\t<meta name=\"twitter:data2\" content=\"3 minutos\" \/>\n<script type=\"application\/ld+json\" class=\"yoast-schema-graph\">{\"@context\":\"https:\/\/schema.org\",\"@graph\":[{\"@type\":\"Article\",\"@id\":\"https:\/\/www.sonoraenequipo.com.mx\/entrega-gobernadora-apoyos-de-vivienda-becas-y-obras-en-suaqui-grande-y-san-javier\/#article\",\"isPartOf\":{\"@id\":\"https:\/\/www.sonoraenequipo.com.mx\/entrega-gobernadora-apoyos-de-vivienda-becas-y-obras-en-suaqui-grande-y-san-javier\/\"},\"author\":{\"name\":\"enequipo\",\"@id\":\"https:\/\/www.sonoraenequipo.com.mx\/#\/schema\/person\/50102df0fb23a8fa9e8effad8fa81386\"},\"headline\":\"Entrega Gobernadora apoyos de vivienda, becas y obras en Suaqui Grande y San Javier\",\"datePublished\":\"2019-08-22T03:50:42+00:00\",\"mainEntityOfPage\":{\"@id\":\"https:\/\/www.sonoraenequipo.com.mx\/entrega-gobernadora-apoyos-de-vivienda-becas-y-obras-en-suaqui-grande-y-san-javier\/\"},\"wordCount\":578,\"commentCount\":0,\"publisher\":{\"@id\":\"https:\/\/www.sonoraenequipo.com.mx\/#organization\"},\"image\":{\"@id\":\"https:\/\/www.sonoraenequipo.com.mx\/entrega-gobernadora-apoyos-de-vivienda-becas-y-obras-en-suaqui-grande-y-san-javier\/#primaryimage\"},\"thumbnailUrl\":\"https:\/\/www.sonoraenequipo.com.mx\/storage\/2019\/08\/gobernadora2_opt2.jpg\",\"keywords\":[\"gobierno de sonora\",\"San Javier\",\"SONORA EN EQUIPO\",\"Suaquui Grande\"],\"articleSection\":[\"Sonora\"],\"inLanguage\":\"es\",\"potentialAction\":[{\"@type\":\"CommentAction\",\"name\":\"Comment\",\"target\":[\"https:\/\/www.sonoraenequipo.com.mx\/entrega-gobernadora-apoyos-de-vivienda-becas-y-obras-en-suaqui-grande-y-san-javier\/#respond\"]}]},{\"@type\":\"WebPage\",\"@id\":\"https:\/\/www.sonoraenequipo.com.mx\/entrega-gobernadora-apoyos-de-vivienda-becas-y-obras-en-suaqui-grande-y-san-javier\/\",\"url\":\"https:\/\/www.sonoraenequipo.com.mx\/entrega-gobernadora-apoyos-de-vivienda-becas-y-obras-en-suaqui-grande-y-san-javier\/\",\"name\":\"Sonora en Equipo. Entrega Gobernadora apoyos de vivienda, becas y obras en Suaqui Grande y San Javier Sonora\",\"isPartOf\":{\"@id\":\"https:\/\/www.sonoraenequipo.com.mx\/#website\"},\"primaryImageOfPage\":{\"@id\":\"https:\/\/www.sonoraenequipo.com.mx\/entrega-gobernadora-apoyos-de-vivienda-becas-y-obras-en-suaqui-grande-y-san-javier\/#primaryimage\"},\"image\":{\"@id\":\"https:\/\/www.sonoraenequipo.com.mx\/entrega-gobernadora-apoyos-de-vivienda-becas-y-obras-en-suaqui-grande-y-san-javier\/#primaryimage\"},\"thumbnailUrl\":\"https:\/\/www.sonoraenequipo.com.mx\/storage\/2019\/08\/gobernadora2_opt2.jpg\",\"datePublished\":\"2019-08-22T03:50:42+00:00\",\"description\":\"SAN JAVIER, SONORA. MX. \u2014 Todos los alumnos de primaria y secundaria de escuelas p\u00fablicas de San Javier que lo soliciten, tendr\u00e1n una beca escolar, En Sonora en Equipo publicamos toda la informaci\u00f3n de Sonora, M\u00e9xico y el Mundo de manera oportuna y busca que la libertad de expresi\u00f3n sea real. Visita nuestro medio informativo publicado desde Hermosillo, Sonora. %\",\"breadcrumb\":{\"@id\":\"https:\/\/www.sonoraenequipo.com.mx\/entrega-gobernadora-apoyos-de-vivienda-becas-y-obras-en-suaqui-grande-y-san-javier\/#breadcrumb\"},\"inLanguage\":\"es\",\"potentialAction\":[{\"@type\":\"ReadAction\",\"target\":[\"https:\/\/www.sonoraenequipo.com.mx\/entrega-gobernadora-apoyos-de-vivienda-becas-y-obras-en-suaqui-grande-y-san-javier\/\"]}]},{\"@type\":\"ImageObject\",\"inLanguage\":\"es\",\"@id\":\"https:\/\/www.sonoraenequipo.com.mx\/entrega-gobernadora-apoyos-de-vivienda-becas-y-obras-en-suaqui-grande-y-san-javier\/#primaryimage\",\"url\":\"https:\/\/www.sonoraenequipo.com.mx\/storage\/2019\/08\/gobernadora2_opt2.jpg\",\"contentUrl\":\"https:\/\/www.sonoraenequipo.com.mx\/storage\/2019\/08\/gobernadora2_opt2.jpg\",\"width\":461,\"height\":350},{\"@type\":\"BreadcrumbList\",\"@id\":\"https:\/\/www.sonoraenequipo.com.mx\/entrega-gobernadora-apoyos-de-vivienda-becas-y-obras-en-suaqui-grande-y-san-javier\/#breadcrumb\",\"itemListElement\":[{\"@type\":\"ListItem\",\"position\":1,\"name\":\"Portada\",\"item\":\"https:\/\/www.sonoraenequipo.com.mx\/\"},{\"@type\":\"ListItem\",\"position\":2,\"name\":\"Entrega Gobernadora apoyos de vivienda, becas y obras en Suaqui Grande y San Javier\"}]},{\"@type\":\"WebSite\",\"@id\":\"https:\/\/www.sonoraenequipo.com.mx\/#website\",\"url\":\"https:\/\/www.sonoraenequipo.com.mx\/\",\"name\":\"Sonora en Equipo.\",\"description\":\"Diario en l\u00ednea con Noticias desde Hermosillo, Sonora\",\"publisher\":{\"@id\":\"https:\/\/www.sonoraenequipo.com.mx\/#organization\"},\"potentialAction\":[{\"@type\":\"SearchAction\",\"target\":{\"@type\":\"EntryPoint\",\"urlTemplate\":\"https:\/\/www.sonoraenequipo.com.mx\/?s={search_term_string}\"},\"query-input\":{\"@type\":\"PropertyValueSpecification\",\"valueRequired\":true,\"valueName\":\"search_term_string\"}}],\"inLanguage\":\"es\"},{\"@type\":\"Organization\",\"@id\":\"https:\/\/www.sonoraenequipo.com.mx\/#organization\",\"name\":\"Sonoraenequipo.com.mx\",\"url\":\"https:\/\/www.sonoraenequipo.com.mx\/\",\"logo\":{\"@type\":\"ImageObject\",\"inLanguage\":\"es\",\"@id\":\"https:\/\/www.sonoraenequipo.com.mx\/#\/schema\/logo\/image\/\",\"url\":\"https:\/\/www.sonoraenequipo.com.mx\/storage\/2019\/01\/sonoraenequipo_opt.png\",\"contentUrl\":\"https:\/\/www.sonoraenequipo.com.mx\/storage\/2019\/01\/sonoraenequipo_opt.png\",\"width\":375,\"height\":125,\"caption\":\"Sonoraenequipo.com.mx\"},\"image\":{\"@id\":\"https:\/\/www.sonoraenequipo.com.mx\/#\/schema\/logo\/image\/\"},\"sameAs\":[\"https:\/\/www.facebook.com\/SonoraEE\/\",\"https:\/\/x.com\/sonoraenequipo\",\"https:\/\/www.youtube.com\/channel\/UC338nW-lPEYmJQs4ZABQ1SQ\"]},{\"@type\":\"Person\",\"@id\":\"https:\/\/www.sonoraenequipo.com.mx\/#\/schema\/person\/50102df0fb23a8fa9e8effad8fa81386\",\"name\":\"enequipo\",\"image\":{\"@type\":\"ImageObject\",\"inLanguage\":\"es\",\"@id\":\"https:\/\/www.sonoraenequipo.com.mx\/#\/schema\/person\/image\/\",\"url\":\"https:\/\/secure.gravatar.com\/avatar\/049821681b589dabc0bc20695993ccebb09f5b5d4d790cd9251b97faac7c652b?s=96&d=blank&r=g\",\"contentUrl\":\"https:\/\/secure.gravatar.com\/avatar\/049821681b589dabc0bc20695993ccebb09f5b5d4d790cd9251b97faac7c652b?s=96&d=blank&r=g\",\"caption\":\"enequipo\"},\"sameAs\":[\"https:\/\/www.facebook.com\/SonoraEE\"]}]}<\/script>\n ","yoast_head_json":{"title":"Sonora en Equipo. Entrega Gobernadora apoyos de vivienda, becas y obras en Suaqui Grande y San Javier Sonora","description":"SAN JAVIER, SONORA. MX. \u2014 Todos los alumnos de primaria y secundaria de escuelas p\u00fablicas de San Javier que lo soliciten, tendr\u00e1n una beca escolar, En Sonora en Equipo publicamos toda la informaci\u00f3n de Sonora, M\u00e9xico y el Mundo de manera oportuna y busca que la libertad de expresi\u00f3n sea real. Visita nuestro medio informativo publicado desde Hermosillo, Sonora. %","robots":{"index":"index","follow":"follow","max-snippet":"max-snippet:-1","max-image-preview":"max-image-preview:large","max-video-preview":"max-video-preview:-1"},"canonical":"https:\/\/www.sonoraenequipo.com.mx\/entrega-gobernadora-apoyos-de-vivienda-becas-y-obras-en-suaqui-grande-y-san-javier\/","og_locale":"es_ES","og_type":"article","og_title":"Sonora en Equipo. Entrega Gobernadora apoyos de vivienda, becas y obras en Suaqui Grande y San Javier Sonora","og_description":"SAN JAVIER, SONORA. MX. \u2014 Todos los alumnos de primaria y secundaria de escuelas p\u00fablicas de San Javier que lo soliciten, tendr\u00e1n una beca escolar, En Sonora en Equipo publicamos toda la informaci\u00f3n de Sonora, M\u00e9xico y el Mundo de manera oportuna y busca que la libertad de expresi\u00f3n sea real. Visita nuestro medio informativo publicado desde Hermosillo, Sonora. %","og_url":"https:\/\/www.sonoraenequipo.com.mx\/entrega-gobernadora-apoyos-de-vivienda-becas-y-obras-en-suaqui-grande-y-san-javier\/","og_site_name":"Sonora en Equipo.","article_publisher":"https:\/\/www.facebook.com\/SonoraEE\/","article_author":"https:\/\/www.facebook.com\/SonoraEE","article_published_time":"2019-08-22T03:50:42+00:00","og_image":[{"width":461,"height":350,"url":"https:\/\/www.sonoraenequipo.com.mx\/storage\/2019\/08\/gobernadora2_opt2.jpg","type":"image\/jpeg"}],"author":"enequipo","twitter_card":"summary_large_image","twitter_creator":"@sonoraenequipo","twitter_site":"@sonoraenequipo","twitter_misc":{"Escrito por":"enequipo","Tiempo de lectura":"3 minutos"},"schema":{"@context":"https:\/\/schema.org","@graph":[{"@type":"Article","@id":"https:\/\/www.sonoraenequipo.com.mx\/entrega-gobernadora-apoyos-de-vivienda-becas-y-obras-en-suaqui-grande-y-san-javier\/#article","isPartOf":{"@id":"https:\/\/www.sonoraenequipo.com.mx\/entrega-gobernadora-apoyos-de-vivienda-becas-y-obras-en-suaqui-grande-y-san-javier\/"},"author":{"name":"enequipo","@id":"https:\/\/www.sonoraenequipo.com.mx\/#\/schema\/person\/50102df0fb23a8fa9e8effad8fa81386"},"headline":"Entrega Gobernadora apoyos de vivienda, becas y obras en Suaqui Grande y San Javier","datePublished":"2019-08-22T03:50:42+00:00","mainEntityOfPage":{"@id":"https:\/\/www.sonoraenequipo.com.mx\/entrega-gobernadora-apoyos-de-vivienda-becas-y-obras-en-suaqui-grande-y-san-javier\/"},"wordCount":578,"commentCount":0,"publisher":{"@id":"https:\/\/www.sonoraenequipo.com.mx\/#organization"},"image":{"@id":"https:\/\/www.sonoraenequipo.com.mx\/entrega-gobernadora-apoyos-de-vivienda-becas-y-obras-en-suaqui-grande-y-san-javier\/#primaryimage"},"thumbnailUrl":"https:\/\/www.sonoraenequipo.com.mx\/storage\/2019\/08\/gobernadora2_opt2.jpg","keywords":["gobierno de sonora","San Javier","SONORA EN EQUIPO","Suaquui Grande"],"articleSection":["Sonora"],"inLanguage":"es","potentialAction":[{"@type":"CommentAction","name":"Comment","target":["https:\/\/www.sonoraenequipo.com.mx\/entrega-gobernadora-apoyos-de-vivienda-becas-y-obras-en-suaqui-grande-y-san-javier\/#respond"]}]},{"@type":"WebPage","@id":"https:\/\/www.sonoraenequipo.com.mx\/entrega-gobernadora-apoyos-de-vivienda-becas-y-obras-en-suaqui-grande-y-san-javier\/","url":"https:\/\/www.sonoraenequipo.com.mx\/entrega-gobernadora-apoyos-de-vivienda-becas-y-obras-en-suaqui-grande-y-san-javier\/","name":"Sonora en Equipo. Entrega Gobernadora apoyos de vivienda, becas y obras en Suaqui Grande y San Javier Sonora","isPartOf":{"@id":"https:\/\/www.sonoraenequipo.com.mx\/#website"},"primaryImageOfPage":{"@id":"https:\/\/www.sonoraenequipo.com.mx\/entrega-gobernadora-apoyos-de-vivienda-becas-y-obras-en-suaqui-grande-y-san-javier\/#primaryimage"},"image":{"@id":"https:\/\/www.sonoraenequipo.com.mx\/entrega-gobernadora-apoyos-de-vivienda-becas-y-obras-en-suaqui-grande-y-san-javier\/#primaryimage"},"thumbnailUrl":"https:\/\/www.sonoraenequipo.com.mx\/storage\/2019\/08\/gobernadora2_opt2.jpg","datePublished":"2019-08-22T03:50:42+00:00","description":"SAN JAVIER, SONORA. MX. \u2014 Todos los alumnos de primaria y secundaria de escuelas p\u00fablicas de San Javier que lo soliciten, tendr\u00e1n una beca escolar, En Sonora en Equipo publicamos toda la informaci\u00f3n de Sonora, M\u00e9xico y el Mundo de manera oportuna y busca que la libertad de expresi\u00f3n sea real. Visita nuestro medio informativo publicado desde Hermosillo, Sonora. %","breadcrumb":{"@id":"https:\/\/www.sonoraenequipo.com.mx\/entrega-gobernadora-apoyos-de-vivienda-becas-y-obras-en-suaqui-grande-y-san-javier\/#breadcrumb"},"inLanguage":"es","potentialAction":[{"@type":"ReadAction","target":["https:\/\/www.sonoraenequipo.com.mx\/entrega-gobernadora-apoyos-de-vivienda-becas-y-obras-en-suaqui-grande-y-san-javier\/"]}]},{"@type":"ImageObject","inLanguage":"es","@id":"https:\/\/www.sonoraenequipo.com.mx\/entrega-gobernadora-apoyos-de-vivienda-becas-y-obras-en-suaqui-grande-y-san-javier\/#primaryimage","url":"https:\/\/www.sonoraenequipo.com.mx\/storage\/2019\/08\/gobernadora2_opt2.jpg","contentUrl":"https:\/\/www.sonoraenequipo.com.mx\/storage\/2019\/08\/gobernadora2_opt2.jpg","width":461,"height":350},{"@type":"BreadcrumbList","@id":"https:\/\/www.sonoraenequipo.com.mx\/entrega-gobernadora-apoyos-de-vivienda-becas-y-obras-en-suaqui-grande-y-san-javier\/#breadcrumb","itemListElement":[{"@type":"ListItem","position":1,"name":"Portada","item":"https:\/\/www.sonoraenequipo.com.mx\/"},{"@type":"ListItem","position":2,"name":"Entrega Gobernadora apoyos de vivienda, becas y obras en Suaqui Grande y San Javier"}]},{"@type":"WebSite","@id":"https:\/\/www.sonoraenequipo.com.mx\/#website","url":"https:\/\/www.sonoraenequipo.com.mx\/","name":"Sonora en Equipo.","description":"Diario en l\u00ednea con Noticias desde Hermosillo, Sonora","publisher":{"@id":"https:\/\/www.sonoraenequipo.com.mx\/#organization"},"potentialAction":[{"@type":"SearchAction","target":{"@type":"EntryPoint","urlTemplate":"https:\/\/www.sonoraenequipo.com.mx\/?s={search_term_string}"},"query-input":{"@type":"PropertyValueSpecification","valueRequired":true,"valueName":"search_term_string"}}],"inLanguage":"es"},{"@type":"Organization","@id":"https:\/\/www.sonoraenequipo.com.mx\/#organization","name":"Sonoraenequipo.com.mx","url":"https:\/\/www.sonoraenequipo.com.mx\/","logo":{"@type":"ImageObject","inLanguage":"es","@id":"https:\/\/www.sonoraenequipo.com.mx\/#\/schema\/logo\/image\/","url":"https:\/\/www.sonoraenequipo.com.mx\/storage\/2019\/01\/sonoraenequipo_opt.png","contentUrl":"https:\/\/www.sonoraenequipo.com.mx\/storage\/2019\/01\/sonoraenequipo_opt.png","width":375,"height":125,"caption":"Sonoraenequipo.com.mx"},"image":{"@id":"https:\/\/www.sonoraenequipo.com.mx\/#\/schema\/logo\/image\/"},"sameAs":["https:\/\/www.facebook.com\/SonoraEE\/","https:\/\/x.com\/sonoraenequipo","https:\/\/www.youtube.com\/channel\/UC338nW-lPEYmJQs4ZABQ1SQ"]},{"@type":"Person","@id":"https:\/\/www.sonoraenequipo.com.mx\/#\/schema\/person\/50102df0fb23a8fa9e8effad8fa81386","name":"enequipo","image":{"@type":"ImageObject","inLanguage":"es","@id":"https:\/\/www.sonoraenequipo.com.mx\/#\/schema\/person\/image\/","url":"https:\/\/secure.gravatar.com\/avatar\/049821681b589dabc0bc20695993ccebb09f5b5d4d790cd9251b97faac7c652b?s=96&d=blank&r=g","contentUrl":"https:\/\/secure.gravatar.com\/avatar\/049821681b589dabc0bc20695993ccebb09f5b5d4d790cd9251b97faac7c652b?s=96&d=blank&r=g","caption":"enequipo"},"sameAs":["https:\/\/www.facebook.com\/SonoraEE"]}]}},"jetpack_featured_media_url":"https:\/\/www.sonoraenequipo.com.mx\/storage\/2019\/08\/gobernadora2_opt2.jpg","_links":{"self":[{"href":"https:\/\/www.sonoraenequipo.com.mx\/api\/wp\/v2\/posts\/65948","targetHints":{"allow":["GET"]}}],"collection":[{"href":"https:\/\/www.sonoraenequipo.com.mx\/api\/wp\/v2\/posts"}],"about":[{"href":"https:\/\/www.sonoraenequipo.com.mx\/api\/wp\/v2\/types\/post"}],"author":[{"embeddable":true,"href":"https:\/\/www.sonoraenequipo.com.mx\/api\/wp\/v2\/users\/1"}],"replies":[{"embeddable":true,"href":"https:\/\/www.sonoraenequipo.com.mx\/api\/wp\/v2\/comments?post=65948"}],"version-history":[{"count":0,"href":"https:\/\/www.sonoraenequipo.com.mx\/api\/wp\/v2\/posts\/65948\/revisions"}],"wp:featuredmedia":[{"embeddable":true,"href":"https:\/\/www.sonoraenequipo.com.mx\/api\/wp\/v2\/media\/65953"}],"wp:attachment":[{"href":"https:\/\/www.sonoraenequipo.com.mx\/api\/wp\/v2\/media?parent=65948"}],"wp:term":[{"taxonomy":"category","embeddable":true,"href":"https:\/\/www.sonoraenequipo.com.mx\/api\/wp\/v2\/categories?post=65948"},{"taxonomy":"post_tag","embeddable":true,"href":"https:\/\/www.sonoraenequipo.com.mx\/api\/wp\/v2\/tags?post=65948"}],"curies":[{"name":"wp","href":"https:\/\/api.w.org\/{rel}","templated":true}]}}