{"id":65951,"date":"2019-08-21T19:14:27","date_gmt":"2019-08-22T02:14:27","guid":{"rendered":"https:\/\/www.sonoraenequipo.com.mx\/?p=65951"},"modified":"2019-08-21T19:14:27","modified_gmt":"2019-08-22T02:14:27","slug":"inicia-en-septiembre-mes-del-testamento-en-sonora","status":"publish","type":"post","link":"https:\/\/www.sonoraenequipo.com.mx\/inicia-en-septiembre-mes-del-testamento-en-sonora\/","title":{"rendered":"Inicia en septiembre Mes del Testamento en Sonora"},"content":{"rendered":"<p>HERMOSILLO,SONORA.-\u00a0 Durante \u0093Septiembre, Mes del Testamento\u0094, los ciudadanos tendr\u00e1n un descuento del 50% en el costo del tr\u00e1mite, y por primera vez para elementos activos de las fuerzas armadas, socorristas, bomberos, protecci\u00f3n civil y polic\u00edas municipales, estatales y federales el testamento ser\u00e1 gratuito, gracias al apoyo del Colegio de Notarios del Estado de Sonora y la gobernadora Claudia Pavlovich Arellano, anunci\u00f3 Miguel Pompa. <\/p>\n<p>El secretario de Gobierno destac\u00f3 la uni\u00f3n solidaria entre Gobierno del Estado y Colegio de Notarios para beneficiar a los elementos activos de fuerzas armadas de los tres niveles de corporaciones policiacas, elementos de protecci\u00f3n civil, bomberos y socorristas de Cruz Roja, y otorgarles de manera gratuita el tr\u00e1mite de su testamento.<\/p>\n<p>\u0093El notariado aqu\u00ed en Sonora se suma, como ciudadanos que somos todos, al reconocimiento que le tenemos, y que pocas veces lo hacemos, a las fuerzas del orden p\u00fablico; que aquellos que salen y dejan a su familia por cuidar a la nuestra tengan un incentivo de esta naturaleza, creo que habla muy bien del gremio\u0094, expres\u00f3.<\/p>\n<p>Miguel Pompa subray\u00f3 que este programa nace para darles certeza y seguridad jur\u00eddica a la poblaci\u00f3n m\u00e1s vulnerable y que menos asesor\u00edas recibe, adem\u00e1s, a\u00f1adi\u00f3 que dentro del programa Septiembre Mes del Testamento 2019 se conservar\u00e1n los costos del a\u00f1o pasado.<\/p>\n<p>\u0093Es ayudar a quien menos tiene, dejar muy claro que el costo de mil 700 pesos que est\u00e1n ofreciendo los notarios es muy barato, pero que para aquellos que ni siquiera puedan tener esa cantidad, sepan que en nuestras oficinas habr\u00e1 gente que les podr\u00e1n asesorar para que hagan correctamente el testamento\u0094, asegur\u00f3.<\/p>\n<p>Karina Gast\u00e9lum F\u00e9lix, presidenta del Colegio de Notarios del Estado de Sonora, reiter\u00f3 que el notariado sonorense, por primera vez muestra una cara sensible y solidaria con todos aquellos elementos que arriesgan su vida en el ejercicio de su trabajo y reconoce a todos aquellos elementos activos con el tr\u00e1mite gratuito del testamento.<\/p>\n<p>\u0093Esto con intenci\u00f3n de mostrar una cara sensible, una cara diferente que entiende que estos elementos arriesgan su vida por nosotros y queremos darles esa tranquilidad, esa certeza de tener su patrimonio en orden\u0094, coment\u00f3.<\/p>\n<p>Para solicitar el tr\u00e1mite, dijo, y les sea asignado un notario, deber\u00e1n comunicarse al Colegio de Notarios del Estado de Sonora y una vez que les sea asignada una notar\u00eda, dependiendo el lugar donde residan, deber\u00e1n notificar ante el notario a qu\u00e9 corporaci\u00f3n pertenecen y que se encuentran activos en su trabajo.<\/p>\n<p>Presentes: Gustavo de Unanue Galla, subsecretario de Gobierno del Estado de Sonora; Carmen Ofelia Carballo Cabanillas, coordinadora ejecutiva de Bienes y Concesiones; Rafael Gast\u00e9lum Salazar, vocal ejecutivo del Icreson; Mar\u00eda In\u00e9s Arag\u00f3n Salcido, directora general de Notar\u00edas del Gobierno del Estado de Sonora; y Juan Iv\u00e1n Coronado Flores, director general de Servicios Registrales.<\/p>\n<p>Fecha de publicaci\u00f3n 21\/08\/2019<\/p>\n","protected":false},"excerpt":{"rendered":"<p>HERMOSILLO,SONORA.-\u00a0 Durante \u0093Septiembre, Mes del Testamento\u0094, los ciudadanos tendr\u00e1n un descuento del 50% en el&#8230;<\/p>\n","protected":false},"author":178,"featured_media":65957,"comment_status":"open","ping_status":"open","sticky":false,"template":"","format":"standard","meta":{"_monsterinsights_skip_tracking":false,"_monsterinsights_sitenote_active":false,"_monsterinsights_sitenote_note":"","_monsterinsights_sitenote_category":0,"footnotes":""},"categories":[22],"tags":[3408,3409],"class_list":["post"],"yoast_head":" \n<title>Sonora en Equipo. Inicia en septiembre Mes del Testamento en Sonora Sonora<\/title>\n<meta name=\"description\" content=\"HERMOSILLO,SONORA.-\u00a0 Durante \u0093Septiembre, Mes del Testamento\u0094, los ciudadanos tendr\u00e1n un descuento del 50% en el costo del tr\u00e1mite, y por primera vez para En Sonora en Equipo publicamos toda la informaci\u00f3n de Sonora, M\u00e9xico y el Mundo de manera oportuna y busca que la libertad de expresi\u00f3n sea real. Visita nuestro medio informativo publicado desde Hermosillo, Sonora. %\" \/>\n<meta name=\"robots\" content=\"index, follow, max-snippet:-1, max-image-preview:large, max-video-preview:-1\" \/>\n<link rel=\"canonical\" href=\"https:\/\/www.sonoraenequipo.com.mx\/inicia-en-septiembre-mes-del-testamento-en-sonora\/\" \/>\n<meta property=\"og:locale\" content=\"es_ES\" \/>\n<meta property=\"og:type\" content=\"article\" \/>\n<meta property=\"og:title\" content=\"Sonora en Equipo. Inicia en septiembre Mes del Testamento en Sonora Sonora\" \/>\n<meta property=\"og:description\" content=\"HERMOSILLO,SONORA.-\u00a0 Durante \u0093Septiembre, Mes del Testamento\u0094, los ciudadanos tendr\u00e1n un descuento del 50% en el costo del tr\u00e1mite, y por primera vez para En Sonora en Equipo publicamos toda la informaci\u00f3n de Sonora, M\u00e9xico y el Mundo de manera oportuna y busca que la libertad de expresi\u00f3n sea real. Visita nuestro medio informativo publicado desde Hermosillo, Sonora. %\" \/>\n<meta property=\"og:url\" content=\"https:\/\/www.sonoraenequipo.com.mx\/inicia-en-septiembre-mes-del-testamento-en-sonora\/\" \/>\n<meta property=\"og:site_name\" content=\"Sonora en Equipo.\" \/>\n<meta property=\"article:publisher\" content=\"https:\/\/www.facebook.com\/SonoraEE\/\" \/>\n<meta property=\"article:published_time\" content=\"2019-08-22T02:14:27+00:00\" \/>\n<meta property=\"og:image\" content=\"https:\/\/www.sonoraenequipo.com.mx\/storage\/2019\/08\/testamento.jpg\" \/>\n\t<meta property=\"og:image:width\" content=\"500\" \/>\n\t<meta property=\"og:image:height\" content=\"248\" \/>\n\t<meta property=\"og:image:type\" content=\"image\/jpeg\" \/>\n<meta name=\"author\" content=\"enequipo\" \/>\n<meta name=\"twitter:card\" content=\"summary_large_image\" \/>\n<meta name=\"twitter:creator\" content=\"@sonoraenequipo\" \/>\n<meta name=\"twitter:site\" content=\"@sonoraenequipo\" \/>\n<meta name=\"twitter:label1\" content=\"Escrito por\" \/>\n\t<meta name=\"twitter:data1\" content=\"enequipo\" \/>\n\t<meta name=\"twitter:label2\" content=\"Tiempo de lectura\" \/>\n\t<meta name=\"twitter:data2\" content=\"2 minutos\" \/>\n<script type=\"application\/ld+json\" class=\"yoast-schema-graph\">{\"@context\":\"https:\/\/schema.org\",\"@graph\":[{\"@type\":\"Article\",\"@id\":\"https:\/\/www.sonoraenequipo.com.mx\/inicia-en-septiembre-mes-del-testamento-en-sonora\/#article\",\"isPartOf\":{\"@id\":\"https:\/\/www.sonoraenequipo.com.mx\/inicia-en-septiembre-mes-del-testamento-en-sonora\/\"},\"author\":{\"name\":\"enequipo\",\"@id\":\"https:\/\/www.sonoraenequipo.com.mx\/#\/schema\/person\/61a39de478a1763473ad55e8a95fddf6\"},\"headline\":\"Inicia en septiembre Mes del Testamento en Sonora\",\"datePublished\":\"2019-08-22T02:14:27+00:00\",\"mainEntityOfPage\":{\"@id\":\"https:\/\/www.sonoraenequipo.com.mx\/inicia-en-septiembre-mes-del-testamento-en-sonora\/\"},\"wordCount\":503,\"commentCount\":0,\"publisher\":{\"@id\":\"https:\/\/www.sonoraenequipo.com.mx\/#organization\"},\"image\":{\"@id\":\"https:\/\/www.sonoraenequipo.com.mx\/inicia-en-septiembre-mes-del-testamento-en-sonora\/#primaryimage\"},\"thumbnailUrl\":\"https:\/\/www.sonoraenequipo.com.mx\/storage\/2019\/08\/testamento.jpg\",\"keywords\":[\"mes\",\"testamento\"],\"articleSection\":[\"Sonora\"],\"inLanguage\":\"es\",\"potentialAction\":[{\"@type\":\"CommentAction\",\"name\":\"Comment\",\"target\":[\"https:\/\/www.sonoraenequipo.com.mx\/inicia-en-septiembre-mes-del-testamento-en-sonora\/#respond\"]}]},{\"@type\":\"WebPage\",\"@id\":\"https:\/\/www.sonoraenequipo.com.mx\/inicia-en-septiembre-mes-del-testamento-en-sonora\/\",\"url\":\"https:\/\/www.sonoraenequipo.com.mx\/inicia-en-septiembre-mes-del-testamento-en-sonora\/\",\"name\":\"Sonora en Equipo. Inicia en septiembre Mes del Testamento en Sonora Sonora\",\"isPartOf\":{\"@id\":\"https:\/\/www.sonoraenequipo.com.mx\/#website\"},\"primaryImageOfPage\":{\"@id\":\"https:\/\/www.sonoraenequipo.com.mx\/inicia-en-septiembre-mes-del-testamento-en-sonora\/#primaryimage\"},\"image\":{\"@id\":\"https:\/\/www.sonoraenequipo.com.mx\/inicia-en-septiembre-mes-del-testamento-en-sonora\/#primaryimage\"},\"thumbnailUrl\":\"https:\/\/www.sonoraenequipo.com.mx\/storage\/2019\/08\/testamento.jpg\",\"datePublished\":\"2019-08-22T02:14:27+00:00\",\"description\":\"HERMOSILLO,SONORA.-\u00a0 Durante \u0093Septiembre, Mes del Testamento\u0094, los ciudadanos tendr\u00e1n un descuento del 50% en el costo del tr\u00e1mite, y por primera vez para En Sonora en Equipo publicamos toda la informaci\u00f3n de Sonora, M\u00e9xico y el Mundo de manera oportuna y busca que la libertad de expresi\u00f3n sea real. Visita nuestro medio informativo publicado desde Hermosillo, Sonora. %\",\"breadcrumb\":{\"@id\":\"https:\/\/www.sonoraenequipo.com.mx\/inicia-en-septiembre-mes-del-testamento-en-sonora\/#breadcrumb\"},\"inLanguage\":\"es\",\"potentialAction\":[{\"@type\":\"ReadAction\",\"target\":[\"https:\/\/www.sonoraenequipo.com.mx\/inicia-en-septiembre-mes-del-testamento-en-sonora\/\"]}]},{\"@type\":\"ImageObject\",\"inLanguage\":\"es\",\"@id\":\"https:\/\/www.sonoraenequipo.com.mx\/inicia-en-septiembre-mes-del-testamento-en-sonora\/#primaryimage\",\"url\":\"https:\/\/www.sonoraenequipo.com.mx\/storage\/2019\/08\/testamento.jpg\",\"contentUrl\":\"https:\/\/www.sonoraenequipo.com.mx\/storage\/2019\/08\/testamento.jpg\",\"width\":500,\"height\":248},{\"@type\":\"BreadcrumbList\",\"@id\":\"https:\/\/www.sonoraenequipo.com.mx\/inicia-en-septiembre-mes-del-testamento-en-sonora\/#breadcrumb\",\"itemListElement\":[{\"@type\":\"ListItem\",\"position\":1,\"name\":\"Portada\",\"item\":\"https:\/\/www.sonoraenequipo.com.mx\/\"},{\"@type\":\"ListItem\",\"position\":2,\"name\":\"Inicia en septiembre Mes del Testamento en Sonora\"}]},{\"@type\":\"WebSite\",\"@id\":\"https:\/\/www.sonoraenequipo.com.mx\/#website\",\"url\":\"https:\/\/www.sonoraenequipo.com.mx\/\",\"name\":\"Sonora en Equipo.\",\"description\":\"Diario en l\u00ednea con Noticias desde Hermosillo, Sonora\",\"publisher\":{\"@id\":\"https:\/\/www.sonoraenequipo.com.mx\/#organization\"},\"potentialAction\":[{\"@type\":\"SearchAction\",\"target\":{\"@type\":\"EntryPoint\",\"urlTemplate\":\"https:\/\/www.sonoraenequipo.com.mx\/?s={search_term_string}\"},\"query-input\":{\"@type\":\"PropertyValueSpecification\",\"valueRequired\":true,\"valueName\":\"search_term_string\"}}],\"inLanguage\":\"es\"},{\"@type\":\"Organization\",\"@id\":\"https:\/\/www.sonoraenequipo.com.mx\/#organization\",\"name\":\"Sonoraenequipo.com.mx\",\"url\":\"https:\/\/www.sonoraenequipo.com.mx\/\",\"logo\":{\"@type\":\"ImageObject\",\"inLanguage\":\"es\",\"@id\":\"https:\/\/www.sonoraenequipo.com.mx\/#\/schema\/logo\/image\/\",\"url\":\"https:\/\/www.sonoraenequipo.com.mx\/storage\/2019\/01\/sonoraenequipo_opt.png\",\"contentUrl\":\"https:\/\/www.sonoraenequipo.com.mx\/storage\/2019\/01\/sonoraenequipo_opt.png\",\"width\":375,\"height\":125,\"caption\":\"Sonoraenequipo.com.mx\"},\"image\":{\"@id\":\"https:\/\/www.sonoraenequipo.com.mx\/#\/schema\/logo\/image\/\"},\"sameAs\":[\"https:\/\/www.facebook.com\/SonoraEE\/\",\"https:\/\/x.com\/sonoraenequipo\",\"https:\/\/www.youtube.com\/channel\/UC338nW-lPEYmJQs4ZABQ1SQ\"]},{\"@type\":\"Person\",\"@id\":\"https:\/\/www.sonoraenequipo.com.mx\/#\/schema\/person\/61a39de478a1763473ad55e8a95fddf6\",\"name\":\"enequipo\",\"image\":{\"@type\":\"ImageObject\",\"inLanguage\":\"es\",\"@id\":\"https:\/\/www.sonoraenequipo.com.mx\/#\/schema\/person\/image\/\",\"url\":\"https:\/\/secure.gravatar.com\/avatar\/e39bc3016d8af598aed3d770c9510dfc2795f37ea1733d99fcc6e97d2c3c9f5e?s=96&d=blank&r=g\",\"contentUrl\":\"https:\/\/secure.gravatar.com\/avatar\/e39bc3016d8af598aed3d770c9510dfc2795f37ea1733d99fcc6e97d2c3c9f5e?s=96&d=blank&r=g\",\"caption\":\"enequipo\"}}]}<\/script>\n ","yoast_head_json":{"title":"Sonora en Equipo. Inicia en septiembre Mes del Testamento en Sonora Sonora","description":"HERMOSILLO,SONORA.-\u00a0 Durante \u0093Septiembre, Mes del Testamento\u0094, los ciudadanos tendr\u00e1n un descuento del 50% en el costo del tr\u00e1mite, y por primera vez para En Sonora en Equipo publicamos toda la informaci\u00f3n de Sonora, M\u00e9xico y el Mundo de manera oportuna y busca que la libertad de expresi\u00f3n sea real. Visita nuestro medio informativo publicado desde Hermosillo, Sonora. %","robots":{"index":"index","follow":"follow","max-snippet":"max-snippet:-1","max-image-preview":"max-image-preview:large","max-video-preview":"max-video-preview:-1"},"canonical":"https:\/\/www.sonoraenequipo.com.mx\/inicia-en-septiembre-mes-del-testamento-en-sonora\/","og_locale":"es_ES","og_type":"article","og_title":"Sonora en Equipo. Inicia en septiembre Mes del Testamento en Sonora Sonora","og_description":"HERMOSILLO,SONORA.-\u00a0 Durante \u0093Septiembre, Mes del Testamento\u0094, los ciudadanos tendr\u00e1n un descuento del 50% en el costo del tr\u00e1mite, y por primera vez para En Sonora en Equipo publicamos toda la informaci\u00f3n de Sonora, M\u00e9xico y el Mundo de manera oportuna y busca que la libertad de expresi\u00f3n sea real. Visita nuestro medio informativo publicado desde Hermosillo, Sonora. %","og_url":"https:\/\/www.sonoraenequipo.com.mx\/inicia-en-septiembre-mes-del-testamento-en-sonora\/","og_site_name":"Sonora en Equipo.","article_publisher":"https:\/\/www.facebook.com\/SonoraEE\/","article_published_time":"2019-08-22T02:14:27+00:00","og_image":[{"width":500,"height":248,"url":"https:\/\/www.sonoraenequipo.com.mx\/storage\/2019\/08\/testamento.jpg","type":"image\/jpeg"}],"author":"enequipo","twitter_card":"summary_large_image","twitter_creator":"@sonoraenequipo","twitter_site":"@sonoraenequipo","twitter_misc":{"Escrito por":"enequipo","Tiempo de lectura":"2 minutos"},"schema":{"@context":"https:\/\/schema.org","@graph":[{"@type":"Article","@id":"https:\/\/www.sonoraenequipo.com.mx\/inicia-en-septiembre-mes-del-testamento-en-sonora\/#article","isPartOf":{"@id":"https:\/\/www.sonoraenequipo.com.mx\/inicia-en-septiembre-mes-del-testamento-en-sonora\/"},"author":{"name":"enequipo","@id":"https:\/\/www.sonoraenequipo.com.mx\/#\/schema\/person\/61a39de478a1763473ad55e8a95fddf6"},"headline":"Inicia en septiembre Mes del Testamento en Sonora","datePublished":"2019-08-22T02:14:27+00:00","mainEntityOfPage":{"@id":"https:\/\/www.sonoraenequipo.com.mx\/inicia-en-septiembre-mes-del-testamento-en-sonora\/"},"wordCount":503,"commentCount":0,"publisher":{"@id":"https:\/\/www.sonoraenequipo.com.mx\/#organization"},"image":{"@id":"https:\/\/www.sonoraenequipo.com.mx\/inicia-en-septiembre-mes-del-testamento-en-sonora\/#primaryimage"},"thumbnailUrl":"https:\/\/www.sonoraenequipo.com.mx\/storage\/2019\/08\/testamento.jpg","keywords":["mes","testamento"],"articleSection":["Sonora"],"inLanguage":"es","potentialAction":[{"@type":"CommentAction","name":"Comment","target":["https:\/\/www.sonoraenequipo.com.mx\/inicia-en-septiembre-mes-del-testamento-en-sonora\/#respond"]}]},{"@type":"WebPage","@id":"https:\/\/www.sonoraenequipo.com.mx\/inicia-en-septiembre-mes-del-testamento-en-sonora\/","url":"https:\/\/www.sonoraenequipo.com.mx\/inicia-en-septiembre-mes-del-testamento-en-sonora\/","name":"Sonora en Equipo. Inicia en septiembre Mes del Testamento en Sonora Sonora","isPartOf":{"@id":"https:\/\/www.sonoraenequipo.com.mx\/#website"},"primaryImageOfPage":{"@id":"https:\/\/www.sonoraenequipo.com.mx\/inicia-en-septiembre-mes-del-testamento-en-sonora\/#primaryimage"},"image":{"@id":"https:\/\/www.sonoraenequipo.com.mx\/inicia-en-septiembre-mes-del-testamento-en-sonora\/#primaryimage"},"thumbnailUrl":"https:\/\/www.sonoraenequipo.com.mx\/storage\/2019\/08\/testamento.jpg","datePublished":"2019-08-22T02:14:27+00:00","description":"HERMOSILLO,SONORA.-\u00a0 Durante \u0093Septiembre, Mes del Testamento\u0094, los ciudadanos tendr\u00e1n un descuento del 50% en el costo del tr\u00e1mite, y por primera vez para En Sonora en Equipo publicamos toda la informaci\u00f3n de Sonora, M\u00e9xico y el Mundo de manera oportuna y busca que la libertad de expresi\u00f3n sea real. Visita nuestro medio informativo publicado desde Hermosillo, Sonora. %","breadcrumb":{"@id":"https:\/\/www.sonoraenequipo.com.mx\/inicia-en-septiembre-mes-del-testamento-en-sonora\/#breadcrumb"},"inLanguage":"es","potentialAction":[{"@type":"ReadAction","target":["https:\/\/www.sonoraenequipo.com.mx\/inicia-en-septiembre-mes-del-testamento-en-sonora\/"]}]},{"@type":"ImageObject","inLanguage":"es","@id":"https:\/\/www.sonoraenequipo.com.mx\/inicia-en-septiembre-mes-del-testamento-en-sonora\/#primaryimage","url":"https:\/\/www.sonoraenequipo.com.mx\/storage\/2019\/08\/testamento.jpg","contentUrl":"https:\/\/www.sonoraenequipo.com.mx\/storage\/2019\/08\/testamento.jpg","width":500,"height":248},{"@type":"BreadcrumbList","@id":"https:\/\/www.sonoraenequipo.com.mx\/inicia-en-septiembre-mes-del-testamento-en-sonora\/#breadcrumb","itemListElement":[{"@type":"ListItem","position":1,"name":"Portada","item":"https:\/\/www.sonoraenequipo.com.mx\/"},{"@type":"ListItem","position":2,"name":"Inicia en septiembre Mes del Testamento en Sonora"}]},{"@type":"WebSite","@id":"https:\/\/www.sonoraenequipo.com.mx\/#website","url":"https:\/\/www.sonoraenequipo.com.mx\/","name":"Sonora en Equipo.","description":"Diario en l\u00ednea con Noticias desde Hermosillo, Sonora","publisher":{"@id":"https:\/\/www.sonoraenequipo.com.mx\/#organization"},"potentialAction":[{"@type":"SearchAction","target":{"@type":"EntryPoint","urlTemplate":"https:\/\/www.sonoraenequipo.com.mx\/?s={search_term_string}"},"query-input":{"@type":"PropertyValueSpecification","valueRequired":true,"valueName":"search_term_string"}}],"inLanguage":"es"},{"@type":"Organization","@id":"https:\/\/www.sonoraenequipo.com.mx\/#organization","name":"Sonoraenequipo.com.mx","url":"https:\/\/www.sonoraenequipo.com.mx\/","logo":{"@type":"ImageObject","inLanguage":"es","@id":"https:\/\/www.sonoraenequipo.com.mx\/#\/schema\/logo\/image\/","url":"https:\/\/www.sonoraenequipo.com.mx\/storage\/2019\/01\/sonoraenequipo_opt.png","contentUrl":"https:\/\/www.sonoraenequipo.com.mx\/storage\/2019\/01\/sonoraenequipo_opt.png","width":375,"height":125,"caption":"Sonoraenequipo.com.mx"},"image":{"@id":"https:\/\/www.sonoraenequipo.com.mx\/#\/schema\/logo\/image\/"},"sameAs":["https:\/\/www.facebook.com\/SonoraEE\/","https:\/\/x.com\/sonoraenequipo","https:\/\/www.youtube.com\/channel\/UC338nW-lPEYmJQs4ZABQ1SQ"]},{"@type":"Person","@id":"https:\/\/www.sonoraenequipo.com.mx\/#\/schema\/person\/61a39de478a1763473ad55e8a95fddf6","name":"enequipo","image":{"@type":"ImageObject","inLanguage":"es","@id":"https:\/\/www.sonoraenequipo.com.mx\/#\/schema\/person\/image\/","url":"https:\/\/secure.gravatar.com\/avatar\/e39bc3016d8af598aed3d770c9510dfc2795f37ea1733d99fcc6e97d2c3c9f5e?s=96&d=blank&r=g","contentUrl":"https:\/\/secure.gravatar.com\/avatar\/e39bc3016d8af598aed3d770c9510dfc2795f37ea1733d99fcc6e97d2c3c9f5e?s=96&d=blank&r=g","caption":"enequipo"}}]}},"jetpack_featured_media_url":"https:\/\/www.sonoraenequipo.com.mx\/storage\/2019\/08\/testamento.jpg","_links":{"self":[{"href":"https:\/\/www.sonoraenequipo.com.mx\/api\/wp\/v2\/posts\/65951","targetHints":{"allow":["GET"]}}],"collection":[{"href":"https:\/\/www.sonoraenequipo.com.mx\/api\/wp\/v2\/posts"}],"about":[{"href":"https:\/\/www.sonoraenequipo.com.mx\/api\/wp\/v2\/types\/post"}],"author":[{"embeddable":true,"href":"https:\/\/www.sonoraenequipo.com.mx\/api\/wp\/v2\/users\/178"}],"replies":[{"embeddable":true,"href":"https:\/\/www.sonoraenequipo.com.mx\/api\/wp\/v2\/comments?post=65951"}],"version-history":[{"count":0,"href":"https:\/\/www.sonoraenequipo.com.mx\/api\/wp\/v2\/posts\/65951\/revisions"}],"wp:featuredmedia":[{"embeddable":true,"href":"https:\/\/www.sonoraenequipo.com.mx\/api\/wp\/v2\/media\/65957"}],"wp:attachment":[{"href":"https:\/\/www.sonoraenequipo.com.mx\/api\/wp\/v2\/media?parent=65951"}],"wp:term":[{"taxonomy":"category","embeddable":true,"href":"https:\/\/www.sonoraenequipo.com.mx\/api\/wp\/v2\/categories?post=65951"},{"taxonomy":"post_tag","embeddable":true,"href":"https:\/\/www.sonoraenequipo.com.mx\/api\/wp\/v2\/tags?post=65951"}],"curies":[{"name":"wp","href":"https:\/\/api.w.org\/{rel}","templated":true}]}}