{"id":65959,"date":"2019-08-21T19:41:09","date_gmt":"2019-08-22T02:41:09","guid":{"rendered":"https:\/\/www.sonoraenequipo.com.mx\/?p=65959"},"modified":"2019-08-21T19:41:09","modified_gmt":"2019-08-22T02:41:09","slug":"suman-24-5-kilometros-de-camellones-reforestados-en-hermosillo","status":"publish","type":"post","link":"https:\/\/www.sonoraenequipo.com.mx\/suman-24-5-kilometros-de-camellones-reforestados-en-hermosillo\/","title":{"rendered":"Suman 24.5 kil\u00f3metros de camellones reforestados en Hermosillo"},"content":{"rendered":"<p>\u201cLas \u00e1reas p\u00fablicas de Hermosillo necesitamos tomarlas como de nosotros\u201d, expres\u00f3 Norberto Barraza Almaz\u00e1n en la entrega de un camell\u00f3n adoptado por Minas de Oro S. A. de C., mediante el programa \u201cTransforma un Bulevar\u201d. <\/p>\n<p>El director de Servicios P\u00fablicos Municipales manifest\u00f3 que la en la ciudad es muy importante y son de gran valor\u00a0 las 34 plantas que se pusieron en el camell\u00f3n del bulevar Los Seris, entre carretera a Sahuaripa y calle de los Pimas, en el Parque Industrial.<img loading=\"lazy\" decoding=\"async\" class=\"size-medium  x-center\" src=\"https:\/\/www.sonoraenequipo.com.mx\/storage\/2019\/08\/minas-de-oro-600x321.jpg\" alt=\"\" width=\"600\" height=\"321\" \/><\/p>\n<p style=\"text-align: center;\"><em>Ttrabajadores de la empresa Minas de Oro participaron en la siembra de arboles.<\/em><\/p>\n<p>Con la adopci\u00f3n de la empresa Minas de Oro de 172 metros lineales, ya son 132 las compa\u00f1\u00edas que ya hicieron lo mismo en un camell\u00f3n, con lo que ya son un total de 24.5 kil\u00f3metros aproximadamente, con lo que ayudan a mejorar la imagen urbana.<\/p>\n<p>\u201cEn Hermosillo tenemos 480 kil\u00f3metros de camellones, lo que hace t\u00e9cnicamente imposible atender a todos al mismo tiempo y la \u00fanica forma de hacerlo es con el apoyo de la sociedad y de las empresas\u201d, enfatiz\u00f3.<\/p>\n<p>Por su parte, Marco Gonz\u00e1lez, superintendente de exploraci\u00f3n de la compa\u00f1\u00eda, coment\u00f3 que para la empresa y su personal ha sido muy importante participar en este proyecto, no s\u00f3lo por la imagen de la empresa, sino tambi\u00e9n por convicci\u00f3n, porque siempre tienen campa\u00f1as de difusi\u00f3n sobre temas ambientales.<\/p>\n<p>\u201cAl\u00a0 participar con ustedes a trav\u00e9s de este programa podemos aportar un granito de arena; entendemos que va m\u00e1s all\u00e1 de la cuesti\u00f3n est\u00e9tica, que es crear un sentido de pertenencia y un mejor cuidado, as\u00ed como tener m\u00e1s \u00e1reas verdes y disminuir el polvo en la ciudad\u201d, destac\u00f3.<\/p>\n<p>Fecha de publicaci\u00f3n 21\/08\/2019<\/p>\n","protected":false},"excerpt":{"rendered":"<p>\u201cLas \u00e1reas p\u00fablicas de Hermosillo necesitamos tomarlas como de nosotros\u201d, expres\u00f3 Norberto Barraza Almaz\u00e1n en&#8230;<\/p>\n","protected":false},"author":178,"featured_media":65961,"comment_status":"open","ping_status":"open","sticky":false,"template":"","format":"standard","meta":{"_monsterinsights_skip_tracking":false,"_monsterinsights_sitenote_active":false,"_monsterinsights_sitenote_note":"","_monsterinsights_sitenote_category":0,"footnotes":""},"categories":[4],"tags":[3410],"class_list":["post"],"yoast_head":" \n<title>Sonora en Equipo. Suman 24.5 kil\u00f3metros de camellones reforestados en Hermosillo Municipios<\/title>\n<meta name=\"description\" content=\"\u201cLas \u00e1reas p\u00fablicas de Hermosillo necesitamos tomarlas como de nosotros\u201d, expres\u00f3 Norberto Barraza Almaz\u00e1n en la entrega de un camell\u00f3n adoptado por Minas En Sonora en Equipo publicamos toda la informaci\u00f3n de Sonora, M\u00e9xico y el Mundo de manera oportuna y busca que la libertad de expresi\u00f3n sea real. Visita nuestro medio informativo publicado desde Hermosillo, Sonora. %\" \/>\n<meta name=\"robots\" content=\"index, follow, max-snippet:-1, max-image-preview:large, max-video-preview:-1\" \/>\n<link rel=\"canonical\" href=\"https:\/\/www.sonoraenequipo.com.mx\/suman-24-5-kilometros-de-camellones-reforestados-en-hermosillo\/\" \/>\n<meta property=\"og:locale\" content=\"es_ES\" \/>\n<meta property=\"og:type\" content=\"article\" \/>\n<meta property=\"og:title\" content=\"Sonora en Equipo. Suman 24.5 kil\u00f3metros de camellones reforestados en Hermosillo Municipios\" \/>\n<meta property=\"og:description\" content=\"\u201cLas \u00e1reas p\u00fablicas de Hermosillo necesitamos tomarlas como de nosotros\u201d, expres\u00f3 Norberto Barraza Almaz\u00e1n en la entrega de un camell\u00f3n adoptado por Minas En Sonora en Equipo publicamos toda la informaci\u00f3n de Sonora, M\u00e9xico y el Mundo de manera oportuna y busca que la libertad de expresi\u00f3n sea real. Visita nuestro medio informativo publicado desde Hermosillo, Sonora. %\" \/>\n<meta property=\"og:url\" content=\"https:\/\/www.sonoraenequipo.com.mx\/suman-24-5-kilometros-de-camellones-reforestados-en-hermosillo\/\" \/>\n<meta property=\"og:site_name\" content=\"Sonora en Equipo.\" \/>\n<meta property=\"article:publisher\" content=\"https:\/\/www.facebook.com\/SonoraEE\/\" \/>\n<meta property=\"article:published_time\" content=\"2019-08-22T02:41:09+00:00\" \/>\n<meta property=\"og:image\" content=\"https:\/\/www.sonoraenequipo.com.mx\/storage\/2019\/08\/reforestacion2.jpg\" \/>\n\t<meta property=\"og:image:width\" content=\"500\" \/>\n\t<meta property=\"og:image:height\" content=\"334\" \/>\n\t<meta property=\"og:image:type\" content=\"image\/jpeg\" \/>\n<meta name=\"author\" content=\"enequipo\" \/>\n<meta name=\"twitter:card\" content=\"summary_large_image\" \/>\n<meta name=\"twitter:creator\" content=\"@sonoraenequipo\" \/>\n<meta name=\"twitter:site\" content=\"@sonoraenequipo\" \/>\n<meta name=\"twitter:label1\" content=\"Escrito por\" \/>\n\t<meta name=\"twitter:data1\" content=\"enequipo\" \/>\n\t<meta name=\"twitter:label2\" content=\"Tiempo de lectura\" \/>\n\t<meta name=\"twitter:data2\" content=\"1 minuto\" \/>\n<script type=\"application\/ld+json\" class=\"yoast-schema-graph\">{\"@context\":\"https:\/\/schema.org\",\"@graph\":[{\"@type\":\"Article\",\"@id\":\"https:\/\/www.sonoraenequipo.com.mx\/suman-24-5-kilometros-de-camellones-reforestados-en-hermosillo\/#article\",\"isPartOf\":{\"@id\":\"https:\/\/www.sonoraenequipo.com.mx\/suman-24-5-kilometros-de-camellones-reforestados-en-hermosillo\/\"},\"author\":{\"name\":\"enequipo\",\"@id\":\"https:\/\/www.sonoraenequipo.com.mx\/#\/schema\/person\/61a39de478a1763473ad55e8a95fddf6\"},\"headline\":\"Suman 24.5 kil\u00f3metros de camellones reforestados en Hermosillo\",\"datePublished\":\"2019-08-22T02:41:09+00:00\",\"mainEntityOfPage\":{\"@id\":\"https:\/\/www.sonoraenequipo.com.mx\/suman-24-5-kilometros-de-camellones-reforestados-en-hermosillo\/\"},\"wordCount\":304,\"commentCount\":0,\"publisher\":{\"@id\":\"https:\/\/www.sonoraenequipo.com.mx\/#organization\"},\"image\":{\"@id\":\"https:\/\/www.sonoraenequipo.com.mx\/suman-24-5-kilometros-de-camellones-reforestados-en-hermosillo\/#primaryimage\"},\"thumbnailUrl\":\"https:\/\/www.sonoraenequipo.com.mx\/storage\/2019\/08\/reforestacion2.jpg\",\"keywords\":[\"reforestacion\"],\"articleSection\":[\"Municipios\"],\"inLanguage\":\"es\",\"potentialAction\":[{\"@type\":\"CommentAction\",\"name\":\"Comment\",\"target\":[\"https:\/\/www.sonoraenequipo.com.mx\/suman-24-5-kilometros-de-camellones-reforestados-en-hermosillo\/#respond\"]}]},{\"@type\":\"WebPage\",\"@id\":\"https:\/\/www.sonoraenequipo.com.mx\/suman-24-5-kilometros-de-camellones-reforestados-en-hermosillo\/\",\"url\":\"https:\/\/www.sonoraenequipo.com.mx\/suman-24-5-kilometros-de-camellones-reforestados-en-hermosillo\/\",\"name\":\"Sonora en Equipo. Suman 24.5 kil\u00f3metros de camellones reforestados en Hermosillo Municipios\",\"isPartOf\":{\"@id\":\"https:\/\/www.sonoraenequipo.com.mx\/#website\"},\"primaryImageOfPage\":{\"@id\":\"https:\/\/www.sonoraenequipo.com.mx\/suman-24-5-kilometros-de-camellones-reforestados-en-hermosillo\/#primaryimage\"},\"image\":{\"@id\":\"https:\/\/www.sonoraenequipo.com.mx\/suman-24-5-kilometros-de-camellones-reforestados-en-hermosillo\/#primaryimage\"},\"thumbnailUrl\":\"https:\/\/www.sonoraenequipo.com.mx\/storage\/2019\/08\/reforestacion2.jpg\",\"datePublished\":\"2019-08-22T02:41:09+00:00\",\"description\":\"\u201cLas \u00e1reas p\u00fablicas de Hermosillo necesitamos tomarlas como de nosotros\u201d, expres\u00f3 Norberto Barraza Almaz\u00e1n en la entrega de un camell\u00f3n adoptado por Minas En Sonora en Equipo publicamos toda la informaci\u00f3n de Sonora, M\u00e9xico y el Mundo de manera oportuna y busca que la libertad de expresi\u00f3n sea real. Visita nuestro medio informativo publicado desde Hermosillo, Sonora. %\",\"breadcrumb\":{\"@id\":\"https:\/\/www.sonoraenequipo.com.mx\/suman-24-5-kilometros-de-camellones-reforestados-en-hermosillo\/#breadcrumb\"},\"inLanguage\":\"es\",\"potentialAction\":[{\"@type\":\"ReadAction\",\"target\":[\"https:\/\/www.sonoraenequipo.com.mx\/suman-24-5-kilometros-de-camellones-reforestados-en-hermosillo\/\"]}]},{\"@type\":\"ImageObject\",\"inLanguage\":\"es\",\"@id\":\"https:\/\/www.sonoraenequipo.com.mx\/suman-24-5-kilometros-de-camellones-reforestados-en-hermosillo\/#primaryimage\",\"url\":\"https:\/\/www.sonoraenequipo.com.mx\/storage\/2019\/08\/reforestacion2.jpg\",\"contentUrl\":\"https:\/\/www.sonoraenequipo.com.mx\/storage\/2019\/08\/reforestacion2.jpg\",\"width\":500,\"height\":334},{\"@type\":\"BreadcrumbList\",\"@id\":\"https:\/\/www.sonoraenequipo.com.mx\/suman-24-5-kilometros-de-camellones-reforestados-en-hermosillo\/#breadcrumb\",\"itemListElement\":[{\"@type\":\"ListItem\",\"position\":1,\"name\":\"Portada\",\"item\":\"https:\/\/www.sonoraenequipo.com.mx\/\"},{\"@type\":\"ListItem\",\"position\":2,\"name\":\"Suman 24.5 kil\u00f3metros de camellones reforestados en Hermosillo\"}]},{\"@type\":\"WebSite\",\"@id\":\"https:\/\/www.sonoraenequipo.com.mx\/#website\",\"url\":\"https:\/\/www.sonoraenequipo.com.mx\/\",\"name\":\"Sonora en Equipo.\",\"description\":\"Diario en l\u00ednea con Noticias desde Hermosillo, Sonora\",\"publisher\":{\"@id\":\"https:\/\/www.sonoraenequipo.com.mx\/#organization\"},\"potentialAction\":[{\"@type\":\"SearchAction\",\"target\":{\"@type\":\"EntryPoint\",\"urlTemplate\":\"https:\/\/www.sonoraenequipo.com.mx\/?s={search_term_string}\"},\"query-input\":{\"@type\":\"PropertyValueSpecification\",\"valueRequired\":true,\"valueName\":\"search_term_string\"}}],\"inLanguage\":\"es\"},{\"@type\":\"Organization\",\"@id\":\"https:\/\/www.sonoraenequipo.com.mx\/#organization\",\"name\":\"Sonoraenequipo.com.mx\",\"url\":\"https:\/\/www.sonoraenequipo.com.mx\/\",\"logo\":{\"@type\":\"ImageObject\",\"inLanguage\":\"es\",\"@id\":\"https:\/\/www.sonoraenequipo.com.mx\/#\/schema\/logo\/image\/\",\"url\":\"https:\/\/www.sonoraenequipo.com.mx\/storage\/2019\/01\/sonoraenequipo_opt.png\",\"contentUrl\":\"https:\/\/www.sonoraenequipo.com.mx\/storage\/2019\/01\/sonoraenequipo_opt.png\",\"width\":375,\"height\":125,\"caption\":\"Sonoraenequipo.com.mx\"},\"image\":{\"@id\":\"https:\/\/www.sonoraenequipo.com.mx\/#\/schema\/logo\/image\/\"},\"sameAs\":[\"https:\/\/www.facebook.com\/SonoraEE\/\",\"https:\/\/x.com\/sonoraenequipo\",\"https:\/\/www.youtube.com\/channel\/UC338nW-lPEYmJQs4ZABQ1SQ\"]},{\"@type\":\"Person\",\"@id\":\"https:\/\/www.sonoraenequipo.com.mx\/#\/schema\/person\/61a39de478a1763473ad55e8a95fddf6\",\"name\":\"enequipo\",\"image\":{\"@type\":\"ImageObject\",\"inLanguage\":\"es\",\"@id\":\"https:\/\/www.sonoraenequipo.com.mx\/#\/schema\/person\/image\/\",\"url\":\"https:\/\/secure.gravatar.com\/avatar\/e39bc3016d8af598aed3d770c9510dfc2795f37ea1733d99fcc6e97d2c3c9f5e?s=96&d=blank&r=g\",\"contentUrl\":\"https:\/\/secure.gravatar.com\/avatar\/e39bc3016d8af598aed3d770c9510dfc2795f37ea1733d99fcc6e97d2c3c9f5e?s=96&d=blank&r=g\",\"caption\":\"enequipo\"}}]}<\/script>\n ","yoast_head_json":{"title":"Sonora en Equipo. Suman 24.5 kil\u00f3metros de camellones reforestados en Hermosillo Municipios","description":"\u201cLas \u00e1reas p\u00fablicas de Hermosillo necesitamos tomarlas como de nosotros\u201d, expres\u00f3 Norberto Barraza Almaz\u00e1n en la entrega de un camell\u00f3n adoptado por Minas En Sonora en Equipo publicamos toda la informaci\u00f3n de Sonora, M\u00e9xico y el Mundo de manera oportuna y busca que la libertad de expresi\u00f3n sea real. Visita nuestro medio informativo publicado desde Hermosillo, Sonora. %","robots":{"index":"index","follow":"follow","max-snippet":"max-snippet:-1","max-image-preview":"max-image-preview:large","max-video-preview":"max-video-preview:-1"},"canonical":"https:\/\/www.sonoraenequipo.com.mx\/suman-24-5-kilometros-de-camellones-reforestados-en-hermosillo\/","og_locale":"es_ES","og_type":"article","og_title":"Sonora en Equipo. Suman 24.5 kil\u00f3metros de camellones reforestados en Hermosillo Municipios","og_description":"\u201cLas \u00e1reas p\u00fablicas de Hermosillo necesitamos tomarlas como de nosotros\u201d, expres\u00f3 Norberto Barraza Almaz\u00e1n en la entrega de un camell\u00f3n adoptado por Minas En Sonora en Equipo publicamos toda la informaci\u00f3n de Sonora, M\u00e9xico y el Mundo de manera oportuna y busca que la libertad de expresi\u00f3n sea real. Visita nuestro medio informativo publicado desde Hermosillo, Sonora. %","og_url":"https:\/\/www.sonoraenequipo.com.mx\/suman-24-5-kilometros-de-camellones-reforestados-en-hermosillo\/","og_site_name":"Sonora en Equipo.","article_publisher":"https:\/\/www.facebook.com\/SonoraEE\/","article_published_time":"2019-08-22T02:41:09+00:00","og_image":[{"width":500,"height":334,"url":"https:\/\/www.sonoraenequipo.com.mx\/storage\/2019\/08\/reforestacion2.jpg","type":"image\/jpeg"}],"author":"enequipo","twitter_card":"summary_large_image","twitter_creator":"@sonoraenequipo","twitter_site":"@sonoraenequipo","twitter_misc":{"Escrito por":"enequipo","Tiempo de lectura":"1 minuto"},"schema":{"@context":"https:\/\/schema.org","@graph":[{"@type":"Article","@id":"https:\/\/www.sonoraenequipo.com.mx\/suman-24-5-kilometros-de-camellones-reforestados-en-hermosillo\/#article","isPartOf":{"@id":"https:\/\/www.sonoraenequipo.com.mx\/suman-24-5-kilometros-de-camellones-reforestados-en-hermosillo\/"},"author":{"name":"enequipo","@id":"https:\/\/www.sonoraenequipo.com.mx\/#\/schema\/person\/61a39de478a1763473ad55e8a95fddf6"},"headline":"Suman 24.5 kil\u00f3metros de camellones reforestados en Hermosillo","datePublished":"2019-08-22T02:41:09+00:00","mainEntityOfPage":{"@id":"https:\/\/www.sonoraenequipo.com.mx\/suman-24-5-kilometros-de-camellones-reforestados-en-hermosillo\/"},"wordCount":304,"commentCount":0,"publisher":{"@id":"https:\/\/www.sonoraenequipo.com.mx\/#organization"},"image":{"@id":"https:\/\/www.sonoraenequipo.com.mx\/suman-24-5-kilometros-de-camellones-reforestados-en-hermosillo\/#primaryimage"},"thumbnailUrl":"https:\/\/www.sonoraenequipo.com.mx\/storage\/2019\/08\/reforestacion2.jpg","keywords":["reforestacion"],"articleSection":["Municipios"],"inLanguage":"es","potentialAction":[{"@type":"CommentAction","name":"Comment","target":["https:\/\/www.sonoraenequipo.com.mx\/suman-24-5-kilometros-de-camellones-reforestados-en-hermosillo\/#respond"]}]},{"@type":"WebPage","@id":"https:\/\/www.sonoraenequipo.com.mx\/suman-24-5-kilometros-de-camellones-reforestados-en-hermosillo\/","url":"https:\/\/www.sonoraenequipo.com.mx\/suman-24-5-kilometros-de-camellones-reforestados-en-hermosillo\/","name":"Sonora en Equipo. Suman 24.5 kil\u00f3metros de camellones reforestados en Hermosillo Municipios","isPartOf":{"@id":"https:\/\/www.sonoraenequipo.com.mx\/#website"},"primaryImageOfPage":{"@id":"https:\/\/www.sonoraenequipo.com.mx\/suman-24-5-kilometros-de-camellones-reforestados-en-hermosillo\/#primaryimage"},"image":{"@id":"https:\/\/www.sonoraenequipo.com.mx\/suman-24-5-kilometros-de-camellones-reforestados-en-hermosillo\/#primaryimage"},"thumbnailUrl":"https:\/\/www.sonoraenequipo.com.mx\/storage\/2019\/08\/reforestacion2.jpg","datePublished":"2019-08-22T02:41:09+00:00","description":"\u201cLas \u00e1reas p\u00fablicas de Hermosillo necesitamos tomarlas como de nosotros\u201d, expres\u00f3 Norberto Barraza Almaz\u00e1n en la entrega de un camell\u00f3n adoptado por Minas En Sonora en Equipo publicamos toda la informaci\u00f3n de Sonora, M\u00e9xico y el Mundo de manera oportuna y busca que la libertad de expresi\u00f3n sea real. Visita nuestro medio informativo publicado desde Hermosillo, Sonora. %","breadcrumb":{"@id":"https:\/\/www.sonoraenequipo.com.mx\/suman-24-5-kilometros-de-camellones-reforestados-en-hermosillo\/#breadcrumb"},"inLanguage":"es","potentialAction":[{"@type":"ReadAction","target":["https:\/\/www.sonoraenequipo.com.mx\/suman-24-5-kilometros-de-camellones-reforestados-en-hermosillo\/"]}]},{"@type":"ImageObject","inLanguage":"es","@id":"https:\/\/www.sonoraenequipo.com.mx\/suman-24-5-kilometros-de-camellones-reforestados-en-hermosillo\/#primaryimage","url":"https:\/\/www.sonoraenequipo.com.mx\/storage\/2019\/08\/reforestacion2.jpg","contentUrl":"https:\/\/www.sonoraenequipo.com.mx\/storage\/2019\/08\/reforestacion2.jpg","width":500,"height":334},{"@type":"BreadcrumbList","@id":"https:\/\/www.sonoraenequipo.com.mx\/suman-24-5-kilometros-de-camellones-reforestados-en-hermosillo\/#breadcrumb","itemListElement":[{"@type":"ListItem","position":1,"name":"Portada","item":"https:\/\/www.sonoraenequipo.com.mx\/"},{"@type":"ListItem","position":2,"name":"Suman 24.5 kil\u00f3metros de camellones reforestados en Hermosillo"}]},{"@type":"WebSite","@id":"https:\/\/www.sonoraenequipo.com.mx\/#website","url":"https:\/\/www.sonoraenequipo.com.mx\/","name":"Sonora en Equipo.","description":"Diario en l\u00ednea con Noticias desde Hermosillo, Sonora","publisher":{"@id":"https:\/\/www.sonoraenequipo.com.mx\/#organization"},"potentialAction":[{"@type":"SearchAction","target":{"@type":"EntryPoint","urlTemplate":"https:\/\/www.sonoraenequipo.com.mx\/?s={search_term_string}"},"query-input":{"@type":"PropertyValueSpecification","valueRequired":true,"valueName":"search_term_string"}}],"inLanguage":"es"},{"@type":"Organization","@id":"https:\/\/www.sonoraenequipo.com.mx\/#organization","name":"Sonoraenequipo.com.mx","url":"https:\/\/www.sonoraenequipo.com.mx\/","logo":{"@type":"ImageObject","inLanguage":"es","@id":"https:\/\/www.sonoraenequipo.com.mx\/#\/schema\/logo\/image\/","url":"https:\/\/www.sonoraenequipo.com.mx\/storage\/2019\/01\/sonoraenequipo_opt.png","contentUrl":"https:\/\/www.sonoraenequipo.com.mx\/storage\/2019\/01\/sonoraenequipo_opt.png","width":375,"height":125,"caption":"Sonoraenequipo.com.mx"},"image":{"@id":"https:\/\/www.sonoraenequipo.com.mx\/#\/schema\/logo\/image\/"},"sameAs":["https:\/\/www.facebook.com\/SonoraEE\/","https:\/\/x.com\/sonoraenequipo","https:\/\/www.youtube.com\/channel\/UC338nW-lPEYmJQs4ZABQ1SQ"]},{"@type":"Person","@id":"https:\/\/www.sonoraenequipo.com.mx\/#\/schema\/person\/61a39de478a1763473ad55e8a95fddf6","name":"enequipo","image":{"@type":"ImageObject","inLanguage":"es","@id":"https:\/\/www.sonoraenequipo.com.mx\/#\/schema\/person\/image\/","url":"https:\/\/secure.gravatar.com\/avatar\/e39bc3016d8af598aed3d770c9510dfc2795f37ea1733d99fcc6e97d2c3c9f5e?s=96&d=blank&r=g","contentUrl":"https:\/\/secure.gravatar.com\/avatar\/e39bc3016d8af598aed3d770c9510dfc2795f37ea1733d99fcc6e97d2c3c9f5e?s=96&d=blank&r=g","caption":"enequipo"}}]}},"jetpack_featured_media_url":"https:\/\/www.sonoraenequipo.com.mx\/storage\/2019\/08\/reforestacion2.jpg","_links":{"self":[{"href":"https:\/\/www.sonoraenequipo.com.mx\/api\/wp\/v2\/posts\/65959","targetHints":{"allow":["GET"]}}],"collection":[{"href":"https:\/\/www.sonoraenequipo.com.mx\/api\/wp\/v2\/posts"}],"about":[{"href":"https:\/\/www.sonoraenequipo.com.mx\/api\/wp\/v2\/types\/post"}],"author":[{"embeddable":true,"href":"https:\/\/www.sonoraenequipo.com.mx\/api\/wp\/v2\/users\/178"}],"replies":[{"embeddable":true,"href":"https:\/\/www.sonoraenequipo.com.mx\/api\/wp\/v2\/comments?post=65959"}],"version-history":[{"count":0,"href":"https:\/\/www.sonoraenequipo.com.mx\/api\/wp\/v2\/posts\/65959\/revisions"}],"wp:featuredmedia":[{"embeddable":true,"href":"https:\/\/www.sonoraenequipo.com.mx\/api\/wp\/v2\/media\/65961"}],"wp:attachment":[{"href":"https:\/\/www.sonoraenequipo.com.mx\/api\/wp\/v2\/media?parent=65959"}],"wp:term":[{"taxonomy":"category","embeddable":true,"href":"https:\/\/www.sonoraenequipo.com.mx\/api\/wp\/v2\/categories?post=65959"},{"taxonomy":"post_tag","embeddable":true,"href":"https:\/\/www.sonoraenequipo.com.mx\/api\/wp\/v2\/tags?post=65959"}],"curies":[{"name":"wp","href":"https:\/\/api.w.org\/{rel}","templated":true}]}}