{"id":65969,"date":"2019-08-21T21:09:40","date_gmt":"2019-08-22T04:09:40","guid":{"rendered":"https:\/\/www.sonoraenequipo.com.mx\/?p=65969"},"modified":"2019-08-21T21:14:08","modified_gmt":"2019-08-22T04:14:08","slug":"trump-considera-seriamente-eliminar-la-ciudadania-por-nacimiento","status":"publish","type":"post","link":"https:\/\/www.sonoraenequipo.com.mx\/trump-considera-seriamente-eliminar-la-ciudadania-por-nacimiento\/","title":{"rendered":"Trump considera \u00abseriamente\u00bb eliminar la ciudadan\u00eda por nacimiento"},"content":{"rendered":"<p>WASHINGTON D.C. \u2014 El presidente de Estados Unidos, Donald Trump, dijo el mi\u00e9rcoles que su gobierno est\u00e1 considerando seriamente acabar con el derecho a la ciudadan\u00eda para los ni\u00f1os nacidos de padres extranjeros y para las personas que emigraron al pa\u00eds de manera irregular. <\/p>\n<p>\u201cEstamos considerando eso muy seriamente, la ciudadan\u00eda por nacimiento, donde (\u2026) cruzas la frontera, tienes un beb\u00e9 y felicidades, tu beb\u00e9 es ahora un ciudadano de EE.UU\u2026. es francamente rid\u00edculo\u201d, dijo Trump a los medios al salir de la Casa Blanca.<\/p>\n<p>No es la primera vez que el presidente ha hablado sobre acabar con este derecho inscrito en la Constituci\u00f3n. El a\u00f1o pasado, Trump dijo al portal de noticias Axios que la eliminar\u00eda por medio de una orden ejecutiva.<\/p>\n<p>El derecho a la ciudadan\u00eda por nacimiento est\u00e1 recogido en la enmienda 14 de la Constituci\u00f3n, donde se lee que \u201ctodas las personas nacidas o naturalizadas en Estados Unidos (\u2026) son ciudadanas\u201d del pa\u00eds. La enmienda fue agregada a la carta magna en 1868 para abolir la esclavitud y dar derechos legales y civiles a los afroamericanos.<\/p>\n<p>Desde entonces, ha sido interpretada como la ley que concede ciudadan\u00eda a la mayor\u00eda de personas que nacen en Estados Unidos, aunque sus padres no sean ciudadanos o vivan ilegalmente en el pa\u00eds.<\/p>\n<p>M\u00e1s de 30 pa\u00edses en el mundo conceden el derecho a la ciudadan\u00eda por nacimiento, incluyendo la mayor\u00eda de naciones Latinoamericanas y Canad\u00e1. Aunque varios pa\u00edses de Europa no conceden de manera autom\u00e1tica ese derecho por nacimiento, tienen leyes que permiten a los hijos de padres extranjeros adquirir la nacionalidad.<\/p>\n<p>En Italia, por ejemplo, los hijos de padres extranjeros pueden acceder a la ciudadan\u00eda al cumplir los 18 a\u00f1os. En Espa\u00f1a, si uno de los padres es espa\u00f1ol, los ni\u00f1os la obtienen instant\u00e1neamente; pero si ambos son extranjeros, los menores pueden pedir la nacionalidad despu\u00e9s de un a\u00f1o de residir en el pa\u00eds.<\/p>\n<p>Fecha de publicaci\u00f3n 21\/08\/2019 (Voz de Am\u00e9rica)<\/p>\n","protected":false},"excerpt":{"rendered":"<p>WASHINGTON D.C. \u2014 El presidente de Estados Unidos, Donald Trump, dijo el mi\u00e9rcoles que su&#8230;<\/p>\n","protected":false},"author":178,"featured_media":63232,"comment_status":"open","ping_status":"open","sticky":false,"template":"","format":"standard","meta":{"_monsterinsights_skip_tracking":false,"_monsterinsights_sitenote_active":false,"_monsterinsights_sitenote_note":"","_monsterinsights_sitenote_category":0,"footnotes":""},"categories":[3],"tags":[3413,1898],"class_list":["post"],"yoast_head":" \n<title>Sonora en Equipo. Trump considera &quot;seriamente&quot; eliminar la ciudadan\u00eda por nacimiento MUNDO<\/title>\n<meta name=\"description\" content=\"WASHINGTON D.C. \u2014 El presidente de Estados Unidos, Donald Trump, dijo el mi\u00e9rcoles que su gobierno est\u00e1 considerando seriamente acabar con el derecho a la En Sonora en Equipo publicamos toda la informaci\u00f3n de Sonora, M\u00e9xico y el Mundo de manera oportuna y busca que la libertad de expresi\u00f3n sea real. Visita nuestro medio informativo publicado desde Hermosillo, Sonora. %\" \/>\n<meta name=\"robots\" content=\"index, follow, max-snippet:-1, max-image-preview:large, max-video-preview:-1\" \/>\n<link rel=\"canonical\" href=\"https:\/\/www.sonoraenequipo.com.mx\/trump-considera-seriamente-eliminar-la-ciudadania-por-nacimiento\/\" \/>\n<meta property=\"og:locale\" content=\"es_ES\" \/>\n<meta property=\"og:type\" content=\"article\" \/>\n<meta property=\"og:title\" content=\"Sonora en Equipo. Trump considera &quot;seriamente&quot; eliminar la ciudadan\u00eda por nacimiento MUNDO\" \/>\n<meta property=\"og:description\" content=\"WASHINGTON D.C. \u2014 El presidente de Estados Unidos, Donald Trump, dijo el mi\u00e9rcoles que su gobierno est\u00e1 considerando seriamente acabar con el derecho a la En Sonora en Equipo publicamos toda la informaci\u00f3n de Sonora, M\u00e9xico y el Mundo de manera oportuna y busca que la libertad de expresi\u00f3n sea real. Visita nuestro medio informativo publicado desde Hermosillo, Sonora. %\" \/>\n<meta property=\"og:url\" content=\"https:\/\/www.sonoraenequipo.com.mx\/trump-considera-seriamente-eliminar-la-ciudadania-por-nacimiento\/\" \/>\n<meta property=\"og:site_name\" content=\"Sonora en Equipo.\" \/>\n<meta property=\"article:publisher\" content=\"https:\/\/www.facebook.com\/SonoraEE\/\" \/>\n<meta property=\"article:published_time\" content=\"2019-08-22T04:09:40+00:00\" \/>\n<meta property=\"article:modified_time\" content=\"2019-08-22T04:14:08+00:00\" \/>\n<meta property=\"og:image\" content=\"https:\/\/www.sonoraenequipo.com.mx\/storage\/2019\/07\/trumpevita.jpg\" \/>\n\t<meta property=\"og:image:width\" content=\"940\" \/>\n\t<meta property=\"og:image:height\" content=\"627\" \/>\n\t<meta property=\"og:image:type\" content=\"image\/jpeg\" \/>\n<meta name=\"author\" content=\"enequipo\" \/>\n<meta name=\"twitter:card\" content=\"summary_large_image\" \/>\n<meta name=\"twitter:creator\" content=\"@sonoraenequipo\" \/>\n<meta name=\"twitter:site\" content=\"@sonoraenequipo\" \/>\n<meta name=\"twitter:label1\" content=\"Escrito por\" \/>\n\t<meta name=\"twitter:data1\" content=\"enequipo\" \/>\n\t<meta name=\"twitter:label2\" content=\"Tiempo de lectura\" \/>\n\t<meta name=\"twitter:data2\" content=\"2 minutos\" \/>\n<script type=\"application\/ld+json\" class=\"yoast-schema-graph\">{\"@context\":\"https:\/\/schema.org\",\"@graph\":[{\"@type\":\"Article\",\"@id\":\"https:\/\/www.sonoraenequipo.com.mx\/trump-considera-seriamente-eliminar-la-ciudadania-por-nacimiento\/#article\",\"isPartOf\":{\"@id\":\"https:\/\/www.sonoraenequipo.com.mx\/trump-considera-seriamente-eliminar-la-ciudadania-por-nacimiento\/\"},\"author\":{\"name\":\"enequipo\",\"@id\":\"https:\/\/www.sonoraenequipo.com.mx\/#\/schema\/person\/61a39de478a1763473ad55e8a95fddf6\"},\"headline\":\"Trump considera \u00abseriamente\u00bb eliminar la ciudadan\u00eda por nacimiento\",\"datePublished\":\"2019-08-22T04:09:40+00:00\",\"dateModified\":\"2019-08-22T04:14:08+00:00\",\"mainEntityOfPage\":{\"@id\":\"https:\/\/www.sonoraenequipo.com.mx\/trump-considera-seriamente-eliminar-la-ciudadania-por-nacimiento\/\"},\"wordCount\":358,\"commentCount\":0,\"publisher\":{\"@id\":\"https:\/\/www.sonoraenequipo.com.mx\/#organization\"},\"image\":{\"@id\":\"https:\/\/www.sonoraenequipo.com.mx\/trump-considera-seriamente-eliminar-la-ciudadania-por-nacimiento\/#primaryimage\"},\"thumbnailUrl\":\"https:\/\/www.sonoraenequipo.com.mx\/storage\/2019\/07\/trumpevita.jpg\",\"keywords\":[\"NACIONALIDAD\",\"Trump\"],\"articleSection\":[\"MUNDO\"],\"inLanguage\":\"es\",\"potentialAction\":[{\"@type\":\"CommentAction\",\"name\":\"Comment\",\"target\":[\"https:\/\/www.sonoraenequipo.com.mx\/trump-considera-seriamente-eliminar-la-ciudadania-por-nacimiento\/#respond\"]}]},{\"@type\":\"WebPage\",\"@id\":\"https:\/\/www.sonoraenequipo.com.mx\/trump-considera-seriamente-eliminar-la-ciudadania-por-nacimiento\/\",\"url\":\"https:\/\/www.sonoraenequipo.com.mx\/trump-considera-seriamente-eliminar-la-ciudadania-por-nacimiento\/\",\"name\":\"Sonora en Equipo. Trump considera \\\"seriamente\\\" eliminar la ciudadan\u00eda por nacimiento MUNDO\",\"isPartOf\":{\"@id\":\"https:\/\/www.sonoraenequipo.com.mx\/#website\"},\"primaryImageOfPage\":{\"@id\":\"https:\/\/www.sonoraenequipo.com.mx\/trump-considera-seriamente-eliminar-la-ciudadania-por-nacimiento\/#primaryimage\"},\"image\":{\"@id\":\"https:\/\/www.sonoraenequipo.com.mx\/trump-considera-seriamente-eliminar-la-ciudadania-por-nacimiento\/#primaryimage\"},\"thumbnailUrl\":\"https:\/\/www.sonoraenequipo.com.mx\/storage\/2019\/07\/trumpevita.jpg\",\"datePublished\":\"2019-08-22T04:09:40+00:00\",\"dateModified\":\"2019-08-22T04:14:08+00:00\",\"description\":\"WASHINGTON D.C. \u2014 El presidente de Estados Unidos, Donald Trump, dijo el mi\u00e9rcoles que su gobierno est\u00e1 considerando seriamente acabar con el derecho a la En Sonora en Equipo publicamos toda la informaci\u00f3n de Sonora, M\u00e9xico y el Mundo de manera oportuna y busca que la libertad de expresi\u00f3n sea real. Visita nuestro medio informativo publicado desde Hermosillo, Sonora. %\",\"breadcrumb\":{\"@id\":\"https:\/\/www.sonoraenequipo.com.mx\/trump-considera-seriamente-eliminar-la-ciudadania-por-nacimiento\/#breadcrumb\"},\"inLanguage\":\"es\",\"potentialAction\":[{\"@type\":\"ReadAction\",\"target\":[\"https:\/\/www.sonoraenequipo.com.mx\/trump-considera-seriamente-eliminar-la-ciudadania-por-nacimiento\/\"]}]},{\"@type\":\"ImageObject\",\"inLanguage\":\"es\",\"@id\":\"https:\/\/www.sonoraenequipo.com.mx\/trump-considera-seriamente-eliminar-la-ciudadania-por-nacimiento\/#primaryimage\",\"url\":\"https:\/\/www.sonoraenequipo.com.mx\/storage\/2019\/07\/trumpevita.jpg\",\"contentUrl\":\"https:\/\/www.sonoraenequipo.com.mx\/storage\/2019\/07\/trumpevita.jpg\",\"width\":940,\"height\":627},{\"@type\":\"BreadcrumbList\",\"@id\":\"https:\/\/www.sonoraenequipo.com.mx\/trump-considera-seriamente-eliminar-la-ciudadania-por-nacimiento\/#breadcrumb\",\"itemListElement\":[{\"@type\":\"ListItem\",\"position\":1,\"name\":\"Portada\",\"item\":\"https:\/\/www.sonoraenequipo.com.mx\/\"},{\"@type\":\"ListItem\",\"position\":2,\"name\":\"Trump considera \u00abseriamente\u00bb eliminar la ciudadan\u00eda por nacimiento\"}]},{\"@type\":\"WebSite\",\"@id\":\"https:\/\/www.sonoraenequipo.com.mx\/#website\",\"url\":\"https:\/\/www.sonoraenequipo.com.mx\/\",\"name\":\"Sonora en Equipo.\",\"description\":\"Diario en l\u00ednea con Noticias desde Hermosillo, Sonora\",\"publisher\":{\"@id\":\"https:\/\/www.sonoraenequipo.com.mx\/#organization\"},\"potentialAction\":[{\"@type\":\"SearchAction\",\"target\":{\"@type\":\"EntryPoint\",\"urlTemplate\":\"https:\/\/www.sonoraenequipo.com.mx\/?s={search_term_string}\"},\"query-input\":{\"@type\":\"PropertyValueSpecification\",\"valueRequired\":true,\"valueName\":\"search_term_string\"}}],\"inLanguage\":\"es\"},{\"@type\":\"Organization\",\"@id\":\"https:\/\/www.sonoraenequipo.com.mx\/#organization\",\"name\":\"Sonoraenequipo.com.mx\",\"url\":\"https:\/\/www.sonoraenequipo.com.mx\/\",\"logo\":{\"@type\":\"ImageObject\",\"inLanguage\":\"es\",\"@id\":\"https:\/\/www.sonoraenequipo.com.mx\/#\/schema\/logo\/image\/\",\"url\":\"https:\/\/www.sonoraenequipo.com.mx\/storage\/2019\/01\/sonoraenequipo_opt.png\",\"contentUrl\":\"https:\/\/www.sonoraenequipo.com.mx\/storage\/2019\/01\/sonoraenequipo_opt.png\",\"width\":375,\"height\":125,\"caption\":\"Sonoraenequipo.com.mx\"},\"image\":{\"@id\":\"https:\/\/www.sonoraenequipo.com.mx\/#\/schema\/logo\/image\/\"},\"sameAs\":[\"https:\/\/www.facebook.com\/SonoraEE\/\",\"https:\/\/x.com\/sonoraenequipo\",\"https:\/\/www.youtube.com\/channel\/UC338nW-lPEYmJQs4ZABQ1SQ\"]},{\"@type\":\"Person\",\"@id\":\"https:\/\/www.sonoraenequipo.com.mx\/#\/schema\/person\/61a39de478a1763473ad55e8a95fddf6\",\"name\":\"enequipo\",\"image\":{\"@type\":\"ImageObject\",\"inLanguage\":\"es\",\"@id\":\"https:\/\/www.sonoraenequipo.com.mx\/#\/schema\/person\/image\/\",\"url\":\"https:\/\/secure.gravatar.com\/avatar\/e39bc3016d8af598aed3d770c9510dfc2795f37ea1733d99fcc6e97d2c3c9f5e?s=96&d=blank&r=g\",\"contentUrl\":\"https:\/\/secure.gravatar.com\/avatar\/e39bc3016d8af598aed3d770c9510dfc2795f37ea1733d99fcc6e97d2c3c9f5e?s=96&d=blank&r=g\",\"caption\":\"enequipo\"}}]}<\/script>\n ","yoast_head_json":{"title":"Sonora en Equipo. Trump considera \"seriamente\" eliminar la ciudadan\u00eda por nacimiento MUNDO","description":"WASHINGTON D.C. \u2014 El presidente de Estados Unidos, Donald Trump, dijo el mi\u00e9rcoles que su gobierno est\u00e1 considerando seriamente acabar con el derecho a la En Sonora en Equipo publicamos toda la informaci\u00f3n de Sonora, M\u00e9xico y el Mundo de manera oportuna y busca que la libertad de expresi\u00f3n sea real. Visita nuestro medio informativo publicado desde Hermosillo, Sonora. %","robots":{"index":"index","follow":"follow","max-snippet":"max-snippet:-1","max-image-preview":"max-image-preview:large","max-video-preview":"max-video-preview:-1"},"canonical":"https:\/\/www.sonoraenequipo.com.mx\/trump-considera-seriamente-eliminar-la-ciudadania-por-nacimiento\/","og_locale":"es_ES","og_type":"article","og_title":"Sonora en Equipo. Trump considera \"seriamente\" eliminar la ciudadan\u00eda por nacimiento MUNDO","og_description":"WASHINGTON D.C. \u2014 El presidente de Estados Unidos, Donald Trump, dijo el mi\u00e9rcoles que su gobierno est\u00e1 considerando seriamente acabar con el derecho a la En Sonora en Equipo publicamos toda la informaci\u00f3n de Sonora, M\u00e9xico y el Mundo de manera oportuna y busca que la libertad de expresi\u00f3n sea real. Visita nuestro medio informativo publicado desde Hermosillo, Sonora. %","og_url":"https:\/\/www.sonoraenequipo.com.mx\/trump-considera-seriamente-eliminar-la-ciudadania-por-nacimiento\/","og_site_name":"Sonora en Equipo.","article_publisher":"https:\/\/www.facebook.com\/SonoraEE\/","article_published_time":"2019-08-22T04:09:40+00:00","article_modified_time":"2019-08-22T04:14:08+00:00","og_image":[{"width":940,"height":627,"url":"https:\/\/www.sonoraenequipo.com.mx\/storage\/2019\/07\/trumpevita.jpg","type":"image\/jpeg"}],"author":"enequipo","twitter_card":"summary_large_image","twitter_creator":"@sonoraenequipo","twitter_site":"@sonoraenequipo","twitter_misc":{"Escrito por":"enequipo","Tiempo de lectura":"2 minutos"},"schema":{"@context":"https:\/\/schema.org","@graph":[{"@type":"Article","@id":"https:\/\/www.sonoraenequipo.com.mx\/trump-considera-seriamente-eliminar-la-ciudadania-por-nacimiento\/#article","isPartOf":{"@id":"https:\/\/www.sonoraenequipo.com.mx\/trump-considera-seriamente-eliminar-la-ciudadania-por-nacimiento\/"},"author":{"name":"enequipo","@id":"https:\/\/www.sonoraenequipo.com.mx\/#\/schema\/person\/61a39de478a1763473ad55e8a95fddf6"},"headline":"Trump considera \u00abseriamente\u00bb eliminar la ciudadan\u00eda por nacimiento","datePublished":"2019-08-22T04:09:40+00:00","dateModified":"2019-08-22T04:14:08+00:00","mainEntityOfPage":{"@id":"https:\/\/www.sonoraenequipo.com.mx\/trump-considera-seriamente-eliminar-la-ciudadania-por-nacimiento\/"},"wordCount":358,"commentCount":0,"publisher":{"@id":"https:\/\/www.sonoraenequipo.com.mx\/#organization"},"image":{"@id":"https:\/\/www.sonoraenequipo.com.mx\/trump-considera-seriamente-eliminar-la-ciudadania-por-nacimiento\/#primaryimage"},"thumbnailUrl":"https:\/\/www.sonoraenequipo.com.mx\/storage\/2019\/07\/trumpevita.jpg","keywords":["NACIONALIDAD","Trump"],"articleSection":["MUNDO"],"inLanguage":"es","potentialAction":[{"@type":"CommentAction","name":"Comment","target":["https:\/\/www.sonoraenequipo.com.mx\/trump-considera-seriamente-eliminar-la-ciudadania-por-nacimiento\/#respond"]}]},{"@type":"WebPage","@id":"https:\/\/www.sonoraenequipo.com.mx\/trump-considera-seriamente-eliminar-la-ciudadania-por-nacimiento\/","url":"https:\/\/www.sonoraenequipo.com.mx\/trump-considera-seriamente-eliminar-la-ciudadania-por-nacimiento\/","name":"Sonora en Equipo. Trump considera \"seriamente\" eliminar la ciudadan\u00eda por nacimiento MUNDO","isPartOf":{"@id":"https:\/\/www.sonoraenequipo.com.mx\/#website"},"primaryImageOfPage":{"@id":"https:\/\/www.sonoraenequipo.com.mx\/trump-considera-seriamente-eliminar-la-ciudadania-por-nacimiento\/#primaryimage"},"image":{"@id":"https:\/\/www.sonoraenequipo.com.mx\/trump-considera-seriamente-eliminar-la-ciudadania-por-nacimiento\/#primaryimage"},"thumbnailUrl":"https:\/\/www.sonoraenequipo.com.mx\/storage\/2019\/07\/trumpevita.jpg","datePublished":"2019-08-22T04:09:40+00:00","dateModified":"2019-08-22T04:14:08+00:00","description":"WASHINGTON D.C. \u2014 El presidente de Estados Unidos, Donald Trump, dijo el mi\u00e9rcoles que su gobierno est\u00e1 considerando seriamente acabar con el derecho a la En Sonora en Equipo publicamos toda la informaci\u00f3n de Sonora, M\u00e9xico y el Mundo de manera oportuna y busca que la libertad de expresi\u00f3n sea real. Visita nuestro medio informativo publicado desde Hermosillo, Sonora. %","breadcrumb":{"@id":"https:\/\/www.sonoraenequipo.com.mx\/trump-considera-seriamente-eliminar-la-ciudadania-por-nacimiento\/#breadcrumb"},"inLanguage":"es","potentialAction":[{"@type":"ReadAction","target":["https:\/\/www.sonoraenequipo.com.mx\/trump-considera-seriamente-eliminar-la-ciudadania-por-nacimiento\/"]}]},{"@type":"ImageObject","inLanguage":"es","@id":"https:\/\/www.sonoraenequipo.com.mx\/trump-considera-seriamente-eliminar-la-ciudadania-por-nacimiento\/#primaryimage","url":"https:\/\/www.sonoraenequipo.com.mx\/storage\/2019\/07\/trumpevita.jpg","contentUrl":"https:\/\/www.sonoraenequipo.com.mx\/storage\/2019\/07\/trumpevita.jpg","width":940,"height":627},{"@type":"BreadcrumbList","@id":"https:\/\/www.sonoraenequipo.com.mx\/trump-considera-seriamente-eliminar-la-ciudadania-por-nacimiento\/#breadcrumb","itemListElement":[{"@type":"ListItem","position":1,"name":"Portada","item":"https:\/\/www.sonoraenequipo.com.mx\/"},{"@type":"ListItem","position":2,"name":"Trump considera \u00abseriamente\u00bb eliminar la ciudadan\u00eda por nacimiento"}]},{"@type":"WebSite","@id":"https:\/\/www.sonoraenequipo.com.mx\/#website","url":"https:\/\/www.sonoraenequipo.com.mx\/","name":"Sonora en Equipo.","description":"Diario en l\u00ednea con Noticias desde Hermosillo, Sonora","publisher":{"@id":"https:\/\/www.sonoraenequipo.com.mx\/#organization"},"potentialAction":[{"@type":"SearchAction","target":{"@type":"EntryPoint","urlTemplate":"https:\/\/www.sonoraenequipo.com.mx\/?s={search_term_string}"},"query-input":{"@type":"PropertyValueSpecification","valueRequired":true,"valueName":"search_term_string"}}],"inLanguage":"es"},{"@type":"Organization","@id":"https:\/\/www.sonoraenequipo.com.mx\/#organization","name":"Sonoraenequipo.com.mx","url":"https:\/\/www.sonoraenequipo.com.mx\/","logo":{"@type":"ImageObject","inLanguage":"es","@id":"https:\/\/www.sonoraenequipo.com.mx\/#\/schema\/logo\/image\/","url":"https:\/\/www.sonoraenequipo.com.mx\/storage\/2019\/01\/sonoraenequipo_opt.png","contentUrl":"https:\/\/www.sonoraenequipo.com.mx\/storage\/2019\/01\/sonoraenequipo_opt.png","width":375,"height":125,"caption":"Sonoraenequipo.com.mx"},"image":{"@id":"https:\/\/www.sonoraenequipo.com.mx\/#\/schema\/logo\/image\/"},"sameAs":["https:\/\/www.facebook.com\/SonoraEE\/","https:\/\/x.com\/sonoraenequipo","https:\/\/www.youtube.com\/channel\/UC338nW-lPEYmJQs4ZABQ1SQ"]},{"@type":"Person","@id":"https:\/\/www.sonoraenequipo.com.mx\/#\/schema\/person\/61a39de478a1763473ad55e8a95fddf6","name":"enequipo","image":{"@type":"ImageObject","inLanguage":"es","@id":"https:\/\/www.sonoraenequipo.com.mx\/#\/schema\/person\/image\/","url":"https:\/\/secure.gravatar.com\/avatar\/e39bc3016d8af598aed3d770c9510dfc2795f37ea1733d99fcc6e97d2c3c9f5e?s=96&d=blank&r=g","contentUrl":"https:\/\/secure.gravatar.com\/avatar\/e39bc3016d8af598aed3d770c9510dfc2795f37ea1733d99fcc6e97d2c3c9f5e?s=96&d=blank&r=g","caption":"enequipo"}}]}},"jetpack_featured_media_url":"https:\/\/www.sonoraenequipo.com.mx\/storage\/2019\/07\/trumpevita.jpg","_links":{"self":[{"href":"https:\/\/www.sonoraenequipo.com.mx\/api\/wp\/v2\/posts\/65969","targetHints":{"allow":["GET"]}}],"collection":[{"href":"https:\/\/www.sonoraenequipo.com.mx\/api\/wp\/v2\/posts"}],"about":[{"href":"https:\/\/www.sonoraenequipo.com.mx\/api\/wp\/v2\/types\/post"}],"author":[{"embeddable":true,"href":"https:\/\/www.sonoraenequipo.com.mx\/api\/wp\/v2\/users\/178"}],"replies":[{"embeddable":true,"href":"https:\/\/www.sonoraenequipo.com.mx\/api\/wp\/v2\/comments?post=65969"}],"version-history":[{"count":0,"href":"https:\/\/www.sonoraenequipo.com.mx\/api\/wp\/v2\/posts\/65969\/revisions"}],"wp:featuredmedia":[{"embeddable":true,"href":"https:\/\/www.sonoraenequipo.com.mx\/api\/wp\/v2\/media\/63232"}],"wp:attachment":[{"href":"https:\/\/www.sonoraenequipo.com.mx\/api\/wp\/v2\/media?parent=65969"}],"wp:term":[{"taxonomy":"category","embeddable":true,"href":"https:\/\/www.sonoraenequipo.com.mx\/api\/wp\/v2\/categories?post=65969"},{"taxonomy":"post_tag","embeddable":true,"href":"https:\/\/www.sonoraenequipo.com.mx\/api\/wp\/v2\/tags?post=65969"}],"curies":[{"name":"wp","href":"https:\/\/api.w.org\/{rel}","templated":true}]}}