{"id":65973,"date":"2019-08-21T21:47:04","date_gmt":"2019-08-22T04:47:04","guid":{"rendered":"https:\/\/www.sonoraenequipo.com.mx\/?p=65973"},"modified":"2019-08-21T21:47:04","modified_gmt":"2019-08-22T04:47:04","slug":"claudia-pavlovich-listo-sonora-para-regreso-a-clases","status":"publish","type":"post","link":"https:\/\/www.sonoraenequipo.com.mx\/claudia-pavlovich-listo-sonora-para-regreso-a-clases\/","title":{"rendered":"Claudia Pavlovich: Listo\u00a0 Sonora para regreso a clases"},"content":{"rendered":"<p>HERMOSILLO,SONORA.-\u00a0 Estamos listos para iniciar en Sonora el ciclo escolar 2019-2020, el lunes 26 de agosto y atender a 594 mil 856 alumnos de educaci\u00f3n B\u00e1sica, se\u00f1al\u00f3 la gobernadora Claudia Pavlovich Arellano al enviar la \u00faltima remesa de mobiliario, equipamiento y materiales para las escuelas del estado. <\/p>\n<p>Acompa\u00f1ada por Jos\u00e9 V\u00edctor Guerrero Gonz\u00e1lez y Miguel Pompa, secretarios de Educaci\u00f3n y Cultura, y de Gobierno, respectivamente, la gobernadora Pavlovich explic\u00f3 que han trabajado intensamente a fin de garantizar las mejores condiciones para que las ni\u00f1as y ni\u00f1os de Sonora tengan un regreso a clases sin mayores contratiempos, e indic\u00f3 que han invertido en mobiliario, equipo de c\u00f3mputo, uniformes, zapatos escolares, transporte escolar y equipamiento en general.<\/p>\n<p>\u0093Hemos cumplido con algo que para m\u00ed es muy importante, el tema de educaci\u00f3n, hemos invertido en este a\u00f1o solamente mil 300 acciones en escuelas, se dice f\u00e1cil, pero no lo es, les pido por favor que nos ayuden a conservar el buen estado de las escuelas, que no las rayen\u0094, asever\u00f3.<\/p>\n<p>Entre los insumos que se distribuyen en este ciclo escolar, se encuentran: televisiones para telesecundarias, 900 computadoras a igual n\u00famero de escuelas primarias y secundarias, y 950 aparatos de aire acondicionado que se est\u00e1n instalando.<\/p>\n<p>Tambi\u00e9n se han atendido a los 72 municipios con la entrega de kits de uniformes escolares, concluyendo en Navojoa, Guaymas, Cajeme y Hermosillo; y se han distribuido 350 equipos de material did\u00e1ctico que usan maestros de educaci\u00f3n f\u00edsica de preescolar, primaria y secundaria.<\/p>\n<p>En la explanada de la Secretar\u00eda de Educaci\u00f3n y Cultura, la gobernadora Pavlovich constat\u00f3 el avance del 78% en la entrega de libros de texto, la cual finalizar\u00e1 la segunda semana de septiembre por parte del Consejo Nacional de Libros de Texto Gratuito, mientras que para primaria ya est\u00e1 cubierto.<\/p>\n<p>Para el nuevo ciclo escolar se contar\u00e1n con 40 camiones del programa de Movilidad y Veh\u00edculos Escolares Rurales (Moveer), de los cuales han sido entregados 21 y 19 est\u00e1n por entregarse, adem\u00e1s, se distribuir\u00e1n 17 mil 975 pupitres de diferentes tipos, mesas, sillas para ni\u00f1as y ni\u00f1os, y sillas y mesas para maestros, as\u00ed como el rescate de 4 mil 150 pupitres con material reciclado.<\/p>\n<p>Jos\u00e9 V\u00edctor Guerrero Gonz\u00e1lez, secretario de Educaci\u00f3n y Cultura, expuso que el sistema educativo en Sonora est\u00e1 listo para el inicio de un nuevo ciclo escolar; ya que invirtieron 500 millones de pesos en acciones que se realizaron mediante un proceso previo de planeaci\u00f3n e identificaci\u00f3n de \u00e1reas de oportunidad.<\/p>\n<p>Presentes: Elma Yazmina Anaya Camargo, directora del Instituto de Becas y Cr\u00e9dito Educativo; C\u00e9sar Adalberto Salazar L\u00f3pez, secretario general de la Secci\u00f3n 28 del SNTE, y Raymundo Lagarda Borb\u00f3n, secretario general de la secci\u00f3n 54 del SNTE.<\/p>\n<p>Fecha de publicaci\u00f3n 21\/08\/2019<\/p>\n<p>&nbsp;<\/p>\n","protected":false},"excerpt":{"rendered":"<p>HERMOSILLO,SONORA.-\u00a0 Estamos listos para iniciar en Sonora el ciclo escolar 2019-2020, el lunes 26 de&#8230;<\/p>\n","protected":false},"author":178,"featured_media":65974,"comment_status":"open","ping_status":"open","sticky":false,"template":"","format":"standard","meta":{"_monsterinsights_skip_tracking":false,"_monsterinsights_sitenote_active":false,"_monsterinsights_sitenote_note":"","_monsterinsights_sitenote_category":0,"footnotes":""},"categories":[22],"tags":[116],"class_list":["post"],"yoast_head":" \n<title>Sonora en Equipo. Claudia Pavlovich: Listo\u00a0 Sonora para regreso a clases Sonora<\/title>\n<meta name=\"description\" content=\"HERMOSILLO,SONORA.-\u00a0 Estamos listos para iniciar en Sonora el ciclo escolar 2019-2020, el lunes 26 de agosto y atender a 594 mil 856 alumnos de educaci\u00f3n En Sonora en Equipo publicamos toda la informaci\u00f3n de Sonora, M\u00e9xico y el Mundo de manera oportuna y busca que la libertad de expresi\u00f3n sea real. Visita nuestro medio informativo publicado desde Hermosillo, Sonora. %\" \/>\n<meta name=\"robots\" content=\"index, follow, max-snippet:-1, max-image-preview:large, max-video-preview:-1\" \/>\n<link rel=\"canonical\" href=\"https:\/\/www.sonoraenequipo.com.mx\/claudia-pavlovich-listo-sonora-para-regreso-a-clases\/\" \/>\n<meta property=\"og:locale\" content=\"es_ES\" \/>\n<meta property=\"og:type\" content=\"article\" \/>\n<meta property=\"og:title\" content=\"Sonora en Equipo. Claudia Pavlovich: Listo\u00a0 Sonora para regreso a clases Sonora\" \/>\n<meta property=\"og:description\" content=\"HERMOSILLO,SONORA.-\u00a0 Estamos listos para iniciar en Sonora el ciclo escolar 2019-2020, el lunes 26 de agosto y atender a 594 mil 856 alumnos de educaci\u00f3n En Sonora en Equipo publicamos toda la informaci\u00f3n de Sonora, M\u00e9xico y el Mundo de manera oportuna y busca que la libertad de expresi\u00f3n sea real. Visita nuestro medio informativo publicado desde Hermosillo, Sonora. %\" \/>\n<meta property=\"og:url\" content=\"https:\/\/www.sonoraenequipo.com.mx\/claudia-pavlovich-listo-sonora-para-regreso-a-clases\/\" \/>\n<meta property=\"og:site_name\" content=\"Sonora en Equipo.\" \/>\n<meta property=\"article:publisher\" content=\"https:\/\/www.facebook.com\/SonoraEE\/\" \/>\n<meta property=\"article:published_time\" content=\"2019-08-22T04:47:04+00:00\" \/>\n<meta property=\"og:image\" content=\"https:\/\/www.sonoraenequipo.com.mx\/storage\/2019\/08\/ciclo.jpg\" \/>\n\t<meta property=\"og:image:width\" content=\"500\" \/>\n\t<meta property=\"og:image:height\" content=\"333\" \/>\n\t<meta property=\"og:image:type\" content=\"image\/jpeg\" \/>\n<meta name=\"author\" content=\"enequipo\" \/>\n<meta name=\"twitter:card\" content=\"summary_large_image\" \/>\n<meta name=\"twitter:creator\" content=\"@sonoraenequipo\" \/>\n<meta name=\"twitter:site\" content=\"@sonoraenequipo\" \/>\n<meta name=\"twitter:label1\" content=\"Escrito por\" \/>\n\t<meta name=\"twitter:data1\" content=\"enequipo\" \/>\n\t<meta name=\"twitter:label2\" content=\"Tiempo de lectura\" \/>\n\t<meta name=\"twitter:data2\" content=\"2 minutos\" \/>\n<script type=\"application\/ld+json\" class=\"yoast-schema-graph\">{\"@context\":\"https:\/\/schema.org\",\"@graph\":[{\"@type\":\"Article\",\"@id\":\"https:\/\/www.sonoraenequipo.com.mx\/claudia-pavlovich-listo-sonora-para-regreso-a-clases\/#article\",\"isPartOf\":{\"@id\":\"https:\/\/www.sonoraenequipo.com.mx\/claudia-pavlovich-listo-sonora-para-regreso-a-clases\/\"},\"author\":{\"name\":\"enequipo\",\"@id\":\"https:\/\/www.sonoraenequipo.com.mx\/#\/schema\/person\/61a39de478a1763473ad55e8a95fddf6\"},\"headline\":\"Claudia Pavlovich: Listo\u00a0 Sonora para regreso a clases\",\"datePublished\":\"2019-08-22T04:47:04+00:00\",\"mainEntityOfPage\":{\"@id\":\"https:\/\/www.sonoraenequipo.com.mx\/claudia-pavlovich-listo-sonora-para-regreso-a-clases\/\"},\"wordCount\":482,\"commentCount\":0,\"publisher\":{\"@id\":\"https:\/\/www.sonoraenequipo.com.mx\/#organization\"},\"image\":{\"@id\":\"https:\/\/www.sonoraenequipo.com.mx\/claudia-pavlovich-listo-sonora-para-regreso-a-clases\/#primaryimage\"},\"thumbnailUrl\":\"https:\/\/www.sonoraenequipo.com.mx\/storage\/2019\/08\/ciclo.jpg\",\"keywords\":[\"claudia pavlovich\"],\"articleSection\":[\"Sonora\"],\"inLanguage\":\"es\",\"potentialAction\":[{\"@type\":\"CommentAction\",\"name\":\"Comment\",\"target\":[\"https:\/\/www.sonoraenequipo.com.mx\/claudia-pavlovich-listo-sonora-para-regreso-a-clases\/#respond\"]}]},{\"@type\":\"WebPage\",\"@id\":\"https:\/\/www.sonoraenequipo.com.mx\/claudia-pavlovich-listo-sonora-para-regreso-a-clases\/\",\"url\":\"https:\/\/www.sonoraenequipo.com.mx\/claudia-pavlovich-listo-sonora-para-regreso-a-clases\/\",\"name\":\"Sonora en Equipo. Claudia Pavlovich: Listo\u00a0 Sonora para regreso a clases Sonora\",\"isPartOf\":{\"@id\":\"https:\/\/www.sonoraenequipo.com.mx\/#website\"},\"primaryImageOfPage\":{\"@id\":\"https:\/\/www.sonoraenequipo.com.mx\/claudia-pavlovich-listo-sonora-para-regreso-a-clases\/#primaryimage\"},\"image\":{\"@id\":\"https:\/\/www.sonoraenequipo.com.mx\/claudia-pavlovich-listo-sonora-para-regreso-a-clases\/#primaryimage\"},\"thumbnailUrl\":\"https:\/\/www.sonoraenequipo.com.mx\/storage\/2019\/08\/ciclo.jpg\",\"datePublished\":\"2019-08-22T04:47:04+00:00\",\"description\":\"HERMOSILLO,SONORA.-\u00a0 Estamos listos para iniciar en Sonora el ciclo escolar 2019-2020, el lunes 26 de agosto y atender a 594 mil 856 alumnos de educaci\u00f3n En Sonora en Equipo publicamos toda la informaci\u00f3n de Sonora, M\u00e9xico y el Mundo de manera oportuna y busca que la libertad de expresi\u00f3n sea real. Visita nuestro medio informativo publicado desde Hermosillo, Sonora. %\",\"breadcrumb\":{\"@id\":\"https:\/\/www.sonoraenequipo.com.mx\/claudia-pavlovich-listo-sonora-para-regreso-a-clases\/#breadcrumb\"},\"inLanguage\":\"es\",\"potentialAction\":[{\"@type\":\"ReadAction\",\"target\":[\"https:\/\/www.sonoraenequipo.com.mx\/claudia-pavlovich-listo-sonora-para-regreso-a-clases\/\"]}]},{\"@type\":\"ImageObject\",\"inLanguage\":\"es\",\"@id\":\"https:\/\/www.sonoraenequipo.com.mx\/claudia-pavlovich-listo-sonora-para-regreso-a-clases\/#primaryimage\",\"url\":\"https:\/\/www.sonoraenequipo.com.mx\/storage\/2019\/08\/ciclo.jpg\",\"contentUrl\":\"https:\/\/www.sonoraenequipo.com.mx\/storage\/2019\/08\/ciclo.jpg\",\"width\":500,\"height\":333},{\"@type\":\"BreadcrumbList\",\"@id\":\"https:\/\/www.sonoraenequipo.com.mx\/claudia-pavlovich-listo-sonora-para-regreso-a-clases\/#breadcrumb\",\"itemListElement\":[{\"@type\":\"ListItem\",\"position\":1,\"name\":\"Portada\",\"item\":\"https:\/\/www.sonoraenequipo.com.mx\/\"},{\"@type\":\"ListItem\",\"position\":2,\"name\":\"Claudia Pavlovich: Listo\u00a0 Sonora para regreso a clases\"}]},{\"@type\":\"WebSite\",\"@id\":\"https:\/\/www.sonoraenequipo.com.mx\/#website\",\"url\":\"https:\/\/www.sonoraenequipo.com.mx\/\",\"name\":\"Sonora en Equipo.\",\"description\":\"Diario en l\u00ednea con Noticias desde Hermosillo, Sonora\",\"publisher\":{\"@id\":\"https:\/\/www.sonoraenequipo.com.mx\/#organization\"},\"potentialAction\":[{\"@type\":\"SearchAction\",\"target\":{\"@type\":\"EntryPoint\",\"urlTemplate\":\"https:\/\/www.sonoraenequipo.com.mx\/?s={search_term_string}\"},\"query-input\":{\"@type\":\"PropertyValueSpecification\",\"valueRequired\":true,\"valueName\":\"search_term_string\"}}],\"inLanguage\":\"es\"},{\"@type\":\"Organization\",\"@id\":\"https:\/\/www.sonoraenequipo.com.mx\/#organization\",\"name\":\"Sonoraenequipo.com.mx\",\"url\":\"https:\/\/www.sonoraenequipo.com.mx\/\",\"logo\":{\"@type\":\"ImageObject\",\"inLanguage\":\"es\",\"@id\":\"https:\/\/www.sonoraenequipo.com.mx\/#\/schema\/logo\/image\/\",\"url\":\"https:\/\/www.sonoraenequipo.com.mx\/storage\/2019\/01\/sonoraenequipo_opt.png\",\"contentUrl\":\"https:\/\/www.sonoraenequipo.com.mx\/storage\/2019\/01\/sonoraenequipo_opt.png\",\"width\":375,\"height\":125,\"caption\":\"Sonoraenequipo.com.mx\"},\"image\":{\"@id\":\"https:\/\/www.sonoraenequipo.com.mx\/#\/schema\/logo\/image\/\"},\"sameAs\":[\"https:\/\/www.facebook.com\/SonoraEE\/\",\"https:\/\/x.com\/sonoraenequipo\",\"https:\/\/www.youtube.com\/channel\/UC338nW-lPEYmJQs4ZABQ1SQ\"]},{\"@type\":\"Person\",\"@id\":\"https:\/\/www.sonoraenequipo.com.mx\/#\/schema\/person\/61a39de478a1763473ad55e8a95fddf6\",\"name\":\"enequipo\",\"image\":{\"@type\":\"ImageObject\",\"inLanguage\":\"es\",\"@id\":\"https:\/\/www.sonoraenequipo.com.mx\/#\/schema\/person\/image\/\",\"url\":\"https:\/\/secure.gravatar.com\/avatar\/e39bc3016d8af598aed3d770c9510dfc2795f37ea1733d99fcc6e97d2c3c9f5e?s=96&d=blank&r=g\",\"contentUrl\":\"https:\/\/secure.gravatar.com\/avatar\/e39bc3016d8af598aed3d770c9510dfc2795f37ea1733d99fcc6e97d2c3c9f5e?s=96&d=blank&r=g\",\"caption\":\"enequipo\"}}]}<\/script>\n ","yoast_head_json":{"title":"Sonora en Equipo. Claudia Pavlovich: Listo\u00a0 Sonora para regreso a clases Sonora","description":"HERMOSILLO,SONORA.-\u00a0 Estamos listos para iniciar en Sonora el ciclo escolar 2019-2020, el lunes 26 de agosto y atender a 594 mil 856 alumnos de educaci\u00f3n En Sonora en Equipo publicamos toda la informaci\u00f3n de Sonora, M\u00e9xico y el Mundo de manera oportuna y busca que la libertad de expresi\u00f3n sea real. Visita nuestro medio informativo publicado desde Hermosillo, Sonora. %","robots":{"index":"index","follow":"follow","max-snippet":"max-snippet:-1","max-image-preview":"max-image-preview:large","max-video-preview":"max-video-preview:-1"},"canonical":"https:\/\/www.sonoraenequipo.com.mx\/claudia-pavlovich-listo-sonora-para-regreso-a-clases\/","og_locale":"es_ES","og_type":"article","og_title":"Sonora en Equipo. Claudia Pavlovich: Listo\u00a0 Sonora para regreso a clases Sonora","og_description":"HERMOSILLO,SONORA.-\u00a0 Estamos listos para iniciar en Sonora el ciclo escolar 2019-2020, el lunes 26 de agosto y atender a 594 mil 856 alumnos de educaci\u00f3n En Sonora en Equipo publicamos toda la informaci\u00f3n de Sonora, M\u00e9xico y el Mundo de manera oportuna y busca que la libertad de expresi\u00f3n sea real. Visita nuestro medio informativo publicado desde Hermosillo, Sonora. %","og_url":"https:\/\/www.sonoraenequipo.com.mx\/claudia-pavlovich-listo-sonora-para-regreso-a-clases\/","og_site_name":"Sonora en Equipo.","article_publisher":"https:\/\/www.facebook.com\/SonoraEE\/","article_published_time":"2019-08-22T04:47:04+00:00","og_image":[{"width":500,"height":333,"url":"https:\/\/www.sonoraenequipo.com.mx\/storage\/2019\/08\/ciclo.jpg","type":"image\/jpeg"}],"author":"enequipo","twitter_card":"summary_large_image","twitter_creator":"@sonoraenequipo","twitter_site":"@sonoraenequipo","twitter_misc":{"Escrito por":"enequipo","Tiempo de lectura":"2 minutos"},"schema":{"@context":"https:\/\/schema.org","@graph":[{"@type":"Article","@id":"https:\/\/www.sonoraenequipo.com.mx\/claudia-pavlovich-listo-sonora-para-regreso-a-clases\/#article","isPartOf":{"@id":"https:\/\/www.sonoraenequipo.com.mx\/claudia-pavlovich-listo-sonora-para-regreso-a-clases\/"},"author":{"name":"enequipo","@id":"https:\/\/www.sonoraenequipo.com.mx\/#\/schema\/person\/61a39de478a1763473ad55e8a95fddf6"},"headline":"Claudia Pavlovich: Listo\u00a0 Sonora para regreso a clases","datePublished":"2019-08-22T04:47:04+00:00","mainEntityOfPage":{"@id":"https:\/\/www.sonoraenequipo.com.mx\/claudia-pavlovich-listo-sonora-para-regreso-a-clases\/"},"wordCount":482,"commentCount":0,"publisher":{"@id":"https:\/\/www.sonoraenequipo.com.mx\/#organization"},"image":{"@id":"https:\/\/www.sonoraenequipo.com.mx\/claudia-pavlovich-listo-sonora-para-regreso-a-clases\/#primaryimage"},"thumbnailUrl":"https:\/\/www.sonoraenequipo.com.mx\/storage\/2019\/08\/ciclo.jpg","keywords":["claudia pavlovich"],"articleSection":["Sonora"],"inLanguage":"es","potentialAction":[{"@type":"CommentAction","name":"Comment","target":["https:\/\/www.sonoraenequipo.com.mx\/claudia-pavlovich-listo-sonora-para-regreso-a-clases\/#respond"]}]},{"@type":"WebPage","@id":"https:\/\/www.sonoraenequipo.com.mx\/claudia-pavlovich-listo-sonora-para-regreso-a-clases\/","url":"https:\/\/www.sonoraenequipo.com.mx\/claudia-pavlovich-listo-sonora-para-regreso-a-clases\/","name":"Sonora en Equipo. Claudia Pavlovich: Listo\u00a0 Sonora para regreso a clases Sonora","isPartOf":{"@id":"https:\/\/www.sonoraenequipo.com.mx\/#website"},"primaryImageOfPage":{"@id":"https:\/\/www.sonoraenequipo.com.mx\/claudia-pavlovich-listo-sonora-para-regreso-a-clases\/#primaryimage"},"image":{"@id":"https:\/\/www.sonoraenequipo.com.mx\/claudia-pavlovich-listo-sonora-para-regreso-a-clases\/#primaryimage"},"thumbnailUrl":"https:\/\/www.sonoraenequipo.com.mx\/storage\/2019\/08\/ciclo.jpg","datePublished":"2019-08-22T04:47:04+00:00","description":"HERMOSILLO,SONORA.-\u00a0 Estamos listos para iniciar en Sonora el ciclo escolar 2019-2020, el lunes 26 de agosto y atender a 594 mil 856 alumnos de educaci\u00f3n En Sonora en Equipo publicamos toda la informaci\u00f3n de Sonora, M\u00e9xico y el Mundo de manera oportuna y busca que la libertad de expresi\u00f3n sea real. Visita nuestro medio informativo publicado desde Hermosillo, Sonora. %","breadcrumb":{"@id":"https:\/\/www.sonoraenequipo.com.mx\/claudia-pavlovich-listo-sonora-para-regreso-a-clases\/#breadcrumb"},"inLanguage":"es","potentialAction":[{"@type":"ReadAction","target":["https:\/\/www.sonoraenequipo.com.mx\/claudia-pavlovich-listo-sonora-para-regreso-a-clases\/"]}]},{"@type":"ImageObject","inLanguage":"es","@id":"https:\/\/www.sonoraenequipo.com.mx\/claudia-pavlovich-listo-sonora-para-regreso-a-clases\/#primaryimage","url":"https:\/\/www.sonoraenequipo.com.mx\/storage\/2019\/08\/ciclo.jpg","contentUrl":"https:\/\/www.sonoraenequipo.com.mx\/storage\/2019\/08\/ciclo.jpg","width":500,"height":333},{"@type":"BreadcrumbList","@id":"https:\/\/www.sonoraenequipo.com.mx\/claudia-pavlovich-listo-sonora-para-regreso-a-clases\/#breadcrumb","itemListElement":[{"@type":"ListItem","position":1,"name":"Portada","item":"https:\/\/www.sonoraenequipo.com.mx\/"},{"@type":"ListItem","position":2,"name":"Claudia Pavlovich: Listo\u00a0 Sonora para regreso a clases"}]},{"@type":"WebSite","@id":"https:\/\/www.sonoraenequipo.com.mx\/#website","url":"https:\/\/www.sonoraenequipo.com.mx\/","name":"Sonora en Equipo.","description":"Diario en l\u00ednea con Noticias desde Hermosillo, Sonora","publisher":{"@id":"https:\/\/www.sonoraenequipo.com.mx\/#organization"},"potentialAction":[{"@type":"SearchAction","target":{"@type":"EntryPoint","urlTemplate":"https:\/\/www.sonoraenequipo.com.mx\/?s={search_term_string}"},"query-input":{"@type":"PropertyValueSpecification","valueRequired":true,"valueName":"search_term_string"}}],"inLanguage":"es"},{"@type":"Organization","@id":"https:\/\/www.sonoraenequipo.com.mx\/#organization","name":"Sonoraenequipo.com.mx","url":"https:\/\/www.sonoraenequipo.com.mx\/","logo":{"@type":"ImageObject","inLanguage":"es","@id":"https:\/\/www.sonoraenequipo.com.mx\/#\/schema\/logo\/image\/","url":"https:\/\/www.sonoraenequipo.com.mx\/storage\/2019\/01\/sonoraenequipo_opt.png","contentUrl":"https:\/\/www.sonoraenequipo.com.mx\/storage\/2019\/01\/sonoraenequipo_opt.png","width":375,"height":125,"caption":"Sonoraenequipo.com.mx"},"image":{"@id":"https:\/\/www.sonoraenequipo.com.mx\/#\/schema\/logo\/image\/"},"sameAs":["https:\/\/www.facebook.com\/SonoraEE\/","https:\/\/x.com\/sonoraenequipo","https:\/\/www.youtube.com\/channel\/UC338nW-lPEYmJQs4ZABQ1SQ"]},{"@type":"Person","@id":"https:\/\/www.sonoraenequipo.com.mx\/#\/schema\/person\/61a39de478a1763473ad55e8a95fddf6","name":"enequipo","image":{"@type":"ImageObject","inLanguage":"es","@id":"https:\/\/www.sonoraenequipo.com.mx\/#\/schema\/person\/image\/","url":"https:\/\/secure.gravatar.com\/avatar\/e39bc3016d8af598aed3d770c9510dfc2795f37ea1733d99fcc6e97d2c3c9f5e?s=96&d=blank&r=g","contentUrl":"https:\/\/secure.gravatar.com\/avatar\/e39bc3016d8af598aed3d770c9510dfc2795f37ea1733d99fcc6e97d2c3c9f5e?s=96&d=blank&r=g","caption":"enequipo"}}]}},"jetpack_featured_media_url":"https:\/\/www.sonoraenequipo.com.mx\/storage\/2019\/08\/ciclo.jpg","_links":{"self":[{"href":"https:\/\/www.sonoraenequipo.com.mx\/api\/wp\/v2\/posts\/65973","targetHints":{"allow":["GET"]}}],"collection":[{"href":"https:\/\/www.sonoraenequipo.com.mx\/api\/wp\/v2\/posts"}],"about":[{"href":"https:\/\/www.sonoraenequipo.com.mx\/api\/wp\/v2\/types\/post"}],"author":[{"embeddable":true,"href":"https:\/\/www.sonoraenequipo.com.mx\/api\/wp\/v2\/users\/178"}],"replies":[{"embeddable":true,"href":"https:\/\/www.sonoraenequipo.com.mx\/api\/wp\/v2\/comments?post=65973"}],"version-history":[{"count":0,"href":"https:\/\/www.sonoraenequipo.com.mx\/api\/wp\/v2\/posts\/65973\/revisions"}],"wp:featuredmedia":[{"embeddable":true,"href":"https:\/\/www.sonoraenequipo.com.mx\/api\/wp\/v2\/media\/65974"}],"wp:attachment":[{"href":"https:\/\/www.sonoraenequipo.com.mx\/api\/wp\/v2\/media?parent=65973"}],"wp:term":[{"taxonomy":"category","embeddable":true,"href":"https:\/\/www.sonoraenequipo.com.mx\/api\/wp\/v2\/categories?post=65973"},{"taxonomy":"post_tag","embeddable":true,"href":"https:\/\/www.sonoraenequipo.com.mx\/api\/wp\/v2\/tags?post=65973"}],"curies":[{"name":"wp","href":"https:\/\/api.w.org\/{rel}","templated":true}]}}