{"id":65976,"date":"2019-08-21T23:01:56","date_gmt":"2019-08-22T06:01:56","guid":{"rendered":"https:\/\/www.sonoraenequipo.com.mx\/?p=65976"},"modified":"2019-08-21T23:01:56","modified_gmt":"2019-08-22T06:01:56","slug":"tormenta-tropical-ivo-podria-convertirse-en-huracan-nhc","status":"publish","type":"post","link":"https:\/\/www.sonoraenequipo.com.mx\/tormenta-tropical-ivo-podria-convertirse-en-huracan-nhc\/","title":{"rendered":"Tormenta tropical Ivo podr\u00eda\u00a0 convertirse en \u00a0hurac\u00e1n: NHC"},"content":{"rendered":"<p>HERMOSILLO,SONORA.-\u00a0 Esta noche en su aviso p\u00fablico n\u00famero 3 de las 21 horas tiempo local, el Centro Nacional de Huracanes \u00a0(NHC)por sus siglas ingl\u00e9s \u00a0inform\u00f3 que la tormenta tropical Ivo en el Pac\u00edfico tiene vientos sostenidos de 85 kil\u00f3metros \u00a0por hora y se desplaza hacia el oeste noroeste a 30 kil\u00f3metros por hora de acuerdo al pron\u00f3stico del NHC Ivo\u00a0 podr\u00eda convertirse en hurac\u00e1n la noche del jueves o el viernes manteniendo su trayectoria hacia el noroeste. Sus vientos se extienden del centro hacia afuera en 75 kil\u00f3metros. <\/p>\n<p>Fecha de publicaci\u00f3n 21\/08\/2019<\/p>\n","protected":false},"excerpt":{"rendered":"<p>HERMOSILLO,SONORA.-\u00a0 Esta noche en su aviso p\u00fablico n\u00famero 3 de las 21 horas tiempo local,&#8230;<\/p>\n","protected":false},"author":178,"featured_media":65982,"comment_status":"open","ping_status":"open","sticky":false,"template":"","format":"standard","meta":{"_monsterinsights_skip_tracking":false,"_monsterinsights_sitenote_active":false,"_monsterinsights_sitenote_note":"","_monsterinsights_sitenote_category":0,"footnotes":""},"categories":[5],"tags":[3415,3373,3414],"class_list":["post"],"yoast_head":" \n<title>Sonora en Equipo. Tormenta tropical Ivo podr\u00eda\u00a0 convertirse en \u00a0hurac\u00e1n: NHC Rep\u00fablica<\/title>\n<meta name=\"description\" content=\"HERMOSILLO,SONORA.-\u00a0 Esta noche en su aviso p\u00fablico n\u00famero 3 de las 21 horas tiempo local, el Centro Nacional de Huracanes \u00a0(NHC)por sus siglas ingl\u00e9s En Sonora en Equipo publicamos toda la informaci\u00f3n de Sonora, M\u00e9xico y el Mundo de manera oportuna y busca que la libertad de expresi\u00f3n sea real. Visita nuestro medio informativo publicado desde Hermosillo, Sonora. %\" \/>\n<meta name=\"robots\" content=\"index, follow, max-snippet:-1, max-image-preview:large, max-video-preview:-1\" \/>\n<link rel=\"canonical\" href=\"https:\/\/www.sonoraenequipo.com.mx\/tormenta-tropical-ivo-podria-convertirse-en-huracan-nhc\/\" \/>\n<meta property=\"og:locale\" content=\"es_ES\" \/>\n<meta property=\"og:type\" content=\"article\" \/>\n<meta property=\"og:title\" content=\"Sonora en Equipo. Tormenta tropical Ivo podr\u00eda\u00a0 convertirse en \u00a0hurac\u00e1n: NHC Rep\u00fablica\" \/>\n<meta property=\"og:description\" content=\"HERMOSILLO,SONORA.-\u00a0 Esta noche en su aviso p\u00fablico n\u00famero 3 de las 21 horas tiempo local, el Centro Nacional de Huracanes \u00a0(NHC)por sus siglas ingl\u00e9s En Sonora en Equipo publicamos toda la informaci\u00f3n de Sonora, M\u00e9xico y el Mundo de manera oportuna y busca que la libertad de expresi\u00f3n sea real. Visita nuestro medio informativo publicado desde Hermosillo, Sonora. %\" \/>\n<meta property=\"og:url\" content=\"https:\/\/www.sonoraenequipo.com.mx\/tormenta-tropical-ivo-podria-convertirse-en-huracan-nhc\/\" \/>\n<meta property=\"og:site_name\" content=\"Sonora en Equipo.\" \/>\n<meta property=\"article:publisher\" content=\"https:\/\/www.facebook.com\/SonoraEE\/\" \/>\n<meta property=\"article:published_time\" content=\"2019-08-22T06:01:56+00:00\" \/>\n<meta property=\"og:image\" content=\"https:\/\/www.sonoraenequipo.com.mx\/storage\/2019\/08\/ivo.jpg\" \/>\n\t<meta property=\"og:image:width\" content=\"500\" \/>\n\t<meta property=\"og:image:height\" content=\"330\" \/>\n\t<meta property=\"og:image:type\" content=\"image\/jpeg\" \/>\n<meta name=\"author\" content=\"enequipo\" \/>\n<meta name=\"twitter:card\" content=\"summary_large_image\" \/>\n<meta name=\"twitter:creator\" content=\"@sonoraenequipo\" \/>\n<meta name=\"twitter:site\" content=\"@sonoraenequipo\" \/>\n<meta name=\"twitter:label1\" content=\"Escrito por\" \/>\n\t<meta name=\"twitter:data1\" content=\"enequipo\" \/>\n\t<meta name=\"twitter:label2\" content=\"Tiempo de lectura\" \/>\n\t<meta name=\"twitter:data2\" content=\"1 minuto\" \/>\n<script type=\"application\/ld+json\" class=\"yoast-schema-graph\">{\"@context\":\"https:\/\/schema.org\",\"@graph\":[{\"@type\":\"Article\",\"@id\":\"https:\/\/www.sonoraenequipo.com.mx\/tormenta-tropical-ivo-podria-convertirse-en-huracan-nhc\/#article\",\"isPartOf\":{\"@id\":\"https:\/\/www.sonoraenequipo.com.mx\/tormenta-tropical-ivo-podria-convertirse-en-huracan-nhc\/\"},\"author\":{\"name\":\"enequipo\",\"@id\":\"https:\/\/www.sonoraenequipo.com.mx\/#\/schema\/person\/61a39de478a1763473ad55e8a95fddf6\"},\"headline\":\"Tormenta tropical Ivo podr\u00eda\u00a0 convertirse en \u00a0hurac\u00e1n: NHC\",\"datePublished\":\"2019-08-22T06:01:56+00:00\",\"mainEntityOfPage\":{\"@id\":\"https:\/\/www.sonoraenequipo.com.mx\/tormenta-tropical-ivo-podria-convertirse-en-huracan-nhc\/\"},\"wordCount\":110,\"commentCount\":0,\"publisher\":{\"@id\":\"https:\/\/www.sonoraenequipo.com.mx\/#organization\"},\"image\":{\"@id\":\"https:\/\/www.sonoraenequipo.com.mx\/tormenta-tropical-ivo-podria-convertirse-en-huracan-nhc\/#primaryimage\"},\"thumbnailUrl\":\"https:\/\/www.sonoraenequipo.com.mx\/storage\/2019\/08\/ivo.jpg\",\"keywords\":[\"Ivo\",\"tormenta\",\"tropical\"],\"articleSection\":[\"Rep\u00fablica\"],\"inLanguage\":\"es\",\"potentialAction\":[{\"@type\":\"CommentAction\",\"name\":\"Comment\",\"target\":[\"https:\/\/www.sonoraenequipo.com.mx\/tormenta-tropical-ivo-podria-convertirse-en-huracan-nhc\/#respond\"]}]},{\"@type\":\"WebPage\",\"@id\":\"https:\/\/www.sonoraenequipo.com.mx\/tormenta-tropical-ivo-podria-convertirse-en-huracan-nhc\/\",\"url\":\"https:\/\/www.sonoraenequipo.com.mx\/tormenta-tropical-ivo-podria-convertirse-en-huracan-nhc\/\",\"name\":\"Sonora en Equipo. Tormenta tropical Ivo podr\u00eda\u00a0 convertirse en \u00a0hurac\u00e1n: NHC Rep\u00fablica\",\"isPartOf\":{\"@id\":\"https:\/\/www.sonoraenequipo.com.mx\/#website\"},\"primaryImageOfPage\":{\"@id\":\"https:\/\/www.sonoraenequipo.com.mx\/tormenta-tropical-ivo-podria-convertirse-en-huracan-nhc\/#primaryimage\"},\"image\":{\"@id\":\"https:\/\/www.sonoraenequipo.com.mx\/tormenta-tropical-ivo-podria-convertirse-en-huracan-nhc\/#primaryimage\"},\"thumbnailUrl\":\"https:\/\/www.sonoraenequipo.com.mx\/storage\/2019\/08\/ivo.jpg\",\"datePublished\":\"2019-08-22T06:01:56+00:00\",\"description\":\"HERMOSILLO,SONORA.-\u00a0 Esta noche en su aviso p\u00fablico n\u00famero 3 de las 21 horas tiempo local, el Centro Nacional de Huracanes \u00a0(NHC)por sus siglas ingl\u00e9s En Sonora en Equipo publicamos toda la informaci\u00f3n de Sonora, M\u00e9xico y el Mundo de manera oportuna y busca que la libertad de expresi\u00f3n sea real. Visita nuestro medio informativo publicado desde Hermosillo, Sonora. %\",\"breadcrumb\":{\"@id\":\"https:\/\/www.sonoraenequipo.com.mx\/tormenta-tropical-ivo-podria-convertirse-en-huracan-nhc\/#breadcrumb\"},\"inLanguage\":\"es\",\"potentialAction\":[{\"@type\":\"ReadAction\",\"target\":[\"https:\/\/www.sonoraenequipo.com.mx\/tormenta-tropical-ivo-podria-convertirse-en-huracan-nhc\/\"]}]},{\"@type\":\"ImageObject\",\"inLanguage\":\"es\",\"@id\":\"https:\/\/www.sonoraenequipo.com.mx\/tormenta-tropical-ivo-podria-convertirse-en-huracan-nhc\/#primaryimage\",\"url\":\"https:\/\/www.sonoraenequipo.com.mx\/storage\/2019\/08\/ivo.jpg\",\"contentUrl\":\"https:\/\/www.sonoraenequipo.com.mx\/storage\/2019\/08\/ivo.jpg\",\"width\":500,\"height\":330},{\"@type\":\"BreadcrumbList\",\"@id\":\"https:\/\/www.sonoraenequipo.com.mx\/tormenta-tropical-ivo-podria-convertirse-en-huracan-nhc\/#breadcrumb\",\"itemListElement\":[{\"@type\":\"ListItem\",\"position\":1,\"name\":\"Portada\",\"item\":\"https:\/\/www.sonoraenequipo.com.mx\/\"},{\"@type\":\"ListItem\",\"position\":2,\"name\":\"Tormenta tropical Ivo podr\u00eda\u00a0 convertirse en \u00a0hurac\u00e1n: NHC\"}]},{\"@type\":\"WebSite\",\"@id\":\"https:\/\/www.sonoraenequipo.com.mx\/#website\",\"url\":\"https:\/\/www.sonoraenequipo.com.mx\/\",\"name\":\"Sonora en Equipo.\",\"description\":\"Diario en l\u00ednea con Noticias desde Hermosillo, Sonora\",\"publisher\":{\"@id\":\"https:\/\/www.sonoraenequipo.com.mx\/#organization\"},\"potentialAction\":[{\"@type\":\"SearchAction\",\"target\":{\"@type\":\"EntryPoint\",\"urlTemplate\":\"https:\/\/www.sonoraenequipo.com.mx\/?s={search_term_string}\"},\"query-input\":{\"@type\":\"PropertyValueSpecification\",\"valueRequired\":true,\"valueName\":\"search_term_string\"}}],\"inLanguage\":\"es\"},{\"@type\":\"Organization\",\"@id\":\"https:\/\/www.sonoraenequipo.com.mx\/#organization\",\"name\":\"Sonoraenequipo.com.mx\",\"url\":\"https:\/\/www.sonoraenequipo.com.mx\/\",\"logo\":{\"@type\":\"ImageObject\",\"inLanguage\":\"es\",\"@id\":\"https:\/\/www.sonoraenequipo.com.mx\/#\/schema\/logo\/image\/\",\"url\":\"https:\/\/www.sonoraenequipo.com.mx\/storage\/2019\/01\/sonoraenequipo_opt.png\",\"contentUrl\":\"https:\/\/www.sonoraenequipo.com.mx\/storage\/2019\/01\/sonoraenequipo_opt.png\",\"width\":375,\"height\":125,\"caption\":\"Sonoraenequipo.com.mx\"},\"image\":{\"@id\":\"https:\/\/www.sonoraenequipo.com.mx\/#\/schema\/logo\/image\/\"},\"sameAs\":[\"https:\/\/www.facebook.com\/SonoraEE\/\",\"https:\/\/x.com\/sonoraenequipo\",\"https:\/\/www.youtube.com\/channel\/UC338nW-lPEYmJQs4ZABQ1SQ\"]},{\"@type\":\"Person\",\"@id\":\"https:\/\/www.sonoraenequipo.com.mx\/#\/schema\/person\/61a39de478a1763473ad55e8a95fddf6\",\"name\":\"enequipo\",\"image\":{\"@type\":\"ImageObject\",\"inLanguage\":\"es\",\"@id\":\"https:\/\/www.sonoraenequipo.com.mx\/#\/schema\/person\/image\/\",\"url\":\"https:\/\/secure.gravatar.com\/avatar\/e39bc3016d8af598aed3d770c9510dfc2795f37ea1733d99fcc6e97d2c3c9f5e?s=96&d=blank&r=g\",\"contentUrl\":\"https:\/\/secure.gravatar.com\/avatar\/e39bc3016d8af598aed3d770c9510dfc2795f37ea1733d99fcc6e97d2c3c9f5e?s=96&d=blank&r=g\",\"caption\":\"enequipo\"}}]}<\/script>\n ","yoast_head_json":{"title":"Sonora en Equipo. Tormenta tropical Ivo podr\u00eda\u00a0 convertirse en \u00a0hurac\u00e1n: NHC Rep\u00fablica","description":"HERMOSILLO,SONORA.-\u00a0 Esta noche en su aviso p\u00fablico n\u00famero 3 de las 21 horas tiempo local, el Centro Nacional de Huracanes \u00a0(NHC)por sus siglas ingl\u00e9s En Sonora en Equipo publicamos toda la informaci\u00f3n de Sonora, M\u00e9xico y el Mundo de manera oportuna y busca que la libertad de expresi\u00f3n sea real. Visita nuestro medio informativo publicado desde Hermosillo, Sonora. %","robots":{"index":"index","follow":"follow","max-snippet":"max-snippet:-1","max-image-preview":"max-image-preview:large","max-video-preview":"max-video-preview:-1"},"canonical":"https:\/\/www.sonoraenequipo.com.mx\/tormenta-tropical-ivo-podria-convertirse-en-huracan-nhc\/","og_locale":"es_ES","og_type":"article","og_title":"Sonora en Equipo. Tormenta tropical Ivo podr\u00eda\u00a0 convertirse en \u00a0hurac\u00e1n: NHC Rep\u00fablica","og_description":"HERMOSILLO,SONORA.-\u00a0 Esta noche en su aviso p\u00fablico n\u00famero 3 de las 21 horas tiempo local, el Centro Nacional de Huracanes \u00a0(NHC)por sus siglas ingl\u00e9s En Sonora en Equipo publicamos toda la informaci\u00f3n de Sonora, M\u00e9xico y el Mundo de manera oportuna y busca que la libertad de expresi\u00f3n sea real. Visita nuestro medio informativo publicado desde Hermosillo, Sonora. %","og_url":"https:\/\/www.sonoraenequipo.com.mx\/tormenta-tropical-ivo-podria-convertirse-en-huracan-nhc\/","og_site_name":"Sonora en Equipo.","article_publisher":"https:\/\/www.facebook.com\/SonoraEE\/","article_published_time":"2019-08-22T06:01:56+00:00","og_image":[{"width":500,"height":330,"url":"https:\/\/www.sonoraenequipo.com.mx\/storage\/2019\/08\/ivo.jpg","type":"image\/jpeg"}],"author":"enequipo","twitter_card":"summary_large_image","twitter_creator":"@sonoraenequipo","twitter_site":"@sonoraenequipo","twitter_misc":{"Escrito por":"enequipo","Tiempo de lectura":"1 minuto"},"schema":{"@context":"https:\/\/schema.org","@graph":[{"@type":"Article","@id":"https:\/\/www.sonoraenequipo.com.mx\/tormenta-tropical-ivo-podria-convertirse-en-huracan-nhc\/#article","isPartOf":{"@id":"https:\/\/www.sonoraenequipo.com.mx\/tormenta-tropical-ivo-podria-convertirse-en-huracan-nhc\/"},"author":{"name":"enequipo","@id":"https:\/\/www.sonoraenequipo.com.mx\/#\/schema\/person\/61a39de478a1763473ad55e8a95fddf6"},"headline":"Tormenta tropical Ivo podr\u00eda\u00a0 convertirse en \u00a0hurac\u00e1n: NHC","datePublished":"2019-08-22T06:01:56+00:00","mainEntityOfPage":{"@id":"https:\/\/www.sonoraenequipo.com.mx\/tormenta-tropical-ivo-podria-convertirse-en-huracan-nhc\/"},"wordCount":110,"commentCount":0,"publisher":{"@id":"https:\/\/www.sonoraenequipo.com.mx\/#organization"},"image":{"@id":"https:\/\/www.sonoraenequipo.com.mx\/tormenta-tropical-ivo-podria-convertirse-en-huracan-nhc\/#primaryimage"},"thumbnailUrl":"https:\/\/www.sonoraenequipo.com.mx\/storage\/2019\/08\/ivo.jpg","keywords":["Ivo","tormenta","tropical"],"articleSection":["Rep\u00fablica"],"inLanguage":"es","potentialAction":[{"@type":"CommentAction","name":"Comment","target":["https:\/\/www.sonoraenequipo.com.mx\/tormenta-tropical-ivo-podria-convertirse-en-huracan-nhc\/#respond"]}]},{"@type":"WebPage","@id":"https:\/\/www.sonoraenequipo.com.mx\/tormenta-tropical-ivo-podria-convertirse-en-huracan-nhc\/","url":"https:\/\/www.sonoraenequipo.com.mx\/tormenta-tropical-ivo-podria-convertirse-en-huracan-nhc\/","name":"Sonora en Equipo. Tormenta tropical Ivo podr\u00eda\u00a0 convertirse en \u00a0hurac\u00e1n: NHC Rep\u00fablica","isPartOf":{"@id":"https:\/\/www.sonoraenequipo.com.mx\/#website"},"primaryImageOfPage":{"@id":"https:\/\/www.sonoraenequipo.com.mx\/tormenta-tropical-ivo-podria-convertirse-en-huracan-nhc\/#primaryimage"},"image":{"@id":"https:\/\/www.sonoraenequipo.com.mx\/tormenta-tropical-ivo-podria-convertirse-en-huracan-nhc\/#primaryimage"},"thumbnailUrl":"https:\/\/www.sonoraenequipo.com.mx\/storage\/2019\/08\/ivo.jpg","datePublished":"2019-08-22T06:01:56+00:00","description":"HERMOSILLO,SONORA.-\u00a0 Esta noche en su aviso p\u00fablico n\u00famero 3 de las 21 horas tiempo local, el Centro Nacional de Huracanes \u00a0(NHC)por sus siglas ingl\u00e9s En Sonora en Equipo publicamos toda la informaci\u00f3n de Sonora, M\u00e9xico y el Mundo de manera oportuna y busca que la libertad de expresi\u00f3n sea real. Visita nuestro medio informativo publicado desde Hermosillo, Sonora. %","breadcrumb":{"@id":"https:\/\/www.sonoraenequipo.com.mx\/tormenta-tropical-ivo-podria-convertirse-en-huracan-nhc\/#breadcrumb"},"inLanguage":"es","potentialAction":[{"@type":"ReadAction","target":["https:\/\/www.sonoraenequipo.com.mx\/tormenta-tropical-ivo-podria-convertirse-en-huracan-nhc\/"]}]},{"@type":"ImageObject","inLanguage":"es","@id":"https:\/\/www.sonoraenequipo.com.mx\/tormenta-tropical-ivo-podria-convertirse-en-huracan-nhc\/#primaryimage","url":"https:\/\/www.sonoraenequipo.com.mx\/storage\/2019\/08\/ivo.jpg","contentUrl":"https:\/\/www.sonoraenequipo.com.mx\/storage\/2019\/08\/ivo.jpg","width":500,"height":330},{"@type":"BreadcrumbList","@id":"https:\/\/www.sonoraenequipo.com.mx\/tormenta-tropical-ivo-podria-convertirse-en-huracan-nhc\/#breadcrumb","itemListElement":[{"@type":"ListItem","position":1,"name":"Portada","item":"https:\/\/www.sonoraenequipo.com.mx\/"},{"@type":"ListItem","position":2,"name":"Tormenta tropical Ivo podr\u00eda\u00a0 convertirse en \u00a0hurac\u00e1n: NHC"}]},{"@type":"WebSite","@id":"https:\/\/www.sonoraenequipo.com.mx\/#website","url":"https:\/\/www.sonoraenequipo.com.mx\/","name":"Sonora en Equipo.","description":"Diario en l\u00ednea con Noticias desde Hermosillo, Sonora","publisher":{"@id":"https:\/\/www.sonoraenequipo.com.mx\/#organization"},"potentialAction":[{"@type":"SearchAction","target":{"@type":"EntryPoint","urlTemplate":"https:\/\/www.sonoraenequipo.com.mx\/?s={search_term_string}"},"query-input":{"@type":"PropertyValueSpecification","valueRequired":true,"valueName":"search_term_string"}}],"inLanguage":"es"},{"@type":"Organization","@id":"https:\/\/www.sonoraenequipo.com.mx\/#organization","name":"Sonoraenequipo.com.mx","url":"https:\/\/www.sonoraenequipo.com.mx\/","logo":{"@type":"ImageObject","inLanguage":"es","@id":"https:\/\/www.sonoraenequipo.com.mx\/#\/schema\/logo\/image\/","url":"https:\/\/www.sonoraenequipo.com.mx\/storage\/2019\/01\/sonoraenequipo_opt.png","contentUrl":"https:\/\/www.sonoraenequipo.com.mx\/storage\/2019\/01\/sonoraenequipo_opt.png","width":375,"height":125,"caption":"Sonoraenequipo.com.mx"},"image":{"@id":"https:\/\/www.sonoraenequipo.com.mx\/#\/schema\/logo\/image\/"},"sameAs":["https:\/\/www.facebook.com\/SonoraEE\/","https:\/\/x.com\/sonoraenequipo","https:\/\/www.youtube.com\/channel\/UC338nW-lPEYmJQs4ZABQ1SQ"]},{"@type":"Person","@id":"https:\/\/www.sonoraenequipo.com.mx\/#\/schema\/person\/61a39de478a1763473ad55e8a95fddf6","name":"enequipo","image":{"@type":"ImageObject","inLanguage":"es","@id":"https:\/\/www.sonoraenequipo.com.mx\/#\/schema\/person\/image\/","url":"https:\/\/secure.gravatar.com\/avatar\/e39bc3016d8af598aed3d770c9510dfc2795f37ea1733d99fcc6e97d2c3c9f5e?s=96&d=blank&r=g","contentUrl":"https:\/\/secure.gravatar.com\/avatar\/e39bc3016d8af598aed3d770c9510dfc2795f37ea1733d99fcc6e97d2c3c9f5e?s=96&d=blank&r=g","caption":"enequipo"}}]}},"jetpack_featured_media_url":"https:\/\/www.sonoraenequipo.com.mx\/storage\/2019\/08\/ivo.jpg","_links":{"self":[{"href":"https:\/\/www.sonoraenequipo.com.mx\/api\/wp\/v2\/posts\/65976","targetHints":{"allow":["GET"]}}],"collection":[{"href":"https:\/\/www.sonoraenequipo.com.mx\/api\/wp\/v2\/posts"}],"about":[{"href":"https:\/\/www.sonoraenequipo.com.mx\/api\/wp\/v2\/types\/post"}],"author":[{"embeddable":true,"href":"https:\/\/www.sonoraenequipo.com.mx\/api\/wp\/v2\/users\/178"}],"replies":[{"embeddable":true,"href":"https:\/\/www.sonoraenequipo.com.mx\/api\/wp\/v2\/comments?post=65976"}],"version-history":[{"count":0,"href":"https:\/\/www.sonoraenequipo.com.mx\/api\/wp\/v2\/posts\/65976\/revisions"}],"wp:featuredmedia":[{"embeddable":true,"href":"https:\/\/www.sonoraenequipo.com.mx\/api\/wp\/v2\/media\/65982"}],"wp:attachment":[{"href":"https:\/\/www.sonoraenequipo.com.mx\/api\/wp\/v2\/media?parent=65976"}],"wp:term":[{"taxonomy":"category","embeddable":true,"href":"https:\/\/www.sonoraenequipo.com.mx\/api\/wp\/v2\/categories?post=65976"},{"taxonomy":"post_tag","embeddable":true,"href":"https:\/\/www.sonoraenequipo.com.mx\/api\/wp\/v2\/tags?post=65976"}],"curies":[{"name":"wp","href":"https:\/\/api.w.org\/{rel}","templated":true}]}}