{"id":65995,"date":"2019-08-22T11:33:50","date_gmt":"2019-08-22T18:33:50","guid":{"rendered":"https:\/\/www.sonoraenequipo.com.mx\/?p=65995"},"modified":"2019-08-22T21:51:57","modified_gmt":"2019-08-23T04:51:57","slug":"carcel-en-tamaulipas-a-quien-provoque-accidentes-viales-por-uso-de-celular","status":"publish","type":"post","link":"https:\/\/www.sonoraenequipo.com.mx\/carcel-en-tamaulipas-a-quien-provoque-accidentes-viales-por-uso-de-celular\/","title":{"rendered":"C\u00e1rcel en Tamaulipas a quien provoque accidentes viales por uso de celular"},"content":{"rendered":"<p>CIUDAD VICTORIA TAMAULIPAS. MX. \u2014\u00a0 A partir del mi\u00e9rcoles 21 de agosto hay sanciones de 2 hasta 8 a\u00f1os de c\u00e1rcel para los conductores que participen en un accidente vial por el uso de un celular, o cualquier otrosistema de comunicacio\u0301n electro\u0301nica, o de radiocomunicacio\u0301n. <\/p>\n<p>De acuerdo al Peri\u00f3dico Oficial del Estado de Tamaulipas expone que la reforma a la fracci\u00f3n II y la adici\u00f3n de una fracci\u00f3n III, al art\u00edculo 318, del C\u00f3digo Penal para el Estado realizada por el Congreso de Tamaulipas, determina estas sanciones. Estudios revelan que los accidentes viales representan la primera causa de muerte entre ni\u00f1os y j\u00f3venes de 5 a 29 a\u00f1os y la segunda de discapacidad permanente.<\/p>\n<p>Por su parte, aseguradoras de autos refieren que nueve de cada 10 accidentes de tr\u00e1nsito ocurren por distracci\u00f3n del conductor al usar un celular.<\/p>\n<p><a href=\"https:\/\/www.milenio.com\/policia\/carcel-en-tamaulipas-a-quienes-provoquen-accidentes-por-uso-de-celular\">https:\/\/www.milenio.com\/policia\/carcel-en-tamaulipas-a-quienes-provoquen-accidentes-por-uso-de-celular<\/a><\/p>\n","protected":false},"excerpt":{"rendered":"<p>CIUDAD VICTORIA TAMAULIPAS. MX. \u2014\u00a0 A partir del mi\u00e9rcoles 21 de agosto hay sanciones de&#8230;<\/p>\n","protected":false},"author":178,"featured_media":0,"comment_status":"open","ping_status":"open","sticky":false,"template":"","format":"standard","meta":{"_monsterinsights_skip_tracking":false,"_monsterinsights_sitenote_active":false,"_monsterinsights_sitenote_note":"","_monsterinsights_sitenote_category":0,"footnotes":""},"categories":[5],"tags":[2398],"class_list":["post"],"yoast_head":" \n<title>Sonora en Equipo. C\u00e1rcel en Tamaulipas a quien provoque accidentes viales por uso de celular Rep\u00fablica<\/title>\n<meta name=\"description\" content=\"CIUDAD VICTORIA TAMAULIPAS. MX. \u2014\u00a0 A partir del mi\u00e9rcoles 21 de agosto hay sanciones de 2 hasta 8 a\u00f1os de c\u00e1rcel para los conductores que participen en un En Sonora en Equipo publicamos toda la informaci\u00f3n de Sonora, M\u00e9xico y el Mundo de manera oportuna y busca que la libertad de expresi\u00f3n sea real. Visita nuestro medio informativo publicado desde Hermosillo, Sonora. %\" \/>\n<meta name=\"robots\" content=\"index, follow, max-snippet:-1, max-image-preview:large, max-video-preview:-1\" \/>\n<link rel=\"canonical\" href=\"https:\/\/www.sonoraenequipo.com.mx\/carcel-en-tamaulipas-a-quien-provoque-accidentes-viales-por-uso-de-celular\/\" \/>\n<meta property=\"og:locale\" content=\"es_ES\" \/>\n<meta property=\"og:type\" content=\"article\" \/>\n<meta property=\"og:title\" content=\"Sonora en Equipo. C\u00e1rcel en Tamaulipas a quien provoque accidentes viales por uso de celular Rep\u00fablica\" \/>\n<meta property=\"og:description\" content=\"CIUDAD VICTORIA TAMAULIPAS. MX. \u2014\u00a0 A partir del mi\u00e9rcoles 21 de agosto hay sanciones de 2 hasta 8 a\u00f1os de c\u00e1rcel para los conductores que participen en un En Sonora en Equipo publicamos toda la informaci\u00f3n de Sonora, M\u00e9xico y el Mundo de manera oportuna y busca que la libertad de expresi\u00f3n sea real. Visita nuestro medio informativo publicado desde Hermosillo, Sonora. %\" \/>\n<meta property=\"og:url\" content=\"https:\/\/www.sonoraenequipo.com.mx\/carcel-en-tamaulipas-a-quien-provoque-accidentes-viales-por-uso-de-celular\/\" \/>\n<meta property=\"og:site_name\" content=\"Sonora en Equipo.\" \/>\n<meta property=\"article:publisher\" content=\"https:\/\/www.facebook.com\/SonoraEE\/\" \/>\n<meta property=\"article:published_time\" content=\"2019-08-22T18:33:50+00:00\" \/>\n<meta property=\"article:modified_time\" content=\"2019-08-23T04:51:57+00:00\" \/>\n<meta name=\"author\" content=\"enequipo\" \/>\n<meta name=\"twitter:card\" content=\"summary_large_image\" \/>\n<meta name=\"twitter:creator\" content=\"@sonoraenequipo\" \/>\n<meta name=\"twitter:site\" content=\"@sonoraenequipo\" \/>\n<meta name=\"twitter:label1\" content=\"Escrito por\" \/>\n\t<meta name=\"twitter:data1\" content=\"enequipo\" \/>\n\t<meta name=\"twitter:label2\" content=\"Tiempo de lectura\" \/>\n\t<meta name=\"twitter:data2\" content=\"1 minuto\" \/>\n<script type=\"application\/ld+json\" class=\"yoast-schema-graph\">{\"@context\":\"https:\/\/schema.org\",\"@graph\":[{\"@type\":\"Article\",\"@id\":\"https:\/\/www.sonoraenequipo.com.mx\/carcel-en-tamaulipas-a-quien-provoque-accidentes-viales-por-uso-de-celular\/#article\",\"isPartOf\":{\"@id\":\"https:\/\/www.sonoraenequipo.com.mx\/carcel-en-tamaulipas-a-quien-provoque-accidentes-viales-por-uso-de-celular\/\"},\"author\":{\"name\":\"enequipo\",\"@id\":\"https:\/\/www.sonoraenequipo.com.mx\/#\/schema\/person\/61a39de478a1763473ad55e8a95fddf6\"},\"headline\":\"C\u00e1rcel en Tamaulipas a quien provoque accidentes viales por uso de celular\",\"datePublished\":\"2019-08-22T18:33:50+00:00\",\"dateModified\":\"2019-08-23T04:51:57+00:00\",\"mainEntityOfPage\":{\"@id\":\"https:\/\/www.sonoraenequipo.com.mx\/carcel-en-tamaulipas-a-quien-provoque-accidentes-viales-por-uso-de-celular\/\"},\"wordCount\":166,\"commentCount\":0,\"publisher\":{\"@id\":\"https:\/\/www.sonoraenequipo.com.mx\/#organization\"},\"keywords\":[\"Tamaulipas\"],\"articleSection\":[\"Rep\u00fablica\"],\"inLanguage\":\"es\",\"potentialAction\":[{\"@type\":\"CommentAction\",\"name\":\"Comment\",\"target\":[\"https:\/\/www.sonoraenequipo.com.mx\/carcel-en-tamaulipas-a-quien-provoque-accidentes-viales-por-uso-de-celular\/#respond\"]}]},{\"@type\":\"WebPage\",\"@id\":\"https:\/\/www.sonoraenequipo.com.mx\/carcel-en-tamaulipas-a-quien-provoque-accidentes-viales-por-uso-de-celular\/\",\"url\":\"https:\/\/www.sonoraenequipo.com.mx\/carcel-en-tamaulipas-a-quien-provoque-accidentes-viales-por-uso-de-celular\/\",\"name\":\"Sonora en Equipo. C\u00e1rcel en Tamaulipas a quien provoque accidentes viales por uso de celular Rep\u00fablica\",\"isPartOf\":{\"@id\":\"https:\/\/www.sonoraenequipo.com.mx\/#website\"},\"datePublished\":\"2019-08-22T18:33:50+00:00\",\"dateModified\":\"2019-08-23T04:51:57+00:00\",\"description\":\"CIUDAD VICTORIA TAMAULIPAS. MX. \u2014\u00a0 A partir del mi\u00e9rcoles 21 de agosto hay sanciones de 2 hasta 8 a\u00f1os de c\u00e1rcel para los conductores que participen en un En Sonora en Equipo publicamos toda la informaci\u00f3n de Sonora, M\u00e9xico y el Mundo de manera oportuna y busca que la libertad de expresi\u00f3n sea real. Visita nuestro medio informativo publicado desde Hermosillo, Sonora. %\",\"breadcrumb\":{\"@id\":\"https:\/\/www.sonoraenequipo.com.mx\/carcel-en-tamaulipas-a-quien-provoque-accidentes-viales-por-uso-de-celular\/#breadcrumb\"},\"inLanguage\":\"es\",\"potentialAction\":[{\"@type\":\"ReadAction\",\"target\":[\"https:\/\/www.sonoraenequipo.com.mx\/carcel-en-tamaulipas-a-quien-provoque-accidentes-viales-por-uso-de-celular\/\"]}]},{\"@type\":\"BreadcrumbList\",\"@id\":\"https:\/\/www.sonoraenequipo.com.mx\/carcel-en-tamaulipas-a-quien-provoque-accidentes-viales-por-uso-de-celular\/#breadcrumb\",\"itemListElement\":[{\"@type\":\"ListItem\",\"position\":1,\"name\":\"Portada\",\"item\":\"https:\/\/www.sonoraenequipo.com.mx\/\"},{\"@type\":\"ListItem\",\"position\":2,\"name\":\"C\u00e1rcel en Tamaulipas a quien provoque accidentes viales por uso de celular\"}]},{\"@type\":\"WebSite\",\"@id\":\"https:\/\/www.sonoraenequipo.com.mx\/#website\",\"url\":\"https:\/\/www.sonoraenequipo.com.mx\/\",\"name\":\"Sonora en Equipo.\",\"description\":\"Diario en l\u00ednea con Noticias desde Hermosillo, Sonora\",\"publisher\":{\"@id\":\"https:\/\/www.sonoraenequipo.com.mx\/#organization\"},\"potentialAction\":[{\"@type\":\"SearchAction\",\"target\":{\"@type\":\"EntryPoint\",\"urlTemplate\":\"https:\/\/www.sonoraenequipo.com.mx\/?s={search_term_string}\"},\"query-input\":{\"@type\":\"PropertyValueSpecification\",\"valueRequired\":true,\"valueName\":\"search_term_string\"}}],\"inLanguage\":\"es\"},{\"@type\":\"Organization\",\"@id\":\"https:\/\/www.sonoraenequipo.com.mx\/#organization\",\"name\":\"Sonoraenequipo.com.mx\",\"url\":\"https:\/\/www.sonoraenequipo.com.mx\/\",\"logo\":{\"@type\":\"ImageObject\",\"inLanguage\":\"es\",\"@id\":\"https:\/\/www.sonoraenequipo.com.mx\/#\/schema\/logo\/image\/\",\"url\":\"https:\/\/www.sonoraenequipo.com.mx\/storage\/2019\/01\/sonoraenequipo_opt.png\",\"contentUrl\":\"https:\/\/www.sonoraenequipo.com.mx\/storage\/2019\/01\/sonoraenequipo_opt.png\",\"width\":375,\"height\":125,\"caption\":\"Sonoraenequipo.com.mx\"},\"image\":{\"@id\":\"https:\/\/www.sonoraenequipo.com.mx\/#\/schema\/logo\/image\/\"},\"sameAs\":[\"https:\/\/www.facebook.com\/SonoraEE\/\",\"https:\/\/x.com\/sonoraenequipo\",\"https:\/\/www.youtube.com\/channel\/UC338nW-lPEYmJQs4ZABQ1SQ\"]},{\"@type\":\"Person\",\"@id\":\"https:\/\/www.sonoraenequipo.com.mx\/#\/schema\/person\/61a39de478a1763473ad55e8a95fddf6\",\"name\":\"enequipo\",\"image\":{\"@type\":\"ImageObject\",\"inLanguage\":\"es\",\"@id\":\"https:\/\/www.sonoraenequipo.com.mx\/#\/schema\/person\/image\/\",\"url\":\"https:\/\/secure.gravatar.com\/avatar\/e39bc3016d8af598aed3d770c9510dfc2795f37ea1733d99fcc6e97d2c3c9f5e?s=96&d=blank&r=g\",\"contentUrl\":\"https:\/\/secure.gravatar.com\/avatar\/e39bc3016d8af598aed3d770c9510dfc2795f37ea1733d99fcc6e97d2c3c9f5e?s=96&d=blank&r=g\",\"caption\":\"enequipo\"}}]}<\/script>\n ","yoast_head_json":{"title":"Sonora en Equipo. C\u00e1rcel en Tamaulipas a quien provoque accidentes viales por uso de celular Rep\u00fablica","description":"CIUDAD VICTORIA TAMAULIPAS. MX. \u2014\u00a0 A partir del mi\u00e9rcoles 21 de agosto hay sanciones de 2 hasta 8 a\u00f1os de c\u00e1rcel para los conductores que participen en un En Sonora en Equipo publicamos toda la informaci\u00f3n de Sonora, M\u00e9xico y el Mundo de manera oportuna y busca que la libertad de expresi\u00f3n sea real. Visita nuestro medio informativo publicado desde Hermosillo, Sonora. %","robots":{"index":"index","follow":"follow","max-snippet":"max-snippet:-1","max-image-preview":"max-image-preview:large","max-video-preview":"max-video-preview:-1"},"canonical":"https:\/\/www.sonoraenequipo.com.mx\/carcel-en-tamaulipas-a-quien-provoque-accidentes-viales-por-uso-de-celular\/","og_locale":"es_ES","og_type":"article","og_title":"Sonora en Equipo. C\u00e1rcel en Tamaulipas a quien provoque accidentes viales por uso de celular Rep\u00fablica","og_description":"CIUDAD VICTORIA TAMAULIPAS. MX. \u2014\u00a0 A partir del mi\u00e9rcoles 21 de agosto hay sanciones de 2 hasta 8 a\u00f1os de c\u00e1rcel para los conductores que participen en un En Sonora en Equipo publicamos toda la informaci\u00f3n de Sonora, M\u00e9xico y el Mundo de manera oportuna y busca que la libertad de expresi\u00f3n sea real. Visita nuestro medio informativo publicado desde Hermosillo, Sonora. %","og_url":"https:\/\/www.sonoraenequipo.com.mx\/carcel-en-tamaulipas-a-quien-provoque-accidentes-viales-por-uso-de-celular\/","og_site_name":"Sonora en Equipo.","article_publisher":"https:\/\/www.facebook.com\/SonoraEE\/","article_published_time":"2019-08-22T18:33:50+00:00","article_modified_time":"2019-08-23T04:51:57+00:00","author":"enequipo","twitter_card":"summary_large_image","twitter_creator":"@sonoraenequipo","twitter_site":"@sonoraenequipo","twitter_misc":{"Escrito por":"enequipo","Tiempo de lectura":"1 minuto"},"schema":{"@context":"https:\/\/schema.org","@graph":[{"@type":"Article","@id":"https:\/\/www.sonoraenequipo.com.mx\/carcel-en-tamaulipas-a-quien-provoque-accidentes-viales-por-uso-de-celular\/#article","isPartOf":{"@id":"https:\/\/www.sonoraenequipo.com.mx\/carcel-en-tamaulipas-a-quien-provoque-accidentes-viales-por-uso-de-celular\/"},"author":{"name":"enequipo","@id":"https:\/\/www.sonoraenequipo.com.mx\/#\/schema\/person\/61a39de478a1763473ad55e8a95fddf6"},"headline":"C\u00e1rcel en Tamaulipas a quien provoque accidentes viales por uso de celular","datePublished":"2019-08-22T18:33:50+00:00","dateModified":"2019-08-23T04:51:57+00:00","mainEntityOfPage":{"@id":"https:\/\/www.sonoraenequipo.com.mx\/carcel-en-tamaulipas-a-quien-provoque-accidentes-viales-por-uso-de-celular\/"},"wordCount":166,"commentCount":0,"publisher":{"@id":"https:\/\/www.sonoraenequipo.com.mx\/#organization"},"keywords":["Tamaulipas"],"articleSection":["Rep\u00fablica"],"inLanguage":"es","potentialAction":[{"@type":"CommentAction","name":"Comment","target":["https:\/\/www.sonoraenequipo.com.mx\/carcel-en-tamaulipas-a-quien-provoque-accidentes-viales-por-uso-de-celular\/#respond"]}]},{"@type":"WebPage","@id":"https:\/\/www.sonoraenequipo.com.mx\/carcel-en-tamaulipas-a-quien-provoque-accidentes-viales-por-uso-de-celular\/","url":"https:\/\/www.sonoraenequipo.com.mx\/carcel-en-tamaulipas-a-quien-provoque-accidentes-viales-por-uso-de-celular\/","name":"Sonora en Equipo. C\u00e1rcel en Tamaulipas a quien provoque accidentes viales por uso de celular Rep\u00fablica","isPartOf":{"@id":"https:\/\/www.sonoraenequipo.com.mx\/#website"},"datePublished":"2019-08-22T18:33:50+00:00","dateModified":"2019-08-23T04:51:57+00:00","description":"CIUDAD VICTORIA TAMAULIPAS. MX. \u2014\u00a0 A partir del mi\u00e9rcoles 21 de agosto hay sanciones de 2 hasta 8 a\u00f1os de c\u00e1rcel para los conductores que participen en un En Sonora en Equipo publicamos toda la informaci\u00f3n de Sonora, M\u00e9xico y el Mundo de manera oportuna y busca que la libertad de expresi\u00f3n sea real. Visita nuestro medio informativo publicado desde Hermosillo, Sonora. %","breadcrumb":{"@id":"https:\/\/www.sonoraenequipo.com.mx\/carcel-en-tamaulipas-a-quien-provoque-accidentes-viales-por-uso-de-celular\/#breadcrumb"},"inLanguage":"es","potentialAction":[{"@type":"ReadAction","target":["https:\/\/www.sonoraenequipo.com.mx\/carcel-en-tamaulipas-a-quien-provoque-accidentes-viales-por-uso-de-celular\/"]}]},{"@type":"BreadcrumbList","@id":"https:\/\/www.sonoraenequipo.com.mx\/carcel-en-tamaulipas-a-quien-provoque-accidentes-viales-por-uso-de-celular\/#breadcrumb","itemListElement":[{"@type":"ListItem","position":1,"name":"Portada","item":"https:\/\/www.sonoraenequipo.com.mx\/"},{"@type":"ListItem","position":2,"name":"C\u00e1rcel en Tamaulipas a quien provoque accidentes viales por uso de celular"}]},{"@type":"WebSite","@id":"https:\/\/www.sonoraenequipo.com.mx\/#website","url":"https:\/\/www.sonoraenequipo.com.mx\/","name":"Sonora en Equipo.","description":"Diario en l\u00ednea con Noticias desde Hermosillo, Sonora","publisher":{"@id":"https:\/\/www.sonoraenequipo.com.mx\/#organization"},"potentialAction":[{"@type":"SearchAction","target":{"@type":"EntryPoint","urlTemplate":"https:\/\/www.sonoraenequipo.com.mx\/?s={search_term_string}"},"query-input":{"@type":"PropertyValueSpecification","valueRequired":true,"valueName":"search_term_string"}}],"inLanguage":"es"},{"@type":"Organization","@id":"https:\/\/www.sonoraenequipo.com.mx\/#organization","name":"Sonoraenequipo.com.mx","url":"https:\/\/www.sonoraenequipo.com.mx\/","logo":{"@type":"ImageObject","inLanguage":"es","@id":"https:\/\/www.sonoraenequipo.com.mx\/#\/schema\/logo\/image\/","url":"https:\/\/www.sonoraenequipo.com.mx\/storage\/2019\/01\/sonoraenequipo_opt.png","contentUrl":"https:\/\/www.sonoraenequipo.com.mx\/storage\/2019\/01\/sonoraenequipo_opt.png","width":375,"height":125,"caption":"Sonoraenequipo.com.mx"},"image":{"@id":"https:\/\/www.sonoraenequipo.com.mx\/#\/schema\/logo\/image\/"},"sameAs":["https:\/\/www.facebook.com\/SonoraEE\/","https:\/\/x.com\/sonoraenequipo","https:\/\/www.youtube.com\/channel\/UC338nW-lPEYmJQs4ZABQ1SQ"]},{"@type":"Person","@id":"https:\/\/www.sonoraenequipo.com.mx\/#\/schema\/person\/61a39de478a1763473ad55e8a95fddf6","name":"enequipo","image":{"@type":"ImageObject","inLanguage":"es","@id":"https:\/\/www.sonoraenequipo.com.mx\/#\/schema\/person\/image\/","url":"https:\/\/secure.gravatar.com\/avatar\/e39bc3016d8af598aed3d770c9510dfc2795f37ea1733d99fcc6e97d2c3c9f5e?s=96&d=blank&r=g","contentUrl":"https:\/\/secure.gravatar.com\/avatar\/e39bc3016d8af598aed3d770c9510dfc2795f37ea1733d99fcc6e97d2c3c9f5e?s=96&d=blank&r=g","caption":"enequipo"}}]}},"jetpack_featured_media_url":"","_links":{"self":[{"href":"https:\/\/www.sonoraenequipo.com.mx\/api\/wp\/v2\/posts\/65995","targetHints":{"allow":["GET"]}}],"collection":[{"href":"https:\/\/www.sonoraenequipo.com.mx\/api\/wp\/v2\/posts"}],"about":[{"href":"https:\/\/www.sonoraenequipo.com.mx\/api\/wp\/v2\/types\/post"}],"author":[{"embeddable":true,"href":"https:\/\/www.sonoraenequipo.com.mx\/api\/wp\/v2\/users\/178"}],"replies":[{"embeddable":true,"href":"https:\/\/www.sonoraenequipo.com.mx\/api\/wp\/v2\/comments?post=65995"}],"version-history":[{"count":0,"href":"https:\/\/www.sonoraenequipo.com.mx\/api\/wp\/v2\/posts\/65995\/revisions"}],"wp:attachment":[{"href":"https:\/\/www.sonoraenequipo.com.mx\/api\/wp\/v2\/media?parent=65995"}],"wp:term":[{"taxonomy":"category","embeddable":true,"href":"https:\/\/www.sonoraenequipo.com.mx\/api\/wp\/v2\/categories?post=65995"},{"taxonomy":"post_tag","embeddable":true,"href":"https:\/\/www.sonoraenequipo.com.mx\/api\/wp\/v2\/tags?post=65995"}],"curies":[{"name":"wp","href":"https:\/\/api.w.org\/{rel}","templated":true}]}}