{"id":66049,"date":"2019-08-23T12:26:01","date_gmt":"2019-08-23T19:26:01","guid":{"rendered":"https:\/\/www.sonoraenequipo.com.mx\/?p=66049"},"modified":"2019-08-23T12:26:01","modified_gmt":"2019-08-23T19:26:01","slug":"ivo-provocaria-lluvias-intensas-para-baja-california-sur-sonora-y-sinaloa","status":"publish","type":"post","link":"https:\/\/www.sonoraenequipo.com.mx\/ivo-provocaria-lluvias-intensas-para-baja-california-sur-sonora-y-sinaloa\/","title":{"rendered":"Ivo provocar\u00eda \u00a0lluvias intensas para Baja California Sur, Sonora y Sinaloa"},"content":{"rendered":"<p>CIUDAD DE M\u00c9XICO.- Se estima viento con rachas superiores a 70 km\/h, oleaje de 3 a 5 metros y posibles trombas marinas en costas de Baja California Sur. <\/p>\n<p>Imagen satelital de la rep\u00fablica mexicana que muestra la nubosidad y temperatura en estados del territorio nacional.<\/p>\n<p>Hoy se prev\u00e9n lluvias intensas en Baja California Sur, Sonora y Sinaloa; muy fuertes en Chihuahua, Durango, Zacatecas, Nayarit, Michoac\u00e1n, Veracruz y Puebla; fuertes en Coahuila, Jalisco, Aguascalientes, Guanajuato, Quer\u00e9taro, Hidalgo, Tlaxcala, Estado de M\u00e9xico, Ciudad de M\u00e9xico, Morelos, Guerrero, Oaxaca y Chiapas; intervalos de chubascos en Baja California, Nuevo Le\u00f3n, Tamaulipas, San Luis Potos\u00ed y Colima, y lluvias aisladas en Tabasco, Campeche, Yucat\u00e1n y Quintana Roo. Las precipitaciones podr\u00edan ser con descargas el\u00e9ctricas y posible granizo.<\/p>\n<p>Viento con rachas superiores a 70 kil\u00f3metros por hora (km\/h), oleaje de 3 a 5 metros (m) y posibles trombas marinas, se pronostican para costas de Baja California Sur, viento con rachas superiores a 50 km\/h en zonas de Sonora y Chihuahua, as\u00ed como viento con rachas superiores a 50 km\/h, oleaje de 1 a 3 m y posibles trombas marinas en costas de Sinaloa, Nayarit, Jalisco y el Mar de Cort\u00e9s.<\/p>\n<p>La tormenta tropical Ivo, que continuar\u00e1 su desplazamiento al suroeste de Baja California Sur, y sus desprendimientos nubosos, que se combinar\u00e1n con canales de baja presi\u00f3n, uno sobre la Pen\u00ednsula de Baja California y otro desde el noroeste hasta el centro de M\u00e9xico, y la Onda Tropical N\u00famero 31, que se extender\u00e1 al sur de Michoac\u00e1n y Colima, originar\u00e1n las condiciones mencionadas.<\/p>\n<p>se estiman temperaturas de 40 a 45 grados Celsius en zonas de Baja California, Sonora, Chihuahua, Coahuila, Tamaulipas, Nuevo Le\u00f3n y San Luis Potos\u00ed, y de 35 a 40 grados Celsius en regiones de Baja California Sur, Michoac\u00e1n, Guerrero, Hidalgo, Veracruz, Tabasco, Campeche, Yucat\u00e1n y Quintana Roo.<\/p>\n<p>A las 04:00 horas, tiempo del centro de M\u00e9xico, la tormenta tropical Ivo se localiz\u00f3 a 735 kil\u00f3metros (km) al suroeste de Cabo San Lucas, Baja California Sur, y a 390 km al oeste-suroeste de Isla Socorro, Colima, con vientos m\u00e1ximos sostenidos de 95 km\/h, rachas de 110 km\/h y desplazamiento al nor-noroeste a 17 km\/h.<\/p>\n<p>Fecha de publicaci\u00f3n 23\/08\/2019 (Conagua)<\/p>\n","protected":false},"excerpt":{"rendered":"<p>CIUDAD DE M\u00c9XICO.- Se estima viento con rachas superiores a 70 km\/h, oleaje de 3&#8230;<\/p>\n","protected":false},"author":178,"featured_media":66050,"comment_status":"open","ping_status":"open","sticky":false,"template":"","format":"standard","meta":{"_monsterinsights_skip_tracking":false,"_monsterinsights_sitenote_active":false,"_monsterinsights_sitenote_note":"","_monsterinsights_sitenote_category":0,"footnotes":""},"categories":[5],"tags":[3415],"class_list":["post"],"yoast_head":" \n<title>Sonora en Equipo. Ivo provocar\u00eda \u00a0lluvias intensas para Baja California Sur, Sonora y Sinaloa Rep\u00fablica<\/title>\n<meta name=\"description\" content=\"CIUDAD DE M\u00c9XICO.- Se estima viento con rachas superiores a 70 km\/h, oleaje de 3 a 5 metros y posibles trombas marinas en costas de Baja California Sur. En Sonora en Equipo publicamos toda la informaci\u00f3n de Sonora, M\u00e9xico y el Mundo de manera oportuna y busca que la libertad de expresi\u00f3n sea real. Visita nuestro medio informativo publicado desde Hermosillo, Sonora. %\" \/>\n<meta name=\"robots\" content=\"index, follow, max-snippet:-1, max-image-preview:large, max-video-preview:-1\" \/>\n<link rel=\"canonical\" href=\"https:\/\/www.sonoraenequipo.com.mx\/ivo-provocaria-lluvias-intensas-para-baja-california-sur-sonora-y-sinaloa\/\" \/>\n<meta property=\"og:locale\" content=\"es_ES\" \/>\n<meta property=\"og:type\" content=\"article\" \/>\n<meta property=\"og:title\" content=\"Sonora en Equipo. Ivo provocar\u00eda \u00a0lluvias intensas para Baja California Sur, Sonora y Sinaloa Rep\u00fablica\" \/>\n<meta property=\"og:description\" content=\"CIUDAD DE M\u00c9XICO.- Se estima viento con rachas superiores a 70 km\/h, oleaje de 3 a 5 metros y posibles trombas marinas en costas de Baja California Sur. En Sonora en Equipo publicamos toda la informaci\u00f3n de Sonora, M\u00e9xico y el Mundo de manera oportuna y busca que la libertad de expresi\u00f3n sea real. Visita nuestro medio informativo publicado desde Hermosillo, Sonora. %\" \/>\n<meta property=\"og:url\" content=\"https:\/\/www.sonoraenequipo.com.mx\/ivo-provocaria-lluvias-intensas-para-baja-california-sur-sonora-y-sinaloa\/\" \/>\n<meta property=\"og:site_name\" content=\"Sonora en Equipo.\" \/>\n<meta property=\"article:publisher\" content=\"https:\/\/www.facebook.com\/SonoraEE\/\" \/>\n<meta property=\"article:published_time\" content=\"2019-08-23T19:26:01+00:00\" \/>\n<meta property=\"og:image\" content=\"https:\/\/www.sonoraenequipo.com.mx\/storage\/2019\/08\/clima2308.jpg\" \/>\n\t<meta property=\"og:image:width\" content=\"450\" \/>\n\t<meta property=\"og:image:height\" content=\"265\" \/>\n\t<meta property=\"og:image:type\" content=\"image\/jpeg\" \/>\n<meta name=\"author\" content=\"enequipo\" \/>\n<meta name=\"twitter:card\" content=\"summary_large_image\" \/>\n<meta name=\"twitter:creator\" content=\"@sonoraenequipo\" \/>\n<meta name=\"twitter:site\" content=\"@sonoraenequipo\" \/>\n<meta name=\"twitter:label1\" content=\"Escrito por\" \/>\n\t<meta name=\"twitter:data1\" content=\"enequipo\" \/>\n\t<meta name=\"twitter:label2\" content=\"Tiempo de lectura\" \/>\n\t<meta name=\"twitter:data2\" content=\"2 minutos\" \/>\n<script type=\"application\/ld+json\" class=\"yoast-schema-graph\">{\"@context\":\"https:\/\/schema.org\",\"@graph\":[{\"@type\":\"Article\",\"@id\":\"https:\/\/www.sonoraenequipo.com.mx\/ivo-provocaria-lluvias-intensas-para-baja-california-sur-sonora-y-sinaloa\/#article\",\"isPartOf\":{\"@id\":\"https:\/\/www.sonoraenequipo.com.mx\/ivo-provocaria-lluvias-intensas-para-baja-california-sur-sonora-y-sinaloa\/\"},\"author\":{\"name\":\"enequipo\",\"@id\":\"https:\/\/www.sonoraenequipo.com.mx\/#\/schema\/person\/61a39de478a1763473ad55e8a95fddf6\"},\"headline\":\"Ivo provocar\u00eda \u00a0lluvias intensas para Baja California Sur, Sonora y Sinaloa\",\"datePublished\":\"2019-08-23T19:26:01+00:00\",\"mainEntityOfPage\":{\"@id\":\"https:\/\/www.sonoraenequipo.com.mx\/ivo-provocaria-lluvias-intensas-para-baja-california-sur-sonora-y-sinaloa\/\"},\"wordCount\":389,\"commentCount\":0,\"publisher\":{\"@id\":\"https:\/\/www.sonoraenequipo.com.mx\/#organization\"},\"image\":{\"@id\":\"https:\/\/www.sonoraenequipo.com.mx\/ivo-provocaria-lluvias-intensas-para-baja-california-sur-sonora-y-sinaloa\/#primaryimage\"},\"thumbnailUrl\":\"https:\/\/www.sonoraenequipo.com.mx\/storage\/2019\/08\/clima2308.jpg\",\"keywords\":[\"Ivo\"],\"articleSection\":[\"Rep\u00fablica\"],\"inLanguage\":\"es\",\"potentialAction\":[{\"@type\":\"CommentAction\",\"name\":\"Comment\",\"target\":[\"https:\/\/www.sonoraenequipo.com.mx\/ivo-provocaria-lluvias-intensas-para-baja-california-sur-sonora-y-sinaloa\/#respond\"]}]},{\"@type\":\"WebPage\",\"@id\":\"https:\/\/www.sonoraenequipo.com.mx\/ivo-provocaria-lluvias-intensas-para-baja-california-sur-sonora-y-sinaloa\/\",\"url\":\"https:\/\/www.sonoraenequipo.com.mx\/ivo-provocaria-lluvias-intensas-para-baja-california-sur-sonora-y-sinaloa\/\",\"name\":\"Sonora en Equipo. Ivo provocar\u00eda \u00a0lluvias intensas para Baja California Sur, Sonora y Sinaloa Rep\u00fablica\",\"isPartOf\":{\"@id\":\"https:\/\/www.sonoraenequipo.com.mx\/#website\"},\"primaryImageOfPage\":{\"@id\":\"https:\/\/www.sonoraenequipo.com.mx\/ivo-provocaria-lluvias-intensas-para-baja-california-sur-sonora-y-sinaloa\/#primaryimage\"},\"image\":{\"@id\":\"https:\/\/www.sonoraenequipo.com.mx\/ivo-provocaria-lluvias-intensas-para-baja-california-sur-sonora-y-sinaloa\/#primaryimage\"},\"thumbnailUrl\":\"https:\/\/www.sonoraenequipo.com.mx\/storage\/2019\/08\/clima2308.jpg\",\"datePublished\":\"2019-08-23T19:26:01+00:00\",\"description\":\"CIUDAD DE M\u00c9XICO.- Se estima viento con rachas superiores a 70 km\/h, oleaje de 3 a 5 metros y posibles trombas marinas en costas de Baja California Sur. En Sonora en Equipo publicamos toda la informaci\u00f3n de Sonora, M\u00e9xico y el Mundo de manera oportuna y busca que la libertad de expresi\u00f3n sea real. Visita nuestro medio informativo publicado desde Hermosillo, Sonora. %\",\"breadcrumb\":{\"@id\":\"https:\/\/www.sonoraenequipo.com.mx\/ivo-provocaria-lluvias-intensas-para-baja-california-sur-sonora-y-sinaloa\/#breadcrumb\"},\"inLanguage\":\"es\",\"potentialAction\":[{\"@type\":\"ReadAction\",\"target\":[\"https:\/\/www.sonoraenequipo.com.mx\/ivo-provocaria-lluvias-intensas-para-baja-california-sur-sonora-y-sinaloa\/\"]}]},{\"@type\":\"ImageObject\",\"inLanguage\":\"es\",\"@id\":\"https:\/\/www.sonoraenequipo.com.mx\/ivo-provocaria-lluvias-intensas-para-baja-california-sur-sonora-y-sinaloa\/#primaryimage\",\"url\":\"https:\/\/www.sonoraenequipo.com.mx\/storage\/2019\/08\/clima2308.jpg\",\"contentUrl\":\"https:\/\/www.sonoraenequipo.com.mx\/storage\/2019\/08\/clima2308.jpg\",\"width\":450,\"height\":265},{\"@type\":\"BreadcrumbList\",\"@id\":\"https:\/\/www.sonoraenequipo.com.mx\/ivo-provocaria-lluvias-intensas-para-baja-california-sur-sonora-y-sinaloa\/#breadcrumb\",\"itemListElement\":[{\"@type\":\"ListItem\",\"position\":1,\"name\":\"Portada\",\"item\":\"https:\/\/www.sonoraenequipo.com.mx\/\"},{\"@type\":\"ListItem\",\"position\":2,\"name\":\"Ivo provocar\u00eda \u00a0lluvias intensas para Baja California Sur, Sonora y Sinaloa\"}]},{\"@type\":\"WebSite\",\"@id\":\"https:\/\/www.sonoraenequipo.com.mx\/#website\",\"url\":\"https:\/\/www.sonoraenequipo.com.mx\/\",\"name\":\"Sonora en Equipo.\",\"description\":\"Diario en l\u00ednea con Noticias desde Hermosillo, Sonora\",\"publisher\":{\"@id\":\"https:\/\/www.sonoraenequipo.com.mx\/#organization\"},\"potentialAction\":[{\"@type\":\"SearchAction\",\"target\":{\"@type\":\"EntryPoint\",\"urlTemplate\":\"https:\/\/www.sonoraenequipo.com.mx\/?s={search_term_string}\"},\"query-input\":{\"@type\":\"PropertyValueSpecification\",\"valueRequired\":true,\"valueName\":\"search_term_string\"}}],\"inLanguage\":\"es\"},{\"@type\":\"Organization\",\"@id\":\"https:\/\/www.sonoraenequipo.com.mx\/#organization\",\"name\":\"Sonoraenequipo.com.mx\",\"url\":\"https:\/\/www.sonoraenequipo.com.mx\/\",\"logo\":{\"@type\":\"ImageObject\",\"inLanguage\":\"es\",\"@id\":\"https:\/\/www.sonoraenequipo.com.mx\/#\/schema\/logo\/image\/\",\"url\":\"https:\/\/www.sonoraenequipo.com.mx\/storage\/2019\/01\/sonoraenequipo_opt.png\",\"contentUrl\":\"https:\/\/www.sonoraenequipo.com.mx\/storage\/2019\/01\/sonoraenequipo_opt.png\",\"width\":375,\"height\":125,\"caption\":\"Sonoraenequipo.com.mx\"},\"image\":{\"@id\":\"https:\/\/www.sonoraenequipo.com.mx\/#\/schema\/logo\/image\/\"},\"sameAs\":[\"https:\/\/www.facebook.com\/SonoraEE\/\",\"https:\/\/x.com\/sonoraenequipo\",\"https:\/\/www.youtube.com\/channel\/UC338nW-lPEYmJQs4ZABQ1SQ\"]},{\"@type\":\"Person\",\"@id\":\"https:\/\/www.sonoraenequipo.com.mx\/#\/schema\/person\/61a39de478a1763473ad55e8a95fddf6\",\"name\":\"enequipo\",\"image\":{\"@type\":\"ImageObject\",\"inLanguage\":\"es\",\"@id\":\"https:\/\/www.sonoraenequipo.com.mx\/#\/schema\/person\/image\/\",\"url\":\"https:\/\/secure.gravatar.com\/avatar\/e39bc3016d8af598aed3d770c9510dfc2795f37ea1733d99fcc6e97d2c3c9f5e?s=96&d=blank&r=g\",\"contentUrl\":\"https:\/\/secure.gravatar.com\/avatar\/e39bc3016d8af598aed3d770c9510dfc2795f37ea1733d99fcc6e97d2c3c9f5e?s=96&d=blank&r=g\",\"caption\":\"enequipo\"}}]}<\/script>\n ","yoast_head_json":{"title":"Sonora en Equipo. Ivo provocar\u00eda \u00a0lluvias intensas para Baja California Sur, Sonora y Sinaloa Rep\u00fablica","description":"CIUDAD DE M\u00c9XICO.- Se estima viento con rachas superiores a 70 km\/h, oleaje de 3 a 5 metros y posibles trombas marinas en costas de Baja California Sur. En Sonora en Equipo publicamos toda la informaci\u00f3n de Sonora, M\u00e9xico y el Mundo de manera oportuna y busca que la libertad de expresi\u00f3n sea real. Visita nuestro medio informativo publicado desde Hermosillo, Sonora. %","robots":{"index":"index","follow":"follow","max-snippet":"max-snippet:-1","max-image-preview":"max-image-preview:large","max-video-preview":"max-video-preview:-1"},"canonical":"https:\/\/www.sonoraenequipo.com.mx\/ivo-provocaria-lluvias-intensas-para-baja-california-sur-sonora-y-sinaloa\/","og_locale":"es_ES","og_type":"article","og_title":"Sonora en Equipo. Ivo provocar\u00eda \u00a0lluvias intensas para Baja California Sur, Sonora y Sinaloa Rep\u00fablica","og_description":"CIUDAD DE M\u00c9XICO.- Se estima viento con rachas superiores a 70 km\/h, oleaje de 3 a 5 metros y posibles trombas marinas en costas de Baja California Sur. En Sonora en Equipo publicamos toda la informaci\u00f3n de Sonora, M\u00e9xico y el Mundo de manera oportuna y busca que la libertad de expresi\u00f3n sea real. Visita nuestro medio informativo publicado desde Hermosillo, Sonora. %","og_url":"https:\/\/www.sonoraenequipo.com.mx\/ivo-provocaria-lluvias-intensas-para-baja-california-sur-sonora-y-sinaloa\/","og_site_name":"Sonora en Equipo.","article_publisher":"https:\/\/www.facebook.com\/SonoraEE\/","article_published_time":"2019-08-23T19:26:01+00:00","og_image":[{"width":450,"height":265,"url":"https:\/\/www.sonoraenequipo.com.mx\/storage\/2019\/08\/clima2308.jpg","type":"image\/jpeg"}],"author":"enequipo","twitter_card":"summary_large_image","twitter_creator":"@sonoraenequipo","twitter_site":"@sonoraenequipo","twitter_misc":{"Escrito por":"enequipo","Tiempo de lectura":"2 minutos"},"schema":{"@context":"https:\/\/schema.org","@graph":[{"@type":"Article","@id":"https:\/\/www.sonoraenequipo.com.mx\/ivo-provocaria-lluvias-intensas-para-baja-california-sur-sonora-y-sinaloa\/#article","isPartOf":{"@id":"https:\/\/www.sonoraenequipo.com.mx\/ivo-provocaria-lluvias-intensas-para-baja-california-sur-sonora-y-sinaloa\/"},"author":{"name":"enequipo","@id":"https:\/\/www.sonoraenequipo.com.mx\/#\/schema\/person\/61a39de478a1763473ad55e8a95fddf6"},"headline":"Ivo provocar\u00eda \u00a0lluvias intensas para Baja California Sur, Sonora y Sinaloa","datePublished":"2019-08-23T19:26:01+00:00","mainEntityOfPage":{"@id":"https:\/\/www.sonoraenequipo.com.mx\/ivo-provocaria-lluvias-intensas-para-baja-california-sur-sonora-y-sinaloa\/"},"wordCount":389,"commentCount":0,"publisher":{"@id":"https:\/\/www.sonoraenequipo.com.mx\/#organization"},"image":{"@id":"https:\/\/www.sonoraenequipo.com.mx\/ivo-provocaria-lluvias-intensas-para-baja-california-sur-sonora-y-sinaloa\/#primaryimage"},"thumbnailUrl":"https:\/\/www.sonoraenequipo.com.mx\/storage\/2019\/08\/clima2308.jpg","keywords":["Ivo"],"articleSection":["Rep\u00fablica"],"inLanguage":"es","potentialAction":[{"@type":"CommentAction","name":"Comment","target":["https:\/\/www.sonoraenequipo.com.mx\/ivo-provocaria-lluvias-intensas-para-baja-california-sur-sonora-y-sinaloa\/#respond"]}]},{"@type":"WebPage","@id":"https:\/\/www.sonoraenequipo.com.mx\/ivo-provocaria-lluvias-intensas-para-baja-california-sur-sonora-y-sinaloa\/","url":"https:\/\/www.sonoraenequipo.com.mx\/ivo-provocaria-lluvias-intensas-para-baja-california-sur-sonora-y-sinaloa\/","name":"Sonora en Equipo. Ivo provocar\u00eda \u00a0lluvias intensas para Baja California Sur, Sonora y Sinaloa Rep\u00fablica","isPartOf":{"@id":"https:\/\/www.sonoraenequipo.com.mx\/#website"},"primaryImageOfPage":{"@id":"https:\/\/www.sonoraenequipo.com.mx\/ivo-provocaria-lluvias-intensas-para-baja-california-sur-sonora-y-sinaloa\/#primaryimage"},"image":{"@id":"https:\/\/www.sonoraenequipo.com.mx\/ivo-provocaria-lluvias-intensas-para-baja-california-sur-sonora-y-sinaloa\/#primaryimage"},"thumbnailUrl":"https:\/\/www.sonoraenequipo.com.mx\/storage\/2019\/08\/clima2308.jpg","datePublished":"2019-08-23T19:26:01+00:00","description":"CIUDAD DE M\u00c9XICO.- Se estima viento con rachas superiores a 70 km\/h, oleaje de 3 a 5 metros y posibles trombas marinas en costas de Baja California Sur. En Sonora en Equipo publicamos toda la informaci\u00f3n de Sonora, M\u00e9xico y el Mundo de manera oportuna y busca que la libertad de expresi\u00f3n sea real. Visita nuestro medio informativo publicado desde Hermosillo, Sonora. %","breadcrumb":{"@id":"https:\/\/www.sonoraenequipo.com.mx\/ivo-provocaria-lluvias-intensas-para-baja-california-sur-sonora-y-sinaloa\/#breadcrumb"},"inLanguage":"es","potentialAction":[{"@type":"ReadAction","target":["https:\/\/www.sonoraenequipo.com.mx\/ivo-provocaria-lluvias-intensas-para-baja-california-sur-sonora-y-sinaloa\/"]}]},{"@type":"ImageObject","inLanguage":"es","@id":"https:\/\/www.sonoraenequipo.com.mx\/ivo-provocaria-lluvias-intensas-para-baja-california-sur-sonora-y-sinaloa\/#primaryimage","url":"https:\/\/www.sonoraenequipo.com.mx\/storage\/2019\/08\/clima2308.jpg","contentUrl":"https:\/\/www.sonoraenequipo.com.mx\/storage\/2019\/08\/clima2308.jpg","width":450,"height":265},{"@type":"BreadcrumbList","@id":"https:\/\/www.sonoraenequipo.com.mx\/ivo-provocaria-lluvias-intensas-para-baja-california-sur-sonora-y-sinaloa\/#breadcrumb","itemListElement":[{"@type":"ListItem","position":1,"name":"Portada","item":"https:\/\/www.sonoraenequipo.com.mx\/"},{"@type":"ListItem","position":2,"name":"Ivo provocar\u00eda \u00a0lluvias intensas para Baja California Sur, Sonora y Sinaloa"}]},{"@type":"WebSite","@id":"https:\/\/www.sonoraenequipo.com.mx\/#website","url":"https:\/\/www.sonoraenequipo.com.mx\/","name":"Sonora en Equipo.","description":"Diario en l\u00ednea con Noticias desde Hermosillo, Sonora","publisher":{"@id":"https:\/\/www.sonoraenequipo.com.mx\/#organization"},"potentialAction":[{"@type":"SearchAction","target":{"@type":"EntryPoint","urlTemplate":"https:\/\/www.sonoraenequipo.com.mx\/?s={search_term_string}"},"query-input":{"@type":"PropertyValueSpecification","valueRequired":true,"valueName":"search_term_string"}}],"inLanguage":"es"},{"@type":"Organization","@id":"https:\/\/www.sonoraenequipo.com.mx\/#organization","name":"Sonoraenequipo.com.mx","url":"https:\/\/www.sonoraenequipo.com.mx\/","logo":{"@type":"ImageObject","inLanguage":"es","@id":"https:\/\/www.sonoraenequipo.com.mx\/#\/schema\/logo\/image\/","url":"https:\/\/www.sonoraenequipo.com.mx\/storage\/2019\/01\/sonoraenequipo_opt.png","contentUrl":"https:\/\/www.sonoraenequipo.com.mx\/storage\/2019\/01\/sonoraenequipo_opt.png","width":375,"height":125,"caption":"Sonoraenequipo.com.mx"},"image":{"@id":"https:\/\/www.sonoraenequipo.com.mx\/#\/schema\/logo\/image\/"},"sameAs":["https:\/\/www.facebook.com\/SonoraEE\/","https:\/\/x.com\/sonoraenequipo","https:\/\/www.youtube.com\/channel\/UC338nW-lPEYmJQs4ZABQ1SQ"]},{"@type":"Person","@id":"https:\/\/www.sonoraenequipo.com.mx\/#\/schema\/person\/61a39de478a1763473ad55e8a95fddf6","name":"enequipo","image":{"@type":"ImageObject","inLanguage":"es","@id":"https:\/\/www.sonoraenequipo.com.mx\/#\/schema\/person\/image\/","url":"https:\/\/secure.gravatar.com\/avatar\/e39bc3016d8af598aed3d770c9510dfc2795f37ea1733d99fcc6e97d2c3c9f5e?s=96&d=blank&r=g","contentUrl":"https:\/\/secure.gravatar.com\/avatar\/e39bc3016d8af598aed3d770c9510dfc2795f37ea1733d99fcc6e97d2c3c9f5e?s=96&d=blank&r=g","caption":"enequipo"}}]}},"jetpack_featured_media_url":"https:\/\/www.sonoraenequipo.com.mx\/storage\/2019\/08\/clima2308.jpg","_links":{"self":[{"href":"https:\/\/www.sonoraenequipo.com.mx\/api\/wp\/v2\/posts\/66049","targetHints":{"allow":["GET"]}}],"collection":[{"href":"https:\/\/www.sonoraenequipo.com.mx\/api\/wp\/v2\/posts"}],"about":[{"href":"https:\/\/www.sonoraenequipo.com.mx\/api\/wp\/v2\/types\/post"}],"author":[{"embeddable":true,"href":"https:\/\/www.sonoraenequipo.com.mx\/api\/wp\/v2\/users\/178"}],"replies":[{"embeddable":true,"href":"https:\/\/www.sonoraenequipo.com.mx\/api\/wp\/v2\/comments?post=66049"}],"version-history":[{"count":0,"href":"https:\/\/www.sonoraenequipo.com.mx\/api\/wp\/v2\/posts\/66049\/revisions"}],"wp:featuredmedia":[{"embeddable":true,"href":"https:\/\/www.sonoraenequipo.com.mx\/api\/wp\/v2\/media\/66050"}],"wp:attachment":[{"href":"https:\/\/www.sonoraenequipo.com.mx\/api\/wp\/v2\/media?parent=66049"}],"wp:term":[{"taxonomy":"category","embeddable":true,"href":"https:\/\/www.sonoraenequipo.com.mx\/api\/wp\/v2\/categories?post=66049"},{"taxonomy":"post_tag","embeddable":true,"href":"https:\/\/www.sonoraenequipo.com.mx\/api\/wp\/v2\/tags?post=66049"}],"curies":[{"name":"wp","href":"https:\/\/api.w.org\/{rel}","templated":true}]}}