{"id":66055,"date":"2019-08-23T15:13:48","date_gmt":"2019-08-23T22:13:48","guid":{"rendered":"https:\/\/www.sonoraenequipo.com.mx\/?p=66055"},"modified":"2019-08-23T15:13:48","modified_gmt":"2019-08-23T22:13:48","slug":"atendio-umpc-22-reportes-tras-fuerte-lluvia-y-viento-en-hermosillo","status":"publish","type":"post","link":"https:\/\/www.sonoraenequipo.com.mx\/atendio-umpc-22-reportes-tras-fuerte-lluvia-y-viento-en-hermosillo\/","title":{"rendered":"Atendi\u00f3\u00a0 UMPC 22 reportes tras fuerte lluvia y viento en Hermosillo"},"content":{"rendered":"<p>HERMOSILLO,SONORA.-\u00a0 Debido a las lluvias que se registraron en la ciudad durante la noche del pasado jueves y madrugada de este viernes, la Unidad Municipal de Protecci\u00f3n Civil (UMPC) atendi\u00f3 22 reportes de afectaciones en la v\u00eda p\u00fablica. <\/p>\n<p>Rafael Robles J\u00e1uregui (foto), coordinador de inspectores de la UMPC, inform\u00f3 que principalmente se trat\u00f3 de sem\u00e1foros fuera de servicio los cuales fueron diez y el Departamento de Bomberos atendi\u00f3 a una persona lesionada por un port\u00f3n que cay\u00f3 en sus piernas.<\/p>\n<p>El registro de precipitaci\u00f3n m\u00e1s elevado de la noche del jueves fue en lado norte de la ciudad, hacia el bulevar Morelos final, donde se registraron 119.13 mil\u00edmetros de acumulados, con r\u00e1fagas de viento de 103 kil\u00f3metros por hora.<\/p>\n<p>Robles J\u00e1uregui coment\u00f3 que otro sector con precipitaci\u00f3n fuerte fue en la colonia Pimentel, donde hubo un acumulado de 41.9 mil\u00edmetros y rachas de viento de hasta 77.2 kil\u00f3metros por hora.<\/p>\n<p>Algunos de los sem\u00e1foros que dejaron de funcionar por diversas razones fueron los del L\u00f3pez Portillo y General Pi\u00f1a, Garc\u00eda Morales y Quintero Arce, L\u00f3pez Portillo y Reyes, Morelos y Gilberto Escobosa, Portillo y Reforma, entre otros.<\/p>\n<p>\u201cTuvimos cuatros reportes de \u00e1rboles ca\u00eddos; dos se registraron en la calle Ignacio Hern\u00e1ndez, entre Colombia y Sahuaro, en la colonia \u00c1lvaro Obreg\u00f3n; en el bulevar G\u00f3mez Far\u00edas e Ignacio Soto y dos m\u00e1s en Morelos y Mateo Ram\u00edrez, a donde acudi\u00f3 personal de Seguridad P\u00fablica y Parques y Jardines\u201d, precis\u00f3.<\/p>\n<p>Tambi\u00e9n hubo un poste ca\u00eddo en bulevar Ganaderos y Francisco Serna, as\u00ed como las lonas en cinco anuncios espectaculares y una antena de telefon\u00eda ten\u00eda riesgos de caer a causa del viento.<\/p>\n<p>La se\u00f1ora lesionada se atendi\u00f3 en las calles Guillermo Arreola, entre Tlaxcala y Quintana Roo de la colonia Olivares. A quien le cay\u00f3 el port\u00f3n de una entrada en las piernas, por lo cual fue trasladada a un hospital para su atenci\u00f3n m\u00e9dica.<\/p>\n<p>A la altura de la Antorcha Campesina, en el bulevar L\u00e1zaro C\u00e1rdenas final, un cami\u00f3n qued\u00f3 atrapado en el arroyo que el conductor trat\u00f3 de cruzar, pero pudo salir por su propio pie de la unidad.<\/p>\n<p>Por otra parte, en Bah\u00eda de Kino se registr\u00f3 un desgajamiento de la cinta asf\u00e1ltica, que afect\u00f3 un carril de circulaci\u00f3n en la calle Mar de Cort\u00e9s y Estambul, adem\u00e1s de otro al nivel de la calle Tanger.<\/p>\n<p>Fecha de publicaci\u00f3n 23\/08\/2019<\/p>\n","protected":false},"excerpt":{"rendered":"<p>HERMOSILLO,SONORA.-\u00a0 Debido a las lluvias que se registraron en la ciudad durante la noche del&#8230;<\/p>\n","protected":false},"author":178,"featured_media":66057,"comment_status":"open","ping_status":"open","sticky":false,"template":"","format":"standard","meta":{"_monsterinsights_skip_tracking":false,"_monsterinsights_sitenote_active":false,"_monsterinsights_sitenote_note":"","_monsterinsights_sitenote_category":0,"footnotes":""},"categories":[4],"tags":[35,3429],"class_list":["post"],"yoast_head":" \n<title>Sonora en Equipo. Atendi\u00f3\u00a0 UMPC 22 reportes tras fuerte lluvia y viento en Hermosillo Municipios<\/title>\n<meta name=\"description\" content=\"HERMOSILLO,SONORA.-\u00a0 Debido a las lluvias que se registraron en la ciudad durante la noche del pasado jueves y madrugada de este viernes, la Unidad En Sonora en Equipo publicamos toda la informaci\u00f3n de Sonora, M\u00e9xico y el Mundo de manera oportuna y busca que la libertad de expresi\u00f3n sea real. Visita nuestro medio informativo publicado desde Hermosillo, Sonora. %\" \/>\n<meta name=\"robots\" content=\"index, follow, max-snippet:-1, max-image-preview:large, max-video-preview:-1\" \/>\n<link rel=\"canonical\" href=\"https:\/\/www.sonoraenequipo.com.mx\/atendio-umpc-22-reportes-tras-fuerte-lluvia-y-viento-en-hermosillo\/\" \/>\n<meta property=\"og:locale\" content=\"es_ES\" \/>\n<meta property=\"og:type\" content=\"article\" \/>\n<meta property=\"og:title\" content=\"Sonora en Equipo. Atendi\u00f3\u00a0 UMPC 22 reportes tras fuerte lluvia y viento en Hermosillo Municipios\" \/>\n<meta property=\"og:description\" content=\"HERMOSILLO,SONORA.-\u00a0 Debido a las lluvias que se registraron en la ciudad durante la noche del pasado jueves y madrugada de este viernes, la Unidad En Sonora en Equipo publicamos toda la informaci\u00f3n de Sonora, M\u00e9xico y el Mundo de manera oportuna y busca que la libertad de expresi\u00f3n sea real. Visita nuestro medio informativo publicado desde Hermosillo, Sonora. %\" \/>\n<meta property=\"og:url\" content=\"https:\/\/www.sonoraenequipo.com.mx\/atendio-umpc-22-reportes-tras-fuerte-lluvia-y-viento-en-hermosillo\/\" \/>\n<meta property=\"og:site_name\" content=\"Sonora en Equipo.\" \/>\n<meta property=\"article:publisher\" content=\"https:\/\/www.facebook.com\/SonoraEE\/\" \/>\n<meta property=\"article:published_time\" content=\"2019-08-23T22:13:48+00:00\" \/>\n<meta property=\"og:image\" content=\"https:\/\/www.sonoraenequipo.com.mx\/storage\/2019\/08\/Rafael-Robles-J\u00e1uregui.jpg\" \/>\n\t<meta property=\"og:image:width\" content=\"600\" \/>\n\t<meta property=\"og:image:height\" content=\"428\" \/>\n\t<meta property=\"og:image:type\" content=\"image\/jpeg\" \/>\n<meta name=\"author\" content=\"enequipo\" \/>\n<meta name=\"twitter:card\" content=\"summary_large_image\" \/>\n<meta name=\"twitter:creator\" content=\"@sonoraenequipo\" \/>\n<meta name=\"twitter:site\" content=\"@sonoraenequipo\" \/>\n<meta name=\"twitter:label1\" content=\"Escrito por\" \/>\n\t<meta name=\"twitter:data1\" content=\"enequipo\" \/>\n\t<meta name=\"twitter:label2\" content=\"Tiempo de lectura\" \/>\n\t<meta name=\"twitter:data2\" content=\"2 minutos\" \/>\n<script type=\"application\/ld+json\" class=\"yoast-schema-graph\">{\"@context\":\"https:\/\/schema.org\",\"@graph\":[{\"@type\":\"Article\",\"@id\":\"https:\/\/www.sonoraenequipo.com.mx\/atendio-umpc-22-reportes-tras-fuerte-lluvia-y-viento-en-hermosillo\/#article\",\"isPartOf\":{\"@id\":\"https:\/\/www.sonoraenequipo.com.mx\/atendio-umpc-22-reportes-tras-fuerte-lluvia-y-viento-en-hermosillo\/\"},\"author\":{\"name\":\"enequipo\",\"@id\":\"https:\/\/www.sonoraenequipo.com.mx\/#\/schema\/person\/61a39de478a1763473ad55e8a95fddf6\"},\"headline\":\"Atendi\u00f3\u00a0 UMPC 22 reportes tras fuerte lluvia y viento en Hermosillo\",\"datePublished\":\"2019-08-23T22:13:48+00:00\",\"mainEntityOfPage\":{\"@id\":\"https:\/\/www.sonoraenequipo.com.mx\/atendio-umpc-22-reportes-tras-fuerte-lluvia-y-viento-en-hermosillo\/\"},\"wordCount\":442,\"commentCount\":0,\"publisher\":{\"@id\":\"https:\/\/www.sonoraenequipo.com.mx\/#organization\"},\"image\":{\"@id\":\"https:\/\/www.sonoraenequipo.com.mx\/atendio-umpc-22-reportes-tras-fuerte-lluvia-y-viento-en-hermosillo\/#primaryimage\"},\"thumbnailUrl\":\"https:\/\/www.sonoraenequipo.com.mx\/storage\/2019\/08\/Rafael-Robles-J\u00e1uregui.jpg\",\"keywords\":[\"hermosillo\",\"umpc\"],\"articleSection\":[\"Municipios\"],\"inLanguage\":\"es\",\"potentialAction\":[{\"@type\":\"CommentAction\",\"name\":\"Comment\",\"target\":[\"https:\/\/www.sonoraenequipo.com.mx\/atendio-umpc-22-reportes-tras-fuerte-lluvia-y-viento-en-hermosillo\/#respond\"]}]},{\"@type\":\"WebPage\",\"@id\":\"https:\/\/www.sonoraenequipo.com.mx\/atendio-umpc-22-reportes-tras-fuerte-lluvia-y-viento-en-hermosillo\/\",\"url\":\"https:\/\/www.sonoraenequipo.com.mx\/atendio-umpc-22-reportes-tras-fuerte-lluvia-y-viento-en-hermosillo\/\",\"name\":\"Sonora en Equipo. Atendi\u00f3\u00a0 UMPC 22 reportes tras fuerte lluvia y viento en Hermosillo Municipios\",\"isPartOf\":{\"@id\":\"https:\/\/www.sonoraenequipo.com.mx\/#website\"},\"primaryImageOfPage\":{\"@id\":\"https:\/\/www.sonoraenequipo.com.mx\/atendio-umpc-22-reportes-tras-fuerte-lluvia-y-viento-en-hermosillo\/#primaryimage\"},\"image\":{\"@id\":\"https:\/\/www.sonoraenequipo.com.mx\/atendio-umpc-22-reportes-tras-fuerte-lluvia-y-viento-en-hermosillo\/#primaryimage\"},\"thumbnailUrl\":\"https:\/\/www.sonoraenequipo.com.mx\/storage\/2019\/08\/Rafael-Robles-J\u00e1uregui.jpg\",\"datePublished\":\"2019-08-23T22:13:48+00:00\",\"description\":\"HERMOSILLO,SONORA.-\u00a0 Debido a las lluvias que se registraron en la ciudad durante la noche del pasado jueves y madrugada de este viernes, la Unidad En Sonora en Equipo publicamos toda la informaci\u00f3n de Sonora, M\u00e9xico y el Mundo de manera oportuna y busca que la libertad de expresi\u00f3n sea real. Visita nuestro medio informativo publicado desde Hermosillo, Sonora. %\",\"breadcrumb\":{\"@id\":\"https:\/\/www.sonoraenequipo.com.mx\/atendio-umpc-22-reportes-tras-fuerte-lluvia-y-viento-en-hermosillo\/#breadcrumb\"},\"inLanguage\":\"es\",\"potentialAction\":[{\"@type\":\"ReadAction\",\"target\":[\"https:\/\/www.sonoraenequipo.com.mx\/atendio-umpc-22-reportes-tras-fuerte-lluvia-y-viento-en-hermosillo\/\"]}]},{\"@type\":\"ImageObject\",\"inLanguage\":\"es\",\"@id\":\"https:\/\/www.sonoraenequipo.com.mx\/atendio-umpc-22-reportes-tras-fuerte-lluvia-y-viento-en-hermosillo\/#primaryimage\",\"url\":\"https:\/\/www.sonoraenequipo.com.mx\/storage\/2019\/08\/Rafael-Robles-J\u00e1uregui.jpg\",\"contentUrl\":\"https:\/\/www.sonoraenequipo.com.mx\/storage\/2019\/08\/Rafael-Robles-J\u00e1uregui.jpg\",\"width\":600,\"height\":428},{\"@type\":\"BreadcrumbList\",\"@id\":\"https:\/\/www.sonoraenequipo.com.mx\/atendio-umpc-22-reportes-tras-fuerte-lluvia-y-viento-en-hermosillo\/#breadcrumb\",\"itemListElement\":[{\"@type\":\"ListItem\",\"position\":1,\"name\":\"Portada\",\"item\":\"https:\/\/www.sonoraenequipo.com.mx\/\"},{\"@type\":\"ListItem\",\"position\":2,\"name\":\"Atendi\u00f3\u00a0 UMPC 22 reportes tras fuerte lluvia y viento en Hermosillo\"}]},{\"@type\":\"WebSite\",\"@id\":\"https:\/\/www.sonoraenequipo.com.mx\/#website\",\"url\":\"https:\/\/www.sonoraenequipo.com.mx\/\",\"name\":\"Sonora en Equipo.\",\"description\":\"Diario en l\u00ednea con Noticias desde Hermosillo, Sonora\",\"publisher\":{\"@id\":\"https:\/\/www.sonoraenequipo.com.mx\/#organization\"},\"potentialAction\":[{\"@type\":\"SearchAction\",\"target\":{\"@type\":\"EntryPoint\",\"urlTemplate\":\"https:\/\/www.sonoraenequipo.com.mx\/?s={search_term_string}\"},\"query-input\":{\"@type\":\"PropertyValueSpecification\",\"valueRequired\":true,\"valueName\":\"search_term_string\"}}],\"inLanguage\":\"es\"},{\"@type\":\"Organization\",\"@id\":\"https:\/\/www.sonoraenequipo.com.mx\/#organization\",\"name\":\"Sonoraenequipo.com.mx\",\"url\":\"https:\/\/www.sonoraenequipo.com.mx\/\",\"logo\":{\"@type\":\"ImageObject\",\"inLanguage\":\"es\",\"@id\":\"https:\/\/www.sonoraenequipo.com.mx\/#\/schema\/logo\/image\/\",\"url\":\"https:\/\/www.sonoraenequipo.com.mx\/storage\/2019\/01\/sonoraenequipo_opt.png\",\"contentUrl\":\"https:\/\/www.sonoraenequipo.com.mx\/storage\/2019\/01\/sonoraenequipo_opt.png\",\"width\":375,\"height\":125,\"caption\":\"Sonoraenequipo.com.mx\"},\"image\":{\"@id\":\"https:\/\/www.sonoraenequipo.com.mx\/#\/schema\/logo\/image\/\"},\"sameAs\":[\"https:\/\/www.facebook.com\/SonoraEE\/\",\"https:\/\/x.com\/sonoraenequipo\",\"https:\/\/www.youtube.com\/channel\/UC338nW-lPEYmJQs4ZABQ1SQ\"]},{\"@type\":\"Person\",\"@id\":\"https:\/\/www.sonoraenequipo.com.mx\/#\/schema\/person\/61a39de478a1763473ad55e8a95fddf6\",\"name\":\"enequipo\",\"image\":{\"@type\":\"ImageObject\",\"inLanguage\":\"es\",\"@id\":\"https:\/\/www.sonoraenequipo.com.mx\/#\/schema\/person\/image\/\",\"url\":\"https:\/\/secure.gravatar.com\/avatar\/e39bc3016d8af598aed3d770c9510dfc2795f37ea1733d99fcc6e97d2c3c9f5e?s=96&d=blank&r=g\",\"contentUrl\":\"https:\/\/secure.gravatar.com\/avatar\/e39bc3016d8af598aed3d770c9510dfc2795f37ea1733d99fcc6e97d2c3c9f5e?s=96&d=blank&r=g\",\"caption\":\"enequipo\"}}]}<\/script>\n ","yoast_head_json":{"title":"Sonora en Equipo. Atendi\u00f3\u00a0 UMPC 22 reportes tras fuerte lluvia y viento en Hermosillo Municipios","description":"HERMOSILLO,SONORA.-\u00a0 Debido a las lluvias que se registraron en la ciudad durante la noche del pasado jueves y madrugada de este viernes, la Unidad En Sonora en Equipo publicamos toda la informaci\u00f3n de Sonora, M\u00e9xico y el Mundo de manera oportuna y busca que la libertad de expresi\u00f3n sea real. Visita nuestro medio informativo publicado desde Hermosillo, Sonora. %","robots":{"index":"index","follow":"follow","max-snippet":"max-snippet:-1","max-image-preview":"max-image-preview:large","max-video-preview":"max-video-preview:-1"},"canonical":"https:\/\/www.sonoraenequipo.com.mx\/atendio-umpc-22-reportes-tras-fuerte-lluvia-y-viento-en-hermosillo\/","og_locale":"es_ES","og_type":"article","og_title":"Sonora en Equipo. Atendi\u00f3\u00a0 UMPC 22 reportes tras fuerte lluvia y viento en Hermosillo Municipios","og_description":"HERMOSILLO,SONORA.-\u00a0 Debido a las lluvias que se registraron en la ciudad durante la noche del pasado jueves y madrugada de este viernes, la Unidad En Sonora en Equipo publicamos toda la informaci\u00f3n de Sonora, M\u00e9xico y el Mundo de manera oportuna y busca que la libertad de expresi\u00f3n sea real. Visita nuestro medio informativo publicado desde Hermosillo, Sonora. %","og_url":"https:\/\/www.sonoraenequipo.com.mx\/atendio-umpc-22-reportes-tras-fuerte-lluvia-y-viento-en-hermosillo\/","og_site_name":"Sonora en Equipo.","article_publisher":"https:\/\/www.facebook.com\/SonoraEE\/","article_published_time":"2019-08-23T22:13:48+00:00","og_image":[{"width":600,"height":428,"url":"https:\/\/www.sonoraenequipo.com.mx\/storage\/2019\/08\/Rafael-Robles-J\u00e1uregui.jpg","type":"image\/jpeg"}],"author":"enequipo","twitter_card":"summary_large_image","twitter_creator":"@sonoraenequipo","twitter_site":"@sonoraenequipo","twitter_misc":{"Escrito por":"enequipo","Tiempo de lectura":"2 minutos"},"schema":{"@context":"https:\/\/schema.org","@graph":[{"@type":"Article","@id":"https:\/\/www.sonoraenequipo.com.mx\/atendio-umpc-22-reportes-tras-fuerte-lluvia-y-viento-en-hermosillo\/#article","isPartOf":{"@id":"https:\/\/www.sonoraenequipo.com.mx\/atendio-umpc-22-reportes-tras-fuerte-lluvia-y-viento-en-hermosillo\/"},"author":{"name":"enequipo","@id":"https:\/\/www.sonoraenequipo.com.mx\/#\/schema\/person\/61a39de478a1763473ad55e8a95fddf6"},"headline":"Atendi\u00f3\u00a0 UMPC 22 reportes tras fuerte lluvia y viento en Hermosillo","datePublished":"2019-08-23T22:13:48+00:00","mainEntityOfPage":{"@id":"https:\/\/www.sonoraenequipo.com.mx\/atendio-umpc-22-reportes-tras-fuerte-lluvia-y-viento-en-hermosillo\/"},"wordCount":442,"commentCount":0,"publisher":{"@id":"https:\/\/www.sonoraenequipo.com.mx\/#organization"},"image":{"@id":"https:\/\/www.sonoraenequipo.com.mx\/atendio-umpc-22-reportes-tras-fuerte-lluvia-y-viento-en-hermosillo\/#primaryimage"},"thumbnailUrl":"https:\/\/www.sonoraenequipo.com.mx\/storage\/2019\/08\/Rafael-Robles-J\u00e1uregui.jpg","keywords":["hermosillo","umpc"],"articleSection":["Municipios"],"inLanguage":"es","potentialAction":[{"@type":"CommentAction","name":"Comment","target":["https:\/\/www.sonoraenequipo.com.mx\/atendio-umpc-22-reportes-tras-fuerte-lluvia-y-viento-en-hermosillo\/#respond"]}]},{"@type":"WebPage","@id":"https:\/\/www.sonoraenequipo.com.mx\/atendio-umpc-22-reportes-tras-fuerte-lluvia-y-viento-en-hermosillo\/","url":"https:\/\/www.sonoraenequipo.com.mx\/atendio-umpc-22-reportes-tras-fuerte-lluvia-y-viento-en-hermosillo\/","name":"Sonora en Equipo. Atendi\u00f3\u00a0 UMPC 22 reportes tras fuerte lluvia y viento en Hermosillo Municipios","isPartOf":{"@id":"https:\/\/www.sonoraenequipo.com.mx\/#website"},"primaryImageOfPage":{"@id":"https:\/\/www.sonoraenequipo.com.mx\/atendio-umpc-22-reportes-tras-fuerte-lluvia-y-viento-en-hermosillo\/#primaryimage"},"image":{"@id":"https:\/\/www.sonoraenequipo.com.mx\/atendio-umpc-22-reportes-tras-fuerte-lluvia-y-viento-en-hermosillo\/#primaryimage"},"thumbnailUrl":"https:\/\/www.sonoraenequipo.com.mx\/storage\/2019\/08\/Rafael-Robles-J\u00e1uregui.jpg","datePublished":"2019-08-23T22:13:48+00:00","description":"HERMOSILLO,SONORA.-\u00a0 Debido a las lluvias que se registraron en la ciudad durante la noche del pasado jueves y madrugada de este viernes, la Unidad En Sonora en Equipo publicamos toda la informaci\u00f3n de Sonora, M\u00e9xico y el Mundo de manera oportuna y busca que la libertad de expresi\u00f3n sea real. Visita nuestro medio informativo publicado desde Hermosillo, Sonora. %","breadcrumb":{"@id":"https:\/\/www.sonoraenequipo.com.mx\/atendio-umpc-22-reportes-tras-fuerte-lluvia-y-viento-en-hermosillo\/#breadcrumb"},"inLanguage":"es","potentialAction":[{"@type":"ReadAction","target":["https:\/\/www.sonoraenequipo.com.mx\/atendio-umpc-22-reportes-tras-fuerte-lluvia-y-viento-en-hermosillo\/"]}]},{"@type":"ImageObject","inLanguage":"es","@id":"https:\/\/www.sonoraenequipo.com.mx\/atendio-umpc-22-reportes-tras-fuerte-lluvia-y-viento-en-hermosillo\/#primaryimage","url":"https:\/\/www.sonoraenequipo.com.mx\/storage\/2019\/08\/Rafael-Robles-J\u00e1uregui.jpg","contentUrl":"https:\/\/www.sonoraenequipo.com.mx\/storage\/2019\/08\/Rafael-Robles-J\u00e1uregui.jpg","width":600,"height":428},{"@type":"BreadcrumbList","@id":"https:\/\/www.sonoraenequipo.com.mx\/atendio-umpc-22-reportes-tras-fuerte-lluvia-y-viento-en-hermosillo\/#breadcrumb","itemListElement":[{"@type":"ListItem","position":1,"name":"Portada","item":"https:\/\/www.sonoraenequipo.com.mx\/"},{"@type":"ListItem","position":2,"name":"Atendi\u00f3\u00a0 UMPC 22 reportes tras fuerte lluvia y viento en Hermosillo"}]},{"@type":"WebSite","@id":"https:\/\/www.sonoraenequipo.com.mx\/#website","url":"https:\/\/www.sonoraenequipo.com.mx\/","name":"Sonora en Equipo.","description":"Diario en l\u00ednea con Noticias desde Hermosillo, Sonora","publisher":{"@id":"https:\/\/www.sonoraenequipo.com.mx\/#organization"},"potentialAction":[{"@type":"SearchAction","target":{"@type":"EntryPoint","urlTemplate":"https:\/\/www.sonoraenequipo.com.mx\/?s={search_term_string}"},"query-input":{"@type":"PropertyValueSpecification","valueRequired":true,"valueName":"search_term_string"}}],"inLanguage":"es"},{"@type":"Organization","@id":"https:\/\/www.sonoraenequipo.com.mx\/#organization","name":"Sonoraenequipo.com.mx","url":"https:\/\/www.sonoraenequipo.com.mx\/","logo":{"@type":"ImageObject","inLanguage":"es","@id":"https:\/\/www.sonoraenequipo.com.mx\/#\/schema\/logo\/image\/","url":"https:\/\/www.sonoraenequipo.com.mx\/storage\/2019\/01\/sonoraenequipo_opt.png","contentUrl":"https:\/\/www.sonoraenequipo.com.mx\/storage\/2019\/01\/sonoraenequipo_opt.png","width":375,"height":125,"caption":"Sonoraenequipo.com.mx"},"image":{"@id":"https:\/\/www.sonoraenequipo.com.mx\/#\/schema\/logo\/image\/"},"sameAs":["https:\/\/www.facebook.com\/SonoraEE\/","https:\/\/x.com\/sonoraenequipo","https:\/\/www.youtube.com\/channel\/UC338nW-lPEYmJQs4ZABQ1SQ"]},{"@type":"Person","@id":"https:\/\/www.sonoraenequipo.com.mx\/#\/schema\/person\/61a39de478a1763473ad55e8a95fddf6","name":"enequipo","image":{"@type":"ImageObject","inLanguage":"es","@id":"https:\/\/www.sonoraenequipo.com.mx\/#\/schema\/person\/image\/","url":"https:\/\/secure.gravatar.com\/avatar\/e39bc3016d8af598aed3d770c9510dfc2795f37ea1733d99fcc6e97d2c3c9f5e?s=96&d=blank&r=g","contentUrl":"https:\/\/secure.gravatar.com\/avatar\/e39bc3016d8af598aed3d770c9510dfc2795f37ea1733d99fcc6e97d2c3c9f5e?s=96&d=blank&r=g","caption":"enequipo"}}]}},"jetpack_featured_media_url":"https:\/\/www.sonoraenequipo.com.mx\/storage\/2019\/08\/Rafael-Robles-J\u00e1uregui.jpg","_links":{"self":[{"href":"https:\/\/www.sonoraenequipo.com.mx\/api\/wp\/v2\/posts\/66055","targetHints":{"allow":["GET"]}}],"collection":[{"href":"https:\/\/www.sonoraenequipo.com.mx\/api\/wp\/v2\/posts"}],"about":[{"href":"https:\/\/www.sonoraenequipo.com.mx\/api\/wp\/v2\/types\/post"}],"author":[{"embeddable":true,"href":"https:\/\/www.sonoraenequipo.com.mx\/api\/wp\/v2\/users\/178"}],"replies":[{"embeddable":true,"href":"https:\/\/www.sonoraenequipo.com.mx\/api\/wp\/v2\/comments?post=66055"}],"version-history":[{"count":0,"href":"https:\/\/www.sonoraenequipo.com.mx\/api\/wp\/v2\/posts\/66055\/revisions"}],"wp:featuredmedia":[{"embeddable":true,"href":"https:\/\/www.sonoraenequipo.com.mx\/api\/wp\/v2\/media\/66057"}],"wp:attachment":[{"href":"https:\/\/www.sonoraenequipo.com.mx\/api\/wp\/v2\/media?parent=66055"}],"wp:term":[{"taxonomy":"category","embeddable":true,"href":"https:\/\/www.sonoraenequipo.com.mx\/api\/wp\/v2\/categories?post=66055"},{"taxonomy":"post_tag","embeddable":true,"href":"https:\/\/www.sonoraenequipo.com.mx\/api\/wp\/v2\/tags?post=66055"}],"curies":[{"name":"wp","href":"https:\/\/api.w.org\/{rel}","templated":true}]}}