{"id":66062,"date":"2019-08-23T16:55:24","date_gmt":"2019-08-23T23:55:24","guid":{"rendered":"https:\/\/www.sonoraenequipo.com.mx\/?p=66062"},"modified":"2019-08-23T16:55:24","modified_gmt":"2019-08-23T23:55:24","slug":"entrega-alcaldesa-utiles-escolares-en-servicios-publicos","status":"publish","type":"post","link":"https:\/\/www.sonoraenequipo.com.mx\/entrega-alcaldesa-utiles-escolares-en-servicios-publicos\/","title":{"rendered":"Entrega alcaldesa \u00fatiles escolares en Servicios P\u00fablicos"},"content":{"rendered":"<p>HERMOSILLO,SONORA.-\u00a0 Como apoyo en la econom\u00eda familiar en el pr\u00f3ximo regreso a clases, la alcaldesa Celida L\u00f3pez C\u00e1rdenas inici\u00f3 con la entrega de paquetes de \u00fatiles escolares para todos los trabajadores de Servicios P\u00fablicos Municipales. <\/p>\n<p>En los patios de la dependencia, L\u00f3pez C\u00e1rdenas salud\u00f3 y convers\u00f3 con gran parte del personal de las distintas \u00e1reas de la coordinaci\u00f3n, como recolecci\u00f3n, sanidad, mantenimiento, parques y jardines, entre otras.<\/p>\n<p>La presidenta dese\u00f3 lo mejor para los hijos de los trabajadores en el ciclo escolar que iniciar\u00e1, quienes deben sentirse orgullosos de sus padres que prestan un servicio valioso para la comunidad d\u00eda con d\u00eda.<\/p>\n<p>Norberto Barraza Almaz\u00e1n, director de la dependencia, dijo que esta acci\u00f3n es una manera muy directa para reconocer el esfuerzo que hacen todos los d\u00edas, m\u00e1s en temporada de calor que es pesado realizar el trabajo que corresponde en cada \u00e1rea operativa.<\/p>\n<p>\u00abEste es un gran esfuerzo presupuestal y cuando se obtiene el reconocimiento de aquellas personas que se esfuerzan, es un claro acto de mucha justicia, por eso les agradezco a ustedes y a nuestra presidenta\u00bb, expres\u00f3.<\/p>\n<p>Los acompa\u00f1aron Joaqu\u00edn Rodr\u00edguez V\u00e9jar, secretario del Ayuntamiento; Jos\u00e9 Carrillo Atondo, director de la Coordinaci\u00f3n de Infraestructura, Desarrollo Urbano y Ecolog\u00eda (CIDUE); as\u00ed como Jovita Monge y Salvador D\u00edaz, secretarios generales de los sindicatos de trabajadores del Ayuntamiento de Hermosillo.<\/p>\n<p>Fecha de publicaci\u00f3n 23\/08\/2019<\/p>\n","protected":false},"excerpt":{"rendered":"<p>HERMOSILLO,SONORA.-\u00a0 Como apoyo en la econom\u00eda familiar en el pr\u00f3ximo regreso a clases, la alcaldesa&#8230;<\/p>\n","protected":false},"author":178,"featured_media":66063,"comment_status":"open","ping_status":"open","sticky":false,"template":"","format":"standard","meta":{"_monsterinsights_skip_tracking":false,"_monsterinsights_sitenote_active":false,"_monsterinsights_sitenote_note":"","_monsterinsights_sitenote_category":0,"footnotes":""},"categories":[4],"tags":[2842],"class_list":["post"],"yoast_head":" \n<title>Sonora en Equipo. Entrega alcaldesa \u00fatiles escolares en Servicios P\u00fablicos Municipios<\/title>\n<meta name=\"description\" content=\"HERMOSILLO,SONORA.-\u00a0 Como apoyo en la econom\u00eda familiar en el pr\u00f3ximo regreso a clases, la alcaldesa Celida L\u00f3pez C\u00e1rdenas inici\u00f3 con la entrega de En Sonora en Equipo publicamos toda la informaci\u00f3n de Sonora, M\u00e9xico y el Mundo de manera oportuna y busca que la libertad de expresi\u00f3n sea real. Visita nuestro medio informativo publicado desde Hermosillo, Sonora. %\" \/>\n<meta name=\"robots\" content=\"index, follow, max-snippet:-1, max-image-preview:large, max-video-preview:-1\" \/>\n<link rel=\"canonical\" href=\"https:\/\/www.sonoraenequipo.com.mx\/entrega-alcaldesa-utiles-escolares-en-servicios-publicos\/\" \/>\n<meta property=\"og:locale\" content=\"es_ES\" \/>\n<meta property=\"og:type\" content=\"article\" \/>\n<meta property=\"og:title\" content=\"Sonora en Equipo. Entrega alcaldesa \u00fatiles escolares en Servicios P\u00fablicos Municipios\" \/>\n<meta property=\"og:description\" content=\"HERMOSILLO,SONORA.-\u00a0 Como apoyo en la econom\u00eda familiar en el pr\u00f3ximo regreso a clases, la alcaldesa Celida L\u00f3pez C\u00e1rdenas inici\u00f3 con la entrega de En Sonora en Equipo publicamos toda la informaci\u00f3n de Sonora, M\u00e9xico y el Mundo de manera oportuna y busca que la libertad de expresi\u00f3n sea real. Visita nuestro medio informativo publicado desde Hermosillo, Sonora. %\" \/>\n<meta property=\"og:url\" content=\"https:\/\/www.sonoraenequipo.com.mx\/entrega-alcaldesa-utiles-escolares-en-servicios-publicos\/\" \/>\n<meta property=\"og:site_name\" content=\"Sonora en Equipo.\" \/>\n<meta property=\"article:publisher\" content=\"https:\/\/www.facebook.com\/SonoraEE\/\" \/>\n<meta property=\"article:published_time\" content=\"2019-08-23T23:55:24+00:00\" \/>\n<meta property=\"og:image\" content=\"https:\/\/www.sonoraenequipo.com.mx\/storage\/2019\/08\/celida-utiles.jpg\" \/>\n\t<meta property=\"og:image:width\" content=\"450\" \/>\n\t<meta property=\"og:image:height\" content=\"300\" \/>\n\t<meta property=\"og:image:type\" content=\"image\/jpeg\" \/>\n<meta name=\"author\" content=\"enequipo\" \/>\n<meta name=\"twitter:card\" content=\"summary_large_image\" \/>\n<meta name=\"twitter:creator\" content=\"@sonoraenequipo\" \/>\n<meta name=\"twitter:site\" content=\"@sonoraenequipo\" \/>\n<meta name=\"twitter:label1\" content=\"Escrito por\" \/>\n\t<meta name=\"twitter:data1\" content=\"enequipo\" \/>\n\t<meta name=\"twitter:label2\" content=\"Tiempo de lectura\" \/>\n\t<meta name=\"twitter:data2\" content=\"1 minuto\" \/>\n<script type=\"application\/ld+json\" class=\"yoast-schema-graph\">{\"@context\":\"https:\/\/schema.org\",\"@graph\":[{\"@type\":\"Article\",\"@id\":\"https:\/\/www.sonoraenequipo.com.mx\/entrega-alcaldesa-utiles-escolares-en-servicios-publicos\/#article\",\"isPartOf\":{\"@id\":\"https:\/\/www.sonoraenequipo.com.mx\/entrega-alcaldesa-utiles-escolares-en-servicios-publicos\/\"},\"author\":{\"name\":\"enequipo\",\"@id\":\"https:\/\/www.sonoraenequipo.com.mx\/#\/schema\/person\/61a39de478a1763473ad55e8a95fddf6\"},\"headline\":\"Entrega alcaldesa \u00fatiles escolares en Servicios P\u00fablicos\",\"datePublished\":\"2019-08-23T23:55:24+00:00\",\"mainEntityOfPage\":{\"@id\":\"https:\/\/www.sonoraenequipo.com.mx\/entrega-alcaldesa-utiles-escolares-en-servicios-publicos\/\"},\"wordCount\":256,\"commentCount\":0,\"publisher\":{\"@id\":\"https:\/\/www.sonoraenequipo.com.mx\/#organization\"},\"image\":{\"@id\":\"https:\/\/www.sonoraenequipo.com.mx\/entrega-alcaldesa-utiles-escolares-en-servicios-publicos\/#primaryimage\"},\"thumbnailUrl\":\"https:\/\/www.sonoraenequipo.com.mx\/storage\/2019\/08\/celida-utiles.jpg\",\"keywords\":[\"CELIDA LOPEZ\"],\"articleSection\":[\"Municipios\"],\"inLanguage\":\"es\",\"potentialAction\":[{\"@type\":\"CommentAction\",\"name\":\"Comment\",\"target\":[\"https:\/\/www.sonoraenequipo.com.mx\/entrega-alcaldesa-utiles-escolares-en-servicios-publicos\/#respond\"]}]},{\"@type\":\"WebPage\",\"@id\":\"https:\/\/www.sonoraenequipo.com.mx\/entrega-alcaldesa-utiles-escolares-en-servicios-publicos\/\",\"url\":\"https:\/\/www.sonoraenequipo.com.mx\/entrega-alcaldesa-utiles-escolares-en-servicios-publicos\/\",\"name\":\"Sonora en Equipo. Entrega alcaldesa \u00fatiles escolares en Servicios P\u00fablicos Municipios\",\"isPartOf\":{\"@id\":\"https:\/\/www.sonoraenequipo.com.mx\/#website\"},\"primaryImageOfPage\":{\"@id\":\"https:\/\/www.sonoraenequipo.com.mx\/entrega-alcaldesa-utiles-escolares-en-servicios-publicos\/#primaryimage\"},\"image\":{\"@id\":\"https:\/\/www.sonoraenequipo.com.mx\/entrega-alcaldesa-utiles-escolares-en-servicios-publicos\/#primaryimage\"},\"thumbnailUrl\":\"https:\/\/www.sonoraenequipo.com.mx\/storage\/2019\/08\/celida-utiles.jpg\",\"datePublished\":\"2019-08-23T23:55:24+00:00\",\"description\":\"HERMOSILLO,SONORA.-\u00a0 Como apoyo en la econom\u00eda familiar en el pr\u00f3ximo regreso a clases, la alcaldesa Celida L\u00f3pez C\u00e1rdenas inici\u00f3 con la entrega de En Sonora en Equipo publicamos toda la informaci\u00f3n de Sonora, M\u00e9xico y el Mundo de manera oportuna y busca que la libertad de expresi\u00f3n sea real. Visita nuestro medio informativo publicado desde Hermosillo, Sonora. %\",\"breadcrumb\":{\"@id\":\"https:\/\/www.sonoraenequipo.com.mx\/entrega-alcaldesa-utiles-escolares-en-servicios-publicos\/#breadcrumb\"},\"inLanguage\":\"es\",\"potentialAction\":[{\"@type\":\"ReadAction\",\"target\":[\"https:\/\/www.sonoraenequipo.com.mx\/entrega-alcaldesa-utiles-escolares-en-servicios-publicos\/\"]}]},{\"@type\":\"ImageObject\",\"inLanguage\":\"es\",\"@id\":\"https:\/\/www.sonoraenequipo.com.mx\/entrega-alcaldesa-utiles-escolares-en-servicios-publicos\/#primaryimage\",\"url\":\"https:\/\/www.sonoraenequipo.com.mx\/storage\/2019\/08\/celida-utiles.jpg\",\"contentUrl\":\"https:\/\/www.sonoraenequipo.com.mx\/storage\/2019\/08\/celida-utiles.jpg\",\"width\":450,\"height\":300},{\"@type\":\"BreadcrumbList\",\"@id\":\"https:\/\/www.sonoraenequipo.com.mx\/entrega-alcaldesa-utiles-escolares-en-servicios-publicos\/#breadcrumb\",\"itemListElement\":[{\"@type\":\"ListItem\",\"position\":1,\"name\":\"Portada\",\"item\":\"https:\/\/www.sonoraenequipo.com.mx\/\"},{\"@type\":\"ListItem\",\"position\":2,\"name\":\"Entrega alcaldesa \u00fatiles escolares en Servicios P\u00fablicos\"}]},{\"@type\":\"WebSite\",\"@id\":\"https:\/\/www.sonoraenequipo.com.mx\/#website\",\"url\":\"https:\/\/www.sonoraenequipo.com.mx\/\",\"name\":\"Sonora en Equipo.\",\"description\":\"Diario en l\u00ednea con Noticias desde Hermosillo, Sonora\",\"publisher\":{\"@id\":\"https:\/\/www.sonoraenequipo.com.mx\/#organization\"},\"potentialAction\":[{\"@type\":\"SearchAction\",\"target\":{\"@type\":\"EntryPoint\",\"urlTemplate\":\"https:\/\/www.sonoraenequipo.com.mx\/?s={search_term_string}\"},\"query-input\":{\"@type\":\"PropertyValueSpecification\",\"valueRequired\":true,\"valueName\":\"search_term_string\"}}],\"inLanguage\":\"es\"},{\"@type\":\"Organization\",\"@id\":\"https:\/\/www.sonoraenequipo.com.mx\/#organization\",\"name\":\"Sonoraenequipo.com.mx\",\"url\":\"https:\/\/www.sonoraenequipo.com.mx\/\",\"logo\":{\"@type\":\"ImageObject\",\"inLanguage\":\"es\",\"@id\":\"https:\/\/www.sonoraenequipo.com.mx\/#\/schema\/logo\/image\/\",\"url\":\"https:\/\/www.sonoraenequipo.com.mx\/storage\/2019\/01\/sonoraenequipo_opt.png\",\"contentUrl\":\"https:\/\/www.sonoraenequipo.com.mx\/storage\/2019\/01\/sonoraenequipo_opt.png\",\"width\":375,\"height\":125,\"caption\":\"Sonoraenequipo.com.mx\"},\"image\":{\"@id\":\"https:\/\/www.sonoraenequipo.com.mx\/#\/schema\/logo\/image\/\"},\"sameAs\":[\"https:\/\/www.facebook.com\/SonoraEE\/\",\"https:\/\/x.com\/sonoraenequipo\",\"https:\/\/www.youtube.com\/channel\/UC338nW-lPEYmJQs4ZABQ1SQ\"]},{\"@type\":\"Person\",\"@id\":\"https:\/\/www.sonoraenequipo.com.mx\/#\/schema\/person\/61a39de478a1763473ad55e8a95fddf6\",\"name\":\"enequipo\",\"image\":{\"@type\":\"ImageObject\",\"inLanguage\":\"es\",\"@id\":\"https:\/\/www.sonoraenequipo.com.mx\/#\/schema\/person\/image\/\",\"url\":\"https:\/\/secure.gravatar.com\/avatar\/e39bc3016d8af598aed3d770c9510dfc2795f37ea1733d99fcc6e97d2c3c9f5e?s=96&d=blank&r=g\",\"contentUrl\":\"https:\/\/secure.gravatar.com\/avatar\/e39bc3016d8af598aed3d770c9510dfc2795f37ea1733d99fcc6e97d2c3c9f5e?s=96&d=blank&r=g\",\"caption\":\"enequipo\"}}]}<\/script>\n ","yoast_head_json":{"title":"Sonora en Equipo. Entrega alcaldesa \u00fatiles escolares en Servicios P\u00fablicos Municipios","description":"HERMOSILLO,SONORA.-\u00a0 Como apoyo en la econom\u00eda familiar en el pr\u00f3ximo regreso a clases, la alcaldesa Celida L\u00f3pez C\u00e1rdenas inici\u00f3 con la entrega de En Sonora en Equipo publicamos toda la informaci\u00f3n de Sonora, M\u00e9xico y el Mundo de manera oportuna y busca que la libertad de expresi\u00f3n sea real. Visita nuestro medio informativo publicado desde Hermosillo, Sonora. %","robots":{"index":"index","follow":"follow","max-snippet":"max-snippet:-1","max-image-preview":"max-image-preview:large","max-video-preview":"max-video-preview:-1"},"canonical":"https:\/\/www.sonoraenequipo.com.mx\/entrega-alcaldesa-utiles-escolares-en-servicios-publicos\/","og_locale":"es_ES","og_type":"article","og_title":"Sonora en Equipo. Entrega alcaldesa \u00fatiles escolares en Servicios P\u00fablicos Municipios","og_description":"HERMOSILLO,SONORA.-\u00a0 Como apoyo en la econom\u00eda familiar en el pr\u00f3ximo regreso a clases, la alcaldesa Celida L\u00f3pez C\u00e1rdenas inici\u00f3 con la entrega de En Sonora en Equipo publicamos toda la informaci\u00f3n de Sonora, M\u00e9xico y el Mundo de manera oportuna y busca que la libertad de expresi\u00f3n sea real. Visita nuestro medio informativo publicado desde Hermosillo, Sonora. %","og_url":"https:\/\/www.sonoraenequipo.com.mx\/entrega-alcaldesa-utiles-escolares-en-servicios-publicos\/","og_site_name":"Sonora en Equipo.","article_publisher":"https:\/\/www.facebook.com\/SonoraEE\/","article_published_time":"2019-08-23T23:55:24+00:00","og_image":[{"width":450,"height":300,"url":"https:\/\/www.sonoraenequipo.com.mx\/storage\/2019\/08\/celida-utiles.jpg","type":"image\/jpeg"}],"author":"enequipo","twitter_card":"summary_large_image","twitter_creator":"@sonoraenequipo","twitter_site":"@sonoraenequipo","twitter_misc":{"Escrito por":"enequipo","Tiempo de lectura":"1 minuto"},"schema":{"@context":"https:\/\/schema.org","@graph":[{"@type":"Article","@id":"https:\/\/www.sonoraenequipo.com.mx\/entrega-alcaldesa-utiles-escolares-en-servicios-publicos\/#article","isPartOf":{"@id":"https:\/\/www.sonoraenequipo.com.mx\/entrega-alcaldesa-utiles-escolares-en-servicios-publicos\/"},"author":{"name":"enequipo","@id":"https:\/\/www.sonoraenequipo.com.mx\/#\/schema\/person\/61a39de478a1763473ad55e8a95fddf6"},"headline":"Entrega alcaldesa \u00fatiles escolares en Servicios P\u00fablicos","datePublished":"2019-08-23T23:55:24+00:00","mainEntityOfPage":{"@id":"https:\/\/www.sonoraenequipo.com.mx\/entrega-alcaldesa-utiles-escolares-en-servicios-publicos\/"},"wordCount":256,"commentCount":0,"publisher":{"@id":"https:\/\/www.sonoraenequipo.com.mx\/#organization"},"image":{"@id":"https:\/\/www.sonoraenequipo.com.mx\/entrega-alcaldesa-utiles-escolares-en-servicios-publicos\/#primaryimage"},"thumbnailUrl":"https:\/\/www.sonoraenequipo.com.mx\/storage\/2019\/08\/celida-utiles.jpg","keywords":["CELIDA LOPEZ"],"articleSection":["Municipios"],"inLanguage":"es","potentialAction":[{"@type":"CommentAction","name":"Comment","target":["https:\/\/www.sonoraenequipo.com.mx\/entrega-alcaldesa-utiles-escolares-en-servicios-publicos\/#respond"]}]},{"@type":"WebPage","@id":"https:\/\/www.sonoraenequipo.com.mx\/entrega-alcaldesa-utiles-escolares-en-servicios-publicos\/","url":"https:\/\/www.sonoraenequipo.com.mx\/entrega-alcaldesa-utiles-escolares-en-servicios-publicos\/","name":"Sonora en Equipo. Entrega alcaldesa \u00fatiles escolares en Servicios P\u00fablicos Municipios","isPartOf":{"@id":"https:\/\/www.sonoraenequipo.com.mx\/#website"},"primaryImageOfPage":{"@id":"https:\/\/www.sonoraenequipo.com.mx\/entrega-alcaldesa-utiles-escolares-en-servicios-publicos\/#primaryimage"},"image":{"@id":"https:\/\/www.sonoraenequipo.com.mx\/entrega-alcaldesa-utiles-escolares-en-servicios-publicos\/#primaryimage"},"thumbnailUrl":"https:\/\/www.sonoraenequipo.com.mx\/storage\/2019\/08\/celida-utiles.jpg","datePublished":"2019-08-23T23:55:24+00:00","description":"HERMOSILLO,SONORA.-\u00a0 Como apoyo en la econom\u00eda familiar en el pr\u00f3ximo regreso a clases, la alcaldesa Celida L\u00f3pez C\u00e1rdenas inici\u00f3 con la entrega de En Sonora en Equipo publicamos toda la informaci\u00f3n de Sonora, M\u00e9xico y el Mundo de manera oportuna y busca que la libertad de expresi\u00f3n sea real. Visita nuestro medio informativo publicado desde Hermosillo, Sonora. %","breadcrumb":{"@id":"https:\/\/www.sonoraenequipo.com.mx\/entrega-alcaldesa-utiles-escolares-en-servicios-publicos\/#breadcrumb"},"inLanguage":"es","potentialAction":[{"@type":"ReadAction","target":["https:\/\/www.sonoraenequipo.com.mx\/entrega-alcaldesa-utiles-escolares-en-servicios-publicos\/"]}]},{"@type":"ImageObject","inLanguage":"es","@id":"https:\/\/www.sonoraenequipo.com.mx\/entrega-alcaldesa-utiles-escolares-en-servicios-publicos\/#primaryimage","url":"https:\/\/www.sonoraenequipo.com.mx\/storage\/2019\/08\/celida-utiles.jpg","contentUrl":"https:\/\/www.sonoraenequipo.com.mx\/storage\/2019\/08\/celida-utiles.jpg","width":450,"height":300},{"@type":"BreadcrumbList","@id":"https:\/\/www.sonoraenequipo.com.mx\/entrega-alcaldesa-utiles-escolares-en-servicios-publicos\/#breadcrumb","itemListElement":[{"@type":"ListItem","position":1,"name":"Portada","item":"https:\/\/www.sonoraenequipo.com.mx\/"},{"@type":"ListItem","position":2,"name":"Entrega alcaldesa \u00fatiles escolares en Servicios P\u00fablicos"}]},{"@type":"WebSite","@id":"https:\/\/www.sonoraenequipo.com.mx\/#website","url":"https:\/\/www.sonoraenequipo.com.mx\/","name":"Sonora en Equipo.","description":"Diario en l\u00ednea con Noticias desde Hermosillo, Sonora","publisher":{"@id":"https:\/\/www.sonoraenequipo.com.mx\/#organization"},"potentialAction":[{"@type":"SearchAction","target":{"@type":"EntryPoint","urlTemplate":"https:\/\/www.sonoraenequipo.com.mx\/?s={search_term_string}"},"query-input":{"@type":"PropertyValueSpecification","valueRequired":true,"valueName":"search_term_string"}}],"inLanguage":"es"},{"@type":"Organization","@id":"https:\/\/www.sonoraenequipo.com.mx\/#organization","name":"Sonoraenequipo.com.mx","url":"https:\/\/www.sonoraenequipo.com.mx\/","logo":{"@type":"ImageObject","inLanguage":"es","@id":"https:\/\/www.sonoraenequipo.com.mx\/#\/schema\/logo\/image\/","url":"https:\/\/www.sonoraenequipo.com.mx\/storage\/2019\/01\/sonoraenequipo_opt.png","contentUrl":"https:\/\/www.sonoraenequipo.com.mx\/storage\/2019\/01\/sonoraenequipo_opt.png","width":375,"height":125,"caption":"Sonoraenequipo.com.mx"},"image":{"@id":"https:\/\/www.sonoraenequipo.com.mx\/#\/schema\/logo\/image\/"},"sameAs":["https:\/\/www.facebook.com\/SonoraEE\/","https:\/\/x.com\/sonoraenequipo","https:\/\/www.youtube.com\/channel\/UC338nW-lPEYmJQs4ZABQ1SQ"]},{"@type":"Person","@id":"https:\/\/www.sonoraenequipo.com.mx\/#\/schema\/person\/61a39de478a1763473ad55e8a95fddf6","name":"enequipo","image":{"@type":"ImageObject","inLanguage":"es","@id":"https:\/\/www.sonoraenequipo.com.mx\/#\/schema\/person\/image\/","url":"https:\/\/secure.gravatar.com\/avatar\/e39bc3016d8af598aed3d770c9510dfc2795f37ea1733d99fcc6e97d2c3c9f5e?s=96&d=blank&r=g","contentUrl":"https:\/\/secure.gravatar.com\/avatar\/e39bc3016d8af598aed3d770c9510dfc2795f37ea1733d99fcc6e97d2c3c9f5e?s=96&d=blank&r=g","caption":"enequipo"}}]}},"jetpack_featured_media_url":"https:\/\/www.sonoraenequipo.com.mx\/storage\/2019\/08\/celida-utiles.jpg","_links":{"self":[{"href":"https:\/\/www.sonoraenequipo.com.mx\/api\/wp\/v2\/posts\/66062","targetHints":{"allow":["GET"]}}],"collection":[{"href":"https:\/\/www.sonoraenequipo.com.mx\/api\/wp\/v2\/posts"}],"about":[{"href":"https:\/\/www.sonoraenequipo.com.mx\/api\/wp\/v2\/types\/post"}],"author":[{"embeddable":true,"href":"https:\/\/www.sonoraenequipo.com.mx\/api\/wp\/v2\/users\/178"}],"replies":[{"embeddable":true,"href":"https:\/\/www.sonoraenequipo.com.mx\/api\/wp\/v2\/comments?post=66062"}],"version-history":[{"count":0,"href":"https:\/\/www.sonoraenequipo.com.mx\/api\/wp\/v2\/posts\/66062\/revisions"}],"wp:featuredmedia":[{"embeddable":true,"href":"https:\/\/www.sonoraenequipo.com.mx\/api\/wp\/v2\/media\/66063"}],"wp:attachment":[{"href":"https:\/\/www.sonoraenequipo.com.mx\/api\/wp\/v2\/media?parent=66062"}],"wp:term":[{"taxonomy":"category","embeddable":true,"href":"https:\/\/www.sonoraenequipo.com.mx\/api\/wp\/v2\/categories?post=66062"},{"taxonomy":"post_tag","embeddable":true,"href":"https:\/\/www.sonoraenequipo.com.mx\/api\/wp\/v2\/tags?post=66062"}],"curies":[{"name":"wp","href":"https:\/\/api.w.org\/{rel}","templated":true}]}}