{"id":66073,"date":"2019-08-23T16:29:12","date_gmt":"2019-08-23T23:29:12","guid":{"rendered":"https:\/\/www.sonoraenequipo.com.mx\/?p=66073"},"modified":"2019-08-23T17:55:07","modified_gmt":"2019-08-24T00:55:07","slug":"daran-seguimiento-a-llamadas-del-911-por-violencia-familiar-y-de-genero-en-caborca","status":"publish","type":"post","link":"https:\/\/www.sonoraenequipo.com.mx\/daran-seguimiento-a-llamadas-del-911-por-violencia-familiar-y-de-genero-en-caborca\/","title":{"rendered":"Dar\u00e1n seguimiento a llamadas del 911 por violencia familiar y de g\u00e9nero en Caborca"},"content":{"rendered":"<p>CABORCA, SONORA. MX. \u2014 La Secretar\u00eda de Seguridad P\u00fablica (SSP) instal\u00f3 en Caborca el cuarto Comit\u00e9 Transversal para el estudio e implementaci\u00f3n de las llamadas de emergencia de violencia y de g\u00e9nero ALVI en el estado, inform\u00f3 David Anaya Cooley. <\/p>\n<p>El secretario de Seguridad P\u00fablica explic\u00f3 que ALVI brinda atenci\u00f3n y seguimiento a los domicilios que cuenten con llamadas reincidentes por violencia familiar y de g\u00e9nero, en coordinaci\u00f3n con 35 instituciones de los gobiernos estatal y municipal y sociedad civil.<\/p>\n<p>Con la firma de convenio con el H. Ayuntamiento, Caborca se suma a Hermosillo, Cajeme y Nogales donde ya opera el Comit\u00e9.<\/p>\n<p><em>\u00abCon esta firma de convenio se demuestra el compromiso del ayuntamiento para trabajar en forma coordinada para brindar mejor atenci\u00f3n a los casos de violencia familiar que se identifican a trav\u00e9s de las llamadas de emergencia\u00bb<\/em>, coment\u00f3.<\/p>\n<p>Durante la primera reuni\u00f3n del Comit\u00e9 Transversal ALVI en Caborca, present\u00f3 un an\u00e1lisis detallado de la incidencia a nivel estatal de llamadas al 9-1-1; dio a conocer que en primer lugar se encuentran los reportes de m\u00fasica con alto volumen, la segunda causa es por violencia intrafamiliar y el tercer lugar es persona agresiva.<\/p>\n<p>Anteriormente, dijo, no se atend\u00edan las llamadas relacionadas con violencia familiar con profesionalismo y sensibilidad, ahora a trav\u00e9s de ALVI brindan apoyo las 24 horas del d\u00eda con un protocolo espec\u00edfico por medio de los despachos del Instituto Sonorense (ISM) de las Mujeres y DIF Sonora.<\/p>\n<p>Espec\u00edficamente en el caso de Caborca, precis\u00f3, se encuentra en octavo lugar en el top por municipios con 909 llamadas recibidas a la l\u00ednea de emergencia en lo que va del 2019.<\/p>\n<p>Ante el presidente municipal de Caborca, Librado Mac\u00edas Gonz\u00e1lez, Anaya Cooley manifest\u00f3 que las colonias con mayor \u00edndice de reportes al 9-1-1 por violencia familiar este a\u00f1o, son: Santa Cecilia, Centro, La Huerta, Bur\u00f3crata, Aviaci\u00f3n, Palma Dorada, L\u00e1zaro C\u00e1rdenas, Rural, Plutarco El\u00edas Calles (La Y Griega) y Tierra Blanca.<\/p>\n<p>Se\u00f1al\u00f3 que es el domingo entre las 7 y 11 de la noche cuando se incrementan las llamadas relacionadas con violencia familiar en Caborca.<br \/>\nSeg\u00fan estad\u00edsticas del 9-1-1, la violencia familiar en el municipio, en su mayor\u00eda es de tipo sicol\u00f3gica, f\u00edsica y patrimonial; y se ejerce de hombre a mujer, familiar y ex esposo a mujer.<\/p>\n<p>La directora de Seguimiento Internacional a Programas con Perspectivas de G\u00e9nero de la SSP, Cassandra L\u00f3pez Manzano, expuso a detalle la forma en la que opera este protocolo.<\/p>\n<p>Indic\u00f3 que mediante la transversalidad trabajan en equipo en el an\u00e1lisis y con la participaci\u00f3n del grupo especializado (polic\u00edas municipales), se est\u00e1 mejorando la atenci\u00f3n de las llamadas.<\/p>\n<p>Por su parte, Blanca Salda\u00f1a L\u00f3pez, coordinadora ejecutiva del ISM, celebr\u00f3 esta alianza de colaboraci\u00f3n que la SSP encabeza, ya que el trabajo a favor de las mujeres, no s\u00f3lo es responsabilidad de la instituci\u00f3n a su cargo.<\/p>\n<p>Presente: Guadalupe Dom\u00ednguez de Mac\u00edas, presidenta del DIF Caborca; Omar G\u00f3mez Ruiz, coordinador general del C5i; Jorge Andr\u00e9s Suilo Orozco, coordinador del Centro Estatal de Prevenci\u00f3n del Delito y Participaci\u00f3n Ciudadana; Eduardo Leal Molina, comisario de Seguridad P\u00fablica en Caborca, y autoridades municipales.<\/p>\n<p>(PUBLICADO EL 23\/08\/2019<\/p>\n","protected":false},"excerpt":{"rendered":"<p>CABORCA, SONORA. MX. \u2014 La Secretar\u00eda de Seguridad P\u00fablica (SSP) instal\u00f3 en Caborca el cuarto&#8230;<\/p>\n","protected":false},"author":1,"featured_media":66079,"comment_status":"open","ping_status":"open","sticky":false,"template":"","format":"standard","meta":{"_monsterinsights_skip_tracking":false,"_monsterinsights_sitenote_active":false,"_monsterinsights_sitenote_note":"","_monsterinsights_sitenote_category":0,"footnotes":""},"categories":[22],"tags":[],"class_list":["post"],"yoast_head":" \n<title>Sonora en Equipo. Dar\u00e1n seguimiento a llamadas del 911 por violencia familiar y de g\u00e9nero en Caborca Sonora<\/title>\n<meta name=\"description\" content=\"CABORCA, SONORA. MX. \u2014 La Secretar\u00eda de Seguridad P\u00fablica (SSP) instal\u00f3 en Caborca el cuarto Comit\u00e9 Transversal para el estudio e implementaci\u00f3n de las En Sonora en Equipo publicamos toda la informaci\u00f3n de Sonora, M\u00e9xico y el Mundo de manera oportuna y busca que la libertad de expresi\u00f3n sea real. Visita nuestro medio informativo publicado desde Hermosillo, Sonora. %\" \/>\n<meta name=\"robots\" content=\"index, follow, max-snippet:-1, max-image-preview:large, max-video-preview:-1\" \/>\n<link rel=\"canonical\" href=\"https:\/\/www.sonoraenequipo.com.mx\/daran-seguimiento-a-llamadas-del-911-por-violencia-familiar-y-de-genero-en-caborca\/\" \/>\n<meta property=\"og:locale\" content=\"es_ES\" \/>\n<meta property=\"og:type\" content=\"article\" \/>\n<meta property=\"og:title\" content=\"Sonora en Equipo. Dar\u00e1n seguimiento a llamadas del 911 por violencia familiar y de g\u00e9nero en Caborca Sonora\" \/>\n<meta property=\"og:description\" content=\"CABORCA, SONORA. MX. \u2014 La Secretar\u00eda de Seguridad P\u00fablica (SSP) instal\u00f3 en Caborca el cuarto Comit\u00e9 Transversal para el estudio e implementaci\u00f3n de las En Sonora en Equipo publicamos toda la informaci\u00f3n de Sonora, M\u00e9xico y el Mundo de manera oportuna y busca que la libertad de expresi\u00f3n sea real. Visita nuestro medio informativo publicado desde Hermosillo, Sonora. %\" \/>\n<meta property=\"og:url\" content=\"https:\/\/www.sonoraenequipo.com.mx\/daran-seguimiento-a-llamadas-del-911-por-violencia-familiar-y-de-genero-en-caborca\/\" \/>\n<meta property=\"og:site_name\" content=\"Sonora en Equipo.\" \/>\n<meta property=\"article:publisher\" content=\"https:\/\/www.facebook.com\/SonoraEE\/\" \/>\n<meta property=\"article:author\" content=\"https:\/\/www.facebook.com\/SonoraEE\" \/>\n<meta property=\"article:published_time\" content=\"2019-08-23T23:29:12+00:00\" \/>\n<meta property=\"article:modified_time\" content=\"2019-08-24T00:55:07+00:00\" \/>\n<meta property=\"og:image\" content=\"https:\/\/www.sonoraenequipo.com.mx\/storage\/2019\/08\/violenciadegeneroencaborca_opt1.jpg\" \/>\n\t<meta property=\"og:image:width\" content=\"551\" \/>\n\t<meta property=\"og:image:height\" content=\"367\" \/>\n\t<meta property=\"og:image:type\" content=\"image\/jpeg\" \/>\n<meta name=\"author\" content=\"enequipo\" \/>\n<meta name=\"twitter:card\" content=\"summary_large_image\" \/>\n<meta name=\"twitter:creator\" content=\"@sonoraenequipo\" \/>\n<meta name=\"twitter:site\" content=\"@sonoraenequipo\" \/>\n<meta name=\"twitter:label1\" content=\"Escrito por\" \/>\n\t<meta name=\"twitter:data1\" content=\"enequipo\" \/>\n\t<meta name=\"twitter:label2\" content=\"Tiempo de lectura\" \/>\n\t<meta name=\"twitter:data2\" content=\"3 minutos\" \/>\n<script type=\"application\/ld+json\" class=\"yoast-schema-graph\">{\"@context\":\"https:\/\/schema.org\",\"@graph\":[{\"@type\":\"Article\",\"@id\":\"https:\/\/www.sonoraenequipo.com.mx\/daran-seguimiento-a-llamadas-del-911-por-violencia-familiar-y-de-genero-en-caborca\/#article\",\"isPartOf\":{\"@id\":\"https:\/\/www.sonoraenequipo.com.mx\/daran-seguimiento-a-llamadas-del-911-por-violencia-familiar-y-de-genero-en-caborca\/\"},\"author\":{\"name\":\"enequipo\",\"@id\":\"https:\/\/www.sonoraenequipo.com.mx\/#\/schema\/person\/50102df0fb23a8fa9e8effad8fa81386\"},\"headline\":\"Dar\u00e1n seguimiento a llamadas del 911 por violencia familiar y de g\u00e9nero en Caborca\",\"datePublished\":\"2019-08-23T23:29:12+00:00\",\"dateModified\":\"2019-08-24T00:55:07+00:00\",\"mainEntityOfPage\":{\"@id\":\"https:\/\/www.sonoraenequipo.com.mx\/daran-seguimiento-a-llamadas-del-911-por-violencia-familiar-y-de-genero-en-caborca\/\"},\"wordCount\":579,\"commentCount\":0,\"publisher\":{\"@id\":\"https:\/\/www.sonoraenequipo.com.mx\/#organization\"},\"image\":{\"@id\":\"https:\/\/www.sonoraenequipo.com.mx\/daran-seguimiento-a-llamadas-del-911-por-violencia-familiar-y-de-genero-en-caborca\/#primaryimage\"},\"thumbnailUrl\":\"https:\/\/www.sonoraenequipo.com.mx\/storage\/2019\/08\/violenciadegeneroencaborca_opt1.jpg\",\"articleSection\":[\"Sonora\"],\"inLanguage\":\"es\",\"potentialAction\":[{\"@type\":\"CommentAction\",\"name\":\"Comment\",\"target\":[\"https:\/\/www.sonoraenequipo.com.mx\/daran-seguimiento-a-llamadas-del-911-por-violencia-familiar-y-de-genero-en-caborca\/#respond\"]}]},{\"@type\":\"WebPage\",\"@id\":\"https:\/\/www.sonoraenequipo.com.mx\/daran-seguimiento-a-llamadas-del-911-por-violencia-familiar-y-de-genero-en-caborca\/\",\"url\":\"https:\/\/www.sonoraenequipo.com.mx\/daran-seguimiento-a-llamadas-del-911-por-violencia-familiar-y-de-genero-en-caborca\/\",\"name\":\"Sonora en Equipo. Dar\u00e1n seguimiento a llamadas del 911 por violencia familiar y de g\u00e9nero en Caborca Sonora\",\"isPartOf\":{\"@id\":\"https:\/\/www.sonoraenequipo.com.mx\/#website\"},\"primaryImageOfPage\":{\"@id\":\"https:\/\/www.sonoraenequipo.com.mx\/daran-seguimiento-a-llamadas-del-911-por-violencia-familiar-y-de-genero-en-caborca\/#primaryimage\"},\"image\":{\"@id\":\"https:\/\/www.sonoraenequipo.com.mx\/daran-seguimiento-a-llamadas-del-911-por-violencia-familiar-y-de-genero-en-caborca\/#primaryimage\"},\"thumbnailUrl\":\"https:\/\/www.sonoraenequipo.com.mx\/storage\/2019\/08\/violenciadegeneroencaborca_opt1.jpg\",\"datePublished\":\"2019-08-23T23:29:12+00:00\",\"dateModified\":\"2019-08-24T00:55:07+00:00\",\"description\":\"CABORCA, SONORA. MX. \u2014 La Secretar\u00eda de Seguridad P\u00fablica (SSP) instal\u00f3 en Caborca el cuarto Comit\u00e9 Transversal para el estudio e implementaci\u00f3n de las En Sonora en Equipo publicamos toda la informaci\u00f3n de Sonora, M\u00e9xico y el Mundo de manera oportuna y busca que la libertad de expresi\u00f3n sea real. Visita nuestro medio informativo publicado desde Hermosillo, Sonora. %\",\"breadcrumb\":{\"@id\":\"https:\/\/www.sonoraenequipo.com.mx\/daran-seguimiento-a-llamadas-del-911-por-violencia-familiar-y-de-genero-en-caborca\/#breadcrumb\"},\"inLanguage\":\"es\",\"potentialAction\":[{\"@type\":\"ReadAction\",\"target\":[\"https:\/\/www.sonoraenequipo.com.mx\/daran-seguimiento-a-llamadas-del-911-por-violencia-familiar-y-de-genero-en-caborca\/\"]}]},{\"@type\":\"ImageObject\",\"inLanguage\":\"es\",\"@id\":\"https:\/\/www.sonoraenequipo.com.mx\/daran-seguimiento-a-llamadas-del-911-por-violencia-familiar-y-de-genero-en-caborca\/#primaryimage\",\"url\":\"https:\/\/www.sonoraenequipo.com.mx\/storage\/2019\/08\/violenciadegeneroencaborca_opt1.jpg\",\"contentUrl\":\"https:\/\/www.sonoraenequipo.com.mx\/storage\/2019\/08\/violenciadegeneroencaborca_opt1.jpg\",\"width\":551,\"height\":367},{\"@type\":\"BreadcrumbList\",\"@id\":\"https:\/\/www.sonoraenequipo.com.mx\/daran-seguimiento-a-llamadas-del-911-por-violencia-familiar-y-de-genero-en-caborca\/#breadcrumb\",\"itemListElement\":[{\"@type\":\"ListItem\",\"position\":1,\"name\":\"Portada\",\"item\":\"https:\/\/www.sonoraenequipo.com.mx\/\"},{\"@type\":\"ListItem\",\"position\":2,\"name\":\"Dar\u00e1n seguimiento a llamadas del 911 por violencia familiar y de g\u00e9nero en Caborca\"}]},{\"@type\":\"WebSite\",\"@id\":\"https:\/\/www.sonoraenequipo.com.mx\/#website\",\"url\":\"https:\/\/www.sonoraenequipo.com.mx\/\",\"name\":\"Sonora en Equipo.\",\"description\":\"Diario en l\u00ednea con Noticias desde Hermosillo, Sonora\",\"publisher\":{\"@id\":\"https:\/\/www.sonoraenequipo.com.mx\/#organization\"},\"potentialAction\":[{\"@type\":\"SearchAction\",\"target\":{\"@type\":\"EntryPoint\",\"urlTemplate\":\"https:\/\/www.sonoraenequipo.com.mx\/?s={search_term_string}\"},\"query-input\":{\"@type\":\"PropertyValueSpecification\",\"valueRequired\":true,\"valueName\":\"search_term_string\"}}],\"inLanguage\":\"es\"},{\"@type\":\"Organization\",\"@id\":\"https:\/\/www.sonoraenequipo.com.mx\/#organization\",\"name\":\"Sonoraenequipo.com.mx\",\"url\":\"https:\/\/www.sonoraenequipo.com.mx\/\",\"logo\":{\"@type\":\"ImageObject\",\"inLanguage\":\"es\",\"@id\":\"https:\/\/www.sonoraenequipo.com.mx\/#\/schema\/logo\/image\/\",\"url\":\"https:\/\/www.sonoraenequipo.com.mx\/storage\/2019\/01\/sonoraenequipo_opt.png\",\"contentUrl\":\"https:\/\/www.sonoraenequipo.com.mx\/storage\/2019\/01\/sonoraenequipo_opt.png\",\"width\":375,\"height\":125,\"caption\":\"Sonoraenequipo.com.mx\"},\"image\":{\"@id\":\"https:\/\/www.sonoraenequipo.com.mx\/#\/schema\/logo\/image\/\"},\"sameAs\":[\"https:\/\/www.facebook.com\/SonoraEE\/\",\"https:\/\/x.com\/sonoraenequipo\",\"https:\/\/www.youtube.com\/channel\/UC338nW-lPEYmJQs4ZABQ1SQ\"]},{\"@type\":\"Person\",\"@id\":\"https:\/\/www.sonoraenequipo.com.mx\/#\/schema\/person\/50102df0fb23a8fa9e8effad8fa81386\",\"name\":\"enequipo\",\"image\":{\"@type\":\"ImageObject\",\"inLanguage\":\"es\",\"@id\":\"https:\/\/www.sonoraenequipo.com.mx\/#\/schema\/person\/image\/\",\"url\":\"https:\/\/secure.gravatar.com\/avatar\/049821681b589dabc0bc20695993ccebb09f5b5d4d790cd9251b97faac7c652b?s=96&d=blank&r=g\",\"contentUrl\":\"https:\/\/secure.gravatar.com\/avatar\/049821681b589dabc0bc20695993ccebb09f5b5d4d790cd9251b97faac7c652b?s=96&d=blank&r=g\",\"caption\":\"enequipo\"},\"sameAs\":[\"https:\/\/www.facebook.com\/SonoraEE\"]}]}<\/script>\n ","yoast_head_json":{"title":"Sonora en Equipo. Dar\u00e1n seguimiento a llamadas del 911 por violencia familiar y de g\u00e9nero en Caborca Sonora","description":"CABORCA, SONORA. MX. \u2014 La Secretar\u00eda de Seguridad P\u00fablica (SSP) instal\u00f3 en Caborca el cuarto Comit\u00e9 Transversal para el estudio e implementaci\u00f3n de las En Sonora en Equipo publicamos toda la informaci\u00f3n de Sonora, M\u00e9xico y el Mundo de manera oportuna y busca que la libertad de expresi\u00f3n sea real. Visita nuestro medio informativo publicado desde Hermosillo, Sonora. %","robots":{"index":"index","follow":"follow","max-snippet":"max-snippet:-1","max-image-preview":"max-image-preview:large","max-video-preview":"max-video-preview:-1"},"canonical":"https:\/\/www.sonoraenequipo.com.mx\/daran-seguimiento-a-llamadas-del-911-por-violencia-familiar-y-de-genero-en-caborca\/","og_locale":"es_ES","og_type":"article","og_title":"Sonora en Equipo. Dar\u00e1n seguimiento a llamadas del 911 por violencia familiar y de g\u00e9nero en Caborca Sonora","og_description":"CABORCA, SONORA. MX. \u2014 La Secretar\u00eda de Seguridad P\u00fablica (SSP) instal\u00f3 en Caborca el cuarto Comit\u00e9 Transversal para el estudio e implementaci\u00f3n de las En Sonora en Equipo publicamos toda la informaci\u00f3n de Sonora, M\u00e9xico y el Mundo de manera oportuna y busca que la libertad de expresi\u00f3n sea real. Visita nuestro medio informativo publicado desde Hermosillo, Sonora. %","og_url":"https:\/\/www.sonoraenequipo.com.mx\/daran-seguimiento-a-llamadas-del-911-por-violencia-familiar-y-de-genero-en-caborca\/","og_site_name":"Sonora en Equipo.","article_publisher":"https:\/\/www.facebook.com\/SonoraEE\/","article_author":"https:\/\/www.facebook.com\/SonoraEE","article_published_time":"2019-08-23T23:29:12+00:00","article_modified_time":"2019-08-24T00:55:07+00:00","og_image":[{"width":551,"height":367,"url":"https:\/\/www.sonoraenequipo.com.mx\/storage\/2019\/08\/violenciadegeneroencaborca_opt1.jpg","type":"image\/jpeg"}],"author":"enequipo","twitter_card":"summary_large_image","twitter_creator":"@sonoraenequipo","twitter_site":"@sonoraenequipo","twitter_misc":{"Escrito por":"enequipo","Tiempo de lectura":"3 minutos"},"schema":{"@context":"https:\/\/schema.org","@graph":[{"@type":"Article","@id":"https:\/\/www.sonoraenequipo.com.mx\/daran-seguimiento-a-llamadas-del-911-por-violencia-familiar-y-de-genero-en-caborca\/#article","isPartOf":{"@id":"https:\/\/www.sonoraenequipo.com.mx\/daran-seguimiento-a-llamadas-del-911-por-violencia-familiar-y-de-genero-en-caborca\/"},"author":{"name":"enequipo","@id":"https:\/\/www.sonoraenequipo.com.mx\/#\/schema\/person\/50102df0fb23a8fa9e8effad8fa81386"},"headline":"Dar\u00e1n seguimiento a llamadas del 911 por violencia familiar y de g\u00e9nero en Caborca","datePublished":"2019-08-23T23:29:12+00:00","dateModified":"2019-08-24T00:55:07+00:00","mainEntityOfPage":{"@id":"https:\/\/www.sonoraenequipo.com.mx\/daran-seguimiento-a-llamadas-del-911-por-violencia-familiar-y-de-genero-en-caborca\/"},"wordCount":579,"commentCount":0,"publisher":{"@id":"https:\/\/www.sonoraenequipo.com.mx\/#organization"},"image":{"@id":"https:\/\/www.sonoraenequipo.com.mx\/daran-seguimiento-a-llamadas-del-911-por-violencia-familiar-y-de-genero-en-caborca\/#primaryimage"},"thumbnailUrl":"https:\/\/www.sonoraenequipo.com.mx\/storage\/2019\/08\/violenciadegeneroencaborca_opt1.jpg","articleSection":["Sonora"],"inLanguage":"es","potentialAction":[{"@type":"CommentAction","name":"Comment","target":["https:\/\/www.sonoraenequipo.com.mx\/daran-seguimiento-a-llamadas-del-911-por-violencia-familiar-y-de-genero-en-caborca\/#respond"]}]},{"@type":"WebPage","@id":"https:\/\/www.sonoraenequipo.com.mx\/daran-seguimiento-a-llamadas-del-911-por-violencia-familiar-y-de-genero-en-caborca\/","url":"https:\/\/www.sonoraenequipo.com.mx\/daran-seguimiento-a-llamadas-del-911-por-violencia-familiar-y-de-genero-en-caborca\/","name":"Sonora en Equipo. Dar\u00e1n seguimiento a llamadas del 911 por violencia familiar y de g\u00e9nero en Caborca Sonora","isPartOf":{"@id":"https:\/\/www.sonoraenequipo.com.mx\/#website"},"primaryImageOfPage":{"@id":"https:\/\/www.sonoraenequipo.com.mx\/daran-seguimiento-a-llamadas-del-911-por-violencia-familiar-y-de-genero-en-caborca\/#primaryimage"},"image":{"@id":"https:\/\/www.sonoraenequipo.com.mx\/daran-seguimiento-a-llamadas-del-911-por-violencia-familiar-y-de-genero-en-caborca\/#primaryimage"},"thumbnailUrl":"https:\/\/www.sonoraenequipo.com.mx\/storage\/2019\/08\/violenciadegeneroencaborca_opt1.jpg","datePublished":"2019-08-23T23:29:12+00:00","dateModified":"2019-08-24T00:55:07+00:00","description":"CABORCA, SONORA. MX. \u2014 La Secretar\u00eda de Seguridad P\u00fablica (SSP) instal\u00f3 en Caborca el cuarto Comit\u00e9 Transversal para el estudio e implementaci\u00f3n de las En Sonora en Equipo publicamos toda la informaci\u00f3n de Sonora, M\u00e9xico y el Mundo de manera oportuna y busca que la libertad de expresi\u00f3n sea real. Visita nuestro medio informativo publicado desde Hermosillo, Sonora. %","breadcrumb":{"@id":"https:\/\/www.sonoraenequipo.com.mx\/daran-seguimiento-a-llamadas-del-911-por-violencia-familiar-y-de-genero-en-caborca\/#breadcrumb"},"inLanguage":"es","potentialAction":[{"@type":"ReadAction","target":["https:\/\/www.sonoraenequipo.com.mx\/daran-seguimiento-a-llamadas-del-911-por-violencia-familiar-y-de-genero-en-caborca\/"]}]},{"@type":"ImageObject","inLanguage":"es","@id":"https:\/\/www.sonoraenequipo.com.mx\/daran-seguimiento-a-llamadas-del-911-por-violencia-familiar-y-de-genero-en-caborca\/#primaryimage","url":"https:\/\/www.sonoraenequipo.com.mx\/storage\/2019\/08\/violenciadegeneroencaborca_opt1.jpg","contentUrl":"https:\/\/www.sonoraenequipo.com.mx\/storage\/2019\/08\/violenciadegeneroencaborca_opt1.jpg","width":551,"height":367},{"@type":"BreadcrumbList","@id":"https:\/\/www.sonoraenequipo.com.mx\/daran-seguimiento-a-llamadas-del-911-por-violencia-familiar-y-de-genero-en-caborca\/#breadcrumb","itemListElement":[{"@type":"ListItem","position":1,"name":"Portada","item":"https:\/\/www.sonoraenequipo.com.mx\/"},{"@type":"ListItem","position":2,"name":"Dar\u00e1n seguimiento a llamadas del 911 por violencia familiar y de g\u00e9nero en Caborca"}]},{"@type":"WebSite","@id":"https:\/\/www.sonoraenequipo.com.mx\/#website","url":"https:\/\/www.sonoraenequipo.com.mx\/","name":"Sonora en Equipo.","description":"Diario en l\u00ednea con Noticias desde Hermosillo, Sonora","publisher":{"@id":"https:\/\/www.sonoraenequipo.com.mx\/#organization"},"potentialAction":[{"@type":"SearchAction","target":{"@type":"EntryPoint","urlTemplate":"https:\/\/www.sonoraenequipo.com.mx\/?s={search_term_string}"},"query-input":{"@type":"PropertyValueSpecification","valueRequired":true,"valueName":"search_term_string"}}],"inLanguage":"es"},{"@type":"Organization","@id":"https:\/\/www.sonoraenequipo.com.mx\/#organization","name":"Sonoraenequipo.com.mx","url":"https:\/\/www.sonoraenequipo.com.mx\/","logo":{"@type":"ImageObject","inLanguage":"es","@id":"https:\/\/www.sonoraenequipo.com.mx\/#\/schema\/logo\/image\/","url":"https:\/\/www.sonoraenequipo.com.mx\/storage\/2019\/01\/sonoraenequipo_opt.png","contentUrl":"https:\/\/www.sonoraenequipo.com.mx\/storage\/2019\/01\/sonoraenequipo_opt.png","width":375,"height":125,"caption":"Sonoraenequipo.com.mx"},"image":{"@id":"https:\/\/www.sonoraenequipo.com.mx\/#\/schema\/logo\/image\/"},"sameAs":["https:\/\/www.facebook.com\/SonoraEE\/","https:\/\/x.com\/sonoraenequipo","https:\/\/www.youtube.com\/channel\/UC338nW-lPEYmJQs4ZABQ1SQ"]},{"@type":"Person","@id":"https:\/\/www.sonoraenequipo.com.mx\/#\/schema\/person\/50102df0fb23a8fa9e8effad8fa81386","name":"enequipo","image":{"@type":"ImageObject","inLanguage":"es","@id":"https:\/\/www.sonoraenequipo.com.mx\/#\/schema\/person\/image\/","url":"https:\/\/secure.gravatar.com\/avatar\/049821681b589dabc0bc20695993ccebb09f5b5d4d790cd9251b97faac7c652b?s=96&d=blank&r=g","contentUrl":"https:\/\/secure.gravatar.com\/avatar\/049821681b589dabc0bc20695993ccebb09f5b5d4d790cd9251b97faac7c652b?s=96&d=blank&r=g","caption":"enequipo"},"sameAs":["https:\/\/www.facebook.com\/SonoraEE"]}]}},"jetpack_featured_media_url":"https:\/\/www.sonoraenequipo.com.mx\/storage\/2019\/08\/violenciadegeneroencaborca_opt1.jpg","_links":{"self":[{"href":"https:\/\/www.sonoraenequipo.com.mx\/api\/wp\/v2\/posts\/66073","targetHints":{"allow":["GET"]}}],"collection":[{"href":"https:\/\/www.sonoraenequipo.com.mx\/api\/wp\/v2\/posts"}],"about":[{"href":"https:\/\/www.sonoraenequipo.com.mx\/api\/wp\/v2\/types\/post"}],"author":[{"embeddable":true,"href":"https:\/\/www.sonoraenequipo.com.mx\/api\/wp\/v2\/users\/1"}],"replies":[{"embeddable":true,"href":"https:\/\/www.sonoraenequipo.com.mx\/api\/wp\/v2\/comments?post=66073"}],"version-history":[{"count":0,"href":"https:\/\/www.sonoraenequipo.com.mx\/api\/wp\/v2\/posts\/66073\/revisions"}],"wp:featuredmedia":[{"embeddable":true,"href":"https:\/\/www.sonoraenequipo.com.mx\/api\/wp\/v2\/media\/66079"}],"wp:attachment":[{"href":"https:\/\/www.sonoraenequipo.com.mx\/api\/wp\/v2\/media?parent=66073"}],"wp:term":[{"taxonomy":"category","embeddable":true,"href":"https:\/\/www.sonoraenequipo.com.mx\/api\/wp\/v2\/categories?post=66073"},{"taxonomy":"post_tag","embeddable":true,"href":"https:\/\/www.sonoraenequipo.com.mx\/api\/wp\/v2\/tags?post=66073"}],"curies":[{"name":"wp","href":"https:\/\/api.w.org\/{rel}","templated":true}]}}