{"id":66167,"date":"2019-08-26T07:40:13","date_gmt":"2019-08-26T14:40:13","guid":{"rendered":"https:\/\/www.sonoraenequipo.com.mx\/?p=66167"},"modified":"2019-08-26T08:19:11","modified_gmt":"2019-08-26T15:19:11","slug":"en-mexico-regresan-a-clases-mas-de-25-millones-de-alumnos","status":"publish","type":"post","link":"https:\/\/www.sonoraenequipo.com.mx\/en-mexico-regresan-a-clases-mas-de-25-millones-de-alumnos\/","title":{"rendered":"En M\u00e9xico regresan a clases m\u00e1s de 25 millones de alumnos"},"content":{"rendered":"<p>CIUDAD DE M\u00c9XICO. MX. \u2014 La Secretar\u00eda de Educaci\u00f3n P\u00fablica (SEP) inform\u00f3 que este lunes 26 de agosto m\u00e1s de 25.4 millones de alumnos de educaci\u00f3n b\u00e1sica inician el nuevo ciclo escolar 2019-20, el primero de la Cuarta Transformaci\u00f3n. <\/p>\n<p>Apunt\u00f3 que este ciclo arrancar\u00e1 con un nuevo marco jur\u00eddico constitucional en el que las ni\u00f1as, ni\u00f1os, j\u00f3venes y adolescentes ser\u00e1n el centro de las pol\u00edticas p\u00fablicas en materia educativa.<\/p>\n<p>Con la integraci\u00f3n de las leyes secundarias en materia educativa, los docentes contar\u00e1n con un nuevo sistema de carrera a trav\u00e9s del cual tendr\u00e1n certeza y justicia laboral.<\/p>\n<p>La dependencia a cargo de Esteban Moctezuma asegur\u00f3 que, por primera vez, existir\u00e1 un organismo que integrar\u00e1 los esfuerzos de todo el sistema educativo nacional para la mejora continua de la educaci\u00f3n.<\/p>\n<p>M\u00e1s de 1.2 millones de docentes iniciar\u00e1n clases y, <em>\u201ccomo nunca antes, ser\u00e1n transformadores del cambio, no solo en el aula, sino tambi\u00e9n en las comunidades de todo el pa\u00eds, como parte de la Nueva Escuela Mexicana\u201d,<\/em> inform\u00f3.<\/p>\n<p>El secretario de Educaci\u00f3n P\u00fablica coment\u00f3 que con el nuevo ciclo escolar est\u00e1n por comenzar<em> \u201clas actividades de la Nueva Escuela Mexicana\u201d.<\/em><\/p>\n<p>Agreg\u00f3 que el ciclo escolar 2019-20, ser\u00e1 el primer curso lectivo completo que se llevar\u00e1 a cabo con el gobierno del presidente Andr\u00e9s Manuel L\u00f3pez Obrador, <em>\u201cquien promueve una educaci\u00f3n de calidad e inclusiva, con atenci\u00f3n especial a los que m\u00e1s lo necesitan\u201d.<\/em><\/p>\n<p>Invit\u00f3 a estudiantes y docentes a trabajar junto con la SEP para iniciar la construcci\u00f3n de la Nueva Escuela Mexicana y resalt\u00f3 que lo mejor de la educaci\u00f3n est\u00e1 por venir.<\/p>\n<p>Se\u00f1al\u00f3 que se distribuyeron 176 millones de Libros de Texto Gratuitos, con lo que se cumple el compromiso de que ning\u00fan estudiante, sin importar d\u00f3nde se ubique su plantel, cuente con los materiales para el nuevo ciclo escolar.<\/p>\n<p>Este nuevo ciclo iniciar\u00e1 en 232 mil 876 escuelas, de las cuales 198 mil 348 ser\u00e1n p\u00fablicas y 34 mil 528 privadas.<\/p>\n<p>En educaci\u00f3n inicial estar\u00e1n 284 mil 946 alumnos; en preescolar 4 millones 773 mil 360; en primaria 13 millones 920 mil 602; mientras que en secundaria ser\u00e1n 6 millones 439 mil 72 estudiantes.<\/p>\n<p>&nbsp;<\/p>\n<p>(PUBLICADO EL 26\/08\/2019<\/p>\n","protected":false},"excerpt":{"rendered":"<p>CIUDAD DE M\u00c9XICO. MX. \u2014 La Secretar\u00eda de Educaci\u00f3n P\u00fablica (SEP) inform\u00f3 que este lunes&#8230;<\/p>\n","protected":false},"author":1,"featured_media":66168,"comment_status":"open","ping_status":"open","sticky":false,"template":"","format":"standard","meta":{"_monsterinsights_skip_tracking":false,"_monsterinsights_sitenote_active":false,"_monsterinsights_sitenote_note":"","_monsterinsights_sitenote_category":0,"footnotes":""},"categories":[5],"tags":[],"class_list":["post"],"yoast_head":" \n<title>Sonora en Equipo. En M\u00e9xico regresan a clases m\u00e1s de 25 millones de alumnos Rep\u00fablica<\/title>\n<meta name=\"description\" content=\"CIUDAD DE M\u00c9XICO. MX. \u2014 La Secretar\u00eda de Educaci\u00f3n P\u00fablica (SEP) inform\u00f3 que este lunes 26 de agosto m\u00e1s de 25.4 millones de alumnos de educaci\u00f3n b\u00e1sica En Sonora en Equipo publicamos toda la informaci\u00f3n de Sonora, M\u00e9xico y el Mundo de manera oportuna y busca que la libertad de expresi\u00f3n sea real. Visita nuestro medio informativo publicado desde Hermosillo, Sonora. %\" \/>\n<meta name=\"robots\" content=\"index, follow, max-snippet:-1, max-image-preview:large, max-video-preview:-1\" \/>\n<link rel=\"canonical\" href=\"https:\/\/www.sonoraenequipo.com.mx\/en-mexico-regresan-a-clases-mas-de-25-millones-de-alumnos\/\" \/>\n<meta property=\"og:locale\" content=\"es_ES\" \/>\n<meta property=\"og:type\" content=\"article\" \/>\n<meta property=\"og:title\" content=\"Sonora en Equipo. En M\u00e9xico regresan a clases m\u00e1s de 25 millones de alumnos Rep\u00fablica\" \/>\n<meta property=\"og:description\" content=\"CIUDAD DE M\u00c9XICO. MX. \u2014 La Secretar\u00eda de Educaci\u00f3n P\u00fablica (SEP) inform\u00f3 que este lunes 26 de agosto m\u00e1s de 25.4 millones de alumnos de educaci\u00f3n b\u00e1sica En Sonora en Equipo publicamos toda la informaci\u00f3n de Sonora, M\u00e9xico y el Mundo de manera oportuna y busca que la libertad de expresi\u00f3n sea real. Visita nuestro medio informativo publicado desde Hermosillo, Sonora. %\" \/>\n<meta property=\"og:url\" content=\"https:\/\/www.sonoraenequipo.com.mx\/en-mexico-regresan-a-clases-mas-de-25-millones-de-alumnos\/\" \/>\n<meta property=\"og:site_name\" content=\"Sonora en Equipo.\" \/>\n<meta property=\"article:publisher\" content=\"https:\/\/www.facebook.com\/SonoraEE\/\" \/>\n<meta property=\"article:author\" content=\"https:\/\/www.facebook.com\/SonoraEE\" \/>\n<meta property=\"article:published_time\" content=\"2019-08-26T14:40:13+00:00\" \/>\n<meta property=\"article:modified_time\" content=\"2019-08-26T15:19:11+00:00\" \/>\n<meta property=\"og:image\" content=\"https:\/\/www.sonoraenequipo.com.mx\/storage\/2019\/08\/policias-vigilaran_opt.jpg\" \/>\n\t<meta property=\"og:image:width\" content=\"694\" \/>\n\t<meta property=\"og:image:height\" content=\"400\" \/>\n\t<meta property=\"og:image:type\" content=\"image\/jpeg\" \/>\n<meta name=\"author\" content=\"enequipo\" \/>\n<meta name=\"twitter:card\" content=\"summary_large_image\" \/>\n<meta name=\"twitter:creator\" content=\"@sonoraenequipo\" \/>\n<meta name=\"twitter:site\" content=\"@sonoraenequipo\" \/>\n<meta name=\"twitter:label1\" content=\"Escrito por\" \/>\n\t<meta name=\"twitter:data1\" content=\"enequipo\" \/>\n\t<meta name=\"twitter:label2\" content=\"Tiempo de lectura\" \/>\n\t<meta name=\"twitter:data2\" content=\"2 minutos\" \/>\n<script type=\"application\/ld+json\" class=\"yoast-schema-graph\">{\"@context\":\"https:\/\/schema.org\",\"@graph\":[{\"@type\":\"Article\",\"@id\":\"https:\/\/www.sonoraenequipo.com.mx\/en-mexico-regresan-a-clases-mas-de-25-millones-de-alumnos\/#article\",\"isPartOf\":{\"@id\":\"https:\/\/www.sonoraenequipo.com.mx\/en-mexico-regresan-a-clases-mas-de-25-millones-de-alumnos\/\"},\"author\":{\"name\":\"enequipo\",\"@id\":\"https:\/\/www.sonoraenequipo.com.mx\/#\/schema\/person\/50102df0fb23a8fa9e8effad8fa81386\"},\"headline\":\"En M\u00e9xico regresan a clases m\u00e1s de 25 millones de alumnos\",\"datePublished\":\"2019-08-26T14:40:13+00:00\",\"dateModified\":\"2019-08-26T15:19:11+00:00\",\"mainEntityOfPage\":{\"@id\":\"https:\/\/www.sonoraenequipo.com.mx\/en-mexico-regresan-a-clases-mas-de-25-millones-de-alumnos\/\"},\"wordCount\":392,\"commentCount\":0,\"publisher\":{\"@id\":\"https:\/\/www.sonoraenequipo.com.mx\/#organization\"},\"image\":{\"@id\":\"https:\/\/www.sonoraenequipo.com.mx\/en-mexico-regresan-a-clases-mas-de-25-millones-de-alumnos\/#primaryimage\"},\"thumbnailUrl\":\"https:\/\/www.sonoraenequipo.com.mx\/storage\/2019\/08\/policias-vigilaran_opt.jpg\",\"articleSection\":[\"Rep\u00fablica\"],\"inLanguage\":\"es\",\"potentialAction\":[{\"@type\":\"CommentAction\",\"name\":\"Comment\",\"target\":[\"https:\/\/www.sonoraenequipo.com.mx\/en-mexico-regresan-a-clases-mas-de-25-millones-de-alumnos\/#respond\"]}]},{\"@type\":\"WebPage\",\"@id\":\"https:\/\/www.sonoraenequipo.com.mx\/en-mexico-regresan-a-clases-mas-de-25-millones-de-alumnos\/\",\"url\":\"https:\/\/www.sonoraenequipo.com.mx\/en-mexico-regresan-a-clases-mas-de-25-millones-de-alumnos\/\",\"name\":\"Sonora en Equipo. En M\u00e9xico regresan a clases m\u00e1s de 25 millones de alumnos Rep\u00fablica\",\"isPartOf\":{\"@id\":\"https:\/\/www.sonoraenequipo.com.mx\/#website\"},\"primaryImageOfPage\":{\"@id\":\"https:\/\/www.sonoraenequipo.com.mx\/en-mexico-regresan-a-clases-mas-de-25-millones-de-alumnos\/#primaryimage\"},\"image\":{\"@id\":\"https:\/\/www.sonoraenequipo.com.mx\/en-mexico-regresan-a-clases-mas-de-25-millones-de-alumnos\/#primaryimage\"},\"thumbnailUrl\":\"https:\/\/www.sonoraenequipo.com.mx\/storage\/2019\/08\/policias-vigilaran_opt.jpg\",\"datePublished\":\"2019-08-26T14:40:13+00:00\",\"dateModified\":\"2019-08-26T15:19:11+00:00\",\"description\":\"CIUDAD DE M\u00c9XICO. MX. \u2014 La Secretar\u00eda de Educaci\u00f3n P\u00fablica (SEP) inform\u00f3 que este lunes 26 de agosto m\u00e1s de 25.4 millones de alumnos de educaci\u00f3n b\u00e1sica En Sonora en Equipo publicamos toda la informaci\u00f3n de Sonora, M\u00e9xico y el Mundo de manera oportuna y busca que la libertad de expresi\u00f3n sea real. Visita nuestro medio informativo publicado desde Hermosillo, Sonora. %\",\"breadcrumb\":{\"@id\":\"https:\/\/www.sonoraenequipo.com.mx\/en-mexico-regresan-a-clases-mas-de-25-millones-de-alumnos\/#breadcrumb\"},\"inLanguage\":\"es\",\"potentialAction\":[{\"@type\":\"ReadAction\",\"target\":[\"https:\/\/www.sonoraenequipo.com.mx\/en-mexico-regresan-a-clases-mas-de-25-millones-de-alumnos\/\"]}]},{\"@type\":\"ImageObject\",\"inLanguage\":\"es\",\"@id\":\"https:\/\/www.sonoraenequipo.com.mx\/en-mexico-regresan-a-clases-mas-de-25-millones-de-alumnos\/#primaryimage\",\"url\":\"https:\/\/www.sonoraenequipo.com.mx\/storage\/2019\/08\/policias-vigilaran_opt.jpg\",\"contentUrl\":\"https:\/\/www.sonoraenequipo.com.mx\/storage\/2019\/08\/policias-vigilaran_opt.jpg\",\"width\":694,\"height\":400},{\"@type\":\"BreadcrumbList\",\"@id\":\"https:\/\/www.sonoraenequipo.com.mx\/en-mexico-regresan-a-clases-mas-de-25-millones-de-alumnos\/#breadcrumb\",\"itemListElement\":[{\"@type\":\"ListItem\",\"position\":1,\"name\":\"Portada\",\"item\":\"https:\/\/www.sonoraenequipo.com.mx\/\"},{\"@type\":\"ListItem\",\"position\":2,\"name\":\"En M\u00e9xico regresan a clases m\u00e1s de 25 millones de alumnos\"}]},{\"@type\":\"WebSite\",\"@id\":\"https:\/\/www.sonoraenequipo.com.mx\/#website\",\"url\":\"https:\/\/www.sonoraenequipo.com.mx\/\",\"name\":\"Sonora en Equipo.\",\"description\":\"Diario en l\u00ednea con Noticias desde Hermosillo, Sonora\",\"publisher\":{\"@id\":\"https:\/\/www.sonoraenequipo.com.mx\/#organization\"},\"potentialAction\":[{\"@type\":\"SearchAction\",\"target\":{\"@type\":\"EntryPoint\",\"urlTemplate\":\"https:\/\/www.sonoraenequipo.com.mx\/?s={search_term_string}\"},\"query-input\":{\"@type\":\"PropertyValueSpecification\",\"valueRequired\":true,\"valueName\":\"search_term_string\"}}],\"inLanguage\":\"es\"},{\"@type\":\"Organization\",\"@id\":\"https:\/\/www.sonoraenequipo.com.mx\/#organization\",\"name\":\"Sonoraenequipo.com.mx\",\"url\":\"https:\/\/www.sonoraenequipo.com.mx\/\",\"logo\":{\"@type\":\"ImageObject\",\"inLanguage\":\"es\",\"@id\":\"https:\/\/www.sonoraenequipo.com.mx\/#\/schema\/logo\/image\/\",\"url\":\"https:\/\/www.sonoraenequipo.com.mx\/storage\/2019\/01\/sonoraenequipo_opt.png\",\"contentUrl\":\"https:\/\/www.sonoraenequipo.com.mx\/storage\/2019\/01\/sonoraenequipo_opt.png\",\"width\":375,\"height\":125,\"caption\":\"Sonoraenequipo.com.mx\"},\"image\":{\"@id\":\"https:\/\/www.sonoraenequipo.com.mx\/#\/schema\/logo\/image\/\"},\"sameAs\":[\"https:\/\/www.facebook.com\/SonoraEE\/\",\"https:\/\/x.com\/sonoraenequipo\",\"https:\/\/www.youtube.com\/channel\/UC338nW-lPEYmJQs4ZABQ1SQ\"]},{\"@type\":\"Person\",\"@id\":\"https:\/\/www.sonoraenequipo.com.mx\/#\/schema\/person\/50102df0fb23a8fa9e8effad8fa81386\",\"name\":\"enequipo\",\"image\":{\"@type\":\"ImageObject\",\"inLanguage\":\"es\",\"@id\":\"https:\/\/www.sonoraenequipo.com.mx\/#\/schema\/person\/image\/\",\"url\":\"https:\/\/secure.gravatar.com\/avatar\/049821681b589dabc0bc20695993ccebb09f5b5d4d790cd9251b97faac7c652b?s=96&d=blank&r=g\",\"contentUrl\":\"https:\/\/secure.gravatar.com\/avatar\/049821681b589dabc0bc20695993ccebb09f5b5d4d790cd9251b97faac7c652b?s=96&d=blank&r=g\",\"caption\":\"enequipo\"},\"sameAs\":[\"https:\/\/www.facebook.com\/SonoraEE\"]}]}<\/script>\n ","yoast_head_json":{"title":"Sonora en Equipo. En M\u00e9xico regresan a clases m\u00e1s de 25 millones de alumnos Rep\u00fablica","description":"CIUDAD DE M\u00c9XICO. MX. \u2014 La Secretar\u00eda de Educaci\u00f3n P\u00fablica (SEP) inform\u00f3 que este lunes 26 de agosto m\u00e1s de 25.4 millones de alumnos de educaci\u00f3n b\u00e1sica En Sonora en Equipo publicamos toda la informaci\u00f3n de Sonora, M\u00e9xico y el Mundo de manera oportuna y busca que la libertad de expresi\u00f3n sea real. Visita nuestro medio informativo publicado desde Hermosillo, Sonora. %","robots":{"index":"index","follow":"follow","max-snippet":"max-snippet:-1","max-image-preview":"max-image-preview:large","max-video-preview":"max-video-preview:-1"},"canonical":"https:\/\/www.sonoraenequipo.com.mx\/en-mexico-regresan-a-clases-mas-de-25-millones-de-alumnos\/","og_locale":"es_ES","og_type":"article","og_title":"Sonora en Equipo. En M\u00e9xico regresan a clases m\u00e1s de 25 millones de alumnos Rep\u00fablica","og_description":"CIUDAD DE M\u00c9XICO. MX. \u2014 La Secretar\u00eda de Educaci\u00f3n P\u00fablica (SEP) inform\u00f3 que este lunes 26 de agosto m\u00e1s de 25.4 millones de alumnos de educaci\u00f3n b\u00e1sica En Sonora en Equipo publicamos toda la informaci\u00f3n de Sonora, M\u00e9xico y el Mundo de manera oportuna y busca que la libertad de expresi\u00f3n sea real. Visita nuestro medio informativo publicado desde Hermosillo, Sonora. %","og_url":"https:\/\/www.sonoraenequipo.com.mx\/en-mexico-regresan-a-clases-mas-de-25-millones-de-alumnos\/","og_site_name":"Sonora en Equipo.","article_publisher":"https:\/\/www.facebook.com\/SonoraEE\/","article_author":"https:\/\/www.facebook.com\/SonoraEE","article_published_time":"2019-08-26T14:40:13+00:00","article_modified_time":"2019-08-26T15:19:11+00:00","og_image":[{"width":694,"height":400,"url":"https:\/\/www.sonoraenequipo.com.mx\/storage\/2019\/08\/policias-vigilaran_opt.jpg","type":"image\/jpeg"}],"author":"enequipo","twitter_card":"summary_large_image","twitter_creator":"@sonoraenequipo","twitter_site":"@sonoraenequipo","twitter_misc":{"Escrito por":"enequipo","Tiempo de lectura":"2 minutos"},"schema":{"@context":"https:\/\/schema.org","@graph":[{"@type":"Article","@id":"https:\/\/www.sonoraenequipo.com.mx\/en-mexico-regresan-a-clases-mas-de-25-millones-de-alumnos\/#article","isPartOf":{"@id":"https:\/\/www.sonoraenequipo.com.mx\/en-mexico-regresan-a-clases-mas-de-25-millones-de-alumnos\/"},"author":{"name":"enequipo","@id":"https:\/\/www.sonoraenequipo.com.mx\/#\/schema\/person\/50102df0fb23a8fa9e8effad8fa81386"},"headline":"En M\u00e9xico regresan a clases m\u00e1s de 25 millones de alumnos","datePublished":"2019-08-26T14:40:13+00:00","dateModified":"2019-08-26T15:19:11+00:00","mainEntityOfPage":{"@id":"https:\/\/www.sonoraenequipo.com.mx\/en-mexico-regresan-a-clases-mas-de-25-millones-de-alumnos\/"},"wordCount":392,"commentCount":0,"publisher":{"@id":"https:\/\/www.sonoraenequipo.com.mx\/#organization"},"image":{"@id":"https:\/\/www.sonoraenequipo.com.mx\/en-mexico-regresan-a-clases-mas-de-25-millones-de-alumnos\/#primaryimage"},"thumbnailUrl":"https:\/\/www.sonoraenequipo.com.mx\/storage\/2019\/08\/policias-vigilaran_opt.jpg","articleSection":["Rep\u00fablica"],"inLanguage":"es","potentialAction":[{"@type":"CommentAction","name":"Comment","target":["https:\/\/www.sonoraenequipo.com.mx\/en-mexico-regresan-a-clases-mas-de-25-millones-de-alumnos\/#respond"]}]},{"@type":"WebPage","@id":"https:\/\/www.sonoraenequipo.com.mx\/en-mexico-regresan-a-clases-mas-de-25-millones-de-alumnos\/","url":"https:\/\/www.sonoraenequipo.com.mx\/en-mexico-regresan-a-clases-mas-de-25-millones-de-alumnos\/","name":"Sonora en Equipo. En M\u00e9xico regresan a clases m\u00e1s de 25 millones de alumnos Rep\u00fablica","isPartOf":{"@id":"https:\/\/www.sonoraenequipo.com.mx\/#website"},"primaryImageOfPage":{"@id":"https:\/\/www.sonoraenequipo.com.mx\/en-mexico-regresan-a-clases-mas-de-25-millones-de-alumnos\/#primaryimage"},"image":{"@id":"https:\/\/www.sonoraenequipo.com.mx\/en-mexico-regresan-a-clases-mas-de-25-millones-de-alumnos\/#primaryimage"},"thumbnailUrl":"https:\/\/www.sonoraenequipo.com.mx\/storage\/2019\/08\/policias-vigilaran_opt.jpg","datePublished":"2019-08-26T14:40:13+00:00","dateModified":"2019-08-26T15:19:11+00:00","description":"CIUDAD DE M\u00c9XICO. MX. \u2014 La Secretar\u00eda de Educaci\u00f3n P\u00fablica (SEP) inform\u00f3 que este lunes 26 de agosto m\u00e1s de 25.4 millones de alumnos de educaci\u00f3n b\u00e1sica En Sonora en Equipo publicamos toda la informaci\u00f3n de Sonora, M\u00e9xico y el Mundo de manera oportuna y busca que la libertad de expresi\u00f3n sea real. Visita nuestro medio informativo publicado desde Hermosillo, Sonora. %","breadcrumb":{"@id":"https:\/\/www.sonoraenequipo.com.mx\/en-mexico-regresan-a-clases-mas-de-25-millones-de-alumnos\/#breadcrumb"},"inLanguage":"es","potentialAction":[{"@type":"ReadAction","target":["https:\/\/www.sonoraenequipo.com.mx\/en-mexico-regresan-a-clases-mas-de-25-millones-de-alumnos\/"]}]},{"@type":"ImageObject","inLanguage":"es","@id":"https:\/\/www.sonoraenequipo.com.mx\/en-mexico-regresan-a-clases-mas-de-25-millones-de-alumnos\/#primaryimage","url":"https:\/\/www.sonoraenequipo.com.mx\/storage\/2019\/08\/policias-vigilaran_opt.jpg","contentUrl":"https:\/\/www.sonoraenequipo.com.mx\/storage\/2019\/08\/policias-vigilaran_opt.jpg","width":694,"height":400},{"@type":"BreadcrumbList","@id":"https:\/\/www.sonoraenequipo.com.mx\/en-mexico-regresan-a-clases-mas-de-25-millones-de-alumnos\/#breadcrumb","itemListElement":[{"@type":"ListItem","position":1,"name":"Portada","item":"https:\/\/www.sonoraenequipo.com.mx\/"},{"@type":"ListItem","position":2,"name":"En M\u00e9xico regresan a clases m\u00e1s de 25 millones de alumnos"}]},{"@type":"WebSite","@id":"https:\/\/www.sonoraenequipo.com.mx\/#website","url":"https:\/\/www.sonoraenequipo.com.mx\/","name":"Sonora en Equipo.","description":"Diario en l\u00ednea con Noticias desde Hermosillo, Sonora","publisher":{"@id":"https:\/\/www.sonoraenequipo.com.mx\/#organization"},"potentialAction":[{"@type":"SearchAction","target":{"@type":"EntryPoint","urlTemplate":"https:\/\/www.sonoraenequipo.com.mx\/?s={search_term_string}"},"query-input":{"@type":"PropertyValueSpecification","valueRequired":true,"valueName":"search_term_string"}}],"inLanguage":"es"},{"@type":"Organization","@id":"https:\/\/www.sonoraenequipo.com.mx\/#organization","name":"Sonoraenequipo.com.mx","url":"https:\/\/www.sonoraenequipo.com.mx\/","logo":{"@type":"ImageObject","inLanguage":"es","@id":"https:\/\/www.sonoraenequipo.com.mx\/#\/schema\/logo\/image\/","url":"https:\/\/www.sonoraenequipo.com.mx\/storage\/2019\/01\/sonoraenequipo_opt.png","contentUrl":"https:\/\/www.sonoraenequipo.com.mx\/storage\/2019\/01\/sonoraenequipo_opt.png","width":375,"height":125,"caption":"Sonoraenequipo.com.mx"},"image":{"@id":"https:\/\/www.sonoraenequipo.com.mx\/#\/schema\/logo\/image\/"},"sameAs":["https:\/\/www.facebook.com\/SonoraEE\/","https:\/\/x.com\/sonoraenequipo","https:\/\/www.youtube.com\/channel\/UC338nW-lPEYmJQs4ZABQ1SQ"]},{"@type":"Person","@id":"https:\/\/www.sonoraenequipo.com.mx\/#\/schema\/person\/50102df0fb23a8fa9e8effad8fa81386","name":"enequipo","image":{"@type":"ImageObject","inLanguage":"es","@id":"https:\/\/www.sonoraenequipo.com.mx\/#\/schema\/person\/image\/","url":"https:\/\/secure.gravatar.com\/avatar\/049821681b589dabc0bc20695993ccebb09f5b5d4d790cd9251b97faac7c652b?s=96&d=blank&r=g","contentUrl":"https:\/\/secure.gravatar.com\/avatar\/049821681b589dabc0bc20695993ccebb09f5b5d4d790cd9251b97faac7c652b?s=96&d=blank&r=g","caption":"enequipo"},"sameAs":["https:\/\/www.facebook.com\/SonoraEE"]}]}},"jetpack_featured_media_url":"https:\/\/www.sonoraenequipo.com.mx\/storage\/2019\/08\/policias-vigilaran_opt.jpg","_links":{"self":[{"href":"https:\/\/www.sonoraenequipo.com.mx\/api\/wp\/v2\/posts\/66167","targetHints":{"allow":["GET"]}}],"collection":[{"href":"https:\/\/www.sonoraenequipo.com.mx\/api\/wp\/v2\/posts"}],"about":[{"href":"https:\/\/www.sonoraenequipo.com.mx\/api\/wp\/v2\/types\/post"}],"author":[{"embeddable":true,"href":"https:\/\/www.sonoraenequipo.com.mx\/api\/wp\/v2\/users\/1"}],"replies":[{"embeddable":true,"href":"https:\/\/www.sonoraenequipo.com.mx\/api\/wp\/v2\/comments?post=66167"}],"version-history":[{"count":0,"href":"https:\/\/www.sonoraenequipo.com.mx\/api\/wp\/v2\/posts\/66167\/revisions"}],"wp:featuredmedia":[{"embeddable":true,"href":"https:\/\/www.sonoraenequipo.com.mx\/api\/wp\/v2\/media\/66168"}],"wp:attachment":[{"href":"https:\/\/www.sonoraenequipo.com.mx\/api\/wp\/v2\/media?parent=66167"}],"wp:term":[{"taxonomy":"category","embeddable":true,"href":"https:\/\/www.sonoraenequipo.com.mx\/api\/wp\/v2\/categories?post=66167"},{"taxonomy":"post_tag","embeddable":true,"href":"https:\/\/www.sonoraenequipo.com.mx\/api\/wp\/v2\/tags?post=66167"}],"curies":[{"name":"wp","href":"https:\/\/api.w.org\/{rel}","templated":true}]}}