{"id":66175,"date":"2019-08-26T11:25:19","date_gmt":"2019-08-26T18:25:19","guid":{"rendered":"https:\/\/www.sonoraenequipo.com.mx\/?p=66175"},"modified":"2019-08-26T11:25:19","modified_gmt":"2019-08-26T18:25:19","slug":"cae-sujeto-que-secuestro-y-abuso-sexualmente-de-su-hijastra","status":"publish","type":"post","link":"https:\/\/www.sonoraenequipo.com.mx\/cae-sujeto-que-secuestro-y-abuso-sexualmente-de-su-hijastra\/","title":{"rendered":"Cae sujeto que secuestr\u00f3 y abuso sexualmente de su hijastra,"},"content":{"rendered":"<p>Cae sujeto que secuestr\u00f3 y abuso sexualmente de su hijastra,<\/p>\n<p>HERMOSILLO,SONORA.-\u00a0 Despu\u00e9s de una exhaustiva labor de investigaci\u00f3n por parte del Ministerio P\u00fablico de la Fiscal\u00eda General de Justicia del Estado (FGJE) se solicit\u00f3 ante el Juez orden de aprehensi\u00f3n en contra de Ren\u00e9 Alejandro \u201cN.\u201d, inform\u00f3 en un comunicado la dependencia. <\/p>\n<p>La orden de aprehensi\u00f3n fue expedida el 02 de agosto de 2019 en Cananea Sonora y ejecutada en la ciudad de Hermosillo el d\u00eda 24 del mismo mes.<\/p>\n<p>Se presume que, con intimidaci\u00f3n, es decir, bajo violencia moral, el sujeto abus\u00f3 sexualmente de una menor de edad, quien resulta ser su hijastra y que hab\u00eda sido reportada a esta FGJE, como desaparecida desde el pasado 23 de julio del a\u00f1o en curso.<\/p>\n<p>Elementos de la Agencia Ministerial de Investigaci\u00f3n Criminal (AMIC) de la FGJE ejecutaron la orden de aprehensi\u00f3n contra Ren\u00e9 Alejandro \u201cN.\u201d, a quien ubicaron en esta ciudad y en el mismo sitio encontraron a la menor desaparecida, a quien resguardaron, aseguraron, y se le brind\u00f3 acompa\u00f1amiento psicol\u00f3gico a trav\u00e9s del Centro de Atenci\u00f3n a V\u00edctimas de Delito, (CAVID).<\/p>\n<p>Ren\u00e9 Alejandro \u201cN.\u201d fue aprehendido y puesto en prisi\u00f3n preventiva en el Centro de Reinserci\u00f3n Social (CERESO) de Agua Prieta, Sonora, acorde con la orden del Juez, hasta que concluyan las investigaciones de la causa penal 159\/2019 por el delito de Abuso Sexual Agravado, en funci\u00f3n de que el imputado es padrastro de la v\u00edctima, y presumiendo el ejercicio de violencia moral en contra una menor de edad.<\/p>\n<p>Fecha de publicaci\u00f3n 26\/08\/2019<\/p>\n<p>&nbsp;<\/p>\n","protected":false},"excerpt":{"rendered":"<p>Cae sujeto que secuestr\u00f3 y abuso sexualmente de su hijastra, HERMOSILLO,SONORA.-\u00a0 Despu\u00e9s de una exhaustiva&#8230;<\/p>\n","protected":false},"author":178,"featured_media":62814,"comment_status":"open","ping_status":"open","sticky":false,"template":"","format":"standard","meta":{"_monsterinsights_skip_tracking":false,"_monsterinsights_sitenote_active":false,"_monsterinsights_sitenote_note":"","_monsterinsights_sitenote_category":0,"footnotes":""},"categories":[3144],"tags":[3434],"class_list":["post"],"yoast_head":" \n<title>Sonora en Equipo. Cae sujeto que secuestr\u00f3 y abuso sexualmente de su hijastra, Polic\u00edaca<\/title>\n<meta name=\"description\" content=\"Cae sujeto que secuestr\u00f3 y abuso sexualmente de su hijastra, HERMOSILLO,SONORA.-\u00a0 Despu\u00e9s de una exhaustiva labor de investigaci\u00f3n por parte del En Sonora en Equipo publicamos toda la informaci\u00f3n de Sonora, M\u00e9xico y el Mundo de manera oportuna y busca que la libertad de expresi\u00f3n sea real. Visita nuestro medio informativo publicado desde Hermosillo, Sonora. %\" \/>\n<meta name=\"robots\" content=\"index, follow, max-snippet:-1, max-image-preview:large, max-video-preview:-1\" \/>\n<link rel=\"canonical\" href=\"https:\/\/www.sonoraenequipo.com.mx\/cae-sujeto-que-secuestro-y-abuso-sexualmente-de-su-hijastra\/\" \/>\n<meta property=\"og:locale\" content=\"es_ES\" \/>\n<meta property=\"og:type\" content=\"article\" \/>\n<meta property=\"og:title\" content=\"Sonora en Equipo. Cae sujeto que secuestr\u00f3 y abuso sexualmente de su hijastra, Polic\u00edaca\" \/>\n<meta property=\"og:description\" content=\"Cae sujeto que secuestr\u00f3 y abuso sexualmente de su hijastra, HERMOSILLO,SONORA.-\u00a0 Despu\u00e9s de una exhaustiva labor de investigaci\u00f3n por parte del En Sonora en Equipo publicamos toda la informaci\u00f3n de Sonora, M\u00e9xico y el Mundo de manera oportuna y busca que la libertad de expresi\u00f3n sea real. Visita nuestro medio informativo publicado desde Hermosillo, Sonora. %\" \/>\n<meta property=\"og:url\" content=\"https:\/\/www.sonoraenequipo.com.mx\/cae-sujeto-que-secuestro-y-abuso-sexualmente-de-su-hijastra\/\" \/>\n<meta property=\"og:site_name\" content=\"Sonora en Equipo.\" \/>\n<meta property=\"article:publisher\" content=\"https:\/\/www.facebook.com\/SonoraEE\/\" \/>\n<meta property=\"article:published_time\" content=\"2019-08-26T18:25:19+00:00\" \/>\n<meta property=\"og:image\" content=\"https:\/\/www.sonoraenequipo.com.mx\/storage\/2019\/06\/abuso-sexual.jpg\" \/>\n\t<meta property=\"og:image:width\" content=\"450\" \/>\n\t<meta property=\"og:image:height\" content=\"300\" \/>\n\t<meta property=\"og:image:type\" content=\"image\/jpeg\" \/>\n<meta name=\"author\" content=\"enequipo\" \/>\n<meta name=\"twitter:card\" content=\"summary_large_image\" \/>\n<meta name=\"twitter:creator\" content=\"@sonoraenequipo\" \/>\n<meta name=\"twitter:site\" content=\"@sonoraenequipo\" \/>\n<meta name=\"twitter:label1\" content=\"Escrito por\" \/>\n\t<meta name=\"twitter:data1\" content=\"enequipo\" \/>\n\t<meta name=\"twitter:label2\" content=\"Tiempo de lectura\" \/>\n\t<meta name=\"twitter:data2\" content=\"1 minuto\" \/>\n<script type=\"application\/ld+json\" class=\"yoast-schema-graph\">{\"@context\":\"https:\/\/schema.org\",\"@graph\":[{\"@type\":\"Article\",\"@id\":\"https:\/\/www.sonoraenequipo.com.mx\/cae-sujeto-que-secuestro-y-abuso-sexualmente-de-su-hijastra\/#article\",\"isPartOf\":{\"@id\":\"https:\/\/www.sonoraenequipo.com.mx\/cae-sujeto-que-secuestro-y-abuso-sexualmente-de-su-hijastra\/\"},\"author\":{\"name\":\"enequipo\",\"@id\":\"https:\/\/www.sonoraenequipo.com.mx\/#\/schema\/person\/61a39de478a1763473ad55e8a95fddf6\"},\"headline\":\"Cae sujeto que secuestr\u00f3 y abuso sexualmente de su hijastra,\",\"datePublished\":\"2019-08-26T18:25:19+00:00\",\"mainEntityOfPage\":{\"@id\":\"https:\/\/www.sonoraenequipo.com.mx\/cae-sujeto-que-secuestro-y-abuso-sexualmente-de-su-hijastra\/\"},\"wordCount\":283,\"commentCount\":0,\"publisher\":{\"@id\":\"https:\/\/www.sonoraenequipo.com.mx\/#organization\"},\"image\":{\"@id\":\"https:\/\/www.sonoraenequipo.com.mx\/cae-sujeto-que-secuestro-y-abuso-sexualmente-de-su-hijastra\/#primaryimage\"},\"thumbnailUrl\":\"https:\/\/www.sonoraenequipo.com.mx\/storage\/2019\/06\/abuso-sexual.jpg\",\"keywords\":[\"secuestro\"],\"articleSection\":[\"Polic\u00edaca\"],\"inLanguage\":\"es\",\"potentialAction\":[{\"@type\":\"CommentAction\",\"name\":\"Comment\",\"target\":[\"https:\/\/www.sonoraenequipo.com.mx\/cae-sujeto-que-secuestro-y-abuso-sexualmente-de-su-hijastra\/#respond\"]}]},{\"@type\":\"WebPage\",\"@id\":\"https:\/\/www.sonoraenequipo.com.mx\/cae-sujeto-que-secuestro-y-abuso-sexualmente-de-su-hijastra\/\",\"url\":\"https:\/\/www.sonoraenequipo.com.mx\/cae-sujeto-que-secuestro-y-abuso-sexualmente-de-su-hijastra\/\",\"name\":\"Sonora en Equipo. Cae sujeto que secuestr\u00f3 y abuso sexualmente de su hijastra, Polic\u00edaca\",\"isPartOf\":{\"@id\":\"https:\/\/www.sonoraenequipo.com.mx\/#website\"},\"primaryImageOfPage\":{\"@id\":\"https:\/\/www.sonoraenequipo.com.mx\/cae-sujeto-que-secuestro-y-abuso-sexualmente-de-su-hijastra\/#primaryimage\"},\"image\":{\"@id\":\"https:\/\/www.sonoraenequipo.com.mx\/cae-sujeto-que-secuestro-y-abuso-sexualmente-de-su-hijastra\/#primaryimage\"},\"thumbnailUrl\":\"https:\/\/www.sonoraenequipo.com.mx\/storage\/2019\/06\/abuso-sexual.jpg\",\"datePublished\":\"2019-08-26T18:25:19+00:00\",\"description\":\"Cae sujeto que secuestr\u00f3 y abuso sexualmente de su hijastra, HERMOSILLO,SONORA.-\u00a0 Despu\u00e9s de una exhaustiva labor de investigaci\u00f3n por parte del En Sonora en Equipo publicamos toda la informaci\u00f3n de Sonora, M\u00e9xico y el Mundo de manera oportuna y busca que la libertad de expresi\u00f3n sea real. Visita nuestro medio informativo publicado desde Hermosillo, Sonora. %\",\"breadcrumb\":{\"@id\":\"https:\/\/www.sonoraenequipo.com.mx\/cae-sujeto-que-secuestro-y-abuso-sexualmente-de-su-hijastra\/#breadcrumb\"},\"inLanguage\":\"es\",\"potentialAction\":[{\"@type\":\"ReadAction\",\"target\":[\"https:\/\/www.sonoraenequipo.com.mx\/cae-sujeto-que-secuestro-y-abuso-sexualmente-de-su-hijastra\/\"]}]},{\"@type\":\"ImageObject\",\"inLanguage\":\"es\",\"@id\":\"https:\/\/www.sonoraenequipo.com.mx\/cae-sujeto-que-secuestro-y-abuso-sexualmente-de-su-hijastra\/#primaryimage\",\"url\":\"https:\/\/www.sonoraenequipo.com.mx\/storage\/2019\/06\/abuso-sexual.jpg\",\"contentUrl\":\"https:\/\/www.sonoraenequipo.com.mx\/storage\/2019\/06\/abuso-sexual.jpg\",\"width\":450,\"height\":300},{\"@type\":\"BreadcrumbList\",\"@id\":\"https:\/\/www.sonoraenequipo.com.mx\/cae-sujeto-que-secuestro-y-abuso-sexualmente-de-su-hijastra\/#breadcrumb\",\"itemListElement\":[{\"@type\":\"ListItem\",\"position\":1,\"name\":\"Portada\",\"item\":\"https:\/\/www.sonoraenequipo.com.mx\/\"},{\"@type\":\"ListItem\",\"position\":2,\"name\":\"Cae sujeto que secuestr\u00f3 y abuso sexualmente de su hijastra,\"}]},{\"@type\":\"WebSite\",\"@id\":\"https:\/\/www.sonoraenequipo.com.mx\/#website\",\"url\":\"https:\/\/www.sonoraenequipo.com.mx\/\",\"name\":\"Sonora en Equipo.\",\"description\":\"Diario en l\u00ednea con Noticias desde Hermosillo, Sonora\",\"publisher\":{\"@id\":\"https:\/\/www.sonoraenequipo.com.mx\/#organization\"},\"potentialAction\":[{\"@type\":\"SearchAction\",\"target\":{\"@type\":\"EntryPoint\",\"urlTemplate\":\"https:\/\/www.sonoraenequipo.com.mx\/?s={search_term_string}\"},\"query-input\":{\"@type\":\"PropertyValueSpecification\",\"valueRequired\":true,\"valueName\":\"search_term_string\"}}],\"inLanguage\":\"es\"},{\"@type\":\"Organization\",\"@id\":\"https:\/\/www.sonoraenequipo.com.mx\/#organization\",\"name\":\"Sonoraenequipo.com.mx\",\"url\":\"https:\/\/www.sonoraenequipo.com.mx\/\",\"logo\":{\"@type\":\"ImageObject\",\"inLanguage\":\"es\",\"@id\":\"https:\/\/www.sonoraenequipo.com.mx\/#\/schema\/logo\/image\/\",\"url\":\"https:\/\/www.sonoraenequipo.com.mx\/storage\/2019\/01\/sonoraenequipo_opt.png\",\"contentUrl\":\"https:\/\/www.sonoraenequipo.com.mx\/storage\/2019\/01\/sonoraenequipo_opt.png\",\"width\":375,\"height\":125,\"caption\":\"Sonoraenequipo.com.mx\"},\"image\":{\"@id\":\"https:\/\/www.sonoraenequipo.com.mx\/#\/schema\/logo\/image\/\"},\"sameAs\":[\"https:\/\/www.facebook.com\/SonoraEE\/\",\"https:\/\/x.com\/sonoraenequipo\",\"https:\/\/www.youtube.com\/channel\/UC338nW-lPEYmJQs4ZABQ1SQ\"]},{\"@type\":\"Person\",\"@id\":\"https:\/\/www.sonoraenequipo.com.mx\/#\/schema\/person\/61a39de478a1763473ad55e8a95fddf6\",\"name\":\"enequipo\",\"image\":{\"@type\":\"ImageObject\",\"inLanguage\":\"es\",\"@id\":\"https:\/\/www.sonoraenequipo.com.mx\/#\/schema\/person\/image\/\",\"url\":\"https:\/\/secure.gravatar.com\/avatar\/e39bc3016d8af598aed3d770c9510dfc2795f37ea1733d99fcc6e97d2c3c9f5e?s=96&d=blank&r=g\",\"contentUrl\":\"https:\/\/secure.gravatar.com\/avatar\/e39bc3016d8af598aed3d770c9510dfc2795f37ea1733d99fcc6e97d2c3c9f5e?s=96&d=blank&r=g\",\"caption\":\"enequipo\"}}]}<\/script>\n ","yoast_head_json":{"title":"Sonora en Equipo. Cae sujeto que secuestr\u00f3 y abuso sexualmente de su hijastra, Polic\u00edaca","description":"Cae sujeto que secuestr\u00f3 y abuso sexualmente de su hijastra, HERMOSILLO,SONORA.-\u00a0 Despu\u00e9s de una exhaustiva labor de investigaci\u00f3n por parte del En Sonora en Equipo publicamos toda la informaci\u00f3n de Sonora, M\u00e9xico y el Mundo de manera oportuna y busca que la libertad de expresi\u00f3n sea real. Visita nuestro medio informativo publicado desde Hermosillo, Sonora. %","robots":{"index":"index","follow":"follow","max-snippet":"max-snippet:-1","max-image-preview":"max-image-preview:large","max-video-preview":"max-video-preview:-1"},"canonical":"https:\/\/www.sonoraenequipo.com.mx\/cae-sujeto-que-secuestro-y-abuso-sexualmente-de-su-hijastra\/","og_locale":"es_ES","og_type":"article","og_title":"Sonora en Equipo. Cae sujeto que secuestr\u00f3 y abuso sexualmente de su hijastra, Polic\u00edaca","og_description":"Cae sujeto que secuestr\u00f3 y abuso sexualmente de su hijastra, HERMOSILLO,SONORA.-\u00a0 Despu\u00e9s de una exhaustiva labor de investigaci\u00f3n por parte del En Sonora en Equipo publicamos toda la informaci\u00f3n de Sonora, M\u00e9xico y el Mundo de manera oportuna y busca que la libertad de expresi\u00f3n sea real. Visita nuestro medio informativo publicado desde Hermosillo, Sonora. %","og_url":"https:\/\/www.sonoraenequipo.com.mx\/cae-sujeto-que-secuestro-y-abuso-sexualmente-de-su-hijastra\/","og_site_name":"Sonora en Equipo.","article_publisher":"https:\/\/www.facebook.com\/SonoraEE\/","article_published_time":"2019-08-26T18:25:19+00:00","og_image":[{"width":450,"height":300,"url":"https:\/\/www.sonoraenequipo.com.mx\/storage\/2019\/06\/abuso-sexual.jpg","type":"image\/jpeg"}],"author":"enequipo","twitter_card":"summary_large_image","twitter_creator":"@sonoraenequipo","twitter_site":"@sonoraenequipo","twitter_misc":{"Escrito por":"enequipo","Tiempo de lectura":"1 minuto"},"schema":{"@context":"https:\/\/schema.org","@graph":[{"@type":"Article","@id":"https:\/\/www.sonoraenequipo.com.mx\/cae-sujeto-que-secuestro-y-abuso-sexualmente-de-su-hijastra\/#article","isPartOf":{"@id":"https:\/\/www.sonoraenequipo.com.mx\/cae-sujeto-que-secuestro-y-abuso-sexualmente-de-su-hijastra\/"},"author":{"name":"enequipo","@id":"https:\/\/www.sonoraenequipo.com.mx\/#\/schema\/person\/61a39de478a1763473ad55e8a95fddf6"},"headline":"Cae sujeto que secuestr\u00f3 y abuso sexualmente de su hijastra,","datePublished":"2019-08-26T18:25:19+00:00","mainEntityOfPage":{"@id":"https:\/\/www.sonoraenequipo.com.mx\/cae-sujeto-que-secuestro-y-abuso-sexualmente-de-su-hijastra\/"},"wordCount":283,"commentCount":0,"publisher":{"@id":"https:\/\/www.sonoraenequipo.com.mx\/#organization"},"image":{"@id":"https:\/\/www.sonoraenequipo.com.mx\/cae-sujeto-que-secuestro-y-abuso-sexualmente-de-su-hijastra\/#primaryimage"},"thumbnailUrl":"https:\/\/www.sonoraenequipo.com.mx\/storage\/2019\/06\/abuso-sexual.jpg","keywords":["secuestro"],"articleSection":["Polic\u00edaca"],"inLanguage":"es","potentialAction":[{"@type":"CommentAction","name":"Comment","target":["https:\/\/www.sonoraenequipo.com.mx\/cae-sujeto-que-secuestro-y-abuso-sexualmente-de-su-hijastra\/#respond"]}]},{"@type":"WebPage","@id":"https:\/\/www.sonoraenequipo.com.mx\/cae-sujeto-que-secuestro-y-abuso-sexualmente-de-su-hijastra\/","url":"https:\/\/www.sonoraenequipo.com.mx\/cae-sujeto-que-secuestro-y-abuso-sexualmente-de-su-hijastra\/","name":"Sonora en Equipo. Cae sujeto que secuestr\u00f3 y abuso sexualmente de su hijastra, Polic\u00edaca","isPartOf":{"@id":"https:\/\/www.sonoraenequipo.com.mx\/#website"},"primaryImageOfPage":{"@id":"https:\/\/www.sonoraenequipo.com.mx\/cae-sujeto-que-secuestro-y-abuso-sexualmente-de-su-hijastra\/#primaryimage"},"image":{"@id":"https:\/\/www.sonoraenequipo.com.mx\/cae-sujeto-que-secuestro-y-abuso-sexualmente-de-su-hijastra\/#primaryimage"},"thumbnailUrl":"https:\/\/www.sonoraenequipo.com.mx\/storage\/2019\/06\/abuso-sexual.jpg","datePublished":"2019-08-26T18:25:19+00:00","description":"Cae sujeto que secuestr\u00f3 y abuso sexualmente de su hijastra, HERMOSILLO,SONORA.-\u00a0 Despu\u00e9s de una exhaustiva labor de investigaci\u00f3n por parte del En Sonora en Equipo publicamos toda la informaci\u00f3n de Sonora, M\u00e9xico y el Mundo de manera oportuna y busca que la libertad de expresi\u00f3n sea real. Visita nuestro medio informativo publicado desde Hermosillo, Sonora. %","breadcrumb":{"@id":"https:\/\/www.sonoraenequipo.com.mx\/cae-sujeto-que-secuestro-y-abuso-sexualmente-de-su-hijastra\/#breadcrumb"},"inLanguage":"es","potentialAction":[{"@type":"ReadAction","target":["https:\/\/www.sonoraenequipo.com.mx\/cae-sujeto-que-secuestro-y-abuso-sexualmente-de-su-hijastra\/"]}]},{"@type":"ImageObject","inLanguage":"es","@id":"https:\/\/www.sonoraenequipo.com.mx\/cae-sujeto-que-secuestro-y-abuso-sexualmente-de-su-hijastra\/#primaryimage","url":"https:\/\/www.sonoraenequipo.com.mx\/storage\/2019\/06\/abuso-sexual.jpg","contentUrl":"https:\/\/www.sonoraenequipo.com.mx\/storage\/2019\/06\/abuso-sexual.jpg","width":450,"height":300},{"@type":"BreadcrumbList","@id":"https:\/\/www.sonoraenequipo.com.mx\/cae-sujeto-que-secuestro-y-abuso-sexualmente-de-su-hijastra\/#breadcrumb","itemListElement":[{"@type":"ListItem","position":1,"name":"Portada","item":"https:\/\/www.sonoraenequipo.com.mx\/"},{"@type":"ListItem","position":2,"name":"Cae sujeto que secuestr\u00f3 y abuso sexualmente de su hijastra,"}]},{"@type":"WebSite","@id":"https:\/\/www.sonoraenequipo.com.mx\/#website","url":"https:\/\/www.sonoraenequipo.com.mx\/","name":"Sonora en Equipo.","description":"Diario en l\u00ednea con Noticias desde Hermosillo, Sonora","publisher":{"@id":"https:\/\/www.sonoraenequipo.com.mx\/#organization"},"potentialAction":[{"@type":"SearchAction","target":{"@type":"EntryPoint","urlTemplate":"https:\/\/www.sonoraenequipo.com.mx\/?s={search_term_string}"},"query-input":{"@type":"PropertyValueSpecification","valueRequired":true,"valueName":"search_term_string"}}],"inLanguage":"es"},{"@type":"Organization","@id":"https:\/\/www.sonoraenequipo.com.mx\/#organization","name":"Sonoraenequipo.com.mx","url":"https:\/\/www.sonoraenequipo.com.mx\/","logo":{"@type":"ImageObject","inLanguage":"es","@id":"https:\/\/www.sonoraenequipo.com.mx\/#\/schema\/logo\/image\/","url":"https:\/\/www.sonoraenequipo.com.mx\/storage\/2019\/01\/sonoraenequipo_opt.png","contentUrl":"https:\/\/www.sonoraenequipo.com.mx\/storage\/2019\/01\/sonoraenequipo_opt.png","width":375,"height":125,"caption":"Sonoraenequipo.com.mx"},"image":{"@id":"https:\/\/www.sonoraenequipo.com.mx\/#\/schema\/logo\/image\/"},"sameAs":["https:\/\/www.facebook.com\/SonoraEE\/","https:\/\/x.com\/sonoraenequipo","https:\/\/www.youtube.com\/channel\/UC338nW-lPEYmJQs4ZABQ1SQ"]},{"@type":"Person","@id":"https:\/\/www.sonoraenequipo.com.mx\/#\/schema\/person\/61a39de478a1763473ad55e8a95fddf6","name":"enequipo","image":{"@type":"ImageObject","inLanguage":"es","@id":"https:\/\/www.sonoraenequipo.com.mx\/#\/schema\/person\/image\/","url":"https:\/\/secure.gravatar.com\/avatar\/e39bc3016d8af598aed3d770c9510dfc2795f37ea1733d99fcc6e97d2c3c9f5e?s=96&d=blank&r=g","contentUrl":"https:\/\/secure.gravatar.com\/avatar\/e39bc3016d8af598aed3d770c9510dfc2795f37ea1733d99fcc6e97d2c3c9f5e?s=96&d=blank&r=g","caption":"enequipo"}}]}},"jetpack_featured_media_url":"https:\/\/www.sonoraenequipo.com.mx\/storage\/2019\/06\/abuso-sexual.jpg","_links":{"self":[{"href":"https:\/\/www.sonoraenequipo.com.mx\/api\/wp\/v2\/posts\/66175","targetHints":{"allow":["GET"]}}],"collection":[{"href":"https:\/\/www.sonoraenequipo.com.mx\/api\/wp\/v2\/posts"}],"about":[{"href":"https:\/\/www.sonoraenequipo.com.mx\/api\/wp\/v2\/types\/post"}],"author":[{"embeddable":true,"href":"https:\/\/www.sonoraenequipo.com.mx\/api\/wp\/v2\/users\/178"}],"replies":[{"embeddable":true,"href":"https:\/\/www.sonoraenequipo.com.mx\/api\/wp\/v2\/comments?post=66175"}],"version-history":[{"count":0,"href":"https:\/\/www.sonoraenequipo.com.mx\/api\/wp\/v2\/posts\/66175\/revisions"}],"wp:featuredmedia":[{"embeddable":true,"href":"https:\/\/www.sonoraenequipo.com.mx\/api\/wp\/v2\/media\/62814"}],"wp:attachment":[{"href":"https:\/\/www.sonoraenequipo.com.mx\/api\/wp\/v2\/media?parent=66175"}],"wp:term":[{"taxonomy":"category","embeddable":true,"href":"https:\/\/www.sonoraenequipo.com.mx\/api\/wp\/v2\/categories?post=66175"},{"taxonomy":"post_tag","embeddable":true,"href":"https:\/\/www.sonoraenequipo.com.mx\/api\/wp\/v2\/tags?post=66175"}],"curies":[{"name":"wp","href":"https:\/\/api.w.org\/{rel}","templated":true}]}}