{"id":66192,"date":"2019-08-26T15:36:48","date_gmt":"2019-08-26T22:36:48","guid":{"rendered":"https:\/\/www.sonoraenequipo.com.mx\/?p=66192"},"modified":"2019-08-26T16:11:39","modified_gmt":"2019-08-26T23:11:39","slug":"prevalece-la-opacidad-en-peticiones-de-informacion-a-la-sedena","status":"publish","type":"post","link":"https:\/\/www.sonoraenequipo.com.mx\/prevalece-la-opacidad-en-peticiones-de-informacion-a-la-sedena\/","title":{"rendered":"Prevalece la opacidad en peticiones de informaci\u00f3n a la Sedena"},"content":{"rendered":"<p>CIUDAD DE M\u00c9XICO. MX. \u2014&nbsp; Convertida en una de las dependencias m\u00e1s requeridas durante este sexenio en materia de transparencia, la Secretar\u00eda de la Defensa Nacional (Sedena) es tambi\u00e9n una de las m\u00e1s reacias a entregar la informaci\u00f3n solicitada: de 117 recursos que ha recibido el Instituto Nacional de Transparencia, Acceso a la Informaci\u00f3n y Protecci\u00f3n de Datos Personales (Inai), en 37 (31 por ciento) ha revocado la respuesta; en 53 (45 por ciento) la ha modificado por insatisfactoria y s\u00f3lo en nueve la ha confirmado. <\/p>\n<p>Con un creciente protagonismo en la actual administraci\u00f3n, que ha diversificado su actuaci\u00f3n hacia \u00e1reas en las que antes no estaba involucrada, la Sedena ha tenido, en correspondencia, mayor n\u00famero de peticiones de informaci\u00f3n que deber\u00eda estar en su poder.<\/p>\n<p>Es el caso de la resoluci\u00f3n del recurso 1992 de este a\u00f1o que resolvi\u00f3 el pleno del Inai, relacionado con los proyectos y toda la informaci\u00f3n relacionada con la construcci\u00f3n del aeropuerto Felipe \u00c1ngeles en la actual base militar de Santa Luc\u00eda, en el estado de M\u00e9xico.<\/p>\n<p>La respuesta de la Sedena, utilizada en forma recurrente para negar la informaci\u00f3n, fue: \u00abDespu\u00e9s de realizar una b\u00fasqueda exhaustiva en los archivos de esta secretar\u00eda, no se localiz\u00f3 evidencia documental que d\u00e9 respuesta a su requerimiento\u00bb.<\/p>\n<p>Ante la negativa y el recurso interpuesto, el Inai revoc\u00f3 la decisi\u00f3n a partir de expresiones p\u00fablicas del presidente Andr\u00e9s Manuel L\u00f3pez Obrador, quien en varias ocasiones se ha referido expresamente al rol central que desempe\u00f1a la Sedena en esta obra, y orden\u00f3 que entregara la informaci\u00f3n.<\/p>\n<p>En materia de obras que le ha asignado el gobierno federal o mediante acuerdos con ejecutivos estatales, la Sedena ha rehusado entregar informaci\u00f3n remitiendo a los solicitantes a otros actores. Es el caso del Hospital Infantil de Topilejo, en la alcald\u00eda de Tlalpan, acordado con el Gobierno de la Ciudad de M\u00e9xico, en el que rechaz\u00f3 entregar cualquier dato y remiti\u00f3 al peticionario con la administraci\u00f3n local para la entrega.<\/p>\n<p>El Inai ha revocado las respuestas para ordenar la entrega de informaci\u00f3n en la medida en que la Sedena es actor central en la construcci\u00f3n de ese inmueble. Situaci\u00f3n similar a lo sucedido en la construcci\u00f3n de un cuartel militar en los l\u00edmites de Jalisco y Aguascalientes, acordado con los gobiernos de ambas entidades, con similar desenlace al revocar el Inai la respuesta.<\/p>\n<p>En las peticiones se inclu\u00eda la informaci\u00f3n acerca de empresas subcontratadas y personal militar y civil contratado para la construcci\u00f3n, entre otros datos.<\/p>\n<p>Las respuestas negativas de la Sedena no s\u00f3lo se asocian a obra p\u00fablica, tambi\u00e9n ha rehusado entregar la informaci\u00f3n que le fue solicitada sobre el recibo de n\u00f3mina del titular de la Secretar\u00eda de la Defensa Nacional.<\/p>\n<p>La respuesta oficial fue: \u00abNo se encontr\u00f3 evidencia documental alguna\u00bb, a lo que agreg\u00f3: \u00abnormativamente el pago de percepciones al personal de la secretar\u00eda se realiza de manera electr\u00f3nica, sin recabar firmas ni expedir recibos\u00bb.<\/p>\n<p>Esta respuesta fue revocada por el Inai con base en la legislaci\u00f3n fiscal, que obliga a la existencia de documentaci\u00f3n que acredite el pago.<\/p>\n<p>Otra de las solicitudes de acceso a la informaci\u00f3n desechadas por la Sedena fue el expediente del general Jos\u00e9 de Jes\u00fas Guti\u00e9rrez Rebollo, negado por la dependencia en primera instancia, porque \u00abla secretar\u00eda est\u00e1 imposibilitada de confirmar si esa persona ostenta o no la personalidad militar\u00bb.<\/p>\n<p>Posteriormente, en el desahogo del recurso, la secretar\u00eda apel\u00f3 a la protecci\u00f3n de datos personales, razonamiento que fue rechazado por el Inai con el argumento de que s\u00ed era posible entregar una versi\u00f3n p\u00fablica del documento.<\/p>\n<p>La Sedena rechaz\u00f3, en principio, tener informaci\u00f3n sobre el tipo de mantenimiento que contrat\u00f3 para el avi\u00f3n presidencial Jos\u00e9 Mar\u00eda Morelos y Pav\u00f3n, que fue enviado a California.<\/p>\n<p>Aunque en principio neg\u00f3 la informaci\u00f3n, por \u00abno tener evidencia documental\u00bb de su existencia, en el desahogo del recurso entreg\u00f3 una informaci\u00f3n p\u00fablica.<\/p>\n<p>(PUBLICADO EL 26\/08\/2019<\/p>\n","protected":false},"excerpt":{"rendered":"<p>CIUDAD DE M\u00c9XICO. MX. \u2014&nbsp; Convertida en una de las dependencias m\u00e1s requeridas durante este&#8230;<\/p>\n","protected":false},"author":1,"featured_media":66193,"comment_status":"open","ping_status":"open","sticky":false,"template":"","format":"standard","meta":{"_monsterinsights_skip_tracking":false,"_monsterinsights_sitenote_active":false,"_monsterinsights_sitenote_note":"","_monsterinsights_sitenote_category":0,"footnotes":""},"categories":[5],"tags":[],"class_list":["post"],"yoast_head":" \n<title>Sonora en Equipo. Prevalece la opacidad en peticiones de informaci\u00f3n a la Sedena Rep\u00fablica<\/title>\n<meta name=\"description\" content=\"CIUDAD DE M\u00c9XICO. MX. \u2014&nbsp; Convertida en una de las dependencias m\u00e1s requeridas durante este sexenio en materia de transparencia, la Secretar\u00eda de la En Sonora en Equipo publicamos toda la informaci\u00f3n de Sonora, M\u00e9xico y el Mundo de manera oportuna y busca que la libertad de expresi\u00f3n sea real. Visita nuestro medio informativo publicado desde Hermosillo, Sonora. %\" \/>\n<meta name=\"robots\" content=\"index, follow, max-snippet:-1, max-image-preview:large, max-video-preview:-1\" \/>\n<link rel=\"canonical\" href=\"https:\/\/www.sonoraenequipo.com.mx\/prevalece-la-opacidad-en-peticiones-de-informacion-a-la-sedena\/\" \/>\n<meta property=\"og:locale\" content=\"es_ES\" \/>\n<meta property=\"og:type\" content=\"article\" \/>\n<meta property=\"og:title\" content=\"Sonora en Equipo. Prevalece la opacidad en peticiones de informaci\u00f3n a la Sedena Rep\u00fablica\" \/>\n<meta property=\"og:description\" content=\"CIUDAD DE M\u00c9XICO. MX. \u2014&nbsp; Convertida en una de las dependencias m\u00e1s requeridas durante este sexenio en materia de transparencia, la Secretar\u00eda de la En Sonora en Equipo publicamos toda la informaci\u00f3n de Sonora, M\u00e9xico y el Mundo de manera oportuna y busca que la libertad de expresi\u00f3n sea real. Visita nuestro medio informativo publicado desde Hermosillo, Sonora. %\" \/>\n<meta property=\"og:url\" content=\"https:\/\/www.sonoraenequipo.com.mx\/prevalece-la-opacidad-en-peticiones-de-informacion-a-la-sedena\/\" \/>\n<meta property=\"og:site_name\" content=\"Sonora en Equipo.\" \/>\n<meta property=\"article:publisher\" content=\"https:\/\/www.facebook.com\/SonoraEE\/\" \/>\n<meta property=\"article:author\" content=\"https:\/\/www.facebook.com\/SonoraEE\" \/>\n<meta property=\"article:published_time\" content=\"2019-08-26T22:36:48+00:00\" \/>\n<meta property=\"article:modified_time\" content=\"2019-08-26T23:11:39+00:00\" \/>\n<meta property=\"og:image\" content=\"https:\/\/www.sonoraenequipo.com.mx\/storage\/2019\/08\/opacidadensedena_opt1.jpg\" \/>\n\t<meta property=\"og:image:width\" content=\"491\" \/>\n\t<meta property=\"og:image:height\" content=\"400\" \/>\n\t<meta property=\"og:image:type\" content=\"image\/jpeg\" \/>\n<meta name=\"author\" content=\"enequipo\" \/>\n<meta name=\"twitter:card\" content=\"summary_large_image\" \/>\n<meta name=\"twitter:creator\" content=\"@sonoraenequipo\" \/>\n<meta name=\"twitter:site\" content=\"@sonoraenequipo\" \/>\n<meta name=\"twitter:label1\" content=\"Escrito por\" \/>\n\t<meta name=\"twitter:data1\" content=\"enequipo\" \/>\n\t<meta name=\"twitter:label2\" content=\"Tiempo de lectura\" \/>\n\t<meta name=\"twitter:data2\" content=\"4 minutos\" \/>\n<script type=\"application\/ld+json\" class=\"yoast-schema-graph\">{\"@context\":\"https:\/\/schema.org\",\"@graph\":[{\"@type\":\"Article\",\"@id\":\"https:\/\/www.sonoraenequipo.com.mx\/prevalece-la-opacidad-en-peticiones-de-informacion-a-la-sedena\/#article\",\"isPartOf\":{\"@id\":\"https:\/\/www.sonoraenequipo.com.mx\/prevalece-la-opacidad-en-peticiones-de-informacion-a-la-sedena\/\"},\"author\":{\"name\":\"enequipo\",\"@id\":\"https:\/\/www.sonoraenequipo.com.mx\/#\/schema\/person\/50102df0fb23a8fa9e8effad8fa81386\"},\"headline\":\"Prevalece la opacidad en peticiones de informaci\u00f3n a la Sedena\",\"datePublished\":\"2019-08-26T22:36:48+00:00\",\"dateModified\":\"2019-08-26T23:11:39+00:00\",\"mainEntityOfPage\":{\"@id\":\"https:\/\/www.sonoraenequipo.com.mx\/prevalece-la-opacidad-en-peticiones-de-informacion-a-la-sedena\/\"},\"wordCount\":716,\"commentCount\":0,\"publisher\":{\"@id\":\"https:\/\/www.sonoraenequipo.com.mx\/#organization\"},\"image\":{\"@id\":\"https:\/\/www.sonoraenequipo.com.mx\/prevalece-la-opacidad-en-peticiones-de-informacion-a-la-sedena\/#primaryimage\"},\"thumbnailUrl\":\"https:\/\/www.sonoraenequipo.com.mx\/storage\/2019\/08\/opacidadensedena_opt1.jpg\",\"articleSection\":[\"Rep\u00fablica\"],\"inLanguage\":\"es\",\"potentialAction\":[{\"@type\":\"CommentAction\",\"name\":\"Comment\",\"target\":[\"https:\/\/www.sonoraenequipo.com.mx\/prevalece-la-opacidad-en-peticiones-de-informacion-a-la-sedena\/#respond\"]}]},{\"@type\":\"WebPage\",\"@id\":\"https:\/\/www.sonoraenequipo.com.mx\/prevalece-la-opacidad-en-peticiones-de-informacion-a-la-sedena\/\",\"url\":\"https:\/\/www.sonoraenequipo.com.mx\/prevalece-la-opacidad-en-peticiones-de-informacion-a-la-sedena\/\",\"name\":\"Sonora en Equipo. Prevalece la opacidad en peticiones de informaci\u00f3n a la Sedena Rep\u00fablica\",\"isPartOf\":{\"@id\":\"https:\/\/www.sonoraenequipo.com.mx\/#website\"},\"primaryImageOfPage\":{\"@id\":\"https:\/\/www.sonoraenequipo.com.mx\/prevalece-la-opacidad-en-peticiones-de-informacion-a-la-sedena\/#primaryimage\"},\"image\":{\"@id\":\"https:\/\/www.sonoraenequipo.com.mx\/prevalece-la-opacidad-en-peticiones-de-informacion-a-la-sedena\/#primaryimage\"},\"thumbnailUrl\":\"https:\/\/www.sonoraenequipo.com.mx\/storage\/2019\/08\/opacidadensedena_opt1.jpg\",\"datePublished\":\"2019-08-26T22:36:48+00:00\",\"dateModified\":\"2019-08-26T23:11:39+00:00\",\"description\":\"CIUDAD DE M\u00c9XICO. MX. \u2014&nbsp; Convertida en una de las dependencias m\u00e1s requeridas durante este sexenio en materia de transparencia, la Secretar\u00eda de la En Sonora en Equipo publicamos toda la informaci\u00f3n de Sonora, M\u00e9xico y el Mundo de manera oportuna y busca que la libertad de expresi\u00f3n sea real. Visita nuestro medio informativo publicado desde Hermosillo, Sonora. %\",\"breadcrumb\":{\"@id\":\"https:\/\/www.sonoraenequipo.com.mx\/prevalece-la-opacidad-en-peticiones-de-informacion-a-la-sedena\/#breadcrumb\"},\"inLanguage\":\"es\",\"potentialAction\":[{\"@type\":\"ReadAction\",\"target\":[\"https:\/\/www.sonoraenequipo.com.mx\/prevalece-la-opacidad-en-peticiones-de-informacion-a-la-sedena\/\"]}]},{\"@type\":\"ImageObject\",\"inLanguage\":\"es\",\"@id\":\"https:\/\/www.sonoraenequipo.com.mx\/prevalece-la-opacidad-en-peticiones-de-informacion-a-la-sedena\/#primaryimage\",\"url\":\"https:\/\/www.sonoraenequipo.com.mx\/storage\/2019\/08\/opacidadensedena_opt1.jpg\",\"contentUrl\":\"https:\/\/www.sonoraenequipo.com.mx\/storage\/2019\/08\/opacidadensedena_opt1.jpg\",\"width\":491,\"height\":400},{\"@type\":\"BreadcrumbList\",\"@id\":\"https:\/\/www.sonoraenequipo.com.mx\/prevalece-la-opacidad-en-peticiones-de-informacion-a-la-sedena\/#breadcrumb\",\"itemListElement\":[{\"@type\":\"ListItem\",\"position\":1,\"name\":\"Portada\",\"item\":\"https:\/\/www.sonoraenequipo.com.mx\/\"},{\"@type\":\"ListItem\",\"position\":2,\"name\":\"Prevalece la opacidad en peticiones de informaci\u00f3n a la Sedena\"}]},{\"@type\":\"WebSite\",\"@id\":\"https:\/\/www.sonoraenequipo.com.mx\/#website\",\"url\":\"https:\/\/www.sonoraenequipo.com.mx\/\",\"name\":\"Sonora en Equipo.\",\"description\":\"Diario en l\u00ednea con Noticias desde Hermosillo, Sonora\",\"publisher\":{\"@id\":\"https:\/\/www.sonoraenequipo.com.mx\/#organization\"},\"potentialAction\":[{\"@type\":\"SearchAction\",\"target\":{\"@type\":\"EntryPoint\",\"urlTemplate\":\"https:\/\/www.sonoraenequipo.com.mx\/?s={search_term_string}\"},\"query-input\":{\"@type\":\"PropertyValueSpecification\",\"valueRequired\":true,\"valueName\":\"search_term_string\"}}],\"inLanguage\":\"es\"},{\"@type\":\"Organization\",\"@id\":\"https:\/\/www.sonoraenequipo.com.mx\/#organization\",\"name\":\"Sonoraenequipo.com.mx\",\"url\":\"https:\/\/www.sonoraenequipo.com.mx\/\",\"logo\":{\"@type\":\"ImageObject\",\"inLanguage\":\"es\",\"@id\":\"https:\/\/www.sonoraenequipo.com.mx\/#\/schema\/logo\/image\/\",\"url\":\"https:\/\/www.sonoraenequipo.com.mx\/storage\/2019\/01\/sonoraenequipo_opt.png\",\"contentUrl\":\"https:\/\/www.sonoraenequipo.com.mx\/storage\/2019\/01\/sonoraenequipo_opt.png\",\"width\":375,\"height\":125,\"caption\":\"Sonoraenequipo.com.mx\"},\"image\":{\"@id\":\"https:\/\/www.sonoraenequipo.com.mx\/#\/schema\/logo\/image\/\"},\"sameAs\":[\"https:\/\/www.facebook.com\/SonoraEE\/\",\"https:\/\/x.com\/sonoraenequipo\",\"https:\/\/www.youtube.com\/channel\/UC338nW-lPEYmJQs4ZABQ1SQ\"]},{\"@type\":\"Person\",\"@id\":\"https:\/\/www.sonoraenequipo.com.mx\/#\/schema\/person\/50102df0fb23a8fa9e8effad8fa81386\",\"name\":\"enequipo\",\"image\":{\"@type\":\"ImageObject\",\"inLanguage\":\"es\",\"@id\":\"https:\/\/www.sonoraenequipo.com.mx\/#\/schema\/person\/image\/\",\"url\":\"https:\/\/secure.gravatar.com\/avatar\/049821681b589dabc0bc20695993ccebb09f5b5d4d790cd9251b97faac7c652b?s=96&d=blank&r=g\",\"contentUrl\":\"https:\/\/secure.gravatar.com\/avatar\/049821681b589dabc0bc20695993ccebb09f5b5d4d790cd9251b97faac7c652b?s=96&d=blank&r=g\",\"caption\":\"enequipo\"},\"sameAs\":[\"https:\/\/www.facebook.com\/SonoraEE\"]}]}<\/script>\n ","yoast_head_json":{"title":"Sonora en Equipo. Prevalece la opacidad en peticiones de informaci\u00f3n a la Sedena Rep\u00fablica","description":"CIUDAD DE M\u00c9XICO. MX. \u2014&nbsp; Convertida en una de las dependencias m\u00e1s requeridas durante este sexenio en materia de transparencia, la Secretar\u00eda de la En Sonora en Equipo publicamos toda la informaci\u00f3n de Sonora, M\u00e9xico y el Mundo de manera oportuna y busca que la libertad de expresi\u00f3n sea real. Visita nuestro medio informativo publicado desde Hermosillo, Sonora. %","robots":{"index":"index","follow":"follow","max-snippet":"max-snippet:-1","max-image-preview":"max-image-preview:large","max-video-preview":"max-video-preview:-1"},"canonical":"https:\/\/www.sonoraenequipo.com.mx\/prevalece-la-opacidad-en-peticiones-de-informacion-a-la-sedena\/","og_locale":"es_ES","og_type":"article","og_title":"Sonora en Equipo. Prevalece la opacidad en peticiones de informaci\u00f3n a la Sedena Rep\u00fablica","og_description":"CIUDAD DE M\u00c9XICO. MX. \u2014&nbsp; Convertida en una de las dependencias m\u00e1s requeridas durante este sexenio en materia de transparencia, la Secretar\u00eda de la En Sonora en Equipo publicamos toda la informaci\u00f3n de Sonora, M\u00e9xico y el Mundo de manera oportuna y busca que la libertad de expresi\u00f3n sea real. Visita nuestro medio informativo publicado desde Hermosillo, Sonora. %","og_url":"https:\/\/www.sonoraenequipo.com.mx\/prevalece-la-opacidad-en-peticiones-de-informacion-a-la-sedena\/","og_site_name":"Sonora en Equipo.","article_publisher":"https:\/\/www.facebook.com\/SonoraEE\/","article_author":"https:\/\/www.facebook.com\/SonoraEE","article_published_time":"2019-08-26T22:36:48+00:00","article_modified_time":"2019-08-26T23:11:39+00:00","og_image":[{"width":491,"height":400,"url":"https:\/\/www.sonoraenequipo.com.mx\/storage\/2019\/08\/opacidadensedena_opt1.jpg","type":"image\/jpeg"}],"author":"enequipo","twitter_card":"summary_large_image","twitter_creator":"@sonoraenequipo","twitter_site":"@sonoraenequipo","twitter_misc":{"Escrito por":"enequipo","Tiempo de lectura":"4 minutos"},"schema":{"@context":"https:\/\/schema.org","@graph":[{"@type":"Article","@id":"https:\/\/www.sonoraenequipo.com.mx\/prevalece-la-opacidad-en-peticiones-de-informacion-a-la-sedena\/#article","isPartOf":{"@id":"https:\/\/www.sonoraenequipo.com.mx\/prevalece-la-opacidad-en-peticiones-de-informacion-a-la-sedena\/"},"author":{"name":"enequipo","@id":"https:\/\/www.sonoraenequipo.com.mx\/#\/schema\/person\/50102df0fb23a8fa9e8effad8fa81386"},"headline":"Prevalece la opacidad en peticiones de informaci\u00f3n a la Sedena","datePublished":"2019-08-26T22:36:48+00:00","dateModified":"2019-08-26T23:11:39+00:00","mainEntityOfPage":{"@id":"https:\/\/www.sonoraenequipo.com.mx\/prevalece-la-opacidad-en-peticiones-de-informacion-a-la-sedena\/"},"wordCount":716,"commentCount":0,"publisher":{"@id":"https:\/\/www.sonoraenequipo.com.mx\/#organization"},"image":{"@id":"https:\/\/www.sonoraenequipo.com.mx\/prevalece-la-opacidad-en-peticiones-de-informacion-a-la-sedena\/#primaryimage"},"thumbnailUrl":"https:\/\/www.sonoraenequipo.com.mx\/storage\/2019\/08\/opacidadensedena_opt1.jpg","articleSection":["Rep\u00fablica"],"inLanguage":"es","potentialAction":[{"@type":"CommentAction","name":"Comment","target":["https:\/\/www.sonoraenequipo.com.mx\/prevalece-la-opacidad-en-peticiones-de-informacion-a-la-sedena\/#respond"]}]},{"@type":"WebPage","@id":"https:\/\/www.sonoraenequipo.com.mx\/prevalece-la-opacidad-en-peticiones-de-informacion-a-la-sedena\/","url":"https:\/\/www.sonoraenequipo.com.mx\/prevalece-la-opacidad-en-peticiones-de-informacion-a-la-sedena\/","name":"Sonora en Equipo. Prevalece la opacidad en peticiones de informaci\u00f3n a la Sedena Rep\u00fablica","isPartOf":{"@id":"https:\/\/www.sonoraenequipo.com.mx\/#website"},"primaryImageOfPage":{"@id":"https:\/\/www.sonoraenequipo.com.mx\/prevalece-la-opacidad-en-peticiones-de-informacion-a-la-sedena\/#primaryimage"},"image":{"@id":"https:\/\/www.sonoraenequipo.com.mx\/prevalece-la-opacidad-en-peticiones-de-informacion-a-la-sedena\/#primaryimage"},"thumbnailUrl":"https:\/\/www.sonoraenequipo.com.mx\/storage\/2019\/08\/opacidadensedena_opt1.jpg","datePublished":"2019-08-26T22:36:48+00:00","dateModified":"2019-08-26T23:11:39+00:00","description":"CIUDAD DE M\u00c9XICO. MX. \u2014&nbsp; Convertida en una de las dependencias m\u00e1s requeridas durante este sexenio en materia de transparencia, la Secretar\u00eda de la En Sonora en Equipo publicamos toda la informaci\u00f3n de Sonora, M\u00e9xico y el Mundo de manera oportuna y busca que la libertad de expresi\u00f3n sea real. Visita nuestro medio informativo publicado desde Hermosillo, Sonora. %","breadcrumb":{"@id":"https:\/\/www.sonoraenequipo.com.mx\/prevalece-la-opacidad-en-peticiones-de-informacion-a-la-sedena\/#breadcrumb"},"inLanguage":"es","potentialAction":[{"@type":"ReadAction","target":["https:\/\/www.sonoraenequipo.com.mx\/prevalece-la-opacidad-en-peticiones-de-informacion-a-la-sedena\/"]}]},{"@type":"ImageObject","inLanguage":"es","@id":"https:\/\/www.sonoraenequipo.com.mx\/prevalece-la-opacidad-en-peticiones-de-informacion-a-la-sedena\/#primaryimage","url":"https:\/\/www.sonoraenequipo.com.mx\/storage\/2019\/08\/opacidadensedena_opt1.jpg","contentUrl":"https:\/\/www.sonoraenequipo.com.mx\/storage\/2019\/08\/opacidadensedena_opt1.jpg","width":491,"height":400},{"@type":"BreadcrumbList","@id":"https:\/\/www.sonoraenequipo.com.mx\/prevalece-la-opacidad-en-peticiones-de-informacion-a-la-sedena\/#breadcrumb","itemListElement":[{"@type":"ListItem","position":1,"name":"Portada","item":"https:\/\/www.sonoraenequipo.com.mx\/"},{"@type":"ListItem","position":2,"name":"Prevalece la opacidad en peticiones de informaci\u00f3n a la Sedena"}]},{"@type":"WebSite","@id":"https:\/\/www.sonoraenequipo.com.mx\/#website","url":"https:\/\/www.sonoraenequipo.com.mx\/","name":"Sonora en Equipo.","description":"Diario en l\u00ednea con Noticias desde Hermosillo, Sonora","publisher":{"@id":"https:\/\/www.sonoraenequipo.com.mx\/#organization"},"potentialAction":[{"@type":"SearchAction","target":{"@type":"EntryPoint","urlTemplate":"https:\/\/www.sonoraenequipo.com.mx\/?s={search_term_string}"},"query-input":{"@type":"PropertyValueSpecification","valueRequired":true,"valueName":"search_term_string"}}],"inLanguage":"es"},{"@type":"Organization","@id":"https:\/\/www.sonoraenequipo.com.mx\/#organization","name":"Sonoraenequipo.com.mx","url":"https:\/\/www.sonoraenequipo.com.mx\/","logo":{"@type":"ImageObject","inLanguage":"es","@id":"https:\/\/www.sonoraenequipo.com.mx\/#\/schema\/logo\/image\/","url":"https:\/\/www.sonoraenequipo.com.mx\/storage\/2019\/01\/sonoraenequipo_opt.png","contentUrl":"https:\/\/www.sonoraenequipo.com.mx\/storage\/2019\/01\/sonoraenequipo_opt.png","width":375,"height":125,"caption":"Sonoraenequipo.com.mx"},"image":{"@id":"https:\/\/www.sonoraenequipo.com.mx\/#\/schema\/logo\/image\/"},"sameAs":["https:\/\/www.facebook.com\/SonoraEE\/","https:\/\/x.com\/sonoraenequipo","https:\/\/www.youtube.com\/channel\/UC338nW-lPEYmJQs4ZABQ1SQ"]},{"@type":"Person","@id":"https:\/\/www.sonoraenequipo.com.mx\/#\/schema\/person\/50102df0fb23a8fa9e8effad8fa81386","name":"enequipo","image":{"@type":"ImageObject","inLanguage":"es","@id":"https:\/\/www.sonoraenequipo.com.mx\/#\/schema\/person\/image\/","url":"https:\/\/secure.gravatar.com\/avatar\/049821681b589dabc0bc20695993ccebb09f5b5d4d790cd9251b97faac7c652b?s=96&d=blank&r=g","contentUrl":"https:\/\/secure.gravatar.com\/avatar\/049821681b589dabc0bc20695993ccebb09f5b5d4d790cd9251b97faac7c652b?s=96&d=blank&r=g","caption":"enequipo"},"sameAs":["https:\/\/www.facebook.com\/SonoraEE"]}]}},"jetpack_featured_media_url":"https:\/\/www.sonoraenequipo.com.mx\/storage\/2019\/08\/opacidadensedena_opt1.jpg","_links":{"self":[{"href":"https:\/\/www.sonoraenequipo.com.mx\/api\/wp\/v2\/posts\/66192","targetHints":{"allow":["GET"]}}],"collection":[{"href":"https:\/\/www.sonoraenequipo.com.mx\/api\/wp\/v2\/posts"}],"about":[{"href":"https:\/\/www.sonoraenequipo.com.mx\/api\/wp\/v2\/types\/post"}],"author":[{"embeddable":true,"href":"https:\/\/www.sonoraenequipo.com.mx\/api\/wp\/v2\/users\/1"}],"replies":[{"embeddable":true,"href":"https:\/\/www.sonoraenequipo.com.mx\/api\/wp\/v2\/comments?post=66192"}],"version-history":[{"count":0,"href":"https:\/\/www.sonoraenequipo.com.mx\/api\/wp\/v2\/posts\/66192\/revisions"}],"wp:featuredmedia":[{"embeddable":true,"href":"https:\/\/www.sonoraenequipo.com.mx\/api\/wp\/v2\/media\/66193"}],"wp:attachment":[{"href":"https:\/\/www.sonoraenequipo.com.mx\/api\/wp\/v2\/media?parent=66192"}],"wp:term":[{"taxonomy":"category","embeddable":true,"href":"https:\/\/www.sonoraenequipo.com.mx\/api\/wp\/v2\/categories?post=66192"},{"taxonomy":"post_tag","embeddable":true,"href":"https:\/\/www.sonoraenequipo.com.mx\/api\/wp\/v2\/tags?post=66192"}],"curies":[{"name":"wp","href":"https:\/\/api.w.org\/{rel}","templated":true}]}}