{"id":66204,"date":"2019-08-26T14:40:58","date_gmt":"2019-08-26T21:40:58","guid":{"rendered":"https:\/\/www.sonoraenequipo.com.mx\/?p=66204"},"modified":"2019-08-26T16:25:18","modified_gmt":"2019-08-26T23:25:18","slug":"asumira-pan-lo-que-por-derecho-le-corresponde-en-san-lazaro-cortes","status":"publish","type":"post","link":"https:\/\/www.sonoraenequipo.com.mx\/asumira-pan-lo-que-por-derecho-le-corresponde-en-san-lazaro-cortes\/","title":{"rendered":"Asumir\u00e1 PAN \u00ablo que por derecho le corresponde\u00bb en San L\u00e1zaro: Cort\u00e9s"},"content":{"rendered":"<p>CIUDAD DE M\u00c9XICO. MX. \u2014 El Partido Acci\u00f3n Nacional (PAN) asumir\u00e1 \u201clo que por derecho le corresponde y ofrece una conducci\u00f3n republicana\u201d de la Mesa Directiva de la C\u00e1mara de Diputados, afirm\u00f3 el dirigente nacional del blanquiazul, Marko Cort\u00e9s. <\/p>\n<p>No obstante, advirti\u00f3 que si no se cumple con el pacto de que el PAN presida la mesa a partir del domingo, cuando inicia el periodo de sesiones ordinarias, \u201cse llevar\u00e1 a una par\u00e1lisis legislativa no deseada\u201d.<\/p>\n<p><strong>-\u00bfVeremos al PAN tomar la tribuna?<\/strong> \u2013se le pregunt\u00f3 en conferencia de prensa en el Palacio Legislativo.<\/p>\n<p><em>-Nos ver\u00e1n presidiendo la Mesa Directiva<\/em> \u2013dijo.<\/p>\n<p>En el contexto del arranque de la plenaria de los diputados panistas, Cort\u00e9s confi\u00f3 que Morena \u2013que intenta mantenerse en ese cargo mediante una reforma a la Ley Org\u00e1nica del Congreso- apueste por el cumplimiento de la ley y de la palabra.<\/p>\n<p>Confirm\u00f3 que ma\u00f1ana se realizar\u00e1 la elecci\u00f3n interna para determinar a los candidatos a presidir la Mesa Directiva, con objeto de que se cumpla lo dispuesto en la Ley Org\u00e1nica del Congreso y el acuerdo, suscrito el a\u00f1o pasado por Mario Delgado, coordinador de Morena, y la Junta de Coordinaci\u00f3n Pol\u00edtica.<\/p>\n<p><em>\u201cHay un cierre total de filas en el PAN y en el grupo parlamentario. El PAN representar\u00e1 a la pluralidad de la c\u00e1mara\u201d,<\/em> insisti\u00f3.<\/p>\n<p>Por la ma\u00f1ana, Mario Delgado afirm\u00f3 que el s\u00e1bado, en la sesi\u00f3n de instalaci\u00f3n de la C\u00e1mara de Diputados, se realizar\u00e1 la elecci\u00f3n de la Mesa Directiva, que requiere el voto de las dos terceras partes de los diputados presentes en la sesi\u00f3n, citada a las 17 horas.<\/p>\n<p>No obstante, dijo que, en la plenaria de jueves a s\u00e1bado, los diputados de Morena analizar\u00e1n si respaldar\u00e1n la iniciativa de Dolores Padierna Luna para que esa bancada presida la mesa directiva los tres a\u00f1os de la 64 Legislatura.<\/p>\n<p>(PUBLICADO EL 26\/08\/2019 \/ Enrique M\u00e9ndez)<\/p>\n","protected":false},"excerpt":{"rendered":"<p>CIUDAD DE M\u00c9XICO. MX. \u2014 El Partido Acci\u00f3n Nacional (PAN) asumir\u00e1 \u201clo que por derecho&#8230;<\/p>\n","protected":false},"author":1,"featured_media":66205,"comment_status":"open","ping_status":"open","sticky":false,"template":"","format":"standard","meta":{"_monsterinsights_skip_tracking":false,"_monsterinsights_sitenote_active":false,"_monsterinsights_sitenote_note":"","_monsterinsights_sitenote_category":0,"footnotes":""},"categories":[5],"tags":[],"class_list":["post"],"yoast_head":" \n<title>Sonora en Equipo. Asumir\u00e1 PAN &quot;lo que por derecho le corresponde&quot; en San L\u00e1zaro: Cort\u00e9s Rep\u00fablica<\/title>\n<meta name=\"description\" content=\"CIUDAD DE M\u00c9XICO. MX. \u2014 El Partido Acci\u00f3n Nacional (PAN) asumir\u00e1 \u201clo que por derecho le corresponde y ofrece una conducci\u00f3n republicana\u201d de la Mesa En Sonora en Equipo publicamos toda la informaci\u00f3n de Sonora, M\u00e9xico y el Mundo de manera oportuna y busca que la libertad de expresi\u00f3n sea real. Visita nuestro medio informativo publicado desde Hermosillo, Sonora. %\" \/>\n<meta name=\"robots\" content=\"index, follow, max-snippet:-1, max-image-preview:large, max-video-preview:-1\" \/>\n<link rel=\"canonical\" href=\"https:\/\/www.sonoraenequipo.com.mx\/asumira-pan-lo-que-por-derecho-le-corresponde-en-san-lazaro-cortes\/\" \/>\n<meta property=\"og:locale\" content=\"es_ES\" \/>\n<meta property=\"og:type\" content=\"article\" \/>\n<meta property=\"og:title\" content=\"Sonora en Equipo. Asumir\u00e1 PAN &quot;lo que por derecho le corresponde&quot; en San L\u00e1zaro: Cort\u00e9s Rep\u00fablica\" \/>\n<meta property=\"og:description\" content=\"CIUDAD DE M\u00c9XICO. MX. \u2014 El Partido Acci\u00f3n Nacional (PAN) asumir\u00e1 \u201clo que por derecho le corresponde y ofrece una conducci\u00f3n republicana\u201d de la Mesa En Sonora en Equipo publicamos toda la informaci\u00f3n de Sonora, M\u00e9xico y el Mundo de manera oportuna y busca que la libertad de expresi\u00f3n sea real. Visita nuestro medio informativo publicado desde Hermosillo, Sonora. %\" \/>\n<meta property=\"og:url\" content=\"https:\/\/www.sonoraenequipo.com.mx\/asumira-pan-lo-que-por-derecho-le-corresponde-en-san-lazaro-cortes\/\" \/>\n<meta property=\"og:site_name\" content=\"Sonora en Equipo.\" \/>\n<meta property=\"article:publisher\" content=\"https:\/\/www.facebook.com\/SonoraEE\/\" \/>\n<meta property=\"article:author\" content=\"https:\/\/www.facebook.com\/SonoraEE\" \/>\n<meta property=\"article:published_time\" content=\"2019-08-26T21:40:58+00:00\" \/>\n<meta property=\"article:modified_time\" content=\"2019-08-26T23:25:18+00:00\" \/>\n<meta property=\"og:image\" content=\"https:\/\/www.sonoraenequipo.com.mx\/storage\/2019\/08\/marcocortez.jpg\" \/>\n\t<meta property=\"og:image:width\" content=\"745\" \/>\n\t<meta property=\"og:image:height\" content=\"477\" \/>\n\t<meta property=\"og:image:type\" content=\"image\/jpeg\" \/>\n<meta name=\"author\" content=\"enequipo\" \/>\n<meta name=\"twitter:card\" content=\"summary_large_image\" \/>\n<meta name=\"twitter:creator\" content=\"@sonoraenequipo\" \/>\n<meta name=\"twitter:site\" content=\"@sonoraenequipo\" \/>\n<meta name=\"twitter:label1\" content=\"Escrito por\" \/>\n\t<meta name=\"twitter:data1\" content=\"enequipo\" \/>\n\t<meta name=\"twitter:label2\" content=\"Tiempo de lectura\" \/>\n\t<meta name=\"twitter:data2\" content=\"2 minutos\" \/>\n<script type=\"application\/ld+json\" class=\"yoast-schema-graph\">{\"@context\":\"https:\/\/schema.org\",\"@graph\":[{\"@type\":\"Article\",\"@id\":\"https:\/\/www.sonoraenequipo.com.mx\/asumira-pan-lo-que-por-derecho-le-corresponde-en-san-lazaro-cortes\/#article\",\"isPartOf\":{\"@id\":\"https:\/\/www.sonoraenequipo.com.mx\/asumira-pan-lo-que-por-derecho-le-corresponde-en-san-lazaro-cortes\/\"},\"author\":{\"name\":\"enequipo\",\"@id\":\"https:\/\/www.sonoraenequipo.com.mx\/#\/schema\/person\/50102df0fb23a8fa9e8effad8fa81386\"},\"headline\":\"Asumir\u00e1 PAN \u00ablo que por derecho le corresponde\u00bb en San L\u00e1zaro: Cort\u00e9s\",\"datePublished\":\"2019-08-26T21:40:58+00:00\",\"dateModified\":\"2019-08-26T23:25:18+00:00\",\"mainEntityOfPage\":{\"@id\":\"https:\/\/www.sonoraenequipo.com.mx\/asumira-pan-lo-que-por-derecho-le-corresponde-en-san-lazaro-cortes\/\"},\"wordCount\":348,\"commentCount\":0,\"publisher\":{\"@id\":\"https:\/\/www.sonoraenequipo.com.mx\/#organization\"},\"image\":{\"@id\":\"https:\/\/www.sonoraenequipo.com.mx\/asumira-pan-lo-que-por-derecho-le-corresponde-en-san-lazaro-cortes\/#primaryimage\"},\"thumbnailUrl\":\"https:\/\/www.sonoraenequipo.com.mx\/storage\/2019\/08\/marcocortez.jpg\",\"articleSection\":[\"Rep\u00fablica\"],\"inLanguage\":\"es\",\"potentialAction\":[{\"@type\":\"CommentAction\",\"name\":\"Comment\",\"target\":[\"https:\/\/www.sonoraenequipo.com.mx\/asumira-pan-lo-que-por-derecho-le-corresponde-en-san-lazaro-cortes\/#respond\"]}]},{\"@type\":\"WebPage\",\"@id\":\"https:\/\/www.sonoraenequipo.com.mx\/asumira-pan-lo-que-por-derecho-le-corresponde-en-san-lazaro-cortes\/\",\"url\":\"https:\/\/www.sonoraenequipo.com.mx\/asumira-pan-lo-que-por-derecho-le-corresponde-en-san-lazaro-cortes\/\",\"name\":\"Sonora en Equipo. Asumir\u00e1 PAN \\\"lo que por derecho le corresponde\\\" en San L\u00e1zaro: Cort\u00e9s Rep\u00fablica\",\"isPartOf\":{\"@id\":\"https:\/\/www.sonoraenequipo.com.mx\/#website\"},\"primaryImageOfPage\":{\"@id\":\"https:\/\/www.sonoraenequipo.com.mx\/asumira-pan-lo-que-por-derecho-le-corresponde-en-san-lazaro-cortes\/#primaryimage\"},\"image\":{\"@id\":\"https:\/\/www.sonoraenequipo.com.mx\/asumira-pan-lo-que-por-derecho-le-corresponde-en-san-lazaro-cortes\/#primaryimage\"},\"thumbnailUrl\":\"https:\/\/www.sonoraenequipo.com.mx\/storage\/2019\/08\/marcocortez.jpg\",\"datePublished\":\"2019-08-26T21:40:58+00:00\",\"dateModified\":\"2019-08-26T23:25:18+00:00\",\"description\":\"CIUDAD DE M\u00c9XICO. MX. \u2014 El Partido Acci\u00f3n Nacional (PAN) asumir\u00e1 \u201clo que por derecho le corresponde y ofrece una conducci\u00f3n republicana\u201d de la Mesa En Sonora en Equipo publicamos toda la informaci\u00f3n de Sonora, M\u00e9xico y el Mundo de manera oportuna y busca que la libertad de expresi\u00f3n sea real. Visita nuestro medio informativo publicado desde Hermosillo, Sonora. %\",\"breadcrumb\":{\"@id\":\"https:\/\/www.sonoraenequipo.com.mx\/asumira-pan-lo-que-por-derecho-le-corresponde-en-san-lazaro-cortes\/#breadcrumb\"},\"inLanguage\":\"es\",\"potentialAction\":[{\"@type\":\"ReadAction\",\"target\":[\"https:\/\/www.sonoraenequipo.com.mx\/asumira-pan-lo-que-por-derecho-le-corresponde-en-san-lazaro-cortes\/\"]}]},{\"@type\":\"ImageObject\",\"inLanguage\":\"es\",\"@id\":\"https:\/\/www.sonoraenequipo.com.mx\/asumira-pan-lo-que-por-derecho-le-corresponde-en-san-lazaro-cortes\/#primaryimage\",\"url\":\"https:\/\/www.sonoraenequipo.com.mx\/storage\/2019\/08\/marcocortez.jpg\",\"contentUrl\":\"https:\/\/www.sonoraenequipo.com.mx\/storage\/2019\/08\/marcocortez.jpg\",\"width\":745,\"height\":477},{\"@type\":\"BreadcrumbList\",\"@id\":\"https:\/\/www.sonoraenequipo.com.mx\/asumira-pan-lo-que-por-derecho-le-corresponde-en-san-lazaro-cortes\/#breadcrumb\",\"itemListElement\":[{\"@type\":\"ListItem\",\"position\":1,\"name\":\"Portada\",\"item\":\"https:\/\/www.sonoraenequipo.com.mx\/\"},{\"@type\":\"ListItem\",\"position\":2,\"name\":\"Asumir\u00e1 PAN \u00ablo que por derecho le corresponde\u00bb en San L\u00e1zaro: Cort\u00e9s\"}]},{\"@type\":\"WebSite\",\"@id\":\"https:\/\/www.sonoraenequipo.com.mx\/#website\",\"url\":\"https:\/\/www.sonoraenequipo.com.mx\/\",\"name\":\"Sonora en Equipo.\",\"description\":\"Diario en l\u00ednea con Noticias desde Hermosillo, Sonora\",\"publisher\":{\"@id\":\"https:\/\/www.sonoraenequipo.com.mx\/#organization\"},\"potentialAction\":[{\"@type\":\"SearchAction\",\"target\":{\"@type\":\"EntryPoint\",\"urlTemplate\":\"https:\/\/www.sonoraenequipo.com.mx\/?s={search_term_string}\"},\"query-input\":{\"@type\":\"PropertyValueSpecification\",\"valueRequired\":true,\"valueName\":\"search_term_string\"}}],\"inLanguage\":\"es\"},{\"@type\":\"Organization\",\"@id\":\"https:\/\/www.sonoraenequipo.com.mx\/#organization\",\"name\":\"Sonoraenequipo.com.mx\",\"url\":\"https:\/\/www.sonoraenequipo.com.mx\/\",\"logo\":{\"@type\":\"ImageObject\",\"inLanguage\":\"es\",\"@id\":\"https:\/\/www.sonoraenequipo.com.mx\/#\/schema\/logo\/image\/\",\"url\":\"https:\/\/www.sonoraenequipo.com.mx\/storage\/2019\/01\/sonoraenequipo_opt.png\",\"contentUrl\":\"https:\/\/www.sonoraenequipo.com.mx\/storage\/2019\/01\/sonoraenequipo_opt.png\",\"width\":375,\"height\":125,\"caption\":\"Sonoraenequipo.com.mx\"},\"image\":{\"@id\":\"https:\/\/www.sonoraenequipo.com.mx\/#\/schema\/logo\/image\/\"},\"sameAs\":[\"https:\/\/www.facebook.com\/SonoraEE\/\",\"https:\/\/x.com\/sonoraenequipo\",\"https:\/\/www.youtube.com\/channel\/UC338nW-lPEYmJQs4ZABQ1SQ\"]},{\"@type\":\"Person\",\"@id\":\"https:\/\/www.sonoraenequipo.com.mx\/#\/schema\/person\/50102df0fb23a8fa9e8effad8fa81386\",\"name\":\"enequipo\",\"image\":{\"@type\":\"ImageObject\",\"inLanguage\":\"es\",\"@id\":\"https:\/\/www.sonoraenequipo.com.mx\/#\/schema\/person\/image\/\",\"url\":\"https:\/\/secure.gravatar.com\/avatar\/049821681b589dabc0bc20695993ccebb09f5b5d4d790cd9251b97faac7c652b?s=96&d=blank&r=g\",\"contentUrl\":\"https:\/\/secure.gravatar.com\/avatar\/049821681b589dabc0bc20695993ccebb09f5b5d4d790cd9251b97faac7c652b?s=96&d=blank&r=g\",\"caption\":\"enequipo\"},\"sameAs\":[\"https:\/\/www.facebook.com\/SonoraEE\"]}]}<\/script>\n ","yoast_head_json":{"title":"Sonora en Equipo. Asumir\u00e1 PAN \"lo que por derecho le corresponde\" en San L\u00e1zaro: Cort\u00e9s Rep\u00fablica","description":"CIUDAD DE M\u00c9XICO. MX. \u2014 El Partido Acci\u00f3n Nacional (PAN) asumir\u00e1 \u201clo que por derecho le corresponde y ofrece una conducci\u00f3n republicana\u201d de la Mesa En Sonora en Equipo publicamos toda la informaci\u00f3n de Sonora, M\u00e9xico y el Mundo de manera oportuna y busca que la libertad de expresi\u00f3n sea real. Visita nuestro medio informativo publicado desde Hermosillo, Sonora. %","robots":{"index":"index","follow":"follow","max-snippet":"max-snippet:-1","max-image-preview":"max-image-preview:large","max-video-preview":"max-video-preview:-1"},"canonical":"https:\/\/www.sonoraenequipo.com.mx\/asumira-pan-lo-que-por-derecho-le-corresponde-en-san-lazaro-cortes\/","og_locale":"es_ES","og_type":"article","og_title":"Sonora en Equipo. Asumir\u00e1 PAN \"lo que por derecho le corresponde\" en San L\u00e1zaro: Cort\u00e9s Rep\u00fablica","og_description":"CIUDAD DE M\u00c9XICO. MX. \u2014 El Partido Acci\u00f3n Nacional (PAN) asumir\u00e1 \u201clo que por derecho le corresponde y ofrece una conducci\u00f3n republicana\u201d de la Mesa En Sonora en Equipo publicamos toda la informaci\u00f3n de Sonora, M\u00e9xico y el Mundo de manera oportuna y busca que la libertad de expresi\u00f3n sea real. Visita nuestro medio informativo publicado desde Hermosillo, Sonora. %","og_url":"https:\/\/www.sonoraenequipo.com.mx\/asumira-pan-lo-que-por-derecho-le-corresponde-en-san-lazaro-cortes\/","og_site_name":"Sonora en Equipo.","article_publisher":"https:\/\/www.facebook.com\/SonoraEE\/","article_author":"https:\/\/www.facebook.com\/SonoraEE","article_published_time":"2019-08-26T21:40:58+00:00","article_modified_time":"2019-08-26T23:25:18+00:00","og_image":[{"width":745,"height":477,"url":"https:\/\/www.sonoraenequipo.com.mx\/storage\/2019\/08\/marcocortez.jpg","type":"image\/jpeg"}],"author":"enequipo","twitter_card":"summary_large_image","twitter_creator":"@sonoraenequipo","twitter_site":"@sonoraenequipo","twitter_misc":{"Escrito por":"enequipo","Tiempo de lectura":"2 minutos"},"schema":{"@context":"https:\/\/schema.org","@graph":[{"@type":"Article","@id":"https:\/\/www.sonoraenequipo.com.mx\/asumira-pan-lo-que-por-derecho-le-corresponde-en-san-lazaro-cortes\/#article","isPartOf":{"@id":"https:\/\/www.sonoraenequipo.com.mx\/asumira-pan-lo-que-por-derecho-le-corresponde-en-san-lazaro-cortes\/"},"author":{"name":"enequipo","@id":"https:\/\/www.sonoraenequipo.com.mx\/#\/schema\/person\/50102df0fb23a8fa9e8effad8fa81386"},"headline":"Asumir\u00e1 PAN \u00ablo que por derecho le corresponde\u00bb en San L\u00e1zaro: Cort\u00e9s","datePublished":"2019-08-26T21:40:58+00:00","dateModified":"2019-08-26T23:25:18+00:00","mainEntityOfPage":{"@id":"https:\/\/www.sonoraenequipo.com.mx\/asumira-pan-lo-que-por-derecho-le-corresponde-en-san-lazaro-cortes\/"},"wordCount":348,"commentCount":0,"publisher":{"@id":"https:\/\/www.sonoraenequipo.com.mx\/#organization"},"image":{"@id":"https:\/\/www.sonoraenequipo.com.mx\/asumira-pan-lo-que-por-derecho-le-corresponde-en-san-lazaro-cortes\/#primaryimage"},"thumbnailUrl":"https:\/\/www.sonoraenequipo.com.mx\/storage\/2019\/08\/marcocortez.jpg","articleSection":["Rep\u00fablica"],"inLanguage":"es","potentialAction":[{"@type":"CommentAction","name":"Comment","target":["https:\/\/www.sonoraenequipo.com.mx\/asumira-pan-lo-que-por-derecho-le-corresponde-en-san-lazaro-cortes\/#respond"]}]},{"@type":"WebPage","@id":"https:\/\/www.sonoraenequipo.com.mx\/asumira-pan-lo-que-por-derecho-le-corresponde-en-san-lazaro-cortes\/","url":"https:\/\/www.sonoraenequipo.com.mx\/asumira-pan-lo-que-por-derecho-le-corresponde-en-san-lazaro-cortes\/","name":"Sonora en Equipo. Asumir\u00e1 PAN \"lo que por derecho le corresponde\" en San L\u00e1zaro: Cort\u00e9s Rep\u00fablica","isPartOf":{"@id":"https:\/\/www.sonoraenequipo.com.mx\/#website"},"primaryImageOfPage":{"@id":"https:\/\/www.sonoraenequipo.com.mx\/asumira-pan-lo-que-por-derecho-le-corresponde-en-san-lazaro-cortes\/#primaryimage"},"image":{"@id":"https:\/\/www.sonoraenequipo.com.mx\/asumira-pan-lo-que-por-derecho-le-corresponde-en-san-lazaro-cortes\/#primaryimage"},"thumbnailUrl":"https:\/\/www.sonoraenequipo.com.mx\/storage\/2019\/08\/marcocortez.jpg","datePublished":"2019-08-26T21:40:58+00:00","dateModified":"2019-08-26T23:25:18+00:00","description":"CIUDAD DE M\u00c9XICO. MX. \u2014 El Partido Acci\u00f3n Nacional (PAN) asumir\u00e1 \u201clo que por derecho le corresponde y ofrece una conducci\u00f3n republicana\u201d de la Mesa En Sonora en Equipo publicamos toda la informaci\u00f3n de Sonora, M\u00e9xico y el Mundo de manera oportuna y busca que la libertad de expresi\u00f3n sea real. Visita nuestro medio informativo publicado desde Hermosillo, Sonora. %","breadcrumb":{"@id":"https:\/\/www.sonoraenequipo.com.mx\/asumira-pan-lo-que-por-derecho-le-corresponde-en-san-lazaro-cortes\/#breadcrumb"},"inLanguage":"es","potentialAction":[{"@type":"ReadAction","target":["https:\/\/www.sonoraenequipo.com.mx\/asumira-pan-lo-que-por-derecho-le-corresponde-en-san-lazaro-cortes\/"]}]},{"@type":"ImageObject","inLanguage":"es","@id":"https:\/\/www.sonoraenequipo.com.mx\/asumira-pan-lo-que-por-derecho-le-corresponde-en-san-lazaro-cortes\/#primaryimage","url":"https:\/\/www.sonoraenequipo.com.mx\/storage\/2019\/08\/marcocortez.jpg","contentUrl":"https:\/\/www.sonoraenequipo.com.mx\/storage\/2019\/08\/marcocortez.jpg","width":745,"height":477},{"@type":"BreadcrumbList","@id":"https:\/\/www.sonoraenequipo.com.mx\/asumira-pan-lo-que-por-derecho-le-corresponde-en-san-lazaro-cortes\/#breadcrumb","itemListElement":[{"@type":"ListItem","position":1,"name":"Portada","item":"https:\/\/www.sonoraenequipo.com.mx\/"},{"@type":"ListItem","position":2,"name":"Asumir\u00e1 PAN \u00ablo que por derecho le corresponde\u00bb en San L\u00e1zaro: Cort\u00e9s"}]},{"@type":"WebSite","@id":"https:\/\/www.sonoraenequipo.com.mx\/#website","url":"https:\/\/www.sonoraenequipo.com.mx\/","name":"Sonora en Equipo.","description":"Diario en l\u00ednea con Noticias desde Hermosillo, Sonora","publisher":{"@id":"https:\/\/www.sonoraenequipo.com.mx\/#organization"},"potentialAction":[{"@type":"SearchAction","target":{"@type":"EntryPoint","urlTemplate":"https:\/\/www.sonoraenequipo.com.mx\/?s={search_term_string}"},"query-input":{"@type":"PropertyValueSpecification","valueRequired":true,"valueName":"search_term_string"}}],"inLanguage":"es"},{"@type":"Organization","@id":"https:\/\/www.sonoraenequipo.com.mx\/#organization","name":"Sonoraenequipo.com.mx","url":"https:\/\/www.sonoraenequipo.com.mx\/","logo":{"@type":"ImageObject","inLanguage":"es","@id":"https:\/\/www.sonoraenequipo.com.mx\/#\/schema\/logo\/image\/","url":"https:\/\/www.sonoraenequipo.com.mx\/storage\/2019\/01\/sonoraenequipo_opt.png","contentUrl":"https:\/\/www.sonoraenequipo.com.mx\/storage\/2019\/01\/sonoraenequipo_opt.png","width":375,"height":125,"caption":"Sonoraenequipo.com.mx"},"image":{"@id":"https:\/\/www.sonoraenequipo.com.mx\/#\/schema\/logo\/image\/"},"sameAs":["https:\/\/www.facebook.com\/SonoraEE\/","https:\/\/x.com\/sonoraenequipo","https:\/\/www.youtube.com\/channel\/UC338nW-lPEYmJQs4ZABQ1SQ"]},{"@type":"Person","@id":"https:\/\/www.sonoraenequipo.com.mx\/#\/schema\/person\/50102df0fb23a8fa9e8effad8fa81386","name":"enequipo","image":{"@type":"ImageObject","inLanguage":"es","@id":"https:\/\/www.sonoraenequipo.com.mx\/#\/schema\/person\/image\/","url":"https:\/\/secure.gravatar.com\/avatar\/049821681b589dabc0bc20695993ccebb09f5b5d4d790cd9251b97faac7c652b?s=96&d=blank&r=g","contentUrl":"https:\/\/secure.gravatar.com\/avatar\/049821681b589dabc0bc20695993ccebb09f5b5d4d790cd9251b97faac7c652b?s=96&d=blank&r=g","caption":"enequipo"},"sameAs":["https:\/\/www.facebook.com\/SonoraEE"]}]}},"jetpack_featured_media_url":"https:\/\/www.sonoraenequipo.com.mx\/storage\/2019\/08\/marcocortez.jpg","_links":{"self":[{"href":"https:\/\/www.sonoraenequipo.com.mx\/api\/wp\/v2\/posts\/66204","targetHints":{"allow":["GET"]}}],"collection":[{"href":"https:\/\/www.sonoraenequipo.com.mx\/api\/wp\/v2\/posts"}],"about":[{"href":"https:\/\/www.sonoraenequipo.com.mx\/api\/wp\/v2\/types\/post"}],"author":[{"embeddable":true,"href":"https:\/\/www.sonoraenequipo.com.mx\/api\/wp\/v2\/users\/1"}],"replies":[{"embeddable":true,"href":"https:\/\/www.sonoraenequipo.com.mx\/api\/wp\/v2\/comments?post=66204"}],"version-history":[{"count":0,"href":"https:\/\/www.sonoraenequipo.com.mx\/api\/wp\/v2\/posts\/66204\/revisions"}],"wp:featuredmedia":[{"embeddable":true,"href":"https:\/\/www.sonoraenequipo.com.mx\/api\/wp\/v2\/media\/66205"}],"wp:attachment":[{"href":"https:\/\/www.sonoraenequipo.com.mx\/api\/wp\/v2\/media?parent=66204"}],"wp:term":[{"taxonomy":"category","embeddable":true,"href":"https:\/\/www.sonoraenequipo.com.mx\/api\/wp\/v2\/categories?post=66204"},{"taxonomy":"post_tag","embeddable":true,"href":"https:\/\/www.sonoraenequipo.com.mx\/api\/wp\/v2\/tags?post=66204"}],"curies":[{"name":"wp","href":"https:\/\/api.w.org\/{rel}","templated":true}]}}