{"id":66208,"date":"2019-08-26T15:49:08","date_gmt":"2019-08-26T22:49:08","guid":{"rendered":"https:\/\/www.sonoraenequipo.com.mx\/?p=66208"},"modified":"2019-08-26T16:32:34","modified_gmt":"2019-08-26T23:32:34","slug":"consenso-en-morena-para-seguir-al-frente-de-san-lazaro-munoz-ledo","status":"publish","type":"post","link":"https:\/\/www.sonoraenequipo.com.mx\/consenso-en-morena-para-seguir-al-frente-de-san-lazaro-munoz-ledo\/","title":{"rendered":"Consenso en Morena para seguir al frente de San L\u00e1zaro: Mu\u00f1oz Ledo"},"content":{"rendered":"<p>CIUDAD DE M\u00c9XICO. MX. \u2014 A ocho d\u00edas de elegirse la Mesa Directiva que habr\u00e1 de conducir los trabajos en la C\u00e1mara de Diputados&nbsp; \u2014 durante el segundo a\u00f1o de la LXIV Legislatura\u2014 , Porfirio Mu\u00f1oz Ledo, presidente en funciones, adelant\u00f3 que existe un consenso muy amplio en San L\u00e1zaro entre los representantes de Morena para que esa fuerza siga gobernando el \u00f3rgano legislativo. <\/p>\n<p>En medio de una conferencia de prensa, junto a la secretaria de Cultura federal, Alejandra Frausto, reiter\u00f3 su pretensi\u00f3n de mantenerse en ese sitio de gobierno cameral. Una reportera le inquiri\u00f3 si entre la c\u00fapula legislativa se contempla ceder la presidencia de la Mesa Directiva.<\/p>\n<p>Con prestancia el ex embajador record\u00f3 que Dolores Padierna Luna, vicepresidenta en la C\u00e1mara, present\u00f3 una iniciativa&nbsp; \u2014 no s\u00f3lo impulsada por ella, sino por un amplio sector de morenistas\u2014 , cuya tesis aborda el derecho de la mayor\u00eda parlamentaria a ocupar los sitios de gobierno.<\/p>\n<p>As\u00ed, se sum\u00f3 a esa posici\u00f3n porque la mayor\u00eda implica razones democr\u00e1ticas, por ende, reiter\u00f3, <em>\u201cla mayor\u00eda seguir\u00e1 gobernando la C\u00e1mara de Diputados\u201d.<\/em><\/p>\n<p><em>-\u00bfEntonces va haber agandalle, se violar\u00e1 el art\u00edculo 17 de la Ley Org\u00e1nica? \u2013<\/em>se le insisti\u00f3.<\/p>\n<p><em>-No va haber agandalle<\/em> \u2013repuso, y se\u00f1al\u00f3 que esa palabra no se utiliza en el Congreso-<em>, no se va violar ning\u00fan art\u00edculo. \u00a1El pleno se va a pronunciar!<\/em><\/p>\n<p>(PUBLICADO EL 26\/08\/2019 \/Roberto Gardu\u00f1o )<\/p>\n","protected":false},"excerpt":{"rendered":"<p>CIUDAD DE M\u00c9XICO. MX. \u2014 A ocho d\u00edas de elegirse la Mesa Directiva que habr\u00e1&#8230;<\/p>\n","protected":false},"author":1,"featured_media":66209,"comment_status":"open","ping_status":"open","sticky":false,"template":"","format":"standard","meta":{"_monsterinsights_skip_tracking":false,"_monsterinsights_sitenote_active":false,"_monsterinsights_sitenote_note":"","_monsterinsights_sitenote_category":0,"footnotes":""},"categories":[5],"tags":[],"class_list":["post"],"yoast_head":" \n<title>Sonora en Equipo. Consenso en Morena para seguir al frente de San L\u00e1zaro: Mu\u00f1oz Ledo Rep\u00fablica<\/title>\n<meta name=\"description\" content=\"CIUDAD DE M\u00c9XICO. MX. \u2014 A ocho d\u00edas de elegirse la Mesa Directiva que habr\u00e1 de conducir los trabajos en la C\u00e1mara de Diputados&nbsp; \u2014 durante el segundo En Sonora en Equipo publicamos toda la informaci\u00f3n de Sonora, M\u00e9xico y el Mundo de manera oportuna y busca que la libertad de expresi\u00f3n sea real. Visita nuestro medio informativo publicado desde Hermosillo, Sonora. %\" \/>\n<meta name=\"robots\" content=\"index, follow, max-snippet:-1, max-image-preview:large, max-video-preview:-1\" \/>\n<link rel=\"canonical\" href=\"https:\/\/www.sonoraenequipo.com.mx\/consenso-en-morena-para-seguir-al-frente-de-san-lazaro-munoz-ledo\/\" \/>\n<meta property=\"og:locale\" content=\"es_ES\" \/>\n<meta property=\"og:type\" content=\"article\" \/>\n<meta property=\"og:title\" content=\"Sonora en Equipo. Consenso en Morena para seguir al frente de San L\u00e1zaro: Mu\u00f1oz Ledo Rep\u00fablica\" \/>\n<meta property=\"og:description\" content=\"CIUDAD DE M\u00c9XICO. MX. \u2014 A ocho d\u00edas de elegirse la Mesa Directiva que habr\u00e1 de conducir los trabajos en la C\u00e1mara de Diputados&nbsp; \u2014 durante el segundo En Sonora en Equipo publicamos toda la informaci\u00f3n de Sonora, M\u00e9xico y el Mundo de manera oportuna y busca que la libertad de expresi\u00f3n sea real. Visita nuestro medio informativo publicado desde Hermosillo, Sonora. %\" \/>\n<meta property=\"og:url\" content=\"https:\/\/www.sonoraenequipo.com.mx\/consenso-en-morena-para-seguir-al-frente-de-san-lazaro-munoz-ledo\/\" \/>\n<meta property=\"og:site_name\" content=\"Sonora en Equipo.\" \/>\n<meta property=\"article:publisher\" content=\"https:\/\/www.facebook.com\/SonoraEE\/\" \/>\n<meta property=\"article:author\" content=\"https:\/\/www.facebook.com\/SonoraEE\" \/>\n<meta property=\"article:published_time\" content=\"2019-08-26T22:49:08+00:00\" \/>\n<meta property=\"article:modified_time\" content=\"2019-08-26T23:32:34+00:00\" \/>\n<meta property=\"og:image\" content=\"https:\/\/www.sonoraenequipo.com.mx\/storage\/2019\/08\/mu\u00f1ozledo_opt1.jpg\" \/>\n\t<meta property=\"og:image:width\" content=\"614\" \/>\n\t<meta property=\"og:image:height\" content=\"400\" \/>\n\t<meta property=\"og:image:type\" content=\"image\/jpeg\" \/>\n<meta name=\"author\" content=\"enequipo\" \/>\n<meta name=\"twitter:card\" content=\"summary_large_image\" \/>\n<meta name=\"twitter:creator\" content=\"@sonoraenequipo\" \/>\n<meta name=\"twitter:site\" content=\"@sonoraenequipo\" \/>\n<meta name=\"twitter:label1\" content=\"Escrito por\" \/>\n\t<meta name=\"twitter:data1\" content=\"enequipo\" \/>\n\t<meta name=\"twitter:label2\" content=\"Tiempo de lectura\" \/>\n\t<meta name=\"twitter:data2\" content=\"1 minuto\" \/>\n<script type=\"application\/ld+json\" class=\"yoast-schema-graph\">{\"@context\":\"https:\/\/schema.org\",\"@graph\":[{\"@type\":\"Article\",\"@id\":\"https:\/\/www.sonoraenequipo.com.mx\/consenso-en-morena-para-seguir-al-frente-de-san-lazaro-munoz-ledo\/#article\",\"isPartOf\":{\"@id\":\"https:\/\/www.sonoraenequipo.com.mx\/consenso-en-morena-para-seguir-al-frente-de-san-lazaro-munoz-ledo\/\"},\"author\":{\"name\":\"enequipo\",\"@id\":\"https:\/\/www.sonoraenequipo.com.mx\/#\/schema\/person\/50102df0fb23a8fa9e8effad8fa81386\"},\"headline\":\"Consenso en Morena para seguir al frente de San L\u00e1zaro: Mu\u00f1oz Ledo\",\"datePublished\":\"2019-08-26T22:49:08+00:00\",\"dateModified\":\"2019-08-26T23:32:34+00:00\",\"mainEntityOfPage\":{\"@id\":\"https:\/\/www.sonoraenequipo.com.mx\/consenso-en-morena-para-seguir-al-frente-de-san-lazaro-munoz-ledo\/\"},\"wordCount\":259,\"commentCount\":0,\"publisher\":{\"@id\":\"https:\/\/www.sonoraenequipo.com.mx\/#organization\"},\"image\":{\"@id\":\"https:\/\/www.sonoraenequipo.com.mx\/consenso-en-morena-para-seguir-al-frente-de-san-lazaro-munoz-ledo\/#primaryimage\"},\"thumbnailUrl\":\"https:\/\/www.sonoraenequipo.com.mx\/storage\/2019\/08\/mu\u00f1ozledo_opt1.jpg\",\"articleSection\":[\"Rep\u00fablica\"],\"inLanguage\":\"es\",\"potentialAction\":[{\"@type\":\"CommentAction\",\"name\":\"Comment\",\"target\":[\"https:\/\/www.sonoraenequipo.com.mx\/consenso-en-morena-para-seguir-al-frente-de-san-lazaro-munoz-ledo\/#respond\"]}]},{\"@type\":\"WebPage\",\"@id\":\"https:\/\/www.sonoraenequipo.com.mx\/consenso-en-morena-para-seguir-al-frente-de-san-lazaro-munoz-ledo\/\",\"url\":\"https:\/\/www.sonoraenequipo.com.mx\/consenso-en-morena-para-seguir-al-frente-de-san-lazaro-munoz-ledo\/\",\"name\":\"Sonora en Equipo. Consenso en Morena para seguir al frente de San L\u00e1zaro: Mu\u00f1oz Ledo Rep\u00fablica\",\"isPartOf\":{\"@id\":\"https:\/\/www.sonoraenequipo.com.mx\/#website\"},\"primaryImageOfPage\":{\"@id\":\"https:\/\/www.sonoraenequipo.com.mx\/consenso-en-morena-para-seguir-al-frente-de-san-lazaro-munoz-ledo\/#primaryimage\"},\"image\":{\"@id\":\"https:\/\/www.sonoraenequipo.com.mx\/consenso-en-morena-para-seguir-al-frente-de-san-lazaro-munoz-ledo\/#primaryimage\"},\"thumbnailUrl\":\"https:\/\/www.sonoraenequipo.com.mx\/storage\/2019\/08\/mu\u00f1ozledo_opt1.jpg\",\"datePublished\":\"2019-08-26T22:49:08+00:00\",\"dateModified\":\"2019-08-26T23:32:34+00:00\",\"description\":\"CIUDAD DE M\u00c9XICO. MX. \u2014 A ocho d\u00edas de elegirse la Mesa Directiva que habr\u00e1 de conducir los trabajos en la C\u00e1mara de Diputados&nbsp; \u2014 durante el segundo En Sonora en Equipo publicamos toda la informaci\u00f3n de Sonora, M\u00e9xico y el Mundo de manera oportuna y busca que la libertad de expresi\u00f3n sea real. Visita nuestro medio informativo publicado desde Hermosillo, Sonora. %\",\"breadcrumb\":{\"@id\":\"https:\/\/www.sonoraenequipo.com.mx\/consenso-en-morena-para-seguir-al-frente-de-san-lazaro-munoz-ledo\/#breadcrumb\"},\"inLanguage\":\"es\",\"potentialAction\":[{\"@type\":\"ReadAction\",\"target\":[\"https:\/\/www.sonoraenequipo.com.mx\/consenso-en-morena-para-seguir-al-frente-de-san-lazaro-munoz-ledo\/\"]}]},{\"@type\":\"ImageObject\",\"inLanguage\":\"es\",\"@id\":\"https:\/\/www.sonoraenequipo.com.mx\/consenso-en-morena-para-seguir-al-frente-de-san-lazaro-munoz-ledo\/#primaryimage\",\"url\":\"https:\/\/www.sonoraenequipo.com.mx\/storage\/2019\/08\/mu\u00f1ozledo_opt1.jpg\",\"contentUrl\":\"https:\/\/www.sonoraenequipo.com.mx\/storage\/2019\/08\/mu\u00f1ozledo_opt1.jpg\",\"width\":614,\"height\":400},{\"@type\":\"BreadcrumbList\",\"@id\":\"https:\/\/www.sonoraenequipo.com.mx\/consenso-en-morena-para-seguir-al-frente-de-san-lazaro-munoz-ledo\/#breadcrumb\",\"itemListElement\":[{\"@type\":\"ListItem\",\"position\":1,\"name\":\"Portada\",\"item\":\"https:\/\/www.sonoraenequipo.com.mx\/\"},{\"@type\":\"ListItem\",\"position\":2,\"name\":\"Consenso en Morena para seguir al frente de San L\u00e1zaro: Mu\u00f1oz Ledo\"}]},{\"@type\":\"WebSite\",\"@id\":\"https:\/\/www.sonoraenequipo.com.mx\/#website\",\"url\":\"https:\/\/www.sonoraenequipo.com.mx\/\",\"name\":\"Sonora en Equipo.\",\"description\":\"Diario en l\u00ednea con Noticias desde Hermosillo, Sonora\",\"publisher\":{\"@id\":\"https:\/\/www.sonoraenequipo.com.mx\/#organization\"},\"potentialAction\":[{\"@type\":\"SearchAction\",\"target\":{\"@type\":\"EntryPoint\",\"urlTemplate\":\"https:\/\/www.sonoraenequipo.com.mx\/?s={search_term_string}\"},\"query-input\":{\"@type\":\"PropertyValueSpecification\",\"valueRequired\":true,\"valueName\":\"search_term_string\"}}],\"inLanguage\":\"es\"},{\"@type\":\"Organization\",\"@id\":\"https:\/\/www.sonoraenequipo.com.mx\/#organization\",\"name\":\"Sonoraenequipo.com.mx\",\"url\":\"https:\/\/www.sonoraenequipo.com.mx\/\",\"logo\":{\"@type\":\"ImageObject\",\"inLanguage\":\"es\",\"@id\":\"https:\/\/www.sonoraenequipo.com.mx\/#\/schema\/logo\/image\/\",\"url\":\"https:\/\/www.sonoraenequipo.com.mx\/storage\/2019\/01\/sonoraenequipo_opt.png\",\"contentUrl\":\"https:\/\/www.sonoraenequipo.com.mx\/storage\/2019\/01\/sonoraenequipo_opt.png\",\"width\":375,\"height\":125,\"caption\":\"Sonoraenequipo.com.mx\"},\"image\":{\"@id\":\"https:\/\/www.sonoraenequipo.com.mx\/#\/schema\/logo\/image\/\"},\"sameAs\":[\"https:\/\/www.facebook.com\/SonoraEE\/\",\"https:\/\/x.com\/sonoraenequipo\",\"https:\/\/www.youtube.com\/channel\/UC338nW-lPEYmJQs4ZABQ1SQ\"]},{\"@type\":\"Person\",\"@id\":\"https:\/\/www.sonoraenequipo.com.mx\/#\/schema\/person\/50102df0fb23a8fa9e8effad8fa81386\",\"name\":\"enequipo\",\"image\":{\"@type\":\"ImageObject\",\"inLanguage\":\"es\",\"@id\":\"https:\/\/www.sonoraenequipo.com.mx\/#\/schema\/person\/image\/\",\"url\":\"https:\/\/secure.gravatar.com\/avatar\/049821681b589dabc0bc20695993ccebb09f5b5d4d790cd9251b97faac7c652b?s=96&d=blank&r=g\",\"contentUrl\":\"https:\/\/secure.gravatar.com\/avatar\/049821681b589dabc0bc20695993ccebb09f5b5d4d790cd9251b97faac7c652b?s=96&d=blank&r=g\",\"caption\":\"enequipo\"},\"sameAs\":[\"https:\/\/www.facebook.com\/SonoraEE\"]}]}<\/script>\n ","yoast_head_json":{"title":"Sonora en Equipo. Consenso en Morena para seguir al frente de San L\u00e1zaro: Mu\u00f1oz Ledo Rep\u00fablica","description":"CIUDAD DE M\u00c9XICO. MX. \u2014 A ocho d\u00edas de elegirse la Mesa Directiva que habr\u00e1 de conducir los trabajos en la C\u00e1mara de Diputados&nbsp; \u2014 durante el segundo En Sonora en Equipo publicamos toda la informaci\u00f3n de Sonora, M\u00e9xico y el Mundo de manera oportuna y busca que la libertad de expresi\u00f3n sea real. Visita nuestro medio informativo publicado desde Hermosillo, Sonora. %","robots":{"index":"index","follow":"follow","max-snippet":"max-snippet:-1","max-image-preview":"max-image-preview:large","max-video-preview":"max-video-preview:-1"},"canonical":"https:\/\/www.sonoraenequipo.com.mx\/consenso-en-morena-para-seguir-al-frente-de-san-lazaro-munoz-ledo\/","og_locale":"es_ES","og_type":"article","og_title":"Sonora en Equipo. Consenso en Morena para seguir al frente de San L\u00e1zaro: Mu\u00f1oz Ledo Rep\u00fablica","og_description":"CIUDAD DE M\u00c9XICO. MX. \u2014 A ocho d\u00edas de elegirse la Mesa Directiva que habr\u00e1 de conducir los trabajos en la C\u00e1mara de Diputados&nbsp; \u2014 durante el segundo En Sonora en Equipo publicamos toda la informaci\u00f3n de Sonora, M\u00e9xico y el Mundo de manera oportuna y busca que la libertad de expresi\u00f3n sea real. Visita nuestro medio informativo publicado desde Hermosillo, Sonora. %","og_url":"https:\/\/www.sonoraenequipo.com.mx\/consenso-en-morena-para-seguir-al-frente-de-san-lazaro-munoz-ledo\/","og_site_name":"Sonora en Equipo.","article_publisher":"https:\/\/www.facebook.com\/SonoraEE\/","article_author":"https:\/\/www.facebook.com\/SonoraEE","article_published_time":"2019-08-26T22:49:08+00:00","article_modified_time":"2019-08-26T23:32:34+00:00","og_image":[{"width":614,"height":400,"url":"https:\/\/www.sonoraenequipo.com.mx\/storage\/2019\/08\/mu\u00f1ozledo_opt1.jpg","type":"image\/jpeg"}],"author":"enequipo","twitter_card":"summary_large_image","twitter_creator":"@sonoraenequipo","twitter_site":"@sonoraenequipo","twitter_misc":{"Escrito por":"enequipo","Tiempo de lectura":"1 minuto"},"schema":{"@context":"https:\/\/schema.org","@graph":[{"@type":"Article","@id":"https:\/\/www.sonoraenequipo.com.mx\/consenso-en-morena-para-seguir-al-frente-de-san-lazaro-munoz-ledo\/#article","isPartOf":{"@id":"https:\/\/www.sonoraenequipo.com.mx\/consenso-en-morena-para-seguir-al-frente-de-san-lazaro-munoz-ledo\/"},"author":{"name":"enequipo","@id":"https:\/\/www.sonoraenequipo.com.mx\/#\/schema\/person\/50102df0fb23a8fa9e8effad8fa81386"},"headline":"Consenso en Morena para seguir al frente de San L\u00e1zaro: Mu\u00f1oz Ledo","datePublished":"2019-08-26T22:49:08+00:00","dateModified":"2019-08-26T23:32:34+00:00","mainEntityOfPage":{"@id":"https:\/\/www.sonoraenequipo.com.mx\/consenso-en-morena-para-seguir-al-frente-de-san-lazaro-munoz-ledo\/"},"wordCount":259,"commentCount":0,"publisher":{"@id":"https:\/\/www.sonoraenequipo.com.mx\/#organization"},"image":{"@id":"https:\/\/www.sonoraenequipo.com.mx\/consenso-en-morena-para-seguir-al-frente-de-san-lazaro-munoz-ledo\/#primaryimage"},"thumbnailUrl":"https:\/\/www.sonoraenequipo.com.mx\/storage\/2019\/08\/mu\u00f1ozledo_opt1.jpg","articleSection":["Rep\u00fablica"],"inLanguage":"es","potentialAction":[{"@type":"CommentAction","name":"Comment","target":["https:\/\/www.sonoraenequipo.com.mx\/consenso-en-morena-para-seguir-al-frente-de-san-lazaro-munoz-ledo\/#respond"]}]},{"@type":"WebPage","@id":"https:\/\/www.sonoraenequipo.com.mx\/consenso-en-morena-para-seguir-al-frente-de-san-lazaro-munoz-ledo\/","url":"https:\/\/www.sonoraenequipo.com.mx\/consenso-en-morena-para-seguir-al-frente-de-san-lazaro-munoz-ledo\/","name":"Sonora en Equipo. Consenso en Morena para seguir al frente de San L\u00e1zaro: Mu\u00f1oz Ledo Rep\u00fablica","isPartOf":{"@id":"https:\/\/www.sonoraenequipo.com.mx\/#website"},"primaryImageOfPage":{"@id":"https:\/\/www.sonoraenequipo.com.mx\/consenso-en-morena-para-seguir-al-frente-de-san-lazaro-munoz-ledo\/#primaryimage"},"image":{"@id":"https:\/\/www.sonoraenequipo.com.mx\/consenso-en-morena-para-seguir-al-frente-de-san-lazaro-munoz-ledo\/#primaryimage"},"thumbnailUrl":"https:\/\/www.sonoraenequipo.com.mx\/storage\/2019\/08\/mu\u00f1ozledo_opt1.jpg","datePublished":"2019-08-26T22:49:08+00:00","dateModified":"2019-08-26T23:32:34+00:00","description":"CIUDAD DE M\u00c9XICO. MX. \u2014 A ocho d\u00edas de elegirse la Mesa Directiva que habr\u00e1 de conducir los trabajos en la C\u00e1mara de Diputados&nbsp; \u2014 durante el segundo En Sonora en Equipo publicamos toda la informaci\u00f3n de Sonora, M\u00e9xico y el Mundo de manera oportuna y busca que la libertad de expresi\u00f3n sea real. Visita nuestro medio informativo publicado desde Hermosillo, Sonora. %","breadcrumb":{"@id":"https:\/\/www.sonoraenequipo.com.mx\/consenso-en-morena-para-seguir-al-frente-de-san-lazaro-munoz-ledo\/#breadcrumb"},"inLanguage":"es","potentialAction":[{"@type":"ReadAction","target":["https:\/\/www.sonoraenequipo.com.mx\/consenso-en-morena-para-seguir-al-frente-de-san-lazaro-munoz-ledo\/"]}]},{"@type":"ImageObject","inLanguage":"es","@id":"https:\/\/www.sonoraenequipo.com.mx\/consenso-en-morena-para-seguir-al-frente-de-san-lazaro-munoz-ledo\/#primaryimage","url":"https:\/\/www.sonoraenequipo.com.mx\/storage\/2019\/08\/mu\u00f1ozledo_opt1.jpg","contentUrl":"https:\/\/www.sonoraenequipo.com.mx\/storage\/2019\/08\/mu\u00f1ozledo_opt1.jpg","width":614,"height":400},{"@type":"BreadcrumbList","@id":"https:\/\/www.sonoraenequipo.com.mx\/consenso-en-morena-para-seguir-al-frente-de-san-lazaro-munoz-ledo\/#breadcrumb","itemListElement":[{"@type":"ListItem","position":1,"name":"Portada","item":"https:\/\/www.sonoraenequipo.com.mx\/"},{"@type":"ListItem","position":2,"name":"Consenso en Morena para seguir al frente de San L\u00e1zaro: Mu\u00f1oz Ledo"}]},{"@type":"WebSite","@id":"https:\/\/www.sonoraenequipo.com.mx\/#website","url":"https:\/\/www.sonoraenequipo.com.mx\/","name":"Sonora en Equipo.","description":"Diario en l\u00ednea con Noticias desde Hermosillo, Sonora","publisher":{"@id":"https:\/\/www.sonoraenequipo.com.mx\/#organization"},"potentialAction":[{"@type":"SearchAction","target":{"@type":"EntryPoint","urlTemplate":"https:\/\/www.sonoraenequipo.com.mx\/?s={search_term_string}"},"query-input":{"@type":"PropertyValueSpecification","valueRequired":true,"valueName":"search_term_string"}}],"inLanguage":"es"},{"@type":"Organization","@id":"https:\/\/www.sonoraenequipo.com.mx\/#organization","name":"Sonoraenequipo.com.mx","url":"https:\/\/www.sonoraenequipo.com.mx\/","logo":{"@type":"ImageObject","inLanguage":"es","@id":"https:\/\/www.sonoraenequipo.com.mx\/#\/schema\/logo\/image\/","url":"https:\/\/www.sonoraenequipo.com.mx\/storage\/2019\/01\/sonoraenequipo_opt.png","contentUrl":"https:\/\/www.sonoraenequipo.com.mx\/storage\/2019\/01\/sonoraenequipo_opt.png","width":375,"height":125,"caption":"Sonoraenequipo.com.mx"},"image":{"@id":"https:\/\/www.sonoraenequipo.com.mx\/#\/schema\/logo\/image\/"},"sameAs":["https:\/\/www.facebook.com\/SonoraEE\/","https:\/\/x.com\/sonoraenequipo","https:\/\/www.youtube.com\/channel\/UC338nW-lPEYmJQs4ZABQ1SQ"]},{"@type":"Person","@id":"https:\/\/www.sonoraenequipo.com.mx\/#\/schema\/person\/50102df0fb23a8fa9e8effad8fa81386","name":"enequipo","image":{"@type":"ImageObject","inLanguage":"es","@id":"https:\/\/www.sonoraenequipo.com.mx\/#\/schema\/person\/image\/","url":"https:\/\/secure.gravatar.com\/avatar\/049821681b589dabc0bc20695993ccebb09f5b5d4d790cd9251b97faac7c652b?s=96&d=blank&r=g","contentUrl":"https:\/\/secure.gravatar.com\/avatar\/049821681b589dabc0bc20695993ccebb09f5b5d4d790cd9251b97faac7c652b?s=96&d=blank&r=g","caption":"enequipo"},"sameAs":["https:\/\/www.facebook.com\/SonoraEE"]}]}},"jetpack_featured_media_url":"https:\/\/www.sonoraenequipo.com.mx\/storage\/2019\/08\/mu\u00f1ozledo_opt1.jpg","_links":{"self":[{"href":"https:\/\/www.sonoraenequipo.com.mx\/api\/wp\/v2\/posts\/66208","targetHints":{"allow":["GET"]}}],"collection":[{"href":"https:\/\/www.sonoraenequipo.com.mx\/api\/wp\/v2\/posts"}],"about":[{"href":"https:\/\/www.sonoraenequipo.com.mx\/api\/wp\/v2\/types\/post"}],"author":[{"embeddable":true,"href":"https:\/\/www.sonoraenequipo.com.mx\/api\/wp\/v2\/users\/1"}],"replies":[{"embeddable":true,"href":"https:\/\/www.sonoraenequipo.com.mx\/api\/wp\/v2\/comments?post=66208"}],"version-history":[{"count":0,"href":"https:\/\/www.sonoraenequipo.com.mx\/api\/wp\/v2\/posts\/66208\/revisions"}],"wp:featuredmedia":[{"embeddable":true,"href":"https:\/\/www.sonoraenequipo.com.mx\/api\/wp\/v2\/media\/66209"}],"wp:attachment":[{"href":"https:\/\/www.sonoraenequipo.com.mx\/api\/wp\/v2\/media?parent=66208"}],"wp:term":[{"taxonomy":"category","embeddable":true,"href":"https:\/\/www.sonoraenequipo.com.mx\/api\/wp\/v2\/categories?post=66208"},{"taxonomy":"post_tag","embeddable":true,"href":"https:\/\/www.sonoraenequipo.com.mx\/api\/wp\/v2\/tags?post=66208"}],"curies":[{"name":"wp","href":"https:\/\/api.w.org\/{rel}","templated":true}]}}