{"id":66286,"date":"2019-08-26T20:45:21","date_gmt":"2019-08-27T03:45:21","guid":{"rendered":"https:\/\/www.sonoraenequipo.com.mx\/?p=66286"},"modified":"2019-08-27T17:08:42","modified_gmt":"2019-08-28T00:08:42","slug":"participan-estudiantes-de-ues-en-congreso-internacional-delfin","status":"publish","type":"post","link":"https:\/\/www.sonoraenequipo.com.mx\/participan-estudiantes-de-ues-en-congreso-internacional-delfin\/","title":{"rendered":"Participan estudiantes de UES en Congreso Internacional Delf\u00edn"},"content":{"rendered":"<p>HERMOSILLO, SONORA. MX. \u2014 Un grupo de 12 estudiantes de la Universidad Estatal de Sonora (UES) particip\u00f3 en el Congreso Internacional Delf\u00edn en Nuevo Vallarta, Nayarit, donde expusieron sobre los resultados de su desempe\u00f1o en el XXIV Verano de la Investigaci\u00f3n Cient\u00edfica y Tecnol\u00f3gica. <\/p>\n<p>Mara Elena Duarte Herrera, coordinadora de Movilidad Estudiantil de la UES, explic\u00f3 que durante el verano, cada estudiante realiz\u00f3 por 45 d\u00edas una estancia de investigaci\u00f3n cient\u00edfica, acompa\u00f1ando a investigadores reconocidos, siendo el Congreso Delf\u00edn la culminaci\u00f3n de su participaci\u00f3n, en el cual presentan sus proyectos, vivencias y experiencias.<\/p>\n<p>Duarte Herrera se\u00f1al\u00f3 que los j\u00f3venes fueron beneficiados con una beca de movilidad para fomentar su desarrollo profesional en el \u00e1rea de la investigaci\u00f3n.<\/p>\n<p><em>\u201cLa UES promueve la formaci\u00f3n de sus estudiantes interesados en la investigaci\u00f3n cient\u00edfica con becas de movilidad para que realicen estancias de investigaci\u00f3n y aprendan de la experiencia y pr\u00e1ctica de campo con prestigiados investigadores nacionales y extranjeros\u201d,<\/em> explic\u00f3.<\/p>\n<p>El escenario donde participaron m\u00e1s de 2 mil 500 estudiantes, maestros e investigadores de M\u00e9xico, Costa Rica, Colombia y Per\u00fa, fue el Instituto Tecnol\u00f3gico y Universidad Tecnol\u00f3gica de Bah\u00eda de Banderas, en Nayarit.<\/p>\n<p>Los 12 alumnos de la UES expusieron sobre la investigaci\u00f3n en la que participaron, cada uno en su campo profesional en temas como: Nanomedicina y biotecnolog\u00eda, Estudios biomec\u00e1nicos y bioqu\u00edmicos de nanopart\u00edculas, Farmacovigilancia de enfermedades infecciosas, Contaminaci\u00f3n ambiental, tecnolog\u00eda y medio ambiente, entre otros.<\/p>\n<p>Helena Areli Ch\u00e1vez Duarte, estudiante de Ingenier\u00eda en Biom\u00e9dica de la UES Hermosillo, expres\u00f3 que el verano cient\u00edfico marc\u00f3 diferencia en su vida estudiantil.<\/p>\n<p><em>\u201cCon esta experiencia de movilidad pude conocer la forma de trabajo de investigadores reconocidos y tambi\u00e9n me divert\u00ed mucho. Recomiendo a los estudiantes vivir un verano de investigaci\u00f3n, porque adem\u00e1s de obtener conocimiento cient\u00edfico, se aprende de otras culturas\u201d,<\/em> mencion\u00f3 la alumna.<\/p>\n<p>Estudiantes participantes: Andrea Brice\u00f1o Baltazar; Helena Areli Ch\u00e1vez Duarte; Andrea Gonz\u00e1lez Yanez; Pedro Alexis Miranda Miranda; Soraida S\u00e1nchez Duarte; y Mar\u00eda Fernanda Sierra Alvarado de la UES Hermosillo, as\u00ed como Dariana Isamar Armenta Pacheco; Marieth Vanessa Gil Islas; Cristal Mariana Maciel Valenzuela; Jazm\u00edn Alejandra Medina Rodr\u00edguez; Ana B\u00e1rbara Morales Valenzuela y Jessica Fernanda Vega Atondo de la UES Navojoa.<\/p>\n<p>(PUBLICADO EL 26\/08\/2019<\/p>\n","protected":false},"excerpt":{"rendered":"<p>HERMOSILLO, SONORA. MX. \u2014 Un grupo de 12 estudiantes de la Universidad Estatal de Sonora&#8230;<\/p>\n","protected":false},"author":1,"featured_media":66273,"comment_status":"open","ping_status":"open","sticky":false,"template":"","format":"standard","meta":{"_monsterinsights_skip_tracking":false,"_monsterinsights_sitenote_active":false,"_monsterinsights_sitenote_note":"","_monsterinsights_sitenote_category":0,"footnotes":""},"categories":[2216,22],"tags":[],"class_list":["post"],"yoast_head":" \n<title>Sonora en Equipo. Participan estudiantes de UES en Congreso Internacional Delf\u00edn Ciencia y Tecnolog\u00eda<\/title>\n<meta name=\"description\" content=\"HERMOSILLO, SONORA. MX. \u2014 Un grupo de 12 estudiantes de la Universidad Estatal de Sonora (UES) particip\u00f3 en el Congreso Internacional Delf\u00edn en Nuevo En Sonora en Equipo publicamos toda la informaci\u00f3n de Sonora, M\u00e9xico y el Mundo de manera oportuna y busca que la libertad de expresi\u00f3n sea real. Visita nuestro medio informativo publicado desde Hermosillo, Sonora. %\" \/>\n<meta name=\"robots\" content=\"index, follow, max-snippet:-1, max-image-preview:large, max-video-preview:-1\" \/>\n<link rel=\"canonical\" href=\"https:\/\/www.sonoraenequipo.com.mx\/participan-estudiantes-de-ues-en-congreso-internacional-delfin\/\" \/>\n<meta property=\"og:locale\" content=\"es_ES\" \/>\n<meta property=\"og:type\" content=\"article\" \/>\n<meta property=\"og:title\" content=\"Sonora en Equipo. Participan estudiantes de UES en Congreso Internacional Delf\u00edn Ciencia y Tecnolog\u00eda\" \/>\n<meta property=\"og:description\" content=\"HERMOSILLO, SONORA. MX. \u2014 Un grupo de 12 estudiantes de la Universidad Estatal de Sonora (UES) particip\u00f3 en el Congreso Internacional Delf\u00edn en Nuevo En Sonora en Equipo publicamos toda la informaci\u00f3n de Sonora, M\u00e9xico y el Mundo de manera oportuna y busca que la libertad de expresi\u00f3n sea real. Visita nuestro medio informativo publicado desde Hermosillo, Sonora. %\" \/>\n<meta property=\"og:url\" content=\"https:\/\/www.sonoraenequipo.com.mx\/participan-estudiantes-de-ues-en-congreso-internacional-delfin\/\" \/>\n<meta property=\"og:site_name\" content=\"Sonora en Equipo.\" \/>\n<meta property=\"article:publisher\" content=\"https:\/\/www.facebook.com\/SonoraEE\/\" \/>\n<meta property=\"article:author\" content=\"https:\/\/www.facebook.com\/SonoraEE\" \/>\n<meta property=\"article:published_time\" content=\"2019-08-27T03:45:21+00:00\" \/>\n<meta property=\"article:modified_time\" content=\"2019-08-28T00:08:42+00:00\" \/>\n<meta property=\"og:image\" content=\"https:\/\/www.sonoraenequipo.com.mx\/storage\/2019\/08\/ues3_Congreso-Internacional_opt.jpg\" \/>\n\t<meta property=\"og:image:width\" content=\"467\" \/>\n\t<meta property=\"og:image:height\" content=\"350\" \/>\n\t<meta property=\"og:image:type\" content=\"image\/jpeg\" \/>\n<meta name=\"author\" content=\"enequipo\" \/>\n<meta name=\"twitter:card\" content=\"summary_large_image\" \/>\n<meta name=\"twitter:creator\" content=\"@sonoraenequipo\" \/>\n<meta name=\"twitter:site\" content=\"@sonoraenequipo\" \/>\n<meta name=\"twitter:label1\" content=\"Escrito por\" \/>\n\t<meta name=\"twitter:data1\" content=\"enequipo\" \/>\n\t<meta name=\"twitter:label2\" content=\"Tiempo de lectura\" \/>\n\t<meta name=\"twitter:data2\" content=\"2 minutos\" \/>\n<script type=\"application\/ld+json\" class=\"yoast-schema-graph\">{\"@context\":\"https:\/\/schema.org\",\"@graph\":[{\"@type\":\"Article\",\"@id\":\"https:\/\/www.sonoraenequipo.com.mx\/participan-estudiantes-de-ues-en-congreso-internacional-delfin\/#article\",\"isPartOf\":{\"@id\":\"https:\/\/www.sonoraenequipo.com.mx\/participan-estudiantes-de-ues-en-congreso-internacional-delfin\/\"},\"author\":{\"name\":\"enequipo\",\"@id\":\"https:\/\/www.sonoraenequipo.com.mx\/#\/schema\/person\/50102df0fb23a8fa9e8effad8fa81386\"},\"headline\":\"Participan estudiantes de UES en Congreso Internacional Delf\u00edn\",\"datePublished\":\"2019-08-27T03:45:21+00:00\",\"dateModified\":\"2019-08-28T00:08:42+00:00\",\"mainEntityOfPage\":{\"@id\":\"https:\/\/www.sonoraenequipo.com.mx\/participan-estudiantes-de-ues-en-congreso-internacional-delfin\/\"},\"wordCount\":411,\"commentCount\":0,\"publisher\":{\"@id\":\"https:\/\/www.sonoraenequipo.com.mx\/#organization\"},\"image\":{\"@id\":\"https:\/\/www.sonoraenequipo.com.mx\/participan-estudiantes-de-ues-en-congreso-internacional-delfin\/#primaryimage\"},\"thumbnailUrl\":\"https:\/\/www.sonoraenequipo.com.mx\/storage\/2019\/08\/ues3_Congreso-Internacional_opt.jpg\",\"articleSection\":[\"Ciencia y Tecnolog\u00eda\",\"Sonora\"],\"inLanguage\":\"es\",\"potentialAction\":[{\"@type\":\"CommentAction\",\"name\":\"Comment\",\"target\":[\"https:\/\/www.sonoraenequipo.com.mx\/participan-estudiantes-de-ues-en-congreso-internacional-delfin\/#respond\"]}]},{\"@type\":\"WebPage\",\"@id\":\"https:\/\/www.sonoraenequipo.com.mx\/participan-estudiantes-de-ues-en-congreso-internacional-delfin\/\",\"url\":\"https:\/\/www.sonoraenequipo.com.mx\/participan-estudiantes-de-ues-en-congreso-internacional-delfin\/\",\"name\":\"Sonora en Equipo. Participan estudiantes de UES en Congreso Internacional Delf\u00edn Ciencia y Tecnolog\u00eda\",\"isPartOf\":{\"@id\":\"https:\/\/www.sonoraenequipo.com.mx\/#website\"},\"primaryImageOfPage\":{\"@id\":\"https:\/\/www.sonoraenequipo.com.mx\/participan-estudiantes-de-ues-en-congreso-internacional-delfin\/#primaryimage\"},\"image\":{\"@id\":\"https:\/\/www.sonoraenequipo.com.mx\/participan-estudiantes-de-ues-en-congreso-internacional-delfin\/#primaryimage\"},\"thumbnailUrl\":\"https:\/\/www.sonoraenequipo.com.mx\/storage\/2019\/08\/ues3_Congreso-Internacional_opt.jpg\",\"datePublished\":\"2019-08-27T03:45:21+00:00\",\"dateModified\":\"2019-08-28T00:08:42+00:00\",\"description\":\"HERMOSILLO, SONORA. MX. \u2014 Un grupo de 12 estudiantes de la Universidad Estatal de Sonora (UES) particip\u00f3 en el Congreso Internacional Delf\u00edn en Nuevo En Sonora en Equipo publicamos toda la informaci\u00f3n de Sonora, M\u00e9xico y el Mundo de manera oportuna y busca que la libertad de expresi\u00f3n sea real. Visita nuestro medio informativo publicado desde Hermosillo, Sonora. %\",\"breadcrumb\":{\"@id\":\"https:\/\/www.sonoraenequipo.com.mx\/participan-estudiantes-de-ues-en-congreso-internacional-delfin\/#breadcrumb\"},\"inLanguage\":\"es\",\"potentialAction\":[{\"@type\":\"ReadAction\",\"target\":[\"https:\/\/www.sonoraenequipo.com.mx\/participan-estudiantes-de-ues-en-congreso-internacional-delfin\/\"]}]},{\"@type\":\"ImageObject\",\"inLanguage\":\"es\",\"@id\":\"https:\/\/www.sonoraenequipo.com.mx\/participan-estudiantes-de-ues-en-congreso-internacional-delfin\/#primaryimage\",\"url\":\"https:\/\/www.sonoraenequipo.com.mx\/storage\/2019\/08\/ues3_Congreso-Internacional_opt.jpg\",\"contentUrl\":\"https:\/\/www.sonoraenequipo.com.mx\/storage\/2019\/08\/ues3_Congreso-Internacional_opt.jpg\",\"width\":467,\"height\":350},{\"@type\":\"BreadcrumbList\",\"@id\":\"https:\/\/www.sonoraenequipo.com.mx\/participan-estudiantes-de-ues-en-congreso-internacional-delfin\/#breadcrumb\",\"itemListElement\":[{\"@type\":\"ListItem\",\"position\":1,\"name\":\"Portada\",\"item\":\"https:\/\/www.sonoraenequipo.com.mx\/\"},{\"@type\":\"ListItem\",\"position\":2,\"name\":\"Participan estudiantes de UES en Congreso Internacional Delf\u00edn\"}]},{\"@type\":\"WebSite\",\"@id\":\"https:\/\/www.sonoraenequipo.com.mx\/#website\",\"url\":\"https:\/\/www.sonoraenequipo.com.mx\/\",\"name\":\"Sonora en Equipo.\",\"description\":\"Diario en l\u00ednea con Noticias desde Hermosillo, Sonora\",\"publisher\":{\"@id\":\"https:\/\/www.sonoraenequipo.com.mx\/#organization\"},\"potentialAction\":[{\"@type\":\"SearchAction\",\"target\":{\"@type\":\"EntryPoint\",\"urlTemplate\":\"https:\/\/www.sonoraenequipo.com.mx\/?s={search_term_string}\"},\"query-input\":{\"@type\":\"PropertyValueSpecification\",\"valueRequired\":true,\"valueName\":\"search_term_string\"}}],\"inLanguage\":\"es\"},{\"@type\":\"Organization\",\"@id\":\"https:\/\/www.sonoraenequipo.com.mx\/#organization\",\"name\":\"Sonoraenequipo.com.mx\",\"url\":\"https:\/\/www.sonoraenequipo.com.mx\/\",\"logo\":{\"@type\":\"ImageObject\",\"inLanguage\":\"es\",\"@id\":\"https:\/\/www.sonoraenequipo.com.mx\/#\/schema\/logo\/image\/\",\"url\":\"https:\/\/www.sonoraenequipo.com.mx\/storage\/2019\/01\/sonoraenequipo_opt.png\",\"contentUrl\":\"https:\/\/www.sonoraenequipo.com.mx\/storage\/2019\/01\/sonoraenequipo_opt.png\",\"width\":375,\"height\":125,\"caption\":\"Sonoraenequipo.com.mx\"},\"image\":{\"@id\":\"https:\/\/www.sonoraenequipo.com.mx\/#\/schema\/logo\/image\/\"},\"sameAs\":[\"https:\/\/www.facebook.com\/SonoraEE\/\",\"https:\/\/x.com\/sonoraenequipo\",\"https:\/\/www.youtube.com\/channel\/UC338nW-lPEYmJQs4ZABQ1SQ\"]},{\"@type\":\"Person\",\"@id\":\"https:\/\/www.sonoraenequipo.com.mx\/#\/schema\/person\/50102df0fb23a8fa9e8effad8fa81386\",\"name\":\"enequipo\",\"image\":{\"@type\":\"ImageObject\",\"inLanguage\":\"es\",\"@id\":\"https:\/\/www.sonoraenequipo.com.mx\/#\/schema\/person\/image\/\",\"url\":\"https:\/\/secure.gravatar.com\/avatar\/049821681b589dabc0bc20695993ccebb09f5b5d4d790cd9251b97faac7c652b?s=96&d=blank&r=g\",\"contentUrl\":\"https:\/\/secure.gravatar.com\/avatar\/049821681b589dabc0bc20695993ccebb09f5b5d4d790cd9251b97faac7c652b?s=96&d=blank&r=g\",\"caption\":\"enequipo\"},\"sameAs\":[\"https:\/\/www.facebook.com\/SonoraEE\"]}]}<\/script>\n ","yoast_head_json":{"title":"Sonora en Equipo. Participan estudiantes de UES en Congreso Internacional Delf\u00edn Ciencia y Tecnolog\u00eda","description":"HERMOSILLO, SONORA. MX. \u2014 Un grupo de 12 estudiantes de la Universidad Estatal de Sonora (UES) particip\u00f3 en el Congreso Internacional Delf\u00edn en Nuevo En Sonora en Equipo publicamos toda la informaci\u00f3n de Sonora, M\u00e9xico y el Mundo de manera oportuna y busca que la libertad de expresi\u00f3n sea real. Visita nuestro medio informativo publicado desde Hermosillo, Sonora. %","robots":{"index":"index","follow":"follow","max-snippet":"max-snippet:-1","max-image-preview":"max-image-preview:large","max-video-preview":"max-video-preview:-1"},"canonical":"https:\/\/www.sonoraenequipo.com.mx\/participan-estudiantes-de-ues-en-congreso-internacional-delfin\/","og_locale":"es_ES","og_type":"article","og_title":"Sonora en Equipo. Participan estudiantes de UES en Congreso Internacional Delf\u00edn Ciencia y Tecnolog\u00eda","og_description":"HERMOSILLO, SONORA. MX. \u2014 Un grupo de 12 estudiantes de la Universidad Estatal de Sonora (UES) particip\u00f3 en el Congreso Internacional Delf\u00edn en Nuevo En Sonora en Equipo publicamos toda la informaci\u00f3n de Sonora, M\u00e9xico y el Mundo de manera oportuna y busca que la libertad de expresi\u00f3n sea real. Visita nuestro medio informativo publicado desde Hermosillo, Sonora. %","og_url":"https:\/\/www.sonoraenequipo.com.mx\/participan-estudiantes-de-ues-en-congreso-internacional-delfin\/","og_site_name":"Sonora en Equipo.","article_publisher":"https:\/\/www.facebook.com\/SonoraEE\/","article_author":"https:\/\/www.facebook.com\/SonoraEE","article_published_time":"2019-08-27T03:45:21+00:00","article_modified_time":"2019-08-28T00:08:42+00:00","og_image":[{"width":467,"height":350,"url":"https:\/\/www.sonoraenequipo.com.mx\/storage\/2019\/08\/ues3_Congreso-Internacional_opt.jpg","type":"image\/jpeg"}],"author":"enequipo","twitter_card":"summary_large_image","twitter_creator":"@sonoraenequipo","twitter_site":"@sonoraenequipo","twitter_misc":{"Escrito por":"enequipo","Tiempo de lectura":"2 minutos"},"schema":{"@context":"https:\/\/schema.org","@graph":[{"@type":"Article","@id":"https:\/\/www.sonoraenequipo.com.mx\/participan-estudiantes-de-ues-en-congreso-internacional-delfin\/#article","isPartOf":{"@id":"https:\/\/www.sonoraenequipo.com.mx\/participan-estudiantes-de-ues-en-congreso-internacional-delfin\/"},"author":{"name":"enequipo","@id":"https:\/\/www.sonoraenequipo.com.mx\/#\/schema\/person\/50102df0fb23a8fa9e8effad8fa81386"},"headline":"Participan estudiantes de UES en Congreso Internacional Delf\u00edn","datePublished":"2019-08-27T03:45:21+00:00","dateModified":"2019-08-28T00:08:42+00:00","mainEntityOfPage":{"@id":"https:\/\/www.sonoraenequipo.com.mx\/participan-estudiantes-de-ues-en-congreso-internacional-delfin\/"},"wordCount":411,"commentCount":0,"publisher":{"@id":"https:\/\/www.sonoraenequipo.com.mx\/#organization"},"image":{"@id":"https:\/\/www.sonoraenequipo.com.mx\/participan-estudiantes-de-ues-en-congreso-internacional-delfin\/#primaryimage"},"thumbnailUrl":"https:\/\/www.sonoraenequipo.com.mx\/storage\/2019\/08\/ues3_Congreso-Internacional_opt.jpg","articleSection":["Ciencia y Tecnolog\u00eda","Sonora"],"inLanguage":"es","potentialAction":[{"@type":"CommentAction","name":"Comment","target":["https:\/\/www.sonoraenequipo.com.mx\/participan-estudiantes-de-ues-en-congreso-internacional-delfin\/#respond"]}]},{"@type":"WebPage","@id":"https:\/\/www.sonoraenequipo.com.mx\/participan-estudiantes-de-ues-en-congreso-internacional-delfin\/","url":"https:\/\/www.sonoraenequipo.com.mx\/participan-estudiantes-de-ues-en-congreso-internacional-delfin\/","name":"Sonora en Equipo. Participan estudiantes de UES en Congreso Internacional Delf\u00edn Ciencia y Tecnolog\u00eda","isPartOf":{"@id":"https:\/\/www.sonoraenequipo.com.mx\/#website"},"primaryImageOfPage":{"@id":"https:\/\/www.sonoraenequipo.com.mx\/participan-estudiantes-de-ues-en-congreso-internacional-delfin\/#primaryimage"},"image":{"@id":"https:\/\/www.sonoraenequipo.com.mx\/participan-estudiantes-de-ues-en-congreso-internacional-delfin\/#primaryimage"},"thumbnailUrl":"https:\/\/www.sonoraenequipo.com.mx\/storage\/2019\/08\/ues3_Congreso-Internacional_opt.jpg","datePublished":"2019-08-27T03:45:21+00:00","dateModified":"2019-08-28T00:08:42+00:00","description":"HERMOSILLO, SONORA. MX. \u2014 Un grupo de 12 estudiantes de la Universidad Estatal de Sonora (UES) particip\u00f3 en el Congreso Internacional Delf\u00edn en Nuevo En Sonora en Equipo publicamos toda la informaci\u00f3n de Sonora, M\u00e9xico y el Mundo de manera oportuna y busca que la libertad de expresi\u00f3n sea real. Visita nuestro medio informativo publicado desde Hermosillo, Sonora. %","breadcrumb":{"@id":"https:\/\/www.sonoraenequipo.com.mx\/participan-estudiantes-de-ues-en-congreso-internacional-delfin\/#breadcrumb"},"inLanguage":"es","potentialAction":[{"@type":"ReadAction","target":["https:\/\/www.sonoraenequipo.com.mx\/participan-estudiantes-de-ues-en-congreso-internacional-delfin\/"]}]},{"@type":"ImageObject","inLanguage":"es","@id":"https:\/\/www.sonoraenequipo.com.mx\/participan-estudiantes-de-ues-en-congreso-internacional-delfin\/#primaryimage","url":"https:\/\/www.sonoraenequipo.com.mx\/storage\/2019\/08\/ues3_Congreso-Internacional_opt.jpg","contentUrl":"https:\/\/www.sonoraenequipo.com.mx\/storage\/2019\/08\/ues3_Congreso-Internacional_opt.jpg","width":467,"height":350},{"@type":"BreadcrumbList","@id":"https:\/\/www.sonoraenequipo.com.mx\/participan-estudiantes-de-ues-en-congreso-internacional-delfin\/#breadcrumb","itemListElement":[{"@type":"ListItem","position":1,"name":"Portada","item":"https:\/\/www.sonoraenequipo.com.mx\/"},{"@type":"ListItem","position":2,"name":"Participan estudiantes de UES en Congreso Internacional Delf\u00edn"}]},{"@type":"WebSite","@id":"https:\/\/www.sonoraenequipo.com.mx\/#website","url":"https:\/\/www.sonoraenequipo.com.mx\/","name":"Sonora en Equipo.","description":"Diario en l\u00ednea con Noticias desde Hermosillo, Sonora","publisher":{"@id":"https:\/\/www.sonoraenequipo.com.mx\/#organization"},"potentialAction":[{"@type":"SearchAction","target":{"@type":"EntryPoint","urlTemplate":"https:\/\/www.sonoraenequipo.com.mx\/?s={search_term_string}"},"query-input":{"@type":"PropertyValueSpecification","valueRequired":true,"valueName":"search_term_string"}}],"inLanguage":"es"},{"@type":"Organization","@id":"https:\/\/www.sonoraenequipo.com.mx\/#organization","name":"Sonoraenequipo.com.mx","url":"https:\/\/www.sonoraenequipo.com.mx\/","logo":{"@type":"ImageObject","inLanguage":"es","@id":"https:\/\/www.sonoraenequipo.com.mx\/#\/schema\/logo\/image\/","url":"https:\/\/www.sonoraenequipo.com.mx\/storage\/2019\/01\/sonoraenequipo_opt.png","contentUrl":"https:\/\/www.sonoraenequipo.com.mx\/storage\/2019\/01\/sonoraenequipo_opt.png","width":375,"height":125,"caption":"Sonoraenequipo.com.mx"},"image":{"@id":"https:\/\/www.sonoraenequipo.com.mx\/#\/schema\/logo\/image\/"},"sameAs":["https:\/\/www.facebook.com\/SonoraEE\/","https:\/\/x.com\/sonoraenequipo","https:\/\/www.youtube.com\/channel\/UC338nW-lPEYmJQs4ZABQ1SQ"]},{"@type":"Person","@id":"https:\/\/www.sonoraenequipo.com.mx\/#\/schema\/person\/50102df0fb23a8fa9e8effad8fa81386","name":"enequipo","image":{"@type":"ImageObject","inLanguage":"es","@id":"https:\/\/www.sonoraenequipo.com.mx\/#\/schema\/person\/image\/","url":"https:\/\/secure.gravatar.com\/avatar\/049821681b589dabc0bc20695993ccebb09f5b5d4d790cd9251b97faac7c652b?s=96&d=blank&r=g","contentUrl":"https:\/\/secure.gravatar.com\/avatar\/049821681b589dabc0bc20695993ccebb09f5b5d4d790cd9251b97faac7c652b?s=96&d=blank&r=g","caption":"enequipo"},"sameAs":["https:\/\/www.facebook.com\/SonoraEE"]}]}},"jetpack_featured_media_url":"https:\/\/www.sonoraenequipo.com.mx\/storage\/2019\/08\/ues3_Congreso-Internacional_opt.jpg","_links":{"self":[{"href":"https:\/\/www.sonoraenequipo.com.mx\/api\/wp\/v2\/posts\/66286","targetHints":{"allow":["GET"]}}],"collection":[{"href":"https:\/\/www.sonoraenequipo.com.mx\/api\/wp\/v2\/posts"}],"about":[{"href":"https:\/\/www.sonoraenequipo.com.mx\/api\/wp\/v2\/types\/post"}],"author":[{"embeddable":true,"href":"https:\/\/www.sonoraenequipo.com.mx\/api\/wp\/v2\/users\/1"}],"replies":[{"embeddable":true,"href":"https:\/\/www.sonoraenequipo.com.mx\/api\/wp\/v2\/comments?post=66286"}],"version-history":[{"count":0,"href":"https:\/\/www.sonoraenequipo.com.mx\/api\/wp\/v2\/posts\/66286\/revisions"}],"wp:featuredmedia":[{"embeddable":true,"href":"https:\/\/www.sonoraenequipo.com.mx\/api\/wp\/v2\/media\/66273"}],"wp:attachment":[{"href":"https:\/\/www.sonoraenequipo.com.mx\/api\/wp\/v2\/media?parent=66286"}],"wp:term":[{"taxonomy":"category","embeddable":true,"href":"https:\/\/www.sonoraenequipo.com.mx\/api\/wp\/v2\/categories?post=66286"},{"taxonomy":"post_tag","embeddable":true,"href":"https:\/\/www.sonoraenequipo.com.mx\/api\/wp\/v2\/tags?post=66286"}],"curies":[{"name":"wp","href":"https:\/\/api.w.org\/{rel}","templated":true}]}}