{"id":6662,"date":"2016-05-13T08:22:39","date_gmt":"2016-05-13T08:22:39","guid":{"rendered":"http:\/\/www.sonoraenequipo.com.mx\/?p=6662"},"modified":"2016-05-14T05:25:54","modified_gmt":"2016-05-14T05:25:54","slug":"festeja-ayuntamiento-hermosillo-trabajadoras-jubiladas-pensionadas","status":"publish","type":"post","link":"https:\/\/www.sonoraenequipo.com.mx\/festeja-ayuntamiento-hermosillo-trabajadoras-jubiladas-pensionadas\/","title":{"rendered":"Festeja Ayuntamiento de Hermosillo a trabajadoras jubiladas y pensionadas"},"content":{"rendered":"<p>HERMOSILLO, SONORA.MX.\u2014 El Jefe de la Oficina de Presidencia del Ayuntamiento de Hermosillo, Francisco Figueroa Souquet, reconoci\u00f3 el valioso aporte que hicieron y siguen haciendo las madres trabajadoras jubiladas y pensionadas del Gobierno Municipal. <\/p>\n<p>A nombre del Presidente Municipal, Manuel Ignacio Maloro Acosta Guti\u00e9rrez y en el marco de la celebraci\u00f3n del D\u00eda de las Madres, encabez\u00f3 un desayuno en honor de quienes durante muchos a\u00f1os prestaron sus servicios a los hermosillenses.<\/p>\n<p>Figueroa Souquet consider\u00f3 que como trabajadoras cumplieron una funci\u00f3n muy importante en su momento, y destac\u00f3 que en la actualidad siguen trabajando para bien de s\u00ed mismas, sus compa\u00f1eros y la comunidad.<\/p>\n<p>En el festejo estuvieron presentes los integrantes de la Mesa Directiva de la Asociaci\u00f3n de Jubilados y Pensionados del Ayuntamiento de Hermosillo, Marco Antonio Escoboza, Presidente; Guadalupe Flores Mend\u00edvil, Vicepresidenta; Jes\u00fas David Santacruz, Secretario; Beatriz S\u00e1nchez Rasc\u00f3n, Tesorero e Irma Guadalupe Huerta, asesora jur\u00eddica.<\/p>\n<p>Participaron en el ambiente de fiesta, miembros de la Casa de Jubilados y Pensionados del Isssteson, con bailables que divirtieron a aproximadamente 500 asistentes al convivio que incluy\u00f3 rifa de regalos. (Fecha de publicaci\u00f3: 13052016)<\/p>\n","protected":false},"excerpt":{"rendered":"<p>HERMOSILLO, SONORA.MX.\u2014 El Jefe de la Oficina de Presidencia del Ayuntamiento de Hermosillo, Francisco Figueroa&#8230;<\/p>\n","protected":false},"author":1,"featured_media":6663,"comment_status":"open","ping_status":"open","sticky":false,"template":"","format":"standard","meta":{"_monsterinsights_skip_tracking":false,"_monsterinsights_sitenote_active":false,"_monsterinsights_sitenote_note":"","_monsterinsights_sitenote_category":0,"footnotes":""},"categories":[13,4],"tags":[],"class_list":["post"],"yoast_head":" \n<title>Sonora en Equipo. Festeja Ayuntamiento de Hermosillo a trabajadoras jubiladas y pensionadas Destacadas<\/title>\n<meta name=\"description\" content=\"HERMOSILLO, SONORA.MX.\u2014 El Jefe de la Oficina de Presidencia del Ayuntamiento de Hermosillo, Francisco Figueroa Souquet, reconoci\u00f3 el valioso aporte que En Sonora en Equipo publicamos toda la informaci\u00f3n de Sonora, M\u00e9xico y el Mundo de manera oportuna y busca que la libertad de expresi\u00f3n sea real. Visita nuestro medio informativo publicado desde Hermosillo, Sonora. %\" \/>\n<meta name=\"robots\" content=\"index, follow, max-snippet:-1, max-image-preview:large, max-video-preview:-1\" \/>\n<link rel=\"canonical\" href=\"https:\/\/www.sonoraenequipo.com.mx\/festeja-ayuntamiento-hermosillo-trabajadoras-jubiladas-pensionadas\/\" \/>\n<meta property=\"og:locale\" content=\"es_ES\" \/>\n<meta property=\"og:type\" content=\"article\" \/>\n<meta property=\"og:title\" content=\"Sonora en Equipo. Festeja Ayuntamiento de Hermosillo a trabajadoras jubiladas y pensionadas Destacadas\" \/>\n<meta property=\"og:description\" content=\"HERMOSILLO, SONORA.MX.\u2014 El Jefe de la Oficina de Presidencia del Ayuntamiento de Hermosillo, Francisco Figueroa Souquet, reconoci\u00f3 el valioso aporte que En Sonora en Equipo publicamos toda la informaci\u00f3n de Sonora, M\u00e9xico y el Mundo de manera oportuna y busca que la libertad de expresi\u00f3n sea real. Visita nuestro medio informativo publicado desde Hermosillo, Sonora. %\" \/>\n<meta property=\"og:url\" content=\"https:\/\/www.sonoraenequipo.com.mx\/festeja-ayuntamiento-hermosillo-trabajadoras-jubiladas-pensionadas\/\" \/>\n<meta property=\"og:site_name\" content=\"Sonora en Equipo.\" \/>\n<meta property=\"article:publisher\" content=\"https:\/\/www.facebook.com\/SonoraEE\/\" \/>\n<meta property=\"article:author\" content=\"https:\/\/www.facebook.com\/SonoraEE\" \/>\n<meta property=\"article:published_time\" content=\"2016-05-13T08:22:39+00:00\" \/>\n<meta property=\"article:modified_time\" content=\"2016-05-14T05:25:54+00:00\" \/>\n<meta property=\"og:image\" content=\"https:\/\/www.sonoraenequipo.com.mx\/storage\/2016\/05\/jubiladashillo_opt.jpg\" \/>\n\t<meta property=\"og:image:width\" content=\"889\" \/>\n\t<meta property=\"og:image:height\" content=\"500\" \/>\n\t<meta property=\"og:image:type\" content=\"image\/jpeg\" \/>\n<meta name=\"author\" content=\"enequipo\" \/>\n<meta name=\"twitter:card\" content=\"summary_large_image\" \/>\n<meta name=\"twitter:creator\" content=\"@sonoraenequipo\" \/>\n<meta name=\"twitter:site\" content=\"@sonoraenequipo\" \/>\n<meta name=\"twitter:label1\" content=\"Escrito por\" \/>\n\t<meta name=\"twitter:data1\" content=\"enequipo\" \/>\n\t<meta name=\"twitter:label2\" content=\"Tiempo de lectura\" \/>\n\t<meta name=\"twitter:data2\" content=\"1 minuto\" \/>\n<script type=\"application\/ld+json\" class=\"yoast-schema-graph\">{\"@context\":\"https:\/\/schema.org\",\"@graph\":[{\"@type\":\"Article\",\"@id\":\"https:\/\/www.sonoraenequipo.com.mx\/festeja-ayuntamiento-hermosillo-trabajadoras-jubiladas-pensionadas\/#article\",\"isPartOf\":{\"@id\":\"https:\/\/www.sonoraenequipo.com.mx\/festeja-ayuntamiento-hermosillo-trabajadoras-jubiladas-pensionadas\/\"},\"author\":{\"name\":\"enequipo\",\"@id\":\"https:\/\/www.sonoraenequipo.com.mx\/#\/schema\/person\/50102df0fb23a8fa9e8effad8fa81386\"},\"headline\":\"Festeja Ayuntamiento de Hermosillo a trabajadoras jubiladas y pensionadas\",\"datePublished\":\"2016-05-13T08:22:39+00:00\",\"dateModified\":\"2016-05-14T05:25:54+00:00\",\"mainEntityOfPage\":{\"@id\":\"https:\/\/www.sonoraenequipo.com.mx\/festeja-ayuntamiento-hermosillo-trabajadoras-jubiladas-pensionadas\/\"},\"wordCount\":203,\"commentCount\":0,\"publisher\":{\"@id\":\"https:\/\/www.sonoraenequipo.com.mx\/#organization\"},\"image\":{\"@id\":\"https:\/\/www.sonoraenequipo.com.mx\/festeja-ayuntamiento-hermosillo-trabajadoras-jubiladas-pensionadas\/#primaryimage\"},\"thumbnailUrl\":\"https:\/\/www.sonoraenequipo.com.mx\/storage\/2016\/05\/jubiladashillo_opt.jpg\",\"articleSection\":[\"Destacadas\",\"Municipios\"],\"inLanguage\":\"es\",\"potentialAction\":[{\"@type\":\"CommentAction\",\"name\":\"Comment\",\"target\":[\"https:\/\/www.sonoraenequipo.com.mx\/festeja-ayuntamiento-hermosillo-trabajadoras-jubiladas-pensionadas\/#respond\"]}]},{\"@type\":\"WebPage\",\"@id\":\"https:\/\/www.sonoraenequipo.com.mx\/festeja-ayuntamiento-hermosillo-trabajadoras-jubiladas-pensionadas\/\",\"url\":\"https:\/\/www.sonoraenequipo.com.mx\/festeja-ayuntamiento-hermosillo-trabajadoras-jubiladas-pensionadas\/\",\"name\":\"Sonora en Equipo. Festeja Ayuntamiento de Hermosillo a trabajadoras jubiladas y pensionadas Destacadas\",\"isPartOf\":{\"@id\":\"https:\/\/www.sonoraenequipo.com.mx\/#website\"},\"primaryImageOfPage\":{\"@id\":\"https:\/\/www.sonoraenequipo.com.mx\/festeja-ayuntamiento-hermosillo-trabajadoras-jubiladas-pensionadas\/#primaryimage\"},\"image\":{\"@id\":\"https:\/\/www.sonoraenequipo.com.mx\/festeja-ayuntamiento-hermosillo-trabajadoras-jubiladas-pensionadas\/#primaryimage\"},\"thumbnailUrl\":\"https:\/\/www.sonoraenequipo.com.mx\/storage\/2016\/05\/jubiladashillo_opt.jpg\",\"datePublished\":\"2016-05-13T08:22:39+00:00\",\"dateModified\":\"2016-05-14T05:25:54+00:00\",\"description\":\"HERMOSILLO, SONORA.MX.\u2014 El Jefe de la Oficina de Presidencia del Ayuntamiento de Hermosillo, Francisco Figueroa Souquet, reconoci\u00f3 el valioso aporte que En Sonora en Equipo publicamos toda la informaci\u00f3n de Sonora, M\u00e9xico y el Mundo de manera oportuna y busca que la libertad de expresi\u00f3n sea real. Visita nuestro medio informativo publicado desde Hermosillo, Sonora. %\",\"breadcrumb\":{\"@id\":\"https:\/\/www.sonoraenequipo.com.mx\/festeja-ayuntamiento-hermosillo-trabajadoras-jubiladas-pensionadas\/#breadcrumb\"},\"inLanguage\":\"es\",\"potentialAction\":[{\"@type\":\"ReadAction\",\"target\":[\"https:\/\/www.sonoraenequipo.com.mx\/festeja-ayuntamiento-hermosillo-trabajadoras-jubiladas-pensionadas\/\"]}]},{\"@type\":\"ImageObject\",\"inLanguage\":\"es\",\"@id\":\"https:\/\/www.sonoraenequipo.com.mx\/festeja-ayuntamiento-hermosillo-trabajadoras-jubiladas-pensionadas\/#primaryimage\",\"url\":\"https:\/\/www.sonoraenequipo.com.mx\/storage\/2016\/05\/jubiladashillo_opt.jpg\",\"contentUrl\":\"https:\/\/www.sonoraenequipo.com.mx\/storage\/2016\/05\/jubiladashillo_opt.jpg\",\"width\":889,\"height\":500},{\"@type\":\"BreadcrumbList\",\"@id\":\"https:\/\/www.sonoraenequipo.com.mx\/festeja-ayuntamiento-hermosillo-trabajadoras-jubiladas-pensionadas\/#breadcrumb\",\"itemListElement\":[{\"@type\":\"ListItem\",\"position\":1,\"name\":\"Portada\",\"item\":\"https:\/\/www.sonoraenequipo.com.mx\/\"},{\"@type\":\"ListItem\",\"position\":2,\"name\":\"Festeja Ayuntamiento de Hermosillo a trabajadoras jubiladas y pensionadas\"}]},{\"@type\":\"WebSite\",\"@id\":\"https:\/\/www.sonoraenequipo.com.mx\/#website\",\"url\":\"https:\/\/www.sonoraenequipo.com.mx\/\",\"name\":\"Sonora en Equipo.\",\"description\":\"Diario en l\u00ednea con Noticias desde Hermosillo, Sonora\",\"publisher\":{\"@id\":\"https:\/\/www.sonoraenequipo.com.mx\/#organization\"},\"potentialAction\":[{\"@type\":\"SearchAction\",\"target\":{\"@type\":\"EntryPoint\",\"urlTemplate\":\"https:\/\/www.sonoraenequipo.com.mx\/?s={search_term_string}\"},\"query-input\":{\"@type\":\"PropertyValueSpecification\",\"valueRequired\":true,\"valueName\":\"search_term_string\"}}],\"inLanguage\":\"es\"},{\"@type\":\"Organization\",\"@id\":\"https:\/\/www.sonoraenequipo.com.mx\/#organization\",\"name\":\"Sonoraenequipo.com.mx\",\"url\":\"https:\/\/www.sonoraenequipo.com.mx\/\",\"logo\":{\"@type\":\"ImageObject\",\"inLanguage\":\"es\",\"@id\":\"https:\/\/www.sonoraenequipo.com.mx\/#\/schema\/logo\/image\/\",\"url\":\"https:\/\/www.sonoraenequipo.com.mx\/storage\/2019\/01\/sonoraenequipo_opt.png\",\"contentUrl\":\"https:\/\/www.sonoraenequipo.com.mx\/storage\/2019\/01\/sonoraenequipo_opt.png\",\"width\":375,\"height\":125,\"caption\":\"Sonoraenequipo.com.mx\"},\"image\":{\"@id\":\"https:\/\/www.sonoraenequipo.com.mx\/#\/schema\/logo\/image\/\"},\"sameAs\":[\"https:\/\/www.facebook.com\/SonoraEE\/\",\"https:\/\/x.com\/sonoraenequipo\",\"https:\/\/www.youtube.com\/channel\/UC338nW-lPEYmJQs4ZABQ1SQ\"]},{\"@type\":\"Person\",\"@id\":\"https:\/\/www.sonoraenequipo.com.mx\/#\/schema\/person\/50102df0fb23a8fa9e8effad8fa81386\",\"name\":\"enequipo\",\"image\":{\"@type\":\"ImageObject\",\"inLanguage\":\"es\",\"@id\":\"https:\/\/www.sonoraenequipo.com.mx\/#\/schema\/person\/image\/\",\"url\":\"https:\/\/secure.gravatar.com\/avatar\/049821681b589dabc0bc20695993ccebb09f5b5d4d790cd9251b97faac7c652b?s=96&d=blank&r=g\",\"contentUrl\":\"https:\/\/secure.gravatar.com\/avatar\/049821681b589dabc0bc20695993ccebb09f5b5d4d790cd9251b97faac7c652b?s=96&d=blank&r=g\",\"caption\":\"enequipo\"},\"sameAs\":[\"https:\/\/www.facebook.com\/SonoraEE\"]}]}<\/script>\n ","yoast_head_json":{"title":"Sonora en Equipo. Festeja Ayuntamiento de Hermosillo a trabajadoras jubiladas y pensionadas Destacadas","description":"HERMOSILLO, SONORA.MX.\u2014 El Jefe de la Oficina de Presidencia del Ayuntamiento de Hermosillo, Francisco Figueroa Souquet, reconoci\u00f3 el valioso aporte que En Sonora en Equipo publicamos toda la informaci\u00f3n de Sonora, M\u00e9xico y el Mundo de manera oportuna y busca que la libertad de expresi\u00f3n sea real. Visita nuestro medio informativo publicado desde Hermosillo, Sonora. %","robots":{"index":"index","follow":"follow","max-snippet":"max-snippet:-1","max-image-preview":"max-image-preview:large","max-video-preview":"max-video-preview:-1"},"canonical":"https:\/\/www.sonoraenequipo.com.mx\/festeja-ayuntamiento-hermosillo-trabajadoras-jubiladas-pensionadas\/","og_locale":"es_ES","og_type":"article","og_title":"Sonora en Equipo. Festeja Ayuntamiento de Hermosillo a trabajadoras jubiladas y pensionadas Destacadas","og_description":"HERMOSILLO, SONORA.MX.\u2014 El Jefe de la Oficina de Presidencia del Ayuntamiento de Hermosillo, Francisco Figueroa Souquet, reconoci\u00f3 el valioso aporte que En Sonora en Equipo publicamos toda la informaci\u00f3n de Sonora, M\u00e9xico y el Mundo de manera oportuna y busca que la libertad de expresi\u00f3n sea real. Visita nuestro medio informativo publicado desde Hermosillo, Sonora. %","og_url":"https:\/\/www.sonoraenequipo.com.mx\/festeja-ayuntamiento-hermosillo-trabajadoras-jubiladas-pensionadas\/","og_site_name":"Sonora en Equipo.","article_publisher":"https:\/\/www.facebook.com\/SonoraEE\/","article_author":"https:\/\/www.facebook.com\/SonoraEE","article_published_time":"2016-05-13T08:22:39+00:00","article_modified_time":"2016-05-14T05:25:54+00:00","og_image":[{"width":889,"height":500,"url":"https:\/\/www.sonoraenequipo.com.mx\/storage\/2016\/05\/jubiladashillo_opt.jpg","type":"image\/jpeg"}],"author":"enequipo","twitter_card":"summary_large_image","twitter_creator":"@sonoraenequipo","twitter_site":"@sonoraenequipo","twitter_misc":{"Escrito por":"enequipo","Tiempo de lectura":"1 minuto"},"schema":{"@context":"https:\/\/schema.org","@graph":[{"@type":"Article","@id":"https:\/\/www.sonoraenequipo.com.mx\/festeja-ayuntamiento-hermosillo-trabajadoras-jubiladas-pensionadas\/#article","isPartOf":{"@id":"https:\/\/www.sonoraenequipo.com.mx\/festeja-ayuntamiento-hermosillo-trabajadoras-jubiladas-pensionadas\/"},"author":{"name":"enequipo","@id":"https:\/\/www.sonoraenequipo.com.mx\/#\/schema\/person\/50102df0fb23a8fa9e8effad8fa81386"},"headline":"Festeja Ayuntamiento de Hermosillo a trabajadoras jubiladas y pensionadas","datePublished":"2016-05-13T08:22:39+00:00","dateModified":"2016-05-14T05:25:54+00:00","mainEntityOfPage":{"@id":"https:\/\/www.sonoraenequipo.com.mx\/festeja-ayuntamiento-hermosillo-trabajadoras-jubiladas-pensionadas\/"},"wordCount":203,"commentCount":0,"publisher":{"@id":"https:\/\/www.sonoraenequipo.com.mx\/#organization"},"image":{"@id":"https:\/\/www.sonoraenequipo.com.mx\/festeja-ayuntamiento-hermosillo-trabajadoras-jubiladas-pensionadas\/#primaryimage"},"thumbnailUrl":"https:\/\/www.sonoraenequipo.com.mx\/storage\/2016\/05\/jubiladashillo_opt.jpg","articleSection":["Destacadas","Municipios"],"inLanguage":"es","potentialAction":[{"@type":"CommentAction","name":"Comment","target":["https:\/\/www.sonoraenequipo.com.mx\/festeja-ayuntamiento-hermosillo-trabajadoras-jubiladas-pensionadas\/#respond"]}]},{"@type":"WebPage","@id":"https:\/\/www.sonoraenequipo.com.mx\/festeja-ayuntamiento-hermosillo-trabajadoras-jubiladas-pensionadas\/","url":"https:\/\/www.sonoraenequipo.com.mx\/festeja-ayuntamiento-hermosillo-trabajadoras-jubiladas-pensionadas\/","name":"Sonora en Equipo. Festeja Ayuntamiento de Hermosillo a trabajadoras jubiladas y pensionadas Destacadas","isPartOf":{"@id":"https:\/\/www.sonoraenequipo.com.mx\/#website"},"primaryImageOfPage":{"@id":"https:\/\/www.sonoraenequipo.com.mx\/festeja-ayuntamiento-hermosillo-trabajadoras-jubiladas-pensionadas\/#primaryimage"},"image":{"@id":"https:\/\/www.sonoraenequipo.com.mx\/festeja-ayuntamiento-hermosillo-trabajadoras-jubiladas-pensionadas\/#primaryimage"},"thumbnailUrl":"https:\/\/www.sonoraenequipo.com.mx\/storage\/2016\/05\/jubiladashillo_opt.jpg","datePublished":"2016-05-13T08:22:39+00:00","dateModified":"2016-05-14T05:25:54+00:00","description":"HERMOSILLO, SONORA.MX.\u2014 El Jefe de la Oficina de Presidencia del Ayuntamiento de Hermosillo, Francisco Figueroa Souquet, reconoci\u00f3 el valioso aporte que En Sonora en Equipo publicamos toda la informaci\u00f3n de Sonora, M\u00e9xico y el Mundo de manera oportuna y busca que la libertad de expresi\u00f3n sea real. Visita nuestro medio informativo publicado desde Hermosillo, Sonora. %","breadcrumb":{"@id":"https:\/\/www.sonoraenequipo.com.mx\/festeja-ayuntamiento-hermosillo-trabajadoras-jubiladas-pensionadas\/#breadcrumb"},"inLanguage":"es","potentialAction":[{"@type":"ReadAction","target":["https:\/\/www.sonoraenequipo.com.mx\/festeja-ayuntamiento-hermosillo-trabajadoras-jubiladas-pensionadas\/"]}]},{"@type":"ImageObject","inLanguage":"es","@id":"https:\/\/www.sonoraenequipo.com.mx\/festeja-ayuntamiento-hermosillo-trabajadoras-jubiladas-pensionadas\/#primaryimage","url":"https:\/\/www.sonoraenequipo.com.mx\/storage\/2016\/05\/jubiladashillo_opt.jpg","contentUrl":"https:\/\/www.sonoraenequipo.com.mx\/storage\/2016\/05\/jubiladashillo_opt.jpg","width":889,"height":500},{"@type":"BreadcrumbList","@id":"https:\/\/www.sonoraenequipo.com.mx\/festeja-ayuntamiento-hermosillo-trabajadoras-jubiladas-pensionadas\/#breadcrumb","itemListElement":[{"@type":"ListItem","position":1,"name":"Portada","item":"https:\/\/www.sonoraenequipo.com.mx\/"},{"@type":"ListItem","position":2,"name":"Festeja Ayuntamiento de Hermosillo a trabajadoras jubiladas y pensionadas"}]},{"@type":"WebSite","@id":"https:\/\/www.sonoraenequipo.com.mx\/#website","url":"https:\/\/www.sonoraenequipo.com.mx\/","name":"Sonora en Equipo.","description":"Diario en l\u00ednea con Noticias desde Hermosillo, Sonora","publisher":{"@id":"https:\/\/www.sonoraenequipo.com.mx\/#organization"},"potentialAction":[{"@type":"SearchAction","target":{"@type":"EntryPoint","urlTemplate":"https:\/\/www.sonoraenequipo.com.mx\/?s={search_term_string}"},"query-input":{"@type":"PropertyValueSpecification","valueRequired":true,"valueName":"search_term_string"}}],"inLanguage":"es"},{"@type":"Organization","@id":"https:\/\/www.sonoraenequipo.com.mx\/#organization","name":"Sonoraenequipo.com.mx","url":"https:\/\/www.sonoraenequipo.com.mx\/","logo":{"@type":"ImageObject","inLanguage":"es","@id":"https:\/\/www.sonoraenequipo.com.mx\/#\/schema\/logo\/image\/","url":"https:\/\/www.sonoraenequipo.com.mx\/storage\/2019\/01\/sonoraenequipo_opt.png","contentUrl":"https:\/\/www.sonoraenequipo.com.mx\/storage\/2019\/01\/sonoraenequipo_opt.png","width":375,"height":125,"caption":"Sonoraenequipo.com.mx"},"image":{"@id":"https:\/\/www.sonoraenequipo.com.mx\/#\/schema\/logo\/image\/"},"sameAs":["https:\/\/www.facebook.com\/SonoraEE\/","https:\/\/x.com\/sonoraenequipo","https:\/\/www.youtube.com\/channel\/UC338nW-lPEYmJQs4ZABQ1SQ"]},{"@type":"Person","@id":"https:\/\/www.sonoraenequipo.com.mx\/#\/schema\/person\/50102df0fb23a8fa9e8effad8fa81386","name":"enequipo","image":{"@type":"ImageObject","inLanguage":"es","@id":"https:\/\/www.sonoraenequipo.com.mx\/#\/schema\/person\/image\/","url":"https:\/\/secure.gravatar.com\/avatar\/049821681b589dabc0bc20695993ccebb09f5b5d4d790cd9251b97faac7c652b?s=96&d=blank&r=g","contentUrl":"https:\/\/secure.gravatar.com\/avatar\/049821681b589dabc0bc20695993ccebb09f5b5d4d790cd9251b97faac7c652b?s=96&d=blank&r=g","caption":"enequipo"},"sameAs":["https:\/\/www.facebook.com\/SonoraEE"]}]}},"jetpack_featured_media_url":"https:\/\/www.sonoraenequipo.com.mx\/storage\/2016\/05\/jubiladashillo_opt.jpg","_links":{"self":[{"href":"https:\/\/www.sonoraenequipo.com.mx\/api\/wp\/v2\/posts\/6662","targetHints":{"allow":["GET"]}}],"collection":[{"href":"https:\/\/www.sonoraenequipo.com.mx\/api\/wp\/v2\/posts"}],"about":[{"href":"https:\/\/www.sonoraenequipo.com.mx\/api\/wp\/v2\/types\/post"}],"author":[{"embeddable":true,"href":"https:\/\/www.sonoraenequipo.com.mx\/api\/wp\/v2\/users\/1"}],"replies":[{"embeddable":true,"href":"https:\/\/www.sonoraenequipo.com.mx\/api\/wp\/v2\/comments?post=6662"}],"version-history":[{"count":0,"href":"https:\/\/www.sonoraenequipo.com.mx\/api\/wp\/v2\/posts\/6662\/revisions"}],"wp:featuredmedia":[{"embeddable":true,"href":"https:\/\/www.sonoraenequipo.com.mx\/api\/wp\/v2\/media\/6663"}],"wp:attachment":[{"href":"https:\/\/www.sonoraenequipo.com.mx\/api\/wp\/v2\/media?parent=6662"}],"wp:term":[{"taxonomy":"category","embeddable":true,"href":"https:\/\/www.sonoraenequipo.com.mx\/api\/wp\/v2\/categories?post=6662"},{"taxonomy":"post_tag","embeddable":true,"href":"https:\/\/www.sonoraenequipo.com.mx\/api\/wp\/v2\/tags?post=6662"}],"curies":[{"name":"wp","href":"https:\/\/api.w.org\/{rel}","templated":true}]}}