{"id":67438,"date":"2019-09-20T12:10:21","date_gmt":"2019-09-20T19:10:21","guid":{"rendered":"https:\/\/www.sonoraenequipo.com.mx\/?p=67438"},"modified":"2019-09-20T17:23:29","modified_gmt":"2019-09-21T00:23:29","slug":"el-congreso-argentino-declara-la-emergencia-alimentaria-hasta-2022","status":"publish","type":"post","link":"https:\/\/www.sonoraenequipo.com.mx\/el-congreso-argentino-declara-la-emergencia-alimentaria-hasta-2022\/","title":{"rendered":"El Congreso argentino prolonga emergencia alimentaria hasta 2022"},"content":{"rendered":"<p>BUENOS AIRES, ARGENTINA. \u2014 Argentina est\u00e1, por ley, en emergencia alimentaria hasta 2022. El Senado aprob\u00f3 con los votos del oficialismo y la oposici\u00f3n (61 positivos y cero negativos) una norma que sube 50% los fondos que el Estado destina a los comedores populares, un viejo reclamo de los movimientos sociales que los administran.<\/p>\n<p>&nbsp;<\/p>\n<p> <\/p>\n<p>&nbsp;<\/p>\n<p>El costo fiscal de la medida alcanza unos 175 millones de d\u00f3lares, seg\u00fan los relatores de la ley, que saldr\u00e1n de la \u201creasignaci\u00f3n de partidas\u201d destinadas, por ejemplo, a la obra p\u00fablica. La ley da un respiro a Mauricio Macri, que negocia d\u00eda por d\u00eda la paz social que le permita alcanzar las elecciones del 27 de octubre con el m\u00ednimo de sobresaltos.<\/p>\n<p>&nbsp;<\/p>\n<p>Pero la administraci\u00f3n de la ayuda y la estrategia presupuestaria para financiarla depender\u00e1 del pr\u00f3ximo Gobierno, que quedar\u00e1, seguramente, en manos del peronista Alberto Fern\u00e1ndez.<\/p>\n<p>&nbsp;<\/p>\n<p>El debate parlamentario se desarroll\u00f3 bajo presi\u00f3n, con miles de manifestantes piqueteros fuera del edificio del Congreso. Los senadores, sin embargo, no fueron todo lo expeditivos que hab\u00edan prometido tras un acuerdo de \u201csesi\u00f3n expr\u00e9s\u201d, similar a la que se desarroll\u00f3 en Diputados la semana pasada.<\/p>\n<p>&nbsp;<\/p>\n<p>Durante la primera hora de sesi\u00f3n, la primera en dos meses debido a la interrupci\u00f3n que supuso la celebraci\u00f3n de las primarias el 11 de agosto pasado, se plantearon cuestiones de privilegio sobre temas diversos que demoraron el inicio del debate definitivo.<\/p>\n<p>&nbsp;<\/p>\n<p>Se acordaron luego 10 minutos de discursos para una decena de senadores, con el fin de apurar el debate. La ley, finalmente, fue aprobada con el voto tanto de legisladores del macrismo como de los opositores peronistas.<\/p>\n<p>&nbsp;<\/p>\n<p>La ley de emergencia alimentaria no fue una iniciativa de Macri, pero la gravedad de la crisis econ\u00f3mica y las necesidades electorales terminaron por alinear a su tropa en el Congreso, donde dio su apoyo.<\/p>\n<p>&nbsp;<\/p>\n<p>La intenci\u00f3n fue sacar el asunto de la agenda p\u00fablica y desmovilizar a los movimientos piqueteros que llevan semanas en las calles exigiendo mayores fondos para los comedores que son la base de su existencia en todo el pa\u00eds.<\/p>\n<p>&nbsp;<\/p>\n<p>La necesidad de una campa\u00f1a electoral sin acciones de calle convenci\u00f3 finalmente a todas las fuerzas pol\u00edticas. Los grupos piqueteros tendr\u00e1n ahora m\u00e1s fondos para repartir entre sus afiliados, que como contraparte garantizar\u00e1n, se espera, la gobernabilidad hasta las generales.<\/p>\n<p>&nbsp;<\/p>\n<p>El contexto de la ley es de extrema gravedad. La \u00faltima estad\u00edstica oficial cifr\u00f3 en 32% la pobreza, el mismo porcentaje que Macri encontr\u00f3 cuando sucedi\u00f3 al kirchnerismo en diciembre de 2015.<\/p>\n<p>&nbsp;<\/p>\n<p>Pero la estad\u00edstica no toma en cuenta la tormenta financiera iniciada tras el arrollador triunfo del kirchnerista Fern\u00e1ndez en las primarias, un ensayo general de lo que se podr\u00e1 esperar el 27 de octubre. La depreciaci\u00f3n acelerada del peso dispar\u00f3 la inflaci\u00f3n de agosto hasta 4% (54,5% interanual) y las previsiones de septiembre ya cifran la subida de precios en alrededor de seis puntos.<\/p>\n<p>&nbsp;<\/p>\n<p>Este mi\u00e9rcoles, la oficina de estad\u00edsticas oficiales, el INDEC, determin\u00f3 que la canasta b\u00e1sica alimentaria, aquella que se define por el consumo m\u00ednimo de prote\u00ednas necesarias para una familia tipo, subi\u00f3 en agosto 3,8% con respecto a julio y 58,8% en t\u00e9rminos interanuales.<\/p>\n<p>&nbsp;<\/p>\n<p>El recrudecimiento de la crisis iniciado tras las primarias oblig\u00f3 a Macri a romper con la ortodoxia econ\u00f3mica, y en ese trance llegar\u00e1 a las urnas. Durante las \u00faltimas semanas, la Casa Rosada anunci\u00f3 negociaciones para refinanciar la deuda de 57.000 millones de d\u00f3lares contra\u00edda con el FMI y con los tenedores privados de bonos, congel\u00f3 el precio de los servicios p\u00fablicos y los combustibles, redujo impuestos a la clase media y reparti\u00f3 dinero extra entre los m\u00e1s pobres. La emergencia alimentaria cerr\u00f3 el c\u00edrculo, aunque al costo de entregar m\u00e1s recursos a los movimientos piqueteros que le son m\u00e1s refractarios.<\/p>\n<p>&nbsp;<\/p>\n<p>(PUBLICADO EL 20\/09\/2019<\/p>\n","protected":false},"excerpt":{"rendered":"<p>BUENOS AIRES, ARGENTINA. \u2014 Argentina est\u00e1, por ley, en emergencia alimentaria hasta 2022. El Senado&#8230;<\/p>\n","protected":false},"author":1,"featured_media":67441,"comment_status":"open","ping_status":"open","sticky":false,"template":"","format":"standard","meta":{"_monsterinsights_skip_tracking":false,"_monsterinsights_sitenote_active":false,"_monsterinsights_sitenote_note":"","_monsterinsights_sitenote_category":0,"footnotes":""},"categories":[5],"tags":[],"class_list":["post"],"yoast_head":" \n<title>Sonora en Equipo. El Congreso argentino prolonga emergencia alimentaria hasta 2022 Rep\u00fablica<\/title>\n<meta name=\"description\" content=\"BUENOS AIRES, ARGENTINA. \u2014 Argentina est\u00e1, por ley, en emergencia alimentaria hasta 2022. El Senado aprob\u00f3 con los votos del oficialismo y la oposici\u00f3n En Sonora en Equipo publicamos toda la informaci\u00f3n de Sonora, M\u00e9xico y el Mundo de manera oportuna y busca que la libertad de expresi\u00f3n sea real. Visita nuestro medio informativo publicado desde Hermosillo, Sonora. %\" \/>\n<meta name=\"robots\" content=\"index, follow, max-snippet:-1, max-image-preview:large, max-video-preview:-1\" \/>\n<link rel=\"canonical\" href=\"https:\/\/www.sonoraenequipo.com.mx\/el-congreso-argentino-declara-la-emergencia-alimentaria-hasta-2022\/\" \/>\n<meta property=\"og:locale\" content=\"es_ES\" \/>\n<meta property=\"og:type\" content=\"article\" \/>\n<meta property=\"og:title\" content=\"Sonora en Equipo. El Congreso argentino prolonga emergencia alimentaria hasta 2022 Rep\u00fablica\" \/>\n<meta property=\"og:description\" content=\"BUENOS AIRES, ARGENTINA. \u2014 Argentina est\u00e1, por ley, en emergencia alimentaria hasta 2022. El Senado aprob\u00f3 con los votos del oficialismo y la oposici\u00f3n En Sonora en Equipo publicamos toda la informaci\u00f3n de Sonora, M\u00e9xico y el Mundo de manera oportuna y busca que la libertad de expresi\u00f3n sea real. Visita nuestro medio informativo publicado desde Hermosillo, Sonora. %\" \/>\n<meta property=\"og:url\" content=\"https:\/\/www.sonoraenequipo.com.mx\/el-congreso-argentino-declara-la-emergencia-alimentaria-hasta-2022\/\" \/>\n<meta property=\"og:site_name\" content=\"Sonora en Equipo.\" \/>\n<meta property=\"article:publisher\" content=\"https:\/\/www.facebook.com\/SonoraEE\/\" \/>\n<meta property=\"article:author\" content=\"https:\/\/www.facebook.com\/SonoraEE\" \/>\n<meta property=\"article:published_time\" content=\"2019-09-20T19:10:21+00:00\" \/>\n<meta property=\"article:modified_time\" content=\"2019-09-21T00:23:29+00:00\" \/>\n<meta property=\"og:image\" content=\"https:\/\/www.sonoraenequipo.com.mx\/storage\/2019\/09\/argentina_opt.jpg\" \/>\n\t<meta property=\"og:image:width\" content=\"616\" \/>\n\t<meta property=\"og:image:height\" content=\"347\" \/>\n\t<meta property=\"og:image:type\" content=\"image\/jpeg\" \/>\n<meta name=\"author\" content=\"enequipo\" \/>\n<meta name=\"twitter:card\" content=\"summary_large_image\" \/>\n<meta name=\"twitter:creator\" content=\"@sonoraenequipo\" \/>\n<meta name=\"twitter:site\" content=\"@sonoraenequipo\" \/>\n<meta name=\"twitter:label1\" content=\"Escrito por\" \/>\n\t<meta name=\"twitter:data1\" content=\"enequipo\" \/>\n\t<meta name=\"twitter:label2\" content=\"Tiempo de lectura\" \/>\n\t<meta name=\"twitter:data2\" content=\"3 minutos\" \/>\n<script type=\"application\/ld+json\" class=\"yoast-schema-graph\">{\"@context\":\"https:\/\/schema.org\",\"@graph\":[{\"@type\":\"Article\",\"@id\":\"https:\/\/www.sonoraenequipo.com.mx\/el-congreso-argentino-declara-la-emergencia-alimentaria-hasta-2022\/#article\",\"isPartOf\":{\"@id\":\"https:\/\/www.sonoraenequipo.com.mx\/el-congreso-argentino-declara-la-emergencia-alimentaria-hasta-2022\/\"},\"author\":{\"name\":\"enequipo\",\"@id\":\"https:\/\/www.sonoraenequipo.com.mx\/#\/schema\/person\/50102df0fb23a8fa9e8effad8fa81386\"},\"headline\":\"El Congreso argentino prolonga emergencia alimentaria hasta 2022\",\"datePublished\":\"2019-09-20T19:10:21+00:00\",\"dateModified\":\"2019-09-21T00:23:29+00:00\",\"mainEntityOfPage\":{\"@id\":\"https:\/\/www.sonoraenequipo.com.mx\/el-congreso-argentino-declara-la-emergencia-alimentaria-hasta-2022\/\"},\"wordCount\":675,\"commentCount\":0,\"publisher\":{\"@id\":\"https:\/\/www.sonoraenequipo.com.mx\/#organization\"},\"image\":{\"@id\":\"https:\/\/www.sonoraenequipo.com.mx\/el-congreso-argentino-declara-la-emergencia-alimentaria-hasta-2022\/#primaryimage\"},\"thumbnailUrl\":\"https:\/\/www.sonoraenequipo.com.mx\/storage\/2019\/09\/argentina_opt.jpg\",\"articleSection\":[\"Rep\u00fablica\"],\"inLanguage\":\"es\",\"potentialAction\":[{\"@type\":\"CommentAction\",\"name\":\"Comment\",\"target\":[\"https:\/\/www.sonoraenequipo.com.mx\/el-congreso-argentino-declara-la-emergencia-alimentaria-hasta-2022\/#respond\"]}]},{\"@type\":\"WebPage\",\"@id\":\"https:\/\/www.sonoraenequipo.com.mx\/el-congreso-argentino-declara-la-emergencia-alimentaria-hasta-2022\/\",\"url\":\"https:\/\/www.sonoraenequipo.com.mx\/el-congreso-argentino-declara-la-emergencia-alimentaria-hasta-2022\/\",\"name\":\"Sonora en Equipo. El Congreso argentino prolonga emergencia alimentaria hasta 2022 Rep\u00fablica\",\"isPartOf\":{\"@id\":\"https:\/\/www.sonoraenequipo.com.mx\/#website\"},\"primaryImageOfPage\":{\"@id\":\"https:\/\/www.sonoraenequipo.com.mx\/el-congreso-argentino-declara-la-emergencia-alimentaria-hasta-2022\/#primaryimage\"},\"image\":{\"@id\":\"https:\/\/www.sonoraenequipo.com.mx\/el-congreso-argentino-declara-la-emergencia-alimentaria-hasta-2022\/#primaryimage\"},\"thumbnailUrl\":\"https:\/\/www.sonoraenequipo.com.mx\/storage\/2019\/09\/argentina_opt.jpg\",\"datePublished\":\"2019-09-20T19:10:21+00:00\",\"dateModified\":\"2019-09-21T00:23:29+00:00\",\"description\":\"BUENOS AIRES, ARGENTINA. \u2014 Argentina est\u00e1, por ley, en emergencia alimentaria hasta 2022. El Senado aprob\u00f3 con los votos del oficialismo y la oposici\u00f3n En Sonora en Equipo publicamos toda la informaci\u00f3n de Sonora, M\u00e9xico y el Mundo de manera oportuna y busca que la libertad de expresi\u00f3n sea real. Visita nuestro medio informativo publicado desde Hermosillo, Sonora. %\",\"breadcrumb\":{\"@id\":\"https:\/\/www.sonoraenequipo.com.mx\/el-congreso-argentino-declara-la-emergencia-alimentaria-hasta-2022\/#breadcrumb\"},\"inLanguage\":\"es\",\"potentialAction\":[{\"@type\":\"ReadAction\",\"target\":[\"https:\/\/www.sonoraenequipo.com.mx\/el-congreso-argentino-declara-la-emergencia-alimentaria-hasta-2022\/\"]}]},{\"@type\":\"ImageObject\",\"inLanguage\":\"es\",\"@id\":\"https:\/\/www.sonoraenequipo.com.mx\/el-congreso-argentino-declara-la-emergencia-alimentaria-hasta-2022\/#primaryimage\",\"url\":\"https:\/\/www.sonoraenequipo.com.mx\/storage\/2019\/09\/argentina_opt.jpg\",\"contentUrl\":\"https:\/\/www.sonoraenequipo.com.mx\/storage\/2019\/09\/argentina_opt.jpg\",\"width\":616,\"height\":347},{\"@type\":\"BreadcrumbList\",\"@id\":\"https:\/\/www.sonoraenequipo.com.mx\/el-congreso-argentino-declara-la-emergencia-alimentaria-hasta-2022\/#breadcrumb\",\"itemListElement\":[{\"@type\":\"ListItem\",\"position\":1,\"name\":\"Portada\",\"item\":\"https:\/\/www.sonoraenequipo.com.mx\/\"},{\"@type\":\"ListItem\",\"position\":2,\"name\":\"El Congreso argentino prolonga emergencia alimentaria hasta 2022\"}]},{\"@type\":\"WebSite\",\"@id\":\"https:\/\/www.sonoraenequipo.com.mx\/#website\",\"url\":\"https:\/\/www.sonoraenequipo.com.mx\/\",\"name\":\"Sonora en Equipo.\",\"description\":\"Diario en l\u00ednea con Noticias desde Hermosillo, Sonora\",\"publisher\":{\"@id\":\"https:\/\/www.sonoraenequipo.com.mx\/#organization\"},\"potentialAction\":[{\"@type\":\"SearchAction\",\"target\":{\"@type\":\"EntryPoint\",\"urlTemplate\":\"https:\/\/www.sonoraenequipo.com.mx\/?s={search_term_string}\"},\"query-input\":{\"@type\":\"PropertyValueSpecification\",\"valueRequired\":true,\"valueName\":\"search_term_string\"}}],\"inLanguage\":\"es\"},{\"@type\":\"Organization\",\"@id\":\"https:\/\/www.sonoraenequipo.com.mx\/#organization\",\"name\":\"Sonoraenequipo.com.mx\",\"url\":\"https:\/\/www.sonoraenequipo.com.mx\/\",\"logo\":{\"@type\":\"ImageObject\",\"inLanguage\":\"es\",\"@id\":\"https:\/\/www.sonoraenequipo.com.mx\/#\/schema\/logo\/image\/\",\"url\":\"https:\/\/www.sonoraenequipo.com.mx\/storage\/2019\/01\/sonoraenequipo_opt.png\",\"contentUrl\":\"https:\/\/www.sonoraenequipo.com.mx\/storage\/2019\/01\/sonoraenequipo_opt.png\",\"width\":375,\"height\":125,\"caption\":\"Sonoraenequipo.com.mx\"},\"image\":{\"@id\":\"https:\/\/www.sonoraenequipo.com.mx\/#\/schema\/logo\/image\/\"},\"sameAs\":[\"https:\/\/www.facebook.com\/SonoraEE\/\",\"https:\/\/x.com\/sonoraenequipo\",\"https:\/\/www.youtube.com\/channel\/UC338nW-lPEYmJQs4ZABQ1SQ\"]},{\"@type\":\"Person\",\"@id\":\"https:\/\/www.sonoraenequipo.com.mx\/#\/schema\/person\/50102df0fb23a8fa9e8effad8fa81386\",\"name\":\"enequipo\",\"image\":{\"@type\":\"ImageObject\",\"inLanguage\":\"es\",\"@id\":\"https:\/\/www.sonoraenequipo.com.mx\/#\/schema\/person\/image\/\",\"url\":\"https:\/\/secure.gravatar.com\/avatar\/049821681b589dabc0bc20695993ccebb09f5b5d4d790cd9251b97faac7c652b?s=96&d=blank&r=g\",\"contentUrl\":\"https:\/\/secure.gravatar.com\/avatar\/049821681b589dabc0bc20695993ccebb09f5b5d4d790cd9251b97faac7c652b?s=96&d=blank&r=g\",\"caption\":\"enequipo\"},\"sameAs\":[\"https:\/\/www.facebook.com\/SonoraEE\"]}]}<\/script>\n ","yoast_head_json":{"title":"Sonora en Equipo. El Congreso argentino prolonga emergencia alimentaria hasta 2022 Rep\u00fablica","description":"BUENOS AIRES, ARGENTINA. \u2014 Argentina est\u00e1, por ley, en emergencia alimentaria hasta 2022. El Senado aprob\u00f3 con los votos del oficialismo y la oposici\u00f3n En Sonora en Equipo publicamos toda la informaci\u00f3n de Sonora, M\u00e9xico y el Mundo de manera oportuna y busca que la libertad de expresi\u00f3n sea real. Visita nuestro medio informativo publicado desde Hermosillo, Sonora. %","robots":{"index":"index","follow":"follow","max-snippet":"max-snippet:-1","max-image-preview":"max-image-preview:large","max-video-preview":"max-video-preview:-1"},"canonical":"https:\/\/www.sonoraenequipo.com.mx\/el-congreso-argentino-declara-la-emergencia-alimentaria-hasta-2022\/","og_locale":"es_ES","og_type":"article","og_title":"Sonora en Equipo. El Congreso argentino prolonga emergencia alimentaria hasta 2022 Rep\u00fablica","og_description":"BUENOS AIRES, ARGENTINA. \u2014 Argentina est\u00e1, por ley, en emergencia alimentaria hasta 2022. El Senado aprob\u00f3 con los votos del oficialismo y la oposici\u00f3n En Sonora en Equipo publicamos toda la informaci\u00f3n de Sonora, M\u00e9xico y el Mundo de manera oportuna y busca que la libertad de expresi\u00f3n sea real. Visita nuestro medio informativo publicado desde Hermosillo, Sonora. %","og_url":"https:\/\/www.sonoraenequipo.com.mx\/el-congreso-argentino-declara-la-emergencia-alimentaria-hasta-2022\/","og_site_name":"Sonora en Equipo.","article_publisher":"https:\/\/www.facebook.com\/SonoraEE\/","article_author":"https:\/\/www.facebook.com\/SonoraEE","article_published_time":"2019-09-20T19:10:21+00:00","article_modified_time":"2019-09-21T00:23:29+00:00","og_image":[{"width":616,"height":347,"url":"https:\/\/www.sonoraenequipo.com.mx\/storage\/2019\/09\/argentina_opt.jpg","type":"image\/jpeg"}],"author":"enequipo","twitter_card":"summary_large_image","twitter_creator":"@sonoraenequipo","twitter_site":"@sonoraenequipo","twitter_misc":{"Escrito por":"enequipo","Tiempo de lectura":"3 minutos"},"schema":{"@context":"https:\/\/schema.org","@graph":[{"@type":"Article","@id":"https:\/\/www.sonoraenequipo.com.mx\/el-congreso-argentino-declara-la-emergencia-alimentaria-hasta-2022\/#article","isPartOf":{"@id":"https:\/\/www.sonoraenequipo.com.mx\/el-congreso-argentino-declara-la-emergencia-alimentaria-hasta-2022\/"},"author":{"name":"enequipo","@id":"https:\/\/www.sonoraenequipo.com.mx\/#\/schema\/person\/50102df0fb23a8fa9e8effad8fa81386"},"headline":"El Congreso argentino prolonga emergencia alimentaria hasta 2022","datePublished":"2019-09-20T19:10:21+00:00","dateModified":"2019-09-21T00:23:29+00:00","mainEntityOfPage":{"@id":"https:\/\/www.sonoraenequipo.com.mx\/el-congreso-argentino-declara-la-emergencia-alimentaria-hasta-2022\/"},"wordCount":675,"commentCount":0,"publisher":{"@id":"https:\/\/www.sonoraenequipo.com.mx\/#organization"},"image":{"@id":"https:\/\/www.sonoraenequipo.com.mx\/el-congreso-argentino-declara-la-emergencia-alimentaria-hasta-2022\/#primaryimage"},"thumbnailUrl":"https:\/\/www.sonoraenequipo.com.mx\/storage\/2019\/09\/argentina_opt.jpg","articleSection":["Rep\u00fablica"],"inLanguage":"es","potentialAction":[{"@type":"CommentAction","name":"Comment","target":["https:\/\/www.sonoraenequipo.com.mx\/el-congreso-argentino-declara-la-emergencia-alimentaria-hasta-2022\/#respond"]}]},{"@type":"WebPage","@id":"https:\/\/www.sonoraenequipo.com.mx\/el-congreso-argentino-declara-la-emergencia-alimentaria-hasta-2022\/","url":"https:\/\/www.sonoraenequipo.com.mx\/el-congreso-argentino-declara-la-emergencia-alimentaria-hasta-2022\/","name":"Sonora en Equipo. El Congreso argentino prolonga emergencia alimentaria hasta 2022 Rep\u00fablica","isPartOf":{"@id":"https:\/\/www.sonoraenequipo.com.mx\/#website"},"primaryImageOfPage":{"@id":"https:\/\/www.sonoraenequipo.com.mx\/el-congreso-argentino-declara-la-emergencia-alimentaria-hasta-2022\/#primaryimage"},"image":{"@id":"https:\/\/www.sonoraenequipo.com.mx\/el-congreso-argentino-declara-la-emergencia-alimentaria-hasta-2022\/#primaryimage"},"thumbnailUrl":"https:\/\/www.sonoraenequipo.com.mx\/storage\/2019\/09\/argentina_opt.jpg","datePublished":"2019-09-20T19:10:21+00:00","dateModified":"2019-09-21T00:23:29+00:00","description":"BUENOS AIRES, ARGENTINA. \u2014 Argentina est\u00e1, por ley, en emergencia alimentaria hasta 2022. El Senado aprob\u00f3 con los votos del oficialismo y la oposici\u00f3n En Sonora en Equipo publicamos toda la informaci\u00f3n de Sonora, M\u00e9xico y el Mundo de manera oportuna y busca que la libertad de expresi\u00f3n sea real. Visita nuestro medio informativo publicado desde Hermosillo, Sonora. %","breadcrumb":{"@id":"https:\/\/www.sonoraenequipo.com.mx\/el-congreso-argentino-declara-la-emergencia-alimentaria-hasta-2022\/#breadcrumb"},"inLanguage":"es","potentialAction":[{"@type":"ReadAction","target":["https:\/\/www.sonoraenequipo.com.mx\/el-congreso-argentino-declara-la-emergencia-alimentaria-hasta-2022\/"]}]},{"@type":"ImageObject","inLanguage":"es","@id":"https:\/\/www.sonoraenequipo.com.mx\/el-congreso-argentino-declara-la-emergencia-alimentaria-hasta-2022\/#primaryimage","url":"https:\/\/www.sonoraenequipo.com.mx\/storage\/2019\/09\/argentina_opt.jpg","contentUrl":"https:\/\/www.sonoraenequipo.com.mx\/storage\/2019\/09\/argentina_opt.jpg","width":616,"height":347},{"@type":"BreadcrumbList","@id":"https:\/\/www.sonoraenequipo.com.mx\/el-congreso-argentino-declara-la-emergencia-alimentaria-hasta-2022\/#breadcrumb","itemListElement":[{"@type":"ListItem","position":1,"name":"Portada","item":"https:\/\/www.sonoraenequipo.com.mx\/"},{"@type":"ListItem","position":2,"name":"El Congreso argentino prolonga emergencia alimentaria hasta 2022"}]},{"@type":"WebSite","@id":"https:\/\/www.sonoraenequipo.com.mx\/#website","url":"https:\/\/www.sonoraenequipo.com.mx\/","name":"Sonora en Equipo.","description":"Diario en l\u00ednea con Noticias desde Hermosillo, Sonora","publisher":{"@id":"https:\/\/www.sonoraenequipo.com.mx\/#organization"},"potentialAction":[{"@type":"SearchAction","target":{"@type":"EntryPoint","urlTemplate":"https:\/\/www.sonoraenequipo.com.mx\/?s={search_term_string}"},"query-input":{"@type":"PropertyValueSpecification","valueRequired":true,"valueName":"search_term_string"}}],"inLanguage":"es"},{"@type":"Organization","@id":"https:\/\/www.sonoraenequipo.com.mx\/#organization","name":"Sonoraenequipo.com.mx","url":"https:\/\/www.sonoraenequipo.com.mx\/","logo":{"@type":"ImageObject","inLanguage":"es","@id":"https:\/\/www.sonoraenequipo.com.mx\/#\/schema\/logo\/image\/","url":"https:\/\/www.sonoraenequipo.com.mx\/storage\/2019\/01\/sonoraenequipo_opt.png","contentUrl":"https:\/\/www.sonoraenequipo.com.mx\/storage\/2019\/01\/sonoraenequipo_opt.png","width":375,"height":125,"caption":"Sonoraenequipo.com.mx"},"image":{"@id":"https:\/\/www.sonoraenequipo.com.mx\/#\/schema\/logo\/image\/"},"sameAs":["https:\/\/www.facebook.com\/SonoraEE\/","https:\/\/x.com\/sonoraenequipo","https:\/\/www.youtube.com\/channel\/UC338nW-lPEYmJQs4ZABQ1SQ"]},{"@type":"Person","@id":"https:\/\/www.sonoraenequipo.com.mx\/#\/schema\/person\/50102df0fb23a8fa9e8effad8fa81386","name":"enequipo","image":{"@type":"ImageObject","inLanguage":"es","@id":"https:\/\/www.sonoraenequipo.com.mx\/#\/schema\/person\/image\/","url":"https:\/\/secure.gravatar.com\/avatar\/049821681b589dabc0bc20695993ccebb09f5b5d4d790cd9251b97faac7c652b?s=96&d=blank&r=g","contentUrl":"https:\/\/secure.gravatar.com\/avatar\/049821681b589dabc0bc20695993ccebb09f5b5d4d790cd9251b97faac7c652b?s=96&d=blank&r=g","caption":"enequipo"},"sameAs":["https:\/\/www.facebook.com\/SonoraEE"]}]}},"jetpack_featured_media_url":"https:\/\/www.sonoraenequipo.com.mx\/storage\/2019\/09\/argentina_opt.jpg","_links":{"self":[{"href":"https:\/\/www.sonoraenequipo.com.mx\/api\/wp\/v2\/posts\/67438","targetHints":{"allow":["GET"]}}],"collection":[{"href":"https:\/\/www.sonoraenequipo.com.mx\/api\/wp\/v2\/posts"}],"about":[{"href":"https:\/\/www.sonoraenequipo.com.mx\/api\/wp\/v2\/types\/post"}],"author":[{"embeddable":true,"href":"https:\/\/www.sonoraenequipo.com.mx\/api\/wp\/v2\/users\/1"}],"replies":[{"embeddable":true,"href":"https:\/\/www.sonoraenequipo.com.mx\/api\/wp\/v2\/comments?post=67438"}],"version-history":[{"count":0,"href":"https:\/\/www.sonoraenequipo.com.mx\/api\/wp\/v2\/posts\/67438\/revisions"}],"wp:featuredmedia":[{"embeddable":true,"href":"https:\/\/www.sonoraenequipo.com.mx\/api\/wp\/v2\/media\/67441"}],"wp:attachment":[{"href":"https:\/\/www.sonoraenequipo.com.mx\/api\/wp\/v2\/media?parent=67438"}],"wp:term":[{"taxonomy":"category","embeddable":true,"href":"https:\/\/www.sonoraenequipo.com.mx\/api\/wp\/v2\/categories?post=67438"},{"taxonomy":"post_tag","embeddable":true,"href":"https:\/\/www.sonoraenequipo.com.mx\/api\/wp\/v2\/tags?post=67438"}],"curies":[{"name":"wp","href":"https:\/\/api.w.org\/{rel}","templated":true}]}}