{"id":67444,"date":"2019-09-20T11:06:06","date_gmt":"2019-09-20T18:06:06","guid":{"rendered":"https:\/\/www.sonoraenequipo.com.mx\/?p=67444"},"modified":"2020-05-18T12:58:25","modified_gmt":"2020-05-18T19:58:25","slug":"por-mayoria-aprueba-congreso-de-la-union-en-lo-general-la-ley-general-de-educacion","status":"publish","type":"post","link":"https:\/\/www.sonoraenequipo.com.mx\/por-mayoria-aprueba-congreso-de-la-union-en-lo-general-la-ley-general-de-educacion\/","title":{"rendered":"Por mayor\u00eda aprueba Congreso de la Uni\u00f3n en lo general  la Ley General de Educaci\u00f3n"},"content":{"rendered":"<p>CIUDAD DE M\u00c9XICO. MX. \u2014 Al inicio de la sesi\u00f3n, las fracciones de oposici\u00f3n presentaron diversas mociones suspensivas que fueron rechazadas por la mayor\u00eda de Morena, ante lo cual decidieron tomar la tribuna para insistir en la suspensi\u00f3n del debate o en que se declare un receso. <\/p>\n<p>El coordinador de Morena, Mario Delgado, y su correligionario, Pablo G\u00f3mez, insist\u00edan en dar seguimiento a la sesi\u00f3n, en lo que los panistas calificaron como una presi\u00f3n a la presidenta de la Mesa Directiva, Laura Ang\u00e9lica Rojas Hern\u00e1ndez, porque si decretaba el receso, la mayor\u00eda amagaba con destituirla del cargo.<\/p>\n<p>Con base en el reglamento, Rojas Hern\u00e1ndez llam\u00f3 a un receso para dar tiempo al di\u00e1logo entre los coordinadores parlamentarios, que acordaron poner a votaci\u00f3n econ\u00f3mica la propuesta de posponer el debate y fue rechazada por Morena y sus aliados.<\/p>\n<p>Ley General de Educaci\u00f3n<\/p>\n<p>El dictamen se\u00f1ala que la nueva norma garantizar\u00e1 el derecho a la educaci\u00f3n, reconocido en el Art\u00edculo Tercero Constitucional, y en los tratados internacionales de los que el Estado mexicano sea parte, cuyo ejercicio es necesario para alcanzar el bienestar de las personas.<\/p>\n<p>Precisa que el Estado priorizar\u00e1 el inter\u00e9s superior de ni\u00f1as, ni\u00f1os, adolescentes y j\u00f3venes en el ejercicio de su derecho a la educaci\u00f3n, para lo cual garantizar\u00e1 el desarrollo de programas y pol\u00edticas p\u00fablicas que hagan efectivo ese principio Constitucional.<\/p>\n<p>El Estado fomentar\u00e1 la participaci\u00f3n activa de los estudiantes, madres y padres de familia o tutores, maestras y maestros, as\u00ed como de los distintos actores involucrados en el proceso educativo y, en general, de todo el Sistema Educativo Nacional.<\/p>\n<p>La presidenta de la Comisi\u00f3n de Educaci\u00f3n, Adela Pi\u00f1a Bernal, fundament\u00f3 el dictamen, al comentar que garantiza la educaci\u00f3n para los mexicanos desde la primera infancia, hasta la educaci\u00f3n superior.<\/p>\n<p>Acompa\u00f1ada por los gritos morenistas de \u201cya cay\u00f3, ya cay\u00f3, la reforma ya cay\u00f3\u201d, Pi\u00f1a Bernal asegur\u00f3 que el dictamen se elabor\u00f3 en la Comisi\u00f3n y atiende 11 propuestas del Partido Acci\u00f3n Nacional (PAN), cinco del PRI, dos perredistas, siete del Partido del Trabajo (PT) e igual n\u00famero de Encuentro Social y asever\u00f3 que \u201cha llegado el momento de continuar con el proceso de cambio del sistema educativo\u201d.<\/p>\n<p>El Pleno de la C\u00e1mara Baja aprob\u00f3 el dictamen con 288 votos a favor, 129 en contra y cero abstenciones.<\/p>\n<p>La mayor\u00eda de Morena y sus aliados del PT, Encuentro Social y el Partido Verde aprobaron en lo general la Ley General de Educaci\u00f3n, con lo que se abroga la de Infraestructura F\u00edsica Educativa (Inifed), en una prolongada sesi\u00f3n en la que la oposici\u00f3n forz\u00f3 un receso, en su af\u00e1n por posponer el debate en el pleno.<\/p>\n<p>Con 288 votos a favor y 129 en contra del PAN, Partido Revolucionario Institucional (PRI), PRD y Movimiento Ciudadano, se aprob\u00f3 el dictamen, aunque para la discusi\u00f3n en lo particular se presentaron unas 55 reservas a la primera de las tres leyes secundarias de la reforma educativa.<\/p>\n<p>Por la oposici\u00f3n, M\u00f3nica Bautista Rodr\u00edguez del Partido de la Revoluci\u00f3n Democr\u00e1tica (PRD), y Cynthia L\u00f3pez Castro, del PRI, aseveraron que con las leyes que se pretende aprobar reviven \u201clas peores pr\u00e1cticas del corporativismo educativo\u201d.<\/p>\n<p>Cuestionaron el derecho que se otorga para dar preferencia a los egresados de escuelas normales en el otorgamiento de plazas, lo cual, en opini\u00f3n de la pri\u00edsta, constituye \u201cel pago de favores pol\u00edticos y la construcci\u00f3n de clientelas\u201d.<\/p>\n<p>Por Morena, Jorge Luis Montes Nieves cuestion\u00f3 a la oposici\u00f3n por la toma de la tribuna; \u201cse ve\u00edan tan fi-finos y hoy sacaron el cobre\u201d, y dijo que no se cansan de descalificar al magisterio, mientras que \u201cnosotros los respetamos, los escuchamos\u201d.<\/p>\n<p>M\u00e1s adelante, ante los comentarios por la interrupci\u00f3n en la tribuna, el diputado Juan Carlos Villarreal Salazar, de Movimiento Ciudadano, asegur\u00f3 que, si se trat\u00f3 de una toma \u201cpedorra\u201d, tambi\u00e9n es \u201cpedorro el desperdicio que hacen de esa legitimidad que el pueblo les dio\u201d.<\/p>\n<p>Al inicio de la sesi\u00f3n, las fracciones de oposici\u00f3n presentaron diversas mociones suspensivas que fueron rechazadas por la mayor\u00eda de Morena, ante lo cual decidieron tomar la tribuna para insistir en la suspensi\u00f3n del debate o en que se declare un receso.<\/p>\n<p>Fecha de Publicaci\u00f3n 20\/09\/2019 (El Economista)<\/p>\n","protected":false},"excerpt":{"rendered":"<p>CIUDAD DE M\u00c9XICO. MX. \u2014 Al inicio de la sesi\u00f3n, las fracciones de oposici\u00f3n presentaron&#8230;<\/p>\n","protected":false},"author":1,"featured_media":67445,"comment_status":"open","ping_status":"open","sticky":false,"template":"","format":"standard","meta":{"_monsterinsights_skip_tracking":false,"_monsterinsights_sitenote_active":false,"_monsterinsights_sitenote_note":"","_monsterinsights_sitenote_category":0,"footnotes":""},"categories":[5],"tags":[3529],"class_list":["post"],"yoast_head":" \n<title>Sonora en Equipo. Por mayor\u00eda aprueba Congreso de la Uni\u00f3n en lo general la Ley General de Educaci\u00f3n<\/title>\n<meta name=\"description\" content=\"CIUDAD DE M\u00c9XICO. MX. \u2014 Al inicio de la sesi\u00f3n, las fracciones de oposici\u00f3n presentaron diversas mociones suspensivas que fueron rechazadas por la mayor\u00eda En Sonora en Equipo publicamos toda la informaci\u00f3n de Sonora, M\u00e9xico y el Mundo de manera oportuna y busca que la libertad de expresi\u00f3n sea real. Visita nuestro medio informativo publicado desde Hermosillo, Sonora. %\" \/>\n<meta name=\"robots\" content=\"index, follow, max-snippet:-1, max-image-preview:large, max-video-preview:-1\" \/>\n<link rel=\"canonical\" href=\"https:\/\/www.sonoraenequipo.com.mx\/por-mayoria-aprueba-congreso-de-la-union-en-lo-general-la-ley-general-de-educacion\/\" \/>\n<meta property=\"og:locale\" content=\"es_ES\" \/>\n<meta property=\"og:type\" content=\"article\" \/>\n<meta property=\"og:title\" content=\"Sonora en Equipo. Por mayor\u00eda aprueba Congreso de la Uni\u00f3n en lo general la Ley General de Educaci\u00f3n\" \/>\n<meta property=\"og:description\" content=\"CIUDAD DE M\u00c9XICO. MX. \u2014 Al inicio de la sesi\u00f3n, las fracciones de oposici\u00f3n presentaron diversas mociones suspensivas que fueron rechazadas por la mayor\u00eda En Sonora en Equipo publicamos toda la informaci\u00f3n de Sonora, M\u00e9xico y el Mundo de manera oportuna y busca que la libertad de expresi\u00f3n sea real. Visita nuestro medio informativo publicado desde Hermosillo, Sonora. %\" \/>\n<meta property=\"og:url\" content=\"https:\/\/www.sonoraenequipo.com.mx\/por-mayoria-aprueba-congreso-de-la-union-en-lo-general-la-ley-general-de-educacion\/\" \/>\n<meta property=\"og:site_name\" content=\"Sonora en Equipo.\" \/>\n<meta property=\"article:publisher\" content=\"https:\/\/www.facebook.com\/SonoraEE\/\" \/>\n<meta property=\"article:author\" content=\"https:\/\/www.facebook.com\/SonoraEE\" \/>\n<meta property=\"article:published_time\" content=\"2019-09-20T18:06:06+00:00\" \/>\n<meta property=\"article:modified_time\" content=\"2020-05-18T19:58:25+00:00\" \/>\n<meta property=\"og:image\" content=\"https:\/\/www.sonoraenequipo.com.mx\/storage\/2019\/09\/congreso-fed.jpg\" \/>\n\t<meta property=\"og:image:width\" content=\"600\" \/>\n\t<meta property=\"og:image:height\" content=\"337\" \/>\n\t<meta property=\"og:image:type\" content=\"image\/jpeg\" \/>\n<meta name=\"author\" content=\"enequipo\" \/>\n<meta name=\"twitter:card\" content=\"summary_large_image\" \/>\n<meta name=\"twitter:creator\" content=\"@sonoraenequipo\" \/>\n<meta name=\"twitter:site\" content=\"@sonoraenequipo\" \/>\n<meta name=\"twitter:label1\" content=\"Escrito por\" \/>\n\t<meta name=\"twitter:data1\" content=\"enequipo\" \/>\n\t<meta name=\"twitter:label2\" content=\"Tiempo de lectura\" \/>\n\t<meta name=\"twitter:data2\" content=\"4 minutos\" \/>\n<script type=\"application\/ld+json\" class=\"yoast-schema-graph\">{\"@context\":\"https:\/\/schema.org\",\"@graph\":[{\"@type\":\"Article\",\"@id\":\"https:\/\/www.sonoraenequipo.com.mx\/por-mayoria-aprueba-congreso-de-la-union-en-lo-general-la-ley-general-de-educacion\/#article\",\"isPartOf\":{\"@id\":\"https:\/\/www.sonoraenequipo.com.mx\/por-mayoria-aprueba-congreso-de-la-union-en-lo-general-la-ley-general-de-educacion\/\"},\"author\":{\"name\":\"enequipo\",\"@id\":\"https:\/\/www.sonoraenequipo.com.mx\/#\/schema\/person\/50102df0fb23a8fa9e8effad8fa81386\"},\"headline\":\"Por mayor\u00eda aprueba Congreso de la Uni\u00f3n en lo general la Ley General de Educaci\u00f3n\",\"datePublished\":\"2019-09-20T18:06:06+00:00\",\"dateModified\":\"2020-05-18T19:58:25+00:00\",\"mainEntityOfPage\":{\"@id\":\"https:\/\/www.sonoraenequipo.com.mx\/por-mayoria-aprueba-congreso-de-la-union-en-lo-general-la-ley-general-de-educacion\/\"},\"wordCount\":769,\"commentCount\":0,\"publisher\":{\"@id\":\"https:\/\/www.sonoraenequipo.com.mx\/#organization\"},\"image\":{\"@id\":\"https:\/\/www.sonoraenequipo.com.mx\/por-mayoria-aprueba-congreso-de-la-union-en-lo-general-la-ley-general-de-educacion\/#primaryimage\"},\"thumbnailUrl\":\"https:\/\/www.sonoraenequipo.com.mx\/storage\/2019\/09\/congreso-fed.jpg\",\"keywords\":[\"LEY DE EDUCACI\u00d3N\"],\"articleSection\":[\"Rep\u00fablica\"],\"inLanguage\":\"es\",\"potentialAction\":[{\"@type\":\"CommentAction\",\"name\":\"Comment\",\"target\":[\"https:\/\/www.sonoraenequipo.com.mx\/por-mayoria-aprueba-congreso-de-la-union-en-lo-general-la-ley-general-de-educacion\/#respond\"]}]},{\"@type\":\"WebPage\",\"@id\":\"https:\/\/www.sonoraenequipo.com.mx\/por-mayoria-aprueba-congreso-de-la-union-en-lo-general-la-ley-general-de-educacion\/\",\"url\":\"https:\/\/www.sonoraenequipo.com.mx\/por-mayoria-aprueba-congreso-de-la-union-en-lo-general-la-ley-general-de-educacion\/\",\"name\":\"Sonora en Equipo. Por mayor\u00eda aprueba Congreso de la Uni\u00f3n en lo general la Ley General de Educaci\u00f3n\",\"isPartOf\":{\"@id\":\"https:\/\/www.sonoraenequipo.com.mx\/#website\"},\"primaryImageOfPage\":{\"@id\":\"https:\/\/www.sonoraenequipo.com.mx\/por-mayoria-aprueba-congreso-de-la-union-en-lo-general-la-ley-general-de-educacion\/#primaryimage\"},\"image\":{\"@id\":\"https:\/\/www.sonoraenequipo.com.mx\/por-mayoria-aprueba-congreso-de-la-union-en-lo-general-la-ley-general-de-educacion\/#primaryimage\"},\"thumbnailUrl\":\"https:\/\/www.sonoraenequipo.com.mx\/storage\/2019\/09\/congreso-fed.jpg\",\"datePublished\":\"2019-09-20T18:06:06+00:00\",\"dateModified\":\"2020-05-18T19:58:25+00:00\",\"description\":\"CIUDAD DE M\u00c9XICO. MX. \u2014 Al inicio de la sesi\u00f3n, las fracciones de oposici\u00f3n presentaron diversas mociones suspensivas que fueron rechazadas por la mayor\u00eda En Sonora en Equipo publicamos toda la informaci\u00f3n de Sonora, M\u00e9xico y el Mundo de manera oportuna y busca que la libertad de expresi\u00f3n sea real. Visita nuestro medio informativo publicado desde Hermosillo, Sonora. %\",\"breadcrumb\":{\"@id\":\"https:\/\/www.sonoraenequipo.com.mx\/por-mayoria-aprueba-congreso-de-la-union-en-lo-general-la-ley-general-de-educacion\/#breadcrumb\"},\"inLanguage\":\"es\",\"potentialAction\":[{\"@type\":\"ReadAction\",\"target\":[\"https:\/\/www.sonoraenequipo.com.mx\/por-mayoria-aprueba-congreso-de-la-union-en-lo-general-la-ley-general-de-educacion\/\"]}]},{\"@type\":\"ImageObject\",\"inLanguage\":\"es\",\"@id\":\"https:\/\/www.sonoraenequipo.com.mx\/por-mayoria-aprueba-congreso-de-la-union-en-lo-general-la-ley-general-de-educacion\/#primaryimage\",\"url\":\"https:\/\/www.sonoraenequipo.com.mx\/storage\/2019\/09\/congreso-fed.jpg\",\"contentUrl\":\"https:\/\/www.sonoraenequipo.com.mx\/storage\/2019\/09\/congreso-fed.jpg\",\"width\":600,\"height\":337},{\"@type\":\"BreadcrumbList\",\"@id\":\"https:\/\/www.sonoraenequipo.com.mx\/por-mayoria-aprueba-congreso-de-la-union-en-lo-general-la-ley-general-de-educacion\/#breadcrumb\",\"itemListElement\":[{\"@type\":\"ListItem\",\"position\":1,\"name\":\"Portada\",\"item\":\"https:\/\/www.sonoraenequipo.com.mx\/\"},{\"@type\":\"ListItem\",\"position\":2,\"name\":\"Por mayor\u00eda aprueba Congreso de la Uni\u00f3n en lo general la Ley General de Educaci\u00f3n\"}]},{\"@type\":\"WebSite\",\"@id\":\"https:\/\/www.sonoraenequipo.com.mx\/#website\",\"url\":\"https:\/\/www.sonoraenequipo.com.mx\/\",\"name\":\"Sonora en Equipo.\",\"description\":\"Diario en l\u00ednea con Noticias desde Hermosillo, Sonora\",\"publisher\":{\"@id\":\"https:\/\/www.sonoraenequipo.com.mx\/#organization\"},\"potentialAction\":[{\"@type\":\"SearchAction\",\"target\":{\"@type\":\"EntryPoint\",\"urlTemplate\":\"https:\/\/www.sonoraenequipo.com.mx\/?s={search_term_string}\"},\"query-input\":{\"@type\":\"PropertyValueSpecification\",\"valueRequired\":true,\"valueName\":\"search_term_string\"}}],\"inLanguage\":\"es\"},{\"@type\":\"Organization\",\"@id\":\"https:\/\/www.sonoraenequipo.com.mx\/#organization\",\"name\":\"Sonoraenequipo.com.mx\",\"url\":\"https:\/\/www.sonoraenequipo.com.mx\/\",\"logo\":{\"@type\":\"ImageObject\",\"inLanguage\":\"es\",\"@id\":\"https:\/\/www.sonoraenequipo.com.mx\/#\/schema\/logo\/image\/\",\"url\":\"https:\/\/www.sonoraenequipo.com.mx\/storage\/2019\/01\/sonoraenequipo_opt.png\",\"contentUrl\":\"https:\/\/www.sonoraenequipo.com.mx\/storage\/2019\/01\/sonoraenequipo_opt.png\",\"width\":375,\"height\":125,\"caption\":\"Sonoraenequipo.com.mx\"},\"image\":{\"@id\":\"https:\/\/www.sonoraenequipo.com.mx\/#\/schema\/logo\/image\/\"},\"sameAs\":[\"https:\/\/www.facebook.com\/SonoraEE\/\",\"https:\/\/x.com\/sonoraenequipo\",\"https:\/\/www.youtube.com\/channel\/UC338nW-lPEYmJQs4ZABQ1SQ\"]},{\"@type\":\"Person\",\"@id\":\"https:\/\/www.sonoraenequipo.com.mx\/#\/schema\/person\/50102df0fb23a8fa9e8effad8fa81386\",\"name\":\"enequipo\",\"image\":{\"@type\":\"ImageObject\",\"inLanguage\":\"es\",\"@id\":\"https:\/\/www.sonoraenequipo.com.mx\/#\/schema\/person\/image\/\",\"url\":\"https:\/\/secure.gravatar.com\/avatar\/049821681b589dabc0bc20695993ccebb09f5b5d4d790cd9251b97faac7c652b?s=96&d=blank&r=g\",\"contentUrl\":\"https:\/\/secure.gravatar.com\/avatar\/049821681b589dabc0bc20695993ccebb09f5b5d4d790cd9251b97faac7c652b?s=96&d=blank&r=g\",\"caption\":\"enequipo\"},\"sameAs\":[\"https:\/\/www.facebook.com\/SonoraEE\"]}]}<\/script>\n ","yoast_head_json":{"title":"Sonora en Equipo. Por mayor\u00eda aprueba Congreso de la Uni\u00f3n en lo general la Ley General de Educaci\u00f3n","description":"CIUDAD DE M\u00c9XICO. MX. \u2014 Al inicio de la sesi\u00f3n, las fracciones de oposici\u00f3n presentaron diversas mociones suspensivas que fueron rechazadas por la mayor\u00eda En Sonora en Equipo publicamos toda la informaci\u00f3n de Sonora, M\u00e9xico y el Mundo de manera oportuna y busca que la libertad de expresi\u00f3n sea real. Visita nuestro medio informativo publicado desde Hermosillo, Sonora. %","robots":{"index":"index","follow":"follow","max-snippet":"max-snippet:-1","max-image-preview":"max-image-preview:large","max-video-preview":"max-video-preview:-1"},"canonical":"https:\/\/www.sonoraenequipo.com.mx\/por-mayoria-aprueba-congreso-de-la-union-en-lo-general-la-ley-general-de-educacion\/","og_locale":"es_ES","og_type":"article","og_title":"Sonora en Equipo. Por mayor\u00eda aprueba Congreso de la Uni\u00f3n en lo general la Ley General de Educaci\u00f3n","og_description":"CIUDAD DE M\u00c9XICO. MX. \u2014 Al inicio de la sesi\u00f3n, las fracciones de oposici\u00f3n presentaron diversas mociones suspensivas que fueron rechazadas por la mayor\u00eda En Sonora en Equipo publicamos toda la informaci\u00f3n de Sonora, M\u00e9xico y el Mundo de manera oportuna y busca que la libertad de expresi\u00f3n sea real. Visita nuestro medio informativo publicado desde Hermosillo, Sonora. %","og_url":"https:\/\/www.sonoraenequipo.com.mx\/por-mayoria-aprueba-congreso-de-la-union-en-lo-general-la-ley-general-de-educacion\/","og_site_name":"Sonora en Equipo.","article_publisher":"https:\/\/www.facebook.com\/SonoraEE\/","article_author":"https:\/\/www.facebook.com\/SonoraEE","article_published_time":"2019-09-20T18:06:06+00:00","article_modified_time":"2020-05-18T19:58:25+00:00","og_image":[{"width":600,"height":337,"url":"https:\/\/www.sonoraenequipo.com.mx\/storage\/2019\/09\/congreso-fed.jpg","type":"image\/jpeg"}],"author":"enequipo","twitter_card":"summary_large_image","twitter_creator":"@sonoraenequipo","twitter_site":"@sonoraenequipo","twitter_misc":{"Escrito por":"enequipo","Tiempo de lectura":"4 minutos"},"schema":{"@context":"https:\/\/schema.org","@graph":[{"@type":"Article","@id":"https:\/\/www.sonoraenequipo.com.mx\/por-mayoria-aprueba-congreso-de-la-union-en-lo-general-la-ley-general-de-educacion\/#article","isPartOf":{"@id":"https:\/\/www.sonoraenequipo.com.mx\/por-mayoria-aprueba-congreso-de-la-union-en-lo-general-la-ley-general-de-educacion\/"},"author":{"name":"enequipo","@id":"https:\/\/www.sonoraenequipo.com.mx\/#\/schema\/person\/50102df0fb23a8fa9e8effad8fa81386"},"headline":"Por mayor\u00eda aprueba Congreso de la Uni\u00f3n en lo general la Ley General de Educaci\u00f3n","datePublished":"2019-09-20T18:06:06+00:00","dateModified":"2020-05-18T19:58:25+00:00","mainEntityOfPage":{"@id":"https:\/\/www.sonoraenequipo.com.mx\/por-mayoria-aprueba-congreso-de-la-union-en-lo-general-la-ley-general-de-educacion\/"},"wordCount":769,"commentCount":0,"publisher":{"@id":"https:\/\/www.sonoraenequipo.com.mx\/#organization"},"image":{"@id":"https:\/\/www.sonoraenequipo.com.mx\/por-mayoria-aprueba-congreso-de-la-union-en-lo-general-la-ley-general-de-educacion\/#primaryimage"},"thumbnailUrl":"https:\/\/www.sonoraenequipo.com.mx\/storage\/2019\/09\/congreso-fed.jpg","keywords":["LEY DE EDUCACI\u00d3N"],"articleSection":["Rep\u00fablica"],"inLanguage":"es","potentialAction":[{"@type":"CommentAction","name":"Comment","target":["https:\/\/www.sonoraenequipo.com.mx\/por-mayoria-aprueba-congreso-de-la-union-en-lo-general-la-ley-general-de-educacion\/#respond"]}]},{"@type":"WebPage","@id":"https:\/\/www.sonoraenequipo.com.mx\/por-mayoria-aprueba-congreso-de-la-union-en-lo-general-la-ley-general-de-educacion\/","url":"https:\/\/www.sonoraenequipo.com.mx\/por-mayoria-aprueba-congreso-de-la-union-en-lo-general-la-ley-general-de-educacion\/","name":"Sonora en Equipo. Por mayor\u00eda aprueba Congreso de la Uni\u00f3n en lo general la Ley General de Educaci\u00f3n","isPartOf":{"@id":"https:\/\/www.sonoraenequipo.com.mx\/#website"},"primaryImageOfPage":{"@id":"https:\/\/www.sonoraenequipo.com.mx\/por-mayoria-aprueba-congreso-de-la-union-en-lo-general-la-ley-general-de-educacion\/#primaryimage"},"image":{"@id":"https:\/\/www.sonoraenequipo.com.mx\/por-mayoria-aprueba-congreso-de-la-union-en-lo-general-la-ley-general-de-educacion\/#primaryimage"},"thumbnailUrl":"https:\/\/www.sonoraenequipo.com.mx\/storage\/2019\/09\/congreso-fed.jpg","datePublished":"2019-09-20T18:06:06+00:00","dateModified":"2020-05-18T19:58:25+00:00","description":"CIUDAD DE M\u00c9XICO. MX. \u2014 Al inicio de la sesi\u00f3n, las fracciones de oposici\u00f3n presentaron diversas mociones suspensivas que fueron rechazadas por la mayor\u00eda En Sonora en Equipo publicamos toda la informaci\u00f3n de Sonora, M\u00e9xico y el Mundo de manera oportuna y busca que la libertad de expresi\u00f3n sea real. Visita nuestro medio informativo publicado desde Hermosillo, Sonora. %","breadcrumb":{"@id":"https:\/\/www.sonoraenequipo.com.mx\/por-mayoria-aprueba-congreso-de-la-union-en-lo-general-la-ley-general-de-educacion\/#breadcrumb"},"inLanguage":"es","potentialAction":[{"@type":"ReadAction","target":["https:\/\/www.sonoraenequipo.com.mx\/por-mayoria-aprueba-congreso-de-la-union-en-lo-general-la-ley-general-de-educacion\/"]}]},{"@type":"ImageObject","inLanguage":"es","@id":"https:\/\/www.sonoraenequipo.com.mx\/por-mayoria-aprueba-congreso-de-la-union-en-lo-general-la-ley-general-de-educacion\/#primaryimage","url":"https:\/\/www.sonoraenequipo.com.mx\/storage\/2019\/09\/congreso-fed.jpg","contentUrl":"https:\/\/www.sonoraenequipo.com.mx\/storage\/2019\/09\/congreso-fed.jpg","width":600,"height":337},{"@type":"BreadcrumbList","@id":"https:\/\/www.sonoraenequipo.com.mx\/por-mayoria-aprueba-congreso-de-la-union-en-lo-general-la-ley-general-de-educacion\/#breadcrumb","itemListElement":[{"@type":"ListItem","position":1,"name":"Portada","item":"https:\/\/www.sonoraenequipo.com.mx\/"},{"@type":"ListItem","position":2,"name":"Por mayor\u00eda aprueba Congreso de la Uni\u00f3n en lo general la Ley General de Educaci\u00f3n"}]},{"@type":"WebSite","@id":"https:\/\/www.sonoraenequipo.com.mx\/#website","url":"https:\/\/www.sonoraenequipo.com.mx\/","name":"Sonora en Equipo.","description":"Diario en l\u00ednea con Noticias desde Hermosillo, Sonora","publisher":{"@id":"https:\/\/www.sonoraenequipo.com.mx\/#organization"},"potentialAction":[{"@type":"SearchAction","target":{"@type":"EntryPoint","urlTemplate":"https:\/\/www.sonoraenequipo.com.mx\/?s={search_term_string}"},"query-input":{"@type":"PropertyValueSpecification","valueRequired":true,"valueName":"search_term_string"}}],"inLanguage":"es"},{"@type":"Organization","@id":"https:\/\/www.sonoraenequipo.com.mx\/#organization","name":"Sonoraenequipo.com.mx","url":"https:\/\/www.sonoraenequipo.com.mx\/","logo":{"@type":"ImageObject","inLanguage":"es","@id":"https:\/\/www.sonoraenequipo.com.mx\/#\/schema\/logo\/image\/","url":"https:\/\/www.sonoraenequipo.com.mx\/storage\/2019\/01\/sonoraenequipo_opt.png","contentUrl":"https:\/\/www.sonoraenequipo.com.mx\/storage\/2019\/01\/sonoraenequipo_opt.png","width":375,"height":125,"caption":"Sonoraenequipo.com.mx"},"image":{"@id":"https:\/\/www.sonoraenequipo.com.mx\/#\/schema\/logo\/image\/"},"sameAs":["https:\/\/www.facebook.com\/SonoraEE\/","https:\/\/x.com\/sonoraenequipo","https:\/\/www.youtube.com\/channel\/UC338nW-lPEYmJQs4ZABQ1SQ"]},{"@type":"Person","@id":"https:\/\/www.sonoraenequipo.com.mx\/#\/schema\/person\/50102df0fb23a8fa9e8effad8fa81386","name":"enequipo","image":{"@type":"ImageObject","inLanguage":"es","@id":"https:\/\/www.sonoraenequipo.com.mx\/#\/schema\/person\/image\/","url":"https:\/\/secure.gravatar.com\/avatar\/049821681b589dabc0bc20695993ccebb09f5b5d4d790cd9251b97faac7c652b?s=96&d=blank&r=g","contentUrl":"https:\/\/secure.gravatar.com\/avatar\/049821681b589dabc0bc20695993ccebb09f5b5d4d790cd9251b97faac7c652b?s=96&d=blank&r=g","caption":"enequipo"},"sameAs":["https:\/\/www.facebook.com\/SonoraEE"]}]}},"jetpack_featured_media_url":"https:\/\/www.sonoraenequipo.com.mx\/storage\/2019\/09\/congreso-fed.jpg","_links":{"self":[{"href":"https:\/\/www.sonoraenequipo.com.mx\/api\/wp\/v2\/posts\/67444","targetHints":{"allow":["GET"]}}],"collection":[{"href":"https:\/\/www.sonoraenequipo.com.mx\/api\/wp\/v2\/posts"}],"about":[{"href":"https:\/\/www.sonoraenequipo.com.mx\/api\/wp\/v2\/types\/post"}],"author":[{"embeddable":true,"href":"https:\/\/www.sonoraenequipo.com.mx\/api\/wp\/v2\/users\/1"}],"replies":[{"embeddable":true,"href":"https:\/\/www.sonoraenequipo.com.mx\/api\/wp\/v2\/comments?post=67444"}],"version-history":[{"count":0,"href":"https:\/\/www.sonoraenequipo.com.mx\/api\/wp\/v2\/posts\/67444\/revisions"}],"wp:featuredmedia":[{"embeddable":true,"href":"https:\/\/www.sonoraenequipo.com.mx\/api\/wp\/v2\/media\/67445"}],"wp:attachment":[{"href":"https:\/\/www.sonoraenequipo.com.mx\/api\/wp\/v2\/media?parent=67444"}],"wp:term":[{"taxonomy":"category","embeddable":true,"href":"https:\/\/www.sonoraenequipo.com.mx\/api\/wp\/v2\/categories?post=67444"},{"taxonomy":"post_tag","embeddable":true,"href":"https:\/\/www.sonoraenequipo.com.mx\/api\/wp\/v2\/tags?post=67444"}],"curies":[{"name":"wp","href":"https:\/\/api.w.org\/{rel}","templated":true}]}}