{"id":67450,"date":"2019-09-20T12:21:34","date_gmt":"2019-09-20T19:21:34","guid":{"rendered":"https:\/\/www.sonoraenequipo.com.mx\/?p=67450"},"modified":"2019-09-20T17:19:33","modified_gmt":"2019-09-21T00:19:33","slug":"67450-2","status":"publish","type":"post","link":"https:\/\/www.sonoraenequipo.com.mx\/67450-2\/","title":{"rendered":"Emiten Alerta Azul para el sur de  Sonora por hurac\u00e1n \u00abLorena\u00bb"},"content":{"rendered":"<p>HERMOSILLO, SONORA,MX.\u2500 De continuar con la trayectoria pronosticada, de acuerdo con la informaci\u00f3n actual, el \u00abOjo de Lorena\u00bb, como hurac\u00e1n categor\u00eda 1, a las 11 horas de este viernes podr\u00eda estar pasando a 50 km. al sureste de Cabo San Lucas, BCS., por lo que se emite Alerta Azul para el sur de Sonora, inform\u00f3 la Secretar\u00eda de Gobierno, a trav\u00e9s de la Coordinaci\u00f3n Estatal de Protecci\u00f3n Civil. <\/p>\n<p>De com\u00fan acuerdo entre la Coordinaci\u00f3n Nacional de Protecci\u00f3n Civil, la Comisi\u00f3n Nacional del Agua y el Gobierno del Estado, se emite una Alerta Azul para los municipios del sur de Sonora, principalmente: Empalme, Guaymas, Cajeme, San Ignacio R\u00edo Muerto, Benito Ju\u00e1rez, B\u00e1cum, \u00c1lamos, Navojoa, Etchojoa, Huatabampo, Quiriego y Rosario.<\/p>\n<p>Lo anterior, para que se inicie con las acciones recomendadas para la Alerta Azul en el Sistema de Alerta Temprana por Ciclones Tropicales que utilizan los tres \u00f3rdenes de gobierno para atender lo relativo a este tipo de meteoros.<\/p>\n<p>Alerta Azul: activar procedimientos internos de comunicaciones, mantener alto nivel de atenci\u00f3n a informaci\u00f3n oficial.<\/p>\n<p>\u0095 Notificaci\u00f3n a los integrantes del Sistema Nacional de Protecci\u00f3n Civil en los \u00e1mbitos federal, estatal y municipal.<\/p>\n<p>Seg\u00fan los pron\u00f3sticos del Servicio Meteorol\u00f3gico Nacional y del National Hurricane Center de E.U.A., se\u00f1alan que el hurac\u00e1n \u0093Lorena\u0094 se localizaba a las 5:00 horas como hurac\u00e1n de categor\u00eda 1, ubicado a 95 km. al Este de Cabo San Lucas, BCS., con vientos de 120 km.\/hr. y rachas de 150 km.\/hr., con desplazamiento hacia el Oeste-Noroeste a 15 km.\/hr.<\/p>\n<p>Fecha de Publicaci\u00f3n 20\/09\/2019<\/p>\n","protected":false},"excerpt":{"rendered":"<p>HERMOSILLO, SONORA,MX.\u2500 De continuar con la trayectoria pronosticada, de acuerdo con la informaci\u00f3n actual, el&#8230;<\/p>\n","protected":false},"author":1,"featured_media":67453,"comment_status":"open","ping_status":"open","sticky":false,"template":"","format":"standard","meta":{"_monsterinsights_skip_tracking":false,"_monsterinsights_sitenote_active":false,"_monsterinsights_sitenote_note":"","_monsterinsights_sitenote_category":0,"footnotes":""},"categories":[22],"tags":[29,3520],"class_list":["post"],"yoast_head":" \n<title>Sonora en Equipo. Emiten Alerta Azul para el sur de Sonora por hurac\u00e1n &quot;Lorena&quot; Sonora<\/title>\n<meta name=\"description\" content=\"HERMOSILLO, SONORA,MX.\u2500 De continuar con la trayectoria pronosticada, de acuerdo con la informaci\u00f3n actual, el &quot;Ojo de Lorena&quot;, como hurac\u00e1n categor\u00eda 1, En Sonora en Equipo publicamos toda la informaci\u00f3n de Sonora, M\u00e9xico y el Mundo de manera oportuna y busca que la libertad de expresi\u00f3n sea real. Visita nuestro medio informativo publicado desde Hermosillo, Sonora. %\" \/>\n<meta name=\"robots\" content=\"index, follow, max-snippet:-1, max-image-preview:large, max-video-preview:-1\" \/>\n<link rel=\"canonical\" href=\"https:\/\/www.sonoraenequipo.com.mx\/67450-2\/\" \/>\n<meta property=\"og:locale\" content=\"es_ES\" \/>\n<meta property=\"og:type\" content=\"article\" \/>\n<meta property=\"og:title\" content=\"Sonora en Equipo. Emiten Alerta Azul para el sur de Sonora por hurac\u00e1n &quot;Lorena&quot; Sonora\" \/>\n<meta property=\"og:description\" content=\"HERMOSILLO, SONORA,MX.\u2500 De continuar con la trayectoria pronosticada, de acuerdo con la informaci\u00f3n actual, el &quot;Ojo de Lorena&quot;, como hurac\u00e1n categor\u00eda 1, En Sonora en Equipo publicamos toda la informaci\u00f3n de Sonora, M\u00e9xico y el Mundo de manera oportuna y busca que la libertad de expresi\u00f3n sea real. Visita nuestro medio informativo publicado desde Hermosillo, Sonora. %\" \/>\n<meta property=\"og:url\" content=\"https:\/\/www.sonoraenequipo.com.mx\/67450-2\/\" \/>\n<meta property=\"og:site_name\" content=\"Sonora en Equipo.\" \/>\n<meta property=\"article:publisher\" content=\"https:\/\/www.facebook.com\/SonoraEE\/\" \/>\n<meta property=\"article:author\" content=\"https:\/\/www.facebook.com\/SonoraEE\" \/>\n<meta property=\"article:published_time\" content=\"2019-09-20T19:21:34+00:00\" \/>\n<meta property=\"article:modified_time\" content=\"2019-09-21T00:19:33+00:00\" \/>\n<meta property=\"og:image\" content=\"https:\/\/www.sonoraenequipo.com.mx\/storage\/2019\/09\/lorena-hur.jpg\" \/>\n\t<meta property=\"og:image:width\" content=\"600\" \/>\n\t<meta property=\"og:image:height\" content=\"380\" \/>\n\t<meta property=\"og:image:type\" content=\"image\/jpeg\" \/>\n<meta name=\"author\" content=\"enequipo\" \/>\n<meta name=\"twitter:card\" content=\"summary_large_image\" \/>\n<meta name=\"twitter:creator\" content=\"@sonoraenequipo\" \/>\n<meta name=\"twitter:site\" content=\"@sonoraenequipo\" \/>\n<meta name=\"twitter:label1\" content=\"Escrito por\" \/>\n\t<meta name=\"twitter:data1\" content=\"enequipo\" \/>\n\t<meta name=\"twitter:label2\" content=\"Tiempo de lectura\" \/>\n\t<meta name=\"twitter:data2\" content=\"1 minuto\" \/>\n<script type=\"application\/ld+json\" class=\"yoast-schema-graph\">{\"@context\":\"https:\/\/schema.org\",\"@graph\":[{\"@type\":\"Article\",\"@id\":\"https:\/\/www.sonoraenequipo.com.mx\/67450-2\/#article\",\"isPartOf\":{\"@id\":\"https:\/\/www.sonoraenequipo.com.mx\/67450-2\/\"},\"author\":{\"name\":\"enequipo\",\"@id\":\"https:\/\/www.sonoraenequipo.com.mx\/#\/schema\/person\/50102df0fb23a8fa9e8effad8fa81386\"},\"headline\":\"Emiten Alerta Azul para el sur de Sonora por hurac\u00e1n \u00abLorena\u00bb\",\"datePublished\":\"2019-09-20T19:21:34+00:00\",\"dateModified\":\"2019-09-21T00:19:33+00:00\",\"mainEntityOfPage\":{\"@id\":\"https:\/\/www.sonoraenequipo.com.mx\/67450-2\/\"},\"wordCount\":287,\"commentCount\":0,\"publisher\":{\"@id\":\"https:\/\/www.sonoraenequipo.com.mx\/#organization\"},\"image\":{\"@id\":\"https:\/\/www.sonoraenequipo.com.mx\/67450-2\/#primaryimage\"},\"thumbnailUrl\":\"https:\/\/www.sonoraenequipo.com.mx\/storage\/2019\/09\/lorena-hur.jpg\",\"keywords\":[\"huracan\",\"lorena\"],\"articleSection\":[\"Sonora\"],\"inLanguage\":\"es\",\"potentialAction\":[{\"@type\":\"CommentAction\",\"name\":\"Comment\",\"target\":[\"https:\/\/www.sonoraenequipo.com.mx\/67450-2\/#respond\"]}]},{\"@type\":\"WebPage\",\"@id\":\"https:\/\/www.sonoraenequipo.com.mx\/67450-2\/\",\"url\":\"https:\/\/www.sonoraenequipo.com.mx\/67450-2\/\",\"name\":\"Sonora en Equipo. Emiten Alerta Azul para el sur de Sonora por hurac\u00e1n \\\"Lorena\\\" Sonora\",\"isPartOf\":{\"@id\":\"https:\/\/www.sonoraenequipo.com.mx\/#website\"},\"primaryImageOfPage\":{\"@id\":\"https:\/\/www.sonoraenequipo.com.mx\/67450-2\/#primaryimage\"},\"image\":{\"@id\":\"https:\/\/www.sonoraenequipo.com.mx\/67450-2\/#primaryimage\"},\"thumbnailUrl\":\"https:\/\/www.sonoraenequipo.com.mx\/storage\/2019\/09\/lorena-hur.jpg\",\"datePublished\":\"2019-09-20T19:21:34+00:00\",\"dateModified\":\"2019-09-21T00:19:33+00:00\",\"description\":\"HERMOSILLO, SONORA,MX.\u2500 De continuar con la trayectoria pronosticada, de acuerdo con la informaci\u00f3n actual, el \\\"Ojo de Lorena\\\", como hurac\u00e1n categor\u00eda 1, En Sonora en Equipo publicamos toda la informaci\u00f3n de Sonora, M\u00e9xico y el Mundo de manera oportuna y busca que la libertad de expresi\u00f3n sea real. Visita nuestro medio informativo publicado desde Hermosillo, Sonora. %\",\"breadcrumb\":{\"@id\":\"https:\/\/www.sonoraenequipo.com.mx\/67450-2\/#breadcrumb\"},\"inLanguage\":\"es\",\"potentialAction\":[{\"@type\":\"ReadAction\",\"target\":[\"https:\/\/www.sonoraenequipo.com.mx\/67450-2\/\"]}]},{\"@type\":\"ImageObject\",\"inLanguage\":\"es\",\"@id\":\"https:\/\/www.sonoraenequipo.com.mx\/67450-2\/#primaryimage\",\"url\":\"https:\/\/www.sonoraenequipo.com.mx\/storage\/2019\/09\/lorena-hur.jpg\",\"contentUrl\":\"https:\/\/www.sonoraenequipo.com.mx\/storage\/2019\/09\/lorena-hur.jpg\",\"width\":600,\"height\":380},{\"@type\":\"BreadcrumbList\",\"@id\":\"https:\/\/www.sonoraenequipo.com.mx\/67450-2\/#breadcrumb\",\"itemListElement\":[{\"@type\":\"ListItem\",\"position\":1,\"name\":\"Portada\",\"item\":\"https:\/\/www.sonoraenequipo.com.mx\/\"},{\"@type\":\"ListItem\",\"position\":2,\"name\":\"Emiten Alerta Azul para el sur de Sonora por hurac\u00e1n \u00abLorena\u00bb\"}]},{\"@type\":\"WebSite\",\"@id\":\"https:\/\/www.sonoraenequipo.com.mx\/#website\",\"url\":\"https:\/\/www.sonoraenequipo.com.mx\/\",\"name\":\"Sonora en Equipo.\",\"description\":\"Diario en l\u00ednea con Noticias desde Hermosillo, Sonora\",\"publisher\":{\"@id\":\"https:\/\/www.sonoraenequipo.com.mx\/#organization\"},\"potentialAction\":[{\"@type\":\"SearchAction\",\"target\":{\"@type\":\"EntryPoint\",\"urlTemplate\":\"https:\/\/www.sonoraenequipo.com.mx\/?s={search_term_string}\"},\"query-input\":{\"@type\":\"PropertyValueSpecification\",\"valueRequired\":true,\"valueName\":\"search_term_string\"}}],\"inLanguage\":\"es\"},{\"@type\":\"Organization\",\"@id\":\"https:\/\/www.sonoraenequipo.com.mx\/#organization\",\"name\":\"Sonoraenequipo.com.mx\",\"url\":\"https:\/\/www.sonoraenequipo.com.mx\/\",\"logo\":{\"@type\":\"ImageObject\",\"inLanguage\":\"es\",\"@id\":\"https:\/\/www.sonoraenequipo.com.mx\/#\/schema\/logo\/image\/\",\"url\":\"https:\/\/www.sonoraenequipo.com.mx\/storage\/2019\/01\/sonoraenequipo_opt.png\",\"contentUrl\":\"https:\/\/www.sonoraenequipo.com.mx\/storage\/2019\/01\/sonoraenequipo_opt.png\",\"width\":375,\"height\":125,\"caption\":\"Sonoraenequipo.com.mx\"},\"image\":{\"@id\":\"https:\/\/www.sonoraenequipo.com.mx\/#\/schema\/logo\/image\/\"},\"sameAs\":[\"https:\/\/www.facebook.com\/SonoraEE\/\",\"https:\/\/x.com\/sonoraenequipo\",\"https:\/\/www.youtube.com\/channel\/UC338nW-lPEYmJQs4ZABQ1SQ\"]},{\"@type\":\"Person\",\"@id\":\"https:\/\/www.sonoraenequipo.com.mx\/#\/schema\/person\/50102df0fb23a8fa9e8effad8fa81386\",\"name\":\"enequipo\",\"image\":{\"@type\":\"ImageObject\",\"inLanguage\":\"es\",\"@id\":\"https:\/\/www.sonoraenequipo.com.mx\/#\/schema\/person\/image\/\",\"url\":\"https:\/\/secure.gravatar.com\/avatar\/049821681b589dabc0bc20695993ccebb09f5b5d4d790cd9251b97faac7c652b?s=96&d=blank&r=g\",\"contentUrl\":\"https:\/\/secure.gravatar.com\/avatar\/049821681b589dabc0bc20695993ccebb09f5b5d4d790cd9251b97faac7c652b?s=96&d=blank&r=g\",\"caption\":\"enequipo\"},\"sameAs\":[\"https:\/\/www.facebook.com\/SonoraEE\"]}]}<\/script>\n ","yoast_head_json":{"title":"Sonora en Equipo. Emiten Alerta Azul para el sur de Sonora por hurac\u00e1n \"Lorena\" Sonora","description":"HERMOSILLO, SONORA,MX.\u2500 De continuar con la trayectoria pronosticada, de acuerdo con la informaci\u00f3n actual, el \"Ojo de Lorena\", como hurac\u00e1n categor\u00eda 1, En Sonora en Equipo publicamos toda la informaci\u00f3n de Sonora, M\u00e9xico y el Mundo de manera oportuna y busca que la libertad de expresi\u00f3n sea real. Visita nuestro medio informativo publicado desde Hermosillo, Sonora. %","robots":{"index":"index","follow":"follow","max-snippet":"max-snippet:-1","max-image-preview":"max-image-preview:large","max-video-preview":"max-video-preview:-1"},"canonical":"https:\/\/www.sonoraenequipo.com.mx\/67450-2\/","og_locale":"es_ES","og_type":"article","og_title":"Sonora en Equipo. Emiten Alerta Azul para el sur de Sonora por hurac\u00e1n \"Lorena\" Sonora","og_description":"HERMOSILLO, SONORA,MX.\u2500 De continuar con la trayectoria pronosticada, de acuerdo con la informaci\u00f3n actual, el \"Ojo de Lorena\", como hurac\u00e1n categor\u00eda 1, En Sonora en Equipo publicamos toda la informaci\u00f3n de Sonora, M\u00e9xico y el Mundo de manera oportuna y busca que la libertad de expresi\u00f3n sea real. Visita nuestro medio informativo publicado desde Hermosillo, Sonora. %","og_url":"https:\/\/www.sonoraenequipo.com.mx\/67450-2\/","og_site_name":"Sonora en Equipo.","article_publisher":"https:\/\/www.facebook.com\/SonoraEE\/","article_author":"https:\/\/www.facebook.com\/SonoraEE","article_published_time":"2019-09-20T19:21:34+00:00","article_modified_time":"2019-09-21T00:19:33+00:00","og_image":[{"width":600,"height":380,"url":"https:\/\/www.sonoraenequipo.com.mx\/storage\/2019\/09\/lorena-hur.jpg","type":"image\/jpeg"}],"author":"enequipo","twitter_card":"summary_large_image","twitter_creator":"@sonoraenequipo","twitter_site":"@sonoraenequipo","twitter_misc":{"Escrito por":"enequipo","Tiempo de lectura":"1 minuto"},"schema":{"@context":"https:\/\/schema.org","@graph":[{"@type":"Article","@id":"https:\/\/www.sonoraenequipo.com.mx\/67450-2\/#article","isPartOf":{"@id":"https:\/\/www.sonoraenequipo.com.mx\/67450-2\/"},"author":{"name":"enequipo","@id":"https:\/\/www.sonoraenequipo.com.mx\/#\/schema\/person\/50102df0fb23a8fa9e8effad8fa81386"},"headline":"Emiten Alerta Azul para el sur de Sonora por hurac\u00e1n \u00abLorena\u00bb","datePublished":"2019-09-20T19:21:34+00:00","dateModified":"2019-09-21T00:19:33+00:00","mainEntityOfPage":{"@id":"https:\/\/www.sonoraenequipo.com.mx\/67450-2\/"},"wordCount":287,"commentCount":0,"publisher":{"@id":"https:\/\/www.sonoraenequipo.com.mx\/#organization"},"image":{"@id":"https:\/\/www.sonoraenequipo.com.mx\/67450-2\/#primaryimage"},"thumbnailUrl":"https:\/\/www.sonoraenequipo.com.mx\/storage\/2019\/09\/lorena-hur.jpg","keywords":["huracan","lorena"],"articleSection":["Sonora"],"inLanguage":"es","potentialAction":[{"@type":"CommentAction","name":"Comment","target":["https:\/\/www.sonoraenequipo.com.mx\/67450-2\/#respond"]}]},{"@type":"WebPage","@id":"https:\/\/www.sonoraenequipo.com.mx\/67450-2\/","url":"https:\/\/www.sonoraenequipo.com.mx\/67450-2\/","name":"Sonora en Equipo. Emiten Alerta Azul para el sur de Sonora por hurac\u00e1n \"Lorena\" Sonora","isPartOf":{"@id":"https:\/\/www.sonoraenequipo.com.mx\/#website"},"primaryImageOfPage":{"@id":"https:\/\/www.sonoraenequipo.com.mx\/67450-2\/#primaryimage"},"image":{"@id":"https:\/\/www.sonoraenequipo.com.mx\/67450-2\/#primaryimage"},"thumbnailUrl":"https:\/\/www.sonoraenequipo.com.mx\/storage\/2019\/09\/lorena-hur.jpg","datePublished":"2019-09-20T19:21:34+00:00","dateModified":"2019-09-21T00:19:33+00:00","description":"HERMOSILLO, SONORA,MX.\u2500 De continuar con la trayectoria pronosticada, de acuerdo con la informaci\u00f3n actual, el \"Ojo de Lorena\", como hurac\u00e1n categor\u00eda 1, En Sonora en Equipo publicamos toda la informaci\u00f3n de Sonora, M\u00e9xico y el Mundo de manera oportuna y busca que la libertad de expresi\u00f3n sea real. Visita nuestro medio informativo publicado desde Hermosillo, Sonora. %","breadcrumb":{"@id":"https:\/\/www.sonoraenequipo.com.mx\/67450-2\/#breadcrumb"},"inLanguage":"es","potentialAction":[{"@type":"ReadAction","target":["https:\/\/www.sonoraenequipo.com.mx\/67450-2\/"]}]},{"@type":"ImageObject","inLanguage":"es","@id":"https:\/\/www.sonoraenequipo.com.mx\/67450-2\/#primaryimage","url":"https:\/\/www.sonoraenequipo.com.mx\/storage\/2019\/09\/lorena-hur.jpg","contentUrl":"https:\/\/www.sonoraenequipo.com.mx\/storage\/2019\/09\/lorena-hur.jpg","width":600,"height":380},{"@type":"BreadcrumbList","@id":"https:\/\/www.sonoraenequipo.com.mx\/67450-2\/#breadcrumb","itemListElement":[{"@type":"ListItem","position":1,"name":"Portada","item":"https:\/\/www.sonoraenequipo.com.mx\/"},{"@type":"ListItem","position":2,"name":"Emiten Alerta Azul para el sur de Sonora por hurac\u00e1n \u00abLorena\u00bb"}]},{"@type":"WebSite","@id":"https:\/\/www.sonoraenequipo.com.mx\/#website","url":"https:\/\/www.sonoraenequipo.com.mx\/","name":"Sonora en Equipo.","description":"Diario en l\u00ednea con Noticias desde Hermosillo, Sonora","publisher":{"@id":"https:\/\/www.sonoraenequipo.com.mx\/#organization"},"potentialAction":[{"@type":"SearchAction","target":{"@type":"EntryPoint","urlTemplate":"https:\/\/www.sonoraenequipo.com.mx\/?s={search_term_string}"},"query-input":{"@type":"PropertyValueSpecification","valueRequired":true,"valueName":"search_term_string"}}],"inLanguage":"es"},{"@type":"Organization","@id":"https:\/\/www.sonoraenequipo.com.mx\/#organization","name":"Sonoraenequipo.com.mx","url":"https:\/\/www.sonoraenequipo.com.mx\/","logo":{"@type":"ImageObject","inLanguage":"es","@id":"https:\/\/www.sonoraenequipo.com.mx\/#\/schema\/logo\/image\/","url":"https:\/\/www.sonoraenequipo.com.mx\/storage\/2019\/01\/sonoraenequipo_opt.png","contentUrl":"https:\/\/www.sonoraenequipo.com.mx\/storage\/2019\/01\/sonoraenequipo_opt.png","width":375,"height":125,"caption":"Sonoraenequipo.com.mx"},"image":{"@id":"https:\/\/www.sonoraenequipo.com.mx\/#\/schema\/logo\/image\/"},"sameAs":["https:\/\/www.facebook.com\/SonoraEE\/","https:\/\/x.com\/sonoraenequipo","https:\/\/www.youtube.com\/channel\/UC338nW-lPEYmJQs4ZABQ1SQ"]},{"@type":"Person","@id":"https:\/\/www.sonoraenequipo.com.mx\/#\/schema\/person\/50102df0fb23a8fa9e8effad8fa81386","name":"enequipo","image":{"@type":"ImageObject","inLanguage":"es","@id":"https:\/\/www.sonoraenequipo.com.mx\/#\/schema\/person\/image\/","url":"https:\/\/secure.gravatar.com\/avatar\/049821681b589dabc0bc20695993ccebb09f5b5d4d790cd9251b97faac7c652b?s=96&d=blank&r=g","contentUrl":"https:\/\/secure.gravatar.com\/avatar\/049821681b589dabc0bc20695993ccebb09f5b5d4d790cd9251b97faac7c652b?s=96&d=blank&r=g","caption":"enequipo"},"sameAs":["https:\/\/www.facebook.com\/SonoraEE"]}]}},"jetpack_featured_media_url":"https:\/\/www.sonoraenequipo.com.mx\/storage\/2019\/09\/lorena-hur.jpg","_links":{"self":[{"href":"https:\/\/www.sonoraenequipo.com.mx\/api\/wp\/v2\/posts\/67450","targetHints":{"allow":["GET"]}}],"collection":[{"href":"https:\/\/www.sonoraenequipo.com.mx\/api\/wp\/v2\/posts"}],"about":[{"href":"https:\/\/www.sonoraenequipo.com.mx\/api\/wp\/v2\/types\/post"}],"author":[{"embeddable":true,"href":"https:\/\/www.sonoraenequipo.com.mx\/api\/wp\/v2\/users\/1"}],"replies":[{"embeddable":true,"href":"https:\/\/www.sonoraenequipo.com.mx\/api\/wp\/v2\/comments?post=67450"}],"version-history":[{"count":0,"href":"https:\/\/www.sonoraenequipo.com.mx\/api\/wp\/v2\/posts\/67450\/revisions"}],"wp:featuredmedia":[{"embeddable":true,"href":"https:\/\/www.sonoraenequipo.com.mx\/api\/wp\/v2\/media\/67453"}],"wp:attachment":[{"href":"https:\/\/www.sonoraenequipo.com.mx\/api\/wp\/v2\/media?parent=67450"}],"wp:term":[{"taxonomy":"category","embeddable":true,"href":"https:\/\/www.sonoraenequipo.com.mx\/api\/wp\/v2\/categories?post=67450"},{"taxonomy":"post_tag","embeddable":true,"href":"https:\/\/www.sonoraenequipo.com.mx\/api\/wp\/v2\/tags?post=67450"}],"curies":[{"name":"wp","href":"https:\/\/api.w.org\/{rel}","templated":true}]}}