{"id":67475,"date":"2019-09-20T22:39:51","date_gmt":"2019-09-21T05:39:51","guid":{"rendered":"https:\/\/www.sonoraenequipo.com.mx\/?p=67475"},"modified":"2019-09-20T17:58:48","modified_gmt":"2019-09-21T00:58:48","slug":"flexitarianismo-la-dieta-que-salvara-el-mundo-y-te-hara-vivir-mas-anos","status":"publish","type":"post","link":"https:\/\/www.sonoraenequipo.com.mx\/flexitarianismo-la-dieta-que-salvara-el-mundo-y-te-hara-vivir-mas-anos\/","title":{"rendered":"Flexitarianismo: la dieta que salvar\u00e1 el mundo&#8230; y te har\u00e1 vivir m\u00e1s a\u00f1os"},"content":{"rendered":"<p>Si eres de los que vive septiembre como un mes para hacer borr\u00f3n y cuenta nueva, es muy probable que ahora mismo est\u00e9s inmerso en un mar de prop\u00f3sitos para lograr convertirte en una mejor versi\u00f3n de ti mismo. En esa larga lista que manejas, comer mejor es, casi seguro, uno de los primeros \u00edtems. El cl\u00e1sico h\u00e1bito que, a\u00f1o tras a\u00f1o, te propones mejorar y, luego, no tardas en abandonar.<\/p>\n<p>&nbsp;<\/p>\n<p> <\/p>\n<p>&nbsp;<\/p>\n<p>Pero no te desanimes. Este a\u00f1o te damos otra raz\u00f3n para que te mantengas firme en tu intenci\u00f3n. Cada vez que tu voluntad flaquee, piensa en que no s\u00f3lo tu salud depende de la dieta que elijas. Tambi\u00e9n la del planeta est\u00e1 en juego.<\/p>\n<p>&nbsp;<\/p>\n<p>Lo est\u00e1n advirtiendo los m\u00e1ximos expertos en todo el mundo: tanto el bienestar de la poblaci\u00f3n como la sostenibilidad del mundo en el que vivimos pasan, irremediablemente, por un cambio en el modo en que consumimos -y producimos- los alimentos. Y eso, al menos para los habitantes del primer mundo, supone reducir dr\u00e1sticamente la ingesta de carne y aumentar exponencialmente la de frutas, verduras y legumbres.<\/p>\n<p>&nbsp;<\/p>\n<p>La llaman dieta flexitariana, en alusi\u00f3n a un patr\u00f3n de alimentaci\u00f3n b\u00e1sicamente vegetariano en el que la carne tiene cabida de forma ocasional. Y es muy distinta a la que hoy en d\u00eda llevan la mayor\u00eda de espa\u00f1oles, aunque est\u00e1 ganando adeptos.<\/p>\n<p>&nbsp;<\/p>\n<p>Seg\u00fan datos de la consultora Lantern, en 2017 un 6,3% de la poblaci\u00f3n se declar\u00f3 flexitariana, un porcentaje que unido al 1,3% de vegetarianos y al 0,2% de veganos cifran en m\u00e1s de tres millones y medio la tendencia veggie en Espa\u00f1a.<\/p>\n<p>&nbsp;<\/p>\n<p>Necesitamos mantener la producci\u00f3n de alimentos dentro de unos l\u00edmites que disminuyan el riesgo de cambios potencialmente catastr\u00f3ficos en el sistema terrestre<\/p>\n<p>&nbsp;<\/p>\n<p>A principios de este a\u00f1o, la Comisi\u00f3n EAT-Lancet, que re\u00fane a 37 cient\u00edficos punteros de 16 pa\u00edses, dibuj\u00f3 un plan global con algunas de las medidas concretas que hacen falta para que, en 2050, el planeta pueda alimentar, sin morir en el intento, a los casi 10.000 millones de personas que se esperan.<\/p>\n<p>&nbsp;<\/p>\n<p>Entre otras iniciativas, el panel se\u00f1al\u00f3 la necesidad de una transformaci\u00f3n que duplique la ingesta de \u00abalimentos saludables como frutas, verduras, legumbres, nueces y semillas\u00bb y reduzca en m\u00e1s del 50% de media el consumo de alimentos menos saludables, como la carne roja.<\/p>\n<p>&nbsp;<\/p>\n<p>Seg\u00fan sus consejos, debemos cambiar nuestros platos para que la fruta y la verdura ocupen al menos la mitad del espacio, que nuestra fuente de prote\u00ednas principal sea vegetal -a trav\u00e9s, por ejemplo, de legumbres como las lentejas o las alubias- y el pescado, la carne y los productos l\u00e1cteos se consuman ocasionalmente y en cantidades moderadas.<\/p>\n<p>&nbsp;<\/p>\n<p>Estas medidas no s\u00f3lo permitir\u00edan <em>\u00abprevenir aproximadamente 11 millones de muertes por a\u00f1o, lo que representa entre el 19% y el 24% del total de fallecimientos en adultos\u00bb<\/em>, se\u00f1al\u00f3 la comisi\u00f3n, sino tambi\u00e9n mantener la producci\u00f3n de alimentos dentro de unos l\u00edmites que disminuyan el riesgo de<em> \u00abcambios irreversibles y potencialmente catastr\u00f3ficos en el sistema terrestre\u00bb<\/em><\/p>\n<p>&nbsp;<\/p>\n<p>(PUBLICADO EL 20\/09\/2019<\/p>\n","protected":false},"excerpt":{"rendered":"<p>Si eres de los que vive septiembre como un mes para hacer borr\u00f3n y cuenta&#8230;<\/p>\n","protected":false},"author":1,"featured_media":67482,"comment_status":"open","ping_status":"open","sticky":false,"template":"","format":"standard","meta":{"_monsterinsights_skip_tracking":false,"_monsterinsights_sitenote_active":false,"_monsterinsights_sitenote_note":"","_monsterinsights_sitenote_category":0,"footnotes":""},"categories":[12],"tags":[],"class_list":["post"],"yoast_head":" \n<title>Sonora en Equipo. Flexitarianismo: la dieta que salvar\u00e1 el mundo... y te har\u00e1 vivir m\u00e1s a\u00f1os Especiales<\/title>\n<meta name=\"description\" content=\"Si eres de los que vive septiembre como un mes para hacer borr\u00f3n y cuenta nueva, es muy probable que ahora mismo est\u00e9s inmerso en un mar de prop\u00f3sitos En Sonora en Equipo publicamos toda la informaci\u00f3n de Sonora, M\u00e9xico y el Mundo de manera oportuna y busca que la libertad de expresi\u00f3n sea real. Visita nuestro medio informativo publicado desde Hermosillo, Sonora. %\" \/>\n<meta name=\"robots\" content=\"index, follow, max-snippet:-1, max-image-preview:large, max-video-preview:-1\" \/>\n<link rel=\"canonical\" href=\"https:\/\/www.sonoraenequipo.com.mx\/flexitarianismo-la-dieta-que-salvara-el-mundo-y-te-hara-vivir-mas-anos\/\" \/>\n<meta property=\"og:locale\" content=\"es_ES\" \/>\n<meta property=\"og:type\" content=\"article\" \/>\n<meta property=\"og:title\" content=\"Sonora en Equipo. Flexitarianismo: la dieta que salvar\u00e1 el mundo... y te har\u00e1 vivir m\u00e1s a\u00f1os Especiales\" \/>\n<meta property=\"og:description\" content=\"Si eres de los que vive septiembre como un mes para hacer borr\u00f3n y cuenta nueva, es muy probable que ahora mismo est\u00e9s inmerso en un mar de prop\u00f3sitos En Sonora en Equipo publicamos toda la informaci\u00f3n de Sonora, M\u00e9xico y el Mundo de manera oportuna y busca que la libertad de expresi\u00f3n sea real. Visita nuestro medio informativo publicado desde Hermosillo, Sonora. %\" \/>\n<meta property=\"og:url\" content=\"https:\/\/www.sonoraenequipo.com.mx\/flexitarianismo-la-dieta-que-salvara-el-mundo-y-te-hara-vivir-mas-anos\/\" \/>\n<meta property=\"og:site_name\" content=\"Sonora en Equipo.\" \/>\n<meta property=\"article:publisher\" content=\"https:\/\/www.facebook.com\/SonoraEE\/\" \/>\n<meta property=\"article:author\" content=\"https:\/\/www.facebook.com\/SonoraEE\" \/>\n<meta property=\"article:published_time\" content=\"2019-09-21T05:39:51+00:00\" \/>\n<meta property=\"og:image\" content=\"https:\/\/www.sonoraenequipo.com.mx\/storage\/2019\/09\/flexitarianismo_opt-1.jpg\" \/>\n\t<meta property=\"og:image:width\" content=\"651\" \/>\n\t<meta property=\"og:image:height\" content=\"400\" \/>\n\t<meta property=\"og:image:type\" content=\"image\/jpeg\" \/>\n<meta name=\"author\" content=\"enequipo\" \/>\n<meta name=\"twitter:card\" content=\"summary_large_image\" \/>\n<meta name=\"twitter:creator\" content=\"@sonoraenequipo\" \/>\n<meta name=\"twitter:site\" content=\"@sonoraenequipo\" \/>\n<meta name=\"twitter:label1\" content=\"Escrito por\" \/>\n\t<meta name=\"twitter:data1\" content=\"enequipo\" \/>\n\t<meta name=\"twitter:label2\" content=\"Tiempo de lectura\" \/>\n\t<meta name=\"twitter:data2\" content=\"3 minutos\" \/>\n<script type=\"application\/ld+json\" class=\"yoast-schema-graph\">{\"@context\":\"https:\/\/schema.org\",\"@graph\":[{\"@type\":\"Article\",\"@id\":\"https:\/\/www.sonoraenequipo.com.mx\/flexitarianismo-la-dieta-que-salvara-el-mundo-y-te-hara-vivir-mas-anos\/#article\",\"isPartOf\":{\"@id\":\"https:\/\/www.sonoraenequipo.com.mx\/flexitarianismo-la-dieta-que-salvara-el-mundo-y-te-hara-vivir-mas-anos\/\"},\"author\":{\"name\":\"enequipo\",\"@id\":\"https:\/\/www.sonoraenequipo.com.mx\/#\/schema\/person\/50102df0fb23a8fa9e8effad8fa81386\"},\"headline\":\"Flexitarianismo: la dieta que salvar\u00e1 el mundo&#8230; y te har\u00e1 vivir m\u00e1s a\u00f1os\",\"datePublished\":\"2019-09-21T05:39:51+00:00\",\"mainEntityOfPage\":{\"@id\":\"https:\/\/www.sonoraenequipo.com.mx\/flexitarianismo-la-dieta-que-salvara-el-mundo-y-te-hara-vivir-mas-anos\/\"},\"wordCount\":564,\"commentCount\":0,\"publisher\":{\"@id\":\"https:\/\/www.sonoraenequipo.com.mx\/#organization\"},\"image\":{\"@id\":\"https:\/\/www.sonoraenequipo.com.mx\/flexitarianismo-la-dieta-que-salvara-el-mundo-y-te-hara-vivir-mas-anos\/#primaryimage\"},\"thumbnailUrl\":\"https:\/\/www.sonoraenequipo.com.mx\/storage\/2019\/09\/flexitarianismo_opt-1.jpg\",\"articleSection\":[\"Especiales\"],\"inLanguage\":\"es\",\"potentialAction\":[{\"@type\":\"CommentAction\",\"name\":\"Comment\",\"target\":[\"https:\/\/www.sonoraenequipo.com.mx\/flexitarianismo-la-dieta-que-salvara-el-mundo-y-te-hara-vivir-mas-anos\/#respond\"]}]},{\"@type\":\"WebPage\",\"@id\":\"https:\/\/www.sonoraenequipo.com.mx\/flexitarianismo-la-dieta-que-salvara-el-mundo-y-te-hara-vivir-mas-anos\/\",\"url\":\"https:\/\/www.sonoraenequipo.com.mx\/flexitarianismo-la-dieta-que-salvara-el-mundo-y-te-hara-vivir-mas-anos\/\",\"name\":\"Sonora en Equipo. Flexitarianismo: la dieta que salvar\u00e1 el mundo... y te har\u00e1 vivir m\u00e1s a\u00f1os Especiales\",\"isPartOf\":{\"@id\":\"https:\/\/www.sonoraenequipo.com.mx\/#website\"},\"primaryImageOfPage\":{\"@id\":\"https:\/\/www.sonoraenequipo.com.mx\/flexitarianismo-la-dieta-que-salvara-el-mundo-y-te-hara-vivir-mas-anos\/#primaryimage\"},\"image\":{\"@id\":\"https:\/\/www.sonoraenequipo.com.mx\/flexitarianismo-la-dieta-que-salvara-el-mundo-y-te-hara-vivir-mas-anos\/#primaryimage\"},\"thumbnailUrl\":\"https:\/\/www.sonoraenequipo.com.mx\/storage\/2019\/09\/flexitarianismo_opt-1.jpg\",\"datePublished\":\"2019-09-21T05:39:51+00:00\",\"description\":\"Si eres de los que vive septiembre como un mes para hacer borr\u00f3n y cuenta nueva, es muy probable que ahora mismo est\u00e9s inmerso en un mar de prop\u00f3sitos En Sonora en Equipo publicamos toda la informaci\u00f3n de Sonora, M\u00e9xico y el Mundo de manera oportuna y busca que la libertad de expresi\u00f3n sea real. Visita nuestro medio informativo publicado desde Hermosillo, Sonora. %\",\"breadcrumb\":{\"@id\":\"https:\/\/www.sonoraenequipo.com.mx\/flexitarianismo-la-dieta-que-salvara-el-mundo-y-te-hara-vivir-mas-anos\/#breadcrumb\"},\"inLanguage\":\"es\",\"potentialAction\":[{\"@type\":\"ReadAction\",\"target\":[\"https:\/\/www.sonoraenequipo.com.mx\/flexitarianismo-la-dieta-que-salvara-el-mundo-y-te-hara-vivir-mas-anos\/\"]}]},{\"@type\":\"ImageObject\",\"inLanguage\":\"es\",\"@id\":\"https:\/\/www.sonoraenequipo.com.mx\/flexitarianismo-la-dieta-que-salvara-el-mundo-y-te-hara-vivir-mas-anos\/#primaryimage\",\"url\":\"https:\/\/www.sonoraenequipo.com.mx\/storage\/2019\/09\/flexitarianismo_opt-1.jpg\",\"contentUrl\":\"https:\/\/www.sonoraenequipo.com.mx\/storage\/2019\/09\/flexitarianismo_opt-1.jpg\",\"width\":651,\"height\":400},{\"@type\":\"BreadcrumbList\",\"@id\":\"https:\/\/www.sonoraenequipo.com.mx\/flexitarianismo-la-dieta-que-salvara-el-mundo-y-te-hara-vivir-mas-anos\/#breadcrumb\",\"itemListElement\":[{\"@type\":\"ListItem\",\"position\":1,\"name\":\"Portada\",\"item\":\"https:\/\/www.sonoraenequipo.com.mx\/\"},{\"@type\":\"ListItem\",\"position\":2,\"name\":\"Flexitarianismo: la dieta que salvar\u00e1 el mundo&#8230; y te har\u00e1 vivir m\u00e1s a\u00f1os\"}]},{\"@type\":\"WebSite\",\"@id\":\"https:\/\/www.sonoraenequipo.com.mx\/#website\",\"url\":\"https:\/\/www.sonoraenequipo.com.mx\/\",\"name\":\"Sonora en Equipo.\",\"description\":\"Diario en l\u00ednea con Noticias desde Hermosillo, Sonora\",\"publisher\":{\"@id\":\"https:\/\/www.sonoraenequipo.com.mx\/#organization\"},\"potentialAction\":[{\"@type\":\"SearchAction\",\"target\":{\"@type\":\"EntryPoint\",\"urlTemplate\":\"https:\/\/www.sonoraenequipo.com.mx\/?s={search_term_string}\"},\"query-input\":{\"@type\":\"PropertyValueSpecification\",\"valueRequired\":true,\"valueName\":\"search_term_string\"}}],\"inLanguage\":\"es\"},{\"@type\":\"Organization\",\"@id\":\"https:\/\/www.sonoraenequipo.com.mx\/#organization\",\"name\":\"Sonoraenequipo.com.mx\",\"url\":\"https:\/\/www.sonoraenequipo.com.mx\/\",\"logo\":{\"@type\":\"ImageObject\",\"inLanguage\":\"es\",\"@id\":\"https:\/\/www.sonoraenequipo.com.mx\/#\/schema\/logo\/image\/\",\"url\":\"https:\/\/www.sonoraenequipo.com.mx\/storage\/2019\/01\/sonoraenequipo_opt.png\",\"contentUrl\":\"https:\/\/www.sonoraenequipo.com.mx\/storage\/2019\/01\/sonoraenequipo_opt.png\",\"width\":375,\"height\":125,\"caption\":\"Sonoraenequipo.com.mx\"},\"image\":{\"@id\":\"https:\/\/www.sonoraenequipo.com.mx\/#\/schema\/logo\/image\/\"},\"sameAs\":[\"https:\/\/www.facebook.com\/SonoraEE\/\",\"https:\/\/x.com\/sonoraenequipo\",\"https:\/\/www.youtube.com\/channel\/UC338nW-lPEYmJQs4ZABQ1SQ\"]},{\"@type\":\"Person\",\"@id\":\"https:\/\/www.sonoraenequipo.com.mx\/#\/schema\/person\/50102df0fb23a8fa9e8effad8fa81386\",\"name\":\"enequipo\",\"image\":{\"@type\":\"ImageObject\",\"inLanguage\":\"es\",\"@id\":\"https:\/\/www.sonoraenequipo.com.mx\/#\/schema\/person\/image\/\",\"url\":\"https:\/\/secure.gravatar.com\/avatar\/049821681b589dabc0bc20695993ccebb09f5b5d4d790cd9251b97faac7c652b?s=96&d=blank&r=g\",\"contentUrl\":\"https:\/\/secure.gravatar.com\/avatar\/049821681b589dabc0bc20695993ccebb09f5b5d4d790cd9251b97faac7c652b?s=96&d=blank&r=g\",\"caption\":\"enequipo\"},\"sameAs\":[\"https:\/\/www.facebook.com\/SonoraEE\"]}]}<\/script>\n ","yoast_head_json":{"title":"Sonora en Equipo. Flexitarianismo: la dieta que salvar\u00e1 el mundo... y te har\u00e1 vivir m\u00e1s a\u00f1os Especiales","description":"Si eres de los que vive septiembre como un mes para hacer borr\u00f3n y cuenta nueva, es muy probable que ahora mismo est\u00e9s inmerso en un mar de prop\u00f3sitos En Sonora en Equipo publicamos toda la informaci\u00f3n de Sonora, M\u00e9xico y el Mundo de manera oportuna y busca que la libertad de expresi\u00f3n sea real. Visita nuestro medio informativo publicado desde Hermosillo, Sonora. %","robots":{"index":"index","follow":"follow","max-snippet":"max-snippet:-1","max-image-preview":"max-image-preview:large","max-video-preview":"max-video-preview:-1"},"canonical":"https:\/\/www.sonoraenequipo.com.mx\/flexitarianismo-la-dieta-que-salvara-el-mundo-y-te-hara-vivir-mas-anos\/","og_locale":"es_ES","og_type":"article","og_title":"Sonora en Equipo. Flexitarianismo: la dieta que salvar\u00e1 el mundo... y te har\u00e1 vivir m\u00e1s a\u00f1os Especiales","og_description":"Si eres de los que vive septiembre como un mes para hacer borr\u00f3n y cuenta nueva, es muy probable que ahora mismo est\u00e9s inmerso en un mar de prop\u00f3sitos En Sonora en Equipo publicamos toda la informaci\u00f3n de Sonora, M\u00e9xico y el Mundo de manera oportuna y busca que la libertad de expresi\u00f3n sea real. Visita nuestro medio informativo publicado desde Hermosillo, Sonora. %","og_url":"https:\/\/www.sonoraenequipo.com.mx\/flexitarianismo-la-dieta-que-salvara-el-mundo-y-te-hara-vivir-mas-anos\/","og_site_name":"Sonora en Equipo.","article_publisher":"https:\/\/www.facebook.com\/SonoraEE\/","article_author":"https:\/\/www.facebook.com\/SonoraEE","article_published_time":"2019-09-21T05:39:51+00:00","og_image":[{"width":651,"height":400,"url":"https:\/\/www.sonoraenequipo.com.mx\/storage\/2019\/09\/flexitarianismo_opt-1.jpg","type":"image\/jpeg"}],"author":"enequipo","twitter_card":"summary_large_image","twitter_creator":"@sonoraenequipo","twitter_site":"@sonoraenequipo","twitter_misc":{"Escrito por":"enequipo","Tiempo de lectura":"3 minutos"},"schema":{"@context":"https:\/\/schema.org","@graph":[{"@type":"Article","@id":"https:\/\/www.sonoraenequipo.com.mx\/flexitarianismo-la-dieta-que-salvara-el-mundo-y-te-hara-vivir-mas-anos\/#article","isPartOf":{"@id":"https:\/\/www.sonoraenequipo.com.mx\/flexitarianismo-la-dieta-que-salvara-el-mundo-y-te-hara-vivir-mas-anos\/"},"author":{"name":"enequipo","@id":"https:\/\/www.sonoraenequipo.com.mx\/#\/schema\/person\/50102df0fb23a8fa9e8effad8fa81386"},"headline":"Flexitarianismo: la dieta que salvar\u00e1 el mundo&#8230; y te har\u00e1 vivir m\u00e1s a\u00f1os","datePublished":"2019-09-21T05:39:51+00:00","mainEntityOfPage":{"@id":"https:\/\/www.sonoraenequipo.com.mx\/flexitarianismo-la-dieta-que-salvara-el-mundo-y-te-hara-vivir-mas-anos\/"},"wordCount":564,"commentCount":0,"publisher":{"@id":"https:\/\/www.sonoraenequipo.com.mx\/#organization"},"image":{"@id":"https:\/\/www.sonoraenequipo.com.mx\/flexitarianismo-la-dieta-que-salvara-el-mundo-y-te-hara-vivir-mas-anos\/#primaryimage"},"thumbnailUrl":"https:\/\/www.sonoraenequipo.com.mx\/storage\/2019\/09\/flexitarianismo_opt-1.jpg","articleSection":["Especiales"],"inLanguage":"es","potentialAction":[{"@type":"CommentAction","name":"Comment","target":["https:\/\/www.sonoraenequipo.com.mx\/flexitarianismo-la-dieta-que-salvara-el-mundo-y-te-hara-vivir-mas-anos\/#respond"]}]},{"@type":"WebPage","@id":"https:\/\/www.sonoraenequipo.com.mx\/flexitarianismo-la-dieta-que-salvara-el-mundo-y-te-hara-vivir-mas-anos\/","url":"https:\/\/www.sonoraenequipo.com.mx\/flexitarianismo-la-dieta-que-salvara-el-mundo-y-te-hara-vivir-mas-anos\/","name":"Sonora en Equipo. Flexitarianismo: la dieta que salvar\u00e1 el mundo... y te har\u00e1 vivir m\u00e1s a\u00f1os Especiales","isPartOf":{"@id":"https:\/\/www.sonoraenequipo.com.mx\/#website"},"primaryImageOfPage":{"@id":"https:\/\/www.sonoraenequipo.com.mx\/flexitarianismo-la-dieta-que-salvara-el-mundo-y-te-hara-vivir-mas-anos\/#primaryimage"},"image":{"@id":"https:\/\/www.sonoraenequipo.com.mx\/flexitarianismo-la-dieta-que-salvara-el-mundo-y-te-hara-vivir-mas-anos\/#primaryimage"},"thumbnailUrl":"https:\/\/www.sonoraenequipo.com.mx\/storage\/2019\/09\/flexitarianismo_opt-1.jpg","datePublished":"2019-09-21T05:39:51+00:00","description":"Si eres de los que vive septiembre como un mes para hacer borr\u00f3n y cuenta nueva, es muy probable que ahora mismo est\u00e9s inmerso en un mar de prop\u00f3sitos En Sonora en Equipo publicamos toda la informaci\u00f3n de Sonora, M\u00e9xico y el Mundo de manera oportuna y busca que la libertad de expresi\u00f3n sea real. Visita nuestro medio informativo publicado desde Hermosillo, Sonora. %","breadcrumb":{"@id":"https:\/\/www.sonoraenequipo.com.mx\/flexitarianismo-la-dieta-que-salvara-el-mundo-y-te-hara-vivir-mas-anos\/#breadcrumb"},"inLanguage":"es","potentialAction":[{"@type":"ReadAction","target":["https:\/\/www.sonoraenequipo.com.mx\/flexitarianismo-la-dieta-que-salvara-el-mundo-y-te-hara-vivir-mas-anos\/"]}]},{"@type":"ImageObject","inLanguage":"es","@id":"https:\/\/www.sonoraenequipo.com.mx\/flexitarianismo-la-dieta-que-salvara-el-mundo-y-te-hara-vivir-mas-anos\/#primaryimage","url":"https:\/\/www.sonoraenequipo.com.mx\/storage\/2019\/09\/flexitarianismo_opt-1.jpg","contentUrl":"https:\/\/www.sonoraenequipo.com.mx\/storage\/2019\/09\/flexitarianismo_opt-1.jpg","width":651,"height":400},{"@type":"BreadcrumbList","@id":"https:\/\/www.sonoraenequipo.com.mx\/flexitarianismo-la-dieta-que-salvara-el-mundo-y-te-hara-vivir-mas-anos\/#breadcrumb","itemListElement":[{"@type":"ListItem","position":1,"name":"Portada","item":"https:\/\/www.sonoraenequipo.com.mx\/"},{"@type":"ListItem","position":2,"name":"Flexitarianismo: la dieta que salvar\u00e1 el mundo&#8230; y te har\u00e1 vivir m\u00e1s a\u00f1os"}]},{"@type":"WebSite","@id":"https:\/\/www.sonoraenequipo.com.mx\/#website","url":"https:\/\/www.sonoraenequipo.com.mx\/","name":"Sonora en Equipo.","description":"Diario en l\u00ednea con Noticias desde Hermosillo, Sonora","publisher":{"@id":"https:\/\/www.sonoraenequipo.com.mx\/#organization"},"potentialAction":[{"@type":"SearchAction","target":{"@type":"EntryPoint","urlTemplate":"https:\/\/www.sonoraenequipo.com.mx\/?s={search_term_string}"},"query-input":{"@type":"PropertyValueSpecification","valueRequired":true,"valueName":"search_term_string"}}],"inLanguage":"es"},{"@type":"Organization","@id":"https:\/\/www.sonoraenequipo.com.mx\/#organization","name":"Sonoraenequipo.com.mx","url":"https:\/\/www.sonoraenequipo.com.mx\/","logo":{"@type":"ImageObject","inLanguage":"es","@id":"https:\/\/www.sonoraenequipo.com.mx\/#\/schema\/logo\/image\/","url":"https:\/\/www.sonoraenequipo.com.mx\/storage\/2019\/01\/sonoraenequipo_opt.png","contentUrl":"https:\/\/www.sonoraenequipo.com.mx\/storage\/2019\/01\/sonoraenequipo_opt.png","width":375,"height":125,"caption":"Sonoraenequipo.com.mx"},"image":{"@id":"https:\/\/www.sonoraenequipo.com.mx\/#\/schema\/logo\/image\/"},"sameAs":["https:\/\/www.facebook.com\/SonoraEE\/","https:\/\/x.com\/sonoraenequipo","https:\/\/www.youtube.com\/channel\/UC338nW-lPEYmJQs4ZABQ1SQ"]},{"@type":"Person","@id":"https:\/\/www.sonoraenequipo.com.mx\/#\/schema\/person\/50102df0fb23a8fa9e8effad8fa81386","name":"enequipo","image":{"@type":"ImageObject","inLanguage":"es","@id":"https:\/\/www.sonoraenequipo.com.mx\/#\/schema\/person\/image\/","url":"https:\/\/secure.gravatar.com\/avatar\/049821681b589dabc0bc20695993ccebb09f5b5d4d790cd9251b97faac7c652b?s=96&d=blank&r=g","contentUrl":"https:\/\/secure.gravatar.com\/avatar\/049821681b589dabc0bc20695993ccebb09f5b5d4d790cd9251b97faac7c652b?s=96&d=blank&r=g","caption":"enequipo"},"sameAs":["https:\/\/www.facebook.com\/SonoraEE"]}]}},"jetpack_featured_media_url":"https:\/\/www.sonoraenequipo.com.mx\/storage\/2019\/09\/flexitarianismo_opt-1.jpg","_links":{"self":[{"href":"https:\/\/www.sonoraenequipo.com.mx\/api\/wp\/v2\/posts\/67475","targetHints":{"allow":["GET"]}}],"collection":[{"href":"https:\/\/www.sonoraenequipo.com.mx\/api\/wp\/v2\/posts"}],"about":[{"href":"https:\/\/www.sonoraenequipo.com.mx\/api\/wp\/v2\/types\/post"}],"author":[{"embeddable":true,"href":"https:\/\/www.sonoraenequipo.com.mx\/api\/wp\/v2\/users\/1"}],"replies":[{"embeddable":true,"href":"https:\/\/www.sonoraenequipo.com.mx\/api\/wp\/v2\/comments?post=67475"}],"version-history":[{"count":0,"href":"https:\/\/www.sonoraenequipo.com.mx\/api\/wp\/v2\/posts\/67475\/revisions"}],"wp:featuredmedia":[{"embeddable":true,"href":"https:\/\/www.sonoraenequipo.com.mx\/api\/wp\/v2\/media\/67482"}],"wp:attachment":[{"href":"https:\/\/www.sonoraenequipo.com.mx\/api\/wp\/v2\/media?parent=67475"}],"wp:term":[{"taxonomy":"category","embeddable":true,"href":"https:\/\/www.sonoraenequipo.com.mx\/api\/wp\/v2\/categories?post=67475"},{"taxonomy":"post_tag","embeddable":true,"href":"https:\/\/www.sonoraenequipo.com.mx\/api\/wp\/v2\/tags?post=67475"}],"curies":[{"name":"wp","href":"https:\/\/api.w.org\/{rel}","templated":true}]}}