{"id":67478,"date":"2019-09-20T16:47:36","date_gmt":"2019-09-20T23:47:36","guid":{"rendered":"https:\/\/www.sonoraenequipo.com.mx\/?p=67478"},"modified":"2019-09-20T18:03:43","modified_gmt":"2019-09-21T01:03:43","slug":"reconoce-gobernadora-a-municipios-como-tesoros-de-sonora","status":"publish","type":"post","link":"https:\/\/www.sonoraenequipo.com.mx\/reconoce-gobernadora-a-municipios-como-tesoros-de-sonora\/","title":{"rendered":"Reconoce Gobernadora a municipios como \u201cTesoros de Sonora\u201d"},"content":{"rendered":"<p>HERMOSILLO, SONORA. MX. \u2014 Por su riqueza hist\u00f3rica y para incentivar y reconocer a los municipios y comunidades que explotan su potencial tur\u00edstico en la entidad, la gobernadora Claudia Pavlovich Arellano encabez\u00f3 la entrega del galard\u00f3n \u201cTesoros de Sonora\u201d a Ures, Ban\u00e1michi, Caborca, C\u00f3corit y San Carlos.<\/p>\n<p>&nbsp;<\/p>\n<p> <\/p>\n<p>&nbsp;<\/p>\n<p>El Gobierno del Estado, a trav\u00e9s de la Comisi\u00f3n de Fomento al Turismo del Estado de Sonora (Cofetur) y la Secretar\u00eda de Econom\u00eda, lanz\u00f3 este programa ante la suspensi\u00f3n del programa federal Pueblos M\u00e1gicos y la necesidad de recompensar a las comunidades que trabajan diariamente para dar a conocer sus bellezas tur\u00edsticas y culturales, precis\u00f3 la gobernadora Pavlovich.<\/p>\n<p>&nbsp;<\/p>\n<p>En esta primera edici\u00f3n, la selecci\u00f3n se hizo a trav\u00e9s de un Comit\u00e9 de Evaluaci\u00f3n y Selecci\u00f3n de Tesoros de Sonora, integrando por expertos en el tema del turismo, destac\u00f3 la mandataria estatal, acompa\u00f1ada de Jorge Vidal Ahumada, secretario de Econom\u00eda y Luis N\u00fa\u00f1ez Noriega, titular de Cofetur.<\/p>\n<p>&nbsp;<\/p>\n<p><em>\u201cNos dimos a la tarea de decir, si esto a nivel federal termin\u00f3, tenemos que hacerlo a nivel local\u2019, porque hay que incentivar a nuestras localidades y a nuestros municipios a que sientan el orgullo de lo que tienen, de que tienen un gran patrimonio, que son lugares muy bonitos para que visiten\u201d<\/em>, asegur\u00f3.<\/p>\n<p>&nbsp;<\/p>\n<p>Adem\u00e1s del reconocimiento por parte del Gobierno del Estado, como \u201cTesoros de Sonora\u201d, detall\u00f3 la gobernadora Pavlovich, las localidades y municipios seleccionados recibieron recursos para embellecer su centro hist\u00f3rico, hacer adecuaciones en su plaza principal, pintar, remozar y realizar trabajos adicionales que les permitan potenciar la oferta tur\u00edstica de esa localidad.<\/p>\n<p>&nbsp;<\/p>\n<p><em>\u201cVan a tener su apoyo para que embellezcan sus plazas, sus lugares, para que embellezcan sus municipios, y que este programa va a continuar el a\u00f1o que entra, estoy muy orgullosa de que ustedes sean Tesoros de Sonora\u201d<\/em>, resalt\u00f3.<\/p>\n<p>&nbsp;<\/p>\n<p>Por su entrega y trabajo para elegir a los galardonados como \u00abTesoros de Sonora\u00bb, la titular del Ejecutivo Estatal reconoci\u00f3 a los integrantes de los comit\u00e9s de Evaluaci\u00f3n y Selecci\u00f3n de Tesoros de Sonora de Ures, Ban\u00e1michi, Caborca, C\u00f3corit y San Carlos.<\/p>\n<p>&nbsp;<\/p>\n<p>Alejandro Molina Salazar, alcalde de Ban\u00e1michi, agradeci\u00f3 a la gobernadora Pavlovich el apoyo a los municipios con este programa, y su gran compromiso de poner a Sonora siempre en la mira de los turistas nacionales e internacionales.<\/p>\n<p>&nbsp;<\/p>\n<p>\u201cAgradecemos y reconocemos los esfuerzos que hace nuestra gobernadora Claudia Pavlovich Arellano para que Sonora sea un estado que destaque cada vez m\u00e1s, no s\u00f3lo a nivel nacional, sino que atraiga la atenci\u00f3n del \u00e1mbito internacional\u201d, enfatiz\u00f3.<\/p>\n<p>&nbsp;<\/p>\n<p>Sergio Pablo Mariscal Alvarado, alcalde de Cajeme, se\u00f1al\u00f3 que es de vital importancia que comunidades como C\u00f3corit que han trabajado mucho por ser considerados Pueblos M\u00e1gicos, sean reconocidos por el Gobierno del Estado y reciban recursos para seguir promoviendo el turismo en Sonora.<\/p>\n<p>&nbsp;<\/p>\n<p>\u201cEs una excelente iniciativa, debemos hacerlo m\u00e1s frecuentemente, darnos la oportunidad los sonorenses de reconocernos lo que tenemos, con la finalidad de que en general la gente que no es de Sonora, los ojos de orbe, las comunidades internacionales volteen a vernos con m\u00e1s confianza\u201d, dijo.<\/p>\n<p>&nbsp;<\/p>\n<p>Presentes: H\u00e9ctor Gast\u00f3n Rodr\u00edguez Galindo, alcalde de Ures; Mar\u00eda Concepci\u00f3n Mart\u00ednez Palacios, s\u00edndico municipal de Caborca; Yadira Cota Lugo, directora de Desarrollo Econ\u00f3mico y Tur\u00edstico del Ayuntamiento de Guaymas.<\/p>\n<p>&nbsp;<\/p>\n<p>(PUBLICADO EL 20\/09\/2019<\/p>\n","protected":false},"excerpt":{"rendered":"<p>HERMOSILLO, SONORA. MX. \u2014 Por su riqueza hist\u00f3rica y para incentivar y reconocer a los&#8230;<\/p>\n","protected":false},"author":1,"featured_media":67479,"comment_status":"open","ping_status":"open","sticky":false,"template":"","format":"standard","meta":{"_monsterinsights_skip_tracking":false,"_monsterinsights_sitenote_active":false,"_monsterinsights_sitenote_note":"","_monsterinsights_sitenote_category":0,"footnotes":""},"categories":[22],"tags":[],"class_list":["post"],"yoast_head":" \n<title>Sonora en Equipo. Reconoce Gobernadora a municipios como \u201cTesoros de Sonora\u201d Sonora<\/title>\n<meta name=\"description\" content=\"HERMOSILLO, SONORA. MX. \u2014 Por su riqueza hist\u00f3rica y para incentivar y reconocer a los municipios y comunidades que explotan su potencial tur\u00edstico en la En Sonora en Equipo publicamos toda la informaci\u00f3n de Sonora, M\u00e9xico y el Mundo de manera oportuna y busca que la libertad de expresi\u00f3n sea real. Visita nuestro medio informativo publicado desde Hermosillo, Sonora. %\" \/>\n<meta name=\"robots\" content=\"index, follow, max-snippet:-1, max-image-preview:large, max-video-preview:-1\" \/>\n<link rel=\"canonical\" href=\"https:\/\/www.sonoraenequipo.com.mx\/reconoce-gobernadora-a-municipios-como-tesoros-de-sonora\/\" \/>\n<meta property=\"og:locale\" content=\"es_ES\" \/>\n<meta property=\"og:type\" content=\"article\" \/>\n<meta property=\"og:title\" content=\"Sonora en Equipo. Reconoce Gobernadora a municipios como \u201cTesoros de Sonora\u201d Sonora\" \/>\n<meta property=\"og:description\" content=\"HERMOSILLO, SONORA. MX. \u2014 Por su riqueza hist\u00f3rica y para incentivar y reconocer a los municipios y comunidades que explotan su potencial tur\u00edstico en la En Sonora en Equipo publicamos toda la informaci\u00f3n de Sonora, M\u00e9xico y el Mundo de manera oportuna y busca que la libertad de expresi\u00f3n sea real. Visita nuestro medio informativo publicado desde Hermosillo, Sonora. %\" \/>\n<meta property=\"og:url\" content=\"https:\/\/www.sonoraenequipo.com.mx\/reconoce-gobernadora-a-municipios-como-tesoros-de-sonora\/\" \/>\n<meta property=\"og:site_name\" content=\"Sonora en Equipo.\" \/>\n<meta property=\"article:publisher\" content=\"https:\/\/www.facebook.com\/SonoraEE\/\" \/>\n<meta property=\"article:author\" content=\"https:\/\/www.facebook.com\/SonoraEE\" \/>\n<meta property=\"article:published_time\" content=\"2019-09-20T23:47:36+00:00\" \/>\n<meta property=\"article:modified_time\" content=\"2019-09-21T01:03:43+00:00\" \/>\n<meta property=\"og:image\" content=\"https:\/\/www.sonoraenequipo.com.mx\/storage\/2019\/09\/tesorossonora_opt.jpg\" \/>\n\t<meta property=\"og:image:width\" content=\"600\" \/>\n\t<meta property=\"og:image:height\" content=\"400\" \/>\n\t<meta property=\"og:image:type\" content=\"image\/jpeg\" \/>\n<meta name=\"author\" content=\"enequipo\" \/>\n<meta name=\"twitter:card\" content=\"summary_large_image\" \/>\n<meta name=\"twitter:creator\" content=\"@sonoraenequipo\" \/>\n<meta name=\"twitter:site\" content=\"@sonoraenequipo\" \/>\n<meta name=\"twitter:label1\" content=\"Escrito por\" \/>\n\t<meta name=\"twitter:data1\" content=\"enequipo\" \/>\n\t<meta name=\"twitter:label2\" content=\"Tiempo de lectura\" \/>\n\t<meta name=\"twitter:data2\" content=\"3 minutos\" \/>\n<script type=\"application\/ld+json\" class=\"yoast-schema-graph\">{\"@context\":\"https:\/\/schema.org\",\"@graph\":[{\"@type\":\"Article\",\"@id\":\"https:\/\/www.sonoraenequipo.com.mx\/reconoce-gobernadora-a-municipios-como-tesoros-de-sonora\/#article\",\"isPartOf\":{\"@id\":\"https:\/\/www.sonoraenequipo.com.mx\/reconoce-gobernadora-a-municipios-como-tesoros-de-sonora\/\"},\"author\":{\"name\":\"enequipo\",\"@id\":\"https:\/\/www.sonoraenequipo.com.mx\/#\/schema\/person\/50102df0fb23a8fa9e8effad8fa81386\"},\"headline\":\"Reconoce Gobernadora a municipios como \u201cTesoros de Sonora\u201d\",\"datePublished\":\"2019-09-20T23:47:36+00:00\",\"dateModified\":\"2019-09-21T01:03:43+00:00\",\"mainEntityOfPage\":{\"@id\":\"https:\/\/www.sonoraenequipo.com.mx\/reconoce-gobernadora-a-municipios-como-tesoros-de-sonora\/\"},\"wordCount\":600,\"commentCount\":0,\"publisher\":{\"@id\":\"https:\/\/www.sonoraenequipo.com.mx\/#organization\"},\"image\":{\"@id\":\"https:\/\/www.sonoraenequipo.com.mx\/reconoce-gobernadora-a-municipios-como-tesoros-de-sonora\/#primaryimage\"},\"thumbnailUrl\":\"https:\/\/www.sonoraenequipo.com.mx\/storage\/2019\/09\/tesorossonora_opt.jpg\",\"articleSection\":[\"Sonora\"],\"inLanguage\":\"es\",\"potentialAction\":[{\"@type\":\"CommentAction\",\"name\":\"Comment\",\"target\":[\"https:\/\/www.sonoraenequipo.com.mx\/reconoce-gobernadora-a-municipios-como-tesoros-de-sonora\/#respond\"]}]},{\"@type\":\"WebPage\",\"@id\":\"https:\/\/www.sonoraenequipo.com.mx\/reconoce-gobernadora-a-municipios-como-tesoros-de-sonora\/\",\"url\":\"https:\/\/www.sonoraenequipo.com.mx\/reconoce-gobernadora-a-municipios-como-tesoros-de-sonora\/\",\"name\":\"Sonora en Equipo. Reconoce Gobernadora a municipios como \u201cTesoros de Sonora\u201d Sonora\",\"isPartOf\":{\"@id\":\"https:\/\/www.sonoraenequipo.com.mx\/#website\"},\"primaryImageOfPage\":{\"@id\":\"https:\/\/www.sonoraenequipo.com.mx\/reconoce-gobernadora-a-municipios-como-tesoros-de-sonora\/#primaryimage\"},\"image\":{\"@id\":\"https:\/\/www.sonoraenequipo.com.mx\/reconoce-gobernadora-a-municipios-como-tesoros-de-sonora\/#primaryimage\"},\"thumbnailUrl\":\"https:\/\/www.sonoraenequipo.com.mx\/storage\/2019\/09\/tesorossonora_opt.jpg\",\"datePublished\":\"2019-09-20T23:47:36+00:00\",\"dateModified\":\"2019-09-21T01:03:43+00:00\",\"description\":\"HERMOSILLO, SONORA. MX. \u2014 Por su riqueza hist\u00f3rica y para incentivar y reconocer a los municipios y comunidades que explotan su potencial tur\u00edstico en la En Sonora en Equipo publicamos toda la informaci\u00f3n de Sonora, M\u00e9xico y el Mundo de manera oportuna y busca que la libertad de expresi\u00f3n sea real. Visita nuestro medio informativo publicado desde Hermosillo, Sonora. %\",\"breadcrumb\":{\"@id\":\"https:\/\/www.sonoraenequipo.com.mx\/reconoce-gobernadora-a-municipios-como-tesoros-de-sonora\/#breadcrumb\"},\"inLanguage\":\"es\",\"potentialAction\":[{\"@type\":\"ReadAction\",\"target\":[\"https:\/\/www.sonoraenequipo.com.mx\/reconoce-gobernadora-a-municipios-como-tesoros-de-sonora\/\"]}]},{\"@type\":\"ImageObject\",\"inLanguage\":\"es\",\"@id\":\"https:\/\/www.sonoraenequipo.com.mx\/reconoce-gobernadora-a-municipios-como-tesoros-de-sonora\/#primaryimage\",\"url\":\"https:\/\/www.sonoraenequipo.com.mx\/storage\/2019\/09\/tesorossonora_opt.jpg\",\"contentUrl\":\"https:\/\/www.sonoraenequipo.com.mx\/storage\/2019\/09\/tesorossonora_opt.jpg\",\"width\":600,\"height\":400},{\"@type\":\"BreadcrumbList\",\"@id\":\"https:\/\/www.sonoraenequipo.com.mx\/reconoce-gobernadora-a-municipios-como-tesoros-de-sonora\/#breadcrumb\",\"itemListElement\":[{\"@type\":\"ListItem\",\"position\":1,\"name\":\"Portada\",\"item\":\"https:\/\/www.sonoraenequipo.com.mx\/\"},{\"@type\":\"ListItem\",\"position\":2,\"name\":\"Reconoce Gobernadora a municipios como \u201cTesoros de Sonora\u201d\"}]},{\"@type\":\"WebSite\",\"@id\":\"https:\/\/www.sonoraenequipo.com.mx\/#website\",\"url\":\"https:\/\/www.sonoraenequipo.com.mx\/\",\"name\":\"Sonora en Equipo.\",\"description\":\"Diario en l\u00ednea con Noticias desde Hermosillo, Sonora\",\"publisher\":{\"@id\":\"https:\/\/www.sonoraenequipo.com.mx\/#organization\"},\"potentialAction\":[{\"@type\":\"SearchAction\",\"target\":{\"@type\":\"EntryPoint\",\"urlTemplate\":\"https:\/\/www.sonoraenequipo.com.mx\/?s={search_term_string}\"},\"query-input\":{\"@type\":\"PropertyValueSpecification\",\"valueRequired\":true,\"valueName\":\"search_term_string\"}}],\"inLanguage\":\"es\"},{\"@type\":\"Organization\",\"@id\":\"https:\/\/www.sonoraenequipo.com.mx\/#organization\",\"name\":\"Sonoraenequipo.com.mx\",\"url\":\"https:\/\/www.sonoraenequipo.com.mx\/\",\"logo\":{\"@type\":\"ImageObject\",\"inLanguage\":\"es\",\"@id\":\"https:\/\/www.sonoraenequipo.com.mx\/#\/schema\/logo\/image\/\",\"url\":\"https:\/\/www.sonoraenequipo.com.mx\/storage\/2019\/01\/sonoraenequipo_opt.png\",\"contentUrl\":\"https:\/\/www.sonoraenequipo.com.mx\/storage\/2019\/01\/sonoraenequipo_opt.png\",\"width\":375,\"height\":125,\"caption\":\"Sonoraenequipo.com.mx\"},\"image\":{\"@id\":\"https:\/\/www.sonoraenequipo.com.mx\/#\/schema\/logo\/image\/\"},\"sameAs\":[\"https:\/\/www.facebook.com\/SonoraEE\/\",\"https:\/\/x.com\/sonoraenequipo\",\"https:\/\/www.youtube.com\/channel\/UC338nW-lPEYmJQs4ZABQ1SQ\"]},{\"@type\":\"Person\",\"@id\":\"https:\/\/www.sonoraenequipo.com.mx\/#\/schema\/person\/50102df0fb23a8fa9e8effad8fa81386\",\"name\":\"enequipo\",\"image\":{\"@type\":\"ImageObject\",\"inLanguage\":\"es\",\"@id\":\"https:\/\/www.sonoraenequipo.com.mx\/#\/schema\/person\/image\/\",\"url\":\"https:\/\/secure.gravatar.com\/avatar\/049821681b589dabc0bc20695993ccebb09f5b5d4d790cd9251b97faac7c652b?s=96&d=blank&r=g\",\"contentUrl\":\"https:\/\/secure.gravatar.com\/avatar\/049821681b589dabc0bc20695993ccebb09f5b5d4d790cd9251b97faac7c652b?s=96&d=blank&r=g\",\"caption\":\"enequipo\"},\"sameAs\":[\"https:\/\/www.facebook.com\/SonoraEE\"]}]}<\/script>\n ","yoast_head_json":{"title":"Sonora en Equipo. Reconoce Gobernadora a municipios como \u201cTesoros de Sonora\u201d Sonora","description":"HERMOSILLO, SONORA. MX. \u2014 Por su riqueza hist\u00f3rica y para incentivar y reconocer a los municipios y comunidades que explotan su potencial tur\u00edstico en la En Sonora en Equipo publicamos toda la informaci\u00f3n de Sonora, M\u00e9xico y el Mundo de manera oportuna y busca que la libertad de expresi\u00f3n sea real. Visita nuestro medio informativo publicado desde Hermosillo, Sonora. %","robots":{"index":"index","follow":"follow","max-snippet":"max-snippet:-1","max-image-preview":"max-image-preview:large","max-video-preview":"max-video-preview:-1"},"canonical":"https:\/\/www.sonoraenequipo.com.mx\/reconoce-gobernadora-a-municipios-como-tesoros-de-sonora\/","og_locale":"es_ES","og_type":"article","og_title":"Sonora en Equipo. Reconoce Gobernadora a municipios como \u201cTesoros de Sonora\u201d Sonora","og_description":"HERMOSILLO, SONORA. MX. \u2014 Por su riqueza hist\u00f3rica y para incentivar y reconocer a los municipios y comunidades que explotan su potencial tur\u00edstico en la En Sonora en Equipo publicamos toda la informaci\u00f3n de Sonora, M\u00e9xico y el Mundo de manera oportuna y busca que la libertad de expresi\u00f3n sea real. Visita nuestro medio informativo publicado desde Hermosillo, Sonora. %","og_url":"https:\/\/www.sonoraenequipo.com.mx\/reconoce-gobernadora-a-municipios-como-tesoros-de-sonora\/","og_site_name":"Sonora en Equipo.","article_publisher":"https:\/\/www.facebook.com\/SonoraEE\/","article_author":"https:\/\/www.facebook.com\/SonoraEE","article_published_time":"2019-09-20T23:47:36+00:00","article_modified_time":"2019-09-21T01:03:43+00:00","og_image":[{"width":600,"height":400,"url":"https:\/\/www.sonoraenequipo.com.mx\/storage\/2019\/09\/tesorossonora_opt.jpg","type":"image\/jpeg"}],"author":"enequipo","twitter_card":"summary_large_image","twitter_creator":"@sonoraenequipo","twitter_site":"@sonoraenequipo","twitter_misc":{"Escrito por":"enequipo","Tiempo de lectura":"3 minutos"},"schema":{"@context":"https:\/\/schema.org","@graph":[{"@type":"Article","@id":"https:\/\/www.sonoraenequipo.com.mx\/reconoce-gobernadora-a-municipios-como-tesoros-de-sonora\/#article","isPartOf":{"@id":"https:\/\/www.sonoraenequipo.com.mx\/reconoce-gobernadora-a-municipios-como-tesoros-de-sonora\/"},"author":{"name":"enequipo","@id":"https:\/\/www.sonoraenequipo.com.mx\/#\/schema\/person\/50102df0fb23a8fa9e8effad8fa81386"},"headline":"Reconoce Gobernadora a municipios como \u201cTesoros de Sonora\u201d","datePublished":"2019-09-20T23:47:36+00:00","dateModified":"2019-09-21T01:03:43+00:00","mainEntityOfPage":{"@id":"https:\/\/www.sonoraenequipo.com.mx\/reconoce-gobernadora-a-municipios-como-tesoros-de-sonora\/"},"wordCount":600,"commentCount":0,"publisher":{"@id":"https:\/\/www.sonoraenequipo.com.mx\/#organization"},"image":{"@id":"https:\/\/www.sonoraenequipo.com.mx\/reconoce-gobernadora-a-municipios-como-tesoros-de-sonora\/#primaryimage"},"thumbnailUrl":"https:\/\/www.sonoraenequipo.com.mx\/storage\/2019\/09\/tesorossonora_opt.jpg","articleSection":["Sonora"],"inLanguage":"es","potentialAction":[{"@type":"CommentAction","name":"Comment","target":["https:\/\/www.sonoraenequipo.com.mx\/reconoce-gobernadora-a-municipios-como-tesoros-de-sonora\/#respond"]}]},{"@type":"WebPage","@id":"https:\/\/www.sonoraenequipo.com.mx\/reconoce-gobernadora-a-municipios-como-tesoros-de-sonora\/","url":"https:\/\/www.sonoraenequipo.com.mx\/reconoce-gobernadora-a-municipios-como-tesoros-de-sonora\/","name":"Sonora en Equipo. Reconoce Gobernadora a municipios como \u201cTesoros de Sonora\u201d Sonora","isPartOf":{"@id":"https:\/\/www.sonoraenequipo.com.mx\/#website"},"primaryImageOfPage":{"@id":"https:\/\/www.sonoraenequipo.com.mx\/reconoce-gobernadora-a-municipios-como-tesoros-de-sonora\/#primaryimage"},"image":{"@id":"https:\/\/www.sonoraenequipo.com.mx\/reconoce-gobernadora-a-municipios-como-tesoros-de-sonora\/#primaryimage"},"thumbnailUrl":"https:\/\/www.sonoraenequipo.com.mx\/storage\/2019\/09\/tesorossonora_opt.jpg","datePublished":"2019-09-20T23:47:36+00:00","dateModified":"2019-09-21T01:03:43+00:00","description":"HERMOSILLO, SONORA. MX. \u2014 Por su riqueza hist\u00f3rica y para incentivar y reconocer a los municipios y comunidades que explotan su potencial tur\u00edstico en la En Sonora en Equipo publicamos toda la informaci\u00f3n de Sonora, M\u00e9xico y el Mundo de manera oportuna y busca que la libertad de expresi\u00f3n sea real. Visita nuestro medio informativo publicado desde Hermosillo, Sonora. %","breadcrumb":{"@id":"https:\/\/www.sonoraenequipo.com.mx\/reconoce-gobernadora-a-municipios-como-tesoros-de-sonora\/#breadcrumb"},"inLanguage":"es","potentialAction":[{"@type":"ReadAction","target":["https:\/\/www.sonoraenequipo.com.mx\/reconoce-gobernadora-a-municipios-como-tesoros-de-sonora\/"]}]},{"@type":"ImageObject","inLanguage":"es","@id":"https:\/\/www.sonoraenequipo.com.mx\/reconoce-gobernadora-a-municipios-como-tesoros-de-sonora\/#primaryimage","url":"https:\/\/www.sonoraenequipo.com.mx\/storage\/2019\/09\/tesorossonora_opt.jpg","contentUrl":"https:\/\/www.sonoraenequipo.com.mx\/storage\/2019\/09\/tesorossonora_opt.jpg","width":600,"height":400},{"@type":"BreadcrumbList","@id":"https:\/\/www.sonoraenequipo.com.mx\/reconoce-gobernadora-a-municipios-como-tesoros-de-sonora\/#breadcrumb","itemListElement":[{"@type":"ListItem","position":1,"name":"Portada","item":"https:\/\/www.sonoraenequipo.com.mx\/"},{"@type":"ListItem","position":2,"name":"Reconoce Gobernadora a municipios como \u201cTesoros de Sonora\u201d"}]},{"@type":"WebSite","@id":"https:\/\/www.sonoraenequipo.com.mx\/#website","url":"https:\/\/www.sonoraenequipo.com.mx\/","name":"Sonora en Equipo.","description":"Diario en l\u00ednea con Noticias desde Hermosillo, Sonora","publisher":{"@id":"https:\/\/www.sonoraenequipo.com.mx\/#organization"},"potentialAction":[{"@type":"SearchAction","target":{"@type":"EntryPoint","urlTemplate":"https:\/\/www.sonoraenequipo.com.mx\/?s={search_term_string}"},"query-input":{"@type":"PropertyValueSpecification","valueRequired":true,"valueName":"search_term_string"}}],"inLanguage":"es"},{"@type":"Organization","@id":"https:\/\/www.sonoraenequipo.com.mx\/#organization","name":"Sonoraenequipo.com.mx","url":"https:\/\/www.sonoraenequipo.com.mx\/","logo":{"@type":"ImageObject","inLanguage":"es","@id":"https:\/\/www.sonoraenequipo.com.mx\/#\/schema\/logo\/image\/","url":"https:\/\/www.sonoraenequipo.com.mx\/storage\/2019\/01\/sonoraenequipo_opt.png","contentUrl":"https:\/\/www.sonoraenequipo.com.mx\/storage\/2019\/01\/sonoraenequipo_opt.png","width":375,"height":125,"caption":"Sonoraenequipo.com.mx"},"image":{"@id":"https:\/\/www.sonoraenequipo.com.mx\/#\/schema\/logo\/image\/"},"sameAs":["https:\/\/www.facebook.com\/SonoraEE\/","https:\/\/x.com\/sonoraenequipo","https:\/\/www.youtube.com\/channel\/UC338nW-lPEYmJQs4ZABQ1SQ"]},{"@type":"Person","@id":"https:\/\/www.sonoraenequipo.com.mx\/#\/schema\/person\/50102df0fb23a8fa9e8effad8fa81386","name":"enequipo","image":{"@type":"ImageObject","inLanguage":"es","@id":"https:\/\/www.sonoraenequipo.com.mx\/#\/schema\/person\/image\/","url":"https:\/\/secure.gravatar.com\/avatar\/049821681b589dabc0bc20695993ccebb09f5b5d4d790cd9251b97faac7c652b?s=96&d=blank&r=g","contentUrl":"https:\/\/secure.gravatar.com\/avatar\/049821681b589dabc0bc20695993ccebb09f5b5d4d790cd9251b97faac7c652b?s=96&d=blank&r=g","caption":"enequipo"},"sameAs":["https:\/\/www.facebook.com\/SonoraEE"]}]}},"jetpack_featured_media_url":"https:\/\/www.sonoraenequipo.com.mx\/storage\/2019\/09\/tesorossonora_opt.jpg","_links":{"self":[{"href":"https:\/\/www.sonoraenequipo.com.mx\/api\/wp\/v2\/posts\/67478","targetHints":{"allow":["GET"]}}],"collection":[{"href":"https:\/\/www.sonoraenequipo.com.mx\/api\/wp\/v2\/posts"}],"about":[{"href":"https:\/\/www.sonoraenequipo.com.mx\/api\/wp\/v2\/types\/post"}],"author":[{"embeddable":true,"href":"https:\/\/www.sonoraenequipo.com.mx\/api\/wp\/v2\/users\/1"}],"replies":[{"embeddable":true,"href":"https:\/\/www.sonoraenequipo.com.mx\/api\/wp\/v2\/comments?post=67478"}],"version-history":[{"count":0,"href":"https:\/\/www.sonoraenequipo.com.mx\/api\/wp\/v2\/posts\/67478\/revisions"}],"wp:featuredmedia":[{"embeddable":true,"href":"https:\/\/www.sonoraenequipo.com.mx\/api\/wp\/v2\/media\/67479"}],"wp:attachment":[{"href":"https:\/\/www.sonoraenequipo.com.mx\/api\/wp\/v2\/media?parent=67478"}],"wp:term":[{"taxonomy":"category","embeddable":true,"href":"https:\/\/www.sonoraenequipo.com.mx\/api\/wp\/v2\/categories?post=67478"},{"taxonomy":"post_tag","embeddable":true,"href":"https:\/\/www.sonoraenequipo.com.mx\/api\/wp\/v2\/tags?post=67478"}],"curies":[{"name":"wp","href":"https:\/\/api.w.org\/{rel}","templated":true}]}}