{"id":67524,"date":"2019-09-21T12:30:38","date_gmt":"2019-09-21T19:30:38","guid":{"rendered":"https:\/\/www.sonoraenequipo.com.mx\/?p=67524"},"modified":"2019-09-21T12:30:38","modified_gmt":"2019-09-21T19:30:38","slug":"se-registran-41-aspirantes-mujeres-para-cubrir-vacante-de-consejera-en-el-iee-sonora","status":"publish","type":"post","link":"https:\/\/www.sonoraenequipo.com.mx\/se-registran-41-aspirantes-mujeres-para-cubrir-vacante-de-consejera-en-el-iee-sonora\/","title":{"rendered":"Se registran 41 aspirantes mujeres para cubrir vacante de consejera en  el  IEE Sonora"},"content":{"rendered":"<p>HERMOSILLO,SONORA,MX.\u2500El pasado 28 de agosto, el Instituto Nacional Electoral (INE) aprob\u00f3 en su sesi\u00f3n ordinaria las convocatorias para el procedimiento de selecci\u00f3n y designaci\u00f3n de Consejeras o Consejeros Electorales de los Organismos Electorales Locales de cuatro estados del pa\u00eds Michoac\u00e1n, Nayarit, Puebla y Sonora. <\/p>\n<p>En el estado de Sonora, durante el periodo de registro de aspirantes que se llev\u00f3 a cabo los d\u00edas 12 y 13 y del 17 al 20 de septiembre de 2019; un total de 41 aspirantes se registraron y realizaron el cotejo de su documentaci\u00f3n en las Juntas Local y Distritales de Sonora, por una vacante de Consejera Electoral que se integrar\u00e1 al Instituto Estatal Electoral y de Participaci\u00f3n Ciudadana (IEE Sonora), por un periodo que concluir\u00e1 el 30 de septiembre de 2024.<\/p>\n<p>Las participantes realizar\u00e1n una serie de ex\u00e1menes que les permitir\u00e1 a los Consejeros del INE observar las capacidades de cada aspirante y con ello las mejor calificadas pasar\u00e1n a las siguientes etapas que son: el ensayo presencial, la valoraci\u00f3n curricular y la entrevista.<\/p>\n<p>La designaci\u00f3n de la Consejera Electoral del IEE Sonora se llevar\u00e1 a cabo a m\u00e1s tardar el 23 de enero de 2020, y quien resulte designada, entrar\u00e1 en funciones al d\u00eda siguiente de la aprobaci\u00f3n del Acuerdo correspondiente por el Consejo General.<\/p>\n<p>La vacante generada en el IEE Sonora ser\u00e1 ocupada por una mujer, con lo cual se estar\u00e1 procurando una\u00a0 conformaci\u00f3n paritaria, respecto de la integraci\u00f3n total del \u00f3rgano m\u00e1ximo de direcci\u00f3n, que actualmente se encuentra conformado por cuatro Consejeros Electorales y dos Consejeras electorales, una de ellas en su calidad de presidenta.<\/p>\n<p>Fecha de publicaci\u00f3n 21\/09\/2019<\/p>\n","protected":false},"excerpt":{"rendered":"<p>HERMOSILLO,SONORA,MX.\u2500El pasado 28 de agosto, el Instituto Nacional Electoral (INE) aprob\u00f3 en su sesi\u00f3n ordinaria&#8230;<\/p>\n","protected":false},"author":1,"featured_media":30195,"comment_status":"open","ping_status":"open","sticky":false,"template":"","format":"standard","meta":{"_monsterinsights_skip_tracking":false,"_monsterinsights_sitenote_active":false,"_monsterinsights_sitenote_note":"","_monsterinsights_sitenote_category":0,"footnotes":""},"categories":[22],"tags":[3534,1196,15],"class_list":["post"],"yoast_head":" \n<title>Sonora en Equipo. Se registran 41 aspirantes mujeres para cubrir vacante de consejera en el IEE Sonora Sonora<\/title>\n<meta name=\"description\" content=\"HERMOSILLO,SONORA,MX.\u2500El pasado 28 de agosto, el Instituto Nacional Electoral (INE) aprob\u00f3 en su sesi\u00f3n ordinaria las convocatorias para el procedimiento En Sonora en Equipo publicamos toda la informaci\u00f3n de Sonora, M\u00e9xico y el Mundo de manera oportuna y busca que la libertad de expresi\u00f3n sea real. Visita nuestro medio informativo publicado desde Hermosillo, Sonora. %\" \/>\n<meta name=\"robots\" content=\"index, follow, max-snippet:-1, max-image-preview:large, max-video-preview:-1\" \/>\n<link rel=\"canonical\" href=\"https:\/\/www.sonoraenequipo.com.mx\/se-registran-41-aspirantes-mujeres-para-cubrir-vacante-de-consejera-en-el-iee-sonora\/\" \/>\n<meta property=\"og:locale\" content=\"es_ES\" \/>\n<meta property=\"og:type\" content=\"article\" \/>\n<meta property=\"og:title\" content=\"Sonora en Equipo. Se registran 41 aspirantes mujeres para cubrir vacante de consejera en el IEE Sonora Sonora\" \/>\n<meta property=\"og:description\" content=\"HERMOSILLO,SONORA,MX.\u2500El pasado 28 de agosto, el Instituto Nacional Electoral (INE) aprob\u00f3 en su sesi\u00f3n ordinaria las convocatorias para el procedimiento En Sonora en Equipo publicamos toda la informaci\u00f3n de Sonora, M\u00e9xico y el Mundo de manera oportuna y busca que la libertad de expresi\u00f3n sea real. Visita nuestro medio informativo publicado desde Hermosillo, Sonora. %\" \/>\n<meta property=\"og:url\" content=\"https:\/\/www.sonoraenequipo.com.mx\/se-registran-41-aspirantes-mujeres-para-cubrir-vacante-de-consejera-en-el-iee-sonora\/\" \/>\n<meta property=\"og:site_name\" content=\"Sonora en Equipo.\" \/>\n<meta property=\"article:publisher\" content=\"https:\/\/www.facebook.com\/SonoraEE\/\" \/>\n<meta property=\"article:author\" content=\"https:\/\/www.facebook.com\/SonoraEE\" \/>\n<meta property=\"article:published_time\" content=\"2019-09-21T19:30:38+00:00\" \/>\n<meta property=\"og:image\" content=\"https:\/\/www.sonoraenequipo.com.mx\/storage\/2017\/12\/ieeypc_opt.jpg\" \/>\n\t<meta property=\"og:image:width\" content=\"584\" \/>\n\t<meta property=\"og:image:height\" content=\"400\" \/>\n\t<meta property=\"og:image:type\" content=\"image\/jpeg\" \/>\n<meta name=\"author\" content=\"enequipo\" \/>\n<meta name=\"twitter:card\" content=\"summary_large_image\" \/>\n<meta name=\"twitter:creator\" content=\"@sonoraenequipo\" \/>\n<meta name=\"twitter:site\" content=\"@sonoraenequipo\" \/>\n<meta name=\"twitter:label1\" content=\"Escrito por\" \/>\n\t<meta name=\"twitter:data1\" content=\"enequipo\" \/>\n\t<meta name=\"twitter:label2\" content=\"Tiempo de lectura\" \/>\n\t<meta name=\"twitter:data2\" content=\"1 minuto\" \/>\n<script type=\"application\/ld+json\" class=\"yoast-schema-graph\">{\"@context\":\"https:\/\/schema.org\",\"@graph\":[{\"@type\":\"Article\",\"@id\":\"https:\/\/www.sonoraenequipo.com.mx\/se-registran-41-aspirantes-mujeres-para-cubrir-vacante-de-consejera-en-el-iee-sonora\/#article\",\"isPartOf\":{\"@id\":\"https:\/\/www.sonoraenequipo.com.mx\/se-registran-41-aspirantes-mujeres-para-cubrir-vacante-de-consejera-en-el-iee-sonora\/\"},\"author\":{\"name\":\"enequipo\",\"@id\":\"https:\/\/www.sonoraenequipo.com.mx\/#\/schema\/person\/50102df0fb23a8fa9e8effad8fa81386\"},\"headline\":\"Se registran 41 aspirantes mujeres para cubrir vacante de consejera en el IEE Sonora\",\"datePublished\":\"2019-09-21T19:30:38+00:00\",\"mainEntityOfPage\":{\"@id\":\"https:\/\/www.sonoraenequipo.com.mx\/se-registran-41-aspirantes-mujeres-para-cubrir-vacante-de-consejera-en-el-iee-sonora\/\"},\"wordCount\":293,\"commentCount\":0,\"publisher\":{\"@id\":\"https:\/\/www.sonoraenequipo.com.mx\/#organization\"},\"image\":{\"@id\":\"https:\/\/www.sonoraenequipo.com.mx\/se-registran-41-aspirantes-mujeres-para-cubrir-vacante-de-consejera-en-el-iee-sonora\/#primaryimage\"},\"thumbnailUrl\":\"https:\/\/www.sonoraenequipo.com.mx\/storage\/2017\/12\/ieeypc_opt.jpg\",\"keywords\":[\"consejera\",\"IEE\",\"Sonora\"],\"articleSection\":[\"Sonora\"],\"inLanguage\":\"es\",\"potentialAction\":[{\"@type\":\"CommentAction\",\"name\":\"Comment\",\"target\":[\"https:\/\/www.sonoraenequipo.com.mx\/se-registran-41-aspirantes-mujeres-para-cubrir-vacante-de-consejera-en-el-iee-sonora\/#respond\"]}]},{\"@type\":\"WebPage\",\"@id\":\"https:\/\/www.sonoraenequipo.com.mx\/se-registran-41-aspirantes-mujeres-para-cubrir-vacante-de-consejera-en-el-iee-sonora\/\",\"url\":\"https:\/\/www.sonoraenequipo.com.mx\/se-registran-41-aspirantes-mujeres-para-cubrir-vacante-de-consejera-en-el-iee-sonora\/\",\"name\":\"Sonora en Equipo. Se registran 41 aspirantes mujeres para cubrir vacante de consejera en el IEE Sonora Sonora\",\"isPartOf\":{\"@id\":\"https:\/\/www.sonoraenequipo.com.mx\/#website\"},\"primaryImageOfPage\":{\"@id\":\"https:\/\/www.sonoraenequipo.com.mx\/se-registran-41-aspirantes-mujeres-para-cubrir-vacante-de-consejera-en-el-iee-sonora\/#primaryimage\"},\"image\":{\"@id\":\"https:\/\/www.sonoraenequipo.com.mx\/se-registran-41-aspirantes-mujeres-para-cubrir-vacante-de-consejera-en-el-iee-sonora\/#primaryimage\"},\"thumbnailUrl\":\"https:\/\/www.sonoraenequipo.com.mx\/storage\/2017\/12\/ieeypc_opt.jpg\",\"datePublished\":\"2019-09-21T19:30:38+00:00\",\"description\":\"HERMOSILLO,SONORA,MX.\u2500El pasado 28 de agosto, el Instituto Nacional Electoral (INE) aprob\u00f3 en su sesi\u00f3n ordinaria las convocatorias para el procedimiento En Sonora en Equipo publicamos toda la informaci\u00f3n de Sonora, M\u00e9xico y el Mundo de manera oportuna y busca que la libertad de expresi\u00f3n sea real. Visita nuestro medio informativo publicado desde Hermosillo, Sonora. %\",\"breadcrumb\":{\"@id\":\"https:\/\/www.sonoraenequipo.com.mx\/se-registran-41-aspirantes-mujeres-para-cubrir-vacante-de-consejera-en-el-iee-sonora\/#breadcrumb\"},\"inLanguage\":\"es\",\"potentialAction\":[{\"@type\":\"ReadAction\",\"target\":[\"https:\/\/www.sonoraenequipo.com.mx\/se-registran-41-aspirantes-mujeres-para-cubrir-vacante-de-consejera-en-el-iee-sonora\/\"]}]},{\"@type\":\"ImageObject\",\"inLanguage\":\"es\",\"@id\":\"https:\/\/www.sonoraenequipo.com.mx\/se-registran-41-aspirantes-mujeres-para-cubrir-vacante-de-consejera-en-el-iee-sonora\/#primaryimage\",\"url\":\"https:\/\/www.sonoraenequipo.com.mx\/storage\/2017\/12\/ieeypc_opt.jpg\",\"contentUrl\":\"https:\/\/www.sonoraenequipo.com.mx\/storage\/2017\/12\/ieeypc_opt.jpg\",\"width\":584,\"height\":400},{\"@type\":\"BreadcrumbList\",\"@id\":\"https:\/\/www.sonoraenequipo.com.mx\/se-registran-41-aspirantes-mujeres-para-cubrir-vacante-de-consejera-en-el-iee-sonora\/#breadcrumb\",\"itemListElement\":[{\"@type\":\"ListItem\",\"position\":1,\"name\":\"Portada\",\"item\":\"https:\/\/www.sonoraenequipo.com.mx\/\"},{\"@type\":\"ListItem\",\"position\":2,\"name\":\"Se registran 41 aspirantes mujeres para cubrir vacante de consejera en el IEE Sonora\"}]},{\"@type\":\"WebSite\",\"@id\":\"https:\/\/www.sonoraenequipo.com.mx\/#website\",\"url\":\"https:\/\/www.sonoraenequipo.com.mx\/\",\"name\":\"Sonora en Equipo.\",\"description\":\"Diario en l\u00ednea con Noticias desde Hermosillo, Sonora\",\"publisher\":{\"@id\":\"https:\/\/www.sonoraenequipo.com.mx\/#organization\"},\"potentialAction\":[{\"@type\":\"SearchAction\",\"target\":{\"@type\":\"EntryPoint\",\"urlTemplate\":\"https:\/\/www.sonoraenequipo.com.mx\/?s={search_term_string}\"},\"query-input\":{\"@type\":\"PropertyValueSpecification\",\"valueRequired\":true,\"valueName\":\"search_term_string\"}}],\"inLanguage\":\"es\"},{\"@type\":\"Organization\",\"@id\":\"https:\/\/www.sonoraenequipo.com.mx\/#organization\",\"name\":\"Sonoraenequipo.com.mx\",\"url\":\"https:\/\/www.sonoraenequipo.com.mx\/\",\"logo\":{\"@type\":\"ImageObject\",\"inLanguage\":\"es\",\"@id\":\"https:\/\/www.sonoraenequipo.com.mx\/#\/schema\/logo\/image\/\",\"url\":\"https:\/\/www.sonoraenequipo.com.mx\/storage\/2019\/01\/sonoraenequipo_opt.png\",\"contentUrl\":\"https:\/\/www.sonoraenequipo.com.mx\/storage\/2019\/01\/sonoraenequipo_opt.png\",\"width\":375,\"height\":125,\"caption\":\"Sonoraenequipo.com.mx\"},\"image\":{\"@id\":\"https:\/\/www.sonoraenequipo.com.mx\/#\/schema\/logo\/image\/\"},\"sameAs\":[\"https:\/\/www.facebook.com\/SonoraEE\/\",\"https:\/\/x.com\/sonoraenequipo\",\"https:\/\/www.youtube.com\/channel\/UC338nW-lPEYmJQs4ZABQ1SQ\"]},{\"@type\":\"Person\",\"@id\":\"https:\/\/www.sonoraenequipo.com.mx\/#\/schema\/person\/50102df0fb23a8fa9e8effad8fa81386\",\"name\":\"enequipo\",\"image\":{\"@type\":\"ImageObject\",\"inLanguage\":\"es\",\"@id\":\"https:\/\/www.sonoraenequipo.com.mx\/#\/schema\/person\/image\/\",\"url\":\"https:\/\/secure.gravatar.com\/avatar\/049821681b589dabc0bc20695993ccebb09f5b5d4d790cd9251b97faac7c652b?s=96&d=blank&r=g\",\"contentUrl\":\"https:\/\/secure.gravatar.com\/avatar\/049821681b589dabc0bc20695993ccebb09f5b5d4d790cd9251b97faac7c652b?s=96&d=blank&r=g\",\"caption\":\"enequipo\"},\"sameAs\":[\"https:\/\/www.facebook.com\/SonoraEE\"]}]}<\/script>\n ","yoast_head_json":{"title":"Sonora en Equipo. Se registran 41 aspirantes mujeres para cubrir vacante de consejera en el IEE Sonora Sonora","description":"HERMOSILLO,SONORA,MX.\u2500El pasado 28 de agosto, el Instituto Nacional Electoral (INE) aprob\u00f3 en su sesi\u00f3n ordinaria las convocatorias para el procedimiento En Sonora en Equipo publicamos toda la informaci\u00f3n de Sonora, M\u00e9xico y el Mundo de manera oportuna y busca que la libertad de expresi\u00f3n sea real. Visita nuestro medio informativo publicado desde Hermosillo, Sonora. %","robots":{"index":"index","follow":"follow","max-snippet":"max-snippet:-1","max-image-preview":"max-image-preview:large","max-video-preview":"max-video-preview:-1"},"canonical":"https:\/\/www.sonoraenequipo.com.mx\/se-registran-41-aspirantes-mujeres-para-cubrir-vacante-de-consejera-en-el-iee-sonora\/","og_locale":"es_ES","og_type":"article","og_title":"Sonora en Equipo. Se registran 41 aspirantes mujeres para cubrir vacante de consejera en el IEE Sonora Sonora","og_description":"HERMOSILLO,SONORA,MX.\u2500El pasado 28 de agosto, el Instituto Nacional Electoral (INE) aprob\u00f3 en su sesi\u00f3n ordinaria las convocatorias para el procedimiento En Sonora en Equipo publicamos toda la informaci\u00f3n de Sonora, M\u00e9xico y el Mundo de manera oportuna y busca que la libertad de expresi\u00f3n sea real. Visita nuestro medio informativo publicado desde Hermosillo, Sonora. %","og_url":"https:\/\/www.sonoraenequipo.com.mx\/se-registran-41-aspirantes-mujeres-para-cubrir-vacante-de-consejera-en-el-iee-sonora\/","og_site_name":"Sonora en Equipo.","article_publisher":"https:\/\/www.facebook.com\/SonoraEE\/","article_author":"https:\/\/www.facebook.com\/SonoraEE","article_published_time":"2019-09-21T19:30:38+00:00","og_image":[{"width":584,"height":400,"url":"https:\/\/www.sonoraenequipo.com.mx\/storage\/2017\/12\/ieeypc_opt.jpg","type":"image\/jpeg"}],"author":"enequipo","twitter_card":"summary_large_image","twitter_creator":"@sonoraenequipo","twitter_site":"@sonoraenequipo","twitter_misc":{"Escrito por":"enequipo","Tiempo de lectura":"1 minuto"},"schema":{"@context":"https:\/\/schema.org","@graph":[{"@type":"Article","@id":"https:\/\/www.sonoraenequipo.com.mx\/se-registran-41-aspirantes-mujeres-para-cubrir-vacante-de-consejera-en-el-iee-sonora\/#article","isPartOf":{"@id":"https:\/\/www.sonoraenequipo.com.mx\/se-registran-41-aspirantes-mujeres-para-cubrir-vacante-de-consejera-en-el-iee-sonora\/"},"author":{"name":"enequipo","@id":"https:\/\/www.sonoraenequipo.com.mx\/#\/schema\/person\/50102df0fb23a8fa9e8effad8fa81386"},"headline":"Se registran 41 aspirantes mujeres para cubrir vacante de consejera en el IEE Sonora","datePublished":"2019-09-21T19:30:38+00:00","mainEntityOfPage":{"@id":"https:\/\/www.sonoraenequipo.com.mx\/se-registran-41-aspirantes-mujeres-para-cubrir-vacante-de-consejera-en-el-iee-sonora\/"},"wordCount":293,"commentCount":0,"publisher":{"@id":"https:\/\/www.sonoraenequipo.com.mx\/#organization"},"image":{"@id":"https:\/\/www.sonoraenequipo.com.mx\/se-registran-41-aspirantes-mujeres-para-cubrir-vacante-de-consejera-en-el-iee-sonora\/#primaryimage"},"thumbnailUrl":"https:\/\/www.sonoraenequipo.com.mx\/storage\/2017\/12\/ieeypc_opt.jpg","keywords":["consejera","IEE","Sonora"],"articleSection":["Sonora"],"inLanguage":"es","potentialAction":[{"@type":"CommentAction","name":"Comment","target":["https:\/\/www.sonoraenequipo.com.mx\/se-registran-41-aspirantes-mujeres-para-cubrir-vacante-de-consejera-en-el-iee-sonora\/#respond"]}]},{"@type":"WebPage","@id":"https:\/\/www.sonoraenequipo.com.mx\/se-registran-41-aspirantes-mujeres-para-cubrir-vacante-de-consejera-en-el-iee-sonora\/","url":"https:\/\/www.sonoraenequipo.com.mx\/se-registran-41-aspirantes-mujeres-para-cubrir-vacante-de-consejera-en-el-iee-sonora\/","name":"Sonora en Equipo. Se registran 41 aspirantes mujeres para cubrir vacante de consejera en el IEE Sonora Sonora","isPartOf":{"@id":"https:\/\/www.sonoraenequipo.com.mx\/#website"},"primaryImageOfPage":{"@id":"https:\/\/www.sonoraenequipo.com.mx\/se-registran-41-aspirantes-mujeres-para-cubrir-vacante-de-consejera-en-el-iee-sonora\/#primaryimage"},"image":{"@id":"https:\/\/www.sonoraenequipo.com.mx\/se-registran-41-aspirantes-mujeres-para-cubrir-vacante-de-consejera-en-el-iee-sonora\/#primaryimage"},"thumbnailUrl":"https:\/\/www.sonoraenequipo.com.mx\/storage\/2017\/12\/ieeypc_opt.jpg","datePublished":"2019-09-21T19:30:38+00:00","description":"HERMOSILLO,SONORA,MX.\u2500El pasado 28 de agosto, el Instituto Nacional Electoral (INE) aprob\u00f3 en su sesi\u00f3n ordinaria las convocatorias para el procedimiento En Sonora en Equipo publicamos toda la informaci\u00f3n de Sonora, M\u00e9xico y el Mundo de manera oportuna y busca que la libertad de expresi\u00f3n sea real. Visita nuestro medio informativo publicado desde Hermosillo, Sonora. %","breadcrumb":{"@id":"https:\/\/www.sonoraenequipo.com.mx\/se-registran-41-aspirantes-mujeres-para-cubrir-vacante-de-consejera-en-el-iee-sonora\/#breadcrumb"},"inLanguage":"es","potentialAction":[{"@type":"ReadAction","target":["https:\/\/www.sonoraenequipo.com.mx\/se-registran-41-aspirantes-mujeres-para-cubrir-vacante-de-consejera-en-el-iee-sonora\/"]}]},{"@type":"ImageObject","inLanguage":"es","@id":"https:\/\/www.sonoraenequipo.com.mx\/se-registran-41-aspirantes-mujeres-para-cubrir-vacante-de-consejera-en-el-iee-sonora\/#primaryimage","url":"https:\/\/www.sonoraenequipo.com.mx\/storage\/2017\/12\/ieeypc_opt.jpg","contentUrl":"https:\/\/www.sonoraenequipo.com.mx\/storage\/2017\/12\/ieeypc_opt.jpg","width":584,"height":400},{"@type":"BreadcrumbList","@id":"https:\/\/www.sonoraenequipo.com.mx\/se-registran-41-aspirantes-mujeres-para-cubrir-vacante-de-consejera-en-el-iee-sonora\/#breadcrumb","itemListElement":[{"@type":"ListItem","position":1,"name":"Portada","item":"https:\/\/www.sonoraenequipo.com.mx\/"},{"@type":"ListItem","position":2,"name":"Se registran 41 aspirantes mujeres para cubrir vacante de consejera en el IEE Sonora"}]},{"@type":"WebSite","@id":"https:\/\/www.sonoraenequipo.com.mx\/#website","url":"https:\/\/www.sonoraenequipo.com.mx\/","name":"Sonora en Equipo.","description":"Diario en l\u00ednea con Noticias desde Hermosillo, Sonora","publisher":{"@id":"https:\/\/www.sonoraenequipo.com.mx\/#organization"},"potentialAction":[{"@type":"SearchAction","target":{"@type":"EntryPoint","urlTemplate":"https:\/\/www.sonoraenequipo.com.mx\/?s={search_term_string}"},"query-input":{"@type":"PropertyValueSpecification","valueRequired":true,"valueName":"search_term_string"}}],"inLanguage":"es"},{"@type":"Organization","@id":"https:\/\/www.sonoraenequipo.com.mx\/#organization","name":"Sonoraenequipo.com.mx","url":"https:\/\/www.sonoraenequipo.com.mx\/","logo":{"@type":"ImageObject","inLanguage":"es","@id":"https:\/\/www.sonoraenequipo.com.mx\/#\/schema\/logo\/image\/","url":"https:\/\/www.sonoraenequipo.com.mx\/storage\/2019\/01\/sonoraenequipo_opt.png","contentUrl":"https:\/\/www.sonoraenequipo.com.mx\/storage\/2019\/01\/sonoraenequipo_opt.png","width":375,"height":125,"caption":"Sonoraenequipo.com.mx"},"image":{"@id":"https:\/\/www.sonoraenequipo.com.mx\/#\/schema\/logo\/image\/"},"sameAs":["https:\/\/www.facebook.com\/SonoraEE\/","https:\/\/x.com\/sonoraenequipo","https:\/\/www.youtube.com\/channel\/UC338nW-lPEYmJQs4ZABQ1SQ"]},{"@type":"Person","@id":"https:\/\/www.sonoraenequipo.com.mx\/#\/schema\/person\/50102df0fb23a8fa9e8effad8fa81386","name":"enequipo","image":{"@type":"ImageObject","inLanguage":"es","@id":"https:\/\/www.sonoraenequipo.com.mx\/#\/schema\/person\/image\/","url":"https:\/\/secure.gravatar.com\/avatar\/049821681b589dabc0bc20695993ccebb09f5b5d4d790cd9251b97faac7c652b?s=96&d=blank&r=g","contentUrl":"https:\/\/secure.gravatar.com\/avatar\/049821681b589dabc0bc20695993ccebb09f5b5d4d790cd9251b97faac7c652b?s=96&d=blank&r=g","caption":"enequipo"},"sameAs":["https:\/\/www.facebook.com\/SonoraEE"]}]}},"jetpack_featured_media_url":"https:\/\/www.sonoraenequipo.com.mx\/storage\/2017\/12\/ieeypc_opt.jpg","_links":{"self":[{"href":"https:\/\/www.sonoraenequipo.com.mx\/api\/wp\/v2\/posts\/67524","targetHints":{"allow":["GET"]}}],"collection":[{"href":"https:\/\/www.sonoraenequipo.com.mx\/api\/wp\/v2\/posts"}],"about":[{"href":"https:\/\/www.sonoraenequipo.com.mx\/api\/wp\/v2\/types\/post"}],"author":[{"embeddable":true,"href":"https:\/\/www.sonoraenequipo.com.mx\/api\/wp\/v2\/users\/1"}],"replies":[{"embeddable":true,"href":"https:\/\/www.sonoraenequipo.com.mx\/api\/wp\/v2\/comments?post=67524"}],"version-history":[{"count":0,"href":"https:\/\/www.sonoraenequipo.com.mx\/api\/wp\/v2\/posts\/67524\/revisions"}],"wp:featuredmedia":[{"embeddable":true,"href":"https:\/\/www.sonoraenequipo.com.mx\/api\/wp\/v2\/media\/30195"}],"wp:attachment":[{"href":"https:\/\/www.sonoraenequipo.com.mx\/api\/wp\/v2\/media?parent=67524"}],"wp:term":[{"taxonomy":"category","embeddable":true,"href":"https:\/\/www.sonoraenequipo.com.mx\/api\/wp\/v2\/categories?post=67524"},{"taxonomy":"post_tag","embeddable":true,"href":"https:\/\/www.sonoraenequipo.com.mx\/api\/wp\/v2\/tags?post=67524"}],"curies":[{"name":"wp","href":"https:\/\/api.w.org\/{rel}","templated":true}]}}