{"id":67552,"date":"2019-09-22T15:03:27","date_gmt":"2019-09-22T22:03:27","guid":{"rendered":"https:\/\/www.sonoraenequipo.com.mx\/?p=67552"},"modified":"2019-09-23T07:52:52","modified_gmt":"2019-09-23T14:52:52","slug":"gobernadora-pavlovich-solicita-declaratoria-de-emergencia-por-presencia-de-lluvia-severa-para-19-municipios","status":"publish","type":"post","link":"https:\/\/www.sonoraenequipo.com.mx\/gobernadora-pavlovich-solicita-declaratoria-de-emergencia-por-presencia-de-lluvia-severa-para-19-municipios\/","title":{"rendered":"Gobernadora Pavlovich solicita Declaratoria de Emergencia por presencia de lluvia severa para 19 municipios"},"content":{"rendered":"<p>HERMOSILLO, SONORA, MX. \u2014 Al encabezar la sesi\u00f3n del Comit\u00e9 de Operaci\u00f3n de Emergencias (COE), la gobernadora Claudia Pavlovich Arellano solicit\u00f3 a David Le\u00f3n Romero, coordinador Nacional de Protecci\u00f3n Civil, la Declaratoria de Emergencia para 19 municipios, por presencia de lluvia severa, inundaci\u00f3n fluvial y pluvial, ocasionado por el hurac\u00e1n \u0093Lorena\u0094 en territorio sonorense en el transcurso del s\u00e1bado 21 de septiembre. <\/p>\n<p>En el documento firmado por la mandataria estatal, se detalla que los municipios en los cuales se solicita la declaratoria de emergencia por afectaci\u00f3n del fen\u00f3meno meteorol\u00f3gico son: Caborca, Puerto Pe\u00f1asco, San Luis R\u00edo Colorado, Plutarco El\u00edas Calles, Pitiquito, Hermosillo, Empalme, Guaymas, B\u00e1cum, San Ignacio R\u00edo Muerto, Cajeme, Benito Ju\u00e1rez, Etchojoa, Huatabampo, Navojoa, Rosario, Quiriego, \u00c1lamos, y Y\u00e9cora.<\/p>\n<p>Acompa\u00f1ada por Miguel Pompa, secretario de Gobierno; David Anaya Cooley, secretario de Seguridad P\u00fablica; Isaac Mu\u00f1oz Navarro, comandante de la Cuarta Zona Militar y funcionarios de los tres niveles de gobierno, la mandataria sonorense explic\u00f3 que esta petici\u00f3n tiene el prop\u00f3sito de poder acceder a recursos del Fondo para la Atenci\u00f3n de Emergencias (Fonden).<\/p>\n<p>\u0093En este momento estoy firmando la Declaratoria de Emergencia por posibles da\u00f1os en varios municipios, ya nos dieron aqu\u00ed como fue cambiando el curso, la velocidad, ha venido a convertirse en una tormenta tropical hasta el momento, tenemos municipios donde las precipitaciones han sido fuertes, como en Huatabampo, estamos en este momento enviando personal, y todo lo que se requiere como cobijas, despensas, y colchonetas, porque ya est\u00e1 la gente en el albergue\u0094, asever\u00f3.<\/p>\n<p>Durante la reuni\u00f3n del Comit\u00e9 celebrada en el Centro de Control, Comando, Comunicaci\u00f3n, C\u00f3mputo, Coordinaci\u00f3n e Inteligencia, C5i, se calcul\u00f3 una afectaci\u00f3n a 228 mil 925 personas, con una estimaci\u00f3n preliminar de da\u00f1os en la infraestructura de vialidades, pluviales, fluviales, predios agr\u00edcolas, ganaderos, comercial y vivienda.<\/p>\n<p>En un enlace telef\u00f3nico con la gobernadora Pavlovich, David Le\u00f3n Romero, coordinador Nacional de Protecci\u00f3n Civil, resalt\u00f3 el trabajo que se hace en Sonora en materia de prevenci\u00f3n, ya que es de suma importancia que las autoridades act\u00faen antes, durante, y despu\u00e9s de la tormenta.<\/p>\n<p>\u0093Es importante decir que el Consejo Estatal ha sesionado y su Unidad Estatal de Protecci\u00f3n Civil han tomado acciones antes, mucho antes de que la tormenta tropical se presente en su territorio, eso es algo muy bueno, actuar con anterioridad, y eso yo debo de reconocer, la gran labor del Gobierno del Estado de Sonora, para instalar y sesionar su Consejo con antelaci\u00f3n\u0094, se\u00f1al\u00f3 el funcionario federal.<\/p>\n<p>Isaac Mu\u00f1oz Navarro, comandante de la Cuarta Zona Militar, inform\u00f3 a la gobernadora Pavlovich que por parte del Ej\u00e9rcito Mexicano se activ\u00f3 y ya se est\u00e1 aplicando el plan DN-III-E, en los municipios del sur de la entidad y se mantiene en alerta para el resto del estado, contemplando el despliegue de personal militar en zonas afectadas como \u00c1lamos, Navojoa, Cajeme, Empalme, Guaymas, Bah\u00eda de Kino, y en Hermosillo; donde en coordinaci\u00f3n con Protecci\u00f3n Civil hizo reconocimiento de albergues y asistencia para evacuaci\u00f3n de personas que habiten en zonas de riesgo.<\/p>\n<p>En las instalaciones del C5i, donde sesiona permanentemente el COE, la gobernadora Pavlovich se enlaz\u00f3 con los alcaldes Ram\u00f3n D\u00edaz Nieblas, de Huatabampo; Sara Valle Dessens, de Guaymas; y Sergio Pablo Mariscal Alvarado, de Cajeme, a quienes les manifest\u00f3 todo su respaldo para atender a los ciudadanos que requieran ser trasladados a los albergues, y orden\u00f3 el env\u00edo de insumos como colchonetas, agua y despensas en tanto se da la aprobaci\u00f3n de la petici\u00f3n de Declaratoria de Emergencia ante la Coordinaci\u00f3n Nacional de Protecci\u00f3n Civil.<\/p>\n<p>A trav\u00e9s de las c\u00e1maras instaladas en diversas regiones de la entidad, tambi\u00e9n se monitorearon las distintas playas como San Carlos, Bah\u00eda de Kino, y Puerto Pe\u00f1asco, al ser las zonas donde pudiera registrarse un primer impacto en las primeras horas del domingo 22 de septiembre.<\/p>\n<p>Hasta la tarde de este s\u00e1bado,Lorena pas\u00f3 de ser hurac\u00e1n categor\u00eda 1 a tormenta tropical, localizada a 145 kil\u00f3metros al sur de Guaymas, vientos de 85 kil\u00f3metros por hora y rachas de hasta 100 kil\u00f3metros por hora, y una velocidad de desplazamiento de 19 kil\u00f3metros por hora.<\/p>\n<p>Presentes: Sergio \u00c1vila Cece\u00f1a, vocal ejecutivo de la Comisi\u00f3n Estatal del Agua; Carlos Arias, director general de la Coordinaci\u00f3n Estatal de Protecci\u00f3n Civil; Homero Landa Vera, subdirector general de Infraestructura Hidroagr\u00edcola de Conagua; Jorge Taddei Bringas, delegado de la Secretar\u00eda de Bienestar en Sonora; Omar G\u00f3mez Ruiz, coordinador general del C5i; Ulises Crist\u00f3pulos R\u00edos, director general del Registro Civil; y representantes de dependencias estatales y federales.<\/p>\n<p>Fecha de publicaci\u00f3n 22\/09\/2019<\/p>\n","protected":false},"excerpt":{"rendered":"<p>HERMOSILLO, SONORA, MX. \u2014 Al encabezar la sesi\u00f3n del Comit\u00e9 de Operaci\u00f3n de Emergencias (COE),&#8230;<\/p>\n","protected":false},"author":1,"featured_media":67553,"comment_status":"open","ping_status":"open","sticky":false,"template":"","format":"standard","meta":{"_monsterinsights_skip_tracking":false,"_monsterinsights_sitenote_active":false,"_monsterinsights_sitenote_note":"","_monsterinsights_sitenote_category":0,"footnotes":""},"categories":[22],"tags":[168,3520,15],"class_list":["post"],"yoast_head":" \n<title>Sonora en Equipo. Gobernadora Pavlovich solicita Declaratoria de Emergencia por presencia de lluvia severa para 19 municipios Sonora<\/title>\n<meta name=\"description\" content=\"HERMOSILLO, SONORA, MX. \u2014 Al encabezar la sesi\u00f3n del Comit\u00e9 de Operaci\u00f3n de Emergencias (COE), la gobernadora Claudia Pavlovich Arellano solicit\u00f3 a David En Sonora en Equipo publicamos toda la informaci\u00f3n de Sonora, M\u00e9xico y el Mundo de manera oportuna y busca que la libertad de expresi\u00f3n sea real. Visita nuestro medio informativo publicado desde Hermosillo, Sonora. %\" \/>\n<meta name=\"robots\" content=\"index, follow, max-snippet:-1, max-image-preview:large, max-video-preview:-1\" \/>\n<link rel=\"canonical\" href=\"https:\/\/www.sonoraenequipo.com.mx\/gobernadora-pavlovich-solicita-declaratoria-de-emergencia-por-presencia-de-lluvia-severa-para-19-municipios\/\" \/>\n<meta property=\"og:locale\" content=\"es_ES\" \/>\n<meta property=\"og:type\" content=\"article\" \/>\n<meta property=\"og:title\" content=\"Sonora en Equipo. Gobernadora Pavlovich solicita Declaratoria de Emergencia por presencia de lluvia severa para 19 municipios Sonora\" \/>\n<meta property=\"og:description\" content=\"HERMOSILLO, SONORA, MX. \u2014 Al encabezar la sesi\u00f3n del Comit\u00e9 de Operaci\u00f3n de Emergencias (COE), la gobernadora Claudia Pavlovich Arellano solicit\u00f3 a David En Sonora en Equipo publicamos toda la informaci\u00f3n de Sonora, M\u00e9xico y el Mundo de manera oportuna y busca que la libertad de expresi\u00f3n sea real. Visita nuestro medio informativo publicado desde Hermosillo, Sonora. %\" \/>\n<meta property=\"og:url\" content=\"https:\/\/www.sonoraenequipo.com.mx\/gobernadora-pavlovich-solicita-declaratoria-de-emergencia-por-presencia-de-lluvia-severa-para-19-municipios\/\" \/>\n<meta property=\"og:site_name\" content=\"Sonora en Equipo.\" \/>\n<meta property=\"article:publisher\" content=\"https:\/\/www.facebook.com\/SonoraEE\/\" \/>\n<meta property=\"article:author\" content=\"https:\/\/www.facebook.com\/SonoraEE\" \/>\n<meta property=\"article:published_time\" content=\"2019-09-22T22:03:27+00:00\" \/>\n<meta property=\"article:modified_time\" content=\"2019-09-23T14:52:52+00:00\" \/>\n<meta property=\"og:image\" content=\"https:\/\/www.sonoraenequipo.com.mx\/storage\/2019\/09\/coe2.jpg\" \/>\n\t<meta property=\"og:image:width\" content=\"600\" \/>\n\t<meta property=\"og:image:height\" content=\"392\" \/>\n\t<meta property=\"og:image:type\" content=\"image\/jpeg\" \/>\n<meta name=\"author\" content=\"enequipo\" \/>\n<meta name=\"twitter:card\" content=\"summary_large_image\" \/>\n<meta name=\"twitter:creator\" content=\"@sonoraenequipo\" \/>\n<meta name=\"twitter:site\" content=\"@sonoraenequipo\" \/>\n<meta name=\"twitter:label1\" content=\"Escrito por\" \/>\n\t<meta name=\"twitter:data1\" content=\"enequipo\" \/>\n\t<meta name=\"twitter:label2\" content=\"Tiempo de lectura\" \/>\n\t<meta name=\"twitter:data2\" content=\"4 minutos\" \/>\n<script type=\"application\/ld+json\" class=\"yoast-schema-graph\">{\"@context\":\"https:\/\/schema.org\",\"@graph\":[{\"@type\":\"Article\",\"@id\":\"https:\/\/www.sonoraenequipo.com.mx\/gobernadora-pavlovich-solicita-declaratoria-de-emergencia-por-presencia-de-lluvia-severa-para-19-municipios\/#article\",\"isPartOf\":{\"@id\":\"https:\/\/www.sonoraenequipo.com.mx\/gobernadora-pavlovich-solicita-declaratoria-de-emergencia-por-presencia-de-lluvia-severa-para-19-municipios\/\"},\"author\":{\"name\":\"enequipo\",\"@id\":\"https:\/\/www.sonoraenequipo.com.mx\/#\/schema\/person\/50102df0fb23a8fa9e8effad8fa81386\"},\"headline\":\"Gobernadora Pavlovich solicita Declaratoria de Emergencia por presencia de lluvia severa para 19 municipios\",\"datePublished\":\"2019-09-22T22:03:27+00:00\",\"dateModified\":\"2019-09-23T14:52:52+00:00\",\"mainEntityOfPage\":{\"@id\":\"https:\/\/www.sonoraenequipo.com.mx\/gobernadora-pavlovich-solicita-declaratoria-de-emergencia-por-presencia-de-lluvia-severa-para-19-municipios\/\"},\"wordCount\":826,\"commentCount\":0,\"publisher\":{\"@id\":\"https:\/\/www.sonoraenequipo.com.mx\/#organization\"},\"image\":{\"@id\":\"https:\/\/www.sonoraenequipo.com.mx\/gobernadora-pavlovich-solicita-declaratoria-de-emergencia-por-presencia-de-lluvia-severa-para-19-municipios\/#primaryimage\"},\"thumbnailUrl\":\"https:\/\/www.sonoraenequipo.com.mx\/storage\/2019\/09\/coe2.jpg\",\"keywords\":[\"Lluvias\",\"lorena\",\"Sonora\"],\"articleSection\":[\"Sonora\"],\"inLanguage\":\"es\",\"potentialAction\":[{\"@type\":\"CommentAction\",\"name\":\"Comment\",\"target\":[\"https:\/\/www.sonoraenequipo.com.mx\/gobernadora-pavlovich-solicita-declaratoria-de-emergencia-por-presencia-de-lluvia-severa-para-19-municipios\/#respond\"]}]},{\"@type\":\"WebPage\",\"@id\":\"https:\/\/www.sonoraenequipo.com.mx\/gobernadora-pavlovich-solicita-declaratoria-de-emergencia-por-presencia-de-lluvia-severa-para-19-municipios\/\",\"url\":\"https:\/\/www.sonoraenequipo.com.mx\/gobernadora-pavlovich-solicita-declaratoria-de-emergencia-por-presencia-de-lluvia-severa-para-19-municipios\/\",\"name\":\"Sonora en Equipo. Gobernadora Pavlovich solicita Declaratoria de Emergencia por presencia de lluvia severa para 19 municipios Sonora\",\"isPartOf\":{\"@id\":\"https:\/\/www.sonoraenequipo.com.mx\/#website\"},\"primaryImageOfPage\":{\"@id\":\"https:\/\/www.sonoraenequipo.com.mx\/gobernadora-pavlovich-solicita-declaratoria-de-emergencia-por-presencia-de-lluvia-severa-para-19-municipios\/#primaryimage\"},\"image\":{\"@id\":\"https:\/\/www.sonoraenequipo.com.mx\/gobernadora-pavlovich-solicita-declaratoria-de-emergencia-por-presencia-de-lluvia-severa-para-19-municipios\/#primaryimage\"},\"thumbnailUrl\":\"https:\/\/www.sonoraenequipo.com.mx\/storage\/2019\/09\/coe2.jpg\",\"datePublished\":\"2019-09-22T22:03:27+00:00\",\"dateModified\":\"2019-09-23T14:52:52+00:00\",\"description\":\"HERMOSILLO, SONORA, MX. \u2014 Al encabezar la sesi\u00f3n del Comit\u00e9 de Operaci\u00f3n de Emergencias (COE), la gobernadora Claudia Pavlovich Arellano solicit\u00f3 a David En Sonora en Equipo publicamos toda la informaci\u00f3n de Sonora, M\u00e9xico y el Mundo de manera oportuna y busca que la libertad de expresi\u00f3n sea real. Visita nuestro medio informativo publicado desde Hermosillo, Sonora. %\",\"breadcrumb\":{\"@id\":\"https:\/\/www.sonoraenequipo.com.mx\/gobernadora-pavlovich-solicita-declaratoria-de-emergencia-por-presencia-de-lluvia-severa-para-19-municipios\/#breadcrumb\"},\"inLanguage\":\"es\",\"potentialAction\":[{\"@type\":\"ReadAction\",\"target\":[\"https:\/\/www.sonoraenequipo.com.mx\/gobernadora-pavlovich-solicita-declaratoria-de-emergencia-por-presencia-de-lluvia-severa-para-19-municipios\/\"]}]},{\"@type\":\"ImageObject\",\"inLanguage\":\"es\",\"@id\":\"https:\/\/www.sonoraenequipo.com.mx\/gobernadora-pavlovich-solicita-declaratoria-de-emergencia-por-presencia-de-lluvia-severa-para-19-municipios\/#primaryimage\",\"url\":\"https:\/\/www.sonoraenequipo.com.mx\/storage\/2019\/09\/coe2.jpg\",\"contentUrl\":\"https:\/\/www.sonoraenequipo.com.mx\/storage\/2019\/09\/coe2.jpg\",\"width\":600,\"height\":392},{\"@type\":\"BreadcrumbList\",\"@id\":\"https:\/\/www.sonoraenequipo.com.mx\/gobernadora-pavlovich-solicita-declaratoria-de-emergencia-por-presencia-de-lluvia-severa-para-19-municipios\/#breadcrumb\",\"itemListElement\":[{\"@type\":\"ListItem\",\"position\":1,\"name\":\"Portada\",\"item\":\"https:\/\/www.sonoraenequipo.com.mx\/\"},{\"@type\":\"ListItem\",\"position\":2,\"name\":\"Gobernadora Pavlovich solicita Declaratoria de Emergencia por presencia de lluvia severa para 19 municipios\"}]},{\"@type\":\"WebSite\",\"@id\":\"https:\/\/www.sonoraenequipo.com.mx\/#website\",\"url\":\"https:\/\/www.sonoraenequipo.com.mx\/\",\"name\":\"Sonora en Equipo.\",\"description\":\"Diario en l\u00ednea con Noticias desde Hermosillo, Sonora\",\"publisher\":{\"@id\":\"https:\/\/www.sonoraenequipo.com.mx\/#organization\"},\"potentialAction\":[{\"@type\":\"SearchAction\",\"target\":{\"@type\":\"EntryPoint\",\"urlTemplate\":\"https:\/\/www.sonoraenequipo.com.mx\/?s={search_term_string}\"},\"query-input\":{\"@type\":\"PropertyValueSpecification\",\"valueRequired\":true,\"valueName\":\"search_term_string\"}}],\"inLanguage\":\"es\"},{\"@type\":\"Organization\",\"@id\":\"https:\/\/www.sonoraenequipo.com.mx\/#organization\",\"name\":\"Sonoraenequipo.com.mx\",\"url\":\"https:\/\/www.sonoraenequipo.com.mx\/\",\"logo\":{\"@type\":\"ImageObject\",\"inLanguage\":\"es\",\"@id\":\"https:\/\/www.sonoraenequipo.com.mx\/#\/schema\/logo\/image\/\",\"url\":\"https:\/\/www.sonoraenequipo.com.mx\/storage\/2019\/01\/sonoraenequipo_opt.png\",\"contentUrl\":\"https:\/\/www.sonoraenequipo.com.mx\/storage\/2019\/01\/sonoraenequipo_opt.png\",\"width\":375,\"height\":125,\"caption\":\"Sonoraenequipo.com.mx\"},\"image\":{\"@id\":\"https:\/\/www.sonoraenequipo.com.mx\/#\/schema\/logo\/image\/\"},\"sameAs\":[\"https:\/\/www.facebook.com\/SonoraEE\/\",\"https:\/\/x.com\/sonoraenequipo\",\"https:\/\/www.youtube.com\/channel\/UC338nW-lPEYmJQs4ZABQ1SQ\"]},{\"@type\":\"Person\",\"@id\":\"https:\/\/www.sonoraenequipo.com.mx\/#\/schema\/person\/50102df0fb23a8fa9e8effad8fa81386\",\"name\":\"enequipo\",\"image\":{\"@type\":\"ImageObject\",\"inLanguage\":\"es\",\"@id\":\"https:\/\/www.sonoraenequipo.com.mx\/#\/schema\/person\/image\/\",\"url\":\"https:\/\/secure.gravatar.com\/avatar\/049821681b589dabc0bc20695993ccebb09f5b5d4d790cd9251b97faac7c652b?s=96&d=blank&r=g\",\"contentUrl\":\"https:\/\/secure.gravatar.com\/avatar\/049821681b589dabc0bc20695993ccebb09f5b5d4d790cd9251b97faac7c652b?s=96&d=blank&r=g\",\"caption\":\"enequipo\"},\"sameAs\":[\"https:\/\/www.facebook.com\/SonoraEE\"]}]}<\/script>\n ","yoast_head_json":{"title":"Sonora en Equipo. Gobernadora Pavlovich solicita Declaratoria de Emergencia por presencia de lluvia severa para 19 municipios Sonora","description":"HERMOSILLO, SONORA, MX. \u2014 Al encabezar la sesi\u00f3n del Comit\u00e9 de Operaci\u00f3n de Emergencias (COE), la gobernadora Claudia Pavlovich Arellano solicit\u00f3 a David En Sonora en Equipo publicamos toda la informaci\u00f3n de Sonora, M\u00e9xico y el Mundo de manera oportuna y busca que la libertad de expresi\u00f3n sea real. Visita nuestro medio informativo publicado desde Hermosillo, Sonora. %","robots":{"index":"index","follow":"follow","max-snippet":"max-snippet:-1","max-image-preview":"max-image-preview:large","max-video-preview":"max-video-preview:-1"},"canonical":"https:\/\/www.sonoraenequipo.com.mx\/gobernadora-pavlovich-solicita-declaratoria-de-emergencia-por-presencia-de-lluvia-severa-para-19-municipios\/","og_locale":"es_ES","og_type":"article","og_title":"Sonora en Equipo. Gobernadora Pavlovich solicita Declaratoria de Emergencia por presencia de lluvia severa para 19 municipios Sonora","og_description":"HERMOSILLO, SONORA, MX. \u2014 Al encabezar la sesi\u00f3n del Comit\u00e9 de Operaci\u00f3n de Emergencias (COE), la gobernadora Claudia Pavlovich Arellano solicit\u00f3 a David En Sonora en Equipo publicamos toda la informaci\u00f3n de Sonora, M\u00e9xico y el Mundo de manera oportuna y busca que la libertad de expresi\u00f3n sea real. Visita nuestro medio informativo publicado desde Hermosillo, Sonora. %","og_url":"https:\/\/www.sonoraenequipo.com.mx\/gobernadora-pavlovich-solicita-declaratoria-de-emergencia-por-presencia-de-lluvia-severa-para-19-municipios\/","og_site_name":"Sonora en Equipo.","article_publisher":"https:\/\/www.facebook.com\/SonoraEE\/","article_author":"https:\/\/www.facebook.com\/SonoraEE","article_published_time":"2019-09-22T22:03:27+00:00","article_modified_time":"2019-09-23T14:52:52+00:00","og_image":[{"width":600,"height":392,"url":"https:\/\/www.sonoraenequipo.com.mx\/storage\/2019\/09\/coe2.jpg","type":"image\/jpeg"}],"author":"enequipo","twitter_card":"summary_large_image","twitter_creator":"@sonoraenequipo","twitter_site":"@sonoraenequipo","twitter_misc":{"Escrito por":"enequipo","Tiempo de lectura":"4 minutos"},"schema":{"@context":"https:\/\/schema.org","@graph":[{"@type":"Article","@id":"https:\/\/www.sonoraenequipo.com.mx\/gobernadora-pavlovich-solicita-declaratoria-de-emergencia-por-presencia-de-lluvia-severa-para-19-municipios\/#article","isPartOf":{"@id":"https:\/\/www.sonoraenequipo.com.mx\/gobernadora-pavlovich-solicita-declaratoria-de-emergencia-por-presencia-de-lluvia-severa-para-19-municipios\/"},"author":{"name":"enequipo","@id":"https:\/\/www.sonoraenequipo.com.mx\/#\/schema\/person\/50102df0fb23a8fa9e8effad8fa81386"},"headline":"Gobernadora Pavlovich solicita Declaratoria de Emergencia por presencia de lluvia severa para 19 municipios","datePublished":"2019-09-22T22:03:27+00:00","dateModified":"2019-09-23T14:52:52+00:00","mainEntityOfPage":{"@id":"https:\/\/www.sonoraenequipo.com.mx\/gobernadora-pavlovich-solicita-declaratoria-de-emergencia-por-presencia-de-lluvia-severa-para-19-municipios\/"},"wordCount":826,"commentCount":0,"publisher":{"@id":"https:\/\/www.sonoraenequipo.com.mx\/#organization"},"image":{"@id":"https:\/\/www.sonoraenequipo.com.mx\/gobernadora-pavlovich-solicita-declaratoria-de-emergencia-por-presencia-de-lluvia-severa-para-19-municipios\/#primaryimage"},"thumbnailUrl":"https:\/\/www.sonoraenequipo.com.mx\/storage\/2019\/09\/coe2.jpg","keywords":["Lluvias","lorena","Sonora"],"articleSection":["Sonora"],"inLanguage":"es","potentialAction":[{"@type":"CommentAction","name":"Comment","target":["https:\/\/www.sonoraenequipo.com.mx\/gobernadora-pavlovich-solicita-declaratoria-de-emergencia-por-presencia-de-lluvia-severa-para-19-municipios\/#respond"]}]},{"@type":"WebPage","@id":"https:\/\/www.sonoraenequipo.com.mx\/gobernadora-pavlovich-solicita-declaratoria-de-emergencia-por-presencia-de-lluvia-severa-para-19-municipios\/","url":"https:\/\/www.sonoraenequipo.com.mx\/gobernadora-pavlovich-solicita-declaratoria-de-emergencia-por-presencia-de-lluvia-severa-para-19-municipios\/","name":"Sonora en Equipo. Gobernadora Pavlovich solicita Declaratoria de Emergencia por presencia de lluvia severa para 19 municipios Sonora","isPartOf":{"@id":"https:\/\/www.sonoraenequipo.com.mx\/#website"},"primaryImageOfPage":{"@id":"https:\/\/www.sonoraenequipo.com.mx\/gobernadora-pavlovich-solicita-declaratoria-de-emergencia-por-presencia-de-lluvia-severa-para-19-municipios\/#primaryimage"},"image":{"@id":"https:\/\/www.sonoraenequipo.com.mx\/gobernadora-pavlovich-solicita-declaratoria-de-emergencia-por-presencia-de-lluvia-severa-para-19-municipios\/#primaryimage"},"thumbnailUrl":"https:\/\/www.sonoraenequipo.com.mx\/storage\/2019\/09\/coe2.jpg","datePublished":"2019-09-22T22:03:27+00:00","dateModified":"2019-09-23T14:52:52+00:00","description":"HERMOSILLO, SONORA, MX. \u2014 Al encabezar la sesi\u00f3n del Comit\u00e9 de Operaci\u00f3n de Emergencias (COE), la gobernadora Claudia Pavlovich Arellano solicit\u00f3 a David En Sonora en Equipo publicamos toda la informaci\u00f3n de Sonora, M\u00e9xico y el Mundo de manera oportuna y busca que la libertad de expresi\u00f3n sea real. Visita nuestro medio informativo publicado desde Hermosillo, Sonora. %","breadcrumb":{"@id":"https:\/\/www.sonoraenequipo.com.mx\/gobernadora-pavlovich-solicita-declaratoria-de-emergencia-por-presencia-de-lluvia-severa-para-19-municipios\/#breadcrumb"},"inLanguage":"es","potentialAction":[{"@type":"ReadAction","target":["https:\/\/www.sonoraenequipo.com.mx\/gobernadora-pavlovich-solicita-declaratoria-de-emergencia-por-presencia-de-lluvia-severa-para-19-municipios\/"]}]},{"@type":"ImageObject","inLanguage":"es","@id":"https:\/\/www.sonoraenequipo.com.mx\/gobernadora-pavlovich-solicita-declaratoria-de-emergencia-por-presencia-de-lluvia-severa-para-19-municipios\/#primaryimage","url":"https:\/\/www.sonoraenequipo.com.mx\/storage\/2019\/09\/coe2.jpg","contentUrl":"https:\/\/www.sonoraenequipo.com.mx\/storage\/2019\/09\/coe2.jpg","width":600,"height":392},{"@type":"BreadcrumbList","@id":"https:\/\/www.sonoraenequipo.com.mx\/gobernadora-pavlovich-solicita-declaratoria-de-emergencia-por-presencia-de-lluvia-severa-para-19-municipios\/#breadcrumb","itemListElement":[{"@type":"ListItem","position":1,"name":"Portada","item":"https:\/\/www.sonoraenequipo.com.mx\/"},{"@type":"ListItem","position":2,"name":"Gobernadora Pavlovich solicita Declaratoria de Emergencia por presencia de lluvia severa para 19 municipios"}]},{"@type":"WebSite","@id":"https:\/\/www.sonoraenequipo.com.mx\/#website","url":"https:\/\/www.sonoraenequipo.com.mx\/","name":"Sonora en Equipo.","description":"Diario en l\u00ednea con Noticias desde Hermosillo, Sonora","publisher":{"@id":"https:\/\/www.sonoraenequipo.com.mx\/#organization"},"potentialAction":[{"@type":"SearchAction","target":{"@type":"EntryPoint","urlTemplate":"https:\/\/www.sonoraenequipo.com.mx\/?s={search_term_string}"},"query-input":{"@type":"PropertyValueSpecification","valueRequired":true,"valueName":"search_term_string"}}],"inLanguage":"es"},{"@type":"Organization","@id":"https:\/\/www.sonoraenequipo.com.mx\/#organization","name":"Sonoraenequipo.com.mx","url":"https:\/\/www.sonoraenequipo.com.mx\/","logo":{"@type":"ImageObject","inLanguage":"es","@id":"https:\/\/www.sonoraenequipo.com.mx\/#\/schema\/logo\/image\/","url":"https:\/\/www.sonoraenequipo.com.mx\/storage\/2019\/01\/sonoraenequipo_opt.png","contentUrl":"https:\/\/www.sonoraenequipo.com.mx\/storage\/2019\/01\/sonoraenequipo_opt.png","width":375,"height":125,"caption":"Sonoraenequipo.com.mx"},"image":{"@id":"https:\/\/www.sonoraenequipo.com.mx\/#\/schema\/logo\/image\/"},"sameAs":["https:\/\/www.facebook.com\/SonoraEE\/","https:\/\/x.com\/sonoraenequipo","https:\/\/www.youtube.com\/channel\/UC338nW-lPEYmJQs4ZABQ1SQ"]},{"@type":"Person","@id":"https:\/\/www.sonoraenequipo.com.mx\/#\/schema\/person\/50102df0fb23a8fa9e8effad8fa81386","name":"enequipo","image":{"@type":"ImageObject","inLanguage":"es","@id":"https:\/\/www.sonoraenequipo.com.mx\/#\/schema\/person\/image\/","url":"https:\/\/secure.gravatar.com\/avatar\/049821681b589dabc0bc20695993ccebb09f5b5d4d790cd9251b97faac7c652b?s=96&d=blank&r=g","contentUrl":"https:\/\/secure.gravatar.com\/avatar\/049821681b589dabc0bc20695993ccebb09f5b5d4d790cd9251b97faac7c652b?s=96&d=blank&r=g","caption":"enequipo"},"sameAs":["https:\/\/www.facebook.com\/SonoraEE"]}]}},"jetpack_featured_media_url":"https:\/\/www.sonoraenequipo.com.mx\/storage\/2019\/09\/coe2.jpg","_links":{"self":[{"href":"https:\/\/www.sonoraenequipo.com.mx\/api\/wp\/v2\/posts\/67552","targetHints":{"allow":["GET"]}}],"collection":[{"href":"https:\/\/www.sonoraenequipo.com.mx\/api\/wp\/v2\/posts"}],"about":[{"href":"https:\/\/www.sonoraenequipo.com.mx\/api\/wp\/v2\/types\/post"}],"author":[{"embeddable":true,"href":"https:\/\/www.sonoraenequipo.com.mx\/api\/wp\/v2\/users\/1"}],"replies":[{"embeddable":true,"href":"https:\/\/www.sonoraenequipo.com.mx\/api\/wp\/v2\/comments?post=67552"}],"version-history":[{"count":0,"href":"https:\/\/www.sonoraenequipo.com.mx\/api\/wp\/v2\/posts\/67552\/revisions"}],"wp:featuredmedia":[{"embeddable":true,"href":"https:\/\/www.sonoraenequipo.com.mx\/api\/wp\/v2\/media\/67553"}],"wp:attachment":[{"href":"https:\/\/www.sonoraenequipo.com.mx\/api\/wp\/v2\/media?parent=67552"}],"wp:term":[{"taxonomy":"category","embeddable":true,"href":"https:\/\/www.sonoraenequipo.com.mx\/api\/wp\/v2\/categories?post=67552"},{"taxonomy":"post_tag","embeddable":true,"href":"https:\/\/www.sonoraenequipo.com.mx\/api\/wp\/v2\/tags?post=67552"}],"curies":[{"name":"wp","href":"https:\/\/api.w.org\/{rel}","templated":true}]}}