{"id":67555,"date":"2019-09-22T15:38:00","date_gmt":"2019-09-22T22:38:00","guid":{"rendered":"https:\/\/www.sonoraenequipo.com.mx\/?p=67555"},"modified":"2019-09-22T15:41:13","modified_gmt":"2019-09-22T22:41:13","slug":"seis-muertos-y-18-heridos-saldo-preliminar-de-camionazo-en-carretera-federal-15","status":"publish","type":"post","link":"https:\/\/www.sonoraenequipo.com.mx\/seis-muertos-y-18-heridos-saldo-preliminar-de-camionazo-en-carretera-federal-15\/","title":{"rendered":"Seis muertos y 18 heridos  saldo preliminar de camionazo en  carretera federal  15"},"content":{"rendered":"<p>HERMOSILLO,SONORA,MX.\u2500Esta madruga un autob\u00fas de la l\u00ednea Autobuses Coordinados de Nayarit, (ACN) con el n\u00famero econ\u00f3mico 710 volc\u00f3 a la altura del kil\u00f3metro 230 de la carretera federal 15 tramo Guaymas-Hermosillo dejando un saldo preliminar de 6 personas sin vida y 18 heridos de los cuales por lo menos 13 fueron atendidos y trasladados a un hospital de Hermosillo por CAPUFE. <\/p>\n<p>&nbsp;<\/p>\n<p>Se inform\u00f3 que el accidente se produjo a eso de las 04:30 horas, cuando el autob\u00fas con placas 51-HA-2R de M\u00e9xico, circulaba de sur a norte por la r\u00faa Federal proveniente de Nayarit y con destino a Ensenada, Baja California.<\/p>\n<p>&nbsp;<\/p>\n<p>Tres personas est\u00e1n identificadas por el momento entre ellos son dos menores; Melquie Denal\u00ed Casteste\u00ed de 10 a\u00f1os y Karla Estefan\u00eda Bautista Ortega de 4 a\u00f1os y Mar\u00eda Ruiz Ibarra de 74 a\u00f1os, se espera que en el transcurso de la ma\u00f1ana se d\u00e9 a conocer los nombres de todos los fallecidos y los lesionados.<\/p>\n<p>&nbsp;<\/p>\n<p>Al lugar acudi\u00f3 Cruz Roja quienes tambi\u00e9n realizaron traslados, mientras que personal de bomberos se hace cargo de realizar las maniobras para mover el cami\u00f3n ya que se presume que debajo de este hay m\u00e1s personas sin vida.<\/p>\n<p>Fecha de publicaci\u00f3n 22\/09\/2019 (InfoGuaymas)<\/p>\n","protected":false},"excerpt":{"rendered":"<p>HERMOSILLO,SONORA,MX.\u2500Esta madruga un autob\u00fas de la l\u00ednea Autobuses Coordinados de Nayarit, (ACN) con el n\u00famero&#8230;<\/p>\n","protected":false},"author":1,"featured_media":67556,"comment_status":"open","ping_status":"open","sticky":false,"template":"","format":"standard","meta":{"_monsterinsights_skip_tracking":false,"_monsterinsights_sitenote_active":false,"_monsterinsights_sitenote_note":"","_monsterinsights_sitenote_category":0,"footnotes":""},"categories":[22],"tags":[3539,621,35,3540],"class_list":["post"],"yoast_head":" \n<title>Sonora en Equipo. Seis muertos y 18 heridos saldo preliminar de camionazo en carretera federal 15 Sonora<\/title>\n<meta name=\"description\" content=\"HERMOSILLO,SONORA,MX.\u2500Esta madruga un autob\u00fas de la l\u00ednea Autobuses Coordinados de Nayarit, (ACN) con el n\u00famero econ\u00f3mico 710 volc\u00f3 a la altura del En Sonora en Equipo publicamos toda la informaci\u00f3n de Sonora, M\u00e9xico y el Mundo de manera oportuna y busca que la libertad de expresi\u00f3n sea real. Visita nuestro medio informativo publicado desde Hermosillo, Sonora. %\" \/>\n<meta name=\"robots\" content=\"index, follow, max-snippet:-1, max-image-preview:large, max-video-preview:-1\" \/>\n<link rel=\"canonical\" href=\"https:\/\/www.sonoraenequipo.com.mx\/seis-muertos-y-18-heridos-saldo-preliminar-de-camionazo-en-carretera-federal-15\/\" \/>\n<meta property=\"og:locale\" content=\"es_ES\" \/>\n<meta property=\"og:type\" content=\"article\" \/>\n<meta property=\"og:title\" content=\"Sonora en Equipo. Seis muertos y 18 heridos saldo preliminar de camionazo en carretera federal 15 Sonora\" \/>\n<meta property=\"og:description\" content=\"HERMOSILLO,SONORA,MX.\u2500Esta madruga un autob\u00fas de la l\u00ednea Autobuses Coordinados de Nayarit, (ACN) con el n\u00famero econ\u00f3mico 710 volc\u00f3 a la altura del En Sonora en Equipo publicamos toda la informaci\u00f3n de Sonora, M\u00e9xico y el Mundo de manera oportuna y busca que la libertad de expresi\u00f3n sea real. Visita nuestro medio informativo publicado desde Hermosillo, Sonora. %\" \/>\n<meta property=\"og:url\" content=\"https:\/\/www.sonoraenequipo.com.mx\/seis-muertos-y-18-heridos-saldo-preliminar-de-camionazo-en-carretera-federal-15\/\" \/>\n<meta property=\"og:site_name\" content=\"Sonora en Equipo.\" \/>\n<meta property=\"article:publisher\" content=\"https:\/\/www.facebook.com\/SonoraEE\/\" \/>\n<meta property=\"article:author\" content=\"https:\/\/www.facebook.com\/SonoraEE\" \/>\n<meta property=\"article:published_time\" content=\"2019-09-22T22:38:00+00:00\" \/>\n<meta property=\"article:modified_time\" content=\"2019-09-22T22:41:13+00:00\" \/>\n<meta property=\"og:image\" content=\"https:\/\/www.sonoraenequipo.com.mx\/storage\/2019\/09\/camionazo.jpg\" \/>\n\t<meta property=\"og:image:width\" content=\"600\" \/>\n\t<meta property=\"og:image:height\" content=\"450\" \/>\n\t<meta property=\"og:image:type\" content=\"image\/jpeg\" \/>\n<meta name=\"author\" content=\"enequipo\" \/>\n<meta name=\"twitter:card\" content=\"summary_large_image\" \/>\n<meta name=\"twitter:creator\" content=\"@sonoraenequipo\" \/>\n<meta name=\"twitter:site\" content=\"@sonoraenequipo\" \/>\n<meta name=\"twitter:label1\" content=\"Escrito por\" \/>\n\t<meta name=\"twitter:data1\" content=\"enequipo\" \/>\n\t<meta name=\"twitter:label2\" content=\"Tiempo de lectura\" \/>\n\t<meta name=\"twitter:data2\" content=\"1 minuto\" \/>\n<script type=\"application\/ld+json\" class=\"yoast-schema-graph\">{\"@context\":\"https:\/\/schema.org\",\"@graph\":[{\"@type\":\"Article\",\"@id\":\"https:\/\/www.sonoraenequipo.com.mx\/seis-muertos-y-18-heridos-saldo-preliminar-de-camionazo-en-carretera-federal-15\/#article\",\"isPartOf\":{\"@id\":\"https:\/\/www.sonoraenequipo.com.mx\/seis-muertos-y-18-heridos-saldo-preliminar-de-camionazo-en-carretera-federal-15\/\"},\"author\":{\"name\":\"enequipo\",\"@id\":\"https:\/\/www.sonoraenequipo.com.mx\/#\/schema\/person\/50102df0fb23a8fa9e8effad8fa81386\"},\"headline\":\"Seis muertos y 18 heridos saldo preliminar de camionazo en carretera federal 15\",\"datePublished\":\"2019-09-22T22:38:00+00:00\",\"dateModified\":\"2019-09-22T22:41:13+00:00\",\"mainEntityOfPage\":{\"@id\":\"https:\/\/www.sonoraenequipo.com.mx\/seis-muertos-y-18-heridos-saldo-preliminar-de-camionazo-en-carretera-federal-15\/\"},\"wordCount\":225,\"commentCount\":0,\"publisher\":{\"@id\":\"https:\/\/www.sonoraenequipo.com.mx\/#organization\"},\"image\":{\"@id\":\"https:\/\/www.sonoraenequipo.com.mx\/seis-muertos-y-18-heridos-saldo-preliminar-de-camionazo-en-carretera-federal-15\/#primaryimage\"},\"thumbnailUrl\":\"https:\/\/www.sonoraenequipo.com.mx\/storage\/2019\/09\/camionazo.jpg\",\"keywords\":[\"camionazo\",\"Guaymas\",\"hermosillo\",\"tramo\"],\"articleSection\":[\"Sonora\"],\"inLanguage\":\"es\",\"potentialAction\":[{\"@type\":\"CommentAction\",\"name\":\"Comment\",\"target\":[\"https:\/\/www.sonoraenequipo.com.mx\/seis-muertos-y-18-heridos-saldo-preliminar-de-camionazo-en-carretera-federal-15\/#respond\"]}]},{\"@type\":\"WebPage\",\"@id\":\"https:\/\/www.sonoraenequipo.com.mx\/seis-muertos-y-18-heridos-saldo-preliminar-de-camionazo-en-carretera-federal-15\/\",\"url\":\"https:\/\/www.sonoraenequipo.com.mx\/seis-muertos-y-18-heridos-saldo-preliminar-de-camionazo-en-carretera-federal-15\/\",\"name\":\"Sonora en Equipo. Seis muertos y 18 heridos saldo preliminar de camionazo en carretera federal 15 Sonora\",\"isPartOf\":{\"@id\":\"https:\/\/www.sonoraenequipo.com.mx\/#website\"},\"primaryImageOfPage\":{\"@id\":\"https:\/\/www.sonoraenequipo.com.mx\/seis-muertos-y-18-heridos-saldo-preliminar-de-camionazo-en-carretera-federal-15\/#primaryimage\"},\"image\":{\"@id\":\"https:\/\/www.sonoraenequipo.com.mx\/seis-muertos-y-18-heridos-saldo-preliminar-de-camionazo-en-carretera-federal-15\/#primaryimage\"},\"thumbnailUrl\":\"https:\/\/www.sonoraenequipo.com.mx\/storage\/2019\/09\/camionazo.jpg\",\"datePublished\":\"2019-09-22T22:38:00+00:00\",\"dateModified\":\"2019-09-22T22:41:13+00:00\",\"description\":\"HERMOSILLO,SONORA,MX.\u2500Esta madruga un autob\u00fas de la l\u00ednea Autobuses Coordinados de Nayarit, (ACN) con el n\u00famero econ\u00f3mico 710 volc\u00f3 a la altura del En Sonora en Equipo publicamos toda la informaci\u00f3n de Sonora, M\u00e9xico y el Mundo de manera oportuna y busca que la libertad de expresi\u00f3n sea real. Visita nuestro medio informativo publicado desde Hermosillo, Sonora. %\",\"breadcrumb\":{\"@id\":\"https:\/\/www.sonoraenequipo.com.mx\/seis-muertos-y-18-heridos-saldo-preliminar-de-camionazo-en-carretera-federal-15\/#breadcrumb\"},\"inLanguage\":\"es\",\"potentialAction\":[{\"@type\":\"ReadAction\",\"target\":[\"https:\/\/www.sonoraenequipo.com.mx\/seis-muertos-y-18-heridos-saldo-preliminar-de-camionazo-en-carretera-federal-15\/\"]}]},{\"@type\":\"ImageObject\",\"inLanguage\":\"es\",\"@id\":\"https:\/\/www.sonoraenequipo.com.mx\/seis-muertos-y-18-heridos-saldo-preliminar-de-camionazo-en-carretera-federal-15\/#primaryimage\",\"url\":\"https:\/\/www.sonoraenequipo.com.mx\/storage\/2019\/09\/camionazo.jpg\",\"contentUrl\":\"https:\/\/www.sonoraenequipo.com.mx\/storage\/2019\/09\/camionazo.jpg\",\"width\":600,\"height\":450,\"caption\":\"imagen, infoguaymas\"},{\"@type\":\"BreadcrumbList\",\"@id\":\"https:\/\/www.sonoraenequipo.com.mx\/seis-muertos-y-18-heridos-saldo-preliminar-de-camionazo-en-carretera-federal-15\/#breadcrumb\",\"itemListElement\":[{\"@type\":\"ListItem\",\"position\":1,\"name\":\"Portada\",\"item\":\"https:\/\/www.sonoraenequipo.com.mx\/\"},{\"@type\":\"ListItem\",\"position\":2,\"name\":\"Seis muertos y 18 heridos saldo preliminar de camionazo en carretera federal 15\"}]},{\"@type\":\"WebSite\",\"@id\":\"https:\/\/www.sonoraenequipo.com.mx\/#website\",\"url\":\"https:\/\/www.sonoraenequipo.com.mx\/\",\"name\":\"Sonora en Equipo.\",\"description\":\"Diario en l\u00ednea con Noticias desde Hermosillo, Sonora\",\"publisher\":{\"@id\":\"https:\/\/www.sonoraenequipo.com.mx\/#organization\"},\"potentialAction\":[{\"@type\":\"SearchAction\",\"target\":{\"@type\":\"EntryPoint\",\"urlTemplate\":\"https:\/\/www.sonoraenequipo.com.mx\/?s={search_term_string}\"},\"query-input\":{\"@type\":\"PropertyValueSpecification\",\"valueRequired\":true,\"valueName\":\"search_term_string\"}}],\"inLanguage\":\"es\"},{\"@type\":\"Organization\",\"@id\":\"https:\/\/www.sonoraenequipo.com.mx\/#organization\",\"name\":\"Sonoraenequipo.com.mx\",\"url\":\"https:\/\/www.sonoraenequipo.com.mx\/\",\"logo\":{\"@type\":\"ImageObject\",\"inLanguage\":\"es\",\"@id\":\"https:\/\/www.sonoraenequipo.com.mx\/#\/schema\/logo\/image\/\",\"url\":\"https:\/\/www.sonoraenequipo.com.mx\/storage\/2019\/01\/sonoraenequipo_opt.png\",\"contentUrl\":\"https:\/\/www.sonoraenequipo.com.mx\/storage\/2019\/01\/sonoraenequipo_opt.png\",\"width\":375,\"height\":125,\"caption\":\"Sonoraenequipo.com.mx\"},\"image\":{\"@id\":\"https:\/\/www.sonoraenequipo.com.mx\/#\/schema\/logo\/image\/\"},\"sameAs\":[\"https:\/\/www.facebook.com\/SonoraEE\/\",\"https:\/\/x.com\/sonoraenequipo\",\"https:\/\/www.youtube.com\/channel\/UC338nW-lPEYmJQs4ZABQ1SQ\"]},{\"@type\":\"Person\",\"@id\":\"https:\/\/www.sonoraenequipo.com.mx\/#\/schema\/person\/50102df0fb23a8fa9e8effad8fa81386\",\"name\":\"enequipo\",\"image\":{\"@type\":\"ImageObject\",\"inLanguage\":\"es\",\"@id\":\"https:\/\/www.sonoraenequipo.com.mx\/#\/schema\/person\/image\/\",\"url\":\"https:\/\/secure.gravatar.com\/avatar\/049821681b589dabc0bc20695993ccebb09f5b5d4d790cd9251b97faac7c652b?s=96&d=blank&r=g\",\"contentUrl\":\"https:\/\/secure.gravatar.com\/avatar\/049821681b589dabc0bc20695993ccebb09f5b5d4d790cd9251b97faac7c652b?s=96&d=blank&r=g\",\"caption\":\"enequipo\"},\"sameAs\":[\"https:\/\/www.facebook.com\/SonoraEE\"]}]}<\/script>\n ","yoast_head_json":{"title":"Sonora en Equipo. Seis muertos y 18 heridos saldo preliminar de camionazo en carretera federal 15 Sonora","description":"HERMOSILLO,SONORA,MX.\u2500Esta madruga un autob\u00fas de la l\u00ednea Autobuses Coordinados de Nayarit, (ACN) con el n\u00famero econ\u00f3mico 710 volc\u00f3 a la altura del En Sonora en Equipo publicamos toda la informaci\u00f3n de Sonora, M\u00e9xico y el Mundo de manera oportuna y busca que la libertad de expresi\u00f3n sea real. Visita nuestro medio informativo publicado desde Hermosillo, Sonora. %","robots":{"index":"index","follow":"follow","max-snippet":"max-snippet:-1","max-image-preview":"max-image-preview:large","max-video-preview":"max-video-preview:-1"},"canonical":"https:\/\/www.sonoraenequipo.com.mx\/seis-muertos-y-18-heridos-saldo-preliminar-de-camionazo-en-carretera-federal-15\/","og_locale":"es_ES","og_type":"article","og_title":"Sonora en Equipo. Seis muertos y 18 heridos saldo preliminar de camionazo en carretera federal 15 Sonora","og_description":"HERMOSILLO,SONORA,MX.\u2500Esta madruga un autob\u00fas de la l\u00ednea Autobuses Coordinados de Nayarit, (ACN) con el n\u00famero econ\u00f3mico 710 volc\u00f3 a la altura del En Sonora en Equipo publicamos toda la informaci\u00f3n de Sonora, M\u00e9xico y el Mundo de manera oportuna y busca que la libertad de expresi\u00f3n sea real. Visita nuestro medio informativo publicado desde Hermosillo, Sonora. %","og_url":"https:\/\/www.sonoraenequipo.com.mx\/seis-muertos-y-18-heridos-saldo-preliminar-de-camionazo-en-carretera-federal-15\/","og_site_name":"Sonora en Equipo.","article_publisher":"https:\/\/www.facebook.com\/SonoraEE\/","article_author":"https:\/\/www.facebook.com\/SonoraEE","article_published_time":"2019-09-22T22:38:00+00:00","article_modified_time":"2019-09-22T22:41:13+00:00","og_image":[{"width":600,"height":450,"url":"https:\/\/www.sonoraenequipo.com.mx\/storage\/2019\/09\/camionazo.jpg","type":"image\/jpeg"}],"author":"enequipo","twitter_card":"summary_large_image","twitter_creator":"@sonoraenequipo","twitter_site":"@sonoraenequipo","twitter_misc":{"Escrito por":"enequipo","Tiempo de lectura":"1 minuto"},"schema":{"@context":"https:\/\/schema.org","@graph":[{"@type":"Article","@id":"https:\/\/www.sonoraenequipo.com.mx\/seis-muertos-y-18-heridos-saldo-preliminar-de-camionazo-en-carretera-federal-15\/#article","isPartOf":{"@id":"https:\/\/www.sonoraenequipo.com.mx\/seis-muertos-y-18-heridos-saldo-preliminar-de-camionazo-en-carretera-federal-15\/"},"author":{"name":"enequipo","@id":"https:\/\/www.sonoraenequipo.com.mx\/#\/schema\/person\/50102df0fb23a8fa9e8effad8fa81386"},"headline":"Seis muertos y 18 heridos saldo preliminar de camionazo en carretera federal 15","datePublished":"2019-09-22T22:38:00+00:00","dateModified":"2019-09-22T22:41:13+00:00","mainEntityOfPage":{"@id":"https:\/\/www.sonoraenequipo.com.mx\/seis-muertos-y-18-heridos-saldo-preliminar-de-camionazo-en-carretera-federal-15\/"},"wordCount":225,"commentCount":0,"publisher":{"@id":"https:\/\/www.sonoraenequipo.com.mx\/#organization"},"image":{"@id":"https:\/\/www.sonoraenequipo.com.mx\/seis-muertos-y-18-heridos-saldo-preliminar-de-camionazo-en-carretera-federal-15\/#primaryimage"},"thumbnailUrl":"https:\/\/www.sonoraenequipo.com.mx\/storage\/2019\/09\/camionazo.jpg","keywords":["camionazo","Guaymas","hermosillo","tramo"],"articleSection":["Sonora"],"inLanguage":"es","potentialAction":[{"@type":"CommentAction","name":"Comment","target":["https:\/\/www.sonoraenequipo.com.mx\/seis-muertos-y-18-heridos-saldo-preliminar-de-camionazo-en-carretera-federal-15\/#respond"]}]},{"@type":"WebPage","@id":"https:\/\/www.sonoraenequipo.com.mx\/seis-muertos-y-18-heridos-saldo-preliminar-de-camionazo-en-carretera-federal-15\/","url":"https:\/\/www.sonoraenequipo.com.mx\/seis-muertos-y-18-heridos-saldo-preliminar-de-camionazo-en-carretera-federal-15\/","name":"Sonora en Equipo. Seis muertos y 18 heridos saldo preliminar de camionazo en carretera federal 15 Sonora","isPartOf":{"@id":"https:\/\/www.sonoraenequipo.com.mx\/#website"},"primaryImageOfPage":{"@id":"https:\/\/www.sonoraenequipo.com.mx\/seis-muertos-y-18-heridos-saldo-preliminar-de-camionazo-en-carretera-federal-15\/#primaryimage"},"image":{"@id":"https:\/\/www.sonoraenequipo.com.mx\/seis-muertos-y-18-heridos-saldo-preliminar-de-camionazo-en-carretera-federal-15\/#primaryimage"},"thumbnailUrl":"https:\/\/www.sonoraenequipo.com.mx\/storage\/2019\/09\/camionazo.jpg","datePublished":"2019-09-22T22:38:00+00:00","dateModified":"2019-09-22T22:41:13+00:00","description":"HERMOSILLO,SONORA,MX.\u2500Esta madruga un autob\u00fas de la l\u00ednea Autobuses Coordinados de Nayarit, (ACN) con el n\u00famero econ\u00f3mico 710 volc\u00f3 a la altura del En Sonora en Equipo publicamos toda la informaci\u00f3n de Sonora, M\u00e9xico y el Mundo de manera oportuna y busca que la libertad de expresi\u00f3n sea real. Visita nuestro medio informativo publicado desde Hermosillo, Sonora. %","breadcrumb":{"@id":"https:\/\/www.sonoraenequipo.com.mx\/seis-muertos-y-18-heridos-saldo-preliminar-de-camionazo-en-carretera-federal-15\/#breadcrumb"},"inLanguage":"es","potentialAction":[{"@type":"ReadAction","target":["https:\/\/www.sonoraenequipo.com.mx\/seis-muertos-y-18-heridos-saldo-preliminar-de-camionazo-en-carretera-federal-15\/"]}]},{"@type":"ImageObject","inLanguage":"es","@id":"https:\/\/www.sonoraenequipo.com.mx\/seis-muertos-y-18-heridos-saldo-preliminar-de-camionazo-en-carretera-federal-15\/#primaryimage","url":"https:\/\/www.sonoraenequipo.com.mx\/storage\/2019\/09\/camionazo.jpg","contentUrl":"https:\/\/www.sonoraenequipo.com.mx\/storage\/2019\/09\/camionazo.jpg","width":600,"height":450,"caption":"imagen, infoguaymas"},{"@type":"BreadcrumbList","@id":"https:\/\/www.sonoraenequipo.com.mx\/seis-muertos-y-18-heridos-saldo-preliminar-de-camionazo-en-carretera-federal-15\/#breadcrumb","itemListElement":[{"@type":"ListItem","position":1,"name":"Portada","item":"https:\/\/www.sonoraenequipo.com.mx\/"},{"@type":"ListItem","position":2,"name":"Seis muertos y 18 heridos saldo preliminar de camionazo en carretera federal 15"}]},{"@type":"WebSite","@id":"https:\/\/www.sonoraenequipo.com.mx\/#website","url":"https:\/\/www.sonoraenequipo.com.mx\/","name":"Sonora en Equipo.","description":"Diario en l\u00ednea con Noticias desde Hermosillo, Sonora","publisher":{"@id":"https:\/\/www.sonoraenequipo.com.mx\/#organization"},"potentialAction":[{"@type":"SearchAction","target":{"@type":"EntryPoint","urlTemplate":"https:\/\/www.sonoraenequipo.com.mx\/?s={search_term_string}"},"query-input":{"@type":"PropertyValueSpecification","valueRequired":true,"valueName":"search_term_string"}}],"inLanguage":"es"},{"@type":"Organization","@id":"https:\/\/www.sonoraenequipo.com.mx\/#organization","name":"Sonoraenequipo.com.mx","url":"https:\/\/www.sonoraenequipo.com.mx\/","logo":{"@type":"ImageObject","inLanguage":"es","@id":"https:\/\/www.sonoraenequipo.com.mx\/#\/schema\/logo\/image\/","url":"https:\/\/www.sonoraenequipo.com.mx\/storage\/2019\/01\/sonoraenequipo_opt.png","contentUrl":"https:\/\/www.sonoraenequipo.com.mx\/storage\/2019\/01\/sonoraenequipo_opt.png","width":375,"height":125,"caption":"Sonoraenequipo.com.mx"},"image":{"@id":"https:\/\/www.sonoraenequipo.com.mx\/#\/schema\/logo\/image\/"},"sameAs":["https:\/\/www.facebook.com\/SonoraEE\/","https:\/\/x.com\/sonoraenequipo","https:\/\/www.youtube.com\/channel\/UC338nW-lPEYmJQs4ZABQ1SQ"]},{"@type":"Person","@id":"https:\/\/www.sonoraenequipo.com.mx\/#\/schema\/person\/50102df0fb23a8fa9e8effad8fa81386","name":"enequipo","image":{"@type":"ImageObject","inLanguage":"es","@id":"https:\/\/www.sonoraenequipo.com.mx\/#\/schema\/person\/image\/","url":"https:\/\/secure.gravatar.com\/avatar\/049821681b589dabc0bc20695993ccebb09f5b5d4d790cd9251b97faac7c652b?s=96&d=blank&r=g","contentUrl":"https:\/\/secure.gravatar.com\/avatar\/049821681b589dabc0bc20695993ccebb09f5b5d4d790cd9251b97faac7c652b?s=96&d=blank&r=g","caption":"enequipo"},"sameAs":["https:\/\/www.facebook.com\/SonoraEE"]}]}},"jetpack_featured_media_url":"https:\/\/www.sonoraenequipo.com.mx\/storage\/2019\/09\/camionazo.jpg","_links":{"self":[{"href":"https:\/\/www.sonoraenequipo.com.mx\/api\/wp\/v2\/posts\/67555","targetHints":{"allow":["GET"]}}],"collection":[{"href":"https:\/\/www.sonoraenequipo.com.mx\/api\/wp\/v2\/posts"}],"about":[{"href":"https:\/\/www.sonoraenequipo.com.mx\/api\/wp\/v2\/types\/post"}],"author":[{"embeddable":true,"href":"https:\/\/www.sonoraenequipo.com.mx\/api\/wp\/v2\/users\/1"}],"replies":[{"embeddable":true,"href":"https:\/\/www.sonoraenequipo.com.mx\/api\/wp\/v2\/comments?post=67555"}],"version-history":[{"count":0,"href":"https:\/\/www.sonoraenequipo.com.mx\/api\/wp\/v2\/posts\/67555\/revisions"}],"wp:featuredmedia":[{"embeddable":true,"href":"https:\/\/www.sonoraenequipo.com.mx\/api\/wp\/v2\/media\/67556"}],"wp:attachment":[{"href":"https:\/\/www.sonoraenequipo.com.mx\/api\/wp\/v2\/media?parent=67555"}],"wp:term":[{"taxonomy":"category","embeddable":true,"href":"https:\/\/www.sonoraenequipo.com.mx\/api\/wp\/v2\/categories?post=67555"},{"taxonomy":"post_tag","embeddable":true,"href":"https:\/\/www.sonoraenequipo.com.mx\/api\/wp\/v2\/tags?post=67555"}],"curies":[{"name":"wp","href":"https:\/\/api.w.org\/{rel}","templated":true}]}}