{"id":67560,"date":"2019-09-22T21:29:43","date_gmt":"2019-09-23T04:29:43","guid":{"rendered":"https:\/\/www.sonoraenequipo.com.mx\/?p=67560"},"modified":"2019-09-24T05:41:12","modified_gmt":"2019-09-24T12:41:12","slug":"reconoce-coordinador-nacional-de-proteccion-civil-acciones-del-coe-en-sonora","status":"publish","type":"post","link":"https:\/\/www.sonoraenequipo.com.mx\/reconoce-coordinador-nacional-de-proteccion-civil-acciones-del-coe-en-sonora\/","title":{"rendered":"Reconoce Coordinador Nacional de Protecci\u00f3n Civil acciones del COE en Sonora"},"content":{"rendered":"<p>HERMOSILLO, SONORA, MX. \u2014 Las acciones preventivas realizadas por el Comit\u00e9 de Operaci\u00f3n de Emergencias (COE) logr\u00f3 que en Sonora el ingreso de Lorena, que ya se degrad\u00f3 a depresi\u00f3n tropical, provocara da\u00f1os materiales en vivienda e infraestructura carretera y caminos, expres\u00f3 David Le\u00f3n Romero, coordinador Nacional de Protecci\u00f3n Civil. <\/p>\n<p>En sesi\u00f3n del COE encabezado por el secretario de Gobierno, Miguel Pompa, en la cual dan seguimiento a las afectaciones que el fen\u00f3meno meteorol\u00f3gico dej\u00f3 a su paso en la entidad, se sostuvo enlace telef\u00f3nico con los presidentes municipales de Etchojoa, Huatabampo y representantes de los gobiernos municipales de Hermosillo y Cajeme, municipios que fueron afectados en su mayor\u00eda con da\u00f1os en viviendas y caminos.<\/p>\n<p>\u201cYo creo que el gran valor que tiene los consejos estatales cobra sentido cuando sesionan justo como el caso de Sonora, antes de que llegue la lluvia, &#8216;Lorena&#8217; es el sistema 22 que se forma de 33 que nos hab\u00eda pronosticado, afortunadamente desde antes de que se organizara como tormenta tropical ten\u00edamos un monitoreo muy cercano\u201d, manifest\u00f3 el funcionario federal.<\/p>\n<p>Tambi\u00e9n agradeci\u00f3 el trabajo de la Sedena, la CFE, Secretar\u00eda de Comunicaciones y Transportes, y de todos los organismos e instituciones involucradas y de la poblaci\u00f3n al atender las recomendaciones de Protecci\u00f3n Civil.<\/p>\n<p>Los alcaldes y representantes de los municipios solicitaron al coordinador Nacional de Protecci\u00f3n Civil apoyo para las comunidades afectadas, sobre todo en materia de vivienda, as\u00ed mismo, agradecieron la ayuda brindada desde el s\u00e1bado por parte del Gobierno del Estado al entregar despensas, colchonetas y agua.<\/p>\n<p>Acompa\u00f1ado de Isaac Mu\u00f1oz Navarro, comandante de la Cuarta Zona Militar y David Anaya Cooley, secretario de Seguridad, Miguel Pompa se\u00f1al\u00f3 que datos preliminares indican saldo blanco por Lorena en Sonora, gracias a los trabajos preventivos que se realizaron en el COE, instalado desde el pasado viernes, para monitorear e informar a la poblaci\u00f3n sobre el paso de este fen\u00f3meno meteorol\u00f3gico.<\/p>\n<p>El secretario de Gobierno, agradeci\u00f3 a todos los que participan en el COE porque cada quien hizo la parte que lo tocaba para evitar afectaciones a la poblaci\u00f3n como lo solicit\u00f3 desde un principio la gobernadora Claudia Pavlovich quien adem\u00e1s de estar atenta a este fen\u00f3meno natural, acudi\u00f3 a la reuni\u00f3n del COE donde hizo solicitud de Declaratoria de Emergencia para 19 municipios y atender lo m\u00e1s r\u00e1pido posible las necesidades de los sonorenses que resultaran afectados.<\/p>\n<p>Miguel Pompa, pidi\u00f3 a David Le\u00f3n Romero, coordinador Nacional de Protecci\u00f3n Civil, darle seguimiento a la Declaratoria de Emergencia por presencia de lluvia severa para 19 municipios, que la gobernadora Pavlovich solicit\u00f3 desde este s\u00e1bado.<\/p>\n<p>\u201cComo usted pudo escuchar a los alcaldes y a las presidentas municipales, la parte que viene ahora, posterior a este fen\u00f3meno es la limpieza, el apoyo de infraestructura que ellos tienen de carreteras y caminos, particularmente por tratarse de zonas muy vulnerables, en estas localidades hay muchas comunidades ind\u00edgenas, cuya idiosincrasia y la forma de construcci\u00f3n da\u00f1a much\u00edsimo lo que es su vivienda\u201d, reiter\u00f3.<\/p>\n<p>Presentes: Homero Landa Vera, subdirector general de Infraestructura Hidroagr\u00edcola de Conagua; Carlos Arias, director general de la Coordinaci\u00f3n Estatal de Protecci\u00f3n Civil; Jorge Taddei Bringas, delegado de la Secretar\u00eda de Bienestar en Sonora; Laura Lorena Robles Ru\u00edz, comisionada Estatal de Protecci\u00f3n contra Riesgos Sanitarios; y representantes de dependencias estatales y federales.<\/p>\n<p>Fecha de publicaci\u00f3n 22\/09\/2019<\/p>\n","protected":false},"excerpt":{"rendered":"<p>HERMOSILLO, SONORA, MX. \u2014 Las acciones preventivas realizadas por el Comit\u00e9 de Operaci\u00f3n de Emergencias&#8230;<\/p>\n","protected":false},"author":1,"featured_media":67561,"comment_status":"open","ping_status":"open","sticky":false,"template":"","format":"standard","meta":{"_monsterinsights_skip_tracking":false,"_monsterinsights_sitenote_active":false,"_monsterinsights_sitenote_note":"","_monsterinsights_sitenote_category":0,"footnotes":""},"categories":[22],"tags":[20,3541,15],"class_list":["post"],"yoast_head":" \n<title>Sonora en Equipo. Reconoce Coordinador Nacional de Protecci\u00f3n Civil acciones del COE en Sonora Sonora<\/title>\n<meta name=\"description\" content=\"HERMOSILLO, SONORA, MX. \u2014 Las acciones preventivas realizadas por el Comit\u00e9 de Operaci\u00f3n de Emergencias (COE) logr\u00f3 que en Sonora el ingreso de Lorena, En Sonora en Equipo publicamos toda la informaci\u00f3n de Sonora, M\u00e9xico y el Mundo de manera oportuna y busca que la libertad de expresi\u00f3n sea real. Visita nuestro medio informativo publicado desde Hermosillo, Sonora. %\" \/>\n<meta name=\"robots\" content=\"index, follow, max-snippet:-1, max-image-preview:large, max-video-preview:-1\" \/>\n<link rel=\"canonical\" href=\"https:\/\/www.sonoraenequipo.com.mx\/reconoce-coordinador-nacional-de-proteccion-civil-acciones-del-coe-en-sonora\/\" \/>\n<meta property=\"og:locale\" content=\"es_ES\" \/>\n<meta property=\"og:type\" content=\"article\" \/>\n<meta property=\"og:title\" content=\"Sonora en Equipo. Reconoce Coordinador Nacional de Protecci\u00f3n Civil acciones del COE en Sonora Sonora\" \/>\n<meta property=\"og:description\" content=\"HERMOSILLO, SONORA, MX. \u2014 Las acciones preventivas realizadas por el Comit\u00e9 de Operaci\u00f3n de Emergencias (COE) logr\u00f3 que en Sonora el ingreso de Lorena, En Sonora en Equipo publicamos toda la informaci\u00f3n de Sonora, M\u00e9xico y el Mundo de manera oportuna y busca que la libertad de expresi\u00f3n sea real. Visita nuestro medio informativo publicado desde Hermosillo, Sonora. %\" \/>\n<meta property=\"og:url\" content=\"https:\/\/www.sonoraenequipo.com.mx\/reconoce-coordinador-nacional-de-proteccion-civil-acciones-del-coe-en-sonora\/\" \/>\n<meta property=\"og:site_name\" content=\"Sonora en Equipo.\" \/>\n<meta property=\"article:publisher\" content=\"https:\/\/www.facebook.com\/SonoraEE\/\" \/>\n<meta property=\"article:author\" content=\"https:\/\/www.facebook.com\/SonoraEE\" \/>\n<meta property=\"article:published_time\" content=\"2019-09-23T04:29:43+00:00\" \/>\n<meta property=\"article:modified_time\" content=\"2019-09-24T12:41:12+00:00\" \/>\n<meta property=\"og:image\" content=\"https:\/\/www.sonoraenequipo.com.mx\/storage\/2019\/09\/coe3.jpg\" \/>\n\t<meta property=\"og:image:width\" content=\"600\" \/>\n\t<meta property=\"og:image:height\" content=\"400\" \/>\n\t<meta property=\"og:image:type\" content=\"image\/jpeg\" \/>\n<meta name=\"author\" content=\"enequipo\" \/>\n<meta name=\"twitter:card\" content=\"summary_large_image\" \/>\n<meta name=\"twitter:creator\" content=\"@sonoraenequipo\" \/>\n<meta name=\"twitter:site\" content=\"@sonoraenequipo\" \/>\n<meta name=\"twitter:label1\" content=\"Escrito por\" \/>\n\t<meta name=\"twitter:data1\" content=\"enequipo\" \/>\n\t<meta name=\"twitter:label2\" content=\"Tiempo de lectura\" \/>\n\t<meta name=\"twitter:data2\" content=\"3 minutos\" \/>\n<script type=\"application\/ld+json\" class=\"yoast-schema-graph\">{\"@context\":\"https:\/\/schema.org\",\"@graph\":[{\"@type\":\"Article\",\"@id\":\"https:\/\/www.sonoraenequipo.com.mx\/reconoce-coordinador-nacional-de-proteccion-civil-acciones-del-coe-en-sonora\/#article\",\"isPartOf\":{\"@id\":\"https:\/\/www.sonoraenequipo.com.mx\/reconoce-coordinador-nacional-de-proteccion-civil-acciones-del-coe-en-sonora\/\"},\"author\":{\"name\":\"enequipo\",\"@id\":\"https:\/\/www.sonoraenequipo.com.mx\/#\/schema\/person\/50102df0fb23a8fa9e8effad8fa81386\"},\"headline\":\"Reconoce Coordinador Nacional de Protecci\u00f3n Civil acciones del COE en Sonora\",\"datePublished\":\"2019-09-23T04:29:43+00:00\",\"dateModified\":\"2019-09-24T12:41:12+00:00\",\"mainEntityOfPage\":{\"@id\":\"https:\/\/www.sonoraenequipo.com.mx\/reconoce-coordinador-nacional-de-proteccion-civil-acciones-del-coe-en-sonora\/\"},\"wordCount\":598,\"commentCount\":0,\"publisher\":{\"@id\":\"https:\/\/www.sonoraenequipo.com.mx\/#organization\"},\"image\":{\"@id\":\"https:\/\/www.sonoraenequipo.com.mx\/reconoce-coordinador-nacional-de-proteccion-civil-acciones-del-coe-en-sonora\/#primaryimage\"},\"thumbnailUrl\":\"https:\/\/www.sonoraenequipo.com.mx\/storage\/2019\/09\/coe3.jpg\",\"keywords\":[\"Com\u00edte\",\"emergencias\",\"Sonora\"],\"articleSection\":[\"Sonora\"],\"inLanguage\":\"es\",\"potentialAction\":[{\"@type\":\"CommentAction\",\"name\":\"Comment\",\"target\":[\"https:\/\/www.sonoraenequipo.com.mx\/reconoce-coordinador-nacional-de-proteccion-civil-acciones-del-coe-en-sonora\/#respond\"]}]},{\"@type\":\"WebPage\",\"@id\":\"https:\/\/www.sonoraenequipo.com.mx\/reconoce-coordinador-nacional-de-proteccion-civil-acciones-del-coe-en-sonora\/\",\"url\":\"https:\/\/www.sonoraenequipo.com.mx\/reconoce-coordinador-nacional-de-proteccion-civil-acciones-del-coe-en-sonora\/\",\"name\":\"Sonora en Equipo. Reconoce Coordinador Nacional de Protecci\u00f3n Civil acciones del COE en Sonora Sonora\",\"isPartOf\":{\"@id\":\"https:\/\/www.sonoraenequipo.com.mx\/#website\"},\"primaryImageOfPage\":{\"@id\":\"https:\/\/www.sonoraenequipo.com.mx\/reconoce-coordinador-nacional-de-proteccion-civil-acciones-del-coe-en-sonora\/#primaryimage\"},\"image\":{\"@id\":\"https:\/\/www.sonoraenequipo.com.mx\/reconoce-coordinador-nacional-de-proteccion-civil-acciones-del-coe-en-sonora\/#primaryimage\"},\"thumbnailUrl\":\"https:\/\/www.sonoraenequipo.com.mx\/storage\/2019\/09\/coe3.jpg\",\"datePublished\":\"2019-09-23T04:29:43+00:00\",\"dateModified\":\"2019-09-24T12:41:12+00:00\",\"description\":\"HERMOSILLO, SONORA, MX. \u2014 Las acciones preventivas realizadas por el Comit\u00e9 de Operaci\u00f3n de Emergencias (COE) logr\u00f3 que en Sonora el ingreso de Lorena, En Sonora en Equipo publicamos toda la informaci\u00f3n de Sonora, M\u00e9xico y el Mundo de manera oportuna y busca que la libertad de expresi\u00f3n sea real. Visita nuestro medio informativo publicado desde Hermosillo, Sonora. %\",\"breadcrumb\":{\"@id\":\"https:\/\/www.sonoraenequipo.com.mx\/reconoce-coordinador-nacional-de-proteccion-civil-acciones-del-coe-en-sonora\/#breadcrumb\"},\"inLanguage\":\"es\",\"potentialAction\":[{\"@type\":\"ReadAction\",\"target\":[\"https:\/\/www.sonoraenequipo.com.mx\/reconoce-coordinador-nacional-de-proteccion-civil-acciones-del-coe-en-sonora\/\"]}]},{\"@type\":\"ImageObject\",\"inLanguage\":\"es\",\"@id\":\"https:\/\/www.sonoraenequipo.com.mx\/reconoce-coordinador-nacional-de-proteccion-civil-acciones-del-coe-en-sonora\/#primaryimage\",\"url\":\"https:\/\/www.sonoraenequipo.com.mx\/storage\/2019\/09\/coe3.jpg\",\"contentUrl\":\"https:\/\/www.sonoraenequipo.com.mx\/storage\/2019\/09\/coe3.jpg\",\"width\":600,\"height\":400},{\"@type\":\"BreadcrumbList\",\"@id\":\"https:\/\/www.sonoraenequipo.com.mx\/reconoce-coordinador-nacional-de-proteccion-civil-acciones-del-coe-en-sonora\/#breadcrumb\",\"itemListElement\":[{\"@type\":\"ListItem\",\"position\":1,\"name\":\"Portada\",\"item\":\"https:\/\/www.sonoraenequipo.com.mx\/\"},{\"@type\":\"ListItem\",\"position\":2,\"name\":\"Reconoce Coordinador Nacional de Protecci\u00f3n Civil acciones del COE en Sonora\"}]},{\"@type\":\"WebSite\",\"@id\":\"https:\/\/www.sonoraenequipo.com.mx\/#website\",\"url\":\"https:\/\/www.sonoraenequipo.com.mx\/\",\"name\":\"Sonora en Equipo.\",\"description\":\"Diario en l\u00ednea con Noticias desde Hermosillo, Sonora\",\"publisher\":{\"@id\":\"https:\/\/www.sonoraenequipo.com.mx\/#organization\"},\"potentialAction\":[{\"@type\":\"SearchAction\",\"target\":{\"@type\":\"EntryPoint\",\"urlTemplate\":\"https:\/\/www.sonoraenequipo.com.mx\/?s={search_term_string}\"},\"query-input\":{\"@type\":\"PropertyValueSpecification\",\"valueRequired\":true,\"valueName\":\"search_term_string\"}}],\"inLanguage\":\"es\"},{\"@type\":\"Organization\",\"@id\":\"https:\/\/www.sonoraenequipo.com.mx\/#organization\",\"name\":\"Sonoraenequipo.com.mx\",\"url\":\"https:\/\/www.sonoraenequipo.com.mx\/\",\"logo\":{\"@type\":\"ImageObject\",\"inLanguage\":\"es\",\"@id\":\"https:\/\/www.sonoraenequipo.com.mx\/#\/schema\/logo\/image\/\",\"url\":\"https:\/\/www.sonoraenequipo.com.mx\/storage\/2019\/01\/sonoraenequipo_opt.png\",\"contentUrl\":\"https:\/\/www.sonoraenequipo.com.mx\/storage\/2019\/01\/sonoraenequipo_opt.png\",\"width\":375,\"height\":125,\"caption\":\"Sonoraenequipo.com.mx\"},\"image\":{\"@id\":\"https:\/\/www.sonoraenequipo.com.mx\/#\/schema\/logo\/image\/\"},\"sameAs\":[\"https:\/\/www.facebook.com\/SonoraEE\/\",\"https:\/\/x.com\/sonoraenequipo\",\"https:\/\/www.youtube.com\/channel\/UC338nW-lPEYmJQs4ZABQ1SQ\"]},{\"@type\":\"Person\",\"@id\":\"https:\/\/www.sonoraenequipo.com.mx\/#\/schema\/person\/50102df0fb23a8fa9e8effad8fa81386\",\"name\":\"enequipo\",\"image\":{\"@type\":\"ImageObject\",\"inLanguage\":\"es\",\"@id\":\"https:\/\/www.sonoraenequipo.com.mx\/#\/schema\/person\/image\/\",\"url\":\"https:\/\/secure.gravatar.com\/avatar\/049821681b589dabc0bc20695993ccebb09f5b5d4d790cd9251b97faac7c652b?s=96&d=blank&r=g\",\"contentUrl\":\"https:\/\/secure.gravatar.com\/avatar\/049821681b589dabc0bc20695993ccebb09f5b5d4d790cd9251b97faac7c652b?s=96&d=blank&r=g\",\"caption\":\"enequipo\"},\"sameAs\":[\"https:\/\/www.facebook.com\/SonoraEE\"]}]}<\/script>\n ","yoast_head_json":{"title":"Sonora en Equipo. Reconoce Coordinador Nacional de Protecci\u00f3n Civil acciones del COE en Sonora Sonora","description":"HERMOSILLO, SONORA, MX. \u2014 Las acciones preventivas realizadas por el Comit\u00e9 de Operaci\u00f3n de Emergencias (COE) logr\u00f3 que en Sonora el ingreso de Lorena, En Sonora en Equipo publicamos toda la informaci\u00f3n de Sonora, M\u00e9xico y el Mundo de manera oportuna y busca que la libertad de expresi\u00f3n sea real. Visita nuestro medio informativo publicado desde Hermosillo, Sonora. %","robots":{"index":"index","follow":"follow","max-snippet":"max-snippet:-1","max-image-preview":"max-image-preview:large","max-video-preview":"max-video-preview:-1"},"canonical":"https:\/\/www.sonoraenequipo.com.mx\/reconoce-coordinador-nacional-de-proteccion-civil-acciones-del-coe-en-sonora\/","og_locale":"es_ES","og_type":"article","og_title":"Sonora en Equipo. Reconoce Coordinador Nacional de Protecci\u00f3n Civil acciones del COE en Sonora Sonora","og_description":"HERMOSILLO, SONORA, MX. \u2014 Las acciones preventivas realizadas por el Comit\u00e9 de Operaci\u00f3n de Emergencias (COE) logr\u00f3 que en Sonora el ingreso de Lorena, En Sonora en Equipo publicamos toda la informaci\u00f3n de Sonora, M\u00e9xico y el Mundo de manera oportuna y busca que la libertad de expresi\u00f3n sea real. Visita nuestro medio informativo publicado desde Hermosillo, Sonora. %","og_url":"https:\/\/www.sonoraenequipo.com.mx\/reconoce-coordinador-nacional-de-proteccion-civil-acciones-del-coe-en-sonora\/","og_site_name":"Sonora en Equipo.","article_publisher":"https:\/\/www.facebook.com\/SonoraEE\/","article_author":"https:\/\/www.facebook.com\/SonoraEE","article_published_time":"2019-09-23T04:29:43+00:00","article_modified_time":"2019-09-24T12:41:12+00:00","og_image":[{"width":600,"height":400,"url":"https:\/\/www.sonoraenequipo.com.mx\/storage\/2019\/09\/coe3.jpg","type":"image\/jpeg"}],"author":"enequipo","twitter_card":"summary_large_image","twitter_creator":"@sonoraenequipo","twitter_site":"@sonoraenequipo","twitter_misc":{"Escrito por":"enequipo","Tiempo de lectura":"3 minutos"},"schema":{"@context":"https:\/\/schema.org","@graph":[{"@type":"Article","@id":"https:\/\/www.sonoraenequipo.com.mx\/reconoce-coordinador-nacional-de-proteccion-civil-acciones-del-coe-en-sonora\/#article","isPartOf":{"@id":"https:\/\/www.sonoraenequipo.com.mx\/reconoce-coordinador-nacional-de-proteccion-civil-acciones-del-coe-en-sonora\/"},"author":{"name":"enequipo","@id":"https:\/\/www.sonoraenequipo.com.mx\/#\/schema\/person\/50102df0fb23a8fa9e8effad8fa81386"},"headline":"Reconoce Coordinador Nacional de Protecci\u00f3n Civil acciones del COE en Sonora","datePublished":"2019-09-23T04:29:43+00:00","dateModified":"2019-09-24T12:41:12+00:00","mainEntityOfPage":{"@id":"https:\/\/www.sonoraenequipo.com.mx\/reconoce-coordinador-nacional-de-proteccion-civil-acciones-del-coe-en-sonora\/"},"wordCount":598,"commentCount":0,"publisher":{"@id":"https:\/\/www.sonoraenequipo.com.mx\/#organization"},"image":{"@id":"https:\/\/www.sonoraenequipo.com.mx\/reconoce-coordinador-nacional-de-proteccion-civil-acciones-del-coe-en-sonora\/#primaryimage"},"thumbnailUrl":"https:\/\/www.sonoraenequipo.com.mx\/storage\/2019\/09\/coe3.jpg","keywords":["Com\u00edte","emergencias","Sonora"],"articleSection":["Sonora"],"inLanguage":"es","potentialAction":[{"@type":"CommentAction","name":"Comment","target":["https:\/\/www.sonoraenequipo.com.mx\/reconoce-coordinador-nacional-de-proteccion-civil-acciones-del-coe-en-sonora\/#respond"]}]},{"@type":"WebPage","@id":"https:\/\/www.sonoraenequipo.com.mx\/reconoce-coordinador-nacional-de-proteccion-civil-acciones-del-coe-en-sonora\/","url":"https:\/\/www.sonoraenequipo.com.mx\/reconoce-coordinador-nacional-de-proteccion-civil-acciones-del-coe-en-sonora\/","name":"Sonora en Equipo. Reconoce Coordinador Nacional de Protecci\u00f3n Civil acciones del COE en Sonora Sonora","isPartOf":{"@id":"https:\/\/www.sonoraenequipo.com.mx\/#website"},"primaryImageOfPage":{"@id":"https:\/\/www.sonoraenequipo.com.mx\/reconoce-coordinador-nacional-de-proteccion-civil-acciones-del-coe-en-sonora\/#primaryimage"},"image":{"@id":"https:\/\/www.sonoraenequipo.com.mx\/reconoce-coordinador-nacional-de-proteccion-civil-acciones-del-coe-en-sonora\/#primaryimage"},"thumbnailUrl":"https:\/\/www.sonoraenequipo.com.mx\/storage\/2019\/09\/coe3.jpg","datePublished":"2019-09-23T04:29:43+00:00","dateModified":"2019-09-24T12:41:12+00:00","description":"HERMOSILLO, SONORA, MX. \u2014 Las acciones preventivas realizadas por el Comit\u00e9 de Operaci\u00f3n de Emergencias (COE) logr\u00f3 que en Sonora el ingreso de Lorena, En Sonora en Equipo publicamos toda la informaci\u00f3n de Sonora, M\u00e9xico y el Mundo de manera oportuna y busca que la libertad de expresi\u00f3n sea real. Visita nuestro medio informativo publicado desde Hermosillo, Sonora. %","breadcrumb":{"@id":"https:\/\/www.sonoraenequipo.com.mx\/reconoce-coordinador-nacional-de-proteccion-civil-acciones-del-coe-en-sonora\/#breadcrumb"},"inLanguage":"es","potentialAction":[{"@type":"ReadAction","target":["https:\/\/www.sonoraenequipo.com.mx\/reconoce-coordinador-nacional-de-proteccion-civil-acciones-del-coe-en-sonora\/"]}]},{"@type":"ImageObject","inLanguage":"es","@id":"https:\/\/www.sonoraenequipo.com.mx\/reconoce-coordinador-nacional-de-proteccion-civil-acciones-del-coe-en-sonora\/#primaryimage","url":"https:\/\/www.sonoraenequipo.com.mx\/storage\/2019\/09\/coe3.jpg","contentUrl":"https:\/\/www.sonoraenequipo.com.mx\/storage\/2019\/09\/coe3.jpg","width":600,"height":400},{"@type":"BreadcrumbList","@id":"https:\/\/www.sonoraenequipo.com.mx\/reconoce-coordinador-nacional-de-proteccion-civil-acciones-del-coe-en-sonora\/#breadcrumb","itemListElement":[{"@type":"ListItem","position":1,"name":"Portada","item":"https:\/\/www.sonoraenequipo.com.mx\/"},{"@type":"ListItem","position":2,"name":"Reconoce Coordinador Nacional de Protecci\u00f3n Civil acciones del COE en Sonora"}]},{"@type":"WebSite","@id":"https:\/\/www.sonoraenequipo.com.mx\/#website","url":"https:\/\/www.sonoraenequipo.com.mx\/","name":"Sonora en Equipo.","description":"Diario en l\u00ednea con Noticias desde Hermosillo, Sonora","publisher":{"@id":"https:\/\/www.sonoraenequipo.com.mx\/#organization"},"potentialAction":[{"@type":"SearchAction","target":{"@type":"EntryPoint","urlTemplate":"https:\/\/www.sonoraenequipo.com.mx\/?s={search_term_string}"},"query-input":{"@type":"PropertyValueSpecification","valueRequired":true,"valueName":"search_term_string"}}],"inLanguage":"es"},{"@type":"Organization","@id":"https:\/\/www.sonoraenequipo.com.mx\/#organization","name":"Sonoraenequipo.com.mx","url":"https:\/\/www.sonoraenequipo.com.mx\/","logo":{"@type":"ImageObject","inLanguage":"es","@id":"https:\/\/www.sonoraenequipo.com.mx\/#\/schema\/logo\/image\/","url":"https:\/\/www.sonoraenequipo.com.mx\/storage\/2019\/01\/sonoraenequipo_opt.png","contentUrl":"https:\/\/www.sonoraenequipo.com.mx\/storage\/2019\/01\/sonoraenequipo_opt.png","width":375,"height":125,"caption":"Sonoraenequipo.com.mx"},"image":{"@id":"https:\/\/www.sonoraenequipo.com.mx\/#\/schema\/logo\/image\/"},"sameAs":["https:\/\/www.facebook.com\/SonoraEE\/","https:\/\/x.com\/sonoraenequipo","https:\/\/www.youtube.com\/channel\/UC338nW-lPEYmJQs4ZABQ1SQ"]},{"@type":"Person","@id":"https:\/\/www.sonoraenequipo.com.mx\/#\/schema\/person\/50102df0fb23a8fa9e8effad8fa81386","name":"enequipo","image":{"@type":"ImageObject","inLanguage":"es","@id":"https:\/\/www.sonoraenequipo.com.mx\/#\/schema\/person\/image\/","url":"https:\/\/secure.gravatar.com\/avatar\/049821681b589dabc0bc20695993ccebb09f5b5d4d790cd9251b97faac7c652b?s=96&d=blank&r=g","contentUrl":"https:\/\/secure.gravatar.com\/avatar\/049821681b589dabc0bc20695993ccebb09f5b5d4d790cd9251b97faac7c652b?s=96&d=blank&r=g","caption":"enequipo"},"sameAs":["https:\/\/www.facebook.com\/SonoraEE"]}]}},"jetpack_featured_media_url":"https:\/\/www.sonoraenequipo.com.mx\/storage\/2019\/09\/coe3.jpg","_links":{"self":[{"href":"https:\/\/www.sonoraenequipo.com.mx\/api\/wp\/v2\/posts\/67560","targetHints":{"allow":["GET"]}}],"collection":[{"href":"https:\/\/www.sonoraenequipo.com.mx\/api\/wp\/v2\/posts"}],"about":[{"href":"https:\/\/www.sonoraenequipo.com.mx\/api\/wp\/v2\/types\/post"}],"author":[{"embeddable":true,"href":"https:\/\/www.sonoraenequipo.com.mx\/api\/wp\/v2\/users\/1"}],"replies":[{"embeddable":true,"href":"https:\/\/www.sonoraenequipo.com.mx\/api\/wp\/v2\/comments?post=67560"}],"version-history":[{"count":0,"href":"https:\/\/www.sonoraenequipo.com.mx\/api\/wp\/v2\/posts\/67560\/revisions"}],"wp:featuredmedia":[{"embeddable":true,"href":"https:\/\/www.sonoraenequipo.com.mx\/api\/wp\/v2\/media\/67561"}],"wp:attachment":[{"href":"https:\/\/www.sonoraenequipo.com.mx\/api\/wp\/v2\/media?parent=67560"}],"wp:term":[{"taxonomy":"category","embeddable":true,"href":"https:\/\/www.sonoraenequipo.com.mx\/api\/wp\/v2\/categories?post=67560"},{"taxonomy":"post_tag","embeddable":true,"href":"https:\/\/www.sonoraenequipo.com.mx\/api\/wp\/v2\/tags?post=67560"}],"curies":[{"name":"wp","href":"https:\/\/api.w.org\/{rel}","templated":true}]}}