{"id":67563,"date":"2019-09-22T21:59:41","date_gmt":"2019-09-23T04:59:41","guid":{"rendered":"https:\/\/www.sonoraenequipo.com.mx\/?p=67563"},"modified":"2019-09-24T05:42:07","modified_gmt":"2019-09-24T12:42:07","slug":"que-temas-seran-claves-en-reunion-de-la-asamblea-general-de-la-onu","status":"publish","type":"post","link":"https:\/\/www.sonoraenequipo.com.mx\/que-temas-seran-claves-en-reunion-de-la-asamblea-general-de-la-onu\/","title":{"rendered":"\u00bf Qu\u00e9 temas ser\u00e1n claves en reuni\u00f3n de la Asamblea General de la ONU?"},"content":{"rendered":"<p>WASHINGTON, ESTADOS UNIDOS. \u2014\u00a0 El martes comienza el debate de la Asamblea General de la Organizaci\u00f3n de las Naciones Unidas (UNGA, por sus siglas en ingl\u00e9s) en Nueva York, el evento que congrega a decenas de l\u00edderes, diplom\u00e1ticos y miembros de la sociedad civil de todo el mundo. <\/p>\n<p>La pobreza, la educaci\u00f3n y la inclusi\u00f3n son los tres temas que el Embajador de Nigeria ante el organismo, quien preside la 74ta Asamblea General de la ONU, eligi\u00f3 como prioritarios. Sin embargo, el panorama pol\u00edtico tambi\u00e9n marcar\u00e1 el pulso de uno de los encuentros diplom\u00e1ticos m\u00e1s grandes del a\u00f1o.<\/p>\n<p>\u00bfCu\u00e1les ser\u00e1n los temas que m\u00e1s destacar\u00e1n en la UNGA?<\/p>\n<p>Venezuela<\/p>\n<p>La ONU servir\u00e1 como escenario para retratar la lucha de poder en el pa\u00eds suramericano. A pesar de que la ONU no reconoce a Juan Guaid\u00f3 como el presidente encargado de Venezuela, una delegaci\u00f3n del gobierno interino estar\u00e1 presente durante al menos dos d\u00edas de la Asamblea General.<\/p>\n<p>A\u00fan no se sabe si el propio Guaid\u00f3 viajar\u00e1 a Nueva York, ya que est\u00e1 en la lista de participantes de un evento paralelo a la UNGA. Su enviado en Estados Unidos, Carlos Vecchio, dijo el lunes pasado que el presidente interino est\u00e1 \u201cconsiderando\u201d asistir a la Asamblea General.<\/p>\n<p>Por su parte, el presidente en disputa Nicol\u00e1s Maduro dijo que se quedar\u00e1 en Venezuela y que, en su lugar, la vicepresidenta Delcy Rodr\u00edguez y el canciller Jorge Arreaza lo representar\u00e1n frente a la comunidad internacional.<\/p>\n<p>Los pa\u00edses que reconocen a Guaid\u00f3 han demostrado ya que aprovechar\u00e1n la asamblea para presionar por la salida de Maduro del poder. El presidente de EE.UU., Donald Trump, se reunir\u00e1 el mi\u00e9rcoles con presidentes del continente para hablar sobre la crisis en el pa\u00eds.<\/p>\n<p>Por su parte, los cancilleres de los pa\u00edses que integran el Tratado Interamericano de Asistencia Rec\u00edproca (TIAR) se encontrar\u00e1n para invocar el pacto de defensa ante la situaci\u00f3n en la naci\u00f3n de la OPEP.<\/p>\n<p>Adicionalmente, el presidente de Colombia, Iv\u00e1n Duque, ha dicho que va a denunciar al gobierno en disputa ante la ONU por estar \u201cprotegiendo y patrocinando\u201d a grupos guerrilleros colombianos, como el ELN y las disidencias de las FARC, en su territorio.<\/p>\n<p><strong>Ir\u00e1n<\/strong><\/p>\n<p>La cumbre de la ONU llega en un momento en el que las relaciones entre Estados Unidos e Ir\u00e1n han llegado a su punto m\u00e1s \u00e1lgido en los \u00faltimos meses, despu\u00e9s de que el pa\u00eds norteamericano culpara a la rep\u00fablica isl\u00e1mica de estar detr\u00e1s del ataque a la mayor refiner\u00eda petrolera del mundo en Arabia Saud\u00ed.<\/p>\n<p>Aunque tanto Trump como Arabia Saud\u00ed culpan a Ir\u00e1n por el bombardeo con drones, el grupo yemen\u00ed Houthi, que lleva m\u00e1s de cuatro a\u00f1os en guerra con los saud\u00edes, se atribuy\u00f3 el ataque.<\/p>\n<p>A pesar de las fuertes sanciones, que llegaron en parte como represalia al bombardeo, EE.UU. dio luz verde a la entrada del presidente de Ir\u00e1n, Hassan Rouhani y al primer ministro al pa\u00eds para poder asistir a la UNGA.<\/p>\n<p>Aunque la posibilidad de un encuentro entre Rouhani y Trump se diluyera esta semana, con ambos l\u00edderes expres\u00e1ndose en contra de un di\u00e1logo, el secretario general de la ONU, Ant\u00f3nio Guterres, sugiri\u00f3 que el Consejo de Seguridad del organismo tuviera un papel importante en reducir las tensiones despu\u00e9s del ataque.<\/p>\n<p>Expertos de la ONU, que monitorean e informan al Consejo de Seguridad sobre la implementaci\u00f3n de las sanciones de la ONU contra Ir\u00e1n y Yemen, viajaron a Riad, junto con Guterres advirtieron el mi\u00e9rcoles que una confrontaci\u00f3n importante en el Golfo tendr\u00eda \u00abconsecuencias devastadoras\u00bb para la regi\u00f3n y el mundo.<\/p>\n<p>Cambio clim\u00e1tico<\/p>\n<p>Las acciones para pedir a los l\u00edderes mundiales que tomen acciones m\u00e1s agresivas contra el cambio clim\u00e1tico comenzaron con pie fuerte el viernes: millones de personas a nivel mundial se unieron a las marchas, convocadas por los j\u00f3venes, conocidas como la \u201chuelga del clima\u201d.<\/p>\n<p>En Nueva York, miles de personas llenaron las calles en una protesta a la que asisti\u00f3 Greta Thunberg, la activista adolescente por el medioambiente que se ha convertido en la cara del movimiento global.<\/p>\n<p>El lunes, un d\u00eda antes de que inicie el debate general, el secretario general presidir\u00e1 una Cumbre para la Acci\u00f3n Clim\u00e1tica, en la que Guterres espera presionar para que los pa\u00edses cumplan con las promesas del acuerdo de Par\u00eds del 2015, del cual EE.UU. se retir\u00f3 en el 2017.<\/p>\n<p>El discurso del presidente brasile\u00f1o Jair Bolsonaro tambi\u00e9n ser\u00e1 relevante respecto al tema medioambiental debido a los devastadores incendios que han quemado el Amazonas en las \u00faltimas semanas.<\/p>\n<p>El gobierno de Bolsonaro ha solicitado a la ONU incluir en su delegaci\u00f3n a dos funcionarios del gobierno interino venezolano de Juan Guaid\u00f3, para que participen oficialmente en la Asamblea General.<\/p>\n<p>Fecha de publicaci\u00f3n 22\/09\/2019 (Voz de\u00a0 Am\u00e9rica)<\/p>\n","protected":false},"excerpt":{"rendered":"<p>WASHINGTON, ESTADOS UNIDOS. \u2014\u00a0 El martes comienza el debate de la Asamblea General de la&#8230;<\/p>\n","protected":false},"author":1,"featured_media":67564,"comment_status":"open","ping_status":"open","sticky":false,"template":"","format":"standard","meta":{"_monsterinsights_skip_tracking":false,"_monsterinsights_sitenote_active":false,"_monsterinsights_sitenote_note":"","_monsterinsights_sitenote_category":0,"footnotes":""},"categories":[3],"tags":[151,3542],"class_list":["post"],"yoast_head":" \n<title>Sonora en Equipo. \u00bf Qu\u00e9 temas ser\u00e1n claves en reuni\u00f3n de la Asamblea General de la ONU? MUNDO<\/title>\n<meta name=\"description\" content=\"WASHINGTON, ESTADOS UNIDOS. \u2014\u00a0 El martes comienza el debate de la Asamblea General de la Organizaci\u00f3n de las Naciones Unidas (UNGA, por sus siglas en En Sonora en Equipo publicamos toda la informaci\u00f3n de Sonora, M\u00e9xico y el Mundo de manera oportuna y busca que la libertad de expresi\u00f3n sea real. Visita nuestro medio informativo publicado desde Hermosillo, Sonora. %\" \/>\n<meta name=\"robots\" content=\"index, follow, max-snippet:-1, max-image-preview:large, max-video-preview:-1\" \/>\n<link rel=\"canonical\" href=\"https:\/\/www.sonoraenequipo.com.mx\/que-temas-seran-claves-en-reunion-de-la-asamblea-general-de-la-onu\/\" \/>\n<meta property=\"og:locale\" content=\"es_ES\" \/>\n<meta property=\"og:type\" content=\"article\" \/>\n<meta property=\"og:title\" content=\"Sonora en Equipo. \u00bf Qu\u00e9 temas ser\u00e1n claves en reuni\u00f3n de la Asamblea General de la ONU? MUNDO\" \/>\n<meta property=\"og:description\" content=\"WASHINGTON, ESTADOS UNIDOS. \u2014\u00a0 El martes comienza el debate de la Asamblea General de la Organizaci\u00f3n de las Naciones Unidas (UNGA, por sus siglas en En Sonora en Equipo publicamos toda la informaci\u00f3n de Sonora, M\u00e9xico y el Mundo de manera oportuna y busca que la libertad de expresi\u00f3n sea real. Visita nuestro medio informativo publicado desde Hermosillo, Sonora. %\" \/>\n<meta property=\"og:url\" content=\"https:\/\/www.sonoraenequipo.com.mx\/que-temas-seran-claves-en-reunion-de-la-asamblea-general-de-la-onu\/\" \/>\n<meta property=\"og:site_name\" content=\"Sonora en Equipo.\" \/>\n<meta property=\"article:publisher\" content=\"https:\/\/www.facebook.com\/SonoraEE\/\" \/>\n<meta property=\"article:author\" content=\"https:\/\/www.facebook.com\/SonoraEE\" \/>\n<meta property=\"article:published_time\" content=\"2019-09-23T04:59:41+00:00\" \/>\n<meta property=\"article:modified_time\" content=\"2019-09-24T12:42:07+00:00\" \/>\n<meta property=\"og:image\" content=\"https:\/\/www.sonoraenequipo.com.mx\/storage\/2019\/09\/onu.jpg\" \/>\n\t<meta property=\"og:image:width\" content=\"600\" \/>\n\t<meta property=\"og:image:height\" content=\"337\" \/>\n\t<meta property=\"og:image:type\" content=\"image\/jpeg\" \/>\n<meta name=\"author\" content=\"enequipo\" \/>\n<meta name=\"twitter:card\" content=\"summary_large_image\" \/>\n<meta name=\"twitter:creator\" content=\"@sonoraenequipo\" \/>\n<meta name=\"twitter:site\" content=\"@sonoraenequipo\" \/>\n<meta name=\"twitter:label1\" content=\"Escrito por\" \/>\n\t<meta name=\"twitter:data1\" content=\"enequipo\" \/>\n\t<meta name=\"twitter:label2\" content=\"Tiempo de lectura\" \/>\n\t<meta name=\"twitter:data2\" content=\"4 minutos\" \/>\n<script type=\"application\/ld+json\" class=\"yoast-schema-graph\">{\"@context\":\"https:\/\/schema.org\",\"@graph\":[{\"@type\":\"Article\",\"@id\":\"https:\/\/www.sonoraenequipo.com.mx\/que-temas-seran-claves-en-reunion-de-la-asamblea-general-de-la-onu\/#article\",\"isPartOf\":{\"@id\":\"https:\/\/www.sonoraenequipo.com.mx\/que-temas-seran-claves-en-reunion-de-la-asamblea-general-de-la-onu\/\"},\"author\":{\"name\":\"enequipo\",\"@id\":\"https:\/\/www.sonoraenequipo.com.mx\/#\/schema\/person\/50102df0fb23a8fa9e8effad8fa81386\"},\"headline\":\"\u00bf Qu\u00e9 temas ser\u00e1n claves en reuni\u00f3n de la Asamblea General de la ONU?\",\"datePublished\":\"2019-09-23T04:59:41+00:00\",\"dateModified\":\"2019-09-24T12:42:07+00:00\",\"mainEntityOfPage\":{\"@id\":\"https:\/\/www.sonoraenequipo.com.mx\/que-temas-seran-claves-en-reunion-de-la-asamblea-general-de-la-onu\/\"},\"wordCount\":872,\"commentCount\":0,\"publisher\":{\"@id\":\"https:\/\/www.sonoraenequipo.com.mx\/#organization\"},\"image\":{\"@id\":\"https:\/\/www.sonoraenequipo.com.mx\/que-temas-seran-claves-en-reunion-de-la-asamblea-general-de-la-onu\/#primaryimage\"},\"thumbnailUrl\":\"https:\/\/www.sonoraenequipo.com.mx\/storage\/2019\/09\/onu.jpg\",\"keywords\":[\"onu\",\"UNGA\"],\"articleSection\":[\"MUNDO\"],\"inLanguage\":\"es\",\"potentialAction\":[{\"@type\":\"CommentAction\",\"name\":\"Comment\",\"target\":[\"https:\/\/www.sonoraenequipo.com.mx\/que-temas-seran-claves-en-reunion-de-la-asamblea-general-de-la-onu\/#respond\"]}]},{\"@type\":\"WebPage\",\"@id\":\"https:\/\/www.sonoraenequipo.com.mx\/que-temas-seran-claves-en-reunion-de-la-asamblea-general-de-la-onu\/\",\"url\":\"https:\/\/www.sonoraenequipo.com.mx\/que-temas-seran-claves-en-reunion-de-la-asamblea-general-de-la-onu\/\",\"name\":\"Sonora en Equipo. \u00bf Qu\u00e9 temas ser\u00e1n claves en reuni\u00f3n de la Asamblea General de la ONU? MUNDO\",\"isPartOf\":{\"@id\":\"https:\/\/www.sonoraenequipo.com.mx\/#website\"},\"primaryImageOfPage\":{\"@id\":\"https:\/\/www.sonoraenequipo.com.mx\/que-temas-seran-claves-en-reunion-de-la-asamblea-general-de-la-onu\/#primaryimage\"},\"image\":{\"@id\":\"https:\/\/www.sonoraenequipo.com.mx\/que-temas-seran-claves-en-reunion-de-la-asamblea-general-de-la-onu\/#primaryimage\"},\"thumbnailUrl\":\"https:\/\/www.sonoraenequipo.com.mx\/storage\/2019\/09\/onu.jpg\",\"datePublished\":\"2019-09-23T04:59:41+00:00\",\"dateModified\":\"2019-09-24T12:42:07+00:00\",\"description\":\"WASHINGTON, ESTADOS UNIDOS. \u2014\u00a0 El martes comienza el debate de la Asamblea General de la Organizaci\u00f3n de las Naciones Unidas (UNGA, por sus siglas en En Sonora en Equipo publicamos toda la informaci\u00f3n de Sonora, M\u00e9xico y el Mundo de manera oportuna y busca que la libertad de expresi\u00f3n sea real. Visita nuestro medio informativo publicado desde Hermosillo, Sonora. %\",\"breadcrumb\":{\"@id\":\"https:\/\/www.sonoraenequipo.com.mx\/que-temas-seran-claves-en-reunion-de-la-asamblea-general-de-la-onu\/#breadcrumb\"},\"inLanguage\":\"es\",\"potentialAction\":[{\"@type\":\"ReadAction\",\"target\":[\"https:\/\/www.sonoraenequipo.com.mx\/que-temas-seran-claves-en-reunion-de-la-asamblea-general-de-la-onu\/\"]}]},{\"@type\":\"ImageObject\",\"inLanguage\":\"es\",\"@id\":\"https:\/\/www.sonoraenequipo.com.mx\/que-temas-seran-claves-en-reunion-de-la-asamblea-general-de-la-onu\/#primaryimage\",\"url\":\"https:\/\/www.sonoraenequipo.com.mx\/storage\/2019\/09\/onu.jpg\",\"contentUrl\":\"https:\/\/www.sonoraenequipo.com.mx\/storage\/2019\/09\/onu.jpg\",\"width\":600,\"height\":337},{\"@type\":\"BreadcrumbList\",\"@id\":\"https:\/\/www.sonoraenequipo.com.mx\/que-temas-seran-claves-en-reunion-de-la-asamblea-general-de-la-onu\/#breadcrumb\",\"itemListElement\":[{\"@type\":\"ListItem\",\"position\":1,\"name\":\"Portada\",\"item\":\"https:\/\/www.sonoraenequipo.com.mx\/\"},{\"@type\":\"ListItem\",\"position\":2,\"name\":\"\u00bf Qu\u00e9 temas ser\u00e1n claves en reuni\u00f3n de la Asamblea General de la ONU?\"}]},{\"@type\":\"WebSite\",\"@id\":\"https:\/\/www.sonoraenequipo.com.mx\/#website\",\"url\":\"https:\/\/www.sonoraenequipo.com.mx\/\",\"name\":\"Sonora en Equipo.\",\"description\":\"Diario en l\u00ednea con Noticias desde Hermosillo, Sonora\",\"publisher\":{\"@id\":\"https:\/\/www.sonoraenequipo.com.mx\/#organization\"},\"potentialAction\":[{\"@type\":\"SearchAction\",\"target\":{\"@type\":\"EntryPoint\",\"urlTemplate\":\"https:\/\/www.sonoraenequipo.com.mx\/?s={search_term_string}\"},\"query-input\":{\"@type\":\"PropertyValueSpecification\",\"valueRequired\":true,\"valueName\":\"search_term_string\"}}],\"inLanguage\":\"es\"},{\"@type\":\"Organization\",\"@id\":\"https:\/\/www.sonoraenequipo.com.mx\/#organization\",\"name\":\"Sonoraenequipo.com.mx\",\"url\":\"https:\/\/www.sonoraenequipo.com.mx\/\",\"logo\":{\"@type\":\"ImageObject\",\"inLanguage\":\"es\",\"@id\":\"https:\/\/www.sonoraenequipo.com.mx\/#\/schema\/logo\/image\/\",\"url\":\"https:\/\/www.sonoraenequipo.com.mx\/storage\/2019\/01\/sonoraenequipo_opt.png\",\"contentUrl\":\"https:\/\/www.sonoraenequipo.com.mx\/storage\/2019\/01\/sonoraenequipo_opt.png\",\"width\":375,\"height\":125,\"caption\":\"Sonoraenequipo.com.mx\"},\"image\":{\"@id\":\"https:\/\/www.sonoraenequipo.com.mx\/#\/schema\/logo\/image\/\"},\"sameAs\":[\"https:\/\/www.facebook.com\/SonoraEE\/\",\"https:\/\/x.com\/sonoraenequipo\",\"https:\/\/www.youtube.com\/channel\/UC338nW-lPEYmJQs4ZABQ1SQ\"]},{\"@type\":\"Person\",\"@id\":\"https:\/\/www.sonoraenequipo.com.mx\/#\/schema\/person\/50102df0fb23a8fa9e8effad8fa81386\",\"name\":\"enequipo\",\"image\":{\"@type\":\"ImageObject\",\"inLanguage\":\"es\",\"@id\":\"https:\/\/www.sonoraenequipo.com.mx\/#\/schema\/person\/image\/\",\"url\":\"https:\/\/secure.gravatar.com\/avatar\/049821681b589dabc0bc20695993ccebb09f5b5d4d790cd9251b97faac7c652b?s=96&d=blank&r=g\",\"contentUrl\":\"https:\/\/secure.gravatar.com\/avatar\/049821681b589dabc0bc20695993ccebb09f5b5d4d790cd9251b97faac7c652b?s=96&d=blank&r=g\",\"caption\":\"enequipo\"},\"sameAs\":[\"https:\/\/www.facebook.com\/SonoraEE\"]}]}<\/script>\n ","yoast_head_json":{"title":"Sonora en Equipo. \u00bf Qu\u00e9 temas ser\u00e1n claves en reuni\u00f3n de la Asamblea General de la ONU? MUNDO","description":"WASHINGTON, ESTADOS UNIDOS. \u2014\u00a0 El martes comienza el debate de la Asamblea General de la Organizaci\u00f3n de las Naciones Unidas (UNGA, por sus siglas en En Sonora en Equipo publicamos toda la informaci\u00f3n de Sonora, M\u00e9xico y el Mundo de manera oportuna y busca que la libertad de expresi\u00f3n sea real. Visita nuestro medio informativo publicado desde Hermosillo, Sonora. %","robots":{"index":"index","follow":"follow","max-snippet":"max-snippet:-1","max-image-preview":"max-image-preview:large","max-video-preview":"max-video-preview:-1"},"canonical":"https:\/\/www.sonoraenequipo.com.mx\/que-temas-seran-claves-en-reunion-de-la-asamblea-general-de-la-onu\/","og_locale":"es_ES","og_type":"article","og_title":"Sonora en Equipo. \u00bf Qu\u00e9 temas ser\u00e1n claves en reuni\u00f3n de la Asamblea General de la ONU? MUNDO","og_description":"WASHINGTON, ESTADOS UNIDOS. \u2014\u00a0 El martes comienza el debate de la Asamblea General de la Organizaci\u00f3n de las Naciones Unidas (UNGA, por sus siglas en En Sonora en Equipo publicamos toda la informaci\u00f3n de Sonora, M\u00e9xico y el Mundo de manera oportuna y busca que la libertad de expresi\u00f3n sea real. Visita nuestro medio informativo publicado desde Hermosillo, Sonora. %","og_url":"https:\/\/www.sonoraenequipo.com.mx\/que-temas-seran-claves-en-reunion-de-la-asamblea-general-de-la-onu\/","og_site_name":"Sonora en Equipo.","article_publisher":"https:\/\/www.facebook.com\/SonoraEE\/","article_author":"https:\/\/www.facebook.com\/SonoraEE","article_published_time":"2019-09-23T04:59:41+00:00","article_modified_time":"2019-09-24T12:42:07+00:00","og_image":[{"width":600,"height":337,"url":"https:\/\/www.sonoraenequipo.com.mx\/storage\/2019\/09\/onu.jpg","type":"image\/jpeg"}],"author":"enequipo","twitter_card":"summary_large_image","twitter_creator":"@sonoraenequipo","twitter_site":"@sonoraenequipo","twitter_misc":{"Escrito por":"enequipo","Tiempo de lectura":"4 minutos"},"schema":{"@context":"https:\/\/schema.org","@graph":[{"@type":"Article","@id":"https:\/\/www.sonoraenequipo.com.mx\/que-temas-seran-claves-en-reunion-de-la-asamblea-general-de-la-onu\/#article","isPartOf":{"@id":"https:\/\/www.sonoraenequipo.com.mx\/que-temas-seran-claves-en-reunion-de-la-asamblea-general-de-la-onu\/"},"author":{"name":"enequipo","@id":"https:\/\/www.sonoraenequipo.com.mx\/#\/schema\/person\/50102df0fb23a8fa9e8effad8fa81386"},"headline":"\u00bf Qu\u00e9 temas ser\u00e1n claves en reuni\u00f3n de la Asamblea General de la ONU?","datePublished":"2019-09-23T04:59:41+00:00","dateModified":"2019-09-24T12:42:07+00:00","mainEntityOfPage":{"@id":"https:\/\/www.sonoraenequipo.com.mx\/que-temas-seran-claves-en-reunion-de-la-asamblea-general-de-la-onu\/"},"wordCount":872,"commentCount":0,"publisher":{"@id":"https:\/\/www.sonoraenequipo.com.mx\/#organization"},"image":{"@id":"https:\/\/www.sonoraenequipo.com.mx\/que-temas-seran-claves-en-reunion-de-la-asamblea-general-de-la-onu\/#primaryimage"},"thumbnailUrl":"https:\/\/www.sonoraenequipo.com.mx\/storage\/2019\/09\/onu.jpg","keywords":["onu","UNGA"],"articleSection":["MUNDO"],"inLanguage":"es","potentialAction":[{"@type":"CommentAction","name":"Comment","target":["https:\/\/www.sonoraenequipo.com.mx\/que-temas-seran-claves-en-reunion-de-la-asamblea-general-de-la-onu\/#respond"]}]},{"@type":"WebPage","@id":"https:\/\/www.sonoraenequipo.com.mx\/que-temas-seran-claves-en-reunion-de-la-asamblea-general-de-la-onu\/","url":"https:\/\/www.sonoraenequipo.com.mx\/que-temas-seran-claves-en-reunion-de-la-asamblea-general-de-la-onu\/","name":"Sonora en Equipo. \u00bf Qu\u00e9 temas ser\u00e1n claves en reuni\u00f3n de la Asamblea General de la ONU? MUNDO","isPartOf":{"@id":"https:\/\/www.sonoraenequipo.com.mx\/#website"},"primaryImageOfPage":{"@id":"https:\/\/www.sonoraenequipo.com.mx\/que-temas-seran-claves-en-reunion-de-la-asamblea-general-de-la-onu\/#primaryimage"},"image":{"@id":"https:\/\/www.sonoraenequipo.com.mx\/que-temas-seran-claves-en-reunion-de-la-asamblea-general-de-la-onu\/#primaryimage"},"thumbnailUrl":"https:\/\/www.sonoraenequipo.com.mx\/storage\/2019\/09\/onu.jpg","datePublished":"2019-09-23T04:59:41+00:00","dateModified":"2019-09-24T12:42:07+00:00","description":"WASHINGTON, ESTADOS UNIDOS. \u2014\u00a0 El martes comienza el debate de la Asamblea General de la Organizaci\u00f3n de las Naciones Unidas (UNGA, por sus siglas en En Sonora en Equipo publicamos toda la informaci\u00f3n de Sonora, M\u00e9xico y el Mundo de manera oportuna y busca que la libertad de expresi\u00f3n sea real. Visita nuestro medio informativo publicado desde Hermosillo, Sonora. %","breadcrumb":{"@id":"https:\/\/www.sonoraenequipo.com.mx\/que-temas-seran-claves-en-reunion-de-la-asamblea-general-de-la-onu\/#breadcrumb"},"inLanguage":"es","potentialAction":[{"@type":"ReadAction","target":["https:\/\/www.sonoraenequipo.com.mx\/que-temas-seran-claves-en-reunion-de-la-asamblea-general-de-la-onu\/"]}]},{"@type":"ImageObject","inLanguage":"es","@id":"https:\/\/www.sonoraenequipo.com.mx\/que-temas-seran-claves-en-reunion-de-la-asamblea-general-de-la-onu\/#primaryimage","url":"https:\/\/www.sonoraenequipo.com.mx\/storage\/2019\/09\/onu.jpg","contentUrl":"https:\/\/www.sonoraenequipo.com.mx\/storage\/2019\/09\/onu.jpg","width":600,"height":337},{"@type":"BreadcrumbList","@id":"https:\/\/www.sonoraenequipo.com.mx\/que-temas-seran-claves-en-reunion-de-la-asamblea-general-de-la-onu\/#breadcrumb","itemListElement":[{"@type":"ListItem","position":1,"name":"Portada","item":"https:\/\/www.sonoraenequipo.com.mx\/"},{"@type":"ListItem","position":2,"name":"\u00bf Qu\u00e9 temas ser\u00e1n claves en reuni\u00f3n de la Asamblea General de la ONU?"}]},{"@type":"WebSite","@id":"https:\/\/www.sonoraenequipo.com.mx\/#website","url":"https:\/\/www.sonoraenequipo.com.mx\/","name":"Sonora en Equipo.","description":"Diario en l\u00ednea con Noticias desde Hermosillo, Sonora","publisher":{"@id":"https:\/\/www.sonoraenequipo.com.mx\/#organization"},"potentialAction":[{"@type":"SearchAction","target":{"@type":"EntryPoint","urlTemplate":"https:\/\/www.sonoraenequipo.com.mx\/?s={search_term_string}"},"query-input":{"@type":"PropertyValueSpecification","valueRequired":true,"valueName":"search_term_string"}}],"inLanguage":"es"},{"@type":"Organization","@id":"https:\/\/www.sonoraenequipo.com.mx\/#organization","name":"Sonoraenequipo.com.mx","url":"https:\/\/www.sonoraenequipo.com.mx\/","logo":{"@type":"ImageObject","inLanguage":"es","@id":"https:\/\/www.sonoraenequipo.com.mx\/#\/schema\/logo\/image\/","url":"https:\/\/www.sonoraenequipo.com.mx\/storage\/2019\/01\/sonoraenequipo_opt.png","contentUrl":"https:\/\/www.sonoraenequipo.com.mx\/storage\/2019\/01\/sonoraenequipo_opt.png","width":375,"height":125,"caption":"Sonoraenequipo.com.mx"},"image":{"@id":"https:\/\/www.sonoraenequipo.com.mx\/#\/schema\/logo\/image\/"},"sameAs":["https:\/\/www.facebook.com\/SonoraEE\/","https:\/\/x.com\/sonoraenequipo","https:\/\/www.youtube.com\/channel\/UC338nW-lPEYmJQs4ZABQ1SQ"]},{"@type":"Person","@id":"https:\/\/www.sonoraenequipo.com.mx\/#\/schema\/person\/50102df0fb23a8fa9e8effad8fa81386","name":"enequipo","image":{"@type":"ImageObject","inLanguage":"es","@id":"https:\/\/www.sonoraenequipo.com.mx\/#\/schema\/person\/image\/","url":"https:\/\/secure.gravatar.com\/avatar\/049821681b589dabc0bc20695993ccebb09f5b5d4d790cd9251b97faac7c652b?s=96&d=blank&r=g","contentUrl":"https:\/\/secure.gravatar.com\/avatar\/049821681b589dabc0bc20695993ccebb09f5b5d4d790cd9251b97faac7c652b?s=96&d=blank&r=g","caption":"enequipo"},"sameAs":["https:\/\/www.facebook.com\/SonoraEE"]}]}},"jetpack_featured_media_url":"https:\/\/www.sonoraenequipo.com.mx\/storage\/2019\/09\/onu.jpg","_links":{"self":[{"href":"https:\/\/www.sonoraenequipo.com.mx\/api\/wp\/v2\/posts\/67563","targetHints":{"allow":["GET"]}}],"collection":[{"href":"https:\/\/www.sonoraenequipo.com.mx\/api\/wp\/v2\/posts"}],"about":[{"href":"https:\/\/www.sonoraenequipo.com.mx\/api\/wp\/v2\/types\/post"}],"author":[{"embeddable":true,"href":"https:\/\/www.sonoraenequipo.com.mx\/api\/wp\/v2\/users\/1"}],"replies":[{"embeddable":true,"href":"https:\/\/www.sonoraenequipo.com.mx\/api\/wp\/v2\/comments?post=67563"}],"version-history":[{"count":0,"href":"https:\/\/www.sonoraenequipo.com.mx\/api\/wp\/v2\/posts\/67563\/revisions"}],"wp:featuredmedia":[{"embeddable":true,"href":"https:\/\/www.sonoraenequipo.com.mx\/api\/wp\/v2\/media\/67564"}],"wp:attachment":[{"href":"https:\/\/www.sonoraenequipo.com.mx\/api\/wp\/v2\/media?parent=67563"}],"wp:term":[{"taxonomy":"category","embeddable":true,"href":"https:\/\/www.sonoraenequipo.com.mx\/api\/wp\/v2\/categories?post=67563"},{"taxonomy":"post_tag","embeddable":true,"href":"https:\/\/www.sonoraenequipo.com.mx\/api\/wp\/v2\/tags?post=67563"}],"curies":[{"name":"wp","href":"https:\/\/api.w.org\/{rel}","templated":true}]}}