{"id":67567,"date":"2019-09-22T22:21:15","date_gmt":"2019-09-23T05:21:15","guid":{"rendered":"https:\/\/www.sonoraenequipo.com.mx\/?p=67567"},"modified":"2019-09-23T08:30:59","modified_gmt":"2019-09-23T15:30:59","slug":"atiende-celida-lopez-zona-afectada-por-lluvias-en-hermosillo","status":"publish","type":"post","link":"https:\/\/www.sonoraenequipo.com.mx\/atiende-celida-lopez-zona-afectada-por-lluvias-en-hermosillo\/","title":{"rendered":"Atiende Celida L\u00f3pez zona afectada por lluvias en Hermosillo"},"content":{"rendered":"<p>HERMOSILLO,SONORA. MX.\u2014\u00a0 Como parte del operativo de contingencia ante la presencia del hurac\u00e1n Lorena, el cual termin\u00f3 en depresi\u00f3n tropical, la alcalesa Celida L\u00f3pez C\u00e1rdenas, visit\u00f3 las instalaciones del albergue temporal instalado en Bah\u00eda de Kino, en donde atendi\u00f3 de cerca a los habitantes de esa zona, luego de las lluvias presentadas.<\/p>\n<p> <\/p>\n<p>La edil hermosillense se present\u00f3 en la escuela secundaria Ferm\u00edn Trujillo, ubicada en avenida Mar de Cort\u00e9s y bulevar Padre Eusebio Francisco Kino, misma que fue habilitada como albergue temporal y en donde platic\u00f3 con los afectados por los remanentes del fen\u00f3meno meteorol\u00f3gico.<\/p>\n<p>Celida L\u00f3pez se comprometi\u00f3 a brindar la ayuda necesaria de parte del Ayuntamiento de Hermosillo, luego de que algunas familias resultaran afectadas por las lluvias, con problemas de inundaciones y techos ca\u00eddos, adem\u00e1s de la reparaci\u00f3n de algunas v\u00edas da\u00f1adas por las precipitaciones.<\/p>\n<p>En base a un reporte emitido por Seguridad P\u00fablica, Sedena, Bomberos y Protecci\u00f3n Civil, se reportaron encharcamientos en accesos y caminos de las localidades de Bah\u00eda de Kino Viejo, Poblado Miguel Alem\u00e1n, Tastiota, El Cardonal y Zamora.<\/p>\n<p>Adem\u00e1s, se reportaron viviendas afectadas por inundaci\u00f3n en las colonias Fuente de Diana, Casa Blanca y Loma Linda en Bah\u00eda de Kino.<\/p>\n<p>Se dio a conocer que los c\u00e1rcamos de rebombeo en Bah\u00eda de Kino est\u00e1n trabajando normalmente.<\/p>\n<p>Fecha de publicaci\u00f3n 22\/09\/2019<\/p>\n","protected":false},"excerpt":{"rendered":"<p>HERMOSILLO,SONORA. MX.\u2014\u00a0 Como parte del operativo de contingencia ante la presencia del hurac\u00e1n Lorena, el&#8230;<\/p>\n","protected":false},"author":1,"featured_media":67572,"comment_status":"open","ping_status":"open","sticky":false,"template":"","format":"standard","meta":{"_monsterinsights_skip_tracking":false,"_monsterinsights_sitenote_active":false,"_monsterinsights_sitenote_note":"","_monsterinsights_sitenote_category":0,"footnotes":""},"categories":[4],"tags":[35,168],"class_list":["post"],"yoast_head":" \n<title>Sonora en Equipo. Atiende Celida L\u00f3pez zona afectada por lluvias en Hermosillo Municipios<\/title>\n<meta name=\"description\" content=\"HERMOSILLO,SONORA. MX.\u2014\u00a0 Como parte del operativo de contingencia ante la presencia del hurac\u00e1n Lorena, el cual termin\u00f3 en depresi\u00f3n tropical, la alcalesa En Sonora en Equipo publicamos toda la informaci\u00f3n de Sonora, M\u00e9xico y el Mundo de manera oportuna y busca que la libertad de expresi\u00f3n sea real. Visita nuestro medio informativo publicado desde Hermosillo, Sonora. %\" \/>\n<meta name=\"robots\" content=\"index, follow, max-snippet:-1, max-image-preview:large, max-video-preview:-1\" \/>\n<link rel=\"canonical\" href=\"https:\/\/www.sonoraenequipo.com.mx\/atiende-celida-lopez-zona-afectada-por-lluvias-en-hermosillo\/\" \/>\n<meta property=\"og:locale\" content=\"es_ES\" \/>\n<meta property=\"og:type\" content=\"article\" \/>\n<meta property=\"og:title\" content=\"Sonora en Equipo. Atiende Celida L\u00f3pez zona afectada por lluvias en Hermosillo Municipios\" \/>\n<meta property=\"og:description\" content=\"HERMOSILLO,SONORA. MX.\u2014\u00a0 Como parte del operativo de contingencia ante la presencia del hurac\u00e1n Lorena, el cual termin\u00f3 en depresi\u00f3n tropical, la alcalesa En Sonora en Equipo publicamos toda la informaci\u00f3n de Sonora, M\u00e9xico y el Mundo de manera oportuna y busca que la libertad de expresi\u00f3n sea real. Visita nuestro medio informativo publicado desde Hermosillo, Sonora. %\" \/>\n<meta property=\"og:url\" content=\"https:\/\/www.sonoraenequipo.com.mx\/atiende-celida-lopez-zona-afectada-por-lluvias-en-hermosillo\/\" \/>\n<meta property=\"og:site_name\" content=\"Sonora en Equipo.\" \/>\n<meta property=\"article:publisher\" content=\"https:\/\/www.facebook.com\/SonoraEE\/\" \/>\n<meta property=\"article:author\" content=\"https:\/\/www.facebook.com\/SonoraEE\" \/>\n<meta property=\"article:published_time\" content=\"2019-09-23T05:21:15+00:00\" \/>\n<meta property=\"article:modified_time\" content=\"2019-09-23T15:30:59+00:00\" \/>\n<meta property=\"og:image\" content=\"https:\/\/www.sonoraenequipo.com.mx\/storage\/2019\/09\/hmo-lorena1-2.jpg\" \/>\n\t<meta property=\"og:image:width\" content=\"600\" \/>\n\t<meta property=\"og:image:height\" content=\"400\" \/>\n\t<meta property=\"og:image:type\" content=\"image\/jpeg\" \/>\n<meta name=\"author\" content=\"enequipo\" \/>\n<meta name=\"twitter:card\" content=\"summary_large_image\" \/>\n<meta name=\"twitter:creator\" content=\"@sonoraenequipo\" \/>\n<meta name=\"twitter:site\" content=\"@sonoraenequipo\" \/>\n<meta name=\"twitter:label1\" content=\"Escrito por\" \/>\n\t<meta name=\"twitter:data1\" content=\"enequipo\" \/>\n\t<meta name=\"twitter:label2\" content=\"Tiempo de lectura\" \/>\n\t<meta name=\"twitter:data2\" content=\"1 minuto\" \/>\n<script type=\"application\/ld+json\" class=\"yoast-schema-graph\">{\"@context\":\"https:\/\/schema.org\",\"@graph\":[{\"@type\":\"Article\",\"@id\":\"https:\/\/www.sonoraenequipo.com.mx\/atiende-celida-lopez-zona-afectada-por-lluvias-en-hermosillo\/#article\",\"isPartOf\":{\"@id\":\"https:\/\/www.sonoraenequipo.com.mx\/atiende-celida-lopez-zona-afectada-por-lluvias-en-hermosillo\/\"},\"author\":{\"name\":\"enequipo\",\"@id\":\"https:\/\/www.sonoraenequipo.com.mx\/#\/schema\/person\/50102df0fb23a8fa9e8effad8fa81386\"},\"headline\":\"Atiende Celida L\u00f3pez zona afectada por lluvias en Hermosillo\",\"datePublished\":\"2019-09-23T05:21:15+00:00\",\"dateModified\":\"2019-09-23T15:30:59+00:00\",\"mainEntityOfPage\":{\"@id\":\"https:\/\/www.sonoraenequipo.com.mx\/atiende-celida-lopez-zona-afectada-por-lluvias-en-hermosillo\/\"},\"wordCount\":253,\"commentCount\":0,\"publisher\":{\"@id\":\"https:\/\/www.sonoraenequipo.com.mx\/#organization\"},\"image\":{\"@id\":\"https:\/\/www.sonoraenequipo.com.mx\/atiende-celida-lopez-zona-afectada-por-lluvias-en-hermosillo\/#primaryimage\"},\"thumbnailUrl\":\"https:\/\/www.sonoraenequipo.com.mx\/storage\/2019\/09\/hmo-lorena1-2.jpg\",\"keywords\":[\"hermosillo\",\"Lluvias\"],\"articleSection\":[\"Municipios\"],\"inLanguage\":\"es\",\"potentialAction\":[{\"@type\":\"CommentAction\",\"name\":\"Comment\",\"target\":[\"https:\/\/www.sonoraenequipo.com.mx\/atiende-celida-lopez-zona-afectada-por-lluvias-en-hermosillo\/#respond\"]}]},{\"@type\":\"WebPage\",\"@id\":\"https:\/\/www.sonoraenequipo.com.mx\/atiende-celida-lopez-zona-afectada-por-lluvias-en-hermosillo\/\",\"url\":\"https:\/\/www.sonoraenequipo.com.mx\/atiende-celida-lopez-zona-afectada-por-lluvias-en-hermosillo\/\",\"name\":\"Sonora en Equipo. Atiende Celida L\u00f3pez zona afectada por lluvias en Hermosillo Municipios\",\"isPartOf\":{\"@id\":\"https:\/\/www.sonoraenequipo.com.mx\/#website\"},\"primaryImageOfPage\":{\"@id\":\"https:\/\/www.sonoraenequipo.com.mx\/atiende-celida-lopez-zona-afectada-por-lluvias-en-hermosillo\/#primaryimage\"},\"image\":{\"@id\":\"https:\/\/www.sonoraenequipo.com.mx\/atiende-celida-lopez-zona-afectada-por-lluvias-en-hermosillo\/#primaryimage\"},\"thumbnailUrl\":\"https:\/\/www.sonoraenequipo.com.mx\/storage\/2019\/09\/hmo-lorena1-2.jpg\",\"datePublished\":\"2019-09-23T05:21:15+00:00\",\"dateModified\":\"2019-09-23T15:30:59+00:00\",\"description\":\"HERMOSILLO,SONORA. MX.\u2014\u00a0 Como parte del operativo de contingencia ante la presencia del hurac\u00e1n Lorena, el cual termin\u00f3 en depresi\u00f3n tropical, la alcalesa En Sonora en Equipo publicamos toda la informaci\u00f3n de Sonora, M\u00e9xico y el Mundo de manera oportuna y busca que la libertad de expresi\u00f3n sea real. Visita nuestro medio informativo publicado desde Hermosillo, Sonora. %\",\"breadcrumb\":{\"@id\":\"https:\/\/www.sonoraenequipo.com.mx\/atiende-celida-lopez-zona-afectada-por-lluvias-en-hermosillo\/#breadcrumb\"},\"inLanguage\":\"es\",\"potentialAction\":[{\"@type\":\"ReadAction\",\"target\":[\"https:\/\/www.sonoraenequipo.com.mx\/atiende-celida-lopez-zona-afectada-por-lluvias-en-hermosillo\/\"]}]},{\"@type\":\"ImageObject\",\"inLanguage\":\"es\",\"@id\":\"https:\/\/www.sonoraenequipo.com.mx\/atiende-celida-lopez-zona-afectada-por-lluvias-en-hermosillo\/#primaryimage\",\"url\":\"https:\/\/www.sonoraenequipo.com.mx\/storage\/2019\/09\/hmo-lorena1-2.jpg\",\"contentUrl\":\"https:\/\/www.sonoraenequipo.com.mx\/storage\/2019\/09\/hmo-lorena1-2.jpg\",\"width\":600,\"height\":400},{\"@type\":\"BreadcrumbList\",\"@id\":\"https:\/\/www.sonoraenequipo.com.mx\/atiende-celida-lopez-zona-afectada-por-lluvias-en-hermosillo\/#breadcrumb\",\"itemListElement\":[{\"@type\":\"ListItem\",\"position\":1,\"name\":\"Portada\",\"item\":\"https:\/\/www.sonoraenequipo.com.mx\/\"},{\"@type\":\"ListItem\",\"position\":2,\"name\":\"Atiende Celida L\u00f3pez zona afectada por lluvias en Hermosillo\"}]},{\"@type\":\"WebSite\",\"@id\":\"https:\/\/www.sonoraenequipo.com.mx\/#website\",\"url\":\"https:\/\/www.sonoraenequipo.com.mx\/\",\"name\":\"Sonora en Equipo.\",\"description\":\"Diario en l\u00ednea con Noticias desde Hermosillo, Sonora\",\"publisher\":{\"@id\":\"https:\/\/www.sonoraenequipo.com.mx\/#organization\"},\"potentialAction\":[{\"@type\":\"SearchAction\",\"target\":{\"@type\":\"EntryPoint\",\"urlTemplate\":\"https:\/\/www.sonoraenequipo.com.mx\/?s={search_term_string}\"},\"query-input\":{\"@type\":\"PropertyValueSpecification\",\"valueRequired\":true,\"valueName\":\"search_term_string\"}}],\"inLanguage\":\"es\"},{\"@type\":\"Organization\",\"@id\":\"https:\/\/www.sonoraenequipo.com.mx\/#organization\",\"name\":\"Sonoraenequipo.com.mx\",\"url\":\"https:\/\/www.sonoraenequipo.com.mx\/\",\"logo\":{\"@type\":\"ImageObject\",\"inLanguage\":\"es\",\"@id\":\"https:\/\/www.sonoraenequipo.com.mx\/#\/schema\/logo\/image\/\",\"url\":\"https:\/\/www.sonoraenequipo.com.mx\/storage\/2019\/01\/sonoraenequipo_opt.png\",\"contentUrl\":\"https:\/\/www.sonoraenequipo.com.mx\/storage\/2019\/01\/sonoraenequipo_opt.png\",\"width\":375,\"height\":125,\"caption\":\"Sonoraenequipo.com.mx\"},\"image\":{\"@id\":\"https:\/\/www.sonoraenequipo.com.mx\/#\/schema\/logo\/image\/\"},\"sameAs\":[\"https:\/\/www.facebook.com\/SonoraEE\/\",\"https:\/\/x.com\/sonoraenequipo\",\"https:\/\/www.youtube.com\/channel\/UC338nW-lPEYmJQs4ZABQ1SQ\"]},{\"@type\":\"Person\",\"@id\":\"https:\/\/www.sonoraenequipo.com.mx\/#\/schema\/person\/50102df0fb23a8fa9e8effad8fa81386\",\"name\":\"enequipo\",\"image\":{\"@type\":\"ImageObject\",\"inLanguage\":\"es\",\"@id\":\"https:\/\/www.sonoraenequipo.com.mx\/#\/schema\/person\/image\/\",\"url\":\"https:\/\/secure.gravatar.com\/avatar\/049821681b589dabc0bc20695993ccebb09f5b5d4d790cd9251b97faac7c652b?s=96&d=blank&r=g\",\"contentUrl\":\"https:\/\/secure.gravatar.com\/avatar\/049821681b589dabc0bc20695993ccebb09f5b5d4d790cd9251b97faac7c652b?s=96&d=blank&r=g\",\"caption\":\"enequipo\"},\"sameAs\":[\"https:\/\/www.facebook.com\/SonoraEE\"]}]}<\/script>\n ","yoast_head_json":{"title":"Sonora en Equipo. Atiende Celida L\u00f3pez zona afectada por lluvias en Hermosillo Municipios","description":"HERMOSILLO,SONORA. MX.\u2014\u00a0 Como parte del operativo de contingencia ante la presencia del hurac\u00e1n Lorena, el cual termin\u00f3 en depresi\u00f3n tropical, la alcalesa En Sonora en Equipo publicamos toda la informaci\u00f3n de Sonora, M\u00e9xico y el Mundo de manera oportuna y busca que la libertad de expresi\u00f3n sea real. Visita nuestro medio informativo publicado desde Hermosillo, Sonora. %","robots":{"index":"index","follow":"follow","max-snippet":"max-snippet:-1","max-image-preview":"max-image-preview:large","max-video-preview":"max-video-preview:-1"},"canonical":"https:\/\/www.sonoraenequipo.com.mx\/atiende-celida-lopez-zona-afectada-por-lluvias-en-hermosillo\/","og_locale":"es_ES","og_type":"article","og_title":"Sonora en Equipo. Atiende Celida L\u00f3pez zona afectada por lluvias en Hermosillo Municipios","og_description":"HERMOSILLO,SONORA. MX.\u2014\u00a0 Como parte del operativo de contingencia ante la presencia del hurac\u00e1n Lorena, el cual termin\u00f3 en depresi\u00f3n tropical, la alcalesa En Sonora en Equipo publicamos toda la informaci\u00f3n de Sonora, M\u00e9xico y el Mundo de manera oportuna y busca que la libertad de expresi\u00f3n sea real. Visita nuestro medio informativo publicado desde Hermosillo, Sonora. %","og_url":"https:\/\/www.sonoraenequipo.com.mx\/atiende-celida-lopez-zona-afectada-por-lluvias-en-hermosillo\/","og_site_name":"Sonora en Equipo.","article_publisher":"https:\/\/www.facebook.com\/SonoraEE\/","article_author":"https:\/\/www.facebook.com\/SonoraEE","article_published_time":"2019-09-23T05:21:15+00:00","article_modified_time":"2019-09-23T15:30:59+00:00","og_image":[{"width":600,"height":400,"url":"https:\/\/www.sonoraenequipo.com.mx\/storage\/2019\/09\/hmo-lorena1-2.jpg","type":"image\/jpeg"}],"author":"enequipo","twitter_card":"summary_large_image","twitter_creator":"@sonoraenequipo","twitter_site":"@sonoraenequipo","twitter_misc":{"Escrito por":"enequipo","Tiempo de lectura":"1 minuto"},"schema":{"@context":"https:\/\/schema.org","@graph":[{"@type":"Article","@id":"https:\/\/www.sonoraenequipo.com.mx\/atiende-celida-lopez-zona-afectada-por-lluvias-en-hermosillo\/#article","isPartOf":{"@id":"https:\/\/www.sonoraenequipo.com.mx\/atiende-celida-lopez-zona-afectada-por-lluvias-en-hermosillo\/"},"author":{"name":"enequipo","@id":"https:\/\/www.sonoraenequipo.com.mx\/#\/schema\/person\/50102df0fb23a8fa9e8effad8fa81386"},"headline":"Atiende Celida L\u00f3pez zona afectada por lluvias en Hermosillo","datePublished":"2019-09-23T05:21:15+00:00","dateModified":"2019-09-23T15:30:59+00:00","mainEntityOfPage":{"@id":"https:\/\/www.sonoraenequipo.com.mx\/atiende-celida-lopez-zona-afectada-por-lluvias-en-hermosillo\/"},"wordCount":253,"commentCount":0,"publisher":{"@id":"https:\/\/www.sonoraenequipo.com.mx\/#organization"},"image":{"@id":"https:\/\/www.sonoraenequipo.com.mx\/atiende-celida-lopez-zona-afectada-por-lluvias-en-hermosillo\/#primaryimage"},"thumbnailUrl":"https:\/\/www.sonoraenequipo.com.mx\/storage\/2019\/09\/hmo-lorena1-2.jpg","keywords":["hermosillo","Lluvias"],"articleSection":["Municipios"],"inLanguage":"es","potentialAction":[{"@type":"CommentAction","name":"Comment","target":["https:\/\/www.sonoraenequipo.com.mx\/atiende-celida-lopez-zona-afectada-por-lluvias-en-hermosillo\/#respond"]}]},{"@type":"WebPage","@id":"https:\/\/www.sonoraenequipo.com.mx\/atiende-celida-lopez-zona-afectada-por-lluvias-en-hermosillo\/","url":"https:\/\/www.sonoraenequipo.com.mx\/atiende-celida-lopez-zona-afectada-por-lluvias-en-hermosillo\/","name":"Sonora en Equipo. Atiende Celida L\u00f3pez zona afectada por lluvias en Hermosillo Municipios","isPartOf":{"@id":"https:\/\/www.sonoraenequipo.com.mx\/#website"},"primaryImageOfPage":{"@id":"https:\/\/www.sonoraenequipo.com.mx\/atiende-celida-lopez-zona-afectada-por-lluvias-en-hermosillo\/#primaryimage"},"image":{"@id":"https:\/\/www.sonoraenequipo.com.mx\/atiende-celida-lopez-zona-afectada-por-lluvias-en-hermosillo\/#primaryimage"},"thumbnailUrl":"https:\/\/www.sonoraenequipo.com.mx\/storage\/2019\/09\/hmo-lorena1-2.jpg","datePublished":"2019-09-23T05:21:15+00:00","dateModified":"2019-09-23T15:30:59+00:00","description":"HERMOSILLO,SONORA. MX.\u2014\u00a0 Como parte del operativo de contingencia ante la presencia del hurac\u00e1n Lorena, el cual termin\u00f3 en depresi\u00f3n tropical, la alcalesa En Sonora en Equipo publicamos toda la informaci\u00f3n de Sonora, M\u00e9xico y el Mundo de manera oportuna y busca que la libertad de expresi\u00f3n sea real. Visita nuestro medio informativo publicado desde Hermosillo, Sonora. %","breadcrumb":{"@id":"https:\/\/www.sonoraenequipo.com.mx\/atiende-celida-lopez-zona-afectada-por-lluvias-en-hermosillo\/#breadcrumb"},"inLanguage":"es","potentialAction":[{"@type":"ReadAction","target":["https:\/\/www.sonoraenequipo.com.mx\/atiende-celida-lopez-zona-afectada-por-lluvias-en-hermosillo\/"]}]},{"@type":"ImageObject","inLanguage":"es","@id":"https:\/\/www.sonoraenequipo.com.mx\/atiende-celida-lopez-zona-afectada-por-lluvias-en-hermosillo\/#primaryimage","url":"https:\/\/www.sonoraenequipo.com.mx\/storage\/2019\/09\/hmo-lorena1-2.jpg","contentUrl":"https:\/\/www.sonoraenequipo.com.mx\/storage\/2019\/09\/hmo-lorena1-2.jpg","width":600,"height":400},{"@type":"BreadcrumbList","@id":"https:\/\/www.sonoraenequipo.com.mx\/atiende-celida-lopez-zona-afectada-por-lluvias-en-hermosillo\/#breadcrumb","itemListElement":[{"@type":"ListItem","position":1,"name":"Portada","item":"https:\/\/www.sonoraenequipo.com.mx\/"},{"@type":"ListItem","position":2,"name":"Atiende Celida L\u00f3pez zona afectada por lluvias en Hermosillo"}]},{"@type":"WebSite","@id":"https:\/\/www.sonoraenequipo.com.mx\/#website","url":"https:\/\/www.sonoraenequipo.com.mx\/","name":"Sonora en Equipo.","description":"Diario en l\u00ednea con Noticias desde Hermosillo, Sonora","publisher":{"@id":"https:\/\/www.sonoraenequipo.com.mx\/#organization"},"potentialAction":[{"@type":"SearchAction","target":{"@type":"EntryPoint","urlTemplate":"https:\/\/www.sonoraenequipo.com.mx\/?s={search_term_string}"},"query-input":{"@type":"PropertyValueSpecification","valueRequired":true,"valueName":"search_term_string"}}],"inLanguage":"es"},{"@type":"Organization","@id":"https:\/\/www.sonoraenequipo.com.mx\/#organization","name":"Sonoraenequipo.com.mx","url":"https:\/\/www.sonoraenequipo.com.mx\/","logo":{"@type":"ImageObject","inLanguage":"es","@id":"https:\/\/www.sonoraenequipo.com.mx\/#\/schema\/logo\/image\/","url":"https:\/\/www.sonoraenequipo.com.mx\/storage\/2019\/01\/sonoraenequipo_opt.png","contentUrl":"https:\/\/www.sonoraenequipo.com.mx\/storage\/2019\/01\/sonoraenequipo_opt.png","width":375,"height":125,"caption":"Sonoraenequipo.com.mx"},"image":{"@id":"https:\/\/www.sonoraenequipo.com.mx\/#\/schema\/logo\/image\/"},"sameAs":["https:\/\/www.facebook.com\/SonoraEE\/","https:\/\/x.com\/sonoraenequipo","https:\/\/www.youtube.com\/channel\/UC338nW-lPEYmJQs4ZABQ1SQ"]},{"@type":"Person","@id":"https:\/\/www.sonoraenequipo.com.mx\/#\/schema\/person\/50102df0fb23a8fa9e8effad8fa81386","name":"enequipo","image":{"@type":"ImageObject","inLanguage":"es","@id":"https:\/\/www.sonoraenequipo.com.mx\/#\/schema\/person\/image\/","url":"https:\/\/secure.gravatar.com\/avatar\/049821681b589dabc0bc20695993ccebb09f5b5d4d790cd9251b97faac7c652b?s=96&d=blank&r=g","contentUrl":"https:\/\/secure.gravatar.com\/avatar\/049821681b589dabc0bc20695993ccebb09f5b5d4d790cd9251b97faac7c652b?s=96&d=blank&r=g","caption":"enequipo"},"sameAs":["https:\/\/www.facebook.com\/SonoraEE"]}]}},"jetpack_featured_media_url":"https:\/\/www.sonoraenequipo.com.mx\/storage\/2019\/09\/hmo-lorena1-2.jpg","_links":{"self":[{"href":"https:\/\/www.sonoraenequipo.com.mx\/api\/wp\/v2\/posts\/67567","targetHints":{"allow":["GET"]}}],"collection":[{"href":"https:\/\/www.sonoraenequipo.com.mx\/api\/wp\/v2\/posts"}],"about":[{"href":"https:\/\/www.sonoraenequipo.com.mx\/api\/wp\/v2\/types\/post"}],"author":[{"embeddable":true,"href":"https:\/\/www.sonoraenequipo.com.mx\/api\/wp\/v2\/users\/1"}],"replies":[{"embeddable":true,"href":"https:\/\/www.sonoraenequipo.com.mx\/api\/wp\/v2\/comments?post=67567"}],"version-history":[{"count":0,"href":"https:\/\/www.sonoraenequipo.com.mx\/api\/wp\/v2\/posts\/67567\/revisions"}],"wp:featuredmedia":[{"embeddable":true,"href":"https:\/\/www.sonoraenequipo.com.mx\/api\/wp\/v2\/media\/67572"}],"wp:attachment":[{"href":"https:\/\/www.sonoraenequipo.com.mx\/api\/wp\/v2\/media?parent=67567"}],"wp:term":[{"taxonomy":"category","embeddable":true,"href":"https:\/\/www.sonoraenequipo.com.mx\/api\/wp\/v2\/categories?post=67567"},{"taxonomy":"post_tag","embeddable":true,"href":"https:\/\/www.sonoraenequipo.com.mx\/api\/wp\/v2\/tags?post=67567"}],"curies":[{"name":"wp","href":"https:\/\/api.w.org\/{rel}","templated":true}]}}