{"id":67575,"date":"2019-09-22T22:34:20","date_gmt":"2019-09-23T05:34:20","guid":{"rendered":"https:\/\/www.sonoraenequipo.com.mx\/?p=67575"},"modified":"2019-09-22T22:34:20","modified_gmt":"2019-09-23T05:34:20","slug":"implementa-ayuntamiento-de-hermosillo-operativo-por-afectaciones-de-huracan-lorena-en-zonas-rurales","status":"publish","type":"post","link":"https:\/\/www.sonoraenequipo.com.mx\/implementa-ayuntamiento-de-hermosillo-operativo-por-afectaciones-de-huracan-lorena-en-zonas-rurales\/","title":{"rendered":"Implementa Ayuntamiento de Hermosillo operativo por afectaciones de Hurac\u00e1n Lorena en zonas rurales"},"content":{"rendered":"<p>HERMOSILLO,SONORA,MX.\u2500Derivado de la alerta naranja emitida para el municipio de Hermosillo y centro de Sonora por la presencia del Hurac\u00e1n Lorena, el cual baj\u00f3 de categor\u00eda la tarde de ayer a depresi\u00f3n tropical, el Ayuntamiento de Hermosillo implement\u00f3 un operativo en el que participaron varias dependencias que se abocaron a trabajar principalmente en diversas partes de la zona rural. <\/p>\n<p>El trabajo en conjunto de Protecci\u00f3n Civil, Seguridad P\u00fablica, Bomberos, Servicios P\u00fablicos, CIDUE, Bienestar Social, Agua de Hermosillo y otras dependencias, logr\u00f3 establecer un trabajo coordinado en el que se ayud\u00f3 a la poblaci\u00f3n afectada por el paso de las lluvias, las cuales afortunadamente se tuvieron con una menor intensidad a la que se esperaba.<\/p>\n<p>Lo mismo fue en Bah\u00eda de Kino, en donde se habilit\u00f3 la escuela secundaria \u201cFerm\u00edn Trujillo\u201d, ubicada en avenida Mar de Cortez y bulevar Padre Eusebio Kino.<\/p>\n<p>Los lugares atendidos incluyeron San Pedro, la Victoria, Miguel Alem\u00e1n, Bah\u00eda de Kino y Punta Chueca, entre otros.<\/p>\n<p>Algunas acciones que se desarrollan actualmente es el continuar monitoreando por la afluencia del R\u00edo Sonora y San Miguel y gente en San Pedro y La Victoria, en donde se acordon\u00f3 el \u00e1rea. En el Poblado Miguel Alem\u00e1n se trabaja en la colonia Alcatraces para desaguar encharcamientos.<\/p>\n<p>&nbsp;<\/p>\n<p>Tambi\u00e9n se monitorea la colonia La Caridad, en la cual se dot\u00f3 a los vecinos de sacos de arena para barreras de protecci\u00f3n provisional, previendo una posible inundaci\u00f3n por ingreso de agua.<\/p>\n<p>En general hubo saldo blanco por lluvias, pero se recomienda estar atentos de nuevos pron\u00f3sticos y alertas a la comunidad.<\/p>\n<p>Fecha de publicaci\u00f3n 22\/09\/2019<\/p>\n<p>&nbsp;<\/p>\n","protected":false},"excerpt":{"rendered":"<p>HERMOSILLO,SONORA,MX.\u2500Derivado de la alerta naranja emitida para el municipio de Hermosillo y centro de Sonora&#8230;<\/p>\n","protected":false},"author":1,"featured_media":67576,"comment_status":"open","ping_status":"open","sticky":false,"template":"","format":"standard","meta":{"_monsterinsights_skip_tracking":false,"_monsterinsights_sitenote_active":false,"_monsterinsights_sitenote_note":"","_monsterinsights_sitenote_category":0,"footnotes":""},"categories":[4],"tags":[3248],"class_list":["post"],"yoast_head":" \n<title>Sonora en Equipo. Implementa Ayuntamiento de Hermosillo operativo por afectaciones de Hurac\u00e1n Lorena en zonas rurales Municipios<\/title>\n<meta name=\"description\" content=\"HERMOSILLO,SONORA,MX.\u2500Derivado de la alerta naranja emitida para el municipio de Hermosillo y centro de Sonora por la presencia del Hurac\u00e1n Lorena, el En Sonora en Equipo publicamos toda la informaci\u00f3n de Sonora, M\u00e9xico y el Mundo de manera oportuna y busca que la libertad de expresi\u00f3n sea real. Visita nuestro medio informativo publicado desde Hermosillo, Sonora. %\" \/>\n<meta name=\"robots\" content=\"index, follow, max-snippet:-1, max-image-preview:large, max-video-preview:-1\" \/>\n<link rel=\"canonical\" href=\"https:\/\/www.sonoraenequipo.com.mx\/implementa-ayuntamiento-de-hermosillo-operativo-por-afectaciones-de-huracan-lorena-en-zonas-rurales\/\" \/>\n<meta property=\"og:locale\" content=\"es_ES\" \/>\n<meta property=\"og:type\" content=\"article\" \/>\n<meta property=\"og:title\" content=\"Sonora en Equipo. Implementa Ayuntamiento de Hermosillo operativo por afectaciones de Hurac\u00e1n Lorena en zonas rurales Municipios\" \/>\n<meta property=\"og:description\" content=\"HERMOSILLO,SONORA,MX.\u2500Derivado de la alerta naranja emitida para el municipio de Hermosillo y centro de Sonora por la presencia del Hurac\u00e1n Lorena, el En Sonora en Equipo publicamos toda la informaci\u00f3n de Sonora, M\u00e9xico y el Mundo de manera oportuna y busca que la libertad de expresi\u00f3n sea real. Visita nuestro medio informativo publicado desde Hermosillo, Sonora. %\" \/>\n<meta property=\"og:url\" content=\"https:\/\/www.sonoraenequipo.com.mx\/implementa-ayuntamiento-de-hermosillo-operativo-por-afectaciones-de-huracan-lorena-en-zonas-rurales\/\" \/>\n<meta property=\"og:site_name\" content=\"Sonora en Equipo.\" \/>\n<meta property=\"article:publisher\" content=\"https:\/\/www.facebook.com\/SonoraEE\/\" \/>\n<meta property=\"article:author\" content=\"https:\/\/www.facebook.com\/SonoraEE\" \/>\n<meta property=\"article:published_time\" content=\"2019-09-23T05:34:20+00:00\" \/>\n<meta property=\"og:image\" content=\"https:\/\/www.sonoraenequipo.com.mx\/storage\/2019\/09\/hmo-lorena3.jpg\" \/>\n\t<meta property=\"og:image:width\" content=\"600\" \/>\n\t<meta property=\"og:image:height\" content=\"450\" \/>\n\t<meta property=\"og:image:type\" content=\"image\/jpeg\" \/>\n<meta name=\"author\" content=\"enequipo\" \/>\n<meta name=\"twitter:card\" content=\"summary_large_image\" \/>\n<meta name=\"twitter:creator\" content=\"@sonoraenequipo\" \/>\n<meta name=\"twitter:site\" content=\"@sonoraenequipo\" \/>\n<meta name=\"twitter:label1\" content=\"Escrito por\" \/>\n\t<meta name=\"twitter:data1\" content=\"enequipo\" \/>\n\t<meta name=\"twitter:label2\" content=\"Tiempo de lectura\" \/>\n\t<meta name=\"twitter:data2\" content=\"1 minuto\" \/>\n<script type=\"application\/ld+json\" class=\"yoast-schema-graph\">{\"@context\":\"https:\/\/schema.org\",\"@graph\":[{\"@type\":\"Article\",\"@id\":\"https:\/\/www.sonoraenequipo.com.mx\/implementa-ayuntamiento-de-hermosillo-operativo-por-afectaciones-de-huracan-lorena-en-zonas-rurales\/#article\",\"isPartOf\":{\"@id\":\"https:\/\/www.sonoraenequipo.com.mx\/implementa-ayuntamiento-de-hermosillo-operativo-por-afectaciones-de-huracan-lorena-en-zonas-rurales\/\"},\"author\":{\"name\":\"enequipo\",\"@id\":\"https:\/\/www.sonoraenequipo.com.mx\/#\/schema\/person\/50102df0fb23a8fa9e8effad8fa81386\"},\"headline\":\"Implementa Ayuntamiento de Hermosillo operativo por afectaciones de Hurac\u00e1n Lorena en zonas rurales\",\"datePublished\":\"2019-09-23T05:34:20+00:00\",\"mainEntityOfPage\":{\"@id\":\"https:\/\/www.sonoraenequipo.com.mx\/implementa-ayuntamiento-de-hermosillo-operativo-por-afectaciones-de-huracan-lorena-en-zonas-rurales\/\"},\"wordCount\":298,\"commentCount\":0,\"publisher\":{\"@id\":\"https:\/\/www.sonoraenequipo.com.mx\/#organization\"},\"image\":{\"@id\":\"https:\/\/www.sonoraenequipo.com.mx\/implementa-ayuntamiento-de-hermosillo-operativo-por-afectaciones-de-huracan-lorena-en-zonas-rurales\/#primaryimage\"},\"thumbnailUrl\":\"https:\/\/www.sonoraenequipo.com.mx\/storage\/2019\/09\/hmo-lorena3.jpg\",\"keywords\":[\"Lluvias en Sonora\"],\"articleSection\":[\"Municipios\"],\"inLanguage\":\"es\",\"potentialAction\":[{\"@type\":\"CommentAction\",\"name\":\"Comment\",\"target\":[\"https:\/\/www.sonoraenequipo.com.mx\/implementa-ayuntamiento-de-hermosillo-operativo-por-afectaciones-de-huracan-lorena-en-zonas-rurales\/#respond\"]}]},{\"@type\":\"WebPage\",\"@id\":\"https:\/\/www.sonoraenequipo.com.mx\/implementa-ayuntamiento-de-hermosillo-operativo-por-afectaciones-de-huracan-lorena-en-zonas-rurales\/\",\"url\":\"https:\/\/www.sonoraenequipo.com.mx\/implementa-ayuntamiento-de-hermosillo-operativo-por-afectaciones-de-huracan-lorena-en-zonas-rurales\/\",\"name\":\"Sonora en Equipo. Implementa Ayuntamiento de Hermosillo operativo por afectaciones de Hurac\u00e1n Lorena en zonas rurales Municipios\",\"isPartOf\":{\"@id\":\"https:\/\/www.sonoraenequipo.com.mx\/#website\"},\"primaryImageOfPage\":{\"@id\":\"https:\/\/www.sonoraenequipo.com.mx\/implementa-ayuntamiento-de-hermosillo-operativo-por-afectaciones-de-huracan-lorena-en-zonas-rurales\/#primaryimage\"},\"image\":{\"@id\":\"https:\/\/www.sonoraenequipo.com.mx\/implementa-ayuntamiento-de-hermosillo-operativo-por-afectaciones-de-huracan-lorena-en-zonas-rurales\/#primaryimage\"},\"thumbnailUrl\":\"https:\/\/www.sonoraenequipo.com.mx\/storage\/2019\/09\/hmo-lorena3.jpg\",\"datePublished\":\"2019-09-23T05:34:20+00:00\",\"description\":\"HERMOSILLO,SONORA,MX.\u2500Derivado de la alerta naranja emitida para el municipio de Hermosillo y centro de Sonora por la presencia del Hurac\u00e1n Lorena, el En Sonora en Equipo publicamos toda la informaci\u00f3n de Sonora, M\u00e9xico y el Mundo de manera oportuna y busca que la libertad de expresi\u00f3n sea real. Visita nuestro medio informativo publicado desde Hermosillo, Sonora. %\",\"breadcrumb\":{\"@id\":\"https:\/\/www.sonoraenequipo.com.mx\/implementa-ayuntamiento-de-hermosillo-operativo-por-afectaciones-de-huracan-lorena-en-zonas-rurales\/#breadcrumb\"},\"inLanguage\":\"es\",\"potentialAction\":[{\"@type\":\"ReadAction\",\"target\":[\"https:\/\/www.sonoraenequipo.com.mx\/implementa-ayuntamiento-de-hermosillo-operativo-por-afectaciones-de-huracan-lorena-en-zonas-rurales\/\"]}]},{\"@type\":\"ImageObject\",\"inLanguage\":\"es\",\"@id\":\"https:\/\/www.sonoraenequipo.com.mx\/implementa-ayuntamiento-de-hermosillo-operativo-por-afectaciones-de-huracan-lorena-en-zonas-rurales\/#primaryimage\",\"url\":\"https:\/\/www.sonoraenequipo.com.mx\/storage\/2019\/09\/hmo-lorena3.jpg\",\"contentUrl\":\"https:\/\/www.sonoraenequipo.com.mx\/storage\/2019\/09\/hmo-lorena3.jpg\",\"width\":600,\"height\":450},{\"@type\":\"BreadcrumbList\",\"@id\":\"https:\/\/www.sonoraenequipo.com.mx\/implementa-ayuntamiento-de-hermosillo-operativo-por-afectaciones-de-huracan-lorena-en-zonas-rurales\/#breadcrumb\",\"itemListElement\":[{\"@type\":\"ListItem\",\"position\":1,\"name\":\"Portada\",\"item\":\"https:\/\/www.sonoraenequipo.com.mx\/\"},{\"@type\":\"ListItem\",\"position\":2,\"name\":\"Implementa Ayuntamiento de Hermosillo operativo por afectaciones de Hurac\u00e1n Lorena en zonas rurales\"}]},{\"@type\":\"WebSite\",\"@id\":\"https:\/\/www.sonoraenequipo.com.mx\/#website\",\"url\":\"https:\/\/www.sonoraenequipo.com.mx\/\",\"name\":\"Sonora en Equipo.\",\"description\":\"Diario en l\u00ednea con Noticias desde Hermosillo, Sonora\",\"publisher\":{\"@id\":\"https:\/\/www.sonoraenequipo.com.mx\/#organization\"},\"potentialAction\":[{\"@type\":\"SearchAction\",\"target\":{\"@type\":\"EntryPoint\",\"urlTemplate\":\"https:\/\/www.sonoraenequipo.com.mx\/?s={search_term_string}\"},\"query-input\":{\"@type\":\"PropertyValueSpecification\",\"valueRequired\":true,\"valueName\":\"search_term_string\"}}],\"inLanguage\":\"es\"},{\"@type\":\"Organization\",\"@id\":\"https:\/\/www.sonoraenequipo.com.mx\/#organization\",\"name\":\"Sonoraenequipo.com.mx\",\"url\":\"https:\/\/www.sonoraenequipo.com.mx\/\",\"logo\":{\"@type\":\"ImageObject\",\"inLanguage\":\"es\",\"@id\":\"https:\/\/www.sonoraenequipo.com.mx\/#\/schema\/logo\/image\/\",\"url\":\"https:\/\/www.sonoraenequipo.com.mx\/storage\/2019\/01\/sonoraenequipo_opt.png\",\"contentUrl\":\"https:\/\/www.sonoraenequipo.com.mx\/storage\/2019\/01\/sonoraenequipo_opt.png\",\"width\":375,\"height\":125,\"caption\":\"Sonoraenequipo.com.mx\"},\"image\":{\"@id\":\"https:\/\/www.sonoraenequipo.com.mx\/#\/schema\/logo\/image\/\"},\"sameAs\":[\"https:\/\/www.facebook.com\/SonoraEE\/\",\"https:\/\/x.com\/sonoraenequipo\",\"https:\/\/www.youtube.com\/channel\/UC338nW-lPEYmJQs4ZABQ1SQ\"]},{\"@type\":\"Person\",\"@id\":\"https:\/\/www.sonoraenequipo.com.mx\/#\/schema\/person\/50102df0fb23a8fa9e8effad8fa81386\",\"name\":\"enequipo\",\"image\":{\"@type\":\"ImageObject\",\"inLanguage\":\"es\",\"@id\":\"https:\/\/www.sonoraenequipo.com.mx\/#\/schema\/person\/image\/\",\"url\":\"https:\/\/secure.gravatar.com\/avatar\/049821681b589dabc0bc20695993ccebb09f5b5d4d790cd9251b97faac7c652b?s=96&d=blank&r=g\",\"contentUrl\":\"https:\/\/secure.gravatar.com\/avatar\/049821681b589dabc0bc20695993ccebb09f5b5d4d790cd9251b97faac7c652b?s=96&d=blank&r=g\",\"caption\":\"enequipo\"},\"sameAs\":[\"https:\/\/www.facebook.com\/SonoraEE\"]}]}<\/script>\n ","yoast_head_json":{"title":"Sonora en Equipo. Implementa Ayuntamiento de Hermosillo operativo por afectaciones de Hurac\u00e1n Lorena en zonas rurales Municipios","description":"HERMOSILLO,SONORA,MX.\u2500Derivado de la alerta naranja emitida para el municipio de Hermosillo y centro de Sonora por la presencia del Hurac\u00e1n Lorena, el En Sonora en Equipo publicamos toda la informaci\u00f3n de Sonora, M\u00e9xico y el Mundo de manera oportuna y busca que la libertad de expresi\u00f3n sea real. Visita nuestro medio informativo publicado desde Hermosillo, Sonora. %","robots":{"index":"index","follow":"follow","max-snippet":"max-snippet:-1","max-image-preview":"max-image-preview:large","max-video-preview":"max-video-preview:-1"},"canonical":"https:\/\/www.sonoraenequipo.com.mx\/implementa-ayuntamiento-de-hermosillo-operativo-por-afectaciones-de-huracan-lorena-en-zonas-rurales\/","og_locale":"es_ES","og_type":"article","og_title":"Sonora en Equipo. Implementa Ayuntamiento de Hermosillo operativo por afectaciones de Hurac\u00e1n Lorena en zonas rurales Municipios","og_description":"HERMOSILLO,SONORA,MX.\u2500Derivado de la alerta naranja emitida para el municipio de Hermosillo y centro de Sonora por la presencia del Hurac\u00e1n Lorena, el En Sonora en Equipo publicamos toda la informaci\u00f3n de Sonora, M\u00e9xico y el Mundo de manera oportuna y busca que la libertad de expresi\u00f3n sea real. Visita nuestro medio informativo publicado desde Hermosillo, Sonora. %","og_url":"https:\/\/www.sonoraenequipo.com.mx\/implementa-ayuntamiento-de-hermosillo-operativo-por-afectaciones-de-huracan-lorena-en-zonas-rurales\/","og_site_name":"Sonora en Equipo.","article_publisher":"https:\/\/www.facebook.com\/SonoraEE\/","article_author":"https:\/\/www.facebook.com\/SonoraEE","article_published_time":"2019-09-23T05:34:20+00:00","og_image":[{"width":600,"height":450,"url":"https:\/\/www.sonoraenequipo.com.mx\/storage\/2019\/09\/hmo-lorena3.jpg","type":"image\/jpeg"}],"author":"enequipo","twitter_card":"summary_large_image","twitter_creator":"@sonoraenequipo","twitter_site":"@sonoraenequipo","twitter_misc":{"Escrito por":"enequipo","Tiempo de lectura":"1 minuto"},"schema":{"@context":"https:\/\/schema.org","@graph":[{"@type":"Article","@id":"https:\/\/www.sonoraenequipo.com.mx\/implementa-ayuntamiento-de-hermosillo-operativo-por-afectaciones-de-huracan-lorena-en-zonas-rurales\/#article","isPartOf":{"@id":"https:\/\/www.sonoraenequipo.com.mx\/implementa-ayuntamiento-de-hermosillo-operativo-por-afectaciones-de-huracan-lorena-en-zonas-rurales\/"},"author":{"name":"enequipo","@id":"https:\/\/www.sonoraenequipo.com.mx\/#\/schema\/person\/50102df0fb23a8fa9e8effad8fa81386"},"headline":"Implementa Ayuntamiento de Hermosillo operativo por afectaciones de Hurac\u00e1n Lorena en zonas rurales","datePublished":"2019-09-23T05:34:20+00:00","mainEntityOfPage":{"@id":"https:\/\/www.sonoraenequipo.com.mx\/implementa-ayuntamiento-de-hermosillo-operativo-por-afectaciones-de-huracan-lorena-en-zonas-rurales\/"},"wordCount":298,"commentCount":0,"publisher":{"@id":"https:\/\/www.sonoraenequipo.com.mx\/#organization"},"image":{"@id":"https:\/\/www.sonoraenequipo.com.mx\/implementa-ayuntamiento-de-hermosillo-operativo-por-afectaciones-de-huracan-lorena-en-zonas-rurales\/#primaryimage"},"thumbnailUrl":"https:\/\/www.sonoraenequipo.com.mx\/storage\/2019\/09\/hmo-lorena3.jpg","keywords":["Lluvias en Sonora"],"articleSection":["Municipios"],"inLanguage":"es","potentialAction":[{"@type":"CommentAction","name":"Comment","target":["https:\/\/www.sonoraenequipo.com.mx\/implementa-ayuntamiento-de-hermosillo-operativo-por-afectaciones-de-huracan-lorena-en-zonas-rurales\/#respond"]}]},{"@type":"WebPage","@id":"https:\/\/www.sonoraenequipo.com.mx\/implementa-ayuntamiento-de-hermosillo-operativo-por-afectaciones-de-huracan-lorena-en-zonas-rurales\/","url":"https:\/\/www.sonoraenequipo.com.mx\/implementa-ayuntamiento-de-hermosillo-operativo-por-afectaciones-de-huracan-lorena-en-zonas-rurales\/","name":"Sonora en Equipo. Implementa Ayuntamiento de Hermosillo operativo por afectaciones de Hurac\u00e1n Lorena en zonas rurales Municipios","isPartOf":{"@id":"https:\/\/www.sonoraenequipo.com.mx\/#website"},"primaryImageOfPage":{"@id":"https:\/\/www.sonoraenequipo.com.mx\/implementa-ayuntamiento-de-hermosillo-operativo-por-afectaciones-de-huracan-lorena-en-zonas-rurales\/#primaryimage"},"image":{"@id":"https:\/\/www.sonoraenequipo.com.mx\/implementa-ayuntamiento-de-hermosillo-operativo-por-afectaciones-de-huracan-lorena-en-zonas-rurales\/#primaryimage"},"thumbnailUrl":"https:\/\/www.sonoraenequipo.com.mx\/storage\/2019\/09\/hmo-lorena3.jpg","datePublished":"2019-09-23T05:34:20+00:00","description":"HERMOSILLO,SONORA,MX.\u2500Derivado de la alerta naranja emitida para el municipio de Hermosillo y centro de Sonora por la presencia del Hurac\u00e1n Lorena, el En Sonora en Equipo publicamos toda la informaci\u00f3n de Sonora, M\u00e9xico y el Mundo de manera oportuna y busca que la libertad de expresi\u00f3n sea real. Visita nuestro medio informativo publicado desde Hermosillo, Sonora. %","breadcrumb":{"@id":"https:\/\/www.sonoraenequipo.com.mx\/implementa-ayuntamiento-de-hermosillo-operativo-por-afectaciones-de-huracan-lorena-en-zonas-rurales\/#breadcrumb"},"inLanguage":"es","potentialAction":[{"@type":"ReadAction","target":["https:\/\/www.sonoraenequipo.com.mx\/implementa-ayuntamiento-de-hermosillo-operativo-por-afectaciones-de-huracan-lorena-en-zonas-rurales\/"]}]},{"@type":"ImageObject","inLanguage":"es","@id":"https:\/\/www.sonoraenequipo.com.mx\/implementa-ayuntamiento-de-hermosillo-operativo-por-afectaciones-de-huracan-lorena-en-zonas-rurales\/#primaryimage","url":"https:\/\/www.sonoraenequipo.com.mx\/storage\/2019\/09\/hmo-lorena3.jpg","contentUrl":"https:\/\/www.sonoraenequipo.com.mx\/storage\/2019\/09\/hmo-lorena3.jpg","width":600,"height":450},{"@type":"BreadcrumbList","@id":"https:\/\/www.sonoraenequipo.com.mx\/implementa-ayuntamiento-de-hermosillo-operativo-por-afectaciones-de-huracan-lorena-en-zonas-rurales\/#breadcrumb","itemListElement":[{"@type":"ListItem","position":1,"name":"Portada","item":"https:\/\/www.sonoraenequipo.com.mx\/"},{"@type":"ListItem","position":2,"name":"Implementa Ayuntamiento de Hermosillo operativo por afectaciones de Hurac\u00e1n Lorena en zonas rurales"}]},{"@type":"WebSite","@id":"https:\/\/www.sonoraenequipo.com.mx\/#website","url":"https:\/\/www.sonoraenequipo.com.mx\/","name":"Sonora en Equipo.","description":"Diario en l\u00ednea con Noticias desde Hermosillo, Sonora","publisher":{"@id":"https:\/\/www.sonoraenequipo.com.mx\/#organization"},"potentialAction":[{"@type":"SearchAction","target":{"@type":"EntryPoint","urlTemplate":"https:\/\/www.sonoraenequipo.com.mx\/?s={search_term_string}"},"query-input":{"@type":"PropertyValueSpecification","valueRequired":true,"valueName":"search_term_string"}}],"inLanguage":"es"},{"@type":"Organization","@id":"https:\/\/www.sonoraenequipo.com.mx\/#organization","name":"Sonoraenequipo.com.mx","url":"https:\/\/www.sonoraenequipo.com.mx\/","logo":{"@type":"ImageObject","inLanguage":"es","@id":"https:\/\/www.sonoraenequipo.com.mx\/#\/schema\/logo\/image\/","url":"https:\/\/www.sonoraenequipo.com.mx\/storage\/2019\/01\/sonoraenequipo_opt.png","contentUrl":"https:\/\/www.sonoraenequipo.com.mx\/storage\/2019\/01\/sonoraenequipo_opt.png","width":375,"height":125,"caption":"Sonoraenequipo.com.mx"},"image":{"@id":"https:\/\/www.sonoraenequipo.com.mx\/#\/schema\/logo\/image\/"},"sameAs":["https:\/\/www.facebook.com\/SonoraEE\/","https:\/\/x.com\/sonoraenequipo","https:\/\/www.youtube.com\/channel\/UC338nW-lPEYmJQs4ZABQ1SQ"]},{"@type":"Person","@id":"https:\/\/www.sonoraenequipo.com.mx\/#\/schema\/person\/50102df0fb23a8fa9e8effad8fa81386","name":"enequipo","image":{"@type":"ImageObject","inLanguage":"es","@id":"https:\/\/www.sonoraenequipo.com.mx\/#\/schema\/person\/image\/","url":"https:\/\/secure.gravatar.com\/avatar\/049821681b589dabc0bc20695993ccebb09f5b5d4d790cd9251b97faac7c652b?s=96&d=blank&r=g","contentUrl":"https:\/\/secure.gravatar.com\/avatar\/049821681b589dabc0bc20695993ccebb09f5b5d4d790cd9251b97faac7c652b?s=96&d=blank&r=g","caption":"enequipo"},"sameAs":["https:\/\/www.facebook.com\/SonoraEE"]}]}},"jetpack_featured_media_url":"https:\/\/www.sonoraenequipo.com.mx\/storage\/2019\/09\/hmo-lorena3.jpg","_links":{"self":[{"href":"https:\/\/www.sonoraenequipo.com.mx\/api\/wp\/v2\/posts\/67575","targetHints":{"allow":["GET"]}}],"collection":[{"href":"https:\/\/www.sonoraenequipo.com.mx\/api\/wp\/v2\/posts"}],"about":[{"href":"https:\/\/www.sonoraenequipo.com.mx\/api\/wp\/v2\/types\/post"}],"author":[{"embeddable":true,"href":"https:\/\/www.sonoraenequipo.com.mx\/api\/wp\/v2\/users\/1"}],"replies":[{"embeddable":true,"href":"https:\/\/www.sonoraenequipo.com.mx\/api\/wp\/v2\/comments?post=67575"}],"version-history":[{"count":0,"href":"https:\/\/www.sonoraenequipo.com.mx\/api\/wp\/v2\/posts\/67575\/revisions"}],"wp:featuredmedia":[{"embeddable":true,"href":"https:\/\/www.sonoraenequipo.com.mx\/api\/wp\/v2\/media\/67576"}],"wp:attachment":[{"href":"https:\/\/www.sonoraenequipo.com.mx\/api\/wp\/v2\/media?parent=67575"}],"wp:term":[{"taxonomy":"category","embeddable":true,"href":"https:\/\/www.sonoraenequipo.com.mx\/api\/wp\/v2\/categories?post=67575"},{"taxonomy":"post_tag","embeddable":true,"href":"https:\/\/www.sonoraenequipo.com.mx\/api\/wp\/v2\/tags?post=67575"}],"curies":[{"name":"wp","href":"https:\/\/api.w.org\/{rel}","templated":true}]}}