{"id":67722,"date":"2019-09-24T23:54:11","date_gmt":"2019-09-25T06:54:11","guid":{"rendered":"https:\/\/www.sonoraenequipo.com.mx\/?p=67722"},"modified":"2019-09-24T19:09:22","modified_gmt":"2019-09-25T02:09:22","slug":"inicia-investigacion-parlamentaria-contra-trump","status":"publish","type":"post","link":"https:\/\/www.sonoraenequipo.com.mx\/inicia-investigacion-parlamentaria-contra-trump\/","title":{"rendered":"Inicia investigaci\u00f3n parlamentaria contra Trump"},"content":{"rendered":"<p>ESTADOS UNIDOS. \u2014\u00a0 Este martes la presidenta de la C\u00e1mara de Representantes de EE UU, la dem\u00f3crata Nancy Pelosi, ha anunciado la apertura de una investigaci\u00f3n parlamentaria contra Trump.<\/p>\n<p>&nbsp;<\/p>\n<p> <\/p>\n<p>&nbsp;<\/p>\n<p>La posibilidad de impeachment (\u00abproceso de destituci\u00f3n\u00bb) a un presidente, vicepresidente y cualquier cargo p\u00fablico civil est\u00e1 consagrada en el art\u00edculo primero de la Constituci\u00f3n de Estados Unidos desde su aprobaci\u00f3n en 1789.<\/p>\n<p>&nbsp;<\/p>\n<p>El proceso, originado de las leyes coloniales inglesas, puede impulsarse ante lo que se consideren casos de \u201ctraici\u00f3n, soborno, altos delitos o faltas\u201d. Esa amplitud del concepto propicia desde entonces un debate interpretativo entre pol\u00edticos y juristas.<\/p>\n<p>&nbsp;<\/p>\n<p>Los fundadores de EE UU incluyeron la potestad y la hicieron recaer en el legislativo para evitar un abuso de poder del presidente o de otros cargos p\u00fablicos. El castigo de un impeachment es la destituci\u00f3n del cargo.<\/p>\n<h3>\n\u00bfC\u00f3mo se desarrolla el proceso?<\/h3>\n<p>&nbsp;<\/p>\n<p>Lo anunciado por Nancy Pelosi es el lanzamiento de una investigaci\u00f3n formal para determinar si el presidente Trump busc\u00f3 la ayuda de Ucrania para difamar al exvicepresidente Joe Biden, el favorito para la nominaci\u00f3n presidencial dem\u00f3crata 2020, ha dicho Pelosi.<\/p>\n<p>&nbsp;<\/p>\n<p>La Constituci\u00f3n concede a la C\u00e1mara de Representantes la votaci\u00f3n inicial de cualquier proceso de destituci\u00f3n. Si es aprobado por mayor\u00eda simple (la mitad mas uno de sus 435 miembros), el proceso se traslada al Senado, donde se lleva a cabo un proceso en el que los miembros de la C\u00e1mara act\u00faan como fiscales y los senadores, como jurados. Preside el presidente de la Corte Suprema. Para condenar y destituir a un presidente se necesita el voto a favor de 67 senadores (dos tercios del total de 100), pero esto nunca ha sucedido.<\/p>\n<h3>\n\u00bfPuede la Corte Suprema anular esa decisi\u00f3n?<\/h3>\n<p>&nbsp;<\/p>\n<p>No. La decisi\u00f3n que adopta el Senado no es revocable, tampoco por v\u00eda judicial.<\/p>\n<h3>\n\u00bfQu\u00e9 posibles apoyos hay en el Congreso para sacar adelante el impeachment contra Trump?<\/h3>\n<p>&nbsp;<\/p>\n<p>En el Congreso hay 235 dem\u00f3cratas, 199 republicanos y un representante independiente. Los dem\u00f3cratas no necesitar\u00edan apoyo de los republicanos para sacar adelante la medida. En julio el Congreso vot\u00f3 mayoritariamente en contra de pronunciarse sobre un intento de un legislador de Texas de impulsar un impeachment contra Trump, y por ese motivo no se lleg\u00f3 a votar el impeachment como tal. Un recuento de The New York Times calcula que son 180 los representantes favorables a este proceso, otros 75 que no o no lo han decidido, y otros 180 a\u00fan no han respondido a la consulta del diario.<\/p>\n<h3>\n\u00bfY en el Senado?<\/h3>\n<p>&nbsp;<\/p>\n<p>En el Senado, en cambio, hay mayor\u00eda republicana: 53 senadores frente a los 45 dem\u00f3cratas y dos independientes que suelen votar junto a los dem\u00f3cratas. Ser\u00edan necesarios 67 votos, con lo que al menos 20 republicanos y todos los dem\u00f3cratas e independientes tendr\u00edan que votar en contra.<\/p>\n<h3>\n\u00bfQui\u00e9n ser\u00e1 presidente de EE UU si Trump es destituido?<\/h3>\n<p>&nbsp;<\/p>\n<p>El actual vicepresidente, Mike Pence, ser\u00eda nombrado presidente por lo que resta del actual mandato, que se extiende hasta el 20 de enero de 2021.<\/p>\n<p>&nbsp;<\/p>\n<h3>\u00bfCu\u00e1ntos procesos de destituci\u00f3n se han llevado a cabo contra presidentes?<\/h3>\n<p>&nbsp;<\/p>\n<p>Solo ha habido dos impeachments a presidentes en la historia de Estados Unidos, ambos del Partido Dem\u00f3crata: en 1868 a Andrew Johnson y en 1998 a Bill Clinton. Ambos procesos fueron aprobados por la C\u00e1mara de Representantes, pero luego se toparon con el rechazo del Senado. En 1974 el Congreso inici\u00f3 los preparativos a un impeachment al presidente Richard Nixon, pero entonces el republicano present\u00f3 su dimisi\u00f3n por el esc\u00e1ndalo del caso Watergate.<\/p>\n<h3>\nEl caso de Johnson<\/h3>\n<p>El proceso a Johnson se origin\u00f3 en una pugna entre dem\u00f3cratas y republicanos en un momento de creciente tensi\u00f3n tras el fin de la Guerra Civil. El Congreso, controlado por un ala radical del Partido Republicano, aprob\u00f3 -y logr\u00f3 anular el posterior veto de Johnson- una ley que imped\u00eda al presidente dem\u00f3crata destituir, sin el apoyo del Senado, a cargos p\u00fablicos designados por la C\u00e1mara Alta. Ignorando esa ley, Johnson destituy\u00f3 a su secretario de Guerra, un aliado de los republicanos, lo que propici\u00f3 el proceso de impeachment. En dos votaciones en mayo de 1868, el Senado se qued\u00f3 a un solo voto de los necesarios para destituir al presidente.<br \/>\nEl caso de Clinton<\/p>\n<p>&nbsp;<\/p>\n<p>El impeachment a Clinton se origin\u00f3 en una investigaci\u00f3n de un fiscal a una operaci\u00f3n inmobiliaria del matrimonio Clinton y deriv\u00f3 en un an\u00e1lisis de la conducta sexual del presidente en medio de un culebr\u00f3n de revelaciones. A ra\u00edz de una acusaci\u00f3n de asalto sexual antes de acceder a la Casa Blanca, Clinton se convirti\u00f3 en el primer presidente en testificar en defensa propia ante un jurado.<\/p>\n<p>&nbsp;<\/p>\n<p>El proceso de impeachment acus\u00f3 a Clinton de cometer perjurio y obstrucci\u00f3n a la justicia por ocultar su aventura sexual en 1997 con la becaria de la Casa Blanca Monica Lewinsky. La clave recay\u00f3 en dirimir si Clinton minti\u00f3 bajo juramento cuando neg\u00f3 haber mantenido una relaci\u00f3n sexual con Lewinsky (con la que mantuvo sexo oral) y si dificult\u00f3 las investigaciones al alentarla a negar el affaire.<\/p>\n<p>&nbsp;<\/p>\n<p>En diciembre de 1998, la C\u00e1mara de Representantes aprob\u00f3 la destituci\u00f3n del presidente, pero esta fue rechazada por el Senado en febrero de 1999.<\/p>\n<h3>\nProblemas de definici\u00f3n<\/h3>\n<p>&nbsp;<\/p>\n<p>El impeachment como arma pol\u00edtica reaparece de vez en cuando en EE UU. En 2013 y 2014, algunos pol\u00edticos republicanos hablaron -sin nunca materializarse- de la posibilidad de tratar de destituir a Barack Obama por la gesti\u00f3n del atentado al consulado de la ciudad libia de Bengasi o la pol\u00edtica migratoria del presidente. Adem\u00e1s, la vaguedad de la ley propicia su abuso.<\/p>\n<p>&nbsp;<\/p>\n<p>En 1970, en un intento fallido de destituir a un juez del Tribunal Supremo, el congresista Gerald Ford, que despu\u00e9s sucedi\u00f3 a Nixon en la presidencia, declar\u00f3: <em>\u00abUna ofensa de impeachment es cualquier cosa que considere la mayor\u00eda de la C\u00e1mara de Representantes en un momento de la historia\u00bb.<\/em><\/p>\n<p>(PUBLICADO EL 24\/09\/2019 \/ Reuters)<\/p>\n","protected":false},"excerpt":{"rendered":"<p>ESTADOS UNIDOS. \u2014\u00a0 Este martes la presidenta de la C\u00e1mara de Representantes de EE UU,&#8230;<\/p>\n","protected":false},"author":1,"featured_media":67723,"comment_status":"open","ping_status":"open","sticky":false,"template":"","format":"standard","meta":{"_monsterinsights_skip_tracking":false,"_monsterinsights_sitenote_active":false,"_monsterinsights_sitenote_note":"","_monsterinsights_sitenote_category":0,"footnotes":""},"categories":[3],"tags":[],"class_list":["post"],"yoast_head":" \n<title>Sonora en Equipo. Inicia investigaci\u00f3n parlamentaria contra Trump MUNDO<\/title>\n<meta name=\"description\" content=\"ESTADOS UNIDOS. \u2014\u00a0 Este martes la presidenta de la C\u00e1mara de Representantes de EE UU, la dem\u00f3crata Nancy Pelosi, ha anunciado la apertura de una En Sonora en Equipo publicamos toda la informaci\u00f3n de Sonora, M\u00e9xico y el Mundo de manera oportuna y busca que la libertad de expresi\u00f3n sea real. Visita nuestro medio informativo publicado desde Hermosillo, Sonora. %\" \/>\n<meta name=\"robots\" content=\"index, follow, max-snippet:-1, max-image-preview:large, max-video-preview:-1\" \/>\n<link rel=\"canonical\" href=\"https:\/\/www.sonoraenequipo.com.mx\/inicia-investigacion-parlamentaria-contra-trump\/\" \/>\n<meta property=\"og:locale\" content=\"es_ES\" \/>\n<meta property=\"og:type\" content=\"article\" \/>\n<meta property=\"og:title\" content=\"Sonora en Equipo. Inicia investigaci\u00f3n parlamentaria contra Trump MUNDO\" \/>\n<meta property=\"og:description\" content=\"ESTADOS UNIDOS. \u2014\u00a0 Este martes la presidenta de la C\u00e1mara de Representantes de EE UU, la dem\u00f3crata Nancy Pelosi, ha anunciado la apertura de una En Sonora en Equipo publicamos toda la informaci\u00f3n de Sonora, M\u00e9xico y el Mundo de manera oportuna y busca que la libertad de expresi\u00f3n sea real. Visita nuestro medio informativo publicado desde Hermosillo, Sonora. %\" \/>\n<meta property=\"og:url\" content=\"https:\/\/www.sonoraenequipo.com.mx\/inicia-investigacion-parlamentaria-contra-trump\/\" \/>\n<meta property=\"og:site_name\" content=\"Sonora en Equipo.\" \/>\n<meta property=\"article:publisher\" content=\"https:\/\/www.facebook.com\/SonoraEE\/\" \/>\n<meta property=\"article:author\" content=\"https:\/\/www.facebook.com\/SonoraEE\" \/>\n<meta property=\"article:published_time\" content=\"2019-09-25T06:54:11+00:00\" \/>\n<meta property=\"og:image\" content=\"https:\/\/www.sonoraenequipo.com.mx\/storage\/2019\/09\/senadodeestadosunidos_opt.jpg\" \/>\n\t<meta property=\"og:image:width\" content=\"693\" \/>\n\t<meta property=\"og:image:height\" content=\"400\" \/>\n\t<meta property=\"og:image:type\" content=\"image\/jpeg\" \/>\n<meta name=\"author\" content=\"enequipo\" \/>\n<meta name=\"twitter:card\" content=\"summary_large_image\" \/>\n<meta name=\"twitter:creator\" content=\"@sonoraenequipo\" \/>\n<meta name=\"twitter:site\" content=\"@sonoraenequipo\" \/>\n<meta name=\"twitter:label1\" content=\"Escrito por\" \/>\n\t<meta name=\"twitter:data1\" content=\"enequipo\" \/>\n\t<meta name=\"twitter:label2\" content=\"Tiempo de lectura\" \/>\n\t<meta name=\"twitter:data2\" content=\"5 minutos\" \/>\n<script type=\"application\/ld+json\" class=\"yoast-schema-graph\">{\"@context\":\"https:\/\/schema.org\",\"@graph\":[{\"@type\":\"Article\",\"@id\":\"https:\/\/www.sonoraenequipo.com.mx\/inicia-investigacion-parlamentaria-contra-trump\/#article\",\"isPartOf\":{\"@id\":\"https:\/\/www.sonoraenequipo.com.mx\/inicia-investigacion-parlamentaria-contra-trump\/\"},\"author\":{\"name\":\"enequipo\",\"@id\":\"https:\/\/www.sonoraenequipo.com.mx\/#\/schema\/person\/50102df0fb23a8fa9e8effad8fa81386\"},\"headline\":\"Inicia investigaci\u00f3n parlamentaria contra Trump\",\"datePublished\":\"2019-09-25T06:54:11+00:00\",\"mainEntityOfPage\":{\"@id\":\"https:\/\/www.sonoraenequipo.com.mx\/inicia-investigacion-parlamentaria-contra-trump\/\"},\"wordCount\":1038,\"commentCount\":0,\"publisher\":{\"@id\":\"https:\/\/www.sonoraenequipo.com.mx\/#organization\"},\"image\":{\"@id\":\"https:\/\/www.sonoraenequipo.com.mx\/inicia-investigacion-parlamentaria-contra-trump\/#primaryimage\"},\"thumbnailUrl\":\"https:\/\/www.sonoraenequipo.com.mx\/storage\/2019\/09\/senadodeestadosunidos_opt.jpg\",\"articleSection\":[\"MUNDO\"],\"inLanguage\":\"es\",\"potentialAction\":[{\"@type\":\"CommentAction\",\"name\":\"Comment\",\"target\":[\"https:\/\/www.sonoraenequipo.com.mx\/inicia-investigacion-parlamentaria-contra-trump\/#respond\"]}]},{\"@type\":\"WebPage\",\"@id\":\"https:\/\/www.sonoraenequipo.com.mx\/inicia-investigacion-parlamentaria-contra-trump\/\",\"url\":\"https:\/\/www.sonoraenequipo.com.mx\/inicia-investigacion-parlamentaria-contra-trump\/\",\"name\":\"Sonora en Equipo. Inicia investigaci\u00f3n parlamentaria contra Trump MUNDO\",\"isPartOf\":{\"@id\":\"https:\/\/www.sonoraenequipo.com.mx\/#website\"},\"primaryImageOfPage\":{\"@id\":\"https:\/\/www.sonoraenequipo.com.mx\/inicia-investigacion-parlamentaria-contra-trump\/#primaryimage\"},\"image\":{\"@id\":\"https:\/\/www.sonoraenequipo.com.mx\/inicia-investigacion-parlamentaria-contra-trump\/#primaryimage\"},\"thumbnailUrl\":\"https:\/\/www.sonoraenequipo.com.mx\/storage\/2019\/09\/senadodeestadosunidos_opt.jpg\",\"datePublished\":\"2019-09-25T06:54:11+00:00\",\"description\":\"ESTADOS UNIDOS. \u2014\u00a0 Este martes la presidenta de la C\u00e1mara de Representantes de EE UU, la dem\u00f3crata Nancy Pelosi, ha anunciado la apertura de una En Sonora en Equipo publicamos toda la informaci\u00f3n de Sonora, M\u00e9xico y el Mundo de manera oportuna y busca que la libertad de expresi\u00f3n sea real. Visita nuestro medio informativo publicado desde Hermosillo, Sonora. %\",\"breadcrumb\":{\"@id\":\"https:\/\/www.sonoraenequipo.com.mx\/inicia-investigacion-parlamentaria-contra-trump\/#breadcrumb\"},\"inLanguage\":\"es\",\"potentialAction\":[{\"@type\":\"ReadAction\",\"target\":[\"https:\/\/www.sonoraenequipo.com.mx\/inicia-investigacion-parlamentaria-contra-trump\/\"]}]},{\"@type\":\"ImageObject\",\"inLanguage\":\"es\",\"@id\":\"https:\/\/www.sonoraenequipo.com.mx\/inicia-investigacion-parlamentaria-contra-trump\/#primaryimage\",\"url\":\"https:\/\/www.sonoraenequipo.com.mx\/storage\/2019\/09\/senadodeestadosunidos_opt.jpg\",\"contentUrl\":\"https:\/\/www.sonoraenequipo.com.mx\/storage\/2019\/09\/senadodeestadosunidos_opt.jpg\",\"width\":693,\"height\":400},{\"@type\":\"BreadcrumbList\",\"@id\":\"https:\/\/www.sonoraenequipo.com.mx\/inicia-investigacion-parlamentaria-contra-trump\/#breadcrumb\",\"itemListElement\":[{\"@type\":\"ListItem\",\"position\":1,\"name\":\"Portada\",\"item\":\"https:\/\/www.sonoraenequipo.com.mx\/\"},{\"@type\":\"ListItem\",\"position\":2,\"name\":\"Inicia investigaci\u00f3n parlamentaria contra Trump\"}]},{\"@type\":\"WebSite\",\"@id\":\"https:\/\/www.sonoraenequipo.com.mx\/#website\",\"url\":\"https:\/\/www.sonoraenequipo.com.mx\/\",\"name\":\"Sonora en Equipo.\",\"description\":\"Diario en l\u00ednea con Noticias desde Hermosillo, Sonora\",\"publisher\":{\"@id\":\"https:\/\/www.sonoraenequipo.com.mx\/#organization\"},\"potentialAction\":[{\"@type\":\"SearchAction\",\"target\":{\"@type\":\"EntryPoint\",\"urlTemplate\":\"https:\/\/www.sonoraenequipo.com.mx\/?s={search_term_string}\"},\"query-input\":{\"@type\":\"PropertyValueSpecification\",\"valueRequired\":true,\"valueName\":\"search_term_string\"}}],\"inLanguage\":\"es\"},{\"@type\":\"Organization\",\"@id\":\"https:\/\/www.sonoraenequipo.com.mx\/#organization\",\"name\":\"Sonoraenequipo.com.mx\",\"url\":\"https:\/\/www.sonoraenequipo.com.mx\/\",\"logo\":{\"@type\":\"ImageObject\",\"inLanguage\":\"es\",\"@id\":\"https:\/\/www.sonoraenequipo.com.mx\/#\/schema\/logo\/image\/\",\"url\":\"https:\/\/www.sonoraenequipo.com.mx\/storage\/2019\/01\/sonoraenequipo_opt.png\",\"contentUrl\":\"https:\/\/www.sonoraenequipo.com.mx\/storage\/2019\/01\/sonoraenequipo_opt.png\",\"width\":375,\"height\":125,\"caption\":\"Sonoraenequipo.com.mx\"},\"image\":{\"@id\":\"https:\/\/www.sonoraenequipo.com.mx\/#\/schema\/logo\/image\/\"},\"sameAs\":[\"https:\/\/www.facebook.com\/SonoraEE\/\",\"https:\/\/x.com\/sonoraenequipo\",\"https:\/\/www.youtube.com\/channel\/UC338nW-lPEYmJQs4ZABQ1SQ\"]},{\"@type\":\"Person\",\"@id\":\"https:\/\/www.sonoraenequipo.com.mx\/#\/schema\/person\/50102df0fb23a8fa9e8effad8fa81386\",\"name\":\"enequipo\",\"image\":{\"@type\":\"ImageObject\",\"inLanguage\":\"es\",\"@id\":\"https:\/\/www.sonoraenequipo.com.mx\/#\/schema\/person\/image\/\",\"url\":\"https:\/\/secure.gravatar.com\/avatar\/049821681b589dabc0bc20695993ccebb09f5b5d4d790cd9251b97faac7c652b?s=96&d=blank&r=g\",\"contentUrl\":\"https:\/\/secure.gravatar.com\/avatar\/049821681b589dabc0bc20695993ccebb09f5b5d4d790cd9251b97faac7c652b?s=96&d=blank&r=g\",\"caption\":\"enequipo\"},\"sameAs\":[\"https:\/\/www.facebook.com\/SonoraEE\"]}]}<\/script>\n ","yoast_head_json":{"title":"Sonora en Equipo. Inicia investigaci\u00f3n parlamentaria contra Trump MUNDO","description":"ESTADOS UNIDOS. \u2014\u00a0 Este martes la presidenta de la C\u00e1mara de Representantes de EE UU, la dem\u00f3crata Nancy Pelosi, ha anunciado la apertura de una En Sonora en Equipo publicamos toda la informaci\u00f3n de Sonora, M\u00e9xico y el Mundo de manera oportuna y busca que la libertad de expresi\u00f3n sea real. Visita nuestro medio informativo publicado desde Hermosillo, Sonora. %","robots":{"index":"index","follow":"follow","max-snippet":"max-snippet:-1","max-image-preview":"max-image-preview:large","max-video-preview":"max-video-preview:-1"},"canonical":"https:\/\/www.sonoraenequipo.com.mx\/inicia-investigacion-parlamentaria-contra-trump\/","og_locale":"es_ES","og_type":"article","og_title":"Sonora en Equipo. Inicia investigaci\u00f3n parlamentaria contra Trump MUNDO","og_description":"ESTADOS UNIDOS. \u2014\u00a0 Este martes la presidenta de la C\u00e1mara de Representantes de EE UU, la dem\u00f3crata Nancy Pelosi, ha anunciado la apertura de una En Sonora en Equipo publicamos toda la informaci\u00f3n de Sonora, M\u00e9xico y el Mundo de manera oportuna y busca que la libertad de expresi\u00f3n sea real. Visita nuestro medio informativo publicado desde Hermosillo, Sonora. %","og_url":"https:\/\/www.sonoraenequipo.com.mx\/inicia-investigacion-parlamentaria-contra-trump\/","og_site_name":"Sonora en Equipo.","article_publisher":"https:\/\/www.facebook.com\/SonoraEE\/","article_author":"https:\/\/www.facebook.com\/SonoraEE","article_published_time":"2019-09-25T06:54:11+00:00","og_image":[{"width":693,"height":400,"url":"https:\/\/www.sonoraenequipo.com.mx\/storage\/2019\/09\/senadodeestadosunidos_opt.jpg","type":"image\/jpeg"}],"author":"enequipo","twitter_card":"summary_large_image","twitter_creator":"@sonoraenequipo","twitter_site":"@sonoraenequipo","twitter_misc":{"Escrito por":"enequipo","Tiempo de lectura":"5 minutos"},"schema":{"@context":"https:\/\/schema.org","@graph":[{"@type":"Article","@id":"https:\/\/www.sonoraenequipo.com.mx\/inicia-investigacion-parlamentaria-contra-trump\/#article","isPartOf":{"@id":"https:\/\/www.sonoraenequipo.com.mx\/inicia-investigacion-parlamentaria-contra-trump\/"},"author":{"name":"enequipo","@id":"https:\/\/www.sonoraenequipo.com.mx\/#\/schema\/person\/50102df0fb23a8fa9e8effad8fa81386"},"headline":"Inicia investigaci\u00f3n parlamentaria contra Trump","datePublished":"2019-09-25T06:54:11+00:00","mainEntityOfPage":{"@id":"https:\/\/www.sonoraenequipo.com.mx\/inicia-investigacion-parlamentaria-contra-trump\/"},"wordCount":1038,"commentCount":0,"publisher":{"@id":"https:\/\/www.sonoraenequipo.com.mx\/#organization"},"image":{"@id":"https:\/\/www.sonoraenequipo.com.mx\/inicia-investigacion-parlamentaria-contra-trump\/#primaryimage"},"thumbnailUrl":"https:\/\/www.sonoraenequipo.com.mx\/storage\/2019\/09\/senadodeestadosunidos_opt.jpg","articleSection":["MUNDO"],"inLanguage":"es","potentialAction":[{"@type":"CommentAction","name":"Comment","target":["https:\/\/www.sonoraenequipo.com.mx\/inicia-investigacion-parlamentaria-contra-trump\/#respond"]}]},{"@type":"WebPage","@id":"https:\/\/www.sonoraenequipo.com.mx\/inicia-investigacion-parlamentaria-contra-trump\/","url":"https:\/\/www.sonoraenequipo.com.mx\/inicia-investigacion-parlamentaria-contra-trump\/","name":"Sonora en Equipo. Inicia investigaci\u00f3n parlamentaria contra Trump MUNDO","isPartOf":{"@id":"https:\/\/www.sonoraenequipo.com.mx\/#website"},"primaryImageOfPage":{"@id":"https:\/\/www.sonoraenequipo.com.mx\/inicia-investigacion-parlamentaria-contra-trump\/#primaryimage"},"image":{"@id":"https:\/\/www.sonoraenequipo.com.mx\/inicia-investigacion-parlamentaria-contra-trump\/#primaryimage"},"thumbnailUrl":"https:\/\/www.sonoraenequipo.com.mx\/storage\/2019\/09\/senadodeestadosunidos_opt.jpg","datePublished":"2019-09-25T06:54:11+00:00","description":"ESTADOS UNIDOS. \u2014\u00a0 Este martes la presidenta de la C\u00e1mara de Representantes de EE UU, la dem\u00f3crata Nancy Pelosi, ha anunciado la apertura de una En Sonora en Equipo publicamos toda la informaci\u00f3n de Sonora, M\u00e9xico y el Mundo de manera oportuna y busca que la libertad de expresi\u00f3n sea real. Visita nuestro medio informativo publicado desde Hermosillo, Sonora. %","breadcrumb":{"@id":"https:\/\/www.sonoraenequipo.com.mx\/inicia-investigacion-parlamentaria-contra-trump\/#breadcrumb"},"inLanguage":"es","potentialAction":[{"@type":"ReadAction","target":["https:\/\/www.sonoraenequipo.com.mx\/inicia-investigacion-parlamentaria-contra-trump\/"]}]},{"@type":"ImageObject","inLanguage":"es","@id":"https:\/\/www.sonoraenequipo.com.mx\/inicia-investigacion-parlamentaria-contra-trump\/#primaryimage","url":"https:\/\/www.sonoraenequipo.com.mx\/storage\/2019\/09\/senadodeestadosunidos_opt.jpg","contentUrl":"https:\/\/www.sonoraenequipo.com.mx\/storage\/2019\/09\/senadodeestadosunidos_opt.jpg","width":693,"height":400},{"@type":"BreadcrumbList","@id":"https:\/\/www.sonoraenequipo.com.mx\/inicia-investigacion-parlamentaria-contra-trump\/#breadcrumb","itemListElement":[{"@type":"ListItem","position":1,"name":"Portada","item":"https:\/\/www.sonoraenequipo.com.mx\/"},{"@type":"ListItem","position":2,"name":"Inicia investigaci\u00f3n parlamentaria contra Trump"}]},{"@type":"WebSite","@id":"https:\/\/www.sonoraenequipo.com.mx\/#website","url":"https:\/\/www.sonoraenequipo.com.mx\/","name":"Sonora en Equipo.","description":"Diario en l\u00ednea con Noticias desde Hermosillo, Sonora","publisher":{"@id":"https:\/\/www.sonoraenequipo.com.mx\/#organization"},"potentialAction":[{"@type":"SearchAction","target":{"@type":"EntryPoint","urlTemplate":"https:\/\/www.sonoraenequipo.com.mx\/?s={search_term_string}"},"query-input":{"@type":"PropertyValueSpecification","valueRequired":true,"valueName":"search_term_string"}}],"inLanguage":"es"},{"@type":"Organization","@id":"https:\/\/www.sonoraenequipo.com.mx\/#organization","name":"Sonoraenequipo.com.mx","url":"https:\/\/www.sonoraenequipo.com.mx\/","logo":{"@type":"ImageObject","inLanguage":"es","@id":"https:\/\/www.sonoraenequipo.com.mx\/#\/schema\/logo\/image\/","url":"https:\/\/www.sonoraenequipo.com.mx\/storage\/2019\/01\/sonoraenequipo_opt.png","contentUrl":"https:\/\/www.sonoraenequipo.com.mx\/storage\/2019\/01\/sonoraenequipo_opt.png","width":375,"height":125,"caption":"Sonoraenequipo.com.mx"},"image":{"@id":"https:\/\/www.sonoraenequipo.com.mx\/#\/schema\/logo\/image\/"},"sameAs":["https:\/\/www.facebook.com\/SonoraEE\/","https:\/\/x.com\/sonoraenequipo","https:\/\/www.youtube.com\/channel\/UC338nW-lPEYmJQs4ZABQ1SQ"]},{"@type":"Person","@id":"https:\/\/www.sonoraenequipo.com.mx\/#\/schema\/person\/50102df0fb23a8fa9e8effad8fa81386","name":"enequipo","image":{"@type":"ImageObject","inLanguage":"es","@id":"https:\/\/www.sonoraenequipo.com.mx\/#\/schema\/person\/image\/","url":"https:\/\/secure.gravatar.com\/avatar\/049821681b589dabc0bc20695993ccebb09f5b5d4d790cd9251b97faac7c652b?s=96&d=blank&r=g","contentUrl":"https:\/\/secure.gravatar.com\/avatar\/049821681b589dabc0bc20695993ccebb09f5b5d4d790cd9251b97faac7c652b?s=96&d=blank&r=g","caption":"enequipo"},"sameAs":["https:\/\/www.facebook.com\/SonoraEE"]}]}},"jetpack_featured_media_url":"https:\/\/www.sonoraenequipo.com.mx\/storage\/2019\/09\/senadodeestadosunidos_opt.jpg","_links":{"self":[{"href":"https:\/\/www.sonoraenequipo.com.mx\/api\/wp\/v2\/posts\/67722","targetHints":{"allow":["GET"]}}],"collection":[{"href":"https:\/\/www.sonoraenequipo.com.mx\/api\/wp\/v2\/posts"}],"about":[{"href":"https:\/\/www.sonoraenequipo.com.mx\/api\/wp\/v2\/types\/post"}],"author":[{"embeddable":true,"href":"https:\/\/www.sonoraenequipo.com.mx\/api\/wp\/v2\/users\/1"}],"replies":[{"embeddable":true,"href":"https:\/\/www.sonoraenequipo.com.mx\/api\/wp\/v2\/comments?post=67722"}],"version-history":[{"count":0,"href":"https:\/\/www.sonoraenequipo.com.mx\/api\/wp\/v2\/posts\/67722\/revisions"}],"wp:featuredmedia":[{"embeddable":true,"href":"https:\/\/www.sonoraenequipo.com.mx\/api\/wp\/v2\/media\/67723"}],"wp:attachment":[{"href":"https:\/\/www.sonoraenequipo.com.mx\/api\/wp\/v2\/media?parent=67722"}],"wp:term":[{"taxonomy":"category","embeddable":true,"href":"https:\/\/www.sonoraenequipo.com.mx\/api\/wp\/v2\/categories?post=67722"},{"taxonomy":"post_tag","embeddable":true,"href":"https:\/\/www.sonoraenequipo.com.mx\/api\/wp\/v2\/tags?post=67722"}],"curies":[{"name":"wp","href":"https:\/\/api.w.org\/{rel}","templated":true}]}}