{"id":67731,"date":"2019-09-24T22:16:04","date_gmt":"2019-09-25T05:16:04","guid":{"rendered":"https:\/\/www.sonoraenequipo.com.mx\/?p=67731"},"modified":"2019-09-24T22:16:04","modified_gmt":"2019-09-25T05:16:04","slug":"desmantelan-banda-de-ladrones-domiciliarios-en-ciudad-obregon","status":"publish","type":"post","link":"https:\/\/www.sonoraenequipo.com.mx\/desmantelan-banda-de-ladrones-domiciliarios-en-ciudad-obregon\/","title":{"rendered":"Desmantelan banda de ladrones  domiciliarios en Ciudad Obreg\u00f3n"},"content":{"rendered":"<p>CAJEME, SONORA,MX.- Seis personas quedaron vinculadas a proceso y en prisi\u00f3n preventiva, cinco hombres y una mujer, luego de que personal de la C\u00e9lula de Investigaci\u00f3n Contra el Delito de Robo a Casa Habitaci\u00f3n los aprehendieran por el delito de robo. <\/p>\n<p>&nbsp;<\/p>\n<p>Rossana \u201cN.\u201d, Jes\u00fas Enrique \u201cN.\u201d, Marcos Yesai \u201cN.\u201d, \u201cEl G\u00fcero Bulevar\u201d, Elioth Jonathan \u201cN.\u201d, \u201cEl Choco\u201d, Manuel Antonio \u201cN.\u201d, \u201cEl G\u00fcero Coty\u201d, y Carlos Armando \u201cN.\u201d, \u201cEl S\u00f3nico\u201d, son los imputados quienes est\u00e1n a disposici\u00f3n del Juez.<\/p>\n<p>&nbsp;<\/p>\n<p>Realizaron las acciones integrantes de la C\u00e9lula de Investigaci\u00f3n, de la Agencia Ministerial de Investigaci\u00f3n Criminal (AMIC), de la Fiscal\u00eda General de Justicia del Estado de Sonora (FGJE), y de Seguridad P\u00fablica Municipal de Cajeme.<\/p>\n<p>&nbsp;<\/p>\n<p>Los imputados, ya internados en el Centro de Reinserci\u00f3n Social (Cereso), figuran en diversas carpetas de investigaci\u00f3n por presuntos robos cometidos a viviendas ubicadas en la colonia Kino, Casa Blanca, Villa Bonita y Blanca Ramos.<\/p>\n<p>&nbsp;<\/p>\n<p>Indagatorias realizadas, por el Agente del Ministerio P\u00fablico de la C\u00e9lula de Investigaci\u00f3n Contra el Delito de Robo a Casa Habitaci\u00f3n, establecen su relaci\u00f3n en un robo cometido en Casa Blanca, en Ciudad Obreg\u00f3n.,Cabecera municipal<\/p>\n<p>&nbsp;<\/p>\n<p>Guadalupe \u201cN.\u201d, propietaria del inmueble, sali\u00f3 como todos los d\u00edas de su hogar, pero a las horas recibi\u00f3 el llamado de un amigo para decirle que la puerta de su casa estaba abierta, por lo que regres\u00f3 y se encontr\u00f3 que le hac\u00edan falta varios art\u00edculos.<\/p>\n<p>&nbsp;<\/p>\n<p>En Villa Bonita, en otra vivienda, Francisco \u201cN.\u201d sufri\u00f3 el hurto de varios art\u00edculos electr\u00f3nicos como computadoras, televisores, bocina, computadora port\u00e1til y dinero en efectivo, se percat\u00f3 del hecho de que hab\u00edan violentado una de las ventanas al regresar a su hogar.<\/p>\n<p>&nbsp;<\/p>\n<p>A\u00edda Aracel\u00ed \u201cN.\u201d despert\u00f3 por la ma\u00f1ana al escuchar ruidos que proven\u00edan del patio trasero de su casa, en la colonia Kino, y vio a una persona, quien se apoderaba de herramienta, aparatos electr\u00f3nicos y al verse descubierto emprendi\u00f3 la huida.<\/p>\n<p>&nbsp;<\/p>\n<p>Fecha de publicaci\u00f3n 24\/09\/2019<\/p>\n","protected":false},"excerpt":{"rendered":"<p>CAJEME, SONORA,MX.- Seis personas quedaron vinculadas a proceso y en prisi\u00f3n preventiva, cinco hombres y&#8230;<\/p>\n","protected":false},"author":1,"featured_media":63337,"comment_status":"open","ping_status":"open","sticky":false,"template":"","format":"standard","meta":{"_monsterinsights_skip_tracking":false,"_monsterinsights_sitenote_active":false,"_monsterinsights_sitenote_note":"","_monsterinsights_sitenote_category":0,"footnotes":""},"categories":[3144],"tags":[3554,15],"class_list":["post"],"yoast_head":" \n<title>Sonora en Equipo. Desmantelan banda de ladrones domiciliarios en Ciudad Obreg\u00f3n Polic\u00edaca<\/title>\n<meta name=\"description\" content=\"CAJEME, SONORA,MX.- Seis personas quedaron vinculadas a proceso y en prisi\u00f3n preventiva, cinco hombres y una mujer, luego de que personal de la C\u00e9lula de En Sonora en Equipo publicamos toda la informaci\u00f3n de Sonora, M\u00e9xico y el Mundo de manera oportuna y busca que la libertad de expresi\u00f3n sea real. Visita nuestro medio informativo publicado desde Hermosillo, Sonora. %\" \/>\n<meta name=\"robots\" content=\"index, follow, max-snippet:-1, max-image-preview:large, max-video-preview:-1\" \/>\n<link rel=\"canonical\" href=\"https:\/\/www.sonoraenequipo.com.mx\/desmantelan-banda-de-ladrones-domiciliarios-en-ciudad-obregon\/\" \/>\n<meta property=\"og:locale\" content=\"es_ES\" \/>\n<meta property=\"og:type\" content=\"article\" \/>\n<meta property=\"og:title\" content=\"Sonora en Equipo. Desmantelan banda de ladrones domiciliarios en Ciudad Obreg\u00f3n Polic\u00edaca\" \/>\n<meta property=\"og:description\" content=\"CAJEME, SONORA,MX.- Seis personas quedaron vinculadas a proceso y en prisi\u00f3n preventiva, cinco hombres y una mujer, luego de que personal de la C\u00e9lula de En Sonora en Equipo publicamos toda la informaci\u00f3n de Sonora, M\u00e9xico y el Mundo de manera oportuna y busca que la libertad de expresi\u00f3n sea real. Visita nuestro medio informativo publicado desde Hermosillo, Sonora. %\" \/>\n<meta property=\"og:url\" content=\"https:\/\/www.sonoraenequipo.com.mx\/desmantelan-banda-de-ladrones-domiciliarios-en-ciudad-obregon\/\" \/>\n<meta property=\"og:site_name\" content=\"Sonora en Equipo.\" \/>\n<meta property=\"article:publisher\" content=\"https:\/\/www.facebook.com\/SonoraEE\/\" \/>\n<meta property=\"article:author\" content=\"https:\/\/www.facebook.com\/SonoraEE\" \/>\n<meta property=\"article:published_time\" content=\"2019-09-25T05:16:04+00:00\" \/>\n<meta property=\"og:image\" content=\"https:\/\/www.sonoraenequipo.com.mx\/storage\/2019\/07\/robo.jpg\" \/>\n\t<meta property=\"og:image:width\" content=\"450\" \/>\n\t<meta property=\"og:image:height\" content=\"338\" \/>\n\t<meta property=\"og:image:type\" content=\"image\/jpeg\" \/>\n<meta name=\"author\" content=\"enequipo\" \/>\n<meta name=\"twitter:card\" content=\"summary_large_image\" \/>\n<meta name=\"twitter:creator\" content=\"@sonoraenequipo\" \/>\n<meta name=\"twitter:site\" content=\"@sonoraenequipo\" \/>\n<meta name=\"twitter:label1\" content=\"Escrito por\" \/>\n\t<meta name=\"twitter:data1\" content=\"enequipo\" \/>\n\t<meta name=\"twitter:label2\" content=\"Tiempo de lectura\" \/>\n\t<meta name=\"twitter:data2\" content=\"2 minutos\" \/>\n<script type=\"application\/ld+json\" class=\"yoast-schema-graph\">{\"@context\":\"https:\/\/schema.org\",\"@graph\":[{\"@type\":\"Article\",\"@id\":\"https:\/\/www.sonoraenequipo.com.mx\/desmantelan-banda-de-ladrones-domiciliarios-en-ciudad-obregon\/#article\",\"isPartOf\":{\"@id\":\"https:\/\/www.sonoraenequipo.com.mx\/desmantelan-banda-de-ladrones-domiciliarios-en-ciudad-obregon\/\"},\"author\":{\"name\":\"enequipo\",\"@id\":\"https:\/\/www.sonoraenequipo.com.mx\/#\/schema\/person\/50102df0fb23a8fa9e8effad8fa81386\"},\"headline\":\"Desmantelan banda de ladrones domiciliarios en Ciudad Obreg\u00f3n\",\"datePublished\":\"2019-09-25T05:16:04+00:00\",\"mainEntityOfPage\":{\"@id\":\"https:\/\/www.sonoraenequipo.com.mx\/desmantelan-banda-de-ladrones-domiciliarios-en-ciudad-obregon\/\"},\"wordCount\":370,\"commentCount\":0,\"publisher\":{\"@id\":\"https:\/\/www.sonoraenequipo.com.mx\/#organization\"},\"image\":{\"@id\":\"https:\/\/www.sonoraenequipo.com.mx\/desmantelan-banda-de-ladrones-domiciliarios-en-ciudad-obregon\/#primaryimage\"},\"thumbnailUrl\":\"https:\/\/www.sonoraenequipo.com.mx\/storage\/2019\/07\/robo.jpg\",\"keywords\":[\"ladrones domiciliarios\",\"Sonora\"],\"articleSection\":[\"Polic\u00edaca\"],\"inLanguage\":\"es\",\"potentialAction\":[{\"@type\":\"CommentAction\",\"name\":\"Comment\",\"target\":[\"https:\/\/www.sonoraenequipo.com.mx\/desmantelan-banda-de-ladrones-domiciliarios-en-ciudad-obregon\/#respond\"]}]},{\"@type\":\"WebPage\",\"@id\":\"https:\/\/www.sonoraenequipo.com.mx\/desmantelan-banda-de-ladrones-domiciliarios-en-ciudad-obregon\/\",\"url\":\"https:\/\/www.sonoraenequipo.com.mx\/desmantelan-banda-de-ladrones-domiciliarios-en-ciudad-obregon\/\",\"name\":\"Sonora en Equipo. Desmantelan banda de ladrones domiciliarios en Ciudad Obreg\u00f3n Polic\u00edaca\",\"isPartOf\":{\"@id\":\"https:\/\/www.sonoraenequipo.com.mx\/#website\"},\"primaryImageOfPage\":{\"@id\":\"https:\/\/www.sonoraenequipo.com.mx\/desmantelan-banda-de-ladrones-domiciliarios-en-ciudad-obregon\/#primaryimage\"},\"image\":{\"@id\":\"https:\/\/www.sonoraenequipo.com.mx\/desmantelan-banda-de-ladrones-domiciliarios-en-ciudad-obregon\/#primaryimage\"},\"thumbnailUrl\":\"https:\/\/www.sonoraenequipo.com.mx\/storage\/2019\/07\/robo.jpg\",\"datePublished\":\"2019-09-25T05:16:04+00:00\",\"description\":\"CAJEME, SONORA,MX.- Seis personas quedaron vinculadas a proceso y en prisi\u00f3n preventiva, cinco hombres y una mujer, luego de que personal de la C\u00e9lula de En Sonora en Equipo publicamos toda la informaci\u00f3n de Sonora, M\u00e9xico y el Mundo de manera oportuna y busca que la libertad de expresi\u00f3n sea real. Visita nuestro medio informativo publicado desde Hermosillo, Sonora. %\",\"breadcrumb\":{\"@id\":\"https:\/\/www.sonoraenequipo.com.mx\/desmantelan-banda-de-ladrones-domiciliarios-en-ciudad-obregon\/#breadcrumb\"},\"inLanguage\":\"es\",\"potentialAction\":[{\"@type\":\"ReadAction\",\"target\":[\"https:\/\/www.sonoraenequipo.com.mx\/desmantelan-banda-de-ladrones-domiciliarios-en-ciudad-obregon\/\"]}]},{\"@type\":\"ImageObject\",\"inLanguage\":\"es\",\"@id\":\"https:\/\/www.sonoraenequipo.com.mx\/desmantelan-banda-de-ladrones-domiciliarios-en-ciudad-obregon\/#primaryimage\",\"url\":\"https:\/\/www.sonoraenequipo.com.mx\/storage\/2019\/07\/robo.jpg\",\"contentUrl\":\"https:\/\/www.sonoraenequipo.com.mx\/storage\/2019\/07\/robo.jpg\",\"width\":450,\"height\":338},{\"@type\":\"BreadcrumbList\",\"@id\":\"https:\/\/www.sonoraenequipo.com.mx\/desmantelan-banda-de-ladrones-domiciliarios-en-ciudad-obregon\/#breadcrumb\",\"itemListElement\":[{\"@type\":\"ListItem\",\"position\":1,\"name\":\"Portada\",\"item\":\"https:\/\/www.sonoraenequipo.com.mx\/\"},{\"@type\":\"ListItem\",\"position\":2,\"name\":\"Desmantelan banda de ladrones domiciliarios en Ciudad Obreg\u00f3n\"}]},{\"@type\":\"WebSite\",\"@id\":\"https:\/\/www.sonoraenequipo.com.mx\/#website\",\"url\":\"https:\/\/www.sonoraenequipo.com.mx\/\",\"name\":\"Sonora en Equipo.\",\"description\":\"Diario en l\u00ednea con Noticias desde Hermosillo, Sonora\",\"publisher\":{\"@id\":\"https:\/\/www.sonoraenequipo.com.mx\/#organization\"},\"potentialAction\":[{\"@type\":\"SearchAction\",\"target\":{\"@type\":\"EntryPoint\",\"urlTemplate\":\"https:\/\/www.sonoraenequipo.com.mx\/?s={search_term_string}\"},\"query-input\":{\"@type\":\"PropertyValueSpecification\",\"valueRequired\":true,\"valueName\":\"search_term_string\"}}],\"inLanguage\":\"es\"},{\"@type\":\"Organization\",\"@id\":\"https:\/\/www.sonoraenequipo.com.mx\/#organization\",\"name\":\"Sonoraenequipo.com.mx\",\"url\":\"https:\/\/www.sonoraenequipo.com.mx\/\",\"logo\":{\"@type\":\"ImageObject\",\"inLanguage\":\"es\",\"@id\":\"https:\/\/www.sonoraenequipo.com.mx\/#\/schema\/logo\/image\/\",\"url\":\"https:\/\/www.sonoraenequipo.com.mx\/storage\/2019\/01\/sonoraenequipo_opt.png\",\"contentUrl\":\"https:\/\/www.sonoraenequipo.com.mx\/storage\/2019\/01\/sonoraenequipo_opt.png\",\"width\":375,\"height\":125,\"caption\":\"Sonoraenequipo.com.mx\"},\"image\":{\"@id\":\"https:\/\/www.sonoraenequipo.com.mx\/#\/schema\/logo\/image\/\"},\"sameAs\":[\"https:\/\/www.facebook.com\/SonoraEE\/\",\"https:\/\/x.com\/sonoraenequipo\",\"https:\/\/www.youtube.com\/channel\/UC338nW-lPEYmJQs4ZABQ1SQ\"]},{\"@type\":\"Person\",\"@id\":\"https:\/\/www.sonoraenequipo.com.mx\/#\/schema\/person\/50102df0fb23a8fa9e8effad8fa81386\",\"name\":\"enequipo\",\"image\":{\"@type\":\"ImageObject\",\"inLanguage\":\"es\",\"@id\":\"https:\/\/www.sonoraenequipo.com.mx\/#\/schema\/person\/image\/\",\"url\":\"https:\/\/secure.gravatar.com\/avatar\/049821681b589dabc0bc20695993ccebb09f5b5d4d790cd9251b97faac7c652b?s=96&d=blank&r=g\",\"contentUrl\":\"https:\/\/secure.gravatar.com\/avatar\/049821681b589dabc0bc20695993ccebb09f5b5d4d790cd9251b97faac7c652b?s=96&d=blank&r=g\",\"caption\":\"enequipo\"},\"sameAs\":[\"https:\/\/www.facebook.com\/SonoraEE\"]}]}<\/script>\n ","yoast_head_json":{"title":"Sonora en Equipo. Desmantelan banda de ladrones domiciliarios en Ciudad Obreg\u00f3n Polic\u00edaca","description":"CAJEME, SONORA,MX.- Seis personas quedaron vinculadas a proceso y en prisi\u00f3n preventiva, cinco hombres y una mujer, luego de que personal de la C\u00e9lula de En Sonora en Equipo publicamos toda la informaci\u00f3n de Sonora, M\u00e9xico y el Mundo de manera oportuna y busca que la libertad de expresi\u00f3n sea real. Visita nuestro medio informativo publicado desde Hermosillo, Sonora. %","robots":{"index":"index","follow":"follow","max-snippet":"max-snippet:-1","max-image-preview":"max-image-preview:large","max-video-preview":"max-video-preview:-1"},"canonical":"https:\/\/www.sonoraenequipo.com.mx\/desmantelan-banda-de-ladrones-domiciliarios-en-ciudad-obregon\/","og_locale":"es_ES","og_type":"article","og_title":"Sonora en Equipo. Desmantelan banda de ladrones domiciliarios en Ciudad Obreg\u00f3n Polic\u00edaca","og_description":"CAJEME, SONORA,MX.- Seis personas quedaron vinculadas a proceso y en prisi\u00f3n preventiva, cinco hombres y una mujer, luego de que personal de la C\u00e9lula de En Sonora en Equipo publicamos toda la informaci\u00f3n de Sonora, M\u00e9xico y el Mundo de manera oportuna y busca que la libertad de expresi\u00f3n sea real. Visita nuestro medio informativo publicado desde Hermosillo, Sonora. %","og_url":"https:\/\/www.sonoraenequipo.com.mx\/desmantelan-banda-de-ladrones-domiciliarios-en-ciudad-obregon\/","og_site_name":"Sonora en Equipo.","article_publisher":"https:\/\/www.facebook.com\/SonoraEE\/","article_author":"https:\/\/www.facebook.com\/SonoraEE","article_published_time":"2019-09-25T05:16:04+00:00","og_image":[{"width":450,"height":338,"url":"https:\/\/www.sonoraenequipo.com.mx\/storage\/2019\/07\/robo.jpg","type":"image\/jpeg"}],"author":"enequipo","twitter_card":"summary_large_image","twitter_creator":"@sonoraenequipo","twitter_site":"@sonoraenequipo","twitter_misc":{"Escrito por":"enequipo","Tiempo de lectura":"2 minutos"},"schema":{"@context":"https:\/\/schema.org","@graph":[{"@type":"Article","@id":"https:\/\/www.sonoraenequipo.com.mx\/desmantelan-banda-de-ladrones-domiciliarios-en-ciudad-obregon\/#article","isPartOf":{"@id":"https:\/\/www.sonoraenequipo.com.mx\/desmantelan-banda-de-ladrones-domiciliarios-en-ciudad-obregon\/"},"author":{"name":"enequipo","@id":"https:\/\/www.sonoraenequipo.com.mx\/#\/schema\/person\/50102df0fb23a8fa9e8effad8fa81386"},"headline":"Desmantelan banda de ladrones domiciliarios en Ciudad Obreg\u00f3n","datePublished":"2019-09-25T05:16:04+00:00","mainEntityOfPage":{"@id":"https:\/\/www.sonoraenequipo.com.mx\/desmantelan-banda-de-ladrones-domiciliarios-en-ciudad-obregon\/"},"wordCount":370,"commentCount":0,"publisher":{"@id":"https:\/\/www.sonoraenequipo.com.mx\/#organization"},"image":{"@id":"https:\/\/www.sonoraenequipo.com.mx\/desmantelan-banda-de-ladrones-domiciliarios-en-ciudad-obregon\/#primaryimage"},"thumbnailUrl":"https:\/\/www.sonoraenequipo.com.mx\/storage\/2019\/07\/robo.jpg","keywords":["ladrones domiciliarios","Sonora"],"articleSection":["Polic\u00edaca"],"inLanguage":"es","potentialAction":[{"@type":"CommentAction","name":"Comment","target":["https:\/\/www.sonoraenequipo.com.mx\/desmantelan-banda-de-ladrones-domiciliarios-en-ciudad-obregon\/#respond"]}]},{"@type":"WebPage","@id":"https:\/\/www.sonoraenequipo.com.mx\/desmantelan-banda-de-ladrones-domiciliarios-en-ciudad-obregon\/","url":"https:\/\/www.sonoraenequipo.com.mx\/desmantelan-banda-de-ladrones-domiciliarios-en-ciudad-obregon\/","name":"Sonora en Equipo. Desmantelan banda de ladrones domiciliarios en Ciudad Obreg\u00f3n Polic\u00edaca","isPartOf":{"@id":"https:\/\/www.sonoraenequipo.com.mx\/#website"},"primaryImageOfPage":{"@id":"https:\/\/www.sonoraenequipo.com.mx\/desmantelan-banda-de-ladrones-domiciliarios-en-ciudad-obregon\/#primaryimage"},"image":{"@id":"https:\/\/www.sonoraenequipo.com.mx\/desmantelan-banda-de-ladrones-domiciliarios-en-ciudad-obregon\/#primaryimage"},"thumbnailUrl":"https:\/\/www.sonoraenequipo.com.mx\/storage\/2019\/07\/robo.jpg","datePublished":"2019-09-25T05:16:04+00:00","description":"CAJEME, SONORA,MX.- Seis personas quedaron vinculadas a proceso y en prisi\u00f3n preventiva, cinco hombres y una mujer, luego de que personal de la C\u00e9lula de En Sonora en Equipo publicamos toda la informaci\u00f3n de Sonora, M\u00e9xico y el Mundo de manera oportuna y busca que la libertad de expresi\u00f3n sea real. Visita nuestro medio informativo publicado desde Hermosillo, Sonora. %","breadcrumb":{"@id":"https:\/\/www.sonoraenequipo.com.mx\/desmantelan-banda-de-ladrones-domiciliarios-en-ciudad-obregon\/#breadcrumb"},"inLanguage":"es","potentialAction":[{"@type":"ReadAction","target":["https:\/\/www.sonoraenequipo.com.mx\/desmantelan-banda-de-ladrones-domiciliarios-en-ciudad-obregon\/"]}]},{"@type":"ImageObject","inLanguage":"es","@id":"https:\/\/www.sonoraenequipo.com.mx\/desmantelan-banda-de-ladrones-domiciliarios-en-ciudad-obregon\/#primaryimage","url":"https:\/\/www.sonoraenequipo.com.mx\/storage\/2019\/07\/robo.jpg","contentUrl":"https:\/\/www.sonoraenequipo.com.mx\/storage\/2019\/07\/robo.jpg","width":450,"height":338},{"@type":"BreadcrumbList","@id":"https:\/\/www.sonoraenequipo.com.mx\/desmantelan-banda-de-ladrones-domiciliarios-en-ciudad-obregon\/#breadcrumb","itemListElement":[{"@type":"ListItem","position":1,"name":"Portada","item":"https:\/\/www.sonoraenequipo.com.mx\/"},{"@type":"ListItem","position":2,"name":"Desmantelan banda de ladrones domiciliarios en Ciudad Obreg\u00f3n"}]},{"@type":"WebSite","@id":"https:\/\/www.sonoraenequipo.com.mx\/#website","url":"https:\/\/www.sonoraenequipo.com.mx\/","name":"Sonora en Equipo.","description":"Diario en l\u00ednea con Noticias desde Hermosillo, Sonora","publisher":{"@id":"https:\/\/www.sonoraenequipo.com.mx\/#organization"},"potentialAction":[{"@type":"SearchAction","target":{"@type":"EntryPoint","urlTemplate":"https:\/\/www.sonoraenequipo.com.mx\/?s={search_term_string}"},"query-input":{"@type":"PropertyValueSpecification","valueRequired":true,"valueName":"search_term_string"}}],"inLanguage":"es"},{"@type":"Organization","@id":"https:\/\/www.sonoraenequipo.com.mx\/#organization","name":"Sonoraenequipo.com.mx","url":"https:\/\/www.sonoraenequipo.com.mx\/","logo":{"@type":"ImageObject","inLanguage":"es","@id":"https:\/\/www.sonoraenequipo.com.mx\/#\/schema\/logo\/image\/","url":"https:\/\/www.sonoraenequipo.com.mx\/storage\/2019\/01\/sonoraenequipo_opt.png","contentUrl":"https:\/\/www.sonoraenequipo.com.mx\/storage\/2019\/01\/sonoraenequipo_opt.png","width":375,"height":125,"caption":"Sonoraenequipo.com.mx"},"image":{"@id":"https:\/\/www.sonoraenequipo.com.mx\/#\/schema\/logo\/image\/"},"sameAs":["https:\/\/www.facebook.com\/SonoraEE\/","https:\/\/x.com\/sonoraenequipo","https:\/\/www.youtube.com\/channel\/UC338nW-lPEYmJQs4ZABQ1SQ"]},{"@type":"Person","@id":"https:\/\/www.sonoraenequipo.com.mx\/#\/schema\/person\/50102df0fb23a8fa9e8effad8fa81386","name":"enequipo","image":{"@type":"ImageObject","inLanguage":"es","@id":"https:\/\/www.sonoraenequipo.com.mx\/#\/schema\/person\/image\/","url":"https:\/\/secure.gravatar.com\/avatar\/049821681b589dabc0bc20695993ccebb09f5b5d4d790cd9251b97faac7c652b?s=96&d=blank&r=g","contentUrl":"https:\/\/secure.gravatar.com\/avatar\/049821681b589dabc0bc20695993ccebb09f5b5d4d790cd9251b97faac7c652b?s=96&d=blank&r=g","caption":"enequipo"},"sameAs":["https:\/\/www.facebook.com\/SonoraEE"]}]}},"jetpack_featured_media_url":"https:\/\/www.sonoraenequipo.com.mx\/storage\/2019\/07\/robo.jpg","_links":{"self":[{"href":"https:\/\/www.sonoraenequipo.com.mx\/api\/wp\/v2\/posts\/67731","targetHints":{"allow":["GET"]}}],"collection":[{"href":"https:\/\/www.sonoraenequipo.com.mx\/api\/wp\/v2\/posts"}],"about":[{"href":"https:\/\/www.sonoraenequipo.com.mx\/api\/wp\/v2\/types\/post"}],"author":[{"embeddable":true,"href":"https:\/\/www.sonoraenequipo.com.mx\/api\/wp\/v2\/users\/1"}],"replies":[{"embeddable":true,"href":"https:\/\/www.sonoraenequipo.com.mx\/api\/wp\/v2\/comments?post=67731"}],"version-history":[{"count":0,"href":"https:\/\/www.sonoraenequipo.com.mx\/api\/wp\/v2\/posts\/67731\/revisions"}],"wp:featuredmedia":[{"embeddable":true,"href":"https:\/\/www.sonoraenequipo.com.mx\/api\/wp\/v2\/media\/63337"}],"wp:attachment":[{"href":"https:\/\/www.sonoraenequipo.com.mx\/api\/wp\/v2\/media?parent=67731"}],"wp:term":[{"taxonomy":"category","embeddable":true,"href":"https:\/\/www.sonoraenequipo.com.mx\/api\/wp\/v2\/categories?post=67731"},{"taxonomy":"post_tag","embeddable":true,"href":"https:\/\/www.sonoraenequipo.com.mx\/api\/wp\/v2\/tags?post=67731"}],"curies":[{"name":"wp","href":"https:\/\/api.w.org\/{rel}","templated":true}]}}