{"id":67733,"date":"2019-09-24T22:37:33","date_gmt":"2019-09-25T05:37:33","guid":{"rendered":"https:\/\/www.sonoraenequipo.com.mx\/?p=67733"},"modified":"2019-09-24T22:37:33","modified_gmt":"2019-09-25T05:37:33","slug":"habilitan-albergues-en-hermosillo-ante-pronostico-de-lluvias-fuertes","status":"publish","type":"post","link":"https:\/\/www.sonoraenequipo.com.mx\/habilitan-albergues-en-hermosillo-ante-pronostico-de-lluvias-fuertes\/","title":{"rendered":"Habilitan albergues en Hermosillo ante pron\u00f3stico de  lluvias fuertes"},"content":{"rendered":"<p>HERMOSILLO,SONORA,MX.- Como medida preventiva ante el pron\u00f3stico de lluvias intensas a partir de la madrugada de este mi\u00e9rcoles, se habilitaron como refugios temporales los Centros de Desarrollo Social del Municipio. <\/p>\n<p>Como recomendaci\u00f3n de la Unidad Municipal de Protecci\u00f3n Civil, la Direcci\u00f3n de Bienestar Social contar\u00e1 con los tambi\u00e9n llamados Centros H\u00e1bitat, ubicados en cinco puntos de la ciudad, as\u00ed como en el poblado Miguel Alem\u00e1n y una escuela en Bah\u00eda de Kino, para las personas que se encuentren en situaci\u00f3n vulnerable o riesgo.<img loading=\"lazy\" decoding=\"async\" class=\"x-center  size-full\" src=\"https:\/\/www.sonoraenequipo.com.mx\/storage\/2019\/09\/AVISO.jpg\" alt=\"\" width=\"800\" height=\"800\" \/><\/p>\n<p>&nbsp;<\/p>\n<p>Los albergues est\u00e1n en los Centros H\u00e1bitat de las colonias Caf\u00e9 Combate, Internacional, Solidaridad I, Solidaridad IV, Olivos, Las Minitas; en el poblado Miguel Alem\u00e1n; y en la Escuela Secundaria Ferm\u00edn Trujillo, de Bah\u00eda de Kino.<\/p>\n<p>&nbsp;<\/p>\n<p>&nbsp;<\/p>\n<p>Los miembros del Comit\u00e9 de Operaciones de Emergencias se encuentran muy atentos a cualquier situaci\u00f3n que se pueda presentar y vigilar\u00e1n el comportamiento de las tormentas que se esperan.<\/p>\n<p>&nbsp;<\/p>\n<p>&nbsp;<\/p>\n<p>Asimismo, personal de todos los cuerpos de emergencia estar\u00e1n vigilantes de las aguas que lleve el R\u00edo San Miguel, para resguardar a las familias que viven cercanas en San Pedro y La Victoria si llegaran a ocurrir escurrimientos por lluvias en otros municipios.<\/p>\n<p>Fecha de publicaci\u00f3n 24\/09\/2019<\/p>\n","protected":false},"excerpt":{"rendered":"<p>HERMOSILLO,SONORA,MX.- Como medida preventiva ante el pron\u00f3stico de lluvias intensas a partir de la madrugada&#8230;<\/p>\n","protected":false},"author":1,"featured_media":67571,"comment_status":"open","ping_status":"open","sticky":false,"template":"","format":"standard","meta":{"_monsterinsights_skip_tracking":false,"_monsterinsights_sitenote_active":false,"_monsterinsights_sitenote_note":"","_monsterinsights_sitenote_category":0,"footnotes":""},"categories":[4],"tags":[35,168],"class_list":["post"],"yoast_head":" \n<title>Sonora en Equipo. Habilitan albergues en Hermosillo ante pron\u00f3stico de lluvias fuertes Municipios<\/title>\n<meta name=\"description\" content=\"HERMOSILLO,SONORA,MX.- Como medida preventiva ante el pron\u00f3stico de lluvias intensas a partir de la madrugada de este mi\u00e9rcoles, se habilitaron como En Sonora en Equipo publicamos toda la informaci\u00f3n de Sonora, M\u00e9xico y el Mundo de manera oportuna y busca que la libertad de expresi\u00f3n sea real. Visita nuestro medio informativo publicado desde Hermosillo, Sonora. %\" \/>\n<meta name=\"robots\" content=\"index, follow, max-snippet:-1, max-image-preview:large, max-video-preview:-1\" \/>\n<link rel=\"canonical\" href=\"https:\/\/www.sonoraenequipo.com.mx\/habilitan-albergues-en-hermosillo-ante-pronostico-de-lluvias-fuertes\/\" \/>\n<meta property=\"og:locale\" content=\"es_ES\" \/>\n<meta property=\"og:type\" content=\"article\" \/>\n<meta property=\"og:title\" content=\"Sonora en Equipo. Habilitan albergues en Hermosillo ante pron\u00f3stico de lluvias fuertes Municipios\" \/>\n<meta property=\"og:description\" content=\"HERMOSILLO,SONORA,MX.- Como medida preventiva ante el pron\u00f3stico de lluvias intensas a partir de la madrugada de este mi\u00e9rcoles, se habilitaron como En Sonora en Equipo publicamos toda la informaci\u00f3n de Sonora, M\u00e9xico y el Mundo de manera oportuna y busca que la libertad de expresi\u00f3n sea real. Visita nuestro medio informativo publicado desde Hermosillo, Sonora. %\" \/>\n<meta property=\"og:url\" content=\"https:\/\/www.sonoraenequipo.com.mx\/habilitan-albergues-en-hermosillo-ante-pronostico-de-lluvias-fuertes\/\" \/>\n<meta property=\"og:site_name\" content=\"Sonora en Equipo.\" \/>\n<meta property=\"article:publisher\" content=\"https:\/\/www.facebook.com\/SonoraEE\/\" \/>\n<meta property=\"article:author\" content=\"https:\/\/www.facebook.com\/SonoraEE\" \/>\n<meta property=\"article:published_time\" content=\"2019-09-25T05:37:33+00:00\" \/>\n<meta property=\"og:image\" content=\"https:\/\/www.sonoraenequipo.com.mx\/storage\/2019\/09\/hmo-lorena-2-1.jpg\" \/>\n\t<meta property=\"og:image:width\" content=\"600\" \/>\n\t<meta property=\"og:image:height\" content=\"400\" \/>\n\t<meta property=\"og:image:type\" content=\"image\/jpeg\" \/>\n<meta name=\"author\" content=\"enequipo\" \/>\n<meta name=\"twitter:card\" content=\"summary_large_image\" \/>\n<meta name=\"twitter:creator\" content=\"@sonoraenequipo\" \/>\n<meta name=\"twitter:site\" content=\"@sonoraenequipo\" \/>\n<meta name=\"twitter:label1\" content=\"Escrito por\" \/>\n\t<meta name=\"twitter:data1\" content=\"enequipo\" \/>\n\t<meta name=\"twitter:label2\" content=\"Tiempo de lectura\" \/>\n\t<meta name=\"twitter:data2\" content=\"1 minuto\" \/>\n<script type=\"application\/ld+json\" class=\"yoast-schema-graph\">{\"@context\":\"https:\/\/schema.org\",\"@graph\":[{\"@type\":\"Article\",\"@id\":\"https:\/\/www.sonoraenequipo.com.mx\/habilitan-albergues-en-hermosillo-ante-pronostico-de-lluvias-fuertes\/#article\",\"isPartOf\":{\"@id\":\"https:\/\/www.sonoraenequipo.com.mx\/habilitan-albergues-en-hermosillo-ante-pronostico-de-lluvias-fuertes\/\"},\"author\":{\"name\":\"enequipo\",\"@id\":\"https:\/\/www.sonoraenequipo.com.mx\/#\/schema\/person\/50102df0fb23a8fa9e8effad8fa81386\"},\"headline\":\"Habilitan albergues en Hermosillo ante pron\u00f3stico de lluvias fuertes\",\"datePublished\":\"2019-09-25T05:37:33+00:00\",\"mainEntityOfPage\":{\"@id\":\"https:\/\/www.sonoraenequipo.com.mx\/habilitan-albergues-en-hermosillo-ante-pronostico-de-lluvias-fuertes\/\"},\"wordCount\":232,\"commentCount\":0,\"publisher\":{\"@id\":\"https:\/\/www.sonoraenequipo.com.mx\/#organization\"},\"image\":{\"@id\":\"https:\/\/www.sonoraenequipo.com.mx\/habilitan-albergues-en-hermosillo-ante-pronostico-de-lluvias-fuertes\/#primaryimage\"},\"thumbnailUrl\":\"https:\/\/www.sonoraenequipo.com.mx\/storage\/2019\/09\/hmo-lorena-2-1.jpg\",\"keywords\":[\"hermosillo\",\"Lluvias\"],\"articleSection\":[\"Municipios\"],\"inLanguage\":\"es\",\"potentialAction\":[{\"@type\":\"CommentAction\",\"name\":\"Comment\",\"target\":[\"https:\/\/www.sonoraenequipo.com.mx\/habilitan-albergues-en-hermosillo-ante-pronostico-de-lluvias-fuertes\/#respond\"]}]},{\"@type\":\"WebPage\",\"@id\":\"https:\/\/www.sonoraenequipo.com.mx\/habilitan-albergues-en-hermosillo-ante-pronostico-de-lluvias-fuertes\/\",\"url\":\"https:\/\/www.sonoraenequipo.com.mx\/habilitan-albergues-en-hermosillo-ante-pronostico-de-lluvias-fuertes\/\",\"name\":\"Sonora en Equipo. Habilitan albergues en Hermosillo ante pron\u00f3stico de lluvias fuertes Municipios\",\"isPartOf\":{\"@id\":\"https:\/\/www.sonoraenequipo.com.mx\/#website\"},\"primaryImageOfPage\":{\"@id\":\"https:\/\/www.sonoraenequipo.com.mx\/habilitan-albergues-en-hermosillo-ante-pronostico-de-lluvias-fuertes\/#primaryimage\"},\"image\":{\"@id\":\"https:\/\/www.sonoraenequipo.com.mx\/habilitan-albergues-en-hermosillo-ante-pronostico-de-lluvias-fuertes\/#primaryimage\"},\"thumbnailUrl\":\"https:\/\/www.sonoraenequipo.com.mx\/storage\/2019\/09\/hmo-lorena-2-1.jpg\",\"datePublished\":\"2019-09-25T05:37:33+00:00\",\"description\":\"HERMOSILLO,SONORA,MX.- Como medida preventiva ante el pron\u00f3stico de lluvias intensas a partir de la madrugada de este mi\u00e9rcoles, se habilitaron como En Sonora en Equipo publicamos toda la informaci\u00f3n de Sonora, M\u00e9xico y el Mundo de manera oportuna y busca que la libertad de expresi\u00f3n sea real. Visita nuestro medio informativo publicado desde Hermosillo, Sonora. %\",\"breadcrumb\":{\"@id\":\"https:\/\/www.sonoraenequipo.com.mx\/habilitan-albergues-en-hermosillo-ante-pronostico-de-lluvias-fuertes\/#breadcrumb\"},\"inLanguage\":\"es\",\"potentialAction\":[{\"@type\":\"ReadAction\",\"target\":[\"https:\/\/www.sonoraenequipo.com.mx\/habilitan-albergues-en-hermosillo-ante-pronostico-de-lluvias-fuertes\/\"]}]},{\"@type\":\"ImageObject\",\"inLanguage\":\"es\",\"@id\":\"https:\/\/www.sonoraenequipo.com.mx\/habilitan-albergues-en-hermosillo-ante-pronostico-de-lluvias-fuertes\/#primaryimage\",\"url\":\"https:\/\/www.sonoraenequipo.com.mx\/storage\/2019\/09\/hmo-lorena-2-1.jpg\",\"contentUrl\":\"https:\/\/www.sonoraenequipo.com.mx\/storage\/2019\/09\/hmo-lorena-2-1.jpg\",\"width\":600,\"height\":400,\"caption\":\"los remanentes del hurac\u00e1n Lorena dejaron fuertes lluvias principalmente en la costa de Hermosillo el pasado fin de semana\"},{\"@type\":\"BreadcrumbList\",\"@id\":\"https:\/\/www.sonoraenequipo.com.mx\/habilitan-albergues-en-hermosillo-ante-pronostico-de-lluvias-fuertes\/#breadcrumb\",\"itemListElement\":[{\"@type\":\"ListItem\",\"position\":1,\"name\":\"Portada\",\"item\":\"https:\/\/www.sonoraenequipo.com.mx\/\"},{\"@type\":\"ListItem\",\"position\":2,\"name\":\"Habilitan albergues en Hermosillo ante pron\u00f3stico de lluvias fuertes\"}]},{\"@type\":\"WebSite\",\"@id\":\"https:\/\/www.sonoraenequipo.com.mx\/#website\",\"url\":\"https:\/\/www.sonoraenequipo.com.mx\/\",\"name\":\"Sonora en Equipo.\",\"description\":\"Diario en l\u00ednea con Noticias desde Hermosillo, Sonora\",\"publisher\":{\"@id\":\"https:\/\/www.sonoraenequipo.com.mx\/#organization\"},\"potentialAction\":[{\"@type\":\"SearchAction\",\"target\":{\"@type\":\"EntryPoint\",\"urlTemplate\":\"https:\/\/www.sonoraenequipo.com.mx\/?s={search_term_string}\"},\"query-input\":{\"@type\":\"PropertyValueSpecification\",\"valueRequired\":true,\"valueName\":\"search_term_string\"}}],\"inLanguage\":\"es\"},{\"@type\":\"Organization\",\"@id\":\"https:\/\/www.sonoraenequipo.com.mx\/#organization\",\"name\":\"Sonoraenequipo.com.mx\",\"url\":\"https:\/\/www.sonoraenequipo.com.mx\/\",\"logo\":{\"@type\":\"ImageObject\",\"inLanguage\":\"es\",\"@id\":\"https:\/\/www.sonoraenequipo.com.mx\/#\/schema\/logo\/image\/\",\"url\":\"https:\/\/www.sonoraenequipo.com.mx\/storage\/2019\/01\/sonoraenequipo_opt.png\",\"contentUrl\":\"https:\/\/www.sonoraenequipo.com.mx\/storage\/2019\/01\/sonoraenequipo_opt.png\",\"width\":375,\"height\":125,\"caption\":\"Sonoraenequipo.com.mx\"},\"image\":{\"@id\":\"https:\/\/www.sonoraenequipo.com.mx\/#\/schema\/logo\/image\/\"},\"sameAs\":[\"https:\/\/www.facebook.com\/SonoraEE\/\",\"https:\/\/x.com\/sonoraenequipo\",\"https:\/\/www.youtube.com\/channel\/UC338nW-lPEYmJQs4ZABQ1SQ\"]},{\"@type\":\"Person\",\"@id\":\"https:\/\/www.sonoraenequipo.com.mx\/#\/schema\/person\/50102df0fb23a8fa9e8effad8fa81386\",\"name\":\"enequipo\",\"image\":{\"@type\":\"ImageObject\",\"inLanguage\":\"es\",\"@id\":\"https:\/\/www.sonoraenequipo.com.mx\/#\/schema\/person\/image\/\",\"url\":\"https:\/\/secure.gravatar.com\/avatar\/049821681b589dabc0bc20695993ccebb09f5b5d4d790cd9251b97faac7c652b?s=96&d=blank&r=g\",\"contentUrl\":\"https:\/\/secure.gravatar.com\/avatar\/049821681b589dabc0bc20695993ccebb09f5b5d4d790cd9251b97faac7c652b?s=96&d=blank&r=g\",\"caption\":\"enequipo\"},\"sameAs\":[\"https:\/\/www.facebook.com\/SonoraEE\"]}]}<\/script>\n ","yoast_head_json":{"title":"Sonora en Equipo. Habilitan albergues en Hermosillo ante pron\u00f3stico de lluvias fuertes Municipios","description":"HERMOSILLO,SONORA,MX.- Como medida preventiva ante el pron\u00f3stico de lluvias intensas a partir de la madrugada de este mi\u00e9rcoles, se habilitaron como En Sonora en Equipo publicamos toda la informaci\u00f3n de Sonora, M\u00e9xico y el Mundo de manera oportuna y busca que la libertad de expresi\u00f3n sea real. Visita nuestro medio informativo publicado desde Hermosillo, Sonora. %","robots":{"index":"index","follow":"follow","max-snippet":"max-snippet:-1","max-image-preview":"max-image-preview:large","max-video-preview":"max-video-preview:-1"},"canonical":"https:\/\/www.sonoraenequipo.com.mx\/habilitan-albergues-en-hermosillo-ante-pronostico-de-lluvias-fuertes\/","og_locale":"es_ES","og_type":"article","og_title":"Sonora en Equipo. Habilitan albergues en Hermosillo ante pron\u00f3stico de lluvias fuertes Municipios","og_description":"HERMOSILLO,SONORA,MX.- Como medida preventiva ante el pron\u00f3stico de lluvias intensas a partir de la madrugada de este mi\u00e9rcoles, se habilitaron como En Sonora en Equipo publicamos toda la informaci\u00f3n de Sonora, M\u00e9xico y el Mundo de manera oportuna y busca que la libertad de expresi\u00f3n sea real. Visita nuestro medio informativo publicado desde Hermosillo, Sonora. %","og_url":"https:\/\/www.sonoraenequipo.com.mx\/habilitan-albergues-en-hermosillo-ante-pronostico-de-lluvias-fuertes\/","og_site_name":"Sonora en Equipo.","article_publisher":"https:\/\/www.facebook.com\/SonoraEE\/","article_author":"https:\/\/www.facebook.com\/SonoraEE","article_published_time":"2019-09-25T05:37:33+00:00","og_image":[{"width":600,"height":400,"url":"https:\/\/www.sonoraenequipo.com.mx\/storage\/2019\/09\/hmo-lorena-2-1.jpg","type":"image\/jpeg"}],"author":"enequipo","twitter_card":"summary_large_image","twitter_creator":"@sonoraenequipo","twitter_site":"@sonoraenequipo","twitter_misc":{"Escrito por":"enequipo","Tiempo de lectura":"1 minuto"},"schema":{"@context":"https:\/\/schema.org","@graph":[{"@type":"Article","@id":"https:\/\/www.sonoraenequipo.com.mx\/habilitan-albergues-en-hermosillo-ante-pronostico-de-lluvias-fuertes\/#article","isPartOf":{"@id":"https:\/\/www.sonoraenequipo.com.mx\/habilitan-albergues-en-hermosillo-ante-pronostico-de-lluvias-fuertes\/"},"author":{"name":"enequipo","@id":"https:\/\/www.sonoraenequipo.com.mx\/#\/schema\/person\/50102df0fb23a8fa9e8effad8fa81386"},"headline":"Habilitan albergues en Hermosillo ante pron\u00f3stico de lluvias fuertes","datePublished":"2019-09-25T05:37:33+00:00","mainEntityOfPage":{"@id":"https:\/\/www.sonoraenequipo.com.mx\/habilitan-albergues-en-hermosillo-ante-pronostico-de-lluvias-fuertes\/"},"wordCount":232,"commentCount":0,"publisher":{"@id":"https:\/\/www.sonoraenequipo.com.mx\/#organization"},"image":{"@id":"https:\/\/www.sonoraenequipo.com.mx\/habilitan-albergues-en-hermosillo-ante-pronostico-de-lluvias-fuertes\/#primaryimage"},"thumbnailUrl":"https:\/\/www.sonoraenequipo.com.mx\/storage\/2019\/09\/hmo-lorena-2-1.jpg","keywords":["hermosillo","Lluvias"],"articleSection":["Municipios"],"inLanguage":"es","potentialAction":[{"@type":"CommentAction","name":"Comment","target":["https:\/\/www.sonoraenequipo.com.mx\/habilitan-albergues-en-hermosillo-ante-pronostico-de-lluvias-fuertes\/#respond"]}]},{"@type":"WebPage","@id":"https:\/\/www.sonoraenequipo.com.mx\/habilitan-albergues-en-hermosillo-ante-pronostico-de-lluvias-fuertes\/","url":"https:\/\/www.sonoraenequipo.com.mx\/habilitan-albergues-en-hermosillo-ante-pronostico-de-lluvias-fuertes\/","name":"Sonora en Equipo. Habilitan albergues en Hermosillo ante pron\u00f3stico de lluvias fuertes Municipios","isPartOf":{"@id":"https:\/\/www.sonoraenequipo.com.mx\/#website"},"primaryImageOfPage":{"@id":"https:\/\/www.sonoraenequipo.com.mx\/habilitan-albergues-en-hermosillo-ante-pronostico-de-lluvias-fuertes\/#primaryimage"},"image":{"@id":"https:\/\/www.sonoraenequipo.com.mx\/habilitan-albergues-en-hermosillo-ante-pronostico-de-lluvias-fuertes\/#primaryimage"},"thumbnailUrl":"https:\/\/www.sonoraenequipo.com.mx\/storage\/2019\/09\/hmo-lorena-2-1.jpg","datePublished":"2019-09-25T05:37:33+00:00","description":"HERMOSILLO,SONORA,MX.- Como medida preventiva ante el pron\u00f3stico de lluvias intensas a partir de la madrugada de este mi\u00e9rcoles, se habilitaron como En Sonora en Equipo publicamos toda la informaci\u00f3n de Sonora, M\u00e9xico y el Mundo de manera oportuna y busca que la libertad de expresi\u00f3n sea real. Visita nuestro medio informativo publicado desde Hermosillo, Sonora. %","breadcrumb":{"@id":"https:\/\/www.sonoraenequipo.com.mx\/habilitan-albergues-en-hermosillo-ante-pronostico-de-lluvias-fuertes\/#breadcrumb"},"inLanguage":"es","potentialAction":[{"@type":"ReadAction","target":["https:\/\/www.sonoraenequipo.com.mx\/habilitan-albergues-en-hermosillo-ante-pronostico-de-lluvias-fuertes\/"]}]},{"@type":"ImageObject","inLanguage":"es","@id":"https:\/\/www.sonoraenequipo.com.mx\/habilitan-albergues-en-hermosillo-ante-pronostico-de-lluvias-fuertes\/#primaryimage","url":"https:\/\/www.sonoraenequipo.com.mx\/storage\/2019\/09\/hmo-lorena-2-1.jpg","contentUrl":"https:\/\/www.sonoraenequipo.com.mx\/storage\/2019\/09\/hmo-lorena-2-1.jpg","width":600,"height":400,"caption":"los remanentes del hurac\u00e1n Lorena dejaron fuertes lluvias principalmente en la costa de Hermosillo el pasado fin de semana"},{"@type":"BreadcrumbList","@id":"https:\/\/www.sonoraenequipo.com.mx\/habilitan-albergues-en-hermosillo-ante-pronostico-de-lluvias-fuertes\/#breadcrumb","itemListElement":[{"@type":"ListItem","position":1,"name":"Portada","item":"https:\/\/www.sonoraenequipo.com.mx\/"},{"@type":"ListItem","position":2,"name":"Habilitan albergues en Hermosillo ante pron\u00f3stico de lluvias fuertes"}]},{"@type":"WebSite","@id":"https:\/\/www.sonoraenequipo.com.mx\/#website","url":"https:\/\/www.sonoraenequipo.com.mx\/","name":"Sonora en Equipo.","description":"Diario en l\u00ednea con Noticias desde Hermosillo, Sonora","publisher":{"@id":"https:\/\/www.sonoraenequipo.com.mx\/#organization"},"potentialAction":[{"@type":"SearchAction","target":{"@type":"EntryPoint","urlTemplate":"https:\/\/www.sonoraenequipo.com.mx\/?s={search_term_string}"},"query-input":{"@type":"PropertyValueSpecification","valueRequired":true,"valueName":"search_term_string"}}],"inLanguage":"es"},{"@type":"Organization","@id":"https:\/\/www.sonoraenequipo.com.mx\/#organization","name":"Sonoraenequipo.com.mx","url":"https:\/\/www.sonoraenequipo.com.mx\/","logo":{"@type":"ImageObject","inLanguage":"es","@id":"https:\/\/www.sonoraenequipo.com.mx\/#\/schema\/logo\/image\/","url":"https:\/\/www.sonoraenequipo.com.mx\/storage\/2019\/01\/sonoraenequipo_opt.png","contentUrl":"https:\/\/www.sonoraenequipo.com.mx\/storage\/2019\/01\/sonoraenequipo_opt.png","width":375,"height":125,"caption":"Sonoraenequipo.com.mx"},"image":{"@id":"https:\/\/www.sonoraenequipo.com.mx\/#\/schema\/logo\/image\/"},"sameAs":["https:\/\/www.facebook.com\/SonoraEE\/","https:\/\/x.com\/sonoraenequipo","https:\/\/www.youtube.com\/channel\/UC338nW-lPEYmJQs4ZABQ1SQ"]},{"@type":"Person","@id":"https:\/\/www.sonoraenequipo.com.mx\/#\/schema\/person\/50102df0fb23a8fa9e8effad8fa81386","name":"enequipo","image":{"@type":"ImageObject","inLanguage":"es","@id":"https:\/\/www.sonoraenequipo.com.mx\/#\/schema\/person\/image\/","url":"https:\/\/secure.gravatar.com\/avatar\/049821681b589dabc0bc20695993ccebb09f5b5d4d790cd9251b97faac7c652b?s=96&d=blank&r=g","contentUrl":"https:\/\/secure.gravatar.com\/avatar\/049821681b589dabc0bc20695993ccebb09f5b5d4d790cd9251b97faac7c652b?s=96&d=blank&r=g","caption":"enequipo"},"sameAs":["https:\/\/www.facebook.com\/SonoraEE"]}]}},"jetpack_featured_media_url":"https:\/\/www.sonoraenequipo.com.mx\/storage\/2019\/09\/hmo-lorena-2-1.jpg","_links":{"self":[{"href":"https:\/\/www.sonoraenequipo.com.mx\/api\/wp\/v2\/posts\/67733","targetHints":{"allow":["GET"]}}],"collection":[{"href":"https:\/\/www.sonoraenequipo.com.mx\/api\/wp\/v2\/posts"}],"about":[{"href":"https:\/\/www.sonoraenequipo.com.mx\/api\/wp\/v2\/types\/post"}],"author":[{"embeddable":true,"href":"https:\/\/www.sonoraenequipo.com.mx\/api\/wp\/v2\/users\/1"}],"replies":[{"embeddable":true,"href":"https:\/\/www.sonoraenequipo.com.mx\/api\/wp\/v2\/comments?post=67733"}],"version-history":[{"count":0,"href":"https:\/\/www.sonoraenequipo.com.mx\/api\/wp\/v2\/posts\/67733\/revisions"}],"wp:featuredmedia":[{"embeddable":true,"href":"https:\/\/www.sonoraenequipo.com.mx\/api\/wp\/v2\/media\/67571"}],"wp:attachment":[{"href":"https:\/\/www.sonoraenequipo.com.mx\/api\/wp\/v2\/media?parent=67733"}],"wp:term":[{"taxonomy":"category","embeddable":true,"href":"https:\/\/www.sonoraenequipo.com.mx\/api\/wp\/v2\/categories?post=67733"},{"taxonomy":"post_tag","embeddable":true,"href":"https:\/\/www.sonoraenequipo.com.mx\/api\/wp\/v2\/tags?post=67733"}],"curies":[{"name":"wp","href":"https:\/\/api.w.org\/{rel}","templated":true}]}}