{"id":67764,"date":"2019-09-25T11:00:53","date_gmt":"2019-09-25T18:00:53","guid":{"rendered":"https:\/\/www.sonoraenequipo.com.mx\/?p=67764"},"modified":"2019-09-25T09:50:32","modified_gmt":"2019-09-25T16:50:32","slug":"ex-ministro-cossio-diaz-asesora-a-quienes-promueven-amparos-contra-santa-lucia-acusa-amlo","status":"publish","type":"post","link":"https:\/\/www.sonoraenequipo.com.mx\/ex-ministro-cossio-diaz-asesora-a-quienes-promueven-amparos-contra-santa-lucia-acusa-amlo\/","title":{"rendered":"Ex ministro Coss\u00edo D\u00edaz asesora a quienes promueven amparos contra Santa Luc\u00eda, acusa AMLO"},"content":{"rendered":"<p>CIUDAD DE M\u00c9XICO.&nbsp; MX. \u2014 El presidente de M\u00e9xico, Andr\u00e9s Manuel L\u00f3pez Obrador, apunt\u00f3 este mi\u00e9rcoles que el exministro Jos\u00e9 Ram\u00f3n Coss\u00edo D\u00edaz ha asesorado a quienes promueven los amparos en contra de la construcci\u00f3n del aeropuerto de Santa Luc\u00eda. En conferencia de prensa matutina, el mandatario federal se\u00f1al\u00f3 que \u00e9l no cuenta con un sistema de espionaje, pero es la gente quien lo informa.<\/p>\n<p>&nbsp;<\/p>\n<p> <\/p>\n<p>&nbsp;<\/p>\n<p><em>\u00abTengo informaci\u00f3n y ojal\u00e1 se aclare, ojal\u00e1 y nos digan que no es cierto (&#8230;), dicen que hay un exministro de la Corte, Coss\u00edo, asesorando a quienes est\u00e1n promoviendo los amparos en contra nuestra, en contra de las obras que lleva a cabo el Gobierno, en particular el Aeropuerto de Santa Luc\u00eda, y que son 16 despachos de abogados\u00bb,<\/em> indic\u00f3.<\/p>\n<p>&nbsp;<\/p>\n<p>Dijo que esta es una acci\u00f3n sino ilegal, por lo menos s\u00ed ileg\u00edtima.<\/p>\n<p>&nbsp;<\/p>\n<p><em>\u00abPrimero, porque un exministro no puede llevar a cabo esas actividades, puede ser que no firme nada, pero si coordina, asesora, est\u00e1 incumpliendo con su deber de mantenerse al margen durante un tiempo despu\u00e9s de haber dejado el cargo de ministro\u00bb<\/em>, a\u00f1adi\u00f3 L\u00f3pez Obrador.<\/p>\n<p>&nbsp;<\/p>\n<p>El 30 de noviembre de 2018, Jos\u00e9 Ram\u00f3n Coss\u00edo termin\u00f3 su periodo de 15 a\u00f1os como integrante de la Suprema Corte de Justicia de la Naci\u00f3n.<\/p>\n<p>&nbsp;<\/p>\n<p>El colectivo<em> #NoM\u00e1sDerroches<\/em> ha interpuesto una serie de amparos relacionados tanto con la cancelaci\u00f3n del aeropuerto internacional en Texcoco como con la construcci\u00f3n de una terminal a\u00e9rea en la base militar en Santa Luc\u00eda.<\/p>\n<p>&nbsp;<\/p>\n<p>El lunes, dicho colectivo acus\u00f3 que el Gobierno quer\u00eda evadir la lluvia de amparos concedidos por jueces federales contra la construcci\u00f3n del aeropuerto en Santa Luc\u00eda, argumentando que las instalaciones de la base militar n\u00famero 1 son estrat\u00e9gicas y de inter\u00e9s nacional para el pa\u00eds.<\/p>\n<p>&nbsp;<\/p>\n<p>De acuerdo con <em><strong>#NoM\u00e1sDerroches,<\/strong><\/em> la Secretar\u00eda de la Defensa Nacional (Sedena) solicit\u00f3 en un juicio se revoque la suspensi\u00f3n definitiva de la edificaci\u00f3n de Santa Luc\u00eda pues se\u00f1ala que esta pone en riesgo la defensa, integridad y soberan\u00eda por no permitir el despliegue de tropas militares para atender la seguridad nacional.<\/p>\n<p>&nbsp;<\/p>\n<p>Sin embargo, el colectivo asegura que las determinaciones judiciales en contra de la construcci\u00f3n de un aeropuerto en esa zona del Valle de M\u00e9xico<em> \u00abno afecta ni la seguridad nacional, ni el inter\u00e9s social, ni el orden p\u00fablico\u00bb.<\/em><\/p>\n<p>&nbsp;<\/p>\n<p>Con respecto al tema de la seguridad nacional, el presidente se\u00f1al\u00f3 este mi\u00e9rcoles que aunque el aeropuerto tenga esta etiqueta se informar\u00e1 sobre la obra permanentemente y con transparencia, pese a que esto no podr\u00eda hacerse de manera legal.<\/p>\n<p>&nbsp;<\/p>\n<p><em>\u00abYo incluso propuse que se estableciera en los considerandos que dieron lugar a tomar esta decisi\u00f3n de hacer el aeropuerto de Santa Luc\u00eda con el argumento de que se trata de un asunto de seguridad nacional. \u00bfPor qu\u00e9 tomamos esta decisi\u00f3n? Porque hay un sabotaje legal evidente\u00bb<\/em>, puntualiz\u00f3.<\/p>\n<p>&nbsp;<\/p>\n<p>Luego de que el ministro en retiro negara el se\u00f1alamiento y al ser cuestionado al respecto, AMLO se\u00f1al\u00f3 que era bueno saber que no participaba en dicha situaci\u00f3n.<\/p>\n<p>&nbsp;<\/p>\n<p><em>\u00abQu\u00e9 bien, ya lo aclar\u00f3, est\u00e1 muy bien. Yo lo quer\u00eda saber, ya no existe el CISEN, pero como mi pecho no es bodega, siempre digo lo que pienso. Qu\u00e9 bueno que no est\u00e1 involucrado\u00bb,<\/em> agreg\u00f3.<\/p>\n<p>&nbsp;<\/p>\n<p>Poco despu\u00e9s de lo dicho por L\u00f3pez Obrador, Coss\u00edo D\u00edaz dijo en entrevista para Grupo F\u00f3rmula que probablemente le dieron una mala informaci\u00f3n al presidente.<\/p>\n<p>&nbsp;<\/p>\n<p><em>\u201cYo lo que he estado haciendo es dar opiniones cuando me lo preguntan, en el sentido de si tal o cual cosa puede ser, es en un sentido acad\u00e9mico, pero asesor\u00eda de ninguna manera\u201d,<\/em> abund\u00f3 el exministro.<\/p>\n<p>&nbsp;<\/p>\n<p>&nbsp;<\/p>\n<p>(PUBLICADO EL 25\/09\/2019 \/ Con informaci\u00f3n de EL FINANCIERO))<\/p>\n","protected":false},"excerpt":{"rendered":"<p>CIUDAD DE M\u00c9XICO.&nbsp; MX. \u2014 El presidente de M\u00e9xico, Andr\u00e9s Manuel L\u00f3pez Obrador, apunt\u00f3 este&#8230;<\/p>\n","protected":false},"author":1,"featured_media":67765,"comment_status":"open","ping_status":"open","sticky":false,"template":"","format":"standard","meta":{"_monsterinsights_skip_tracking":false,"_monsterinsights_sitenote_active":false,"_monsterinsights_sitenote_note":"","_monsterinsights_sitenote_category":0,"footnotes":""},"categories":[5],"tags":[],"class_list":["post"],"yoast_head":" \n<title>Sonora en Equipo. Ex ministro Coss\u00edo D\u00edaz asesora a quienes promueven amparos contra Santa Luc\u00eda, acusa AMLO Rep\u00fablica<\/title>\n<meta name=\"description\" content=\"CIUDAD DE M\u00c9XICO.&nbsp; MX. \u2014 El presidente de M\u00e9xico, Andr\u00e9s Manuel L\u00f3pez Obrador, apunt\u00f3 este mi\u00e9rcoles que el exministro Jos\u00e9 Ram\u00f3n Coss\u00edo D\u00edaz ha En Sonora en Equipo publicamos toda la informaci\u00f3n de Sonora, M\u00e9xico y el Mundo de manera oportuna y busca que la libertad de expresi\u00f3n sea real. Visita nuestro medio informativo publicado desde Hermosillo, Sonora. %\" \/>\n<meta name=\"robots\" content=\"index, follow, max-snippet:-1, max-image-preview:large, max-video-preview:-1\" \/>\n<link rel=\"canonical\" href=\"https:\/\/www.sonoraenequipo.com.mx\/ex-ministro-cossio-diaz-asesora-a-quienes-promueven-amparos-contra-santa-lucia-acusa-amlo\/\" \/>\n<meta property=\"og:locale\" content=\"es_ES\" \/>\n<meta property=\"og:type\" content=\"article\" \/>\n<meta property=\"og:title\" content=\"Sonora en Equipo. Ex ministro Coss\u00edo D\u00edaz asesora a quienes promueven amparos contra Santa Luc\u00eda, acusa AMLO Rep\u00fablica\" \/>\n<meta property=\"og:description\" content=\"CIUDAD DE M\u00c9XICO.&nbsp; MX. \u2014 El presidente de M\u00e9xico, Andr\u00e9s Manuel L\u00f3pez Obrador, apunt\u00f3 este mi\u00e9rcoles que el exministro Jos\u00e9 Ram\u00f3n Coss\u00edo D\u00edaz ha En Sonora en Equipo publicamos toda la informaci\u00f3n de Sonora, M\u00e9xico y el Mundo de manera oportuna y busca que la libertad de expresi\u00f3n sea real. Visita nuestro medio informativo publicado desde Hermosillo, Sonora. %\" \/>\n<meta property=\"og:url\" content=\"https:\/\/www.sonoraenequipo.com.mx\/ex-ministro-cossio-diaz-asesora-a-quienes-promueven-amparos-contra-santa-lucia-acusa-amlo\/\" \/>\n<meta property=\"og:site_name\" content=\"Sonora en Equipo.\" \/>\n<meta property=\"article:publisher\" content=\"https:\/\/www.facebook.com\/SonoraEE\/\" \/>\n<meta property=\"article:author\" content=\"https:\/\/www.facebook.com\/SonoraEE\" \/>\n<meta property=\"article:published_time\" content=\"2019-09-25T18:00:53+00:00\" \/>\n<meta property=\"og:image\" content=\"https:\/\/www.sonoraenequipo.com.mx\/storage\/2019\/09\/danielcossiod\u00edaz_opt1.jpg\" \/>\n\t<meta property=\"og:image:width\" content=\"622\" \/>\n\t<meta property=\"og:image:height\" content=\"350\" \/>\n\t<meta property=\"og:image:type\" content=\"image\/jpeg\" \/>\n<meta name=\"author\" content=\"enequipo\" \/>\n<meta name=\"twitter:card\" content=\"summary_large_image\" \/>\n<meta name=\"twitter:creator\" content=\"@sonoraenequipo\" \/>\n<meta name=\"twitter:site\" content=\"@sonoraenequipo\" \/>\n<meta name=\"twitter:label1\" content=\"Escrito por\" \/>\n\t<meta name=\"twitter:data1\" content=\"enequipo\" \/>\n\t<meta name=\"twitter:label2\" content=\"Tiempo de lectura\" \/>\n\t<meta name=\"twitter:data2\" content=\"3 minutos\" \/>\n<script type=\"application\/ld+json\" class=\"yoast-schema-graph\">{\"@context\":\"https:\/\/schema.org\",\"@graph\":[{\"@type\":\"Article\",\"@id\":\"https:\/\/www.sonoraenequipo.com.mx\/ex-ministro-cossio-diaz-asesora-a-quienes-promueven-amparos-contra-santa-lucia-acusa-amlo\/#article\",\"isPartOf\":{\"@id\":\"https:\/\/www.sonoraenequipo.com.mx\/ex-ministro-cossio-diaz-asesora-a-quienes-promueven-amparos-contra-santa-lucia-acusa-amlo\/\"},\"author\":{\"name\":\"enequipo\",\"@id\":\"https:\/\/www.sonoraenequipo.com.mx\/#\/schema\/person\/50102df0fb23a8fa9e8effad8fa81386\"},\"headline\":\"Ex ministro Coss\u00edo D\u00edaz asesora a quienes promueven amparos contra Santa Luc\u00eda, acusa AMLO\",\"datePublished\":\"2019-09-25T18:00:53+00:00\",\"mainEntityOfPage\":{\"@id\":\"https:\/\/www.sonoraenequipo.com.mx\/ex-ministro-cossio-diaz-asesora-a-quienes-promueven-amparos-contra-santa-lucia-acusa-amlo\/\"},\"wordCount\":690,\"commentCount\":0,\"publisher\":{\"@id\":\"https:\/\/www.sonoraenequipo.com.mx\/#organization\"},\"image\":{\"@id\":\"https:\/\/www.sonoraenequipo.com.mx\/ex-ministro-cossio-diaz-asesora-a-quienes-promueven-amparos-contra-santa-lucia-acusa-amlo\/#primaryimage\"},\"thumbnailUrl\":\"https:\/\/www.sonoraenequipo.com.mx\/storage\/2019\/09\/danielcossiod\u00edaz_opt1.jpg\",\"articleSection\":[\"Rep\u00fablica\"],\"inLanguage\":\"es\",\"potentialAction\":[{\"@type\":\"CommentAction\",\"name\":\"Comment\",\"target\":[\"https:\/\/www.sonoraenequipo.com.mx\/ex-ministro-cossio-diaz-asesora-a-quienes-promueven-amparos-contra-santa-lucia-acusa-amlo\/#respond\"]}]},{\"@type\":\"WebPage\",\"@id\":\"https:\/\/www.sonoraenequipo.com.mx\/ex-ministro-cossio-diaz-asesora-a-quienes-promueven-amparos-contra-santa-lucia-acusa-amlo\/\",\"url\":\"https:\/\/www.sonoraenequipo.com.mx\/ex-ministro-cossio-diaz-asesora-a-quienes-promueven-amparos-contra-santa-lucia-acusa-amlo\/\",\"name\":\"Sonora en Equipo. Ex ministro Coss\u00edo D\u00edaz asesora a quienes promueven amparos contra Santa Luc\u00eda, acusa AMLO Rep\u00fablica\",\"isPartOf\":{\"@id\":\"https:\/\/www.sonoraenequipo.com.mx\/#website\"},\"primaryImageOfPage\":{\"@id\":\"https:\/\/www.sonoraenequipo.com.mx\/ex-ministro-cossio-diaz-asesora-a-quienes-promueven-amparos-contra-santa-lucia-acusa-amlo\/#primaryimage\"},\"image\":{\"@id\":\"https:\/\/www.sonoraenequipo.com.mx\/ex-ministro-cossio-diaz-asesora-a-quienes-promueven-amparos-contra-santa-lucia-acusa-amlo\/#primaryimage\"},\"thumbnailUrl\":\"https:\/\/www.sonoraenequipo.com.mx\/storage\/2019\/09\/danielcossiod\u00edaz_opt1.jpg\",\"datePublished\":\"2019-09-25T18:00:53+00:00\",\"description\":\"CIUDAD DE M\u00c9XICO.&nbsp; MX. \u2014 El presidente de M\u00e9xico, Andr\u00e9s Manuel L\u00f3pez Obrador, apunt\u00f3 este mi\u00e9rcoles que el exministro Jos\u00e9 Ram\u00f3n Coss\u00edo D\u00edaz ha En Sonora en Equipo publicamos toda la informaci\u00f3n de Sonora, M\u00e9xico y el Mundo de manera oportuna y busca que la libertad de expresi\u00f3n sea real. Visita nuestro medio informativo publicado desde Hermosillo, Sonora. %\",\"breadcrumb\":{\"@id\":\"https:\/\/www.sonoraenequipo.com.mx\/ex-ministro-cossio-diaz-asesora-a-quienes-promueven-amparos-contra-santa-lucia-acusa-amlo\/#breadcrumb\"},\"inLanguage\":\"es\",\"potentialAction\":[{\"@type\":\"ReadAction\",\"target\":[\"https:\/\/www.sonoraenequipo.com.mx\/ex-ministro-cossio-diaz-asesora-a-quienes-promueven-amparos-contra-santa-lucia-acusa-amlo\/\"]}]},{\"@type\":\"ImageObject\",\"inLanguage\":\"es\",\"@id\":\"https:\/\/www.sonoraenequipo.com.mx\/ex-ministro-cossio-diaz-asesora-a-quienes-promueven-amparos-contra-santa-lucia-acusa-amlo\/#primaryimage\",\"url\":\"https:\/\/www.sonoraenequipo.com.mx\/storage\/2019\/09\/danielcossiod\u00edaz_opt1.jpg\",\"contentUrl\":\"https:\/\/www.sonoraenequipo.com.mx\/storage\/2019\/09\/danielcossiod\u00edaz_opt1.jpg\",\"width\":622,\"height\":350},{\"@type\":\"BreadcrumbList\",\"@id\":\"https:\/\/www.sonoraenequipo.com.mx\/ex-ministro-cossio-diaz-asesora-a-quienes-promueven-amparos-contra-santa-lucia-acusa-amlo\/#breadcrumb\",\"itemListElement\":[{\"@type\":\"ListItem\",\"position\":1,\"name\":\"Portada\",\"item\":\"https:\/\/www.sonoraenequipo.com.mx\/\"},{\"@type\":\"ListItem\",\"position\":2,\"name\":\"Ex ministro Coss\u00edo D\u00edaz asesora a quienes promueven amparos contra Santa Luc\u00eda, acusa AMLO\"}]},{\"@type\":\"WebSite\",\"@id\":\"https:\/\/www.sonoraenequipo.com.mx\/#website\",\"url\":\"https:\/\/www.sonoraenequipo.com.mx\/\",\"name\":\"Sonora en Equipo.\",\"description\":\"Diario en l\u00ednea con Noticias desde Hermosillo, Sonora\",\"publisher\":{\"@id\":\"https:\/\/www.sonoraenequipo.com.mx\/#organization\"},\"potentialAction\":[{\"@type\":\"SearchAction\",\"target\":{\"@type\":\"EntryPoint\",\"urlTemplate\":\"https:\/\/www.sonoraenequipo.com.mx\/?s={search_term_string}\"},\"query-input\":{\"@type\":\"PropertyValueSpecification\",\"valueRequired\":true,\"valueName\":\"search_term_string\"}}],\"inLanguage\":\"es\"},{\"@type\":\"Organization\",\"@id\":\"https:\/\/www.sonoraenequipo.com.mx\/#organization\",\"name\":\"Sonoraenequipo.com.mx\",\"url\":\"https:\/\/www.sonoraenequipo.com.mx\/\",\"logo\":{\"@type\":\"ImageObject\",\"inLanguage\":\"es\",\"@id\":\"https:\/\/www.sonoraenequipo.com.mx\/#\/schema\/logo\/image\/\",\"url\":\"https:\/\/www.sonoraenequipo.com.mx\/storage\/2019\/01\/sonoraenequipo_opt.png\",\"contentUrl\":\"https:\/\/www.sonoraenequipo.com.mx\/storage\/2019\/01\/sonoraenequipo_opt.png\",\"width\":375,\"height\":125,\"caption\":\"Sonoraenequipo.com.mx\"},\"image\":{\"@id\":\"https:\/\/www.sonoraenequipo.com.mx\/#\/schema\/logo\/image\/\"},\"sameAs\":[\"https:\/\/www.facebook.com\/SonoraEE\/\",\"https:\/\/x.com\/sonoraenequipo\",\"https:\/\/www.youtube.com\/channel\/UC338nW-lPEYmJQs4ZABQ1SQ\"]},{\"@type\":\"Person\",\"@id\":\"https:\/\/www.sonoraenequipo.com.mx\/#\/schema\/person\/50102df0fb23a8fa9e8effad8fa81386\",\"name\":\"enequipo\",\"image\":{\"@type\":\"ImageObject\",\"inLanguage\":\"es\",\"@id\":\"https:\/\/www.sonoraenequipo.com.mx\/#\/schema\/person\/image\/\",\"url\":\"https:\/\/secure.gravatar.com\/avatar\/049821681b589dabc0bc20695993ccebb09f5b5d4d790cd9251b97faac7c652b?s=96&d=blank&r=g\",\"contentUrl\":\"https:\/\/secure.gravatar.com\/avatar\/049821681b589dabc0bc20695993ccebb09f5b5d4d790cd9251b97faac7c652b?s=96&d=blank&r=g\",\"caption\":\"enequipo\"},\"sameAs\":[\"https:\/\/www.facebook.com\/SonoraEE\"]}]}<\/script>\n ","yoast_head_json":{"title":"Sonora en Equipo. Ex ministro Coss\u00edo D\u00edaz asesora a quienes promueven amparos contra Santa Luc\u00eda, acusa AMLO Rep\u00fablica","description":"CIUDAD DE M\u00c9XICO.&nbsp; MX. \u2014 El presidente de M\u00e9xico, Andr\u00e9s Manuel L\u00f3pez Obrador, apunt\u00f3 este mi\u00e9rcoles que el exministro Jos\u00e9 Ram\u00f3n Coss\u00edo D\u00edaz ha En Sonora en Equipo publicamos toda la informaci\u00f3n de Sonora, M\u00e9xico y el Mundo de manera oportuna y busca que la libertad de expresi\u00f3n sea real. Visita nuestro medio informativo publicado desde Hermosillo, Sonora. %","robots":{"index":"index","follow":"follow","max-snippet":"max-snippet:-1","max-image-preview":"max-image-preview:large","max-video-preview":"max-video-preview:-1"},"canonical":"https:\/\/www.sonoraenequipo.com.mx\/ex-ministro-cossio-diaz-asesora-a-quienes-promueven-amparos-contra-santa-lucia-acusa-amlo\/","og_locale":"es_ES","og_type":"article","og_title":"Sonora en Equipo. Ex ministro Coss\u00edo D\u00edaz asesora a quienes promueven amparos contra Santa Luc\u00eda, acusa AMLO Rep\u00fablica","og_description":"CIUDAD DE M\u00c9XICO.&nbsp; MX. \u2014 El presidente de M\u00e9xico, Andr\u00e9s Manuel L\u00f3pez Obrador, apunt\u00f3 este mi\u00e9rcoles que el exministro Jos\u00e9 Ram\u00f3n Coss\u00edo D\u00edaz ha En Sonora en Equipo publicamos toda la informaci\u00f3n de Sonora, M\u00e9xico y el Mundo de manera oportuna y busca que la libertad de expresi\u00f3n sea real. Visita nuestro medio informativo publicado desde Hermosillo, Sonora. %","og_url":"https:\/\/www.sonoraenequipo.com.mx\/ex-ministro-cossio-diaz-asesora-a-quienes-promueven-amparos-contra-santa-lucia-acusa-amlo\/","og_site_name":"Sonora en Equipo.","article_publisher":"https:\/\/www.facebook.com\/SonoraEE\/","article_author":"https:\/\/www.facebook.com\/SonoraEE","article_published_time":"2019-09-25T18:00:53+00:00","og_image":[{"width":622,"height":350,"url":"https:\/\/www.sonoraenequipo.com.mx\/storage\/2019\/09\/danielcossiod\u00edaz_opt1.jpg","type":"image\/jpeg"}],"author":"enequipo","twitter_card":"summary_large_image","twitter_creator":"@sonoraenequipo","twitter_site":"@sonoraenequipo","twitter_misc":{"Escrito por":"enequipo","Tiempo de lectura":"3 minutos"},"schema":{"@context":"https:\/\/schema.org","@graph":[{"@type":"Article","@id":"https:\/\/www.sonoraenequipo.com.mx\/ex-ministro-cossio-diaz-asesora-a-quienes-promueven-amparos-contra-santa-lucia-acusa-amlo\/#article","isPartOf":{"@id":"https:\/\/www.sonoraenequipo.com.mx\/ex-ministro-cossio-diaz-asesora-a-quienes-promueven-amparos-contra-santa-lucia-acusa-amlo\/"},"author":{"name":"enequipo","@id":"https:\/\/www.sonoraenequipo.com.mx\/#\/schema\/person\/50102df0fb23a8fa9e8effad8fa81386"},"headline":"Ex ministro Coss\u00edo D\u00edaz asesora a quienes promueven amparos contra Santa Luc\u00eda, acusa AMLO","datePublished":"2019-09-25T18:00:53+00:00","mainEntityOfPage":{"@id":"https:\/\/www.sonoraenequipo.com.mx\/ex-ministro-cossio-diaz-asesora-a-quienes-promueven-amparos-contra-santa-lucia-acusa-amlo\/"},"wordCount":690,"commentCount":0,"publisher":{"@id":"https:\/\/www.sonoraenequipo.com.mx\/#organization"},"image":{"@id":"https:\/\/www.sonoraenequipo.com.mx\/ex-ministro-cossio-diaz-asesora-a-quienes-promueven-amparos-contra-santa-lucia-acusa-amlo\/#primaryimage"},"thumbnailUrl":"https:\/\/www.sonoraenequipo.com.mx\/storage\/2019\/09\/danielcossiod\u00edaz_opt1.jpg","articleSection":["Rep\u00fablica"],"inLanguage":"es","potentialAction":[{"@type":"CommentAction","name":"Comment","target":["https:\/\/www.sonoraenequipo.com.mx\/ex-ministro-cossio-diaz-asesora-a-quienes-promueven-amparos-contra-santa-lucia-acusa-amlo\/#respond"]}]},{"@type":"WebPage","@id":"https:\/\/www.sonoraenequipo.com.mx\/ex-ministro-cossio-diaz-asesora-a-quienes-promueven-amparos-contra-santa-lucia-acusa-amlo\/","url":"https:\/\/www.sonoraenequipo.com.mx\/ex-ministro-cossio-diaz-asesora-a-quienes-promueven-amparos-contra-santa-lucia-acusa-amlo\/","name":"Sonora en Equipo. Ex ministro Coss\u00edo D\u00edaz asesora a quienes promueven amparos contra Santa Luc\u00eda, acusa AMLO Rep\u00fablica","isPartOf":{"@id":"https:\/\/www.sonoraenequipo.com.mx\/#website"},"primaryImageOfPage":{"@id":"https:\/\/www.sonoraenequipo.com.mx\/ex-ministro-cossio-diaz-asesora-a-quienes-promueven-amparos-contra-santa-lucia-acusa-amlo\/#primaryimage"},"image":{"@id":"https:\/\/www.sonoraenequipo.com.mx\/ex-ministro-cossio-diaz-asesora-a-quienes-promueven-amparos-contra-santa-lucia-acusa-amlo\/#primaryimage"},"thumbnailUrl":"https:\/\/www.sonoraenequipo.com.mx\/storage\/2019\/09\/danielcossiod\u00edaz_opt1.jpg","datePublished":"2019-09-25T18:00:53+00:00","description":"CIUDAD DE M\u00c9XICO.&nbsp; MX. \u2014 El presidente de M\u00e9xico, Andr\u00e9s Manuel L\u00f3pez Obrador, apunt\u00f3 este mi\u00e9rcoles que el exministro Jos\u00e9 Ram\u00f3n Coss\u00edo D\u00edaz ha En Sonora en Equipo publicamos toda la informaci\u00f3n de Sonora, M\u00e9xico y el Mundo de manera oportuna y busca que la libertad de expresi\u00f3n sea real. Visita nuestro medio informativo publicado desde Hermosillo, Sonora. %","breadcrumb":{"@id":"https:\/\/www.sonoraenequipo.com.mx\/ex-ministro-cossio-diaz-asesora-a-quienes-promueven-amparos-contra-santa-lucia-acusa-amlo\/#breadcrumb"},"inLanguage":"es","potentialAction":[{"@type":"ReadAction","target":["https:\/\/www.sonoraenequipo.com.mx\/ex-ministro-cossio-diaz-asesora-a-quienes-promueven-amparos-contra-santa-lucia-acusa-amlo\/"]}]},{"@type":"ImageObject","inLanguage":"es","@id":"https:\/\/www.sonoraenequipo.com.mx\/ex-ministro-cossio-diaz-asesora-a-quienes-promueven-amparos-contra-santa-lucia-acusa-amlo\/#primaryimage","url":"https:\/\/www.sonoraenequipo.com.mx\/storage\/2019\/09\/danielcossiod\u00edaz_opt1.jpg","contentUrl":"https:\/\/www.sonoraenequipo.com.mx\/storage\/2019\/09\/danielcossiod\u00edaz_opt1.jpg","width":622,"height":350},{"@type":"BreadcrumbList","@id":"https:\/\/www.sonoraenequipo.com.mx\/ex-ministro-cossio-diaz-asesora-a-quienes-promueven-amparos-contra-santa-lucia-acusa-amlo\/#breadcrumb","itemListElement":[{"@type":"ListItem","position":1,"name":"Portada","item":"https:\/\/www.sonoraenequipo.com.mx\/"},{"@type":"ListItem","position":2,"name":"Ex ministro Coss\u00edo D\u00edaz asesora a quienes promueven amparos contra Santa Luc\u00eda, acusa AMLO"}]},{"@type":"WebSite","@id":"https:\/\/www.sonoraenequipo.com.mx\/#website","url":"https:\/\/www.sonoraenequipo.com.mx\/","name":"Sonora en Equipo.","description":"Diario en l\u00ednea con Noticias desde Hermosillo, Sonora","publisher":{"@id":"https:\/\/www.sonoraenequipo.com.mx\/#organization"},"potentialAction":[{"@type":"SearchAction","target":{"@type":"EntryPoint","urlTemplate":"https:\/\/www.sonoraenequipo.com.mx\/?s={search_term_string}"},"query-input":{"@type":"PropertyValueSpecification","valueRequired":true,"valueName":"search_term_string"}}],"inLanguage":"es"},{"@type":"Organization","@id":"https:\/\/www.sonoraenequipo.com.mx\/#organization","name":"Sonoraenequipo.com.mx","url":"https:\/\/www.sonoraenequipo.com.mx\/","logo":{"@type":"ImageObject","inLanguage":"es","@id":"https:\/\/www.sonoraenequipo.com.mx\/#\/schema\/logo\/image\/","url":"https:\/\/www.sonoraenequipo.com.mx\/storage\/2019\/01\/sonoraenequipo_opt.png","contentUrl":"https:\/\/www.sonoraenequipo.com.mx\/storage\/2019\/01\/sonoraenequipo_opt.png","width":375,"height":125,"caption":"Sonoraenequipo.com.mx"},"image":{"@id":"https:\/\/www.sonoraenequipo.com.mx\/#\/schema\/logo\/image\/"},"sameAs":["https:\/\/www.facebook.com\/SonoraEE\/","https:\/\/x.com\/sonoraenequipo","https:\/\/www.youtube.com\/channel\/UC338nW-lPEYmJQs4ZABQ1SQ"]},{"@type":"Person","@id":"https:\/\/www.sonoraenequipo.com.mx\/#\/schema\/person\/50102df0fb23a8fa9e8effad8fa81386","name":"enequipo","image":{"@type":"ImageObject","inLanguage":"es","@id":"https:\/\/www.sonoraenequipo.com.mx\/#\/schema\/person\/image\/","url":"https:\/\/secure.gravatar.com\/avatar\/049821681b589dabc0bc20695993ccebb09f5b5d4d790cd9251b97faac7c652b?s=96&d=blank&r=g","contentUrl":"https:\/\/secure.gravatar.com\/avatar\/049821681b589dabc0bc20695993ccebb09f5b5d4d790cd9251b97faac7c652b?s=96&d=blank&r=g","caption":"enequipo"},"sameAs":["https:\/\/www.facebook.com\/SonoraEE"]}]}},"jetpack_featured_media_url":"https:\/\/www.sonoraenequipo.com.mx\/storage\/2019\/09\/danielcossiod\u00edaz_opt1.jpg","_links":{"self":[{"href":"https:\/\/www.sonoraenequipo.com.mx\/api\/wp\/v2\/posts\/67764","targetHints":{"allow":["GET"]}}],"collection":[{"href":"https:\/\/www.sonoraenequipo.com.mx\/api\/wp\/v2\/posts"}],"about":[{"href":"https:\/\/www.sonoraenequipo.com.mx\/api\/wp\/v2\/types\/post"}],"author":[{"embeddable":true,"href":"https:\/\/www.sonoraenequipo.com.mx\/api\/wp\/v2\/users\/1"}],"replies":[{"embeddable":true,"href":"https:\/\/www.sonoraenequipo.com.mx\/api\/wp\/v2\/comments?post=67764"}],"version-history":[{"count":0,"href":"https:\/\/www.sonoraenequipo.com.mx\/api\/wp\/v2\/posts\/67764\/revisions"}],"wp:featuredmedia":[{"embeddable":true,"href":"https:\/\/www.sonoraenequipo.com.mx\/api\/wp\/v2\/media\/67765"}],"wp:attachment":[{"href":"https:\/\/www.sonoraenequipo.com.mx\/api\/wp\/v2\/media?parent=67764"}],"wp:term":[{"taxonomy":"category","embeddable":true,"href":"https:\/\/www.sonoraenequipo.com.mx\/api\/wp\/v2\/categories?post=67764"},{"taxonomy":"post_tag","embeddable":true,"href":"https:\/\/www.sonoraenequipo.com.mx\/api\/wp\/v2\/tags?post=67764"}],"curies":[{"name":"wp","href":"https:\/\/api.w.org\/{rel}","templated":true}]}}