{"id":67774,"date":"2019-09-25T12:42:19","date_gmt":"2019-09-25T19:42:19","guid":{"rendered":"https:\/\/www.sonoraenequipo.com.mx\/?p=67774"},"modified":"2019-09-25T12:47:30","modified_gmt":"2019-09-25T19:47:30","slug":"gobierno-federal-sabe-donde-estan-los-43-estudiantes-de-ayotzinapa-implicado-en-el-caso","status":"publish","type":"post","link":"https:\/\/www.sonoraenequipo.com.mx\/gobierno-federal-sabe-donde-estan-los-43-estudiantes-de-ayotzinapa-implicado-en-el-caso\/","title":{"rendered":"Encinas sabe donde est\u00e1n los 43 estudiantes de Ayotzinapa: implicado en el caso"},"content":{"rendered":"<p>&nbsp;<\/p>\n<p>CIUDAD DE M\u00c9XICO.- Los 43 estudiantes de la Escuela Normal Rural Rapul Isidro Burgos, \u201cest\u00e1n escondidos en el mismo lugar donde fue escondido el autob\u00fas donde los transportaron\u201d, revel\u00f3 Eliseo Villar Castillo, excoordinador de la Coordinadora Regional de Autoridades Comunitarias de San Luis Acatl\u00e1n, quien asegura saber la ubicaci\u00f3n exacta de los normalistas. <\/p>\n<p>Villar Castillo, quien est\u00e1 preso desde 2015 y actualmente se encuentra en el penal de Chilpancingo, Guerrero, declar\u00f3 que \u201calgunos compa\u00f1eros\u201d le dieron informaci\u00f3n sobre el paradero de los j\u00f3venes desaparecidos de Ayotzinapa; quienes \u201cno salieron del estado de Guerrero\u201d.<\/p>\n<p>Esta informaci\u00f3n, dijo, ya la tienen Alejandro Encinas Rodr\u00edguez, subsecretario de Derechos humanos, poblaci\u00f3n y migraci\u00f3n; el antrop\u00f3logo Abel Barrera Hern\u00e1ndez y Vidulfo Rosales Sierra, abogado del Centro de Derechos Humanos de la Monta\u00f1a, Tlachinollan.<\/p>\n<p>Detall\u00f3 que el 15 de junio de este a\u00f1o les entreg\u00f3 los datos y \u201cel 18 de julio nos sacaron del penal para celebrar otra mesa de trabajo; nos se\u00f1alaron en un mapa y nos dieron una ubicaci\u00f3n satelital que nos mostraron en una computadora.<\/p>\n<p>Por lo anterior, en una carta abierta, se dirigi\u00f3 al presidente Andr\u00e9s Manuel L\u00f3pez Obrador, dici\u00e9ndole:<\/p>\n<p>\u201cMe dirijo de forma directa a nuestro presidente de la Rep\u00fablica, porque he buscado a las autoridades que son responsables de este caso, pero a m\u00e1s de tres meses (de las reuniones con Alejandro Encinas) no han cumplido con su responsabilidad; y es por eso que hago p\u00fablico este caso porque se aproxima el quinto aniversario de la desaparici\u00f3n de los normalistas y, sin embargo, no se ha dado con su paradero<\/p>\n<p>Adem\u00e1s, debido la importancia de la informaci\u00f3n que posee, le hizo 8 peticiones urgentes: protecci\u00f3n personal para \u00e9l y para sus fuentes, protecci\u00f3n para los padres de los normalistas, presentaci\u00f3n del fiscal de la verdad para el caso Ayotzinapa, presentaci\u00f3n de un agente del Ministerio P\u00fablico Federal, operativos de seguridad en el lugar donde est\u00e1n enterrados los normalistas, seguridad especial para los municipios de San Luis Acatl\u00e1n, Marquelia, Juchit\u00e1n y Azoy\u00fa; y seguridad para todas las organizaciones sociales que lo respaldad.<\/p>\n<p>Con esta informaci\u00f3n, retomada por Ciro G\u00f3mez Leyva en Radio F\u00f3rmula, Eliseo Villar confirma que los 43 normalistas est\u00e1n muertos<\/p>\n<p>Leer m\u00e1s&nbsp; <a href=\"https:\/\/www.radioformula.com.mx\/noticias\/20190925\/yo-se-donde-estan-exactamente-los-43-estudiantes-de-ayotzinapa-excomandante-de-la-crac-preso-en-guerrero\/\">https:\/\/www.radioformula.com.mx\/noticias\/20190925\/yo-se-donde-estan-exactamente-los-43-estudiantes-de-ayotzinapa-excomandante-de-la-crac-preso-en-guerrero\/<\/a><\/p>\n<p>Fecha de publicaci\u00f3n 25\/09\/2019<\/p>\n<p>&nbsp;<\/p>\n","protected":false},"excerpt":{"rendered":"<p>&nbsp; CIUDAD DE M\u00c9XICO.- Los 43 estudiantes de la Escuela Normal Rural Rapul Isidro Burgos,&#8230;<\/p>\n","protected":false},"author":1,"featured_media":67775,"comment_status":"open","ping_status":"open","sticky":false,"template":"","format":"standard","meta":{"_monsterinsights_skip_tracking":false,"_monsterinsights_sitenote_active":false,"_monsterinsights_sitenote_note":"","_monsterinsights_sitenote_category":0,"footnotes":""},"categories":[5,22],"tags":[88,712],"class_list":["post"],"yoast_head":" \n<title>Sonora en Equipo. Encinas sabe donde est\u00e1n los 43 estudiantes de Ayotzinapa: implicado en el caso Sonora<\/title>\n<meta name=\"description\" content=\"&nbsp; CIUDAD DE M\u00c9XICO.- Los 43 estudiantes de la Escuela Normal Rural Rapul Isidro Burgos, \u201cest\u00e1n escondidos en el mismo lugar donde fue escondido el En Sonora en Equipo publicamos toda la informaci\u00f3n de Sonora, M\u00e9xico y el Mundo de manera oportuna y busca que la libertad de expresi\u00f3n sea real. Visita nuestro medio informativo publicado desde Hermosillo, Sonora. %\" \/>\n<meta name=\"robots\" content=\"index, follow, max-snippet:-1, max-image-preview:large, max-video-preview:-1\" \/>\n<link rel=\"canonical\" href=\"https:\/\/www.sonoraenequipo.com.mx\/gobierno-federal-sabe-donde-estan-los-43-estudiantes-de-ayotzinapa-implicado-en-el-caso\/\" \/>\n<meta property=\"og:locale\" content=\"es_ES\" \/>\n<meta property=\"og:type\" content=\"article\" \/>\n<meta property=\"og:title\" content=\"Sonora en Equipo. Encinas sabe donde est\u00e1n los 43 estudiantes de Ayotzinapa: implicado en el caso Sonora\" \/>\n<meta property=\"og:description\" content=\"&nbsp; CIUDAD DE M\u00c9XICO.- Los 43 estudiantes de la Escuela Normal Rural Rapul Isidro Burgos, \u201cest\u00e1n escondidos en el mismo lugar donde fue escondido el En Sonora en Equipo publicamos toda la informaci\u00f3n de Sonora, M\u00e9xico y el Mundo de manera oportuna y busca que la libertad de expresi\u00f3n sea real. Visita nuestro medio informativo publicado desde Hermosillo, Sonora. %\" \/>\n<meta property=\"og:url\" content=\"https:\/\/www.sonoraenequipo.com.mx\/gobierno-federal-sabe-donde-estan-los-43-estudiantes-de-ayotzinapa-implicado-en-el-caso\/\" \/>\n<meta property=\"og:site_name\" content=\"Sonora en Equipo.\" \/>\n<meta property=\"article:publisher\" content=\"https:\/\/www.facebook.com\/SonoraEE\/\" \/>\n<meta property=\"article:author\" content=\"https:\/\/www.facebook.com\/SonoraEE\" \/>\n<meta property=\"article:published_time\" content=\"2019-09-25T19:42:19+00:00\" \/>\n<meta property=\"article:modified_time\" content=\"2019-09-25T19:47:30+00:00\" \/>\n<meta property=\"og:image\" content=\"https:\/\/www.sonoraenequipo.com.mx\/storage\/2019\/09\/43.jpg\" \/>\n\t<meta property=\"og:image:width\" content=\"600\" \/>\n\t<meta property=\"og:image:height\" content=\"336\" \/>\n\t<meta property=\"og:image:type\" content=\"image\/jpeg\" \/>\n<meta name=\"author\" content=\"enequipo\" \/>\n<meta name=\"twitter:card\" content=\"summary_large_image\" \/>\n<meta name=\"twitter:creator\" content=\"@sonoraenequipo\" \/>\n<meta name=\"twitter:site\" content=\"@sonoraenequipo\" \/>\n<meta name=\"twitter:label1\" content=\"Escrito por\" \/>\n\t<meta name=\"twitter:data1\" content=\"enequipo\" \/>\n\t<meta name=\"twitter:label2\" content=\"Tiempo de lectura\" \/>\n\t<meta name=\"twitter:data2\" content=\"2 minutos\" \/>\n<script type=\"application\/ld+json\" class=\"yoast-schema-graph\">{\"@context\":\"https:\/\/schema.org\",\"@graph\":[{\"@type\":\"Article\",\"@id\":\"https:\/\/www.sonoraenequipo.com.mx\/gobierno-federal-sabe-donde-estan-los-43-estudiantes-de-ayotzinapa-implicado-en-el-caso\/#article\",\"isPartOf\":{\"@id\":\"https:\/\/www.sonoraenequipo.com.mx\/gobierno-federal-sabe-donde-estan-los-43-estudiantes-de-ayotzinapa-implicado-en-el-caso\/\"},\"author\":{\"name\":\"enequipo\",\"@id\":\"https:\/\/www.sonoraenequipo.com.mx\/#\/schema\/person\/50102df0fb23a8fa9e8effad8fa81386\"},\"headline\":\"Encinas sabe donde est\u00e1n los 43 estudiantes de Ayotzinapa: implicado en el caso\",\"datePublished\":\"2019-09-25T19:42:19+00:00\",\"dateModified\":\"2019-09-25T19:47:30+00:00\",\"mainEntityOfPage\":{\"@id\":\"https:\/\/www.sonoraenequipo.com.mx\/gobierno-federal-sabe-donde-estan-los-43-estudiantes-de-ayotzinapa-implicado-en-el-caso\/\"},\"wordCount\":427,\"commentCount\":0,\"publisher\":{\"@id\":\"https:\/\/www.sonoraenequipo.com.mx\/#organization\"},\"image\":{\"@id\":\"https:\/\/www.sonoraenequipo.com.mx\/gobierno-federal-sabe-donde-estan-los-43-estudiantes-de-ayotzinapa-implicado-en-el-caso\/#primaryimage\"},\"thumbnailUrl\":\"https:\/\/www.sonoraenequipo.com.mx\/storage\/2019\/09\/43.jpg\",\"keywords\":[\"los 43\",\"normalistas de Ayotzinapa\"],\"articleSection\":[\"Rep\u00fablica\",\"Sonora\"],\"inLanguage\":\"es\",\"potentialAction\":[{\"@type\":\"CommentAction\",\"name\":\"Comment\",\"target\":[\"https:\/\/www.sonoraenequipo.com.mx\/gobierno-federal-sabe-donde-estan-los-43-estudiantes-de-ayotzinapa-implicado-en-el-caso\/#respond\"]}]},{\"@type\":\"WebPage\",\"@id\":\"https:\/\/www.sonoraenequipo.com.mx\/gobierno-federal-sabe-donde-estan-los-43-estudiantes-de-ayotzinapa-implicado-en-el-caso\/\",\"url\":\"https:\/\/www.sonoraenequipo.com.mx\/gobierno-federal-sabe-donde-estan-los-43-estudiantes-de-ayotzinapa-implicado-en-el-caso\/\",\"name\":\"Sonora en Equipo. Encinas sabe donde est\u00e1n los 43 estudiantes de Ayotzinapa: implicado en el caso Sonora\",\"isPartOf\":{\"@id\":\"https:\/\/www.sonoraenequipo.com.mx\/#website\"},\"primaryImageOfPage\":{\"@id\":\"https:\/\/www.sonoraenequipo.com.mx\/gobierno-federal-sabe-donde-estan-los-43-estudiantes-de-ayotzinapa-implicado-en-el-caso\/#primaryimage\"},\"image\":{\"@id\":\"https:\/\/www.sonoraenequipo.com.mx\/gobierno-federal-sabe-donde-estan-los-43-estudiantes-de-ayotzinapa-implicado-en-el-caso\/#primaryimage\"},\"thumbnailUrl\":\"https:\/\/www.sonoraenequipo.com.mx\/storage\/2019\/09\/43.jpg\",\"datePublished\":\"2019-09-25T19:42:19+00:00\",\"dateModified\":\"2019-09-25T19:47:30+00:00\",\"description\":\"&nbsp; CIUDAD DE M\u00c9XICO.- Los 43 estudiantes de la Escuela Normal Rural Rapul Isidro Burgos, \u201cest\u00e1n escondidos en el mismo lugar donde fue escondido el En Sonora en Equipo publicamos toda la informaci\u00f3n de Sonora, M\u00e9xico y el Mundo de manera oportuna y busca que la libertad de expresi\u00f3n sea real. Visita nuestro medio informativo publicado desde Hermosillo, Sonora. %\",\"breadcrumb\":{\"@id\":\"https:\/\/www.sonoraenequipo.com.mx\/gobierno-federal-sabe-donde-estan-los-43-estudiantes-de-ayotzinapa-implicado-en-el-caso\/#breadcrumb\"},\"inLanguage\":\"es\",\"potentialAction\":[{\"@type\":\"ReadAction\",\"target\":[\"https:\/\/www.sonoraenequipo.com.mx\/gobierno-federal-sabe-donde-estan-los-43-estudiantes-de-ayotzinapa-implicado-en-el-caso\/\"]}]},{\"@type\":\"ImageObject\",\"inLanguage\":\"es\",\"@id\":\"https:\/\/www.sonoraenequipo.com.mx\/gobierno-federal-sabe-donde-estan-los-43-estudiantes-de-ayotzinapa-implicado-en-el-caso\/#primaryimage\",\"url\":\"https:\/\/www.sonoraenequipo.com.mx\/storage\/2019\/09\/43.jpg\",\"contentUrl\":\"https:\/\/www.sonoraenequipo.com.mx\/storage\/2019\/09\/43.jpg\",\"width\":600,\"height\":336},{\"@type\":\"BreadcrumbList\",\"@id\":\"https:\/\/www.sonoraenequipo.com.mx\/gobierno-federal-sabe-donde-estan-los-43-estudiantes-de-ayotzinapa-implicado-en-el-caso\/#breadcrumb\",\"itemListElement\":[{\"@type\":\"ListItem\",\"position\":1,\"name\":\"Portada\",\"item\":\"https:\/\/www.sonoraenequipo.com.mx\/\"},{\"@type\":\"ListItem\",\"position\":2,\"name\":\"Encinas sabe donde est\u00e1n los 43 estudiantes de Ayotzinapa: implicado en el caso\"}]},{\"@type\":\"WebSite\",\"@id\":\"https:\/\/www.sonoraenequipo.com.mx\/#website\",\"url\":\"https:\/\/www.sonoraenequipo.com.mx\/\",\"name\":\"Sonora en Equipo.\",\"description\":\"Diario en l\u00ednea con Noticias desde Hermosillo, Sonora\",\"publisher\":{\"@id\":\"https:\/\/www.sonoraenequipo.com.mx\/#organization\"},\"potentialAction\":[{\"@type\":\"SearchAction\",\"target\":{\"@type\":\"EntryPoint\",\"urlTemplate\":\"https:\/\/www.sonoraenequipo.com.mx\/?s={search_term_string}\"},\"query-input\":{\"@type\":\"PropertyValueSpecification\",\"valueRequired\":true,\"valueName\":\"search_term_string\"}}],\"inLanguage\":\"es\"},{\"@type\":\"Organization\",\"@id\":\"https:\/\/www.sonoraenequipo.com.mx\/#organization\",\"name\":\"Sonoraenequipo.com.mx\",\"url\":\"https:\/\/www.sonoraenequipo.com.mx\/\",\"logo\":{\"@type\":\"ImageObject\",\"inLanguage\":\"es\",\"@id\":\"https:\/\/www.sonoraenequipo.com.mx\/#\/schema\/logo\/image\/\",\"url\":\"https:\/\/www.sonoraenequipo.com.mx\/storage\/2019\/01\/sonoraenequipo_opt.png\",\"contentUrl\":\"https:\/\/www.sonoraenequipo.com.mx\/storage\/2019\/01\/sonoraenequipo_opt.png\",\"width\":375,\"height\":125,\"caption\":\"Sonoraenequipo.com.mx\"},\"image\":{\"@id\":\"https:\/\/www.sonoraenequipo.com.mx\/#\/schema\/logo\/image\/\"},\"sameAs\":[\"https:\/\/www.facebook.com\/SonoraEE\/\",\"https:\/\/x.com\/sonoraenequipo\",\"https:\/\/www.youtube.com\/channel\/UC338nW-lPEYmJQs4ZABQ1SQ\"]},{\"@type\":\"Person\",\"@id\":\"https:\/\/www.sonoraenequipo.com.mx\/#\/schema\/person\/50102df0fb23a8fa9e8effad8fa81386\",\"name\":\"enequipo\",\"image\":{\"@type\":\"ImageObject\",\"inLanguage\":\"es\",\"@id\":\"https:\/\/www.sonoraenequipo.com.mx\/#\/schema\/person\/image\/\",\"url\":\"https:\/\/secure.gravatar.com\/avatar\/049821681b589dabc0bc20695993ccebb09f5b5d4d790cd9251b97faac7c652b?s=96&d=blank&r=g\",\"contentUrl\":\"https:\/\/secure.gravatar.com\/avatar\/049821681b589dabc0bc20695993ccebb09f5b5d4d790cd9251b97faac7c652b?s=96&d=blank&r=g\",\"caption\":\"enequipo\"},\"sameAs\":[\"https:\/\/www.facebook.com\/SonoraEE\"]}]}<\/script>\n ","yoast_head_json":{"title":"Sonora en Equipo. Encinas sabe donde est\u00e1n los 43 estudiantes de Ayotzinapa: implicado en el caso Sonora","description":"&nbsp; CIUDAD DE M\u00c9XICO.- Los 43 estudiantes de la Escuela Normal Rural Rapul Isidro Burgos, \u201cest\u00e1n escondidos en el mismo lugar donde fue escondido el En Sonora en Equipo publicamos toda la informaci\u00f3n de Sonora, M\u00e9xico y el Mundo de manera oportuna y busca que la libertad de expresi\u00f3n sea real. Visita nuestro medio informativo publicado desde Hermosillo, Sonora. %","robots":{"index":"index","follow":"follow","max-snippet":"max-snippet:-1","max-image-preview":"max-image-preview:large","max-video-preview":"max-video-preview:-1"},"canonical":"https:\/\/www.sonoraenequipo.com.mx\/gobierno-federal-sabe-donde-estan-los-43-estudiantes-de-ayotzinapa-implicado-en-el-caso\/","og_locale":"es_ES","og_type":"article","og_title":"Sonora en Equipo. Encinas sabe donde est\u00e1n los 43 estudiantes de Ayotzinapa: implicado en el caso Sonora","og_description":"&nbsp; CIUDAD DE M\u00c9XICO.- Los 43 estudiantes de la Escuela Normal Rural Rapul Isidro Burgos, \u201cest\u00e1n escondidos en el mismo lugar donde fue escondido el En Sonora en Equipo publicamos toda la informaci\u00f3n de Sonora, M\u00e9xico y el Mundo de manera oportuna y busca que la libertad de expresi\u00f3n sea real. Visita nuestro medio informativo publicado desde Hermosillo, Sonora. %","og_url":"https:\/\/www.sonoraenequipo.com.mx\/gobierno-federal-sabe-donde-estan-los-43-estudiantes-de-ayotzinapa-implicado-en-el-caso\/","og_site_name":"Sonora en Equipo.","article_publisher":"https:\/\/www.facebook.com\/SonoraEE\/","article_author":"https:\/\/www.facebook.com\/SonoraEE","article_published_time":"2019-09-25T19:42:19+00:00","article_modified_time":"2019-09-25T19:47:30+00:00","og_image":[{"width":600,"height":336,"url":"https:\/\/www.sonoraenequipo.com.mx\/storage\/2019\/09\/43.jpg","type":"image\/jpeg"}],"author":"enequipo","twitter_card":"summary_large_image","twitter_creator":"@sonoraenequipo","twitter_site":"@sonoraenequipo","twitter_misc":{"Escrito por":"enequipo","Tiempo de lectura":"2 minutos"},"schema":{"@context":"https:\/\/schema.org","@graph":[{"@type":"Article","@id":"https:\/\/www.sonoraenequipo.com.mx\/gobierno-federal-sabe-donde-estan-los-43-estudiantes-de-ayotzinapa-implicado-en-el-caso\/#article","isPartOf":{"@id":"https:\/\/www.sonoraenequipo.com.mx\/gobierno-federal-sabe-donde-estan-los-43-estudiantes-de-ayotzinapa-implicado-en-el-caso\/"},"author":{"name":"enequipo","@id":"https:\/\/www.sonoraenequipo.com.mx\/#\/schema\/person\/50102df0fb23a8fa9e8effad8fa81386"},"headline":"Encinas sabe donde est\u00e1n los 43 estudiantes de Ayotzinapa: implicado en el caso","datePublished":"2019-09-25T19:42:19+00:00","dateModified":"2019-09-25T19:47:30+00:00","mainEntityOfPage":{"@id":"https:\/\/www.sonoraenequipo.com.mx\/gobierno-federal-sabe-donde-estan-los-43-estudiantes-de-ayotzinapa-implicado-en-el-caso\/"},"wordCount":427,"commentCount":0,"publisher":{"@id":"https:\/\/www.sonoraenequipo.com.mx\/#organization"},"image":{"@id":"https:\/\/www.sonoraenequipo.com.mx\/gobierno-federal-sabe-donde-estan-los-43-estudiantes-de-ayotzinapa-implicado-en-el-caso\/#primaryimage"},"thumbnailUrl":"https:\/\/www.sonoraenequipo.com.mx\/storage\/2019\/09\/43.jpg","keywords":["los 43","normalistas de Ayotzinapa"],"articleSection":["Rep\u00fablica","Sonora"],"inLanguage":"es","potentialAction":[{"@type":"CommentAction","name":"Comment","target":["https:\/\/www.sonoraenequipo.com.mx\/gobierno-federal-sabe-donde-estan-los-43-estudiantes-de-ayotzinapa-implicado-en-el-caso\/#respond"]}]},{"@type":"WebPage","@id":"https:\/\/www.sonoraenequipo.com.mx\/gobierno-federal-sabe-donde-estan-los-43-estudiantes-de-ayotzinapa-implicado-en-el-caso\/","url":"https:\/\/www.sonoraenequipo.com.mx\/gobierno-federal-sabe-donde-estan-los-43-estudiantes-de-ayotzinapa-implicado-en-el-caso\/","name":"Sonora en Equipo. Encinas sabe donde est\u00e1n los 43 estudiantes de Ayotzinapa: implicado en el caso Sonora","isPartOf":{"@id":"https:\/\/www.sonoraenequipo.com.mx\/#website"},"primaryImageOfPage":{"@id":"https:\/\/www.sonoraenequipo.com.mx\/gobierno-federal-sabe-donde-estan-los-43-estudiantes-de-ayotzinapa-implicado-en-el-caso\/#primaryimage"},"image":{"@id":"https:\/\/www.sonoraenequipo.com.mx\/gobierno-federal-sabe-donde-estan-los-43-estudiantes-de-ayotzinapa-implicado-en-el-caso\/#primaryimage"},"thumbnailUrl":"https:\/\/www.sonoraenequipo.com.mx\/storage\/2019\/09\/43.jpg","datePublished":"2019-09-25T19:42:19+00:00","dateModified":"2019-09-25T19:47:30+00:00","description":"&nbsp; CIUDAD DE M\u00c9XICO.- Los 43 estudiantes de la Escuela Normal Rural Rapul Isidro Burgos, \u201cest\u00e1n escondidos en el mismo lugar donde fue escondido el En Sonora en Equipo publicamos toda la informaci\u00f3n de Sonora, M\u00e9xico y el Mundo de manera oportuna y busca que la libertad de expresi\u00f3n sea real. Visita nuestro medio informativo publicado desde Hermosillo, Sonora. %","breadcrumb":{"@id":"https:\/\/www.sonoraenequipo.com.mx\/gobierno-federal-sabe-donde-estan-los-43-estudiantes-de-ayotzinapa-implicado-en-el-caso\/#breadcrumb"},"inLanguage":"es","potentialAction":[{"@type":"ReadAction","target":["https:\/\/www.sonoraenequipo.com.mx\/gobierno-federal-sabe-donde-estan-los-43-estudiantes-de-ayotzinapa-implicado-en-el-caso\/"]}]},{"@type":"ImageObject","inLanguage":"es","@id":"https:\/\/www.sonoraenequipo.com.mx\/gobierno-federal-sabe-donde-estan-los-43-estudiantes-de-ayotzinapa-implicado-en-el-caso\/#primaryimage","url":"https:\/\/www.sonoraenequipo.com.mx\/storage\/2019\/09\/43.jpg","contentUrl":"https:\/\/www.sonoraenequipo.com.mx\/storage\/2019\/09\/43.jpg","width":600,"height":336},{"@type":"BreadcrumbList","@id":"https:\/\/www.sonoraenequipo.com.mx\/gobierno-federal-sabe-donde-estan-los-43-estudiantes-de-ayotzinapa-implicado-en-el-caso\/#breadcrumb","itemListElement":[{"@type":"ListItem","position":1,"name":"Portada","item":"https:\/\/www.sonoraenequipo.com.mx\/"},{"@type":"ListItem","position":2,"name":"Encinas sabe donde est\u00e1n los 43 estudiantes de Ayotzinapa: implicado en el caso"}]},{"@type":"WebSite","@id":"https:\/\/www.sonoraenequipo.com.mx\/#website","url":"https:\/\/www.sonoraenequipo.com.mx\/","name":"Sonora en Equipo.","description":"Diario en l\u00ednea con Noticias desde Hermosillo, Sonora","publisher":{"@id":"https:\/\/www.sonoraenequipo.com.mx\/#organization"},"potentialAction":[{"@type":"SearchAction","target":{"@type":"EntryPoint","urlTemplate":"https:\/\/www.sonoraenequipo.com.mx\/?s={search_term_string}"},"query-input":{"@type":"PropertyValueSpecification","valueRequired":true,"valueName":"search_term_string"}}],"inLanguage":"es"},{"@type":"Organization","@id":"https:\/\/www.sonoraenequipo.com.mx\/#organization","name":"Sonoraenequipo.com.mx","url":"https:\/\/www.sonoraenequipo.com.mx\/","logo":{"@type":"ImageObject","inLanguage":"es","@id":"https:\/\/www.sonoraenequipo.com.mx\/#\/schema\/logo\/image\/","url":"https:\/\/www.sonoraenequipo.com.mx\/storage\/2019\/01\/sonoraenequipo_opt.png","contentUrl":"https:\/\/www.sonoraenequipo.com.mx\/storage\/2019\/01\/sonoraenequipo_opt.png","width":375,"height":125,"caption":"Sonoraenequipo.com.mx"},"image":{"@id":"https:\/\/www.sonoraenequipo.com.mx\/#\/schema\/logo\/image\/"},"sameAs":["https:\/\/www.facebook.com\/SonoraEE\/","https:\/\/x.com\/sonoraenequipo","https:\/\/www.youtube.com\/channel\/UC338nW-lPEYmJQs4ZABQ1SQ"]},{"@type":"Person","@id":"https:\/\/www.sonoraenequipo.com.mx\/#\/schema\/person\/50102df0fb23a8fa9e8effad8fa81386","name":"enequipo","image":{"@type":"ImageObject","inLanguage":"es","@id":"https:\/\/www.sonoraenequipo.com.mx\/#\/schema\/person\/image\/","url":"https:\/\/secure.gravatar.com\/avatar\/049821681b589dabc0bc20695993ccebb09f5b5d4d790cd9251b97faac7c652b?s=96&d=blank&r=g","contentUrl":"https:\/\/secure.gravatar.com\/avatar\/049821681b589dabc0bc20695993ccebb09f5b5d4d790cd9251b97faac7c652b?s=96&d=blank&r=g","caption":"enequipo"},"sameAs":["https:\/\/www.facebook.com\/SonoraEE"]}]}},"jetpack_featured_media_url":"https:\/\/www.sonoraenequipo.com.mx\/storage\/2019\/09\/43.jpg","_links":{"self":[{"href":"https:\/\/www.sonoraenequipo.com.mx\/api\/wp\/v2\/posts\/67774","targetHints":{"allow":["GET"]}}],"collection":[{"href":"https:\/\/www.sonoraenequipo.com.mx\/api\/wp\/v2\/posts"}],"about":[{"href":"https:\/\/www.sonoraenequipo.com.mx\/api\/wp\/v2\/types\/post"}],"author":[{"embeddable":true,"href":"https:\/\/www.sonoraenequipo.com.mx\/api\/wp\/v2\/users\/1"}],"replies":[{"embeddable":true,"href":"https:\/\/www.sonoraenequipo.com.mx\/api\/wp\/v2\/comments?post=67774"}],"version-history":[{"count":0,"href":"https:\/\/www.sonoraenequipo.com.mx\/api\/wp\/v2\/posts\/67774\/revisions"}],"wp:featuredmedia":[{"embeddable":true,"href":"https:\/\/www.sonoraenequipo.com.mx\/api\/wp\/v2\/media\/67775"}],"wp:attachment":[{"href":"https:\/\/www.sonoraenequipo.com.mx\/api\/wp\/v2\/media?parent=67774"}],"wp:term":[{"taxonomy":"category","embeddable":true,"href":"https:\/\/www.sonoraenequipo.com.mx\/api\/wp\/v2\/categories?post=67774"},{"taxonomy":"post_tag","embeddable":true,"href":"https:\/\/www.sonoraenequipo.com.mx\/api\/wp\/v2\/tags?post=67774"}],"curies":[{"name":"wp","href":"https:\/\/api.w.org\/{rel}","templated":true}]}}