{"id":67779,"date":"2019-09-25T13:19:57","date_gmt":"2019-09-25T20:19:57","guid":{"rendered":"https:\/\/www.sonoraenequipo.com.mx\/?p=67779"},"modified":"2019-09-25T13:19:57","modified_gmt":"2019-09-25T20:19:57","slug":"se-preven-lluvias-ligeras-para-el-norte-de-sonora-y-frio-para-la-zona-serrana","status":"publish","type":"post","link":"https:\/\/www.sonoraenequipo.com.mx\/se-preven-lluvias-ligeras-para-el-norte-de-sonora-y-frio-para-la-zona-serrana\/","title":{"rendered":"Se prev\u00e9n lluvias ligeras para el norte de Sonora y fr\u00edo para la zona serrana"},"content":{"rendered":"<p>&nbsp;<\/p>\n<p>HERMOSILLO,SONORA,MX.\u2500 Para ma\u00f1ana jueves, continuar\u00e1 la afluencia de humedad por lo que a\u00fan se espera lluvias ligeras y puntuales en el noroeste, norte y noreste de Sonora. Se prev\u00e9 ambiente templado a muy c\u00e1lido en el d\u00eda, con las temperaturas m\u00e1s elevadas en el sur del Estado. Se esperan amaneceres fr\u00edos en las sierras m\u00e1s elevadas, incluso podr\u00edan registrarse algunas temperaturas m\u00ednimas menores de 10 grados Celsius (\u00b0C), informa el Organismo de Cuenca Noroeste (OCNO) de la Comisi\u00f3n Nacional del Agua (CONAGUA).\u00a0 <\/p>\n<p>&nbsp;<\/p>\n<p>P<img loading=\"lazy\" decoding=\"async\" class=\"size-medium  x-left\" src=\"https:\/\/www.sonoraenequipo.com.mx\/storage\/2019\/09\/CLIMA25-404x452.jpg\" alt=\"\" width=\"404\" height=\"452\" \/>ara hoy se prev\u00e9 que la baja fr\u00eda en el noroeste de Sonora y la afluencia de humedad abundante, generen precipitaciones generalizadas, con tormentas convectivas aisladas, principalmente en los sectores norte y centro del Estado, donde hay potencial para algunos acumulados de hasta 75 mil\u00edmetros (mm), posiblemente acompa\u00f1ados de actividad el\u00e9ctrica, e incluso es posible la ca\u00edda de granizo. Tambi\u00e9n se prev\u00e9 viento en rachas fuertes, principalmente en los sectores noroeste y norte, y ambiente de templado a c\u00e1lido.<\/p>\n<p>Para el pr\u00f3ximo viernes y s\u00e1bado, se prev\u00e9 bajo potencial de lluvias, sin embargo, se observar\u00e1n nublados escasos. Por la ma\u00f1ana continuar\u00e1 el ambiente fr\u00edo en la regi\u00f3n serrana, en tanto, empezar\u00e1 una recuperaci\u00f3n gradual de las temperaturas, con valores de 35\u00b0C para el centro y sur de Sonora.<\/p>\n<p>En el Pac\u00edfico, hay una baja presi\u00f3n a unos 100 km al suroeste de las costas de Jalisco, la cual tiene 30% de posibilidad de convertirse en cicl\u00f3n tropical en los siguientes cinco d\u00edas.<\/p>\n<p>De acuerdo con el aviso meteorol\u00f3gico de hoy de la CONAGUA, se prev\u00e9n cielos nublados y temperaturas m\u00e1ximas en Puerto Pe\u00f1asco de 23 a 32\u00b0C; Caborca de 18 a 30\u00b0C, Hermosillo de 2o a 32\u00b0C, con potencial de lluvias; Guaymas con valores de 22 a 31\u00b0C; Ciudad Obreg\u00f3n 20 a 35\u00b0C; Navojoa de 21 a 36, sin posibilidad de lluvias; Nogales de 16 a 21\u00b0C, con posibilidad de lluvias y Agua Prieta de 16 a 24\u00b0C.<\/p>\n<p>Las temperaturas m\u00e1s altas de las \u00faltimas 24 horas, en grados Celsius, fueron de 38.0\u00b0C en pres \u00c1lvaro Obreg\u00f3n, 37.5 en Cd. Obreg\u00f3n y Navojoa, 36.5 en San Bernardo, 36.4 en El cubil. En tanto las temperaturas m\u00e1s bajas fueron de 8.5\u00b0C en Basaseachic, 9.0 en Yepachic, 10.5 en presa Abraham Gonz\u00e1lez, 10.9 en Tem\u00f3sachic, 11.0 en Arizpe.<\/p>\n<p>Se registraron lluvias de 97.5 mm en presa Cuauht\u00e9moc, 54.4 en Imuris, 39.7 en presa El Molinito, 36.8 en Nogales, 29.7 en Santa Rosa II, 29.4 en Altar, 20.0 en Pitiquito<\/p>\n<p><strong>Sistema de presas<\/strong>El sistema de presas de Sonora est\u00e1 a 54.0 por ciento de su capacidad total, con un volumen almacenado de 4 mil 260.23hect\u00f3metros c\u00fabicos (hm3) de agua. La presa L\u00e1zaro C\u00e1rdenas \u201cLa Angostura\u201d se encuentra al 105.2 por ciento con 739.70 hm3, vertiendo 47.1 m3\/2.<\/p>\n<p>Mientras la presa Plutarco El\u00edas Calles \u201cel Novillo\u201d almacena 1346.76 hm3, que representa el 47.5 % de su capacidad normal; la \u00c1lvaro Obreg\u00f3n \u201cEl Ovi\u00e1chic\u201d tiene un almacenamiento de 56.0 %, de 1692.70 hm3, y la Adolfo Ruiz Cortines \u201cMoc\u00fazari\u201d registra un almacenamiento de 364.62hm3, que representa el 38.4 por ciento de su capacidad normal.<\/p>\n<p>Fecha de publicaci\u00f3n 25\/09\/2019<\/p>\n<p>&nbsp;<\/p>\n","protected":false},"excerpt":{"rendered":"<p>&nbsp; HERMOSILLO,SONORA,MX.\u2500 Para ma\u00f1ana jueves, continuar\u00e1 la afluencia de humedad por lo que a\u00fan se&#8230;<\/p>\n","protected":false},"author":1,"featured_media":67782,"comment_status":"open","ping_status":"open","sticky":false,"template":"","format":"standard","meta":{"_monsterinsights_skip_tracking":false,"_monsterinsights_sitenote_active":false,"_monsterinsights_sitenote_note":"","_monsterinsights_sitenote_category":0,"footnotes":""},"categories":[22],"tags":[168,15],"class_list":["post"],"yoast_head":" \n<title>Sonora en Equipo. Se prev\u00e9n lluvias ligeras para el norte de Sonora y fr\u00edo para la zona serrana Sonora<\/title>\n<meta name=\"description\" content=\"&nbsp; HERMOSILLO,SONORA,MX.\u2500 Para ma\u00f1ana jueves, continuar\u00e1 la afluencia de humedad por lo que a\u00fan se espera lluvias ligeras y puntuales en el noroeste, En Sonora en Equipo publicamos toda la informaci\u00f3n de Sonora, M\u00e9xico y el Mundo de manera oportuna y busca que la libertad de expresi\u00f3n sea real. Visita nuestro medio informativo publicado desde Hermosillo, Sonora. %\" \/>\n<meta name=\"robots\" content=\"index, follow, max-snippet:-1, max-image-preview:large, max-video-preview:-1\" \/>\n<link rel=\"canonical\" href=\"https:\/\/www.sonoraenequipo.com.mx\/se-preven-lluvias-ligeras-para-el-norte-de-sonora-y-frio-para-la-zona-serrana\/\" \/>\n<meta property=\"og:locale\" content=\"es_ES\" \/>\n<meta property=\"og:type\" content=\"article\" \/>\n<meta property=\"og:title\" content=\"Sonora en Equipo. Se prev\u00e9n lluvias ligeras para el norte de Sonora y fr\u00edo para la zona serrana Sonora\" \/>\n<meta property=\"og:description\" content=\"&nbsp; HERMOSILLO,SONORA,MX.\u2500 Para ma\u00f1ana jueves, continuar\u00e1 la afluencia de humedad por lo que a\u00fan se espera lluvias ligeras y puntuales en el noroeste, En Sonora en Equipo publicamos toda la informaci\u00f3n de Sonora, M\u00e9xico y el Mundo de manera oportuna y busca que la libertad de expresi\u00f3n sea real. Visita nuestro medio informativo publicado desde Hermosillo, Sonora. %\" \/>\n<meta property=\"og:url\" content=\"https:\/\/www.sonoraenequipo.com.mx\/se-preven-lluvias-ligeras-para-el-norte-de-sonora-y-frio-para-la-zona-serrana\/\" \/>\n<meta property=\"og:site_name\" content=\"Sonora en Equipo.\" \/>\n<meta property=\"article:publisher\" content=\"https:\/\/www.facebook.com\/SonoraEE\/\" \/>\n<meta property=\"article:author\" content=\"https:\/\/www.facebook.com\/SonoraEE\" \/>\n<meta property=\"article:published_time\" content=\"2019-09-25T20:19:57+00:00\" \/>\n<meta property=\"og:image\" content=\"https:\/\/www.sonoraenequipo.com.mx\/storage\/2019\/09\/CLIMA25B.jpg\" \/>\n\t<meta property=\"og:image:width\" content=\"600\" \/>\n\t<meta property=\"og:image:height\" content=\"364\" \/>\n\t<meta property=\"og:image:type\" content=\"image\/jpeg\" \/>\n<meta name=\"author\" content=\"enequipo\" \/>\n<meta name=\"twitter:card\" content=\"summary_large_image\" \/>\n<meta name=\"twitter:creator\" content=\"@sonoraenequipo\" \/>\n<meta name=\"twitter:site\" content=\"@sonoraenequipo\" \/>\n<meta name=\"twitter:label1\" content=\"Escrito por\" \/>\n\t<meta name=\"twitter:data1\" content=\"enequipo\" \/>\n\t<meta name=\"twitter:label2\" content=\"Tiempo de lectura\" \/>\n\t<meta name=\"twitter:data2\" content=\"3 minutos\" \/>\n<script type=\"application\/ld+json\" class=\"yoast-schema-graph\">{\"@context\":\"https:\/\/schema.org\",\"@graph\":[{\"@type\":\"Article\",\"@id\":\"https:\/\/www.sonoraenequipo.com.mx\/se-preven-lluvias-ligeras-para-el-norte-de-sonora-y-frio-para-la-zona-serrana\/#article\",\"isPartOf\":{\"@id\":\"https:\/\/www.sonoraenequipo.com.mx\/se-preven-lluvias-ligeras-para-el-norte-de-sonora-y-frio-para-la-zona-serrana\/\"},\"author\":{\"name\":\"enequipo\",\"@id\":\"https:\/\/www.sonoraenequipo.com.mx\/#\/schema\/person\/50102df0fb23a8fa9e8effad8fa81386\"},\"headline\":\"Se prev\u00e9n lluvias ligeras para el norte de Sonora y fr\u00edo para la zona serrana\",\"datePublished\":\"2019-09-25T20:19:57+00:00\",\"mainEntityOfPage\":{\"@id\":\"https:\/\/www.sonoraenequipo.com.mx\/se-preven-lluvias-ligeras-para-el-norte-de-sonora-y-frio-para-la-zona-serrana\/\"},\"wordCount\":546,\"commentCount\":0,\"publisher\":{\"@id\":\"https:\/\/www.sonoraenequipo.com.mx\/#organization\"},\"image\":{\"@id\":\"https:\/\/www.sonoraenequipo.com.mx\/se-preven-lluvias-ligeras-para-el-norte-de-sonora-y-frio-para-la-zona-serrana\/#primaryimage\"},\"thumbnailUrl\":\"https:\/\/www.sonoraenequipo.com.mx\/storage\/2019\/09\/CLIMA25B.jpg\",\"keywords\":[\"Lluvias\",\"Sonora\"],\"articleSection\":[\"Sonora\"],\"inLanguage\":\"es\",\"potentialAction\":[{\"@type\":\"CommentAction\",\"name\":\"Comment\",\"target\":[\"https:\/\/www.sonoraenequipo.com.mx\/se-preven-lluvias-ligeras-para-el-norte-de-sonora-y-frio-para-la-zona-serrana\/#respond\"]}]},{\"@type\":\"WebPage\",\"@id\":\"https:\/\/www.sonoraenequipo.com.mx\/se-preven-lluvias-ligeras-para-el-norte-de-sonora-y-frio-para-la-zona-serrana\/\",\"url\":\"https:\/\/www.sonoraenequipo.com.mx\/se-preven-lluvias-ligeras-para-el-norte-de-sonora-y-frio-para-la-zona-serrana\/\",\"name\":\"Sonora en Equipo. Se prev\u00e9n lluvias ligeras para el norte de Sonora y fr\u00edo para la zona serrana Sonora\",\"isPartOf\":{\"@id\":\"https:\/\/www.sonoraenequipo.com.mx\/#website\"},\"primaryImageOfPage\":{\"@id\":\"https:\/\/www.sonoraenequipo.com.mx\/se-preven-lluvias-ligeras-para-el-norte-de-sonora-y-frio-para-la-zona-serrana\/#primaryimage\"},\"image\":{\"@id\":\"https:\/\/www.sonoraenequipo.com.mx\/se-preven-lluvias-ligeras-para-el-norte-de-sonora-y-frio-para-la-zona-serrana\/#primaryimage\"},\"thumbnailUrl\":\"https:\/\/www.sonoraenequipo.com.mx\/storage\/2019\/09\/CLIMA25B.jpg\",\"datePublished\":\"2019-09-25T20:19:57+00:00\",\"description\":\"&nbsp; HERMOSILLO,SONORA,MX.\u2500 Para ma\u00f1ana jueves, continuar\u00e1 la afluencia de humedad por lo que a\u00fan se espera lluvias ligeras y puntuales en el noroeste, En Sonora en Equipo publicamos toda la informaci\u00f3n de Sonora, M\u00e9xico y el Mundo de manera oportuna y busca que la libertad de expresi\u00f3n sea real. Visita nuestro medio informativo publicado desde Hermosillo, Sonora. %\",\"breadcrumb\":{\"@id\":\"https:\/\/www.sonoraenequipo.com.mx\/se-preven-lluvias-ligeras-para-el-norte-de-sonora-y-frio-para-la-zona-serrana\/#breadcrumb\"},\"inLanguage\":\"es\",\"potentialAction\":[{\"@type\":\"ReadAction\",\"target\":[\"https:\/\/www.sonoraenequipo.com.mx\/se-preven-lluvias-ligeras-para-el-norte-de-sonora-y-frio-para-la-zona-serrana\/\"]}]},{\"@type\":\"ImageObject\",\"inLanguage\":\"es\",\"@id\":\"https:\/\/www.sonoraenequipo.com.mx\/se-preven-lluvias-ligeras-para-el-norte-de-sonora-y-frio-para-la-zona-serrana\/#primaryimage\",\"url\":\"https:\/\/www.sonoraenequipo.com.mx\/storage\/2019\/09\/CLIMA25B.jpg\",\"contentUrl\":\"https:\/\/www.sonoraenequipo.com.mx\/storage\/2019\/09\/CLIMA25B.jpg\",\"width\":600,\"height\":364},{\"@type\":\"BreadcrumbList\",\"@id\":\"https:\/\/www.sonoraenequipo.com.mx\/se-preven-lluvias-ligeras-para-el-norte-de-sonora-y-frio-para-la-zona-serrana\/#breadcrumb\",\"itemListElement\":[{\"@type\":\"ListItem\",\"position\":1,\"name\":\"Portada\",\"item\":\"https:\/\/www.sonoraenequipo.com.mx\/\"},{\"@type\":\"ListItem\",\"position\":2,\"name\":\"Se prev\u00e9n lluvias ligeras para el norte de Sonora y fr\u00edo para la zona serrana\"}]},{\"@type\":\"WebSite\",\"@id\":\"https:\/\/www.sonoraenequipo.com.mx\/#website\",\"url\":\"https:\/\/www.sonoraenequipo.com.mx\/\",\"name\":\"Sonora en Equipo.\",\"description\":\"Diario en l\u00ednea con Noticias desde Hermosillo, Sonora\",\"publisher\":{\"@id\":\"https:\/\/www.sonoraenequipo.com.mx\/#organization\"},\"potentialAction\":[{\"@type\":\"SearchAction\",\"target\":{\"@type\":\"EntryPoint\",\"urlTemplate\":\"https:\/\/www.sonoraenequipo.com.mx\/?s={search_term_string}\"},\"query-input\":{\"@type\":\"PropertyValueSpecification\",\"valueRequired\":true,\"valueName\":\"search_term_string\"}}],\"inLanguage\":\"es\"},{\"@type\":\"Organization\",\"@id\":\"https:\/\/www.sonoraenequipo.com.mx\/#organization\",\"name\":\"Sonoraenequipo.com.mx\",\"url\":\"https:\/\/www.sonoraenequipo.com.mx\/\",\"logo\":{\"@type\":\"ImageObject\",\"inLanguage\":\"es\",\"@id\":\"https:\/\/www.sonoraenequipo.com.mx\/#\/schema\/logo\/image\/\",\"url\":\"https:\/\/www.sonoraenequipo.com.mx\/storage\/2019\/01\/sonoraenequipo_opt.png\",\"contentUrl\":\"https:\/\/www.sonoraenequipo.com.mx\/storage\/2019\/01\/sonoraenequipo_opt.png\",\"width\":375,\"height\":125,\"caption\":\"Sonoraenequipo.com.mx\"},\"image\":{\"@id\":\"https:\/\/www.sonoraenequipo.com.mx\/#\/schema\/logo\/image\/\"},\"sameAs\":[\"https:\/\/www.facebook.com\/SonoraEE\/\",\"https:\/\/x.com\/sonoraenequipo\",\"https:\/\/www.youtube.com\/channel\/UC338nW-lPEYmJQs4ZABQ1SQ\"]},{\"@type\":\"Person\",\"@id\":\"https:\/\/www.sonoraenequipo.com.mx\/#\/schema\/person\/50102df0fb23a8fa9e8effad8fa81386\",\"name\":\"enequipo\",\"image\":{\"@type\":\"ImageObject\",\"inLanguage\":\"es\",\"@id\":\"https:\/\/www.sonoraenequipo.com.mx\/#\/schema\/person\/image\/\",\"url\":\"https:\/\/secure.gravatar.com\/avatar\/049821681b589dabc0bc20695993ccebb09f5b5d4d790cd9251b97faac7c652b?s=96&d=blank&r=g\",\"contentUrl\":\"https:\/\/secure.gravatar.com\/avatar\/049821681b589dabc0bc20695993ccebb09f5b5d4d790cd9251b97faac7c652b?s=96&d=blank&r=g\",\"caption\":\"enequipo\"},\"sameAs\":[\"https:\/\/www.facebook.com\/SonoraEE\"]}]}<\/script>\n ","yoast_head_json":{"title":"Sonora en Equipo. Se prev\u00e9n lluvias ligeras para el norte de Sonora y fr\u00edo para la zona serrana Sonora","description":"&nbsp; HERMOSILLO,SONORA,MX.\u2500 Para ma\u00f1ana jueves, continuar\u00e1 la afluencia de humedad por lo que a\u00fan se espera lluvias ligeras y puntuales en el noroeste, En Sonora en Equipo publicamos toda la informaci\u00f3n de Sonora, M\u00e9xico y el Mundo de manera oportuna y busca que la libertad de expresi\u00f3n sea real. Visita nuestro medio informativo publicado desde Hermosillo, Sonora. %","robots":{"index":"index","follow":"follow","max-snippet":"max-snippet:-1","max-image-preview":"max-image-preview:large","max-video-preview":"max-video-preview:-1"},"canonical":"https:\/\/www.sonoraenequipo.com.mx\/se-preven-lluvias-ligeras-para-el-norte-de-sonora-y-frio-para-la-zona-serrana\/","og_locale":"es_ES","og_type":"article","og_title":"Sonora en Equipo. Se prev\u00e9n lluvias ligeras para el norte de Sonora y fr\u00edo para la zona serrana Sonora","og_description":"&nbsp; HERMOSILLO,SONORA,MX.\u2500 Para ma\u00f1ana jueves, continuar\u00e1 la afluencia de humedad por lo que a\u00fan se espera lluvias ligeras y puntuales en el noroeste, En Sonora en Equipo publicamos toda la informaci\u00f3n de Sonora, M\u00e9xico y el Mundo de manera oportuna y busca que la libertad de expresi\u00f3n sea real. Visita nuestro medio informativo publicado desde Hermosillo, Sonora. %","og_url":"https:\/\/www.sonoraenequipo.com.mx\/se-preven-lluvias-ligeras-para-el-norte-de-sonora-y-frio-para-la-zona-serrana\/","og_site_name":"Sonora en Equipo.","article_publisher":"https:\/\/www.facebook.com\/SonoraEE\/","article_author":"https:\/\/www.facebook.com\/SonoraEE","article_published_time":"2019-09-25T20:19:57+00:00","og_image":[{"width":600,"height":364,"url":"https:\/\/www.sonoraenequipo.com.mx\/storage\/2019\/09\/CLIMA25B.jpg","type":"image\/jpeg"}],"author":"enequipo","twitter_card":"summary_large_image","twitter_creator":"@sonoraenequipo","twitter_site":"@sonoraenequipo","twitter_misc":{"Escrito por":"enequipo","Tiempo de lectura":"3 minutos"},"schema":{"@context":"https:\/\/schema.org","@graph":[{"@type":"Article","@id":"https:\/\/www.sonoraenequipo.com.mx\/se-preven-lluvias-ligeras-para-el-norte-de-sonora-y-frio-para-la-zona-serrana\/#article","isPartOf":{"@id":"https:\/\/www.sonoraenequipo.com.mx\/se-preven-lluvias-ligeras-para-el-norte-de-sonora-y-frio-para-la-zona-serrana\/"},"author":{"name":"enequipo","@id":"https:\/\/www.sonoraenequipo.com.mx\/#\/schema\/person\/50102df0fb23a8fa9e8effad8fa81386"},"headline":"Se prev\u00e9n lluvias ligeras para el norte de Sonora y fr\u00edo para la zona serrana","datePublished":"2019-09-25T20:19:57+00:00","mainEntityOfPage":{"@id":"https:\/\/www.sonoraenequipo.com.mx\/se-preven-lluvias-ligeras-para-el-norte-de-sonora-y-frio-para-la-zona-serrana\/"},"wordCount":546,"commentCount":0,"publisher":{"@id":"https:\/\/www.sonoraenequipo.com.mx\/#organization"},"image":{"@id":"https:\/\/www.sonoraenequipo.com.mx\/se-preven-lluvias-ligeras-para-el-norte-de-sonora-y-frio-para-la-zona-serrana\/#primaryimage"},"thumbnailUrl":"https:\/\/www.sonoraenequipo.com.mx\/storage\/2019\/09\/CLIMA25B.jpg","keywords":["Lluvias","Sonora"],"articleSection":["Sonora"],"inLanguage":"es","potentialAction":[{"@type":"CommentAction","name":"Comment","target":["https:\/\/www.sonoraenequipo.com.mx\/se-preven-lluvias-ligeras-para-el-norte-de-sonora-y-frio-para-la-zona-serrana\/#respond"]}]},{"@type":"WebPage","@id":"https:\/\/www.sonoraenequipo.com.mx\/se-preven-lluvias-ligeras-para-el-norte-de-sonora-y-frio-para-la-zona-serrana\/","url":"https:\/\/www.sonoraenequipo.com.mx\/se-preven-lluvias-ligeras-para-el-norte-de-sonora-y-frio-para-la-zona-serrana\/","name":"Sonora en Equipo. Se prev\u00e9n lluvias ligeras para el norte de Sonora y fr\u00edo para la zona serrana Sonora","isPartOf":{"@id":"https:\/\/www.sonoraenequipo.com.mx\/#website"},"primaryImageOfPage":{"@id":"https:\/\/www.sonoraenequipo.com.mx\/se-preven-lluvias-ligeras-para-el-norte-de-sonora-y-frio-para-la-zona-serrana\/#primaryimage"},"image":{"@id":"https:\/\/www.sonoraenequipo.com.mx\/se-preven-lluvias-ligeras-para-el-norte-de-sonora-y-frio-para-la-zona-serrana\/#primaryimage"},"thumbnailUrl":"https:\/\/www.sonoraenequipo.com.mx\/storage\/2019\/09\/CLIMA25B.jpg","datePublished":"2019-09-25T20:19:57+00:00","description":"&nbsp; HERMOSILLO,SONORA,MX.\u2500 Para ma\u00f1ana jueves, continuar\u00e1 la afluencia de humedad por lo que a\u00fan se espera lluvias ligeras y puntuales en el noroeste, En Sonora en Equipo publicamos toda la informaci\u00f3n de Sonora, M\u00e9xico y el Mundo de manera oportuna y busca que la libertad de expresi\u00f3n sea real. Visita nuestro medio informativo publicado desde Hermosillo, Sonora. %","breadcrumb":{"@id":"https:\/\/www.sonoraenequipo.com.mx\/se-preven-lluvias-ligeras-para-el-norte-de-sonora-y-frio-para-la-zona-serrana\/#breadcrumb"},"inLanguage":"es","potentialAction":[{"@type":"ReadAction","target":["https:\/\/www.sonoraenequipo.com.mx\/se-preven-lluvias-ligeras-para-el-norte-de-sonora-y-frio-para-la-zona-serrana\/"]}]},{"@type":"ImageObject","inLanguage":"es","@id":"https:\/\/www.sonoraenequipo.com.mx\/se-preven-lluvias-ligeras-para-el-norte-de-sonora-y-frio-para-la-zona-serrana\/#primaryimage","url":"https:\/\/www.sonoraenequipo.com.mx\/storage\/2019\/09\/CLIMA25B.jpg","contentUrl":"https:\/\/www.sonoraenequipo.com.mx\/storage\/2019\/09\/CLIMA25B.jpg","width":600,"height":364},{"@type":"BreadcrumbList","@id":"https:\/\/www.sonoraenequipo.com.mx\/se-preven-lluvias-ligeras-para-el-norte-de-sonora-y-frio-para-la-zona-serrana\/#breadcrumb","itemListElement":[{"@type":"ListItem","position":1,"name":"Portada","item":"https:\/\/www.sonoraenequipo.com.mx\/"},{"@type":"ListItem","position":2,"name":"Se prev\u00e9n lluvias ligeras para el norte de Sonora y fr\u00edo para la zona serrana"}]},{"@type":"WebSite","@id":"https:\/\/www.sonoraenequipo.com.mx\/#website","url":"https:\/\/www.sonoraenequipo.com.mx\/","name":"Sonora en Equipo.","description":"Diario en l\u00ednea con Noticias desde Hermosillo, Sonora","publisher":{"@id":"https:\/\/www.sonoraenequipo.com.mx\/#organization"},"potentialAction":[{"@type":"SearchAction","target":{"@type":"EntryPoint","urlTemplate":"https:\/\/www.sonoraenequipo.com.mx\/?s={search_term_string}"},"query-input":{"@type":"PropertyValueSpecification","valueRequired":true,"valueName":"search_term_string"}}],"inLanguage":"es"},{"@type":"Organization","@id":"https:\/\/www.sonoraenequipo.com.mx\/#organization","name":"Sonoraenequipo.com.mx","url":"https:\/\/www.sonoraenequipo.com.mx\/","logo":{"@type":"ImageObject","inLanguage":"es","@id":"https:\/\/www.sonoraenequipo.com.mx\/#\/schema\/logo\/image\/","url":"https:\/\/www.sonoraenequipo.com.mx\/storage\/2019\/01\/sonoraenequipo_opt.png","contentUrl":"https:\/\/www.sonoraenequipo.com.mx\/storage\/2019\/01\/sonoraenequipo_opt.png","width":375,"height":125,"caption":"Sonoraenequipo.com.mx"},"image":{"@id":"https:\/\/www.sonoraenequipo.com.mx\/#\/schema\/logo\/image\/"},"sameAs":["https:\/\/www.facebook.com\/SonoraEE\/","https:\/\/x.com\/sonoraenequipo","https:\/\/www.youtube.com\/channel\/UC338nW-lPEYmJQs4ZABQ1SQ"]},{"@type":"Person","@id":"https:\/\/www.sonoraenequipo.com.mx\/#\/schema\/person\/50102df0fb23a8fa9e8effad8fa81386","name":"enequipo","image":{"@type":"ImageObject","inLanguage":"es","@id":"https:\/\/www.sonoraenequipo.com.mx\/#\/schema\/person\/image\/","url":"https:\/\/secure.gravatar.com\/avatar\/049821681b589dabc0bc20695993ccebb09f5b5d4d790cd9251b97faac7c652b?s=96&d=blank&r=g","contentUrl":"https:\/\/secure.gravatar.com\/avatar\/049821681b589dabc0bc20695993ccebb09f5b5d4d790cd9251b97faac7c652b?s=96&d=blank&r=g","caption":"enequipo"},"sameAs":["https:\/\/www.facebook.com\/SonoraEE"]}]}},"jetpack_featured_media_url":"https:\/\/www.sonoraenequipo.com.mx\/storage\/2019\/09\/CLIMA25B.jpg","_links":{"self":[{"href":"https:\/\/www.sonoraenequipo.com.mx\/api\/wp\/v2\/posts\/67779","targetHints":{"allow":["GET"]}}],"collection":[{"href":"https:\/\/www.sonoraenequipo.com.mx\/api\/wp\/v2\/posts"}],"about":[{"href":"https:\/\/www.sonoraenequipo.com.mx\/api\/wp\/v2\/types\/post"}],"author":[{"embeddable":true,"href":"https:\/\/www.sonoraenequipo.com.mx\/api\/wp\/v2\/users\/1"}],"replies":[{"embeddable":true,"href":"https:\/\/www.sonoraenequipo.com.mx\/api\/wp\/v2\/comments?post=67779"}],"version-history":[{"count":0,"href":"https:\/\/www.sonoraenequipo.com.mx\/api\/wp\/v2\/posts\/67779\/revisions"}],"wp:featuredmedia":[{"embeddable":true,"href":"https:\/\/www.sonoraenequipo.com.mx\/api\/wp\/v2\/media\/67782"}],"wp:attachment":[{"href":"https:\/\/www.sonoraenequipo.com.mx\/api\/wp\/v2\/media?parent=67779"}],"wp:term":[{"taxonomy":"category","embeddable":true,"href":"https:\/\/www.sonoraenequipo.com.mx\/api\/wp\/v2\/categories?post=67779"},{"taxonomy":"post_tag","embeddable":true,"href":"https:\/\/www.sonoraenequipo.com.mx\/api\/wp\/v2\/tags?post=67779"}],"curies":[{"name":"wp","href":"https:\/\/api.w.org\/{rel}","templated":true}]}}