{"id":67794,"date":"2019-09-25T19:11:45","date_gmt":"2019-09-26T02:11:45","guid":{"rendered":"https:\/\/www.sonoraenequipo.com.mx\/?p=67794"},"modified":"2019-09-25T19:12:57","modified_gmt":"2019-09-26T02:12:57","slug":"fortaleceran-diputados-priistas-trabajo-de-fiscalia","status":"publish","type":"post","link":"https:\/\/www.sonoraenequipo.com.mx\/fortaleceran-diputados-priistas-trabajo-de-fiscalia\/","title":{"rendered":"Fortalecer\u00e1n diputados priistas trabajo de fiscal\u00eda"},"content":{"rendered":"<p>HERMOSILLO, SONORA . MX. \u2014\u00a0 La aportaci\u00f3n de los diputados al trabajo de la Fiscal\u00eda General de Justicia del estado es crear, y mejorar leyes y presupuesto, apunt\u00f3 Luis Armando Alcal\u00e1 Alcaraz, en representaci\u00f3n de la bancada priista.<\/p>\n<p> <\/p>\n<p>En la comparecencia de la fiscal general, Claudia Indira Contreras, ante el Congreso del Estado, el legislador reconoci\u00f3 el trabajo que despu\u00e9s de 10 meses se ha hecho al frente de la instituci\u00f3n.<\/p>\n<p>Alcal\u00e1 Alcaraz reiter\u00f3 la disposici\u00f3n de los integrantes de la fracci\u00f3n priista para trabajar en conjunto de tal forma que se pongan sobre la mesa las reformas que faciliten el trabajo de la fiscal\u00eda y con ello se den los resultados que los ciudadanos reclaman.<\/p>\n<p><em>\u201cTenemos que buscar respetuosamente, c\u00f3mo ser objetivos, colaborar y poder construir desde la responsabilidad que actualmente tenemos como diputados\u201d,<\/em> expres\u00f3.<\/p>\n<p>El hecho que reconozca las \u00e1reas problem\u00e1ticas, tales como el aumento de delitos de alto impacto, dijo, es una muestra del profesionalismo y compromiso, y es responsabilidad de todos aportar a la soluci\u00f3n.<\/p>\n<p>El legislador dej\u00f3 claro su inter\u00e9s por conocer las necesidades de la fiscal\u00eda, tanto en legislaci\u00f3n como en presupuesto y trabajar a favor de ello.<\/p>\n<p>Hizo un llamado a los diputados de todas las bancadas a sumar esfuerzos y a reconocer las responsabilidades como funcionarios p\u00fablicos y como ciudadanos, de tal forma que las autoridades en materia de seguridad tengan las herramientas necesarias para mejorar las condiciones de los sonorenses.<\/p>\n<p>(PUBLICADO EL 25\/09\/2019<\/p>\n","protected":false},"excerpt":{"rendered":"<p>HERMOSILLO, SONORA . MX. \u2014\u00a0 La aportaci\u00f3n de los diputados al trabajo de la Fiscal\u00eda&#8230;<\/p>\n","protected":false},"author":1,"featured_media":67804,"comment_status":"open","ping_status":"open","sticky":false,"template":"","format":"standard","meta":{"_monsterinsights_skip_tracking":false,"_monsterinsights_sitenote_active":false,"_monsterinsights_sitenote_note":"","_monsterinsights_sitenote_category":0,"footnotes":""},"categories":[3281],"tags":[],"class_list":["post"],"yoast_head":" \n<title>Sonora en Equipo. Fortalecer\u00e1n diputados priistas trabajo de fiscal\u00eda Congreso<\/title>\n<meta name=\"description\" content=\"HERMOSILLO, SONORA . MX. \u2014\u00a0 La aportaci\u00f3n de los diputados al trabajo de la Fiscal\u00eda General de Justicia del estado es crear, y mejorar leyes y En Sonora en Equipo publicamos toda la informaci\u00f3n de Sonora, M\u00e9xico y el Mundo de manera oportuna y busca que la libertad de expresi\u00f3n sea real. Visita nuestro medio informativo publicado desde Hermosillo, Sonora. %\" \/>\n<meta name=\"robots\" content=\"index, follow, max-snippet:-1, max-image-preview:large, max-video-preview:-1\" \/>\n<link rel=\"canonical\" href=\"https:\/\/www.sonoraenequipo.com.mx\/fortaleceran-diputados-priistas-trabajo-de-fiscalia\/\" \/>\n<meta property=\"og:locale\" content=\"es_ES\" \/>\n<meta property=\"og:type\" content=\"article\" \/>\n<meta property=\"og:title\" content=\"Sonora en Equipo. Fortalecer\u00e1n diputados priistas trabajo de fiscal\u00eda Congreso\" \/>\n<meta property=\"og:description\" content=\"HERMOSILLO, SONORA . MX. \u2014\u00a0 La aportaci\u00f3n de los diputados al trabajo de la Fiscal\u00eda General de Justicia del estado es crear, y mejorar leyes y En Sonora en Equipo publicamos toda la informaci\u00f3n de Sonora, M\u00e9xico y el Mundo de manera oportuna y busca que la libertad de expresi\u00f3n sea real. Visita nuestro medio informativo publicado desde Hermosillo, Sonora. %\" \/>\n<meta property=\"og:url\" content=\"https:\/\/www.sonoraenequipo.com.mx\/fortaleceran-diputados-priistas-trabajo-de-fiscalia\/\" \/>\n<meta property=\"og:site_name\" content=\"Sonora en Equipo.\" \/>\n<meta property=\"article:publisher\" content=\"https:\/\/www.facebook.com\/SonoraEE\/\" \/>\n<meta property=\"article:author\" content=\"https:\/\/www.facebook.com\/SonoraEE\" \/>\n<meta property=\"article:published_time\" content=\"2019-09-26T02:11:45+00:00\" \/>\n<meta property=\"article:modified_time\" content=\"2019-09-26T02:12:57+00:00\" \/>\n<meta property=\"og:image\" content=\"https:\/\/www.sonoraenequipo.com.mx\/storage\/2019\/09\/fiscaliaprensa_opt.jpg\" \/>\n\t<meta property=\"og:image:width\" content=\"599\" \/>\n\t<meta property=\"og:image:height\" content=\"400\" \/>\n\t<meta property=\"og:image:type\" content=\"image\/jpeg\" \/>\n<meta name=\"author\" content=\"enequipo\" \/>\n<meta name=\"twitter:card\" content=\"summary_large_image\" \/>\n<meta name=\"twitter:creator\" content=\"@sonoraenequipo\" \/>\n<meta name=\"twitter:site\" content=\"@sonoraenequipo\" \/>\n<meta name=\"twitter:label1\" content=\"Escrito por\" \/>\n\t<meta name=\"twitter:data1\" content=\"enequipo\" \/>\n\t<meta name=\"twitter:label2\" content=\"Tiempo de lectura\" \/>\n\t<meta name=\"twitter:data2\" content=\"1 minuto\" \/>\n<script type=\"application\/ld+json\" class=\"yoast-schema-graph\">{\"@context\":\"https:\/\/schema.org\",\"@graph\":[{\"@type\":\"Article\",\"@id\":\"https:\/\/www.sonoraenequipo.com.mx\/fortaleceran-diputados-priistas-trabajo-de-fiscalia\/#article\",\"isPartOf\":{\"@id\":\"https:\/\/www.sonoraenequipo.com.mx\/fortaleceran-diputados-priistas-trabajo-de-fiscalia\/\"},\"author\":{\"name\":\"enequipo\",\"@id\":\"https:\/\/www.sonoraenequipo.com.mx\/#\/schema\/person\/50102df0fb23a8fa9e8effad8fa81386\"},\"headline\":\"Fortalecer\u00e1n diputados priistas trabajo de fiscal\u00eda\",\"datePublished\":\"2019-09-26T02:11:45+00:00\",\"dateModified\":\"2019-09-26T02:12:57+00:00\",\"mainEntityOfPage\":{\"@id\":\"https:\/\/www.sonoraenequipo.com.mx\/fortaleceran-diputados-priistas-trabajo-de-fiscalia\/\"},\"wordCount\":261,\"commentCount\":0,\"publisher\":{\"@id\":\"https:\/\/www.sonoraenequipo.com.mx\/#organization\"},\"image\":{\"@id\":\"https:\/\/www.sonoraenequipo.com.mx\/fortaleceran-diputados-priistas-trabajo-de-fiscalia\/#primaryimage\"},\"thumbnailUrl\":\"https:\/\/www.sonoraenequipo.com.mx\/storage\/2019\/09\/fiscaliaprensa_opt.jpg\",\"articleSection\":[\"Congreso\"],\"inLanguage\":\"es\",\"potentialAction\":[{\"@type\":\"CommentAction\",\"name\":\"Comment\",\"target\":[\"https:\/\/www.sonoraenequipo.com.mx\/fortaleceran-diputados-priistas-trabajo-de-fiscalia\/#respond\"]}]},{\"@type\":\"WebPage\",\"@id\":\"https:\/\/www.sonoraenequipo.com.mx\/fortaleceran-diputados-priistas-trabajo-de-fiscalia\/\",\"url\":\"https:\/\/www.sonoraenequipo.com.mx\/fortaleceran-diputados-priistas-trabajo-de-fiscalia\/\",\"name\":\"Sonora en Equipo. Fortalecer\u00e1n diputados priistas trabajo de fiscal\u00eda Congreso\",\"isPartOf\":{\"@id\":\"https:\/\/www.sonoraenequipo.com.mx\/#website\"},\"primaryImageOfPage\":{\"@id\":\"https:\/\/www.sonoraenequipo.com.mx\/fortaleceran-diputados-priistas-trabajo-de-fiscalia\/#primaryimage\"},\"image\":{\"@id\":\"https:\/\/www.sonoraenequipo.com.mx\/fortaleceran-diputados-priistas-trabajo-de-fiscalia\/#primaryimage\"},\"thumbnailUrl\":\"https:\/\/www.sonoraenequipo.com.mx\/storage\/2019\/09\/fiscaliaprensa_opt.jpg\",\"datePublished\":\"2019-09-26T02:11:45+00:00\",\"dateModified\":\"2019-09-26T02:12:57+00:00\",\"description\":\"HERMOSILLO, SONORA . MX. \u2014\u00a0 La aportaci\u00f3n de los diputados al trabajo de la Fiscal\u00eda General de Justicia del estado es crear, y mejorar leyes y En Sonora en Equipo publicamos toda la informaci\u00f3n de Sonora, M\u00e9xico y el Mundo de manera oportuna y busca que la libertad de expresi\u00f3n sea real. Visita nuestro medio informativo publicado desde Hermosillo, Sonora. %\",\"breadcrumb\":{\"@id\":\"https:\/\/www.sonoraenequipo.com.mx\/fortaleceran-diputados-priistas-trabajo-de-fiscalia\/#breadcrumb\"},\"inLanguage\":\"es\",\"potentialAction\":[{\"@type\":\"ReadAction\",\"target\":[\"https:\/\/www.sonoraenequipo.com.mx\/fortaleceran-diputados-priistas-trabajo-de-fiscalia\/\"]}]},{\"@type\":\"ImageObject\",\"inLanguage\":\"es\",\"@id\":\"https:\/\/www.sonoraenequipo.com.mx\/fortaleceran-diputados-priistas-trabajo-de-fiscalia\/#primaryimage\",\"url\":\"https:\/\/www.sonoraenequipo.com.mx\/storage\/2019\/09\/fiscaliaprensa_opt.jpg\",\"contentUrl\":\"https:\/\/www.sonoraenequipo.com.mx\/storage\/2019\/09\/fiscaliaprensa_opt.jpg\",\"width\":599,\"height\":400},{\"@type\":\"BreadcrumbList\",\"@id\":\"https:\/\/www.sonoraenequipo.com.mx\/fortaleceran-diputados-priistas-trabajo-de-fiscalia\/#breadcrumb\",\"itemListElement\":[{\"@type\":\"ListItem\",\"position\":1,\"name\":\"Portada\",\"item\":\"https:\/\/www.sonoraenequipo.com.mx\/\"},{\"@type\":\"ListItem\",\"position\":2,\"name\":\"Fortalecer\u00e1n diputados priistas trabajo de fiscal\u00eda\"}]},{\"@type\":\"WebSite\",\"@id\":\"https:\/\/www.sonoraenequipo.com.mx\/#website\",\"url\":\"https:\/\/www.sonoraenequipo.com.mx\/\",\"name\":\"Sonora en Equipo.\",\"description\":\"Diario en l\u00ednea con Noticias desde Hermosillo, Sonora\",\"publisher\":{\"@id\":\"https:\/\/www.sonoraenequipo.com.mx\/#organization\"},\"potentialAction\":[{\"@type\":\"SearchAction\",\"target\":{\"@type\":\"EntryPoint\",\"urlTemplate\":\"https:\/\/www.sonoraenequipo.com.mx\/?s={search_term_string}\"},\"query-input\":{\"@type\":\"PropertyValueSpecification\",\"valueRequired\":true,\"valueName\":\"search_term_string\"}}],\"inLanguage\":\"es\"},{\"@type\":\"Organization\",\"@id\":\"https:\/\/www.sonoraenequipo.com.mx\/#organization\",\"name\":\"Sonoraenequipo.com.mx\",\"url\":\"https:\/\/www.sonoraenequipo.com.mx\/\",\"logo\":{\"@type\":\"ImageObject\",\"inLanguage\":\"es\",\"@id\":\"https:\/\/www.sonoraenequipo.com.mx\/#\/schema\/logo\/image\/\",\"url\":\"https:\/\/www.sonoraenequipo.com.mx\/storage\/2019\/01\/sonoraenequipo_opt.png\",\"contentUrl\":\"https:\/\/www.sonoraenequipo.com.mx\/storage\/2019\/01\/sonoraenequipo_opt.png\",\"width\":375,\"height\":125,\"caption\":\"Sonoraenequipo.com.mx\"},\"image\":{\"@id\":\"https:\/\/www.sonoraenequipo.com.mx\/#\/schema\/logo\/image\/\"},\"sameAs\":[\"https:\/\/www.facebook.com\/SonoraEE\/\",\"https:\/\/x.com\/sonoraenequipo\",\"https:\/\/www.youtube.com\/channel\/UC338nW-lPEYmJQs4ZABQ1SQ\"]},{\"@type\":\"Person\",\"@id\":\"https:\/\/www.sonoraenequipo.com.mx\/#\/schema\/person\/50102df0fb23a8fa9e8effad8fa81386\",\"name\":\"enequipo\",\"image\":{\"@type\":\"ImageObject\",\"inLanguage\":\"es\",\"@id\":\"https:\/\/www.sonoraenequipo.com.mx\/#\/schema\/person\/image\/\",\"url\":\"https:\/\/secure.gravatar.com\/avatar\/049821681b589dabc0bc20695993ccebb09f5b5d4d790cd9251b97faac7c652b?s=96&d=blank&r=g\",\"contentUrl\":\"https:\/\/secure.gravatar.com\/avatar\/049821681b589dabc0bc20695993ccebb09f5b5d4d790cd9251b97faac7c652b?s=96&d=blank&r=g\",\"caption\":\"enequipo\"},\"sameAs\":[\"https:\/\/www.facebook.com\/SonoraEE\"]}]}<\/script>\n ","yoast_head_json":{"title":"Sonora en Equipo. Fortalecer\u00e1n diputados priistas trabajo de fiscal\u00eda Congreso","description":"HERMOSILLO, SONORA . MX. \u2014\u00a0 La aportaci\u00f3n de los diputados al trabajo de la Fiscal\u00eda General de Justicia del estado es crear, y mejorar leyes y En Sonora en Equipo publicamos toda la informaci\u00f3n de Sonora, M\u00e9xico y el Mundo de manera oportuna y busca que la libertad de expresi\u00f3n sea real. Visita nuestro medio informativo publicado desde Hermosillo, Sonora. %","robots":{"index":"index","follow":"follow","max-snippet":"max-snippet:-1","max-image-preview":"max-image-preview:large","max-video-preview":"max-video-preview:-1"},"canonical":"https:\/\/www.sonoraenequipo.com.mx\/fortaleceran-diputados-priistas-trabajo-de-fiscalia\/","og_locale":"es_ES","og_type":"article","og_title":"Sonora en Equipo. Fortalecer\u00e1n diputados priistas trabajo de fiscal\u00eda Congreso","og_description":"HERMOSILLO, SONORA . MX. \u2014\u00a0 La aportaci\u00f3n de los diputados al trabajo de la Fiscal\u00eda General de Justicia del estado es crear, y mejorar leyes y En Sonora en Equipo publicamos toda la informaci\u00f3n de Sonora, M\u00e9xico y el Mundo de manera oportuna y busca que la libertad de expresi\u00f3n sea real. Visita nuestro medio informativo publicado desde Hermosillo, Sonora. %","og_url":"https:\/\/www.sonoraenequipo.com.mx\/fortaleceran-diputados-priistas-trabajo-de-fiscalia\/","og_site_name":"Sonora en Equipo.","article_publisher":"https:\/\/www.facebook.com\/SonoraEE\/","article_author":"https:\/\/www.facebook.com\/SonoraEE","article_published_time":"2019-09-26T02:11:45+00:00","article_modified_time":"2019-09-26T02:12:57+00:00","og_image":[{"width":599,"height":400,"url":"https:\/\/www.sonoraenequipo.com.mx\/storage\/2019\/09\/fiscaliaprensa_opt.jpg","type":"image\/jpeg"}],"author":"enequipo","twitter_card":"summary_large_image","twitter_creator":"@sonoraenequipo","twitter_site":"@sonoraenequipo","twitter_misc":{"Escrito por":"enequipo","Tiempo de lectura":"1 minuto"},"schema":{"@context":"https:\/\/schema.org","@graph":[{"@type":"Article","@id":"https:\/\/www.sonoraenequipo.com.mx\/fortaleceran-diputados-priistas-trabajo-de-fiscalia\/#article","isPartOf":{"@id":"https:\/\/www.sonoraenequipo.com.mx\/fortaleceran-diputados-priistas-trabajo-de-fiscalia\/"},"author":{"name":"enequipo","@id":"https:\/\/www.sonoraenequipo.com.mx\/#\/schema\/person\/50102df0fb23a8fa9e8effad8fa81386"},"headline":"Fortalecer\u00e1n diputados priistas trabajo de fiscal\u00eda","datePublished":"2019-09-26T02:11:45+00:00","dateModified":"2019-09-26T02:12:57+00:00","mainEntityOfPage":{"@id":"https:\/\/www.sonoraenequipo.com.mx\/fortaleceran-diputados-priistas-trabajo-de-fiscalia\/"},"wordCount":261,"commentCount":0,"publisher":{"@id":"https:\/\/www.sonoraenequipo.com.mx\/#organization"},"image":{"@id":"https:\/\/www.sonoraenequipo.com.mx\/fortaleceran-diputados-priistas-trabajo-de-fiscalia\/#primaryimage"},"thumbnailUrl":"https:\/\/www.sonoraenequipo.com.mx\/storage\/2019\/09\/fiscaliaprensa_opt.jpg","articleSection":["Congreso"],"inLanguage":"es","potentialAction":[{"@type":"CommentAction","name":"Comment","target":["https:\/\/www.sonoraenequipo.com.mx\/fortaleceran-diputados-priistas-trabajo-de-fiscalia\/#respond"]}]},{"@type":"WebPage","@id":"https:\/\/www.sonoraenequipo.com.mx\/fortaleceran-diputados-priistas-trabajo-de-fiscalia\/","url":"https:\/\/www.sonoraenequipo.com.mx\/fortaleceran-diputados-priistas-trabajo-de-fiscalia\/","name":"Sonora en Equipo. Fortalecer\u00e1n diputados priistas trabajo de fiscal\u00eda Congreso","isPartOf":{"@id":"https:\/\/www.sonoraenequipo.com.mx\/#website"},"primaryImageOfPage":{"@id":"https:\/\/www.sonoraenequipo.com.mx\/fortaleceran-diputados-priistas-trabajo-de-fiscalia\/#primaryimage"},"image":{"@id":"https:\/\/www.sonoraenequipo.com.mx\/fortaleceran-diputados-priistas-trabajo-de-fiscalia\/#primaryimage"},"thumbnailUrl":"https:\/\/www.sonoraenequipo.com.mx\/storage\/2019\/09\/fiscaliaprensa_opt.jpg","datePublished":"2019-09-26T02:11:45+00:00","dateModified":"2019-09-26T02:12:57+00:00","description":"HERMOSILLO, SONORA . MX. \u2014\u00a0 La aportaci\u00f3n de los diputados al trabajo de la Fiscal\u00eda General de Justicia del estado es crear, y mejorar leyes y En Sonora en Equipo publicamos toda la informaci\u00f3n de Sonora, M\u00e9xico y el Mundo de manera oportuna y busca que la libertad de expresi\u00f3n sea real. Visita nuestro medio informativo publicado desde Hermosillo, Sonora. %","breadcrumb":{"@id":"https:\/\/www.sonoraenequipo.com.mx\/fortaleceran-diputados-priistas-trabajo-de-fiscalia\/#breadcrumb"},"inLanguage":"es","potentialAction":[{"@type":"ReadAction","target":["https:\/\/www.sonoraenequipo.com.mx\/fortaleceran-diputados-priistas-trabajo-de-fiscalia\/"]}]},{"@type":"ImageObject","inLanguage":"es","@id":"https:\/\/www.sonoraenequipo.com.mx\/fortaleceran-diputados-priistas-trabajo-de-fiscalia\/#primaryimage","url":"https:\/\/www.sonoraenequipo.com.mx\/storage\/2019\/09\/fiscaliaprensa_opt.jpg","contentUrl":"https:\/\/www.sonoraenequipo.com.mx\/storage\/2019\/09\/fiscaliaprensa_opt.jpg","width":599,"height":400},{"@type":"BreadcrumbList","@id":"https:\/\/www.sonoraenequipo.com.mx\/fortaleceran-diputados-priistas-trabajo-de-fiscalia\/#breadcrumb","itemListElement":[{"@type":"ListItem","position":1,"name":"Portada","item":"https:\/\/www.sonoraenequipo.com.mx\/"},{"@type":"ListItem","position":2,"name":"Fortalecer\u00e1n diputados priistas trabajo de fiscal\u00eda"}]},{"@type":"WebSite","@id":"https:\/\/www.sonoraenequipo.com.mx\/#website","url":"https:\/\/www.sonoraenequipo.com.mx\/","name":"Sonora en Equipo.","description":"Diario en l\u00ednea con Noticias desde Hermosillo, Sonora","publisher":{"@id":"https:\/\/www.sonoraenequipo.com.mx\/#organization"},"potentialAction":[{"@type":"SearchAction","target":{"@type":"EntryPoint","urlTemplate":"https:\/\/www.sonoraenequipo.com.mx\/?s={search_term_string}"},"query-input":{"@type":"PropertyValueSpecification","valueRequired":true,"valueName":"search_term_string"}}],"inLanguage":"es"},{"@type":"Organization","@id":"https:\/\/www.sonoraenequipo.com.mx\/#organization","name":"Sonoraenequipo.com.mx","url":"https:\/\/www.sonoraenequipo.com.mx\/","logo":{"@type":"ImageObject","inLanguage":"es","@id":"https:\/\/www.sonoraenequipo.com.mx\/#\/schema\/logo\/image\/","url":"https:\/\/www.sonoraenequipo.com.mx\/storage\/2019\/01\/sonoraenequipo_opt.png","contentUrl":"https:\/\/www.sonoraenequipo.com.mx\/storage\/2019\/01\/sonoraenequipo_opt.png","width":375,"height":125,"caption":"Sonoraenequipo.com.mx"},"image":{"@id":"https:\/\/www.sonoraenequipo.com.mx\/#\/schema\/logo\/image\/"},"sameAs":["https:\/\/www.facebook.com\/SonoraEE\/","https:\/\/x.com\/sonoraenequipo","https:\/\/www.youtube.com\/channel\/UC338nW-lPEYmJQs4ZABQ1SQ"]},{"@type":"Person","@id":"https:\/\/www.sonoraenequipo.com.mx\/#\/schema\/person\/50102df0fb23a8fa9e8effad8fa81386","name":"enequipo","image":{"@type":"ImageObject","inLanguage":"es","@id":"https:\/\/www.sonoraenequipo.com.mx\/#\/schema\/person\/image\/","url":"https:\/\/secure.gravatar.com\/avatar\/049821681b589dabc0bc20695993ccebb09f5b5d4d790cd9251b97faac7c652b?s=96&d=blank&r=g","contentUrl":"https:\/\/secure.gravatar.com\/avatar\/049821681b589dabc0bc20695993ccebb09f5b5d4d790cd9251b97faac7c652b?s=96&d=blank&r=g","caption":"enequipo"},"sameAs":["https:\/\/www.facebook.com\/SonoraEE"]}]}},"jetpack_featured_media_url":"https:\/\/www.sonoraenequipo.com.mx\/storage\/2019\/09\/fiscaliaprensa_opt.jpg","_links":{"self":[{"href":"https:\/\/www.sonoraenequipo.com.mx\/api\/wp\/v2\/posts\/67794","targetHints":{"allow":["GET"]}}],"collection":[{"href":"https:\/\/www.sonoraenequipo.com.mx\/api\/wp\/v2\/posts"}],"about":[{"href":"https:\/\/www.sonoraenequipo.com.mx\/api\/wp\/v2\/types\/post"}],"author":[{"embeddable":true,"href":"https:\/\/www.sonoraenequipo.com.mx\/api\/wp\/v2\/users\/1"}],"replies":[{"embeddable":true,"href":"https:\/\/www.sonoraenequipo.com.mx\/api\/wp\/v2\/comments?post=67794"}],"version-history":[{"count":0,"href":"https:\/\/www.sonoraenequipo.com.mx\/api\/wp\/v2\/posts\/67794\/revisions"}],"wp:featuredmedia":[{"embeddable":true,"href":"https:\/\/www.sonoraenequipo.com.mx\/api\/wp\/v2\/media\/67804"}],"wp:attachment":[{"href":"https:\/\/www.sonoraenequipo.com.mx\/api\/wp\/v2\/media?parent=67794"}],"wp:term":[{"taxonomy":"category","embeddable":true,"href":"https:\/\/www.sonoraenequipo.com.mx\/api\/wp\/v2\/categories?post=67794"},{"taxonomy":"post_tag","embeddable":true,"href":"https:\/\/www.sonoraenequipo.com.mx\/api\/wp\/v2\/tags?post=67794"}],"curies":[{"name":"wp","href":"https:\/\/api.w.org\/{rel}","templated":true}]}}