{"id":67810,"date":"2019-09-25T20:36:57","date_gmt":"2019-09-26T03:36:57","guid":{"rendered":"https:\/\/www.sonoraenequipo.com.mx\/?p=67810"},"modified":"2019-09-25T19:22:05","modified_gmt":"2019-09-26T02:22:05","slug":"congreso-de-oaxaca-aprueba-la-despenalizacion-del-aborto","status":"publish","type":"post","link":"https:\/\/www.sonoraenequipo.com.mx\/congreso-de-oaxaca-aprueba-la-despenalizacion-del-aborto\/","title":{"rendered":"Congreso de Oaxaca aprueba la despenalizaci\u00f3n del aborto"},"content":{"rendered":"<p>CIUDAD DE M\u00c9XICO. MX. \u2014 El Congreso de Oaxaca aprob\u00f3 despenalizar el aborto durante las primeras 12 semanas de gestaci\u00f3n.<\/p>\n<p>&nbsp;<\/p>\n<p> <\/p>\n<p>&nbsp;<\/p>\n<p>Con 24 votos a favor y 10 en contra, el Congreso de Oaxaca aprob\u00f3 este mi\u00e9rcoles la despenalizaci\u00f3n del aborto durante las primeras 12 semanas de gestaci\u00f3n, con lo que se convierte en la segunda entidad de M\u00e9xico, junto a la Ciudad de M\u00e9xico, en avalar una reforma de este tipo.<\/p>\n<p>&nbsp;<\/p>\n<p>Las bancadas que votaron en pro fueron las de Morena, Partido del Trabajo (PT) y legisladoras independientes, mientras en contra lo hicieron diputados de los partidos Revolucionario Institucional (PRI), Acci\u00f3n Nacional (PAN) y Encuentro Social.<\/p>\n<p>&nbsp;<\/p>\n<p>La coordinadora del grupo parlamentario de Morena en Oaxaca, Laura Estrada Mauro, expuso en redes sociales que la iniciativa busca privilegiar el respeto a la vida privada y las decisiones de las mujeres.<\/p>\n<p>&nbsp;<\/p>\n<p>Se\u00f1al\u00f3 que de no aprobarse la reforma, continuar\u00e1n los abortos ilegales que de acuerdo con cifras de la Secretar\u00eda de Salud de Oaxaca, al a\u00f1o se practican dos mil 300 abortos clandestinos en la entidad, sin embargo, se estima que por cada interrupci\u00f3n que se tiene conocimiento, hay tres de las que no se tiene registro, por lo que la cifra podr\u00eda de m\u00e1s de nueve mil abortos al a\u00f1o.<\/p>\n<p>&nbsp;<\/p>\n<p>Luego de conocerse el aval de la despenalizaci\u00f3n del aborto, integrantes de la asociaci\u00f3n civil J\u00f3venes Provida Mx aseguraron que no detendr\u00e1n su lucha por defender la vida desde la concepci\u00f3n, a pesar de que el Congreso oaxaque\u00f1o votara en pro de la reforma.<\/p>\n<p>&nbsp;<\/p>\n<p>Lamentaron que Oaxaca se convierta en la segunda entidad despu\u00e9s de la Ciudad de M\u00e9xico en despenalizar el aborto hasta las 12 semanas de gestaci\u00f3n.<\/p>\n<p>&nbsp;<\/p>\n<p>No vamos a detener la defensa de la vida, seguiremos atentos y vamos a dar la misma lucha en Hidalgo, para que no se apruebe el asesinato legal, indic\u00f3 la vocera de J\u00f3venes Provida Mx, Denisse Santos Cruz.<\/p>\n<p>&nbsp;<\/p>\n<p>Se\u00f1al\u00f3 que Oaxaca da un paso atr\u00e1s. \u201cPero a\u00fan falta la modificaci\u00f3n a la Constituci\u00f3n mexicana y estaremos pendientes de este proceso, porque la vida se defiende de por vida, as\u00ed que todos los que somos Provida en el pa\u00eds nos moveremos, dijo.<\/p>\n<p>&nbsp;<\/p>\n<p>Cuando la votaci\u00f3n de 24 a 10 se concretaba en el Congreso oaxaque\u00f1o, legisladores a favor y en contra se lanzaban acusaciones mutuas, por lo que el grito de \u201cAsesinos, asesinos, asesinos, fue de inmediato respondido con el de \u201cS\u00ed se pudo, s\u00ed se pudo, s\u00ed se pudo, que gritaban las mujeres de la Ola Verde, que festej\u00f3 la despenalizaci\u00f3n con un abrazo de triunfo entre ellas.<\/p>\n<p>&nbsp;<\/p>\n<p>Incluso en el interior del Congreso oaxaque\u00f1o aparecieron las pancartas en pro del aborto legal: \u201cLos derechos de las mujeres no se consultan, se garantizan, \u201cEl respeto al \u00fatero femenino es la paz, mientras a las afueras del recinto la Ola Verde exig\u00eda \u201cDespenalizaci\u00f3n del aborto \u00a1Ya! y \u201cPor nuestro derecho a decidir.<\/p>\n<p>&nbsp;<\/p>\n<p>Cabe destacar que 11 a\u00f1os y 26 d\u00edas despu\u00e9s en que las mujeres de la Ciudad de M\u00e9xico lograron a despenalizaci\u00f3n del aborto el 28 de agosto de 2008, las oaxaque\u00f1as logran la interrupci\u00f3n del embarazo legal en su estado.<\/p>\n<p>&nbsp;<\/p>\n<p>(PUBLICADO EL 25\/09\/2019 \/ Con informaci\u00f3n de Notimex)<\/p>\n","protected":false},"excerpt":{"rendered":"<p>CIUDAD DE M\u00c9XICO. MX. \u2014 El Congreso de Oaxaca aprob\u00f3 despenalizar el aborto durante las&#8230;<\/p>\n","protected":false},"author":1,"featured_media":67799,"comment_status":"open","ping_status":"open","sticky":false,"template":"","format":"standard","meta":{"_monsterinsights_skip_tracking":false,"_monsterinsights_sitenote_active":false,"_monsterinsights_sitenote_note":"","_monsterinsights_sitenote_category":0,"footnotes":""},"categories":[5],"tags":[],"class_list":["post"],"yoast_head":" \n<title>Sonora en Equipo. Congreso de Oaxaca aprueba la despenalizaci\u00f3n del aborto Rep\u00fablica<\/title>\n<meta name=\"description\" content=\"CIUDAD DE M\u00c9XICO. MX. \u2014 El Congreso de Oaxaca aprob\u00f3 despenalizar el aborto durante las primeras 12 semanas de gestaci\u00f3n. &nbsp; &nbsp; Con 24 votos a En Sonora en Equipo publicamos toda la informaci\u00f3n de Sonora, M\u00e9xico y el Mundo de manera oportuna y busca que la libertad de expresi\u00f3n sea real. Visita nuestro medio informativo publicado desde Hermosillo, Sonora. %\" \/>\n<meta name=\"robots\" content=\"index, follow, max-snippet:-1, max-image-preview:large, max-video-preview:-1\" \/>\n<link rel=\"canonical\" href=\"https:\/\/www.sonoraenequipo.com.mx\/congreso-de-oaxaca-aprueba-la-despenalizacion-del-aborto\/\" \/>\n<meta property=\"og:locale\" content=\"es_ES\" \/>\n<meta property=\"og:type\" content=\"article\" \/>\n<meta property=\"og:title\" content=\"Sonora en Equipo. Congreso de Oaxaca aprueba la despenalizaci\u00f3n del aborto Rep\u00fablica\" \/>\n<meta property=\"og:description\" content=\"CIUDAD DE M\u00c9XICO. MX. \u2014 El Congreso de Oaxaca aprob\u00f3 despenalizar el aborto durante las primeras 12 semanas de gestaci\u00f3n. &nbsp; &nbsp; Con 24 votos a En Sonora en Equipo publicamos toda la informaci\u00f3n de Sonora, M\u00e9xico y el Mundo de manera oportuna y busca que la libertad de expresi\u00f3n sea real. Visita nuestro medio informativo publicado desde Hermosillo, Sonora. %\" \/>\n<meta property=\"og:url\" content=\"https:\/\/www.sonoraenequipo.com.mx\/congreso-de-oaxaca-aprueba-la-despenalizacion-del-aborto\/\" \/>\n<meta property=\"og:site_name\" content=\"Sonora en Equipo.\" \/>\n<meta property=\"article:publisher\" content=\"https:\/\/www.facebook.com\/SonoraEE\/\" \/>\n<meta property=\"article:author\" content=\"https:\/\/www.facebook.com\/SonoraEE\" \/>\n<meta property=\"article:published_time\" content=\"2019-09-26T03:36:57+00:00\" \/>\n<meta property=\"og:image\" content=\"https:\/\/www.sonoraenequipo.com.mx\/storage\/2019\/09\/oaxaca-aborto-legal-2-1_opt.jpg\" \/>\n\t<meta property=\"og:image:width\" content=\"694\" \/>\n\t<meta property=\"og:image:height\" content=\"400\" \/>\n\t<meta property=\"og:image:type\" content=\"image\/jpeg\" \/>\n<meta name=\"author\" content=\"enequipo\" \/>\n<meta name=\"twitter:card\" content=\"summary_large_image\" \/>\n<meta name=\"twitter:creator\" content=\"@sonoraenequipo\" \/>\n<meta name=\"twitter:site\" content=\"@sonoraenequipo\" \/>\n<meta name=\"twitter:label1\" content=\"Escrito por\" \/>\n\t<meta name=\"twitter:data1\" content=\"enequipo\" \/>\n\t<meta name=\"twitter:label2\" content=\"Tiempo de lectura\" \/>\n\t<meta name=\"twitter:data2\" content=\"3 minutos\" \/>\n<script type=\"application\/ld+json\" class=\"yoast-schema-graph\">{\"@context\":\"https:\/\/schema.org\",\"@graph\":[{\"@type\":\"Article\",\"@id\":\"https:\/\/www.sonoraenequipo.com.mx\/congreso-de-oaxaca-aprueba-la-despenalizacion-del-aborto\/#article\",\"isPartOf\":{\"@id\":\"https:\/\/www.sonoraenequipo.com.mx\/congreso-de-oaxaca-aprueba-la-despenalizacion-del-aborto\/\"},\"author\":{\"name\":\"enequipo\",\"@id\":\"https:\/\/www.sonoraenequipo.com.mx\/#\/schema\/person\/50102df0fb23a8fa9e8effad8fa81386\"},\"headline\":\"Congreso de Oaxaca aprueba la despenalizaci\u00f3n del aborto\",\"datePublished\":\"2019-09-26T03:36:57+00:00\",\"mainEntityOfPage\":{\"@id\":\"https:\/\/www.sonoraenequipo.com.mx\/congreso-de-oaxaca-aprueba-la-despenalizacion-del-aborto\/\"},\"wordCount\":580,\"commentCount\":0,\"publisher\":{\"@id\":\"https:\/\/www.sonoraenequipo.com.mx\/#organization\"},\"image\":{\"@id\":\"https:\/\/www.sonoraenequipo.com.mx\/congreso-de-oaxaca-aprueba-la-despenalizacion-del-aborto\/#primaryimage\"},\"thumbnailUrl\":\"https:\/\/www.sonoraenequipo.com.mx\/storage\/2019\/09\/oaxaca-aborto-legal-2-1_opt.jpg\",\"articleSection\":[\"Rep\u00fablica\"],\"inLanguage\":\"es\",\"potentialAction\":[{\"@type\":\"CommentAction\",\"name\":\"Comment\",\"target\":[\"https:\/\/www.sonoraenequipo.com.mx\/congreso-de-oaxaca-aprueba-la-despenalizacion-del-aborto\/#respond\"]}]},{\"@type\":\"WebPage\",\"@id\":\"https:\/\/www.sonoraenequipo.com.mx\/congreso-de-oaxaca-aprueba-la-despenalizacion-del-aborto\/\",\"url\":\"https:\/\/www.sonoraenequipo.com.mx\/congreso-de-oaxaca-aprueba-la-despenalizacion-del-aborto\/\",\"name\":\"Sonora en Equipo. Congreso de Oaxaca aprueba la despenalizaci\u00f3n del aborto Rep\u00fablica\",\"isPartOf\":{\"@id\":\"https:\/\/www.sonoraenequipo.com.mx\/#website\"},\"primaryImageOfPage\":{\"@id\":\"https:\/\/www.sonoraenequipo.com.mx\/congreso-de-oaxaca-aprueba-la-despenalizacion-del-aborto\/#primaryimage\"},\"image\":{\"@id\":\"https:\/\/www.sonoraenequipo.com.mx\/congreso-de-oaxaca-aprueba-la-despenalizacion-del-aborto\/#primaryimage\"},\"thumbnailUrl\":\"https:\/\/www.sonoraenequipo.com.mx\/storage\/2019\/09\/oaxaca-aborto-legal-2-1_opt.jpg\",\"datePublished\":\"2019-09-26T03:36:57+00:00\",\"description\":\"CIUDAD DE M\u00c9XICO. MX. \u2014 El Congreso de Oaxaca aprob\u00f3 despenalizar el aborto durante las primeras 12 semanas de gestaci\u00f3n. &nbsp; &nbsp; Con 24 votos a En Sonora en Equipo publicamos toda la informaci\u00f3n de Sonora, M\u00e9xico y el Mundo de manera oportuna y busca que la libertad de expresi\u00f3n sea real. Visita nuestro medio informativo publicado desde Hermosillo, Sonora. %\",\"breadcrumb\":{\"@id\":\"https:\/\/www.sonoraenequipo.com.mx\/congreso-de-oaxaca-aprueba-la-despenalizacion-del-aborto\/#breadcrumb\"},\"inLanguage\":\"es\",\"potentialAction\":[{\"@type\":\"ReadAction\",\"target\":[\"https:\/\/www.sonoraenequipo.com.mx\/congreso-de-oaxaca-aprueba-la-despenalizacion-del-aborto\/\"]}]},{\"@type\":\"ImageObject\",\"inLanguage\":\"es\",\"@id\":\"https:\/\/www.sonoraenequipo.com.mx\/congreso-de-oaxaca-aprueba-la-despenalizacion-del-aborto\/#primaryimage\",\"url\":\"https:\/\/www.sonoraenequipo.com.mx\/storage\/2019\/09\/oaxaca-aborto-legal-2-1_opt.jpg\",\"contentUrl\":\"https:\/\/www.sonoraenequipo.com.mx\/storage\/2019\/09\/oaxaca-aborto-legal-2-1_opt.jpg\",\"width\":694,\"height\":400},{\"@type\":\"BreadcrumbList\",\"@id\":\"https:\/\/www.sonoraenequipo.com.mx\/congreso-de-oaxaca-aprueba-la-despenalizacion-del-aborto\/#breadcrumb\",\"itemListElement\":[{\"@type\":\"ListItem\",\"position\":1,\"name\":\"Portada\",\"item\":\"https:\/\/www.sonoraenequipo.com.mx\/\"},{\"@type\":\"ListItem\",\"position\":2,\"name\":\"Congreso de Oaxaca aprueba la despenalizaci\u00f3n del aborto\"}]},{\"@type\":\"WebSite\",\"@id\":\"https:\/\/www.sonoraenequipo.com.mx\/#website\",\"url\":\"https:\/\/www.sonoraenequipo.com.mx\/\",\"name\":\"Sonora en Equipo.\",\"description\":\"Diario en l\u00ednea con Noticias desde Hermosillo, Sonora\",\"publisher\":{\"@id\":\"https:\/\/www.sonoraenequipo.com.mx\/#organization\"},\"potentialAction\":[{\"@type\":\"SearchAction\",\"target\":{\"@type\":\"EntryPoint\",\"urlTemplate\":\"https:\/\/www.sonoraenequipo.com.mx\/?s={search_term_string}\"},\"query-input\":{\"@type\":\"PropertyValueSpecification\",\"valueRequired\":true,\"valueName\":\"search_term_string\"}}],\"inLanguage\":\"es\"},{\"@type\":\"Organization\",\"@id\":\"https:\/\/www.sonoraenequipo.com.mx\/#organization\",\"name\":\"Sonoraenequipo.com.mx\",\"url\":\"https:\/\/www.sonoraenequipo.com.mx\/\",\"logo\":{\"@type\":\"ImageObject\",\"inLanguage\":\"es\",\"@id\":\"https:\/\/www.sonoraenequipo.com.mx\/#\/schema\/logo\/image\/\",\"url\":\"https:\/\/www.sonoraenequipo.com.mx\/storage\/2019\/01\/sonoraenequipo_opt.png\",\"contentUrl\":\"https:\/\/www.sonoraenequipo.com.mx\/storage\/2019\/01\/sonoraenequipo_opt.png\",\"width\":375,\"height\":125,\"caption\":\"Sonoraenequipo.com.mx\"},\"image\":{\"@id\":\"https:\/\/www.sonoraenequipo.com.mx\/#\/schema\/logo\/image\/\"},\"sameAs\":[\"https:\/\/www.facebook.com\/SonoraEE\/\",\"https:\/\/x.com\/sonoraenequipo\",\"https:\/\/www.youtube.com\/channel\/UC338nW-lPEYmJQs4ZABQ1SQ\"]},{\"@type\":\"Person\",\"@id\":\"https:\/\/www.sonoraenequipo.com.mx\/#\/schema\/person\/50102df0fb23a8fa9e8effad8fa81386\",\"name\":\"enequipo\",\"image\":{\"@type\":\"ImageObject\",\"inLanguage\":\"es\",\"@id\":\"https:\/\/www.sonoraenequipo.com.mx\/#\/schema\/person\/image\/\",\"url\":\"https:\/\/secure.gravatar.com\/avatar\/049821681b589dabc0bc20695993ccebb09f5b5d4d790cd9251b97faac7c652b?s=96&d=blank&r=g\",\"contentUrl\":\"https:\/\/secure.gravatar.com\/avatar\/049821681b589dabc0bc20695993ccebb09f5b5d4d790cd9251b97faac7c652b?s=96&d=blank&r=g\",\"caption\":\"enequipo\"},\"sameAs\":[\"https:\/\/www.facebook.com\/SonoraEE\"]}]}<\/script>\n ","yoast_head_json":{"title":"Sonora en Equipo. Congreso de Oaxaca aprueba la despenalizaci\u00f3n del aborto Rep\u00fablica","description":"CIUDAD DE M\u00c9XICO. MX. \u2014 El Congreso de Oaxaca aprob\u00f3 despenalizar el aborto durante las primeras 12 semanas de gestaci\u00f3n. &nbsp; &nbsp; Con 24 votos a En Sonora en Equipo publicamos toda la informaci\u00f3n de Sonora, M\u00e9xico y el Mundo de manera oportuna y busca que la libertad de expresi\u00f3n sea real. Visita nuestro medio informativo publicado desde Hermosillo, Sonora. %","robots":{"index":"index","follow":"follow","max-snippet":"max-snippet:-1","max-image-preview":"max-image-preview:large","max-video-preview":"max-video-preview:-1"},"canonical":"https:\/\/www.sonoraenequipo.com.mx\/congreso-de-oaxaca-aprueba-la-despenalizacion-del-aborto\/","og_locale":"es_ES","og_type":"article","og_title":"Sonora en Equipo. Congreso de Oaxaca aprueba la despenalizaci\u00f3n del aborto Rep\u00fablica","og_description":"CIUDAD DE M\u00c9XICO. MX. \u2014 El Congreso de Oaxaca aprob\u00f3 despenalizar el aborto durante las primeras 12 semanas de gestaci\u00f3n. &nbsp; &nbsp; Con 24 votos a En Sonora en Equipo publicamos toda la informaci\u00f3n de Sonora, M\u00e9xico y el Mundo de manera oportuna y busca que la libertad de expresi\u00f3n sea real. Visita nuestro medio informativo publicado desde Hermosillo, Sonora. %","og_url":"https:\/\/www.sonoraenequipo.com.mx\/congreso-de-oaxaca-aprueba-la-despenalizacion-del-aborto\/","og_site_name":"Sonora en Equipo.","article_publisher":"https:\/\/www.facebook.com\/SonoraEE\/","article_author":"https:\/\/www.facebook.com\/SonoraEE","article_published_time":"2019-09-26T03:36:57+00:00","og_image":[{"width":694,"height":400,"url":"https:\/\/www.sonoraenequipo.com.mx\/storage\/2019\/09\/oaxaca-aborto-legal-2-1_opt.jpg","type":"image\/jpeg"}],"author":"enequipo","twitter_card":"summary_large_image","twitter_creator":"@sonoraenequipo","twitter_site":"@sonoraenequipo","twitter_misc":{"Escrito por":"enequipo","Tiempo de lectura":"3 minutos"},"schema":{"@context":"https:\/\/schema.org","@graph":[{"@type":"Article","@id":"https:\/\/www.sonoraenequipo.com.mx\/congreso-de-oaxaca-aprueba-la-despenalizacion-del-aborto\/#article","isPartOf":{"@id":"https:\/\/www.sonoraenequipo.com.mx\/congreso-de-oaxaca-aprueba-la-despenalizacion-del-aborto\/"},"author":{"name":"enequipo","@id":"https:\/\/www.sonoraenequipo.com.mx\/#\/schema\/person\/50102df0fb23a8fa9e8effad8fa81386"},"headline":"Congreso de Oaxaca aprueba la despenalizaci\u00f3n del aborto","datePublished":"2019-09-26T03:36:57+00:00","mainEntityOfPage":{"@id":"https:\/\/www.sonoraenequipo.com.mx\/congreso-de-oaxaca-aprueba-la-despenalizacion-del-aborto\/"},"wordCount":580,"commentCount":0,"publisher":{"@id":"https:\/\/www.sonoraenequipo.com.mx\/#organization"},"image":{"@id":"https:\/\/www.sonoraenequipo.com.mx\/congreso-de-oaxaca-aprueba-la-despenalizacion-del-aborto\/#primaryimage"},"thumbnailUrl":"https:\/\/www.sonoraenequipo.com.mx\/storage\/2019\/09\/oaxaca-aborto-legal-2-1_opt.jpg","articleSection":["Rep\u00fablica"],"inLanguage":"es","potentialAction":[{"@type":"CommentAction","name":"Comment","target":["https:\/\/www.sonoraenequipo.com.mx\/congreso-de-oaxaca-aprueba-la-despenalizacion-del-aborto\/#respond"]}]},{"@type":"WebPage","@id":"https:\/\/www.sonoraenequipo.com.mx\/congreso-de-oaxaca-aprueba-la-despenalizacion-del-aborto\/","url":"https:\/\/www.sonoraenequipo.com.mx\/congreso-de-oaxaca-aprueba-la-despenalizacion-del-aborto\/","name":"Sonora en Equipo. Congreso de Oaxaca aprueba la despenalizaci\u00f3n del aborto Rep\u00fablica","isPartOf":{"@id":"https:\/\/www.sonoraenequipo.com.mx\/#website"},"primaryImageOfPage":{"@id":"https:\/\/www.sonoraenequipo.com.mx\/congreso-de-oaxaca-aprueba-la-despenalizacion-del-aborto\/#primaryimage"},"image":{"@id":"https:\/\/www.sonoraenequipo.com.mx\/congreso-de-oaxaca-aprueba-la-despenalizacion-del-aborto\/#primaryimage"},"thumbnailUrl":"https:\/\/www.sonoraenequipo.com.mx\/storage\/2019\/09\/oaxaca-aborto-legal-2-1_opt.jpg","datePublished":"2019-09-26T03:36:57+00:00","description":"CIUDAD DE M\u00c9XICO. MX. \u2014 El Congreso de Oaxaca aprob\u00f3 despenalizar el aborto durante las primeras 12 semanas de gestaci\u00f3n. &nbsp; &nbsp; Con 24 votos a En Sonora en Equipo publicamos toda la informaci\u00f3n de Sonora, M\u00e9xico y el Mundo de manera oportuna y busca que la libertad de expresi\u00f3n sea real. Visita nuestro medio informativo publicado desde Hermosillo, Sonora. %","breadcrumb":{"@id":"https:\/\/www.sonoraenequipo.com.mx\/congreso-de-oaxaca-aprueba-la-despenalizacion-del-aborto\/#breadcrumb"},"inLanguage":"es","potentialAction":[{"@type":"ReadAction","target":["https:\/\/www.sonoraenequipo.com.mx\/congreso-de-oaxaca-aprueba-la-despenalizacion-del-aborto\/"]}]},{"@type":"ImageObject","inLanguage":"es","@id":"https:\/\/www.sonoraenequipo.com.mx\/congreso-de-oaxaca-aprueba-la-despenalizacion-del-aborto\/#primaryimage","url":"https:\/\/www.sonoraenequipo.com.mx\/storage\/2019\/09\/oaxaca-aborto-legal-2-1_opt.jpg","contentUrl":"https:\/\/www.sonoraenequipo.com.mx\/storage\/2019\/09\/oaxaca-aborto-legal-2-1_opt.jpg","width":694,"height":400},{"@type":"BreadcrumbList","@id":"https:\/\/www.sonoraenequipo.com.mx\/congreso-de-oaxaca-aprueba-la-despenalizacion-del-aborto\/#breadcrumb","itemListElement":[{"@type":"ListItem","position":1,"name":"Portada","item":"https:\/\/www.sonoraenequipo.com.mx\/"},{"@type":"ListItem","position":2,"name":"Congreso de Oaxaca aprueba la despenalizaci\u00f3n del aborto"}]},{"@type":"WebSite","@id":"https:\/\/www.sonoraenequipo.com.mx\/#website","url":"https:\/\/www.sonoraenequipo.com.mx\/","name":"Sonora en Equipo.","description":"Diario en l\u00ednea con Noticias desde Hermosillo, Sonora","publisher":{"@id":"https:\/\/www.sonoraenequipo.com.mx\/#organization"},"potentialAction":[{"@type":"SearchAction","target":{"@type":"EntryPoint","urlTemplate":"https:\/\/www.sonoraenequipo.com.mx\/?s={search_term_string}"},"query-input":{"@type":"PropertyValueSpecification","valueRequired":true,"valueName":"search_term_string"}}],"inLanguage":"es"},{"@type":"Organization","@id":"https:\/\/www.sonoraenequipo.com.mx\/#organization","name":"Sonoraenequipo.com.mx","url":"https:\/\/www.sonoraenequipo.com.mx\/","logo":{"@type":"ImageObject","inLanguage":"es","@id":"https:\/\/www.sonoraenequipo.com.mx\/#\/schema\/logo\/image\/","url":"https:\/\/www.sonoraenequipo.com.mx\/storage\/2019\/01\/sonoraenequipo_opt.png","contentUrl":"https:\/\/www.sonoraenequipo.com.mx\/storage\/2019\/01\/sonoraenequipo_opt.png","width":375,"height":125,"caption":"Sonoraenequipo.com.mx"},"image":{"@id":"https:\/\/www.sonoraenequipo.com.mx\/#\/schema\/logo\/image\/"},"sameAs":["https:\/\/www.facebook.com\/SonoraEE\/","https:\/\/x.com\/sonoraenequipo","https:\/\/www.youtube.com\/channel\/UC338nW-lPEYmJQs4ZABQ1SQ"]},{"@type":"Person","@id":"https:\/\/www.sonoraenequipo.com.mx\/#\/schema\/person\/50102df0fb23a8fa9e8effad8fa81386","name":"enequipo","image":{"@type":"ImageObject","inLanguage":"es","@id":"https:\/\/www.sonoraenequipo.com.mx\/#\/schema\/person\/image\/","url":"https:\/\/secure.gravatar.com\/avatar\/049821681b589dabc0bc20695993ccebb09f5b5d4d790cd9251b97faac7c652b?s=96&d=blank&r=g","contentUrl":"https:\/\/secure.gravatar.com\/avatar\/049821681b589dabc0bc20695993ccebb09f5b5d4d790cd9251b97faac7c652b?s=96&d=blank&r=g","caption":"enequipo"},"sameAs":["https:\/\/www.facebook.com\/SonoraEE"]}]}},"jetpack_featured_media_url":"https:\/\/www.sonoraenequipo.com.mx\/storage\/2019\/09\/oaxaca-aborto-legal-2-1_opt.jpg","_links":{"self":[{"href":"https:\/\/www.sonoraenequipo.com.mx\/api\/wp\/v2\/posts\/67810","targetHints":{"allow":["GET"]}}],"collection":[{"href":"https:\/\/www.sonoraenequipo.com.mx\/api\/wp\/v2\/posts"}],"about":[{"href":"https:\/\/www.sonoraenequipo.com.mx\/api\/wp\/v2\/types\/post"}],"author":[{"embeddable":true,"href":"https:\/\/www.sonoraenequipo.com.mx\/api\/wp\/v2\/users\/1"}],"replies":[{"embeddable":true,"href":"https:\/\/www.sonoraenequipo.com.mx\/api\/wp\/v2\/comments?post=67810"}],"version-history":[{"count":0,"href":"https:\/\/www.sonoraenequipo.com.mx\/api\/wp\/v2\/posts\/67810\/revisions"}],"wp:featuredmedia":[{"embeddable":true,"href":"https:\/\/www.sonoraenequipo.com.mx\/api\/wp\/v2\/media\/67799"}],"wp:attachment":[{"href":"https:\/\/www.sonoraenequipo.com.mx\/api\/wp\/v2\/media?parent=67810"}],"wp:term":[{"taxonomy":"category","embeddable":true,"href":"https:\/\/www.sonoraenequipo.com.mx\/api\/wp\/v2\/categories?post=67810"},{"taxonomy":"post_tag","embeddable":true,"href":"https:\/\/www.sonoraenequipo.com.mx\/api\/wp\/v2\/tags?post=67810"}],"curies":[{"name":"wp","href":"https:\/\/api.w.org\/{rel}","templated":true}]}}