{"id":67812,"date":"2019-09-25T20:45:21","date_gmt":"2019-09-26T03:45:21","guid":{"rendered":"https:\/\/www.sonoraenequipo.com.mx\/?p=67812"},"modified":"2019-09-25T19:26:09","modified_gmt":"2019-09-26T02:26:09","slug":"escuelas-de-la-unam-se-van-a-paro-por-caso-ayotzinapa","status":"publish","type":"post","link":"https:\/\/www.sonoraenequipo.com.mx\/escuelas-de-la-unam-se-van-a-paro-por-caso-ayotzinapa\/","title":{"rendered":"Escuelas de la UNAM se van a paro por caso Ayotzinapa"},"content":{"rendered":"<p>CIUDAD DE M\u00c9XICO. MX. \u2014 Varias escuelas de la UNAM anunciaron un paro de labores de entre 24 y 48 horas, hasta ocho d\u00edas, para conmemorar el caso Ayotzinapa y el 2 de octubre.<\/p>\n<p>&nbsp;<\/p>\n<p> <\/p>\n<p>&nbsp;<\/p>\n<p>En asambleas que se llevaron a cabo durante la tarde de este mi\u00e9rcoles 25 de septiembre de 2019, estudiantes de la Universidad Nacional Aut\u00f3noma de M\u00e9xico (UNAM) decidieron convocar al paro para exigir la aparici\u00f3n de los 43 normalistas de la Escuela Normal Rural de Ayotzinapa, en Iguala, Guerrero, a cinco a\u00f1os del caso.<\/p>\n<p>&nbsp;<\/p>\n<p>Adem\u00e1s, los estudiantes se\u00f1alaron que tambi\u00e9n conmemorar\u00e1n los hechos ocurridos el 2 de octubre de 1968.<\/p>\n<p>&nbsp;<\/p>\n<p>Las escuelas de la UNAM que se van a paro son:<\/p>\n<p>&nbsp;<\/p>\n<p>Prepa 2 (ocho d\u00edas)<br \/>\nPrepa 4 (48 horas)<br \/>\nPrepa 5 (48 horas)<br \/>\nPrepa 6 (ocho d\u00edas)<br \/>\nColegio de Ciencias y Humanidades (CCH) Vallejo (48 horas)<br \/>\nCCH Naucalpan (48 horas)<br \/>\nCCH Sur (48 horas)<br \/>\nCCH Azcapotzalco (48 horas)<br \/>\nFacultad de Ciencias Pol\u00edticas y Sociales (FCPyS) (24 horas)<br \/>\nFacultad de Filosof\u00eda y Letras (12 horas)<br \/>\nFacultad de Ciencias (24 horas)<br \/>\nFacultad de Econom\u00eda (48 horas)<br \/>\nFacultad de Estudios Superiores (FES) Acatl\u00e1n<\/p>\n<p>&nbsp;<\/p>\n<p>La Facultad de Estudios Superiores (FES) Cuautitl\u00e1n desminti\u00f3 las versiones de un supuesto paro de actividades este 26 de septiembre, aunque \u201casambleas\u201d en otros planteles de la UNAM habr\u00edan acordado suspender actividades en solidaridad con familiares de los desaparecidos de Ayotzinapa.<\/p>\n<p>&nbsp;<\/p>\n<p>La FES Cuautitl\u00e1n precis\u00f3 que sus actividades acad\u00e9micas y administrativas se llevar\u00e1n a cabo de forma habitual.<\/p>\n<p>&nbsp;<\/p>\n<p>Ante los falsos rumores respecto a un paro de labores, se les informa que el d\u00eda de ma\u00f1ana (jueves) las actividades acad\u00e9micas y administrativas de la Facultad de Estudios Superiores Cuautitl\u00e1n se realizar\u00e1n de manera normal en todos los campus\u201d, subray\u00f3 en un comunicado.<\/p>\n<p>&nbsp;<\/p>\n<p>Adem\u00e1s, la Escuela Normal Rural \u201cRa\u00fal Isidro Burgos\u201d de Ayotzinapa tambi\u00e9n anunci\u00f3 que se va a paro total de ocho d\u00edas para exigir la aparici\u00f3n de los estudiantes.<\/p>\n<p>&nbsp;<\/p>\n<p>En las escuelas que estar\u00e1n en paro durante ocho d\u00edas, las clases se reanudar\u00e1n el pr\u00f3ximo jueves 3 de octubre.<\/p>\n<p>&nbsp;<\/p>\n<p>&nbsp;<\/p>\n<p>(PUBLICADO EL 25\/09\/2019 \/ Con informaci\u00f3n de Noticieros Televisa.)<\/p>\n","protected":false},"excerpt":{"rendered":"<p>CIUDAD DE M\u00c9XICO. MX. \u2014 Varias escuelas de la UNAM anunciaron un paro de labores&#8230;<\/p>\n","protected":false},"author":1,"featured_media":67796,"comment_status":"open","ping_status":"open","sticky":false,"template":"","format":"standard","meta":{"_monsterinsights_skip_tracking":false,"_monsterinsights_sitenote_active":false,"_monsterinsights_sitenote_note":"","_monsterinsights_sitenote_category":0,"footnotes":""},"categories":[5],"tags":[],"class_list":["post"],"yoast_head":" \n<title>Sonora en Equipo. Escuelas de la UNAM se van a paro por caso Ayotzinapa Rep\u00fablica<\/title>\n<meta name=\"description\" content=\"CIUDAD DE M\u00c9XICO. MX. \u2014 Varias escuelas de la UNAM anunciaron un paro de labores de entre 24 y 48 horas, hasta ocho d\u00edas, para conmemorar el caso En Sonora en Equipo publicamos toda la informaci\u00f3n de Sonora, M\u00e9xico y el Mundo de manera oportuna y busca que la libertad de expresi\u00f3n sea real. Visita nuestro medio informativo publicado desde Hermosillo, Sonora. %\" \/>\n<meta name=\"robots\" content=\"index, follow, max-snippet:-1, max-image-preview:large, max-video-preview:-1\" \/>\n<link rel=\"canonical\" href=\"https:\/\/www.sonoraenequipo.com.mx\/escuelas-de-la-unam-se-van-a-paro-por-caso-ayotzinapa\/\" \/>\n<meta property=\"og:locale\" content=\"es_ES\" \/>\n<meta property=\"og:type\" content=\"article\" \/>\n<meta property=\"og:title\" content=\"Sonora en Equipo. Escuelas de la UNAM se van a paro por caso Ayotzinapa Rep\u00fablica\" \/>\n<meta property=\"og:description\" content=\"CIUDAD DE M\u00c9XICO. MX. \u2014 Varias escuelas de la UNAM anunciaron un paro de labores de entre 24 y 48 horas, hasta ocho d\u00edas, para conmemorar el caso En Sonora en Equipo publicamos toda la informaci\u00f3n de Sonora, M\u00e9xico y el Mundo de manera oportuna y busca que la libertad de expresi\u00f3n sea real. Visita nuestro medio informativo publicado desde Hermosillo, Sonora. %\" \/>\n<meta property=\"og:url\" content=\"https:\/\/www.sonoraenequipo.com.mx\/escuelas-de-la-unam-se-van-a-paro-por-caso-ayotzinapa\/\" \/>\n<meta property=\"og:site_name\" content=\"Sonora en Equipo.\" \/>\n<meta property=\"article:publisher\" content=\"https:\/\/www.facebook.com\/SonoraEE\/\" \/>\n<meta property=\"article:author\" content=\"https:\/\/www.facebook.com\/SonoraEE\" \/>\n<meta property=\"article:published_time\" content=\"2019-09-26T03:45:21+00:00\" \/>\n<meta property=\"og:image\" content=\"https:\/\/www.sonoraenequipo.com.mx\/storage\/2019\/09\/unam-ayotzinapa_opt.jpg\" \/>\n\t<meta property=\"og:image:width\" content=\"694\" \/>\n\t<meta property=\"og:image:height\" content=\"400\" \/>\n\t<meta property=\"og:image:type\" content=\"image\/jpeg\" \/>\n<meta name=\"author\" content=\"enequipo\" \/>\n<meta name=\"twitter:card\" content=\"summary_large_image\" \/>\n<meta name=\"twitter:creator\" content=\"@sonoraenequipo\" \/>\n<meta name=\"twitter:site\" content=\"@sonoraenequipo\" \/>\n<meta name=\"twitter:label1\" content=\"Escrito por\" \/>\n\t<meta name=\"twitter:data1\" content=\"enequipo\" \/>\n\t<meta name=\"twitter:label2\" content=\"Tiempo de lectura\" \/>\n\t<meta name=\"twitter:data2\" content=\"2 minutos\" \/>\n<script type=\"application\/ld+json\" class=\"yoast-schema-graph\">{\"@context\":\"https:\/\/schema.org\",\"@graph\":[{\"@type\":\"Article\",\"@id\":\"https:\/\/www.sonoraenequipo.com.mx\/escuelas-de-la-unam-se-van-a-paro-por-caso-ayotzinapa\/#article\",\"isPartOf\":{\"@id\":\"https:\/\/www.sonoraenequipo.com.mx\/escuelas-de-la-unam-se-van-a-paro-por-caso-ayotzinapa\/\"},\"author\":{\"name\":\"enequipo\",\"@id\":\"https:\/\/www.sonoraenequipo.com.mx\/#\/schema\/person\/50102df0fb23a8fa9e8effad8fa81386\"},\"headline\":\"Escuelas de la UNAM se van a paro por caso Ayotzinapa\",\"datePublished\":\"2019-09-26T03:45:21+00:00\",\"mainEntityOfPage\":{\"@id\":\"https:\/\/www.sonoraenequipo.com.mx\/escuelas-de-la-unam-se-van-a-paro-por-caso-ayotzinapa\/\"},\"wordCount\":376,\"commentCount\":0,\"publisher\":{\"@id\":\"https:\/\/www.sonoraenequipo.com.mx\/#organization\"},\"image\":{\"@id\":\"https:\/\/www.sonoraenequipo.com.mx\/escuelas-de-la-unam-se-van-a-paro-por-caso-ayotzinapa\/#primaryimage\"},\"thumbnailUrl\":\"https:\/\/www.sonoraenequipo.com.mx\/storage\/2019\/09\/unam-ayotzinapa_opt.jpg\",\"articleSection\":[\"Rep\u00fablica\"],\"inLanguage\":\"es\",\"potentialAction\":[{\"@type\":\"CommentAction\",\"name\":\"Comment\",\"target\":[\"https:\/\/www.sonoraenequipo.com.mx\/escuelas-de-la-unam-se-van-a-paro-por-caso-ayotzinapa\/#respond\"]}]},{\"@type\":\"WebPage\",\"@id\":\"https:\/\/www.sonoraenequipo.com.mx\/escuelas-de-la-unam-se-van-a-paro-por-caso-ayotzinapa\/\",\"url\":\"https:\/\/www.sonoraenequipo.com.mx\/escuelas-de-la-unam-se-van-a-paro-por-caso-ayotzinapa\/\",\"name\":\"Sonora en Equipo. Escuelas de la UNAM se van a paro por caso Ayotzinapa Rep\u00fablica\",\"isPartOf\":{\"@id\":\"https:\/\/www.sonoraenequipo.com.mx\/#website\"},\"primaryImageOfPage\":{\"@id\":\"https:\/\/www.sonoraenequipo.com.mx\/escuelas-de-la-unam-se-van-a-paro-por-caso-ayotzinapa\/#primaryimage\"},\"image\":{\"@id\":\"https:\/\/www.sonoraenequipo.com.mx\/escuelas-de-la-unam-se-van-a-paro-por-caso-ayotzinapa\/#primaryimage\"},\"thumbnailUrl\":\"https:\/\/www.sonoraenequipo.com.mx\/storage\/2019\/09\/unam-ayotzinapa_opt.jpg\",\"datePublished\":\"2019-09-26T03:45:21+00:00\",\"description\":\"CIUDAD DE M\u00c9XICO. MX. \u2014 Varias escuelas de la UNAM anunciaron un paro de labores de entre 24 y 48 horas, hasta ocho d\u00edas, para conmemorar el caso En Sonora en Equipo publicamos toda la informaci\u00f3n de Sonora, M\u00e9xico y el Mundo de manera oportuna y busca que la libertad de expresi\u00f3n sea real. Visita nuestro medio informativo publicado desde Hermosillo, Sonora. %\",\"breadcrumb\":{\"@id\":\"https:\/\/www.sonoraenequipo.com.mx\/escuelas-de-la-unam-se-van-a-paro-por-caso-ayotzinapa\/#breadcrumb\"},\"inLanguage\":\"es\",\"potentialAction\":[{\"@type\":\"ReadAction\",\"target\":[\"https:\/\/www.sonoraenequipo.com.mx\/escuelas-de-la-unam-se-van-a-paro-por-caso-ayotzinapa\/\"]}]},{\"@type\":\"ImageObject\",\"inLanguage\":\"es\",\"@id\":\"https:\/\/www.sonoraenequipo.com.mx\/escuelas-de-la-unam-se-van-a-paro-por-caso-ayotzinapa\/#primaryimage\",\"url\":\"https:\/\/www.sonoraenequipo.com.mx\/storage\/2019\/09\/unam-ayotzinapa_opt.jpg\",\"contentUrl\":\"https:\/\/www.sonoraenequipo.com.mx\/storage\/2019\/09\/unam-ayotzinapa_opt.jpg\",\"width\":694,\"height\":400},{\"@type\":\"BreadcrumbList\",\"@id\":\"https:\/\/www.sonoraenequipo.com.mx\/escuelas-de-la-unam-se-van-a-paro-por-caso-ayotzinapa\/#breadcrumb\",\"itemListElement\":[{\"@type\":\"ListItem\",\"position\":1,\"name\":\"Portada\",\"item\":\"https:\/\/www.sonoraenequipo.com.mx\/\"},{\"@type\":\"ListItem\",\"position\":2,\"name\":\"Escuelas de la UNAM se van a paro por caso Ayotzinapa\"}]},{\"@type\":\"WebSite\",\"@id\":\"https:\/\/www.sonoraenequipo.com.mx\/#website\",\"url\":\"https:\/\/www.sonoraenequipo.com.mx\/\",\"name\":\"Sonora en Equipo.\",\"description\":\"Diario en l\u00ednea con Noticias desde Hermosillo, Sonora\",\"publisher\":{\"@id\":\"https:\/\/www.sonoraenequipo.com.mx\/#organization\"},\"potentialAction\":[{\"@type\":\"SearchAction\",\"target\":{\"@type\":\"EntryPoint\",\"urlTemplate\":\"https:\/\/www.sonoraenequipo.com.mx\/?s={search_term_string}\"},\"query-input\":{\"@type\":\"PropertyValueSpecification\",\"valueRequired\":true,\"valueName\":\"search_term_string\"}}],\"inLanguage\":\"es\"},{\"@type\":\"Organization\",\"@id\":\"https:\/\/www.sonoraenequipo.com.mx\/#organization\",\"name\":\"Sonoraenequipo.com.mx\",\"url\":\"https:\/\/www.sonoraenequipo.com.mx\/\",\"logo\":{\"@type\":\"ImageObject\",\"inLanguage\":\"es\",\"@id\":\"https:\/\/www.sonoraenequipo.com.mx\/#\/schema\/logo\/image\/\",\"url\":\"https:\/\/www.sonoraenequipo.com.mx\/storage\/2019\/01\/sonoraenequipo_opt.png\",\"contentUrl\":\"https:\/\/www.sonoraenequipo.com.mx\/storage\/2019\/01\/sonoraenequipo_opt.png\",\"width\":375,\"height\":125,\"caption\":\"Sonoraenequipo.com.mx\"},\"image\":{\"@id\":\"https:\/\/www.sonoraenequipo.com.mx\/#\/schema\/logo\/image\/\"},\"sameAs\":[\"https:\/\/www.facebook.com\/SonoraEE\/\",\"https:\/\/x.com\/sonoraenequipo\",\"https:\/\/www.youtube.com\/channel\/UC338nW-lPEYmJQs4ZABQ1SQ\"]},{\"@type\":\"Person\",\"@id\":\"https:\/\/www.sonoraenequipo.com.mx\/#\/schema\/person\/50102df0fb23a8fa9e8effad8fa81386\",\"name\":\"enequipo\",\"image\":{\"@type\":\"ImageObject\",\"inLanguage\":\"es\",\"@id\":\"https:\/\/www.sonoraenequipo.com.mx\/#\/schema\/person\/image\/\",\"url\":\"https:\/\/secure.gravatar.com\/avatar\/049821681b589dabc0bc20695993ccebb09f5b5d4d790cd9251b97faac7c652b?s=96&d=blank&r=g\",\"contentUrl\":\"https:\/\/secure.gravatar.com\/avatar\/049821681b589dabc0bc20695993ccebb09f5b5d4d790cd9251b97faac7c652b?s=96&d=blank&r=g\",\"caption\":\"enequipo\"},\"sameAs\":[\"https:\/\/www.facebook.com\/SonoraEE\"]}]}<\/script>\n ","yoast_head_json":{"title":"Sonora en Equipo. Escuelas de la UNAM se van a paro por caso Ayotzinapa Rep\u00fablica","description":"CIUDAD DE M\u00c9XICO. MX. \u2014 Varias escuelas de la UNAM anunciaron un paro de labores de entre 24 y 48 horas, hasta ocho d\u00edas, para conmemorar el caso En Sonora en Equipo publicamos toda la informaci\u00f3n de Sonora, M\u00e9xico y el Mundo de manera oportuna y busca que la libertad de expresi\u00f3n sea real. Visita nuestro medio informativo publicado desde Hermosillo, Sonora. %","robots":{"index":"index","follow":"follow","max-snippet":"max-snippet:-1","max-image-preview":"max-image-preview:large","max-video-preview":"max-video-preview:-1"},"canonical":"https:\/\/www.sonoraenequipo.com.mx\/escuelas-de-la-unam-se-van-a-paro-por-caso-ayotzinapa\/","og_locale":"es_ES","og_type":"article","og_title":"Sonora en Equipo. Escuelas de la UNAM se van a paro por caso Ayotzinapa Rep\u00fablica","og_description":"CIUDAD DE M\u00c9XICO. MX. \u2014 Varias escuelas de la UNAM anunciaron un paro de labores de entre 24 y 48 horas, hasta ocho d\u00edas, para conmemorar el caso En Sonora en Equipo publicamos toda la informaci\u00f3n de Sonora, M\u00e9xico y el Mundo de manera oportuna y busca que la libertad de expresi\u00f3n sea real. Visita nuestro medio informativo publicado desde Hermosillo, Sonora. %","og_url":"https:\/\/www.sonoraenequipo.com.mx\/escuelas-de-la-unam-se-van-a-paro-por-caso-ayotzinapa\/","og_site_name":"Sonora en Equipo.","article_publisher":"https:\/\/www.facebook.com\/SonoraEE\/","article_author":"https:\/\/www.facebook.com\/SonoraEE","article_published_time":"2019-09-26T03:45:21+00:00","og_image":[{"width":694,"height":400,"url":"https:\/\/www.sonoraenequipo.com.mx\/storage\/2019\/09\/unam-ayotzinapa_opt.jpg","type":"image\/jpeg"}],"author":"enequipo","twitter_card":"summary_large_image","twitter_creator":"@sonoraenequipo","twitter_site":"@sonoraenequipo","twitter_misc":{"Escrito por":"enequipo","Tiempo de lectura":"2 minutos"},"schema":{"@context":"https:\/\/schema.org","@graph":[{"@type":"Article","@id":"https:\/\/www.sonoraenequipo.com.mx\/escuelas-de-la-unam-se-van-a-paro-por-caso-ayotzinapa\/#article","isPartOf":{"@id":"https:\/\/www.sonoraenequipo.com.mx\/escuelas-de-la-unam-se-van-a-paro-por-caso-ayotzinapa\/"},"author":{"name":"enequipo","@id":"https:\/\/www.sonoraenequipo.com.mx\/#\/schema\/person\/50102df0fb23a8fa9e8effad8fa81386"},"headline":"Escuelas de la UNAM se van a paro por caso Ayotzinapa","datePublished":"2019-09-26T03:45:21+00:00","mainEntityOfPage":{"@id":"https:\/\/www.sonoraenequipo.com.mx\/escuelas-de-la-unam-se-van-a-paro-por-caso-ayotzinapa\/"},"wordCount":376,"commentCount":0,"publisher":{"@id":"https:\/\/www.sonoraenequipo.com.mx\/#organization"},"image":{"@id":"https:\/\/www.sonoraenequipo.com.mx\/escuelas-de-la-unam-se-van-a-paro-por-caso-ayotzinapa\/#primaryimage"},"thumbnailUrl":"https:\/\/www.sonoraenequipo.com.mx\/storage\/2019\/09\/unam-ayotzinapa_opt.jpg","articleSection":["Rep\u00fablica"],"inLanguage":"es","potentialAction":[{"@type":"CommentAction","name":"Comment","target":["https:\/\/www.sonoraenequipo.com.mx\/escuelas-de-la-unam-se-van-a-paro-por-caso-ayotzinapa\/#respond"]}]},{"@type":"WebPage","@id":"https:\/\/www.sonoraenequipo.com.mx\/escuelas-de-la-unam-se-van-a-paro-por-caso-ayotzinapa\/","url":"https:\/\/www.sonoraenequipo.com.mx\/escuelas-de-la-unam-se-van-a-paro-por-caso-ayotzinapa\/","name":"Sonora en Equipo. Escuelas de la UNAM se van a paro por caso Ayotzinapa Rep\u00fablica","isPartOf":{"@id":"https:\/\/www.sonoraenequipo.com.mx\/#website"},"primaryImageOfPage":{"@id":"https:\/\/www.sonoraenequipo.com.mx\/escuelas-de-la-unam-se-van-a-paro-por-caso-ayotzinapa\/#primaryimage"},"image":{"@id":"https:\/\/www.sonoraenequipo.com.mx\/escuelas-de-la-unam-se-van-a-paro-por-caso-ayotzinapa\/#primaryimage"},"thumbnailUrl":"https:\/\/www.sonoraenequipo.com.mx\/storage\/2019\/09\/unam-ayotzinapa_opt.jpg","datePublished":"2019-09-26T03:45:21+00:00","description":"CIUDAD DE M\u00c9XICO. MX. \u2014 Varias escuelas de la UNAM anunciaron un paro de labores de entre 24 y 48 horas, hasta ocho d\u00edas, para conmemorar el caso En Sonora en Equipo publicamos toda la informaci\u00f3n de Sonora, M\u00e9xico y el Mundo de manera oportuna y busca que la libertad de expresi\u00f3n sea real. Visita nuestro medio informativo publicado desde Hermosillo, Sonora. %","breadcrumb":{"@id":"https:\/\/www.sonoraenequipo.com.mx\/escuelas-de-la-unam-se-van-a-paro-por-caso-ayotzinapa\/#breadcrumb"},"inLanguage":"es","potentialAction":[{"@type":"ReadAction","target":["https:\/\/www.sonoraenequipo.com.mx\/escuelas-de-la-unam-se-van-a-paro-por-caso-ayotzinapa\/"]}]},{"@type":"ImageObject","inLanguage":"es","@id":"https:\/\/www.sonoraenequipo.com.mx\/escuelas-de-la-unam-se-van-a-paro-por-caso-ayotzinapa\/#primaryimage","url":"https:\/\/www.sonoraenequipo.com.mx\/storage\/2019\/09\/unam-ayotzinapa_opt.jpg","contentUrl":"https:\/\/www.sonoraenequipo.com.mx\/storage\/2019\/09\/unam-ayotzinapa_opt.jpg","width":694,"height":400},{"@type":"BreadcrumbList","@id":"https:\/\/www.sonoraenequipo.com.mx\/escuelas-de-la-unam-se-van-a-paro-por-caso-ayotzinapa\/#breadcrumb","itemListElement":[{"@type":"ListItem","position":1,"name":"Portada","item":"https:\/\/www.sonoraenequipo.com.mx\/"},{"@type":"ListItem","position":2,"name":"Escuelas de la UNAM se van a paro por caso Ayotzinapa"}]},{"@type":"WebSite","@id":"https:\/\/www.sonoraenequipo.com.mx\/#website","url":"https:\/\/www.sonoraenequipo.com.mx\/","name":"Sonora en Equipo.","description":"Diario en l\u00ednea con Noticias desde Hermosillo, Sonora","publisher":{"@id":"https:\/\/www.sonoraenequipo.com.mx\/#organization"},"potentialAction":[{"@type":"SearchAction","target":{"@type":"EntryPoint","urlTemplate":"https:\/\/www.sonoraenequipo.com.mx\/?s={search_term_string}"},"query-input":{"@type":"PropertyValueSpecification","valueRequired":true,"valueName":"search_term_string"}}],"inLanguage":"es"},{"@type":"Organization","@id":"https:\/\/www.sonoraenequipo.com.mx\/#organization","name":"Sonoraenequipo.com.mx","url":"https:\/\/www.sonoraenequipo.com.mx\/","logo":{"@type":"ImageObject","inLanguage":"es","@id":"https:\/\/www.sonoraenequipo.com.mx\/#\/schema\/logo\/image\/","url":"https:\/\/www.sonoraenequipo.com.mx\/storage\/2019\/01\/sonoraenequipo_opt.png","contentUrl":"https:\/\/www.sonoraenequipo.com.mx\/storage\/2019\/01\/sonoraenequipo_opt.png","width":375,"height":125,"caption":"Sonoraenequipo.com.mx"},"image":{"@id":"https:\/\/www.sonoraenequipo.com.mx\/#\/schema\/logo\/image\/"},"sameAs":["https:\/\/www.facebook.com\/SonoraEE\/","https:\/\/x.com\/sonoraenequipo","https:\/\/www.youtube.com\/channel\/UC338nW-lPEYmJQs4ZABQ1SQ"]},{"@type":"Person","@id":"https:\/\/www.sonoraenequipo.com.mx\/#\/schema\/person\/50102df0fb23a8fa9e8effad8fa81386","name":"enequipo","image":{"@type":"ImageObject","inLanguage":"es","@id":"https:\/\/www.sonoraenequipo.com.mx\/#\/schema\/person\/image\/","url":"https:\/\/secure.gravatar.com\/avatar\/049821681b589dabc0bc20695993ccebb09f5b5d4d790cd9251b97faac7c652b?s=96&d=blank&r=g","contentUrl":"https:\/\/secure.gravatar.com\/avatar\/049821681b589dabc0bc20695993ccebb09f5b5d4d790cd9251b97faac7c652b?s=96&d=blank&r=g","caption":"enequipo"},"sameAs":["https:\/\/www.facebook.com\/SonoraEE"]}]}},"jetpack_featured_media_url":"https:\/\/www.sonoraenequipo.com.mx\/storage\/2019\/09\/unam-ayotzinapa_opt.jpg","_links":{"self":[{"href":"https:\/\/www.sonoraenequipo.com.mx\/api\/wp\/v2\/posts\/67812","targetHints":{"allow":["GET"]}}],"collection":[{"href":"https:\/\/www.sonoraenequipo.com.mx\/api\/wp\/v2\/posts"}],"about":[{"href":"https:\/\/www.sonoraenequipo.com.mx\/api\/wp\/v2\/types\/post"}],"author":[{"embeddable":true,"href":"https:\/\/www.sonoraenequipo.com.mx\/api\/wp\/v2\/users\/1"}],"replies":[{"embeddable":true,"href":"https:\/\/www.sonoraenequipo.com.mx\/api\/wp\/v2\/comments?post=67812"}],"version-history":[{"count":0,"href":"https:\/\/www.sonoraenequipo.com.mx\/api\/wp\/v2\/posts\/67812\/revisions"}],"wp:featuredmedia":[{"embeddable":true,"href":"https:\/\/www.sonoraenequipo.com.mx\/api\/wp\/v2\/media\/67796"}],"wp:attachment":[{"href":"https:\/\/www.sonoraenequipo.com.mx\/api\/wp\/v2\/media?parent=67812"}],"wp:term":[{"taxonomy":"category","embeddable":true,"href":"https:\/\/www.sonoraenequipo.com.mx\/api\/wp\/v2\/categories?post=67812"},{"taxonomy":"post_tag","embeddable":true,"href":"https:\/\/www.sonoraenequipo.com.mx\/api\/wp\/v2\/tags?post=67812"}],"curies":[{"name":"wp","href":"https:\/\/api.w.org\/{rel}","templated":true}]}}