{"id":67819,"date":"2019-09-25T19:14:17","date_gmt":"2019-09-26T02:14:17","guid":{"rendered":"https:\/\/www.sonoraenequipo.com.mx\/?p=67819"},"modified":"2019-09-25T19:44:01","modified_gmt":"2019-09-26T02:44:01","slug":"el-fobaproa-es-parte-de-los-saldos-de-la-politica-neoliberal","status":"publish","type":"post","link":"https:\/\/www.sonoraenequipo.com.mx\/el-fobaproa-es-parte-de-los-saldos-de-la-politica-neoliberal\/","title":{"rendered":"El Fobaproa es parte de los saldos de la pol\u00edtica neoliberal"},"content":{"rendered":"<p>CIUDAD DE M\u00c9XICO. MX. \u2014 Esta ma\u00f1ana de mi\u00e9rcoles el presidente de M\u00e9xico, Andr\u00e9s Manuel L\u00f3pez Obrador (AMLO), fue cuestionado en su conferencia de prensa matutina sobre el caso Fobaproa. <\/p>\n<p>El mandatario federal se\u00f1al\u00f3 que el Fondo Bancario de Protecci\u00f3n al Ahorro (Fobaproa), creado en 1990 bajo la administraci\u00f3n de Ernesto Zedillo, s\u00f3lo sirvi\u00f3 para convertir deudas privadas de banqueros y empresarios en deuda p\u00fablica.<\/p>\n<p>&nbsp;<\/p>\n<p><em>\u00abDesde luego que tuvo que ver con (Carlos) Salinas (de Gortari) pero el Fobaproa lo aplic\u00f3 Ernesto Zedillo -ya estoy defendiendo a Salinas\u201d,<\/em> brome\u00f3 el presidente.<\/p>\n<p>&nbsp;<\/p>\n<p>L\u00f3pez Obrador dijo que lo cierto fue que en el gobierno de Zedillo se tom\u00f3 la decisi\u00f3n de convertir deudas privadas de banqueros y de empresarios en deuda p\u00fablica.<\/p>\n<p>&nbsp;<\/p>\n<p>Record\u00f3 que en principio se dijo que el rescate costar\u00eda 180 mil millones de pesos <em>\u201cy termin\u00f3 const\u00e1ndonos hasta ahora cerca de dos billones de pesos (\u2026) porque cuando se lleva a cabo la operaci\u00f3n de traslado de las cuentas privadas al p\u00fablico se cometen muchos abusos, todav\u00eda, y actos de corrupci\u00f3n\u201d<\/em>, explic\u00f3.<\/p>\n<p>&nbsp;<\/p>\n<p>Entonces, abund\u00f3, aprueba PRI y PAN el Fobaproa, el 12 de diciembre de 1998, <em>\u201cy a partir de ah\u00ed, en efecto, se empiezan a pagar intereses y cada a\u00f1o, desde entonces \u2026 en promedio se paga 40 mil millones de pesos cada a\u00f1o solo de inter\u00e9s, m\u00e1s la deuda que sigue siendo la misma y debe andar entre 600 y 800 mil millones de pesos\u201d.<\/em><\/p>\n<p>&nbsp;<\/p>\n<p>En este marco, el presidente L\u00f3pez Obrador dijo que se debe procurar que nunca m\u00e1s se apruebe un Fobaproa y confi\u00f3 en que se logre con reestructuraciones o negociaci\u00f3n lograr baje <em>\u201cesa carga que nos dejaron\u00bb.<\/em><\/p>\n<p>&nbsp;<\/p>\n<p><em>\u00abEsos son los saldos de la pol\u00edtica neoliberal, todo fue p\u00e9rdida y cargarles la deuda a los ciudadanos porque se tiene que pagar del presupuesto p\u00fablico\u201d<\/em>, puntualiz\u00f3.<\/p>\n<p>&nbsp;<\/p>\n<p>(PUBLICADO EL 25\/09\/2019 \/ Con informaci\u00f3n de Noticieros Televisa )<\/p>\n","protected":false},"excerpt":{"rendered":"<p>CIUDAD DE M\u00c9XICO. MX. \u2014 Esta ma\u00f1ana de mi\u00e9rcoles el presidente de M\u00e9xico, Andr\u00e9s Manuel&#8230;<\/p>\n","protected":false},"author":1,"featured_media":67803,"comment_status":"open","ping_status":"open","sticky":false,"template":"","format":"standard","meta":{"_monsterinsights_skip_tracking":false,"_monsterinsights_sitenote_active":false,"_monsterinsights_sitenote_note":"","_monsterinsights_sitenote_category":0,"footnotes":""},"categories":[5],"tags":[],"class_list":["post"],"yoast_head":" \n<title>Sonora en Equipo. El Fobaproa es parte de los saldos de la pol\u00edtica neoliberal Rep\u00fablica<\/title>\n<meta name=\"description\" content=\"CIUDAD DE M\u00c9XICO. MX. \u2014 Esta ma\u00f1ana de mi\u00e9rcoles el presidente de M\u00e9xico, Andr\u00e9s Manuel L\u00f3pez Obrador (AMLO), fue cuestionado en su conferencia de prensa En Sonora en Equipo publicamos toda la informaci\u00f3n de Sonora, M\u00e9xico y el Mundo de manera oportuna y busca que la libertad de expresi\u00f3n sea real. Visita nuestro medio informativo publicado desde Hermosillo, Sonora. %\" \/>\n<meta name=\"robots\" content=\"index, follow, max-snippet:-1, max-image-preview:large, max-video-preview:-1\" \/>\n<link rel=\"canonical\" href=\"https:\/\/www.sonoraenequipo.com.mx\/el-fobaproa-es-parte-de-los-saldos-de-la-politica-neoliberal\/\" \/>\n<meta property=\"og:locale\" content=\"es_ES\" \/>\n<meta property=\"og:type\" content=\"article\" \/>\n<meta property=\"og:title\" content=\"Sonora en Equipo. El Fobaproa es parte de los saldos de la pol\u00edtica neoliberal Rep\u00fablica\" \/>\n<meta property=\"og:description\" content=\"CIUDAD DE M\u00c9XICO. MX. \u2014 Esta ma\u00f1ana de mi\u00e9rcoles el presidente de M\u00e9xico, Andr\u00e9s Manuel L\u00f3pez Obrador (AMLO), fue cuestionado en su conferencia de prensa En Sonora en Equipo publicamos toda la informaci\u00f3n de Sonora, M\u00e9xico y el Mundo de manera oportuna y busca que la libertad de expresi\u00f3n sea real. Visita nuestro medio informativo publicado desde Hermosillo, Sonora. %\" \/>\n<meta property=\"og:url\" content=\"https:\/\/www.sonoraenequipo.com.mx\/el-fobaproa-es-parte-de-los-saldos-de-la-politica-neoliberal\/\" \/>\n<meta property=\"og:site_name\" content=\"Sonora en Equipo.\" \/>\n<meta property=\"article:publisher\" content=\"https:\/\/www.facebook.com\/SonoraEE\/\" \/>\n<meta property=\"article:author\" content=\"https:\/\/www.facebook.com\/SonoraEE\" \/>\n<meta property=\"article:published_time\" content=\"2019-09-26T02:14:17+00:00\" \/>\n<meta property=\"article:modified_time\" content=\"2019-09-26T02:44:01+00:00\" \/>\n<meta property=\"og:image\" content=\"https:\/\/www.sonoraenequipo.com.mx\/storage\/2019\/09\/amlo-cnte-tiene-derecho-manifestarse_opt.jpg\" \/>\n\t<meta property=\"og:image:width\" content=\"694\" \/>\n\t<meta property=\"og:image:height\" content=\"400\" \/>\n\t<meta property=\"og:image:type\" content=\"image\/jpeg\" \/>\n<meta name=\"author\" content=\"enequipo\" \/>\n<meta name=\"twitter:card\" content=\"summary_large_image\" \/>\n<meta name=\"twitter:creator\" content=\"@sonoraenequipo\" \/>\n<meta name=\"twitter:site\" content=\"@sonoraenequipo\" \/>\n<meta name=\"twitter:label1\" content=\"Escrito por\" \/>\n\t<meta name=\"twitter:data1\" content=\"enequipo\" \/>\n\t<meta name=\"twitter:label2\" content=\"Tiempo de lectura\" \/>\n\t<meta name=\"twitter:data2\" content=\"2 minutos\" \/>\n<script type=\"application\/ld+json\" class=\"yoast-schema-graph\">{\"@context\":\"https:\/\/schema.org\",\"@graph\":[{\"@type\":\"Article\",\"@id\":\"https:\/\/www.sonoraenequipo.com.mx\/el-fobaproa-es-parte-de-los-saldos-de-la-politica-neoliberal\/#article\",\"isPartOf\":{\"@id\":\"https:\/\/www.sonoraenequipo.com.mx\/el-fobaproa-es-parte-de-los-saldos-de-la-politica-neoliberal\/\"},\"author\":{\"name\":\"enequipo\",\"@id\":\"https:\/\/www.sonoraenequipo.com.mx\/#\/schema\/person\/50102df0fb23a8fa9e8effad8fa81386\"},\"headline\":\"El Fobaproa es parte de los saldos de la pol\u00edtica neoliberal\",\"datePublished\":\"2019-09-26T02:14:17+00:00\",\"dateModified\":\"2019-09-26T02:44:01+00:00\",\"mainEntityOfPage\":{\"@id\":\"https:\/\/www.sonoraenequipo.com.mx\/el-fobaproa-es-parte-de-los-saldos-de-la-politica-neoliberal\/\"},\"wordCount\":348,\"commentCount\":0,\"publisher\":{\"@id\":\"https:\/\/www.sonoraenequipo.com.mx\/#organization\"},\"image\":{\"@id\":\"https:\/\/www.sonoraenequipo.com.mx\/el-fobaproa-es-parte-de-los-saldos-de-la-politica-neoliberal\/#primaryimage\"},\"thumbnailUrl\":\"https:\/\/www.sonoraenequipo.com.mx\/storage\/2019\/09\/amlo-cnte-tiene-derecho-manifestarse_opt.jpg\",\"articleSection\":[\"Rep\u00fablica\"],\"inLanguage\":\"es\",\"potentialAction\":[{\"@type\":\"CommentAction\",\"name\":\"Comment\",\"target\":[\"https:\/\/www.sonoraenequipo.com.mx\/el-fobaproa-es-parte-de-los-saldos-de-la-politica-neoliberal\/#respond\"]}]},{\"@type\":\"WebPage\",\"@id\":\"https:\/\/www.sonoraenequipo.com.mx\/el-fobaproa-es-parte-de-los-saldos-de-la-politica-neoliberal\/\",\"url\":\"https:\/\/www.sonoraenequipo.com.mx\/el-fobaproa-es-parte-de-los-saldos-de-la-politica-neoliberal\/\",\"name\":\"Sonora en Equipo. El Fobaproa es parte de los saldos de la pol\u00edtica neoliberal Rep\u00fablica\",\"isPartOf\":{\"@id\":\"https:\/\/www.sonoraenequipo.com.mx\/#website\"},\"primaryImageOfPage\":{\"@id\":\"https:\/\/www.sonoraenequipo.com.mx\/el-fobaproa-es-parte-de-los-saldos-de-la-politica-neoliberal\/#primaryimage\"},\"image\":{\"@id\":\"https:\/\/www.sonoraenequipo.com.mx\/el-fobaproa-es-parte-de-los-saldos-de-la-politica-neoliberal\/#primaryimage\"},\"thumbnailUrl\":\"https:\/\/www.sonoraenequipo.com.mx\/storage\/2019\/09\/amlo-cnte-tiene-derecho-manifestarse_opt.jpg\",\"datePublished\":\"2019-09-26T02:14:17+00:00\",\"dateModified\":\"2019-09-26T02:44:01+00:00\",\"description\":\"CIUDAD DE M\u00c9XICO. MX. \u2014 Esta ma\u00f1ana de mi\u00e9rcoles el presidente de M\u00e9xico, Andr\u00e9s Manuel L\u00f3pez Obrador (AMLO), fue cuestionado en su conferencia de prensa En Sonora en Equipo publicamos toda la informaci\u00f3n de Sonora, M\u00e9xico y el Mundo de manera oportuna y busca que la libertad de expresi\u00f3n sea real. Visita nuestro medio informativo publicado desde Hermosillo, Sonora. %\",\"breadcrumb\":{\"@id\":\"https:\/\/www.sonoraenequipo.com.mx\/el-fobaproa-es-parte-de-los-saldos-de-la-politica-neoliberal\/#breadcrumb\"},\"inLanguage\":\"es\",\"potentialAction\":[{\"@type\":\"ReadAction\",\"target\":[\"https:\/\/www.sonoraenequipo.com.mx\/el-fobaproa-es-parte-de-los-saldos-de-la-politica-neoliberal\/\"]}]},{\"@type\":\"ImageObject\",\"inLanguage\":\"es\",\"@id\":\"https:\/\/www.sonoraenequipo.com.mx\/el-fobaproa-es-parte-de-los-saldos-de-la-politica-neoliberal\/#primaryimage\",\"url\":\"https:\/\/www.sonoraenequipo.com.mx\/storage\/2019\/09\/amlo-cnte-tiene-derecho-manifestarse_opt.jpg\",\"contentUrl\":\"https:\/\/www.sonoraenequipo.com.mx\/storage\/2019\/09\/amlo-cnte-tiene-derecho-manifestarse_opt.jpg\",\"width\":694,\"height\":400},{\"@type\":\"BreadcrumbList\",\"@id\":\"https:\/\/www.sonoraenequipo.com.mx\/el-fobaproa-es-parte-de-los-saldos-de-la-politica-neoliberal\/#breadcrumb\",\"itemListElement\":[{\"@type\":\"ListItem\",\"position\":1,\"name\":\"Portada\",\"item\":\"https:\/\/www.sonoraenequipo.com.mx\/\"},{\"@type\":\"ListItem\",\"position\":2,\"name\":\"El Fobaproa es parte de los saldos de la pol\u00edtica neoliberal\"}]},{\"@type\":\"WebSite\",\"@id\":\"https:\/\/www.sonoraenequipo.com.mx\/#website\",\"url\":\"https:\/\/www.sonoraenequipo.com.mx\/\",\"name\":\"Sonora en Equipo.\",\"description\":\"Diario en l\u00ednea con Noticias desde Hermosillo, Sonora\",\"publisher\":{\"@id\":\"https:\/\/www.sonoraenequipo.com.mx\/#organization\"},\"potentialAction\":[{\"@type\":\"SearchAction\",\"target\":{\"@type\":\"EntryPoint\",\"urlTemplate\":\"https:\/\/www.sonoraenequipo.com.mx\/?s={search_term_string}\"},\"query-input\":{\"@type\":\"PropertyValueSpecification\",\"valueRequired\":true,\"valueName\":\"search_term_string\"}}],\"inLanguage\":\"es\"},{\"@type\":\"Organization\",\"@id\":\"https:\/\/www.sonoraenequipo.com.mx\/#organization\",\"name\":\"Sonoraenequipo.com.mx\",\"url\":\"https:\/\/www.sonoraenequipo.com.mx\/\",\"logo\":{\"@type\":\"ImageObject\",\"inLanguage\":\"es\",\"@id\":\"https:\/\/www.sonoraenequipo.com.mx\/#\/schema\/logo\/image\/\",\"url\":\"https:\/\/www.sonoraenequipo.com.mx\/storage\/2019\/01\/sonoraenequipo_opt.png\",\"contentUrl\":\"https:\/\/www.sonoraenequipo.com.mx\/storage\/2019\/01\/sonoraenequipo_opt.png\",\"width\":375,\"height\":125,\"caption\":\"Sonoraenequipo.com.mx\"},\"image\":{\"@id\":\"https:\/\/www.sonoraenequipo.com.mx\/#\/schema\/logo\/image\/\"},\"sameAs\":[\"https:\/\/www.facebook.com\/SonoraEE\/\",\"https:\/\/x.com\/sonoraenequipo\",\"https:\/\/www.youtube.com\/channel\/UC338nW-lPEYmJQs4ZABQ1SQ\"]},{\"@type\":\"Person\",\"@id\":\"https:\/\/www.sonoraenequipo.com.mx\/#\/schema\/person\/50102df0fb23a8fa9e8effad8fa81386\",\"name\":\"enequipo\",\"image\":{\"@type\":\"ImageObject\",\"inLanguage\":\"es\",\"@id\":\"https:\/\/www.sonoraenequipo.com.mx\/#\/schema\/person\/image\/\",\"url\":\"https:\/\/secure.gravatar.com\/avatar\/049821681b589dabc0bc20695993ccebb09f5b5d4d790cd9251b97faac7c652b?s=96&d=blank&r=g\",\"contentUrl\":\"https:\/\/secure.gravatar.com\/avatar\/049821681b589dabc0bc20695993ccebb09f5b5d4d790cd9251b97faac7c652b?s=96&d=blank&r=g\",\"caption\":\"enequipo\"},\"sameAs\":[\"https:\/\/www.facebook.com\/SonoraEE\"]}]}<\/script>\n ","yoast_head_json":{"title":"Sonora en Equipo. El Fobaproa es parte de los saldos de la pol\u00edtica neoliberal Rep\u00fablica","description":"CIUDAD DE M\u00c9XICO. MX. \u2014 Esta ma\u00f1ana de mi\u00e9rcoles el presidente de M\u00e9xico, Andr\u00e9s Manuel L\u00f3pez Obrador (AMLO), fue cuestionado en su conferencia de prensa En Sonora en Equipo publicamos toda la informaci\u00f3n de Sonora, M\u00e9xico y el Mundo de manera oportuna y busca que la libertad de expresi\u00f3n sea real. Visita nuestro medio informativo publicado desde Hermosillo, Sonora. %","robots":{"index":"index","follow":"follow","max-snippet":"max-snippet:-1","max-image-preview":"max-image-preview:large","max-video-preview":"max-video-preview:-1"},"canonical":"https:\/\/www.sonoraenequipo.com.mx\/el-fobaproa-es-parte-de-los-saldos-de-la-politica-neoliberal\/","og_locale":"es_ES","og_type":"article","og_title":"Sonora en Equipo. El Fobaproa es parte de los saldos de la pol\u00edtica neoliberal Rep\u00fablica","og_description":"CIUDAD DE M\u00c9XICO. MX. \u2014 Esta ma\u00f1ana de mi\u00e9rcoles el presidente de M\u00e9xico, Andr\u00e9s Manuel L\u00f3pez Obrador (AMLO), fue cuestionado en su conferencia de prensa En Sonora en Equipo publicamos toda la informaci\u00f3n de Sonora, M\u00e9xico y el Mundo de manera oportuna y busca que la libertad de expresi\u00f3n sea real. Visita nuestro medio informativo publicado desde Hermosillo, Sonora. %","og_url":"https:\/\/www.sonoraenequipo.com.mx\/el-fobaproa-es-parte-de-los-saldos-de-la-politica-neoliberal\/","og_site_name":"Sonora en Equipo.","article_publisher":"https:\/\/www.facebook.com\/SonoraEE\/","article_author":"https:\/\/www.facebook.com\/SonoraEE","article_published_time":"2019-09-26T02:14:17+00:00","article_modified_time":"2019-09-26T02:44:01+00:00","og_image":[{"width":694,"height":400,"url":"https:\/\/www.sonoraenequipo.com.mx\/storage\/2019\/09\/amlo-cnte-tiene-derecho-manifestarse_opt.jpg","type":"image\/jpeg"}],"author":"enequipo","twitter_card":"summary_large_image","twitter_creator":"@sonoraenequipo","twitter_site":"@sonoraenequipo","twitter_misc":{"Escrito por":"enequipo","Tiempo de lectura":"2 minutos"},"schema":{"@context":"https:\/\/schema.org","@graph":[{"@type":"Article","@id":"https:\/\/www.sonoraenequipo.com.mx\/el-fobaproa-es-parte-de-los-saldos-de-la-politica-neoliberal\/#article","isPartOf":{"@id":"https:\/\/www.sonoraenequipo.com.mx\/el-fobaproa-es-parte-de-los-saldos-de-la-politica-neoliberal\/"},"author":{"name":"enequipo","@id":"https:\/\/www.sonoraenequipo.com.mx\/#\/schema\/person\/50102df0fb23a8fa9e8effad8fa81386"},"headline":"El Fobaproa es parte de los saldos de la pol\u00edtica neoliberal","datePublished":"2019-09-26T02:14:17+00:00","dateModified":"2019-09-26T02:44:01+00:00","mainEntityOfPage":{"@id":"https:\/\/www.sonoraenequipo.com.mx\/el-fobaproa-es-parte-de-los-saldos-de-la-politica-neoliberal\/"},"wordCount":348,"commentCount":0,"publisher":{"@id":"https:\/\/www.sonoraenequipo.com.mx\/#organization"},"image":{"@id":"https:\/\/www.sonoraenequipo.com.mx\/el-fobaproa-es-parte-de-los-saldos-de-la-politica-neoliberal\/#primaryimage"},"thumbnailUrl":"https:\/\/www.sonoraenequipo.com.mx\/storage\/2019\/09\/amlo-cnte-tiene-derecho-manifestarse_opt.jpg","articleSection":["Rep\u00fablica"],"inLanguage":"es","potentialAction":[{"@type":"CommentAction","name":"Comment","target":["https:\/\/www.sonoraenequipo.com.mx\/el-fobaproa-es-parte-de-los-saldos-de-la-politica-neoliberal\/#respond"]}]},{"@type":"WebPage","@id":"https:\/\/www.sonoraenequipo.com.mx\/el-fobaproa-es-parte-de-los-saldos-de-la-politica-neoliberal\/","url":"https:\/\/www.sonoraenequipo.com.mx\/el-fobaproa-es-parte-de-los-saldos-de-la-politica-neoliberal\/","name":"Sonora en Equipo. El Fobaproa es parte de los saldos de la pol\u00edtica neoliberal Rep\u00fablica","isPartOf":{"@id":"https:\/\/www.sonoraenequipo.com.mx\/#website"},"primaryImageOfPage":{"@id":"https:\/\/www.sonoraenequipo.com.mx\/el-fobaproa-es-parte-de-los-saldos-de-la-politica-neoliberal\/#primaryimage"},"image":{"@id":"https:\/\/www.sonoraenequipo.com.mx\/el-fobaproa-es-parte-de-los-saldos-de-la-politica-neoliberal\/#primaryimage"},"thumbnailUrl":"https:\/\/www.sonoraenequipo.com.mx\/storage\/2019\/09\/amlo-cnte-tiene-derecho-manifestarse_opt.jpg","datePublished":"2019-09-26T02:14:17+00:00","dateModified":"2019-09-26T02:44:01+00:00","description":"CIUDAD DE M\u00c9XICO. MX. \u2014 Esta ma\u00f1ana de mi\u00e9rcoles el presidente de M\u00e9xico, Andr\u00e9s Manuel L\u00f3pez Obrador (AMLO), fue cuestionado en su conferencia de prensa En Sonora en Equipo publicamos toda la informaci\u00f3n de Sonora, M\u00e9xico y el Mundo de manera oportuna y busca que la libertad de expresi\u00f3n sea real. Visita nuestro medio informativo publicado desde Hermosillo, Sonora. %","breadcrumb":{"@id":"https:\/\/www.sonoraenequipo.com.mx\/el-fobaproa-es-parte-de-los-saldos-de-la-politica-neoliberal\/#breadcrumb"},"inLanguage":"es","potentialAction":[{"@type":"ReadAction","target":["https:\/\/www.sonoraenequipo.com.mx\/el-fobaproa-es-parte-de-los-saldos-de-la-politica-neoliberal\/"]}]},{"@type":"ImageObject","inLanguage":"es","@id":"https:\/\/www.sonoraenequipo.com.mx\/el-fobaproa-es-parte-de-los-saldos-de-la-politica-neoliberal\/#primaryimage","url":"https:\/\/www.sonoraenequipo.com.mx\/storage\/2019\/09\/amlo-cnte-tiene-derecho-manifestarse_opt.jpg","contentUrl":"https:\/\/www.sonoraenequipo.com.mx\/storage\/2019\/09\/amlo-cnte-tiene-derecho-manifestarse_opt.jpg","width":694,"height":400},{"@type":"BreadcrumbList","@id":"https:\/\/www.sonoraenequipo.com.mx\/el-fobaproa-es-parte-de-los-saldos-de-la-politica-neoliberal\/#breadcrumb","itemListElement":[{"@type":"ListItem","position":1,"name":"Portada","item":"https:\/\/www.sonoraenequipo.com.mx\/"},{"@type":"ListItem","position":2,"name":"El Fobaproa es parte de los saldos de la pol\u00edtica neoliberal"}]},{"@type":"WebSite","@id":"https:\/\/www.sonoraenequipo.com.mx\/#website","url":"https:\/\/www.sonoraenequipo.com.mx\/","name":"Sonora en Equipo.","description":"Diario en l\u00ednea con Noticias desde Hermosillo, Sonora","publisher":{"@id":"https:\/\/www.sonoraenequipo.com.mx\/#organization"},"potentialAction":[{"@type":"SearchAction","target":{"@type":"EntryPoint","urlTemplate":"https:\/\/www.sonoraenequipo.com.mx\/?s={search_term_string}"},"query-input":{"@type":"PropertyValueSpecification","valueRequired":true,"valueName":"search_term_string"}}],"inLanguage":"es"},{"@type":"Organization","@id":"https:\/\/www.sonoraenequipo.com.mx\/#organization","name":"Sonoraenequipo.com.mx","url":"https:\/\/www.sonoraenequipo.com.mx\/","logo":{"@type":"ImageObject","inLanguage":"es","@id":"https:\/\/www.sonoraenequipo.com.mx\/#\/schema\/logo\/image\/","url":"https:\/\/www.sonoraenequipo.com.mx\/storage\/2019\/01\/sonoraenequipo_opt.png","contentUrl":"https:\/\/www.sonoraenequipo.com.mx\/storage\/2019\/01\/sonoraenequipo_opt.png","width":375,"height":125,"caption":"Sonoraenequipo.com.mx"},"image":{"@id":"https:\/\/www.sonoraenequipo.com.mx\/#\/schema\/logo\/image\/"},"sameAs":["https:\/\/www.facebook.com\/SonoraEE\/","https:\/\/x.com\/sonoraenequipo","https:\/\/www.youtube.com\/channel\/UC338nW-lPEYmJQs4ZABQ1SQ"]},{"@type":"Person","@id":"https:\/\/www.sonoraenequipo.com.mx\/#\/schema\/person\/50102df0fb23a8fa9e8effad8fa81386","name":"enequipo","image":{"@type":"ImageObject","inLanguage":"es","@id":"https:\/\/www.sonoraenequipo.com.mx\/#\/schema\/person\/image\/","url":"https:\/\/secure.gravatar.com\/avatar\/049821681b589dabc0bc20695993ccebb09f5b5d4d790cd9251b97faac7c652b?s=96&d=blank&r=g","contentUrl":"https:\/\/secure.gravatar.com\/avatar\/049821681b589dabc0bc20695993ccebb09f5b5d4d790cd9251b97faac7c652b?s=96&d=blank&r=g","caption":"enequipo"},"sameAs":["https:\/\/www.facebook.com\/SonoraEE"]}]}},"jetpack_featured_media_url":"https:\/\/www.sonoraenequipo.com.mx\/storage\/2019\/09\/amlo-cnte-tiene-derecho-manifestarse_opt.jpg","_links":{"self":[{"href":"https:\/\/www.sonoraenequipo.com.mx\/api\/wp\/v2\/posts\/67819","targetHints":{"allow":["GET"]}}],"collection":[{"href":"https:\/\/www.sonoraenequipo.com.mx\/api\/wp\/v2\/posts"}],"about":[{"href":"https:\/\/www.sonoraenequipo.com.mx\/api\/wp\/v2\/types\/post"}],"author":[{"embeddable":true,"href":"https:\/\/www.sonoraenequipo.com.mx\/api\/wp\/v2\/users\/1"}],"replies":[{"embeddable":true,"href":"https:\/\/www.sonoraenequipo.com.mx\/api\/wp\/v2\/comments?post=67819"}],"version-history":[{"count":0,"href":"https:\/\/www.sonoraenequipo.com.mx\/api\/wp\/v2\/posts\/67819\/revisions"}],"wp:featuredmedia":[{"embeddable":true,"href":"https:\/\/www.sonoraenequipo.com.mx\/api\/wp\/v2\/media\/67803"}],"wp:attachment":[{"href":"https:\/\/www.sonoraenequipo.com.mx\/api\/wp\/v2\/media?parent=67819"}],"wp:term":[{"taxonomy":"category","embeddable":true,"href":"https:\/\/www.sonoraenequipo.com.mx\/api\/wp\/v2\/categories?post=67819"},{"taxonomy":"post_tag","embeddable":true,"href":"https:\/\/www.sonoraenequipo.com.mx\/api\/wp\/v2\/tags?post=67819"}],"curies":[{"name":"wp","href":"https:\/\/api.w.org\/{rel}","templated":true}]}}