{"id":67821,"date":"2019-09-25T17:10:01","date_gmt":"2019-09-26T00:10:01","guid":{"rendered":"https:\/\/www.sonoraenequipo.com.mx\/?p=67821"},"modified":"2019-09-25T19:49:57","modified_gmt":"2019-09-26T02:49:57","slug":"universidades-piden-17-mil-mdp-mas-de-presupuesto-para-2020","status":"publish","type":"post","link":"https:\/\/www.sonoraenequipo.com.mx\/universidades-piden-17-mil-mdp-mas-de-presupuesto-para-2020\/","title":{"rendered":"Universidades piden 17 mil mdp m\u00e1s de presupuesto para 2020"},"content":{"rendered":"<p>CIUDAD DE M\u00c9XICO. MX. \u2014 Las universidades p\u00fablicas del pa\u00eds solicitaron a la C\u00e1mara de Diputados una ampliaci\u00f3n presupuestal de m\u00e1s de 17 mil millones de pesos para el pr\u00f3ximo a\u00f1o.<\/p>\n<p>&nbsp;<\/p>\n<p> <\/p>\n<p>&nbsp;<\/p>\n<p>Es decir, un total de ampliaci\u00f3n presupuestal para educaci\u00f3n superior de 17 mil 230 millones de pesos, incluyendo el Fondo de Obligatoriedad de 7 mil 678 millones de pesos\u201d, indic\u00f3 Jaime Valls, secretario General de la ANUIES.<\/p>\n<p>&nbsp;<\/p>\n<p>Al acudir a la Comisi\u00f3n de Presupuesto y Cuenta P\u00fablica, el secretario general la Asociaci\u00f3n Nacional de Universidades e Instituciones de Educaci\u00f3n Superior, la ANUIES, Jaime Valls, explic\u00f3 que para garantizar la obligatoriedad de la educaci\u00f3n superior establecida en el art\u00edculo tercero constitucional, es necesario un apartado de m\u00e1s de 7 mil millones de pesos.<\/p>\n<p>&nbsp;<\/p>\n<p>Que considerando la primera etapa de gradualidad requerir\u00e1 de un monto, nosotros as\u00ed lo hemos estimado, de 7 mil 678 millones de pesos\u201d, se\u00f1al\u00f3 Jaime Valls, secretario General de la ANUIES.<\/p>\n<p>&nbsp;<\/p>\n<p>Con esta visita de la ANUIES inici\u00f3 la pasarela de solicitudes de diversos organismos ante los legisladores.<\/p>\n<p>&nbsp;<\/p>\n<p>La verdad que lo que ya quiero es romper con ese peregrinar de a\u00f1o con a\u00f1o, ya nos sabemos casi de memoria lo que piden y lo que exige cada uno de los sectores, pero ahora tenemos que llenar una gran ausencia, un enorme vac\u00edo que es la discusi\u00f3n de las pol\u00edticas p\u00fablicas\u201d, refiri\u00f3 Alfonso Ram\u00edrez, diputado de Morena y presidente de la Comisi\u00f3n de Presupuesto.<\/p>\n<p>&nbsp;<\/p>\n<p>Discusi\u00f3n que propuso el presidente de la Comisi\u00f3n, el diputado de Morena, Alfonso Ram\u00edrez Cu\u00e9llar, se realice en conjunto con todos los actores involucrados, en este caso, acad\u00e9micos, trabajadores, sindicato, autoridades educativas y hacendarias.<\/p>\n<h3>\nSenado aprueba proyecto de presupuesto 2020; asciende a 4,085 mdp<\/h3>\n<p>&nbsp;<\/p>\n<p>El Pleno del Senado de la Rep\u00fablica aprob\u00f3 su propuesta de presupuesto para 2020, que asciende a 4 mil 85 millones de pesos.<\/p>\n<p>&nbsp;<\/p>\n<p>Solicita, pro ajuste inflacionario, 145 millones de pesos m\u00e1s con respecto a lo ejercido en este a\u00f1o, 3 mil 940 millones de pesos.<\/p>\n<p>&nbsp;<\/p>\n<p>Senadores del PAN acusaron prisa de aprobar el presupuesto.<\/p>\n<p><em>\u201cNo se trata aqu\u00ed de rechazar ni atacar a nadie, es simplemente ser responsables. Ser\u00eda votar a ciegas este presupuesto si hoy lo votamos simplemente confiando en que est\u00e1 bien hecho\u201d,<\/em> coment\u00f3 Dami\u00e1n Zepeda, senador del PAN.<\/p>\n<p>&nbsp;<\/p>\n<p>A lo que la presidenta del Senado y otros legisladores opositores respondieron.<\/p>\n<p>&nbsp;<\/p>\n<p>-\u00bfPor qu\u00e9 se tiene que presentar y por qu\u00e9 se tiene que subir ahorita?<\/p>\n<p>&nbsp;<\/p>\n<p><em>\u201cPorque en el art\u00edculo 74 de la Constituci\u00f3n Pol\u00edtica de los Estados Unidos Mexicanos se\u00f1ala claramente que el Ejecutivo Federal har\u00e1 llegar, a la C\u00e1mara, la iniciativa de Ley de Ingresos y proyecto de Presupuesto de Egresos de la Federaci\u00f3n, a m\u00e1s tardar el d\u00eda 8 del mes de septiembre. No hay ninguna sorpresa, no hay ning\u00fan ocultamiento, todo est\u00e1 publicado\u201d<\/em>, expuso M\u00f3nica Fern\u00e1ndez, presidenta del Senado de la Rep\u00fablica.<\/p>\n<p>&nbsp;<\/p>\n<p>\u201cSe est\u00e1 dando solamente un incremento de inflaci\u00f3n a las partidas, no se est\u00e1n haciendo modificaciones sustantivas\u201d, indic\u00f3 Dante Delgado, coordinador de los senadores de Movimiento Ciudadano.<\/p>\n<p>&nbsp;<\/p>\n<p><em>\u201cEn la \u00faltima reuni\u00f3n que sostuvimos los coordinadores en la Junta de Coordinaci\u00f3n Pol\u00edtica conocimos dicho presupuesto cada uno de nosotros, tiene un crecimiento inercial del 3.7 % derivado solamente de la inflaci\u00f3n. Es decir, es el mismo presupuesto del a\u00f1o pasado\u201d,<\/em> expuso Ra\u00fal Bola\u00f1os, coordinador de los senadores del Partido Verde.<\/p>\n<p>&nbsp;<\/p>\n<p>La propuesta de presupuesto del Senado fue enviada al Ejecutivo Federal.<\/p>\n<p>&nbsp;<\/p>\n<p>(PUBLICADO EL 25\/09\/2019 \/ Con informaci\u00f3n de H\u00e9ctor Guerreo, Claudia Flores y Notimex.)<\/p>\n","protected":false},"excerpt":{"rendered":"<p>CIUDAD DE M\u00c9XICO. MX. \u2014 Las universidades p\u00fablicas del pa\u00eds solicitaron a la C\u00e1mara de&#8230;<\/p>\n","protected":false},"author":1,"featured_media":67798,"comment_status":"open","ping_status":"open","sticky":false,"template":"","format":"standard","meta":{"_monsterinsights_skip_tracking":false,"_monsterinsights_sitenote_active":false,"_monsterinsights_sitenote_note":"","_monsterinsights_sitenote_category":0,"footnotes":""},"categories":[5],"tags":[],"class_list":["post"],"yoast_head":" \n<title>Sonora en Equipo. Universidades piden 17 mil mdp m\u00e1s de presupuesto para 2020 Rep\u00fablica<\/title>\n<meta name=\"description\" content=\"CIUDAD DE M\u00c9XICO. MX. \u2014 Las universidades p\u00fablicas del pa\u00eds solicitaron a la C\u00e1mara de Diputados una ampliaci\u00f3n presupuestal de m\u00e1s de 17 mil millones de En Sonora en Equipo publicamos toda la informaci\u00f3n de Sonora, M\u00e9xico y el Mundo de manera oportuna y busca que la libertad de expresi\u00f3n sea real. Visita nuestro medio informativo publicado desde Hermosillo, Sonora. %\" \/>\n<meta name=\"robots\" content=\"index, follow, max-snippet:-1, max-image-preview:large, max-video-preview:-1\" \/>\n<link rel=\"canonical\" href=\"https:\/\/www.sonoraenequipo.com.mx\/universidades-piden-17-mil-mdp-mas-de-presupuesto-para-2020\/\" \/>\n<meta property=\"og:locale\" content=\"es_ES\" \/>\n<meta property=\"og:type\" content=\"article\" \/>\n<meta property=\"og:title\" content=\"Sonora en Equipo. Universidades piden 17 mil mdp m\u00e1s de presupuesto para 2020 Rep\u00fablica\" \/>\n<meta property=\"og:description\" content=\"CIUDAD DE M\u00c9XICO. MX. \u2014 Las universidades p\u00fablicas del pa\u00eds solicitaron a la C\u00e1mara de Diputados una ampliaci\u00f3n presupuestal de m\u00e1s de 17 mil millones de En Sonora en Equipo publicamos toda la informaci\u00f3n de Sonora, M\u00e9xico y el Mundo de manera oportuna y busca que la libertad de expresi\u00f3n sea real. Visita nuestro medio informativo publicado desde Hermosillo, Sonora. %\" \/>\n<meta property=\"og:url\" content=\"https:\/\/www.sonoraenequipo.com.mx\/universidades-piden-17-mil-mdp-mas-de-presupuesto-para-2020\/\" \/>\n<meta property=\"og:site_name\" content=\"Sonora en Equipo.\" \/>\n<meta property=\"article:publisher\" content=\"https:\/\/www.facebook.com\/SonoraEE\/\" \/>\n<meta property=\"article:author\" content=\"https:\/\/www.facebook.com\/SonoraEE\" \/>\n<meta property=\"article:published_time\" content=\"2019-09-26T00:10:01+00:00\" \/>\n<meta property=\"article:modified_time\" content=\"2019-09-26T02:49:57+00:00\" \/>\n<meta property=\"og:image\" content=\"https:\/\/www.sonoraenequipo.com.mx\/storage\/2019\/09\/reunion-diputados-y-anuies_opt.jpg\" \/>\n\t<meta property=\"og:image:width\" content=\"694\" \/>\n\t<meta property=\"og:image:height\" content=\"400\" \/>\n\t<meta property=\"og:image:type\" content=\"image\/jpeg\" \/>\n<meta name=\"author\" content=\"enequipo\" \/>\n<meta name=\"twitter:card\" content=\"summary_large_image\" \/>\n<meta name=\"twitter:creator\" content=\"@sonoraenequipo\" \/>\n<meta name=\"twitter:site\" content=\"@sonoraenequipo\" \/>\n<meta name=\"twitter:label1\" content=\"Escrito por\" \/>\n\t<meta name=\"twitter:data1\" content=\"enequipo\" \/>\n\t<meta name=\"twitter:label2\" content=\"Tiempo de lectura\" \/>\n\t<meta name=\"twitter:data2\" content=\"3 minutos\" \/>\n<script type=\"application\/ld+json\" class=\"yoast-schema-graph\">{\"@context\":\"https:\/\/schema.org\",\"@graph\":[{\"@type\":\"Article\",\"@id\":\"https:\/\/www.sonoraenequipo.com.mx\/universidades-piden-17-mil-mdp-mas-de-presupuesto-para-2020\/#article\",\"isPartOf\":{\"@id\":\"https:\/\/www.sonoraenequipo.com.mx\/universidades-piden-17-mil-mdp-mas-de-presupuesto-para-2020\/\"},\"author\":{\"name\":\"enequipo\",\"@id\":\"https:\/\/www.sonoraenequipo.com.mx\/#\/schema\/person\/50102df0fb23a8fa9e8effad8fa81386\"},\"headline\":\"Universidades piden 17 mil mdp m\u00e1s de presupuesto para 2020\",\"datePublished\":\"2019-09-26T00:10:01+00:00\",\"dateModified\":\"2019-09-26T02:49:57+00:00\",\"mainEntityOfPage\":{\"@id\":\"https:\/\/www.sonoraenequipo.com.mx\/universidades-piden-17-mil-mdp-mas-de-presupuesto-para-2020\/\"},\"wordCount\":635,\"commentCount\":0,\"publisher\":{\"@id\":\"https:\/\/www.sonoraenequipo.com.mx\/#organization\"},\"image\":{\"@id\":\"https:\/\/www.sonoraenequipo.com.mx\/universidades-piden-17-mil-mdp-mas-de-presupuesto-para-2020\/#primaryimage\"},\"thumbnailUrl\":\"https:\/\/www.sonoraenequipo.com.mx\/storage\/2019\/09\/reunion-diputados-y-anuies_opt.jpg\",\"articleSection\":[\"Rep\u00fablica\"],\"inLanguage\":\"es\",\"potentialAction\":[{\"@type\":\"CommentAction\",\"name\":\"Comment\",\"target\":[\"https:\/\/www.sonoraenequipo.com.mx\/universidades-piden-17-mil-mdp-mas-de-presupuesto-para-2020\/#respond\"]}]},{\"@type\":\"WebPage\",\"@id\":\"https:\/\/www.sonoraenequipo.com.mx\/universidades-piden-17-mil-mdp-mas-de-presupuesto-para-2020\/\",\"url\":\"https:\/\/www.sonoraenequipo.com.mx\/universidades-piden-17-mil-mdp-mas-de-presupuesto-para-2020\/\",\"name\":\"Sonora en Equipo. Universidades piden 17 mil mdp m\u00e1s de presupuesto para 2020 Rep\u00fablica\",\"isPartOf\":{\"@id\":\"https:\/\/www.sonoraenequipo.com.mx\/#website\"},\"primaryImageOfPage\":{\"@id\":\"https:\/\/www.sonoraenequipo.com.mx\/universidades-piden-17-mil-mdp-mas-de-presupuesto-para-2020\/#primaryimage\"},\"image\":{\"@id\":\"https:\/\/www.sonoraenequipo.com.mx\/universidades-piden-17-mil-mdp-mas-de-presupuesto-para-2020\/#primaryimage\"},\"thumbnailUrl\":\"https:\/\/www.sonoraenequipo.com.mx\/storage\/2019\/09\/reunion-diputados-y-anuies_opt.jpg\",\"datePublished\":\"2019-09-26T00:10:01+00:00\",\"dateModified\":\"2019-09-26T02:49:57+00:00\",\"description\":\"CIUDAD DE M\u00c9XICO. MX. \u2014 Las universidades p\u00fablicas del pa\u00eds solicitaron a la C\u00e1mara de Diputados una ampliaci\u00f3n presupuestal de m\u00e1s de 17 mil millones de En Sonora en Equipo publicamos toda la informaci\u00f3n de Sonora, M\u00e9xico y el Mundo de manera oportuna y busca que la libertad de expresi\u00f3n sea real. Visita nuestro medio informativo publicado desde Hermosillo, Sonora. %\",\"breadcrumb\":{\"@id\":\"https:\/\/www.sonoraenequipo.com.mx\/universidades-piden-17-mil-mdp-mas-de-presupuesto-para-2020\/#breadcrumb\"},\"inLanguage\":\"es\",\"potentialAction\":[{\"@type\":\"ReadAction\",\"target\":[\"https:\/\/www.sonoraenequipo.com.mx\/universidades-piden-17-mil-mdp-mas-de-presupuesto-para-2020\/\"]}]},{\"@type\":\"ImageObject\",\"inLanguage\":\"es\",\"@id\":\"https:\/\/www.sonoraenequipo.com.mx\/universidades-piden-17-mil-mdp-mas-de-presupuesto-para-2020\/#primaryimage\",\"url\":\"https:\/\/www.sonoraenequipo.com.mx\/storage\/2019\/09\/reunion-diputados-y-anuies_opt.jpg\",\"contentUrl\":\"https:\/\/www.sonoraenequipo.com.mx\/storage\/2019\/09\/reunion-diputados-y-anuies_opt.jpg\",\"width\":694,\"height\":400},{\"@type\":\"BreadcrumbList\",\"@id\":\"https:\/\/www.sonoraenequipo.com.mx\/universidades-piden-17-mil-mdp-mas-de-presupuesto-para-2020\/#breadcrumb\",\"itemListElement\":[{\"@type\":\"ListItem\",\"position\":1,\"name\":\"Portada\",\"item\":\"https:\/\/www.sonoraenequipo.com.mx\/\"},{\"@type\":\"ListItem\",\"position\":2,\"name\":\"Universidades piden 17 mil mdp m\u00e1s de presupuesto para 2020\"}]},{\"@type\":\"WebSite\",\"@id\":\"https:\/\/www.sonoraenequipo.com.mx\/#website\",\"url\":\"https:\/\/www.sonoraenequipo.com.mx\/\",\"name\":\"Sonora en Equipo.\",\"description\":\"Diario en l\u00ednea con Noticias desde Hermosillo, Sonora\",\"publisher\":{\"@id\":\"https:\/\/www.sonoraenequipo.com.mx\/#organization\"},\"potentialAction\":[{\"@type\":\"SearchAction\",\"target\":{\"@type\":\"EntryPoint\",\"urlTemplate\":\"https:\/\/www.sonoraenequipo.com.mx\/?s={search_term_string}\"},\"query-input\":{\"@type\":\"PropertyValueSpecification\",\"valueRequired\":true,\"valueName\":\"search_term_string\"}}],\"inLanguage\":\"es\"},{\"@type\":\"Organization\",\"@id\":\"https:\/\/www.sonoraenequipo.com.mx\/#organization\",\"name\":\"Sonoraenequipo.com.mx\",\"url\":\"https:\/\/www.sonoraenequipo.com.mx\/\",\"logo\":{\"@type\":\"ImageObject\",\"inLanguage\":\"es\",\"@id\":\"https:\/\/www.sonoraenequipo.com.mx\/#\/schema\/logo\/image\/\",\"url\":\"https:\/\/www.sonoraenequipo.com.mx\/storage\/2019\/01\/sonoraenequipo_opt.png\",\"contentUrl\":\"https:\/\/www.sonoraenequipo.com.mx\/storage\/2019\/01\/sonoraenequipo_opt.png\",\"width\":375,\"height\":125,\"caption\":\"Sonoraenequipo.com.mx\"},\"image\":{\"@id\":\"https:\/\/www.sonoraenequipo.com.mx\/#\/schema\/logo\/image\/\"},\"sameAs\":[\"https:\/\/www.facebook.com\/SonoraEE\/\",\"https:\/\/x.com\/sonoraenequipo\",\"https:\/\/www.youtube.com\/channel\/UC338nW-lPEYmJQs4ZABQ1SQ\"]},{\"@type\":\"Person\",\"@id\":\"https:\/\/www.sonoraenequipo.com.mx\/#\/schema\/person\/50102df0fb23a8fa9e8effad8fa81386\",\"name\":\"enequipo\",\"image\":{\"@type\":\"ImageObject\",\"inLanguage\":\"es\",\"@id\":\"https:\/\/www.sonoraenequipo.com.mx\/#\/schema\/person\/image\/\",\"url\":\"https:\/\/secure.gravatar.com\/avatar\/049821681b589dabc0bc20695993ccebb09f5b5d4d790cd9251b97faac7c652b?s=96&d=blank&r=g\",\"contentUrl\":\"https:\/\/secure.gravatar.com\/avatar\/049821681b589dabc0bc20695993ccebb09f5b5d4d790cd9251b97faac7c652b?s=96&d=blank&r=g\",\"caption\":\"enequipo\"},\"sameAs\":[\"https:\/\/www.facebook.com\/SonoraEE\"]}]}<\/script>\n ","yoast_head_json":{"title":"Sonora en Equipo. Universidades piden 17 mil mdp m\u00e1s de presupuesto para 2020 Rep\u00fablica","description":"CIUDAD DE M\u00c9XICO. MX. \u2014 Las universidades p\u00fablicas del pa\u00eds solicitaron a la C\u00e1mara de Diputados una ampliaci\u00f3n presupuestal de m\u00e1s de 17 mil millones de En Sonora en Equipo publicamos toda la informaci\u00f3n de Sonora, M\u00e9xico y el Mundo de manera oportuna y busca que la libertad de expresi\u00f3n sea real. Visita nuestro medio informativo publicado desde Hermosillo, Sonora. %","robots":{"index":"index","follow":"follow","max-snippet":"max-snippet:-1","max-image-preview":"max-image-preview:large","max-video-preview":"max-video-preview:-1"},"canonical":"https:\/\/www.sonoraenequipo.com.mx\/universidades-piden-17-mil-mdp-mas-de-presupuesto-para-2020\/","og_locale":"es_ES","og_type":"article","og_title":"Sonora en Equipo. Universidades piden 17 mil mdp m\u00e1s de presupuesto para 2020 Rep\u00fablica","og_description":"CIUDAD DE M\u00c9XICO. MX. \u2014 Las universidades p\u00fablicas del pa\u00eds solicitaron a la C\u00e1mara de Diputados una ampliaci\u00f3n presupuestal de m\u00e1s de 17 mil millones de En Sonora en Equipo publicamos toda la informaci\u00f3n de Sonora, M\u00e9xico y el Mundo de manera oportuna y busca que la libertad de expresi\u00f3n sea real. Visita nuestro medio informativo publicado desde Hermosillo, Sonora. %","og_url":"https:\/\/www.sonoraenequipo.com.mx\/universidades-piden-17-mil-mdp-mas-de-presupuesto-para-2020\/","og_site_name":"Sonora en Equipo.","article_publisher":"https:\/\/www.facebook.com\/SonoraEE\/","article_author":"https:\/\/www.facebook.com\/SonoraEE","article_published_time":"2019-09-26T00:10:01+00:00","article_modified_time":"2019-09-26T02:49:57+00:00","og_image":[{"width":694,"height":400,"url":"https:\/\/www.sonoraenequipo.com.mx\/storage\/2019\/09\/reunion-diputados-y-anuies_opt.jpg","type":"image\/jpeg"}],"author":"enequipo","twitter_card":"summary_large_image","twitter_creator":"@sonoraenequipo","twitter_site":"@sonoraenequipo","twitter_misc":{"Escrito por":"enequipo","Tiempo de lectura":"3 minutos"},"schema":{"@context":"https:\/\/schema.org","@graph":[{"@type":"Article","@id":"https:\/\/www.sonoraenequipo.com.mx\/universidades-piden-17-mil-mdp-mas-de-presupuesto-para-2020\/#article","isPartOf":{"@id":"https:\/\/www.sonoraenequipo.com.mx\/universidades-piden-17-mil-mdp-mas-de-presupuesto-para-2020\/"},"author":{"name":"enequipo","@id":"https:\/\/www.sonoraenequipo.com.mx\/#\/schema\/person\/50102df0fb23a8fa9e8effad8fa81386"},"headline":"Universidades piden 17 mil mdp m\u00e1s de presupuesto para 2020","datePublished":"2019-09-26T00:10:01+00:00","dateModified":"2019-09-26T02:49:57+00:00","mainEntityOfPage":{"@id":"https:\/\/www.sonoraenequipo.com.mx\/universidades-piden-17-mil-mdp-mas-de-presupuesto-para-2020\/"},"wordCount":635,"commentCount":0,"publisher":{"@id":"https:\/\/www.sonoraenequipo.com.mx\/#organization"},"image":{"@id":"https:\/\/www.sonoraenequipo.com.mx\/universidades-piden-17-mil-mdp-mas-de-presupuesto-para-2020\/#primaryimage"},"thumbnailUrl":"https:\/\/www.sonoraenequipo.com.mx\/storage\/2019\/09\/reunion-diputados-y-anuies_opt.jpg","articleSection":["Rep\u00fablica"],"inLanguage":"es","potentialAction":[{"@type":"CommentAction","name":"Comment","target":["https:\/\/www.sonoraenequipo.com.mx\/universidades-piden-17-mil-mdp-mas-de-presupuesto-para-2020\/#respond"]}]},{"@type":"WebPage","@id":"https:\/\/www.sonoraenequipo.com.mx\/universidades-piden-17-mil-mdp-mas-de-presupuesto-para-2020\/","url":"https:\/\/www.sonoraenequipo.com.mx\/universidades-piden-17-mil-mdp-mas-de-presupuesto-para-2020\/","name":"Sonora en Equipo. Universidades piden 17 mil mdp m\u00e1s de presupuesto para 2020 Rep\u00fablica","isPartOf":{"@id":"https:\/\/www.sonoraenequipo.com.mx\/#website"},"primaryImageOfPage":{"@id":"https:\/\/www.sonoraenequipo.com.mx\/universidades-piden-17-mil-mdp-mas-de-presupuesto-para-2020\/#primaryimage"},"image":{"@id":"https:\/\/www.sonoraenequipo.com.mx\/universidades-piden-17-mil-mdp-mas-de-presupuesto-para-2020\/#primaryimage"},"thumbnailUrl":"https:\/\/www.sonoraenequipo.com.mx\/storage\/2019\/09\/reunion-diputados-y-anuies_opt.jpg","datePublished":"2019-09-26T00:10:01+00:00","dateModified":"2019-09-26T02:49:57+00:00","description":"CIUDAD DE M\u00c9XICO. MX. \u2014 Las universidades p\u00fablicas del pa\u00eds solicitaron a la C\u00e1mara de Diputados una ampliaci\u00f3n presupuestal de m\u00e1s de 17 mil millones de En Sonora en Equipo publicamos toda la informaci\u00f3n de Sonora, M\u00e9xico y el Mundo de manera oportuna y busca que la libertad de expresi\u00f3n sea real. Visita nuestro medio informativo publicado desde Hermosillo, Sonora. %","breadcrumb":{"@id":"https:\/\/www.sonoraenequipo.com.mx\/universidades-piden-17-mil-mdp-mas-de-presupuesto-para-2020\/#breadcrumb"},"inLanguage":"es","potentialAction":[{"@type":"ReadAction","target":["https:\/\/www.sonoraenequipo.com.mx\/universidades-piden-17-mil-mdp-mas-de-presupuesto-para-2020\/"]}]},{"@type":"ImageObject","inLanguage":"es","@id":"https:\/\/www.sonoraenequipo.com.mx\/universidades-piden-17-mil-mdp-mas-de-presupuesto-para-2020\/#primaryimage","url":"https:\/\/www.sonoraenequipo.com.mx\/storage\/2019\/09\/reunion-diputados-y-anuies_opt.jpg","contentUrl":"https:\/\/www.sonoraenequipo.com.mx\/storage\/2019\/09\/reunion-diputados-y-anuies_opt.jpg","width":694,"height":400},{"@type":"BreadcrumbList","@id":"https:\/\/www.sonoraenequipo.com.mx\/universidades-piden-17-mil-mdp-mas-de-presupuesto-para-2020\/#breadcrumb","itemListElement":[{"@type":"ListItem","position":1,"name":"Portada","item":"https:\/\/www.sonoraenequipo.com.mx\/"},{"@type":"ListItem","position":2,"name":"Universidades piden 17 mil mdp m\u00e1s de presupuesto para 2020"}]},{"@type":"WebSite","@id":"https:\/\/www.sonoraenequipo.com.mx\/#website","url":"https:\/\/www.sonoraenequipo.com.mx\/","name":"Sonora en Equipo.","description":"Diario en l\u00ednea con Noticias desde Hermosillo, Sonora","publisher":{"@id":"https:\/\/www.sonoraenequipo.com.mx\/#organization"},"potentialAction":[{"@type":"SearchAction","target":{"@type":"EntryPoint","urlTemplate":"https:\/\/www.sonoraenequipo.com.mx\/?s={search_term_string}"},"query-input":{"@type":"PropertyValueSpecification","valueRequired":true,"valueName":"search_term_string"}}],"inLanguage":"es"},{"@type":"Organization","@id":"https:\/\/www.sonoraenequipo.com.mx\/#organization","name":"Sonoraenequipo.com.mx","url":"https:\/\/www.sonoraenequipo.com.mx\/","logo":{"@type":"ImageObject","inLanguage":"es","@id":"https:\/\/www.sonoraenequipo.com.mx\/#\/schema\/logo\/image\/","url":"https:\/\/www.sonoraenequipo.com.mx\/storage\/2019\/01\/sonoraenequipo_opt.png","contentUrl":"https:\/\/www.sonoraenequipo.com.mx\/storage\/2019\/01\/sonoraenequipo_opt.png","width":375,"height":125,"caption":"Sonoraenequipo.com.mx"},"image":{"@id":"https:\/\/www.sonoraenequipo.com.mx\/#\/schema\/logo\/image\/"},"sameAs":["https:\/\/www.facebook.com\/SonoraEE\/","https:\/\/x.com\/sonoraenequipo","https:\/\/www.youtube.com\/channel\/UC338nW-lPEYmJQs4ZABQ1SQ"]},{"@type":"Person","@id":"https:\/\/www.sonoraenequipo.com.mx\/#\/schema\/person\/50102df0fb23a8fa9e8effad8fa81386","name":"enequipo","image":{"@type":"ImageObject","inLanguage":"es","@id":"https:\/\/www.sonoraenequipo.com.mx\/#\/schema\/person\/image\/","url":"https:\/\/secure.gravatar.com\/avatar\/049821681b589dabc0bc20695993ccebb09f5b5d4d790cd9251b97faac7c652b?s=96&d=blank&r=g","contentUrl":"https:\/\/secure.gravatar.com\/avatar\/049821681b589dabc0bc20695993ccebb09f5b5d4d790cd9251b97faac7c652b?s=96&d=blank&r=g","caption":"enequipo"},"sameAs":["https:\/\/www.facebook.com\/SonoraEE"]}]}},"jetpack_featured_media_url":"https:\/\/www.sonoraenequipo.com.mx\/storage\/2019\/09\/reunion-diputados-y-anuies_opt.jpg","_links":{"self":[{"href":"https:\/\/www.sonoraenequipo.com.mx\/api\/wp\/v2\/posts\/67821","targetHints":{"allow":["GET"]}}],"collection":[{"href":"https:\/\/www.sonoraenequipo.com.mx\/api\/wp\/v2\/posts"}],"about":[{"href":"https:\/\/www.sonoraenequipo.com.mx\/api\/wp\/v2\/types\/post"}],"author":[{"embeddable":true,"href":"https:\/\/www.sonoraenequipo.com.mx\/api\/wp\/v2\/users\/1"}],"replies":[{"embeddable":true,"href":"https:\/\/www.sonoraenequipo.com.mx\/api\/wp\/v2\/comments?post=67821"}],"version-history":[{"count":0,"href":"https:\/\/www.sonoraenequipo.com.mx\/api\/wp\/v2\/posts\/67821\/revisions"}],"wp:featuredmedia":[{"embeddable":true,"href":"https:\/\/www.sonoraenequipo.com.mx\/api\/wp\/v2\/media\/67798"}],"wp:attachment":[{"href":"https:\/\/www.sonoraenequipo.com.mx\/api\/wp\/v2\/media?parent=67821"}],"wp:term":[{"taxonomy":"category","embeddable":true,"href":"https:\/\/www.sonoraenequipo.com.mx\/api\/wp\/v2\/categories?post=67821"},{"taxonomy":"post_tag","embeddable":true,"href":"https:\/\/www.sonoraenequipo.com.mx\/api\/wp\/v2\/tags?post=67821"}],"curies":[{"name":"wp","href":"https:\/\/api.w.org\/{rel}","templated":true}]}}