{"id":67823,"date":"2019-09-25T19:38:32","date_gmt":"2019-09-26T02:38:32","guid":{"rendered":"https:\/\/www.sonoraenequipo.com.mx\/?p=67823"},"modified":"2019-09-25T20:07:00","modified_gmt":"2019-09-26T03:07:00","slug":"gobernadora-solicitara-declaratoria-de-emergencia-por-lluvias","status":"publish","type":"post","link":"https:\/\/www.sonoraenequipo.com.mx\/gobernadora-solicitara-declaratoria-de-emergencia-por-lluvias\/","title":{"rendered":"Gobernadora solicitar\u00e1 declaratoria de emergencia por lluvias"},"content":{"rendered":"<p>HERMOSILLO, SONORA. MX. \u2014\u00a0 Con la instrucci\u00f3n de atender r\u00e1pidamente a los ciudadanos afectados por las lluvias, continuar alerta ante las precipitaciones que se registren y un llamado a la ciudadan\u00eda a atender las recomendaciones de las autoridades, la gobernadora Claudia Pavlovich Arellano encabez\u00f3 la Sesi\u00f3n Permanente del Comit\u00e9 de Operaci\u00f3n de Emergencias (COE).<\/p>\n<p>&nbsp;<\/p>\n<p> <\/p>\n<p>&nbsp;<\/p>\n<p>Acompa\u00f1ada por Miguel Pompa, David Anaya Cooley y Enrique Clausen, secretarios de Gobierno, Seguridad P\u00fablica y de Salud, respectivamente; Isaac Mu\u00f1oz Navarro, comandante de la Cuarta Zona Militar y funcionarios de los tres niveles de gobierno, la mandataria estatal analiz\u00f3 la situaci\u00f3n que prevalece en algunos municipios ante las lluvias que provoca el Frente Fr\u00edo N\u00famero 1 en confluencia con un sistema de baja presi\u00f3n que impacta al estado.<\/p>\n<p>&nbsp;<\/p>\n<p>Durante la reuni\u00f3n del COE, celebrada en el Centro de Control, Comando, Comunicaci\u00f3n, C\u00f3mputo, Coordinaci\u00f3n e Inteligencia (C5i), la gobernadora Pavlovich se enlaz\u00f3 por videollamada con los alcaldes Jes\u00fas Monta\u00f1o Durazo, de Agua Prieta; Eduardo Quiroga Jim\u00e9nez, de Cananea; Francisco Javier Zepeda Munro, de Magdalena de Kino; Javier Francisco Moreno D\u00e1vila, de Santa Ana, Jes\u00fas Renter\u00eda V\u00e1squez, de \u00cdmuris; Jes\u00fas Pujol Irastroza, de Nogales y Gumercindo Ruiz Liz\u00e1rraga, de Pitiquito, a quienes les manifest\u00f3 su respaldo para atender cualquier situaci\u00f3n o emergencia que se presente en sus localidades.<\/p>\n<p>&nbsp;<\/p>\n<p>Les solicit\u00f3, adem\u00e1s, un informe detallado de las afectaciones en sus municipios para realizar la petici\u00f3n de Declaratoria de Emergencia ante la Coordinaci\u00f3n Nacional de Protecci\u00f3n Civil, de ser necesario.<\/p>\n<p>&nbsp;<\/p>\n<p>La mandataria se comunic\u00f3 tambi\u00e9n con \u00d3scar Zepeda Ramos, director general de Protecci\u00f3n Civil Nacional, a fin de detallar las afectaciones que se tienen registradas hasta el momento en los distintos municipios y solicitar el apoyo federal para las regiones que presentan m\u00e1s da\u00f1os en el estado.<\/p>\n<p>&nbsp;<\/p>\n<p>En la sesi\u00f3n permanentemente del CEO se calcul\u00f3 una estimaci\u00f3n preliminar de afectaciones por inundaciones, carreteras da\u00f1adas, derrumbes, casas da\u00f1adas e interrupci\u00f3n de tr\u00e1fico en carreteras por crecidas de arroyos, principalmente en los municipios de Hermosillo (Bah\u00eda de Kino y Suaqui de la Candelaria), Ray\u00f3n, Carb\u00f3, Tubutama y Nogales.<\/p>\n<p>Los municipios de Caborca e \u00cdmuris registraron mayores acumulaciones de agua, con 63 y 54.4 mil\u00edmetros, respectivamente, seguidos de la localidad de Bah\u00eda de Kino, con 42, El Molinito, con 39.7; adem\u00e1s de Magdalena de Kino, con 39.6 y Nogales con 33.4.<\/p>\n<p>&nbsp;<\/p>\n<p>La titular del Ejecutivo Estatal llam\u00f3 a la ciudadan\u00eda en general a no confiarse una vez que las lluvias cesen, ya que es cuando ocurren los accidentes, por lo que le solicit\u00f3 estar al pendiente de las distintas aplicaciones m\u00f3viles del Gobierno del Estado, como <em>\u201cSonora Protege\u201d,<\/em> y de las distintas v\u00edas de comunicaci\u00f3n del Gobierno estatal para seguir las recomendaciones oficiales.<\/p>\n<p>&nbsp;<\/p>\n<p><em>\u201cA trav\u00e9s de Sonora Protege y de todos los instrumentos que tenemos, hacerle llegar a la ciudadan\u00eda que no se conf\u00ede, ha sido mucha lluvia, no en poco tiempo, pero s\u00ed mucha lluvia, e insisto, las paredes de las casas, las paredes de alguna construcci\u00f3n no se derrumban en el momento, se derrumban despu\u00e9s\u201d<\/em>, resalt\u00f3.<\/p>\n<p>&nbsp;<\/p>\n<p>Isaac Mu\u00f1oz Navarro, comandante de la Cuarta Zona Militar, inform\u00f3 a la gobernadora Pavlovich que por parte del Ej\u00e9rcito Mexicano se mantiene activo el plan DN-III-E, en los municipios mayormente afectados, donde en coordinaci\u00f3n con Protecci\u00f3n Civil hace reconocimiento de albergues y asistencia para evacuaci\u00f3n de personas que habiten en zonas de riesgo.<\/p>\n<p>&nbsp;<\/p>\n<p>A trav\u00e9s de las c\u00e1maras instaladas en diversas regiones de la entidad, tambi\u00e9n se monitorearon los distintos municipios como Hermosillo y sus localidades de Bah\u00eda de Kino y comisar\u00eda Miguel Alem\u00e1n; Magdalena de Kino, \u00cdmuris, Santa Ana y Nogales, al ser las zonas donde se registran m\u00e1s lluvias y podr\u00edan presentarse m\u00e1s da\u00f1os.<\/p>\n<p>&nbsp;<\/p>\n<p>Presentes: Sergio \u00c1vila Cece\u00f1a, vocal ejecutivo de la Comisi\u00f3n Estatal del Agua; Alberto Flores Chong, coordinador Estatal de Protecci\u00f3n Civil; Carlos Arias, director general de la Coordinaci\u00f3n Estatal de Protecci\u00f3n Civil; y representantes de dependencias estatales y federales.<\/p>\n<p>(PUBLICADO EL 25\/09\/2019<\/p>\n","protected":false},"excerpt":{"rendered":"<p>HERMOSILLO, SONORA. MX. \u2014\u00a0 Con la instrucci\u00f3n de atender r\u00e1pidamente a los ciudadanos afectados por&#8230;<\/p>\n","protected":false},"author":1,"featured_media":67824,"comment_status":"open","ping_status":"open","sticky":false,"template":"","format":"standard","meta":{"_monsterinsights_skip_tracking":false,"_monsterinsights_sitenote_active":false,"_monsterinsights_sitenote_note":"","_monsterinsights_sitenote_category":0,"footnotes":""},"categories":[22],"tags":[],"class_list":["post"],"yoast_head":" \n<title>Sonora en Equipo. Gobernadora solicitar\u00e1 declaratoria de emergencia por lluvias Sonora<\/title>\n<meta name=\"description\" content=\"HERMOSILLO, SONORA. MX. \u2014\u00a0 Con la instrucci\u00f3n de atender r\u00e1pidamente a los ciudadanos afectados por las lluvias, continuar alerta ante las precipitaciones En Sonora en Equipo publicamos toda la informaci\u00f3n de Sonora, M\u00e9xico y el Mundo de manera oportuna y busca que la libertad de expresi\u00f3n sea real. Visita nuestro medio informativo publicado desde Hermosillo, Sonora. %\" \/>\n<meta name=\"robots\" content=\"index, follow, max-snippet:-1, max-image-preview:large, max-video-preview:-1\" \/>\n<link rel=\"canonical\" href=\"https:\/\/www.sonoraenequipo.com.mx\/gobernadora-solicitara-declaratoria-de-emergencia-por-lluvias\/\" \/>\n<meta property=\"og:locale\" content=\"es_ES\" \/>\n<meta property=\"og:type\" content=\"article\" \/>\n<meta property=\"og:title\" content=\"Sonora en Equipo. Gobernadora solicitar\u00e1 declaratoria de emergencia por lluvias Sonora\" \/>\n<meta property=\"og:description\" content=\"HERMOSILLO, SONORA. MX. \u2014\u00a0 Con la instrucci\u00f3n de atender r\u00e1pidamente a los ciudadanos afectados por las lluvias, continuar alerta ante las precipitaciones En Sonora en Equipo publicamos toda la informaci\u00f3n de Sonora, M\u00e9xico y el Mundo de manera oportuna y busca que la libertad de expresi\u00f3n sea real. Visita nuestro medio informativo publicado desde Hermosillo, Sonora. %\" \/>\n<meta property=\"og:url\" content=\"https:\/\/www.sonoraenequipo.com.mx\/gobernadora-solicitara-declaratoria-de-emergencia-por-lluvias\/\" \/>\n<meta property=\"og:site_name\" content=\"Sonora en Equipo.\" \/>\n<meta property=\"article:publisher\" content=\"https:\/\/www.facebook.com\/SonoraEE\/\" \/>\n<meta property=\"article:author\" content=\"https:\/\/www.facebook.com\/SonoraEE\" \/>\n<meta property=\"article:published_time\" content=\"2019-09-26T02:38:32+00:00\" \/>\n<meta property=\"article:modified_time\" content=\"2019-09-26T03:07:00+00:00\" \/>\n<meta property=\"og:image\" content=\"https:\/\/www.sonoraenequipo.com.mx\/storage\/2019\/09\/sonoraenequipo_opt1.jpg\" \/>\n\t<meta property=\"og:image:width\" content=\"656\" \/>\n\t<meta property=\"og:image:height\" content=\"400\" \/>\n\t<meta property=\"og:image:type\" content=\"image\/jpeg\" \/>\n<meta name=\"author\" content=\"enequipo\" \/>\n<meta name=\"twitter:card\" content=\"summary_large_image\" \/>\n<meta name=\"twitter:creator\" content=\"@sonoraenequipo\" \/>\n<meta name=\"twitter:site\" content=\"@sonoraenequipo\" \/>\n<meta name=\"twitter:label1\" content=\"Escrito por\" \/>\n\t<meta name=\"twitter:data1\" content=\"enequipo\" \/>\n\t<meta name=\"twitter:label2\" content=\"Tiempo de lectura\" \/>\n\t<meta name=\"twitter:data2\" content=\"4 minutos\" \/>\n<script type=\"application\/ld+json\" class=\"yoast-schema-graph\">{\"@context\":\"https:\/\/schema.org\",\"@graph\":[{\"@type\":\"Article\",\"@id\":\"https:\/\/www.sonoraenequipo.com.mx\/gobernadora-solicitara-declaratoria-de-emergencia-por-lluvias\/#article\",\"isPartOf\":{\"@id\":\"https:\/\/www.sonoraenequipo.com.mx\/gobernadora-solicitara-declaratoria-de-emergencia-por-lluvias\/\"},\"author\":{\"name\":\"enequipo\",\"@id\":\"https:\/\/www.sonoraenequipo.com.mx\/#\/schema\/person\/50102df0fb23a8fa9e8effad8fa81386\"},\"headline\":\"Gobernadora solicitar\u00e1 declaratoria de emergencia por lluvias\",\"datePublished\":\"2019-09-26T02:38:32+00:00\",\"dateModified\":\"2019-09-26T03:07:00+00:00\",\"mainEntityOfPage\":{\"@id\":\"https:\/\/www.sonoraenequipo.com.mx\/gobernadora-solicitara-declaratoria-de-emergencia-por-lluvias\/\"},\"wordCount\":727,\"commentCount\":0,\"publisher\":{\"@id\":\"https:\/\/www.sonoraenequipo.com.mx\/#organization\"},\"image\":{\"@id\":\"https:\/\/www.sonoraenequipo.com.mx\/gobernadora-solicitara-declaratoria-de-emergencia-por-lluvias\/#primaryimage\"},\"thumbnailUrl\":\"https:\/\/www.sonoraenequipo.com.mx\/storage\/2019\/09\/sonoraenequipo_opt1.jpg\",\"articleSection\":[\"Sonora\"],\"inLanguage\":\"es\",\"potentialAction\":[{\"@type\":\"CommentAction\",\"name\":\"Comment\",\"target\":[\"https:\/\/www.sonoraenequipo.com.mx\/gobernadora-solicitara-declaratoria-de-emergencia-por-lluvias\/#respond\"]}]},{\"@type\":\"WebPage\",\"@id\":\"https:\/\/www.sonoraenequipo.com.mx\/gobernadora-solicitara-declaratoria-de-emergencia-por-lluvias\/\",\"url\":\"https:\/\/www.sonoraenequipo.com.mx\/gobernadora-solicitara-declaratoria-de-emergencia-por-lluvias\/\",\"name\":\"Sonora en Equipo. Gobernadora solicitar\u00e1 declaratoria de emergencia por lluvias Sonora\",\"isPartOf\":{\"@id\":\"https:\/\/www.sonoraenequipo.com.mx\/#website\"},\"primaryImageOfPage\":{\"@id\":\"https:\/\/www.sonoraenequipo.com.mx\/gobernadora-solicitara-declaratoria-de-emergencia-por-lluvias\/#primaryimage\"},\"image\":{\"@id\":\"https:\/\/www.sonoraenequipo.com.mx\/gobernadora-solicitara-declaratoria-de-emergencia-por-lluvias\/#primaryimage\"},\"thumbnailUrl\":\"https:\/\/www.sonoraenequipo.com.mx\/storage\/2019\/09\/sonoraenequipo_opt1.jpg\",\"datePublished\":\"2019-09-26T02:38:32+00:00\",\"dateModified\":\"2019-09-26T03:07:00+00:00\",\"description\":\"HERMOSILLO, SONORA. MX. \u2014\u00a0 Con la instrucci\u00f3n de atender r\u00e1pidamente a los ciudadanos afectados por las lluvias, continuar alerta ante las precipitaciones En Sonora en Equipo publicamos toda la informaci\u00f3n de Sonora, M\u00e9xico y el Mundo de manera oportuna y busca que la libertad de expresi\u00f3n sea real. Visita nuestro medio informativo publicado desde Hermosillo, Sonora. %\",\"breadcrumb\":{\"@id\":\"https:\/\/www.sonoraenequipo.com.mx\/gobernadora-solicitara-declaratoria-de-emergencia-por-lluvias\/#breadcrumb\"},\"inLanguage\":\"es\",\"potentialAction\":[{\"@type\":\"ReadAction\",\"target\":[\"https:\/\/www.sonoraenequipo.com.mx\/gobernadora-solicitara-declaratoria-de-emergencia-por-lluvias\/\"]}]},{\"@type\":\"ImageObject\",\"inLanguage\":\"es\",\"@id\":\"https:\/\/www.sonoraenequipo.com.mx\/gobernadora-solicitara-declaratoria-de-emergencia-por-lluvias\/#primaryimage\",\"url\":\"https:\/\/www.sonoraenequipo.com.mx\/storage\/2019\/09\/sonoraenequipo_opt1.jpg\",\"contentUrl\":\"https:\/\/www.sonoraenequipo.com.mx\/storage\/2019\/09\/sonoraenequipo_opt1.jpg\",\"width\":656,\"height\":400},{\"@type\":\"BreadcrumbList\",\"@id\":\"https:\/\/www.sonoraenequipo.com.mx\/gobernadora-solicitara-declaratoria-de-emergencia-por-lluvias\/#breadcrumb\",\"itemListElement\":[{\"@type\":\"ListItem\",\"position\":1,\"name\":\"Portada\",\"item\":\"https:\/\/www.sonoraenequipo.com.mx\/\"},{\"@type\":\"ListItem\",\"position\":2,\"name\":\"Gobernadora solicitar\u00e1 declaratoria de emergencia por lluvias\"}]},{\"@type\":\"WebSite\",\"@id\":\"https:\/\/www.sonoraenequipo.com.mx\/#website\",\"url\":\"https:\/\/www.sonoraenequipo.com.mx\/\",\"name\":\"Sonora en Equipo.\",\"description\":\"Diario en l\u00ednea con Noticias desde Hermosillo, Sonora\",\"publisher\":{\"@id\":\"https:\/\/www.sonoraenequipo.com.mx\/#organization\"},\"potentialAction\":[{\"@type\":\"SearchAction\",\"target\":{\"@type\":\"EntryPoint\",\"urlTemplate\":\"https:\/\/www.sonoraenequipo.com.mx\/?s={search_term_string}\"},\"query-input\":{\"@type\":\"PropertyValueSpecification\",\"valueRequired\":true,\"valueName\":\"search_term_string\"}}],\"inLanguage\":\"es\"},{\"@type\":\"Organization\",\"@id\":\"https:\/\/www.sonoraenequipo.com.mx\/#organization\",\"name\":\"Sonoraenequipo.com.mx\",\"url\":\"https:\/\/www.sonoraenequipo.com.mx\/\",\"logo\":{\"@type\":\"ImageObject\",\"inLanguage\":\"es\",\"@id\":\"https:\/\/www.sonoraenequipo.com.mx\/#\/schema\/logo\/image\/\",\"url\":\"https:\/\/www.sonoraenequipo.com.mx\/storage\/2019\/01\/sonoraenequipo_opt.png\",\"contentUrl\":\"https:\/\/www.sonoraenequipo.com.mx\/storage\/2019\/01\/sonoraenequipo_opt.png\",\"width\":375,\"height\":125,\"caption\":\"Sonoraenequipo.com.mx\"},\"image\":{\"@id\":\"https:\/\/www.sonoraenequipo.com.mx\/#\/schema\/logo\/image\/\"},\"sameAs\":[\"https:\/\/www.facebook.com\/SonoraEE\/\",\"https:\/\/x.com\/sonoraenequipo\",\"https:\/\/www.youtube.com\/channel\/UC338nW-lPEYmJQs4ZABQ1SQ\"]},{\"@type\":\"Person\",\"@id\":\"https:\/\/www.sonoraenequipo.com.mx\/#\/schema\/person\/50102df0fb23a8fa9e8effad8fa81386\",\"name\":\"enequipo\",\"image\":{\"@type\":\"ImageObject\",\"inLanguage\":\"es\",\"@id\":\"https:\/\/www.sonoraenequipo.com.mx\/#\/schema\/person\/image\/\",\"url\":\"https:\/\/secure.gravatar.com\/avatar\/049821681b589dabc0bc20695993ccebb09f5b5d4d790cd9251b97faac7c652b?s=96&d=blank&r=g\",\"contentUrl\":\"https:\/\/secure.gravatar.com\/avatar\/049821681b589dabc0bc20695993ccebb09f5b5d4d790cd9251b97faac7c652b?s=96&d=blank&r=g\",\"caption\":\"enequipo\"},\"sameAs\":[\"https:\/\/www.facebook.com\/SonoraEE\"]}]}<\/script>\n ","yoast_head_json":{"title":"Sonora en Equipo. Gobernadora solicitar\u00e1 declaratoria de emergencia por lluvias Sonora","description":"HERMOSILLO, SONORA. MX. \u2014\u00a0 Con la instrucci\u00f3n de atender r\u00e1pidamente a los ciudadanos afectados por las lluvias, continuar alerta ante las precipitaciones En Sonora en Equipo publicamos toda la informaci\u00f3n de Sonora, M\u00e9xico y el Mundo de manera oportuna y busca que la libertad de expresi\u00f3n sea real. Visita nuestro medio informativo publicado desde Hermosillo, Sonora. %","robots":{"index":"index","follow":"follow","max-snippet":"max-snippet:-1","max-image-preview":"max-image-preview:large","max-video-preview":"max-video-preview:-1"},"canonical":"https:\/\/www.sonoraenequipo.com.mx\/gobernadora-solicitara-declaratoria-de-emergencia-por-lluvias\/","og_locale":"es_ES","og_type":"article","og_title":"Sonora en Equipo. Gobernadora solicitar\u00e1 declaratoria de emergencia por lluvias Sonora","og_description":"HERMOSILLO, SONORA. MX. \u2014\u00a0 Con la instrucci\u00f3n de atender r\u00e1pidamente a los ciudadanos afectados por las lluvias, continuar alerta ante las precipitaciones En Sonora en Equipo publicamos toda la informaci\u00f3n de Sonora, M\u00e9xico y el Mundo de manera oportuna y busca que la libertad de expresi\u00f3n sea real. Visita nuestro medio informativo publicado desde Hermosillo, Sonora. %","og_url":"https:\/\/www.sonoraenequipo.com.mx\/gobernadora-solicitara-declaratoria-de-emergencia-por-lluvias\/","og_site_name":"Sonora en Equipo.","article_publisher":"https:\/\/www.facebook.com\/SonoraEE\/","article_author":"https:\/\/www.facebook.com\/SonoraEE","article_published_time":"2019-09-26T02:38:32+00:00","article_modified_time":"2019-09-26T03:07:00+00:00","og_image":[{"width":656,"height":400,"url":"https:\/\/www.sonoraenequipo.com.mx\/storage\/2019\/09\/sonoraenequipo_opt1.jpg","type":"image\/jpeg"}],"author":"enequipo","twitter_card":"summary_large_image","twitter_creator":"@sonoraenequipo","twitter_site":"@sonoraenequipo","twitter_misc":{"Escrito por":"enequipo","Tiempo de lectura":"4 minutos"},"schema":{"@context":"https:\/\/schema.org","@graph":[{"@type":"Article","@id":"https:\/\/www.sonoraenequipo.com.mx\/gobernadora-solicitara-declaratoria-de-emergencia-por-lluvias\/#article","isPartOf":{"@id":"https:\/\/www.sonoraenequipo.com.mx\/gobernadora-solicitara-declaratoria-de-emergencia-por-lluvias\/"},"author":{"name":"enequipo","@id":"https:\/\/www.sonoraenequipo.com.mx\/#\/schema\/person\/50102df0fb23a8fa9e8effad8fa81386"},"headline":"Gobernadora solicitar\u00e1 declaratoria de emergencia por lluvias","datePublished":"2019-09-26T02:38:32+00:00","dateModified":"2019-09-26T03:07:00+00:00","mainEntityOfPage":{"@id":"https:\/\/www.sonoraenequipo.com.mx\/gobernadora-solicitara-declaratoria-de-emergencia-por-lluvias\/"},"wordCount":727,"commentCount":0,"publisher":{"@id":"https:\/\/www.sonoraenequipo.com.mx\/#organization"},"image":{"@id":"https:\/\/www.sonoraenequipo.com.mx\/gobernadora-solicitara-declaratoria-de-emergencia-por-lluvias\/#primaryimage"},"thumbnailUrl":"https:\/\/www.sonoraenequipo.com.mx\/storage\/2019\/09\/sonoraenequipo_opt1.jpg","articleSection":["Sonora"],"inLanguage":"es","potentialAction":[{"@type":"CommentAction","name":"Comment","target":["https:\/\/www.sonoraenequipo.com.mx\/gobernadora-solicitara-declaratoria-de-emergencia-por-lluvias\/#respond"]}]},{"@type":"WebPage","@id":"https:\/\/www.sonoraenequipo.com.mx\/gobernadora-solicitara-declaratoria-de-emergencia-por-lluvias\/","url":"https:\/\/www.sonoraenequipo.com.mx\/gobernadora-solicitara-declaratoria-de-emergencia-por-lluvias\/","name":"Sonora en Equipo. Gobernadora solicitar\u00e1 declaratoria de emergencia por lluvias Sonora","isPartOf":{"@id":"https:\/\/www.sonoraenequipo.com.mx\/#website"},"primaryImageOfPage":{"@id":"https:\/\/www.sonoraenequipo.com.mx\/gobernadora-solicitara-declaratoria-de-emergencia-por-lluvias\/#primaryimage"},"image":{"@id":"https:\/\/www.sonoraenequipo.com.mx\/gobernadora-solicitara-declaratoria-de-emergencia-por-lluvias\/#primaryimage"},"thumbnailUrl":"https:\/\/www.sonoraenequipo.com.mx\/storage\/2019\/09\/sonoraenequipo_opt1.jpg","datePublished":"2019-09-26T02:38:32+00:00","dateModified":"2019-09-26T03:07:00+00:00","description":"HERMOSILLO, SONORA. MX. \u2014\u00a0 Con la instrucci\u00f3n de atender r\u00e1pidamente a los ciudadanos afectados por las lluvias, continuar alerta ante las precipitaciones En Sonora en Equipo publicamos toda la informaci\u00f3n de Sonora, M\u00e9xico y el Mundo de manera oportuna y busca que la libertad de expresi\u00f3n sea real. Visita nuestro medio informativo publicado desde Hermosillo, Sonora. %","breadcrumb":{"@id":"https:\/\/www.sonoraenequipo.com.mx\/gobernadora-solicitara-declaratoria-de-emergencia-por-lluvias\/#breadcrumb"},"inLanguage":"es","potentialAction":[{"@type":"ReadAction","target":["https:\/\/www.sonoraenequipo.com.mx\/gobernadora-solicitara-declaratoria-de-emergencia-por-lluvias\/"]}]},{"@type":"ImageObject","inLanguage":"es","@id":"https:\/\/www.sonoraenequipo.com.mx\/gobernadora-solicitara-declaratoria-de-emergencia-por-lluvias\/#primaryimage","url":"https:\/\/www.sonoraenequipo.com.mx\/storage\/2019\/09\/sonoraenequipo_opt1.jpg","contentUrl":"https:\/\/www.sonoraenequipo.com.mx\/storage\/2019\/09\/sonoraenequipo_opt1.jpg","width":656,"height":400},{"@type":"BreadcrumbList","@id":"https:\/\/www.sonoraenequipo.com.mx\/gobernadora-solicitara-declaratoria-de-emergencia-por-lluvias\/#breadcrumb","itemListElement":[{"@type":"ListItem","position":1,"name":"Portada","item":"https:\/\/www.sonoraenequipo.com.mx\/"},{"@type":"ListItem","position":2,"name":"Gobernadora solicitar\u00e1 declaratoria de emergencia por lluvias"}]},{"@type":"WebSite","@id":"https:\/\/www.sonoraenequipo.com.mx\/#website","url":"https:\/\/www.sonoraenequipo.com.mx\/","name":"Sonora en Equipo.","description":"Diario en l\u00ednea con Noticias desde Hermosillo, Sonora","publisher":{"@id":"https:\/\/www.sonoraenequipo.com.mx\/#organization"},"potentialAction":[{"@type":"SearchAction","target":{"@type":"EntryPoint","urlTemplate":"https:\/\/www.sonoraenequipo.com.mx\/?s={search_term_string}"},"query-input":{"@type":"PropertyValueSpecification","valueRequired":true,"valueName":"search_term_string"}}],"inLanguage":"es"},{"@type":"Organization","@id":"https:\/\/www.sonoraenequipo.com.mx\/#organization","name":"Sonoraenequipo.com.mx","url":"https:\/\/www.sonoraenequipo.com.mx\/","logo":{"@type":"ImageObject","inLanguage":"es","@id":"https:\/\/www.sonoraenequipo.com.mx\/#\/schema\/logo\/image\/","url":"https:\/\/www.sonoraenequipo.com.mx\/storage\/2019\/01\/sonoraenequipo_opt.png","contentUrl":"https:\/\/www.sonoraenequipo.com.mx\/storage\/2019\/01\/sonoraenequipo_opt.png","width":375,"height":125,"caption":"Sonoraenequipo.com.mx"},"image":{"@id":"https:\/\/www.sonoraenequipo.com.mx\/#\/schema\/logo\/image\/"},"sameAs":["https:\/\/www.facebook.com\/SonoraEE\/","https:\/\/x.com\/sonoraenequipo","https:\/\/www.youtube.com\/channel\/UC338nW-lPEYmJQs4ZABQ1SQ"]},{"@type":"Person","@id":"https:\/\/www.sonoraenequipo.com.mx\/#\/schema\/person\/50102df0fb23a8fa9e8effad8fa81386","name":"enequipo","image":{"@type":"ImageObject","inLanguage":"es","@id":"https:\/\/www.sonoraenequipo.com.mx\/#\/schema\/person\/image\/","url":"https:\/\/secure.gravatar.com\/avatar\/049821681b589dabc0bc20695993ccebb09f5b5d4d790cd9251b97faac7c652b?s=96&d=blank&r=g","contentUrl":"https:\/\/secure.gravatar.com\/avatar\/049821681b589dabc0bc20695993ccebb09f5b5d4d790cd9251b97faac7c652b?s=96&d=blank&r=g","caption":"enequipo"},"sameAs":["https:\/\/www.facebook.com\/SonoraEE"]}]}},"jetpack_featured_media_url":"https:\/\/www.sonoraenequipo.com.mx\/storage\/2019\/09\/sonoraenequipo_opt1.jpg","_links":{"self":[{"href":"https:\/\/www.sonoraenequipo.com.mx\/api\/wp\/v2\/posts\/67823","targetHints":{"allow":["GET"]}}],"collection":[{"href":"https:\/\/www.sonoraenequipo.com.mx\/api\/wp\/v2\/posts"}],"about":[{"href":"https:\/\/www.sonoraenequipo.com.mx\/api\/wp\/v2\/types\/post"}],"author":[{"embeddable":true,"href":"https:\/\/www.sonoraenequipo.com.mx\/api\/wp\/v2\/users\/1"}],"replies":[{"embeddable":true,"href":"https:\/\/www.sonoraenequipo.com.mx\/api\/wp\/v2\/comments?post=67823"}],"version-history":[{"count":0,"href":"https:\/\/www.sonoraenequipo.com.mx\/api\/wp\/v2\/posts\/67823\/revisions"}],"wp:featuredmedia":[{"embeddable":true,"href":"https:\/\/www.sonoraenequipo.com.mx\/api\/wp\/v2\/media\/67824"}],"wp:attachment":[{"href":"https:\/\/www.sonoraenequipo.com.mx\/api\/wp\/v2\/media?parent=67823"}],"wp:term":[{"taxonomy":"category","embeddable":true,"href":"https:\/\/www.sonoraenequipo.com.mx\/api\/wp\/v2\/categories?post=67823"},{"taxonomy":"post_tag","embeddable":true,"href":"https:\/\/www.sonoraenequipo.com.mx\/api\/wp\/v2\/tags?post=67823"}],"curies":[{"name":"wp","href":"https:\/\/api.w.org\/{rel}","templated":true}]}}